{"id":2042,"date":"2019-03-01T00:00:00","date_gmt":"2019-03-01T00:00:00","guid":{"rendered":"https:\/\/228news.tg\/index.php\/2019\/03\/01\/alerte-250-personnes-sur-592-ont-trouve-la-mort-par-accident-la-nationale-n-1-au-titre-de-lannee-2018\/"},"modified":"2019-03-01T00:00:00","modified_gmt":"2019-03-01T00:00:00","slug":"alerte-250-personnes-sur-592-ont-trouve-la-mort-par-accident-la-nationale-n-1-au-titre-de-lannee-2018","status":"publish","type":"post","link":"https:\/\/228news.tg\/index.php\/2019\/03\/01\/alerte-250-personnes-sur-592-ont-trouve-la-mort-par-accident-la-nationale-n-1-au-titre-de-lannee-2018\/","title":{"rendered":"Alerte\u00a0: 250 personnes sur 592 ont trouv\u00e9 la mort par accident \u00a0la nationale N\u00b0 1 au titre de l\u2019ann\u00e9e 2018"},"content":{"rendered":"<p>(228NEWS\/ Lom\u00e9, le 1<sup>er<\/sup> mars 2019)- 250 personnes sur 592 ont trouv\u00e9 la mort par accident\u00a0 la nationale N\u00b0 1 au titre de l\u2019ann\u00e9e 2018, tel est l\u2019alarmant bilan s\u00e9curitaire du second semestre de l\u2019ann\u00e9e 2018, dress\u00e9 par le ministre de la s\u00e9curit\u00e9 et de la protection civile, ce vendredi 1<sup>er<\/sup> mars 2019, \u00e0 l\u2019occasion de la journ\u00e9e internationale de la protection civile plac\u00e9e sous le th\u00e8me \u00ab\u00a0la protection de nos enfants, c\u2019est notre responsabilit\u00e9\u00a0\u00bb.<\/p>\n<p>Ce bilan semestriel fait \u00e9tat de 2974 accidents qui ont provoqu\u00e9 4134 bless\u00e9s et 306 morts durant la p\u00e9riode de juillet \u00e0 d\u00e9cembre 2018 et est marqu\u00e9 par un pic de bless\u00e9s en juillet en novembre pour les accidents et pic de morts dans le mois de d\u00e9cembre.<\/p>\n<p>Ce bilan porte \u00e0 7814, le nombre total d\u2019accidents durant l\u2019ann\u00e9e 2018, qui ont entrain\u00e9 592 morts et 7951 bless\u00e9s.<\/p>\n<p>Sur ces accidents, 172 personnes ont trouv\u00e9 la mort par moto, 81 par voiture et 50 par camion. Il est \u00e9galement \u00e0 noter qu\u2019il y a eu plus d\u2019accidents au premier semestre avec plus de bless\u00e9s et de morts qu\u2019au second.<\/p>\n<p>Ces chiffres viennent aussi confirmer la remont\u00e9e spectaculaire des accidents et leurs cons\u00e9quences depuis 2017 apr\u00e8s une grande baisse entre 2015 et 2016.<\/p>\n<p>\u00ab\u00a0Ce n\u2019est pas bon du tout malgr\u00e9 tous les efforts de sensibilisation et de r\u00e9pression. La meilleure mani\u00e8re serait une prise de conscience collective. Il faudrait que chaque citoyen prenne conscience de l\u2019enjeu car on ne meurt pas deux fois. Il faut pr\u00e9server sa vie et celle des autres, en lieu et place de l\u2019imprudence et de l\u2019inconscience professionnelle. Les faits de criminalit\u00e9 au cours de l\u2019ann\u00e9e 2018 sont \u00e9galement \u00e0 prendre en compte.\u00a0\u00bb, a d\u00e9clar\u00e9 Yark Damehame qui promet d\u2019accentuer la sensibilisation et de s\u00e9vir.<\/p>\n<p>Il a exhort\u00e9 tous les citoyens \u00e0 avoir le permis pour les cat\u00e9gories d\u2019engins qu\u2019ils pilotent, au respect du code de la route. En ce qui concerne la criminalit\u00e9, Yark a parl\u00e9 d\u2019un tableau tr\u00e8s mauvais malgr\u00e9 les efforts les forces de s\u00e9curit\u00e9 et de d\u00e9fense. Il a promis multiplier les op\u00e9rations et appel\u00e9 \u00e0 la collaboration des populations, afin de restaurer l\u2019ordre et amener le calme.<\/p>\n<p>La s\u00e9curit\u00e9 doit \u00eatre une coproduction. Les voleurs et braqueurs habitent dans des maisons et vivent dans des familles. Ne pas les d\u00e9noncer est une infraction alors que le constat est qu\u2019\u00e0 partir du moment o\u00f9 l\u2019on ne sent pas victime, l\u2019on ne sent pas concern\u00e9. C\u2019est l\u2019affaire de nous tous. Nous avons besoin de la collaboration de tous\u00a0\u00bb, a-t-il ajout\u00e9.<\/p>\n<p>Dus \u00e0 l\u2019exc\u00e8s de vitesse, l\u2019\u00e9tat d\u2019\u00e9bri\u00e9t\u00e9, le non-respect de la r\u00e9glementation, le maniement du t\u00e9l\u00e9phone portable, le refus de priorit\u00e9, d\u00e9passement d\u00e9fectueux, les cas d\u2019accident les plus graves ont \u00e9t\u00e9 enregistr\u00e9s \u00e0 Sotouboua avec 11 morts et 3 bless\u00e9s suivi d\u2019Atakpam\u00e9 et Gu\u00e9rin-Kouka avec 07 morts et 07 bless\u00e9s.<\/p>\n<p>Pour sa part, la ministre en charge des transports a d\u00e9plor\u00e9 l\u2019absence de panneaux de limitation de vitesse sur nos routes avant de prendre l\u2019engagement de tout mettre en \u0153uvre pour rem\u00e9dier \u00e0 cet \u00e9tat.<\/p>\n<p>\u00ab\u00a0C\u2019est avec beaucoup de stup\u00e9faction que je viens de prendre connaissance des donn\u00e9es qui nous sont pr\u00e9sent\u00e9es. Il est important que nos fr\u00e8res et s\u0153urs de la presse nous aide \u00e0 davantage sensibiliser les populations car un mort est un mort de trop. Nous ambitionnons rendre modernes et praticables nos routes m\u00eame si le constat est quand la route est impraticable, l\u2019on fait plus attention. Il est donc important que les usagers fasse plus attention et fasse appelle \u00e0 toute la concentration possible sur les routes en tant qu\u2019utilisateurs des engins surtout que nous ne sommes pas g\u00e9n\u00e9ralement des fabricants de ces engions en Afrique.\u00a0\u00bb, a-t-elle confi\u00e9.<\/p>\n<p>De mani\u00e8re globale, le second semestre de l\u2019ann\u00e9e 2018 a enregistr\u00e9 plusieurs autres m\u00e9faits qui mettent \u00e0 mal la s\u00e9curit\u00e9 et la protection civile. On peut noter ainsi durant cette p\u00e9riode, 30 faits de braquage dont 24 faits av\u00e9r\u00e9s et 06 tentatives qui ont occasionn\u00e9 8 morts, 41 vols et 02 tentatives de vol, 81 cas de meurtres dont 17 par lynchages, 71 faits de cambriolages dont 69 et 02 tentatives, 05 cas d\u2019enl\u00e8vement dont un suivi d\u2019assassinat dans la pr\u00e9fecture du Golfe (souvent par des populations qui s\u2019expriment en langue peuhl).<\/p>\n<p>Egalement, 36 suicides dont 28 par pendaison, 04 par absorption de produits nuisibles, 03 par arme \u00e0 feu et 01 par arme blanche. Sur cet aspect, il est \u00e0 noter que 84% d\u2019hommes se suicident au Togo. 94 cas de noyage dont 10 dans un puits, 64 par un cours d\u2019eau 09 dans une fosse,\u202608 faits de foudroiement ayant entrain\u00e9 12 morts ont par ailleurs \u00e9t\u00e9 enregistr\u00e9s.<\/p>\n<p>Les saisies de drogues et produits illicites par les forces de s\u00e9curit\u00e9 ne sont pas en marge. Durant le dernier semestre de l\u2019ann\u00e9e, 1443,085 kg de cannabis, 1552,90 kg de coca\u00efne en provenance Br\u00e9sil, 92 kg de Khat provenant de certains pays de l\u2019Afrique de l\u2019Est \u00e0 destination des USA, 5,567 kg de m\u00e9thenph\u00e9tamine, 0,5 kg de substances psychotropes (tramadol,\u2026) et 7487,6 kg de m\u00e9dicaments illicites ont \u00e9t\u00e9 saisis.<\/p>\n<p>Outre ces faits, 05 mosqu\u00e9es et une \u00e9glise ont \u00e9t\u00e9 profan\u00e9es, 123 cadavres d\u00e9couverts portant \u00e0 253 au titre de l\u2019ann\u00e9e.<\/p>\n<p>L\u2019op\u00e9ration \u00ab\u00a0Entonnoir\u00a0\u00bb, pour sa part, a permis de saisir au titre de ce second semestre 307315 litres de carburant saisies.<\/p>\n<p>Les cas de punitions et de sanctions des agents et forces de l\u2019ordre ind\u00e9licats ont \u00e9t\u00e9 aussi pr\u00e9sent\u00e9es \u00e0 l\u2019opinion publique.<\/p>\n<p><strong>D\u00e9mocrate<\/strong><\/p>\n","protected":false},"excerpt":{"rendered":"<p>(228NEWS\/ Lom\u00e9, le 1er mars 2019)- 250 personnes sur 592 ont trouv\u00e9 la mort par accident\u00a0 la nationale N\u00b0 1 au titre de l\u2019ann\u00e9e 2018, tel est l\u2019alarmant bilan s\u00e9curitaire du second semestre de l\u2019ann\u00e9e 2018, dress\u00e9 par le ministre de la s\u00e9curit\u00e9 et de la protection civile, ce vendredi 1er mars 2019, \u00e0 l\u2019occasion &#8230; <a title=\"Alerte\u00a0: 250 personnes sur 592 ont trouv\u00e9 la mort par accident \u00a0la nationale N\u00b0 1 au titre de l\u2019ann\u00e9e 2018\" class=\"read-more\" href=\"https:\/\/228news.tg\/index.php\/2019\/03\/01\/alerte-250-personnes-sur-592-ont-trouve-la-mort-par-accident-la-nationale-n-1-au-titre-de-lannee-2018\/\" aria-label=\"En savoir plus sur Alerte\u00a0: 250 personnes sur 592 ont trouv\u00e9 la mort par accident \u00a0la nationale N\u00b0 1 au titre de l\u2019ann\u00e9e 2018\">Lire la suite<\/a><\/p>\n","protected":false},"author":2,"featured_media":1341,"comment_status":"open","ping_status":"open","sticky":false,"template":"","format":"standard","meta":{"footnotes":""},"categories":[35,29,25,34],"tags":[],"class_list":["post-2042","post","type-post","status-publish","format-standard","has-post-thumbnail","hentry","category-flash","category-societe","category-togo","category-une"],"yoast_head":"<!-- This site is optimized with the Yoast SEO plugin v26.4 - https:\/\/yoast.com\/wordpress\/plugins\/seo\/ -->\n<title>Alerte\u00a0: 250 personnes sur 592 ont trouv\u00e9 la mort par accident \u00a0la nationale N\u00b0 1 au titre de l\u2019ann\u00e9e 2018 - 228 News<\/title>\n<meta name=\"robots\" content=\"index, follow, max-snippet:-1, max-image-preview:large, max-video-preview:-1\" \/>\n<link rel=\"canonical\" href=\"https:\/\/228news.tg\/index.php\/2019\/03\/01\/alerte-250-personnes-sur-592-ont-trouve-la-mort-par-accident-la-nationale-n-1-au-titre-de-lannee-2018\/\" \/>\n<meta property=\"og:locale\" content=\"fr_FR\" \/>\n<meta property=\"og:type\" content=\"article\" \/>\n<meta property=\"og:title\" content=\"Alerte\u00a0: 250 personnes sur 592 ont trouv\u00e9 la mort par accident \u00a0la nationale N\u00b0 1 au titre de l\u2019ann\u00e9e 2018 - 228 News\" \/>\n<meta property=\"og:description\" content=\"(228NEWS\/ Lom\u00e9, le 1er mars 2019)- 250 personnes sur 592 ont trouv\u00e9 la mort par accident\u00a0 la nationale N\u00b0 1 au titre de l\u2019ann\u00e9e 2018, tel est l\u2019alarmant bilan s\u00e9curitaire du second semestre de l\u2019ann\u00e9e 2018, dress\u00e9 par le ministre de la s\u00e9curit\u00e9 et de la protection civile, ce vendredi 1er mars 2019, \u00e0 l\u2019occasion ... Lire la suite\" \/>\n<meta property=\"og:url\" content=\"https:\/\/228news.tg\/index.php\/2019\/03\/01\/alerte-250-personnes-sur-592-ont-trouve-la-mort-par-accident-la-nationale-n-1-au-titre-de-lannee-2018\/\" \/>\n<meta property=\"og:site_name\" content=\"228 News\" \/>\n<meta property=\"article:published_time\" content=\"2019-03-01T00:00:00+00:00\" \/>\n<meta property=\"og:image\" content=\"https:\/\/228news.tg\/wp-content\/uploads\/2024\/09\/hiCAZ.jpg\" \/>\n\t<meta property=\"og:image:width\" content=\"290\" \/>\n\t<meta property=\"og:image:height\" content=\"174\" \/>\n\t<meta property=\"og:image:type\" content=\"image\/jpeg\" \/>\n<meta name=\"author\" content=\"Bienvenu SAVI\" \/>\n<meta name=\"twitter:card\" content=\"summary_large_image\" \/>\n<meta name=\"twitter:label1\" content=\"\u00c9crit par\" \/>\n\t<meta name=\"twitter:data1\" content=\"Bienvenu SAVI\" \/>\n\t<meta name=\"twitter:label2\" content=\"Dur\u00e9e de lecture estim\u00e9e\" \/>\n\t<meta name=\"twitter:data2\" content=\"5 minutes\" \/>\n<script type=\"application\/ld+json\" class=\"yoast-schema-graph\">{\"@context\":\"https:\/\/schema.org\",\"@graph\":[{\"@type\":\"Article\",\"@id\":\"https:\/\/228news.tg\/index.php\/2019\/03\/01\/alerte-250-personnes-sur-592-ont-trouve-la-mort-par-accident-la-nationale-n-1-au-titre-de-lannee-2018\/#article\",\"isPartOf\":{\"@id\":\"https:\/\/228news.tg\/index.php\/2019\/03\/01\/alerte-250-personnes-sur-592-ont-trouve-la-mort-par-accident-la-nationale-n-1-au-titre-de-lannee-2018\/\"},\"author\":{\"name\":\"Bienvenu SAVI\",\"@id\":\"https:\/\/228news.tg\/#\/schema\/person\/68d5a6cc0230290e61235c8379523f52\"},\"headline\":\"Alerte\u00a0: 250 personnes sur 592 ont trouv\u00e9 la mort par accident \u00a0la nationale N\u00b0 1 au titre de l\u2019ann\u00e9e 2018\",\"datePublished\":\"2019-03-01T00:00:00+00:00\",\"mainEntityOfPage\":{\"@id\":\"https:\/\/228news.tg\/index.php\/2019\/03\/01\/alerte-250-personnes-sur-592-ont-trouve-la-mort-par-accident-la-nationale-n-1-au-titre-de-lannee-2018\/\"},\"wordCount\":971,\"commentCount\":0,\"publisher\":{\"@id\":\"https:\/\/228news.tg\/#organization\"},\"image\":{\"@id\":\"https:\/\/228news.tg\/index.php\/2019\/03\/01\/alerte-250-personnes-sur-592-ont-trouve-la-mort-par-accident-la-nationale-n-1-au-titre-de-lannee-2018\/#primaryimage\"},\"thumbnailUrl\":\"https:\/\/228news.tg\/wp-content\/uploads\/2024\/09\/hiCAZ.jpg\",\"articleSection\":[\"Flash\",\"SOCIETE\",\"TOGO\",\"Une\"],\"inLanguage\":\"fr-FR\",\"potentialAction\":[{\"@type\":\"CommentAction\",\"name\":\"Comment\",\"target\":[\"https:\/\/228news.tg\/index.php\/2019\/03\/01\/alerte-250-personnes-sur-592-ont-trouve-la-mort-par-accident-la-nationale-n-1-au-titre-de-lannee-2018\/#respond\"]}]},{\"@type\":\"WebPage\",\"@id\":\"https:\/\/228news.tg\/index.php\/2019\/03\/01\/alerte-250-personnes-sur-592-ont-trouve-la-mort-par-accident-la-nationale-n-1-au-titre-de-lannee-2018\/\",\"url\":\"https:\/\/228news.tg\/index.php\/2019\/03\/01\/alerte-250-personnes-sur-592-ont-trouve-la-mort-par-accident-la-nationale-n-1-au-titre-de-lannee-2018\/\",\"name\":\"Alerte\u00a0: 250 personnes sur 592 ont trouv\u00e9 la mort par accident \u00a0la nationale N\u00b0 1 au titre de l\u2019ann\u00e9e 2018 - 228 News\",\"isPartOf\":{\"@id\":\"https:\/\/228news.tg\/#website\"},\"primaryImageOfPage\":{\"@id\":\"https:\/\/228news.tg\/index.php\/2019\/03\/01\/alerte-250-personnes-sur-592-ont-trouve-la-mort-par-accident-la-nationale-n-1-au-titre-de-lannee-2018\/#primaryimage\"},\"image\":{\"@id\":\"https:\/\/228news.tg\/index.php\/2019\/03\/01\/alerte-250-personnes-sur-592-ont-trouve-la-mort-par-accident-la-nationale-n-1-au-titre-de-lannee-2018\/#primaryimage\"},\"thumbnailUrl\":\"https:\/\/228news.tg\/wp-content\/uploads\/2024\/09\/hiCAZ.jpg\",\"datePublished\":\"2019-03-01T00:00:00+00:00\",\"breadcrumb\":{\"@id\":\"https:\/\/228news.tg\/index.php\/2019\/03\/01\/alerte-250-personnes-sur-592-ont-trouve-la-mort-par-accident-la-nationale-n-1-au-titre-de-lannee-2018\/#breadcrumb\"},\"inLanguage\":\"fr-FR\",\"potentialAction\":[{\"@type\":\"ReadAction\",\"target\":[\"https:\/\/228news.tg\/index.php\/2019\/03\/01\/alerte-250-personnes-sur-592-ont-trouve-la-mort-par-accident-la-nationale-n-1-au-titre-de-lannee-2018\/\"]}]},{\"@type\":\"ImageObject\",\"inLanguage\":\"fr-FR\",\"@id\":\"https:\/\/228news.tg\/index.php\/2019\/03\/01\/alerte-250-personnes-sur-592-ont-trouve-la-mort-par-accident-la-nationale-n-1-au-titre-de-lannee-2018\/#primaryimage\",\"url\":\"https:\/\/228news.tg\/wp-content\/uploads\/2024\/09\/hiCAZ.jpg\",\"contentUrl\":\"https:\/\/228news.tg\/wp-content\/uploads\/2024\/09\/hiCAZ.jpg\",\"width\":290,\"height\":174},{\"@type\":\"BreadcrumbList\",\"@id\":\"https:\/\/228news.tg\/index.php\/2019\/03\/01\/alerte-250-personnes-sur-592-ont-trouve-la-mort-par-accident-la-nationale-n-1-au-titre-de-lannee-2018\/#breadcrumb\",\"itemListElement\":[{\"@type\":\"ListItem\",\"position\":1,\"name\":\"Home\",\"item\":\"https:\/\/228news.tg\/\"},{\"@type\":\"ListItem\",\"position\":2,\"name\":\"Alerte\u00a0: 250 personnes sur 592 ont trouv\u00e9 la mort par accident \u00a0la nationale N\u00b0 1 au titre de l\u2019ann\u00e9e 2018\"}]},{\"@type\":\"WebSite\",\"@id\":\"https:\/\/228news.tg\/#website\",\"url\":\"https:\/\/228news.tg\/\",\"name\":\"228 News\",\"description\":\"Soci\u00e9t\u00e9 de m\u00e9dias et d\u2019actualit\u00e9s\",\"publisher\":{\"@id\":\"https:\/\/228news.tg\/#organization\"},\"potentialAction\":[{\"@type\":\"SearchAction\",\"target\":{\"@type\":\"EntryPoint\",\"urlTemplate\":\"https:\/\/228news.tg\/?s={search_term_string}\"},\"query-input\":{\"@type\":\"PropertyValueSpecification\",\"valueRequired\":true,\"valueName\":\"search_term_string\"}}],\"inLanguage\":\"fr-FR\"},{\"@type\":\"Organization\",\"@id\":\"https:\/\/228news.tg\/#organization\",\"name\":\"228 News\",\"url\":\"https:\/\/228news.tg\/\",\"logo\":{\"@type\":\"ImageObject\",\"inLanguage\":\"fr-FR\",\"@id\":\"https:\/\/228news.tg\/#\/schema\/logo\/image\/\",\"url\":\"https:\/\/228news.tg\/wp-content\/uploads\/2024\/09\/logonew.png\",\"contentUrl\":\"https:\/\/228news.tg\/wp-content\/uploads\/2024\/09\/logonew.png\",\"width\":1640,\"height\":364,\"caption\":\"228 News\"},\"image\":{\"@id\":\"https:\/\/228news.tg\/#\/schema\/logo\/image\/\"}},{\"@type\":\"Person\",\"@id\":\"https:\/\/228news.tg\/#\/schema\/person\/68d5a6cc0230290e61235c8379523f52\",\"name\":\"Bienvenu SAVI\",\"image\":{\"@type\":\"ImageObject\",\"inLanguage\":\"fr-FR\",\"@id\":\"https:\/\/228news.tg\/#\/schema\/person\/image\/\",\"url\":\"https:\/\/secure.gravatar.com\/avatar\/9db91895c559e510509c33a3e9683998458e9b828fac36d5d1aa23f0f2fd369b?s=96&d=mm&r=g\",\"contentUrl\":\"https:\/\/secure.gravatar.com\/avatar\/9db91895c559e510509c33a3e9683998458e9b828fac36d5d1aa23f0f2fd369b?s=96&d=mm&r=g\",\"caption\":\"Bienvenu SAVI\"},\"url\":\"https:\/\/228news.tg\/index.php\/author\/bienvenu\/\"}]}<\/script>\n<!-- \/ Yoast SEO plugin. -->","yoast_head_json":{"title":"Alerte\u00a0: 250 personnes sur 592 ont trouv\u00e9 la mort par accident \u00a0la nationale N\u00b0 1 au titre de l\u2019ann\u00e9e 2018 - 228 News","robots":{"index":"index","follow":"follow","max-snippet":"max-snippet:-1","max-image-preview":"max-image-preview:large","max-video-preview":"max-video-preview:-1"},"canonical":"https:\/\/228news.tg\/index.php\/2019\/03\/01\/alerte-250-personnes-sur-592-ont-trouve-la-mort-par-accident-la-nationale-n-1-au-titre-de-lannee-2018\/","og_locale":"fr_FR","og_type":"article","og_title":"Alerte\u00a0: 250 personnes sur 592 ont trouv\u00e9 la mort par accident \u00a0la nationale N\u00b0 1 au titre de l\u2019ann\u00e9e 2018 - 228 News","og_description":"(228NEWS\/ Lom\u00e9, le 1er mars 2019)- 250 personnes sur 592 ont trouv\u00e9 la mort par accident\u00a0 la nationale N\u00b0 1 au titre de l\u2019ann\u00e9e 2018, tel est l\u2019alarmant bilan s\u00e9curitaire du second semestre de l\u2019ann\u00e9e 2018, dress\u00e9 par le ministre de la s\u00e9curit\u00e9 et de la protection civile, ce vendredi 1er mars 2019, \u00e0 l\u2019occasion ... Lire la suite","og_url":"https:\/\/228news.tg\/index.php\/2019\/03\/01\/alerte-250-personnes-sur-592-ont-trouve-la-mort-par-accident-la-nationale-n-1-au-titre-de-lannee-2018\/","og_site_name":"228 News","article_published_time":"2019-03-01T00:00:00+00:00","og_image":[{"width":290,"height":174,"url":"https:\/\/228news.tg\/wp-content\/uploads\/2024\/09\/hiCAZ.jpg","type":"image\/jpeg"}],"author":"Bienvenu SAVI","twitter_card":"summary_large_image","twitter_misc":{"\u00c9crit par":"Bienvenu SAVI","Dur\u00e9e de lecture estim\u00e9e":"5 minutes"},"schema":{"@context":"https:\/\/schema.org","@graph":[{"@type":"Article","@id":"https:\/\/228news.tg\/index.php\/2019\/03\/01\/alerte-250-personnes-sur-592-ont-trouve-la-mort-par-accident-la-nationale-n-1-au-titre-de-lannee-2018\/#article","isPartOf":{"@id":"https:\/\/228news.tg\/index.php\/2019\/03\/01\/alerte-250-personnes-sur-592-ont-trouve-la-mort-par-accident-la-nationale-n-1-au-titre-de-lannee-2018\/"},"author":{"name":"Bienvenu SAVI","@id":"https:\/\/228news.tg\/#\/schema\/person\/68d5a6cc0230290e61235c8379523f52"},"headline":"Alerte\u00a0: 250 personnes sur 592 ont trouv\u00e9 la mort par accident \u00a0la nationale N\u00b0 1 au titre de l\u2019ann\u00e9e 2018","datePublished":"2019-03-01T00:00:00+00:00","mainEntityOfPage":{"@id":"https:\/\/228news.tg\/index.php\/2019\/03\/01\/alerte-250-personnes-sur-592-ont-trouve-la-mort-par-accident-la-nationale-n-1-au-titre-de-lannee-2018\/"},"wordCount":971,"commentCount":0,"publisher":{"@id":"https:\/\/228news.tg\/#organization"},"image":{"@id":"https:\/\/228news.tg\/index.php\/2019\/03\/01\/alerte-250-personnes-sur-592-ont-trouve-la-mort-par-accident-la-nationale-n-1-au-titre-de-lannee-2018\/#primaryimage"},"thumbnailUrl":"https:\/\/228news.tg\/wp-content\/uploads\/2024\/09\/hiCAZ.jpg","articleSection":["Flash","SOCIETE","TOGO","Une"],"inLanguage":"fr-FR","potentialAction":[{"@type":"CommentAction","name":"Comment","target":["https:\/\/228news.tg\/index.php\/2019\/03\/01\/alerte-250-personnes-sur-592-ont-trouve-la-mort-par-accident-la-nationale-n-1-au-titre-de-lannee-2018\/#respond"]}]},{"@type":"WebPage","@id":"https:\/\/228news.tg\/index.php\/2019\/03\/01\/alerte-250-personnes-sur-592-ont-trouve-la-mort-par-accident-la-nationale-n-1-au-titre-de-lannee-2018\/","url":"https:\/\/228news.tg\/index.php\/2019\/03\/01\/alerte-250-personnes-sur-592-ont-trouve-la-mort-par-accident-la-nationale-n-1-au-titre-de-lannee-2018\/","name":"Alerte\u00a0: 250 personnes sur 592 ont trouv\u00e9 la mort par accident \u00a0la nationale N\u00b0 1 au titre de l\u2019ann\u00e9e 2018 - 228 News","isPartOf":{"@id":"https:\/\/228news.tg\/#website"},"primaryImageOfPage":{"@id":"https:\/\/228news.tg\/index.php\/2019\/03\/01\/alerte-250-personnes-sur-592-ont-trouve-la-mort-par-accident-la-nationale-n-1-au-titre-de-lannee-2018\/#primaryimage"},"image":{"@id":"https:\/\/228news.tg\/index.php\/2019\/03\/01\/alerte-250-personnes-sur-592-ont-trouve-la-mort-par-accident-la-nationale-n-1-au-titre-de-lannee-2018\/#primaryimage"},"thumbnailUrl":"https:\/\/228news.tg\/wp-content\/uploads\/2024\/09\/hiCAZ.jpg","datePublished":"2019-03-01T00:00:00+00:00","breadcrumb":{"@id":"https:\/\/228news.tg\/index.php\/2019\/03\/01\/alerte-250-personnes-sur-592-ont-trouve-la-mort-par-accident-la-nationale-n-1-au-titre-de-lannee-2018\/#breadcrumb"},"inLanguage":"fr-FR","potentialAction":[{"@type":"ReadAction","target":["https:\/\/228news.tg\/index.php\/2019\/03\/01\/alerte-250-personnes-sur-592-ont-trouve-la-mort-par-accident-la-nationale-n-1-au-titre-de-lannee-2018\/"]}]},{"@type":"ImageObject","inLanguage":"fr-FR","@id":"https:\/\/228news.tg\/index.php\/2019\/03\/01\/alerte-250-personnes-sur-592-ont-trouve-la-mort-par-accident-la-nationale-n-1-au-titre-de-lannee-2018\/#primaryimage","url":"https:\/\/228news.tg\/wp-content\/uploads\/2024\/09\/hiCAZ.jpg","contentUrl":"https:\/\/228news.tg\/wp-content\/uploads\/2024\/09\/hiCAZ.jpg","width":290,"height":174},{"@type":"BreadcrumbList","@id":"https:\/\/228news.tg\/index.php\/2019\/03\/01\/alerte-250-personnes-sur-592-ont-trouve-la-mort-par-accident-la-nationale-n-1-au-titre-de-lannee-2018\/#breadcrumb","itemListElement":[{"@type":"ListItem","position":1,"name":"Home","item":"https:\/\/228news.tg\/"},{"@type":"ListItem","position":2,"name":"Alerte\u00a0: 250 personnes sur 592 ont trouv\u00e9 la mort par accident \u00a0la nationale N\u00b0 1 au titre de l\u2019ann\u00e9e 2018"}]},{"@type":"WebSite","@id":"https:\/\/228news.tg\/#website","url":"https:\/\/228news.tg\/","name":"228 News","description":"Soci\u00e9t\u00e9 de m\u00e9dias et d\u2019actualit\u00e9s","publisher":{"@id":"https:\/\/228news.tg\/#organization"},"potentialAction":[{"@type":"SearchAction","target":{"@type":"EntryPoint","urlTemplate":"https:\/\/228news.tg\/?s={search_term_string}"},"query-input":{"@type":"PropertyValueSpecification","valueRequired":true,"valueName":"search_term_string"}}],"inLanguage":"fr-FR"},{"@type":"Organization","@id":"https:\/\/228news.tg\/#organization","name":"228 News","url":"https:\/\/228news.tg\/","logo":{"@type":"ImageObject","inLanguage":"fr-FR","@id":"https:\/\/228news.tg\/#\/schema\/logo\/image\/","url":"https:\/\/228news.tg\/wp-content\/uploads\/2024\/09\/logonew.png","contentUrl":"https:\/\/228news.tg\/wp-content\/uploads\/2024\/09\/logonew.png","width":1640,"height":364,"caption":"228 News"},"image":{"@id":"https:\/\/228news.tg\/#\/schema\/logo\/image\/"}},{"@type":"Person","@id":"https:\/\/228news.tg\/#\/schema\/person\/68d5a6cc0230290e61235c8379523f52","name":"Bienvenu SAVI","image":{"@type":"ImageObject","inLanguage":"fr-FR","@id":"https:\/\/228news.tg\/#\/schema\/person\/image\/","url":"https:\/\/secure.gravatar.com\/avatar\/9db91895c559e510509c33a3e9683998458e9b828fac36d5d1aa23f0f2fd369b?s=96&d=mm&r=g","contentUrl":"https:\/\/secure.gravatar.com\/avatar\/9db91895c559e510509c33a3e9683998458e9b828fac36d5d1aa23f0f2fd369b?s=96&d=mm&r=g","caption":"Bienvenu SAVI"},"url":"https:\/\/228news.tg\/index.php\/author\/bienvenu\/"}]}},"jetpack_featured_media_url":"https:\/\/228news.tg\/wp-content\/uploads\/2024\/09\/hiCAZ.jpg","_links":{"self":[{"href":"https:\/\/228news.tg\/index.php\/wp-json\/wp\/v2\/posts\/2042","targetHints":{"allow":["GET"]}}],"collection":[{"href":"https:\/\/228news.tg\/index.php\/wp-json\/wp\/v2\/posts"}],"about":[{"href":"https:\/\/228news.tg\/index.php\/wp-json\/wp\/v2\/types\/post"}],"author":[{"embeddable":true,"href":"https:\/\/228news.tg\/index.php\/wp-json\/wp\/v2\/users\/2"}],"replies":[{"embeddable":true,"href":"https:\/\/228news.tg\/index.php\/wp-json\/wp\/v2\/comments?post=2042"}],"version-history":[{"count":0,"href":"https:\/\/228news.tg\/index.php\/wp-json\/wp\/v2\/posts\/2042\/revisions"}],"wp:featuredmedia":[{"embeddable":true,"href":"https:\/\/228news.tg\/index.php\/wp-json\/wp\/v2\/media\/1341"}],"wp:attachment":[{"href":"https:\/\/228news.tg\/index.php\/wp-json\/wp\/v2\/media?parent=2042"}],"wp:term":[{"taxonomy":"category","embeddable":true,"href":"https:\/\/228news.tg\/index.php\/wp-json\/wp\/v2\/categories?post=2042"},{"taxonomy":"post_tag","embeddable":true,"href":"https:\/\/228news.tg\/index.php\/wp-json\/wp\/v2\/tags?post=2042"}],"curies":[{"name":"wp","href":"https:\/\/api.w.org\/{rel}","templated":true}]}}