{"id":2040,"date":"2019-03-01T00:00:00","date_gmt":"2019-03-01T00:00:00","guid":{"rendered":"https:\/\/228news.tg\/index.php\/2019\/03\/01\/des-conteneurs-enleves-des-etablissements-scolaires-et-rue-dadidogome-wonyome-segbe-akato-par-la-delegation-speciale-de-la-prefecture-du-golfe\/"},"modified":"2019-03-01T00:00:00","modified_gmt":"2019-03-01T00:00:00","slug":"des-conteneurs-enleves-des-etablissements-scolaires-et-rue-dadidogome-wonyome-segbe-akato-par-la-delegation-speciale-de-la-prefecture-du-golfe","status":"publish","type":"post","link":"https:\/\/228news.tg\/index.php\/2019\/03\/01\/des-conteneurs-enleves-des-etablissements-scolaires-et-rue-dadidogome-wonyome-segbe-akato-par-la-delegation-speciale-de-la-prefecture-du-golfe\/","title":{"rendered":"Des conteneurs enlev\u00e9s des \u00e9tablissements scolaires et rue d\u2019Adidogom\u00e9 Wonyom\u00e9-S\u00e9gb\u00e9-Akato par la d\u00e9l\u00e9gation sp\u00e9ciale de la pr\u00e9fecture du Golfe"},"content":{"rendered":"<p>(228NEWS\/ Lom\u00e9, le 1<sup>er<\/sup> mars 2019)- La D\u00e9l\u00e9gation Sp\u00e9ciale de la Pr\u00e9fecture du Golfe a proc\u00e9d\u00e9 ce jeudi 28 f\u00e9vrier 2019 \u00e0 l\u2019enl\u00e8vement et \u00e0 la d\u00e9molition des conteneurs \u00e0 usage commercial et autres hangars et exploitations commerciaux install\u00e9s dans certains \u00e9tablissements scolaires dans la zone Adidogiom\u00e9 et le long du boulevard Wonyom\u00e9-Segb\u00e9-Akato.<\/p>\n<p>Il s\u2019agit du Lyc\u00e9e technique d\u2019Adidogom\u00e9, du CEG S\u00e9gb\u00e9, Akato, de l\u2019EPP Wonyom\u00e9, qui ont re\u00e7u tour \u00e0 tour la visit\u00e9 de la d\u00e9l\u00e9gation sp\u00e9ciale qui a \u00e9galement d\u00e9truit le long de son parcours les enseignes et panneaux d\u2019annonce mal dispos\u00e9s et anarchiquement pos\u00e9s sur la voie.<\/p>\n<p>Cette op\u00e9ration fait suite \u00e0 de \u00ab\u00a0nombreuses plaintes formul\u00e9es par des parents d\u2019\u00e9l\u00e8ves d\u2019\u00e9coles de la localit\u00e9 qui accusent certains commer\u00e7ants de vendre de l\u2019alcool, des substances nocives et de la drogue \u00e0 leurs enfants\u00a0\u00bb.<\/p>\n<p>Pour le Pr\u00e9sident de la d\u00e9l\u00e9gation sp\u00e9ciale de la pr\u00e9fecture du Golfe, l\u2019honorable Aboka Kossi Agb\u00e9gnigan, \u00ab\u00a0l\u2019\u00e9cole n\u2019est pas un march\u00e9. Les rues doivent \u00eatre a\u00e9r\u00e9es afin que nous ayons une ville qui respire. Ceux qui veulent exercer des activit\u00e9s commerciales ont le choix entre louer des boutiques ou solliciter une place dans les march\u00e9s qui pullulent nos quartiers actuellement\u00a0\u00bb.<\/p>\n<p>Du c\u00f4t\u00e9 de certains commer\u00e7ants, c\u2019est le d\u00e9sarroi et l\u2019incompr\u00e9hension. Une exploitante au niveau de l\u2019EPP Wonyom\u00e9 \u00e0 Adidogom\u00e9 n\u2019a pas cach\u00e9 son m\u00e9contentement et sa tristesse \u00e0 l\u2019issue de son expulsion des lieux.<\/p>\n<p>\u00ab\u00a0Nous sommes ici depuis longtemps et n\u2019avons jamais eu vent de ces histoires de prolif\u00e9ration de la drogue. Expuls\u00e9e, je ne sais quand, ni o\u00f9 je vais trouver un nouvel emplacement afin d\u2019\u00e9couler mes produits et faire des recettes.\u00a0\u00bb, s\u2019est-elle plainte.<\/p>\n<p>Si certains ont voulu au d\u00e9but des actions de d\u00e9gagement, d\u2019enl\u00e8vement et de d\u00e9molition de ces enseignes, conteneurs, hangars et exploitations, d\u2019autres ont par contre collaborer en proc\u00e9dant \u00e0 l\u2019enl\u00e8vement de leurs ouvrages afin que ces derniers ne soient pas endommag\u00e9s par l\u2019op\u00e9ration de la d\u00e9l\u00e9gation sp\u00e9ciale de la pr\u00e9fecture du Golfe.<\/p>\n<p>Ces op\u00e9rations d\u2019assainissement et de maintien du bon ordre dans la pr\u00e9fecture du Golfe se poursuivent la semaine prochaine, a pr\u00e9cis\u00e9 la d\u00e9l\u00e9gation sp\u00e9ciale.<\/p>\n<p><strong>D\u00e9mocrate<\/strong><\/p>\n","protected":false},"excerpt":{"rendered":"<p>(228NEWS\/ Lom\u00e9, le 1er mars 2019)- La D\u00e9l\u00e9gation Sp\u00e9ciale de la Pr\u00e9fecture du Golfe a proc\u00e9d\u00e9 ce jeudi 28 f\u00e9vrier 2019 \u00e0 l\u2019enl\u00e8vement et \u00e0 la d\u00e9molition des conteneurs \u00e0 usage commercial et autres hangars et exploitations commerciaux install\u00e9s dans certains \u00e9tablissements scolaires dans la zone Adidogiom\u00e9 et le long du boulevard Wonyom\u00e9-Segb\u00e9-Akato. Il s\u2019agit &#8230; <a title=\"Des conteneurs enlev\u00e9s des \u00e9tablissements scolaires et rue d\u2019Adidogom\u00e9 Wonyom\u00e9-S\u00e9gb\u00e9-Akato par la d\u00e9l\u00e9gation sp\u00e9ciale de la pr\u00e9fecture du Golfe\" class=\"read-more\" href=\"https:\/\/228news.tg\/index.php\/2019\/03\/01\/des-conteneurs-enleves-des-etablissements-scolaires-et-rue-dadidogome-wonyome-segbe-akato-par-la-delegation-speciale-de-la-prefecture-du-golfe\/\" aria-label=\"En savoir plus sur Des conteneurs enlev\u00e9s des \u00e9tablissements scolaires et rue d\u2019Adidogom\u00e9 Wonyom\u00e9-S\u00e9gb\u00e9-Akato par la d\u00e9l\u00e9gation sp\u00e9ciale de la pr\u00e9fecture du Golfe\">Lire la suite<\/a><\/p>\n","protected":false},"author":2,"featured_media":2041,"comment_status":"open","ping_status":"open","sticky":false,"template":"","format":"standard","meta":{"footnotes":""},"categories":[35,29,25,34],"tags":[],"class_list":["post-2040","post","type-post","status-publish","format-standard","has-post-thumbnail","hentry","category-flash","category-societe","category-togo","category-une"],"yoast_head":"<!-- This site is optimized with the Yoast SEO plugin v26.4 - https:\/\/yoast.com\/wordpress\/plugins\/seo\/ -->\n<title>Des conteneurs enlev\u00e9s des \u00e9tablissements scolaires et rue d\u2019Adidogom\u00e9 Wonyom\u00e9-S\u00e9gb\u00e9-Akato par la d\u00e9l\u00e9gation sp\u00e9ciale de la pr\u00e9fecture du Golfe - 228 News<\/title>\n<meta name=\"robots\" content=\"index, follow, max-snippet:-1, max-image-preview:large, max-video-preview:-1\" \/>\n<link rel=\"canonical\" href=\"https:\/\/228news.tg\/index.php\/2019\/03\/01\/des-conteneurs-enleves-des-etablissements-scolaires-et-rue-dadidogome-wonyome-segbe-akato-par-la-delegation-speciale-de-la-prefecture-du-golfe\/\" \/>\n<meta property=\"og:locale\" content=\"fr_FR\" \/>\n<meta property=\"og:type\" content=\"article\" \/>\n<meta property=\"og:title\" content=\"Des conteneurs enlev\u00e9s des \u00e9tablissements scolaires et rue d\u2019Adidogom\u00e9 Wonyom\u00e9-S\u00e9gb\u00e9-Akato par la d\u00e9l\u00e9gation sp\u00e9ciale de la pr\u00e9fecture du Golfe - 228 News\" \/>\n<meta property=\"og:description\" content=\"(228NEWS\/ Lom\u00e9, le 1er mars 2019)- La D\u00e9l\u00e9gation Sp\u00e9ciale de la Pr\u00e9fecture du Golfe a proc\u00e9d\u00e9 ce jeudi 28 f\u00e9vrier 2019 \u00e0 l\u2019enl\u00e8vement et \u00e0 la d\u00e9molition des conteneurs \u00e0 usage commercial et autres hangars et exploitations commerciaux install\u00e9s dans certains \u00e9tablissements scolaires dans la zone Adidogiom\u00e9 et le long du boulevard Wonyom\u00e9-Segb\u00e9-Akato. Il s\u2019agit ... Lire la suite\" \/>\n<meta property=\"og:url\" content=\"https:\/\/228news.tg\/index.php\/2019\/03\/01\/des-conteneurs-enleves-des-etablissements-scolaires-et-rue-dadidogome-wonyome-segbe-akato-par-la-delegation-speciale-de-la-prefecture-du-golfe\/\" \/>\n<meta property=\"og:site_name\" content=\"228 News\" \/>\n<meta property=\"article:published_time\" content=\"2019-03-01T00:00:00+00:00\" \/>\n<meta property=\"og:image\" content=\"https:\/\/228news.tg\/wp-content\/uploads\/2024\/09\/photo_2019-03-01_22-17-58.jpg\" \/>\n\t<meta property=\"og:image:width\" content=\"1280\" \/>\n\t<meta property=\"og:image:height\" content=\"960\" \/>\n\t<meta property=\"og:image:type\" content=\"image\/jpeg\" \/>\n<meta name=\"author\" content=\"Bienvenu SAVI\" \/>\n<meta name=\"twitter:card\" content=\"summary_large_image\" \/>\n<meta name=\"twitter:label1\" content=\"\u00c9crit par\" \/>\n\t<meta name=\"twitter:data1\" content=\"Bienvenu SAVI\" \/>\n\t<meta name=\"twitter:label2\" content=\"Dur\u00e9e de lecture estim\u00e9e\" \/>\n\t<meta name=\"twitter:data2\" content=\"2 minutes\" \/>\n<script type=\"application\/ld+json\" class=\"yoast-schema-graph\">{\"@context\":\"https:\/\/schema.org\",\"@graph\":[{\"@type\":\"Article\",\"@id\":\"https:\/\/228news.tg\/index.php\/2019\/03\/01\/des-conteneurs-enleves-des-etablissements-scolaires-et-rue-dadidogome-wonyome-segbe-akato-par-la-delegation-speciale-de-la-prefecture-du-golfe\/#article\",\"isPartOf\":{\"@id\":\"https:\/\/228news.tg\/index.php\/2019\/03\/01\/des-conteneurs-enleves-des-etablissements-scolaires-et-rue-dadidogome-wonyome-segbe-akato-par-la-delegation-speciale-de-la-prefecture-du-golfe\/\"},\"author\":{\"name\":\"Bienvenu SAVI\",\"@id\":\"https:\/\/228news.tg\/#\/schema\/person\/68d5a6cc0230290e61235c8379523f52\"},\"headline\":\"Des conteneurs enlev\u00e9s des \u00e9tablissements scolaires et rue d\u2019Adidogom\u00e9 Wonyom\u00e9-S\u00e9gb\u00e9-Akato par la d\u00e9l\u00e9gation sp\u00e9ciale de la pr\u00e9fecture du Golfe\",\"datePublished\":\"2019-03-01T00:00:00+00:00\",\"mainEntityOfPage\":{\"@id\":\"https:\/\/228news.tg\/index.php\/2019\/03\/01\/des-conteneurs-enleves-des-etablissements-scolaires-et-rue-dadidogome-wonyome-segbe-akato-par-la-delegation-speciale-de-la-prefecture-du-golfe\/\"},\"wordCount\":448,\"commentCount\":0,\"publisher\":{\"@id\":\"https:\/\/228news.tg\/#organization\"},\"image\":{\"@id\":\"https:\/\/228news.tg\/index.php\/2019\/03\/01\/des-conteneurs-enleves-des-etablissements-scolaires-et-rue-dadidogome-wonyome-segbe-akato-par-la-delegation-speciale-de-la-prefecture-du-golfe\/#primaryimage\"},\"thumbnailUrl\":\"https:\/\/228news.tg\/wp-content\/uploads\/2024\/09\/photo_2019-03-01_22-17-58.jpg\",\"articleSection\":[\"Flash\",\"SOCIETE\",\"TOGO\",\"Une\"],\"inLanguage\":\"fr-FR\",\"potentialAction\":[{\"@type\":\"CommentAction\",\"name\":\"Comment\",\"target\":[\"https:\/\/228news.tg\/index.php\/2019\/03\/01\/des-conteneurs-enleves-des-etablissements-scolaires-et-rue-dadidogome-wonyome-segbe-akato-par-la-delegation-speciale-de-la-prefecture-du-golfe\/#respond\"]}]},{\"@type\":\"WebPage\",\"@id\":\"https:\/\/228news.tg\/index.php\/2019\/03\/01\/des-conteneurs-enleves-des-etablissements-scolaires-et-rue-dadidogome-wonyome-segbe-akato-par-la-delegation-speciale-de-la-prefecture-du-golfe\/\",\"url\":\"https:\/\/228news.tg\/index.php\/2019\/03\/01\/des-conteneurs-enleves-des-etablissements-scolaires-et-rue-dadidogome-wonyome-segbe-akato-par-la-delegation-speciale-de-la-prefecture-du-golfe\/\",\"name\":\"Des conteneurs enlev\u00e9s des \u00e9tablissements scolaires et rue d\u2019Adidogom\u00e9 Wonyom\u00e9-S\u00e9gb\u00e9-Akato par la d\u00e9l\u00e9gation sp\u00e9ciale de la pr\u00e9fecture du Golfe - 228 News\",\"isPartOf\":{\"@id\":\"https:\/\/228news.tg\/#website\"},\"primaryImageOfPage\":{\"@id\":\"https:\/\/228news.tg\/index.php\/2019\/03\/01\/des-conteneurs-enleves-des-etablissements-scolaires-et-rue-dadidogome-wonyome-segbe-akato-par-la-delegation-speciale-de-la-prefecture-du-golfe\/#primaryimage\"},\"image\":{\"@id\":\"https:\/\/228news.tg\/index.php\/2019\/03\/01\/des-conteneurs-enleves-des-etablissements-scolaires-et-rue-dadidogome-wonyome-segbe-akato-par-la-delegation-speciale-de-la-prefecture-du-golfe\/#primaryimage\"},\"thumbnailUrl\":\"https:\/\/228news.tg\/wp-content\/uploads\/2024\/09\/photo_2019-03-01_22-17-58.jpg\",\"datePublished\":\"2019-03-01T00:00:00+00:00\",\"breadcrumb\":{\"@id\":\"https:\/\/228news.tg\/index.php\/2019\/03\/01\/des-conteneurs-enleves-des-etablissements-scolaires-et-rue-dadidogome-wonyome-segbe-akato-par-la-delegation-speciale-de-la-prefecture-du-golfe\/#breadcrumb\"},\"inLanguage\":\"fr-FR\",\"potentialAction\":[{\"@type\":\"ReadAction\",\"target\":[\"https:\/\/228news.tg\/index.php\/2019\/03\/01\/des-conteneurs-enleves-des-etablissements-scolaires-et-rue-dadidogome-wonyome-segbe-akato-par-la-delegation-speciale-de-la-prefecture-du-golfe\/\"]}]},{\"@type\":\"ImageObject\",\"inLanguage\":\"fr-FR\",\"@id\":\"https:\/\/228news.tg\/index.php\/2019\/03\/01\/des-conteneurs-enleves-des-etablissements-scolaires-et-rue-dadidogome-wonyome-segbe-akato-par-la-delegation-speciale-de-la-prefecture-du-golfe\/#primaryimage\",\"url\":\"https:\/\/228news.tg\/wp-content\/uploads\/2024\/09\/photo_2019-03-01_22-17-58.jpg\",\"contentUrl\":\"https:\/\/228news.tg\/wp-content\/uploads\/2024\/09\/photo_2019-03-01_22-17-58.jpg\",\"width\":1280,\"height\":960},{\"@type\":\"BreadcrumbList\",\"@id\":\"https:\/\/228news.tg\/index.php\/2019\/03\/01\/des-conteneurs-enleves-des-etablissements-scolaires-et-rue-dadidogome-wonyome-segbe-akato-par-la-delegation-speciale-de-la-prefecture-du-golfe\/#breadcrumb\",\"itemListElement\":[{\"@type\":\"ListItem\",\"position\":1,\"name\":\"Home\",\"item\":\"https:\/\/228news.tg\/\"},{\"@type\":\"ListItem\",\"position\":2,\"name\":\"Des conteneurs enlev\u00e9s des \u00e9tablissements scolaires et rue d\u2019Adidogom\u00e9 Wonyom\u00e9-S\u00e9gb\u00e9-Akato par la d\u00e9l\u00e9gation sp\u00e9ciale de la pr\u00e9fecture du Golfe\"}]},{\"@type\":\"WebSite\",\"@id\":\"https:\/\/228news.tg\/#website\",\"url\":\"https:\/\/228news.tg\/\",\"name\":\"228 News\",\"description\":\"Soci\u00e9t\u00e9 de m\u00e9dias et d\u2019actualit\u00e9s\",\"publisher\":{\"@id\":\"https:\/\/228news.tg\/#organization\"},\"potentialAction\":[{\"@type\":\"SearchAction\",\"target\":{\"@type\":\"EntryPoint\",\"urlTemplate\":\"https:\/\/228news.tg\/?s={search_term_string}\"},\"query-input\":{\"@type\":\"PropertyValueSpecification\",\"valueRequired\":true,\"valueName\":\"search_term_string\"}}],\"inLanguage\":\"fr-FR\"},{\"@type\":\"Organization\",\"@id\":\"https:\/\/228news.tg\/#organization\",\"name\":\"228 News\",\"url\":\"https:\/\/228news.tg\/\",\"logo\":{\"@type\":\"ImageObject\",\"inLanguage\":\"fr-FR\",\"@id\":\"https:\/\/228news.tg\/#\/schema\/logo\/image\/\",\"url\":\"https:\/\/228news.tg\/wp-content\/uploads\/2024\/09\/logonew.png\",\"contentUrl\":\"https:\/\/228news.tg\/wp-content\/uploads\/2024\/09\/logonew.png\",\"width\":1640,\"height\":364,\"caption\":\"228 News\"},\"image\":{\"@id\":\"https:\/\/228news.tg\/#\/schema\/logo\/image\/\"}},{\"@type\":\"Person\",\"@id\":\"https:\/\/228news.tg\/#\/schema\/person\/68d5a6cc0230290e61235c8379523f52\",\"name\":\"Bienvenu SAVI\",\"image\":{\"@type\":\"ImageObject\",\"inLanguage\":\"fr-FR\",\"@id\":\"https:\/\/228news.tg\/#\/schema\/person\/image\/\",\"url\":\"https:\/\/secure.gravatar.com\/avatar\/9db91895c559e510509c33a3e9683998458e9b828fac36d5d1aa23f0f2fd369b?s=96&d=mm&r=g\",\"contentUrl\":\"https:\/\/secure.gravatar.com\/avatar\/9db91895c559e510509c33a3e9683998458e9b828fac36d5d1aa23f0f2fd369b?s=96&d=mm&r=g\",\"caption\":\"Bienvenu SAVI\"},\"url\":\"https:\/\/228news.tg\/index.php\/author\/bienvenu\/\"}]}<\/script>\n<!-- \/ Yoast SEO plugin. -->","yoast_head_json":{"title":"Des conteneurs enlev\u00e9s des \u00e9tablissements scolaires et rue d\u2019Adidogom\u00e9 Wonyom\u00e9-S\u00e9gb\u00e9-Akato par la d\u00e9l\u00e9gation sp\u00e9ciale de la pr\u00e9fecture du Golfe - 228 News","robots":{"index":"index","follow":"follow","max-snippet":"max-snippet:-1","max-image-preview":"max-image-preview:large","max-video-preview":"max-video-preview:-1"},"canonical":"https:\/\/228news.tg\/index.php\/2019\/03\/01\/des-conteneurs-enleves-des-etablissements-scolaires-et-rue-dadidogome-wonyome-segbe-akato-par-la-delegation-speciale-de-la-prefecture-du-golfe\/","og_locale":"fr_FR","og_type":"article","og_title":"Des conteneurs enlev\u00e9s des \u00e9tablissements scolaires et rue d\u2019Adidogom\u00e9 Wonyom\u00e9-S\u00e9gb\u00e9-Akato par la d\u00e9l\u00e9gation sp\u00e9ciale de la pr\u00e9fecture du Golfe - 228 News","og_description":"(228NEWS\/ Lom\u00e9, le 1er mars 2019)- La D\u00e9l\u00e9gation Sp\u00e9ciale de la Pr\u00e9fecture du Golfe a proc\u00e9d\u00e9 ce jeudi 28 f\u00e9vrier 2019 \u00e0 l\u2019enl\u00e8vement et \u00e0 la d\u00e9molition des conteneurs \u00e0 usage commercial et autres hangars et exploitations commerciaux install\u00e9s dans certains \u00e9tablissements scolaires dans la zone Adidogiom\u00e9 et le long du boulevard Wonyom\u00e9-Segb\u00e9-Akato. Il s\u2019agit ... Lire la suite","og_url":"https:\/\/228news.tg\/index.php\/2019\/03\/01\/des-conteneurs-enleves-des-etablissements-scolaires-et-rue-dadidogome-wonyome-segbe-akato-par-la-delegation-speciale-de-la-prefecture-du-golfe\/","og_site_name":"228 News","article_published_time":"2019-03-01T00:00:00+00:00","og_image":[{"width":1280,"height":960,"url":"https:\/\/228news.tg\/wp-content\/uploads\/2024\/09\/photo_2019-03-01_22-17-58.jpg","type":"image\/jpeg"}],"author":"Bienvenu SAVI","twitter_card":"summary_large_image","twitter_misc":{"\u00c9crit par":"Bienvenu SAVI","Dur\u00e9e de lecture estim\u00e9e":"2 minutes"},"schema":{"@context":"https:\/\/schema.org","@graph":[{"@type":"Article","@id":"https:\/\/228news.tg\/index.php\/2019\/03\/01\/des-conteneurs-enleves-des-etablissements-scolaires-et-rue-dadidogome-wonyome-segbe-akato-par-la-delegation-speciale-de-la-prefecture-du-golfe\/#article","isPartOf":{"@id":"https:\/\/228news.tg\/index.php\/2019\/03\/01\/des-conteneurs-enleves-des-etablissements-scolaires-et-rue-dadidogome-wonyome-segbe-akato-par-la-delegation-speciale-de-la-prefecture-du-golfe\/"},"author":{"name":"Bienvenu SAVI","@id":"https:\/\/228news.tg\/#\/schema\/person\/68d5a6cc0230290e61235c8379523f52"},"headline":"Des conteneurs enlev\u00e9s des \u00e9tablissements scolaires et rue d\u2019Adidogom\u00e9 Wonyom\u00e9-S\u00e9gb\u00e9-Akato par la d\u00e9l\u00e9gation sp\u00e9ciale de la pr\u00e9fecture du Golfe","datePublished":"2019-03-01T00:00:00+00:00","mainEntityOfPage":{"@id":"https:\/\/228news.tg\/index.php\/2019\/03\/01\/des-conteneurs-enleves-des-etablissements-scolaires-et-rue-dadidogome-wonyome-segbe-akato-par-la-delegation-speciale-de-la-prefecture-du-golfe\/"},"wordCount":448,"commentCount":0,"publisher":{"@id":"https:\/\/228news.tg\/#organization"},"image":{"@id":"https:\/\/228news.tg\/index.php\/2019\/03\/01\/des-conteneurs-enleves-des-etablissements-scolaires-et-rue-dadidogome-wonyome-segbe-akato-par-la-delegation-speciale-de-la-prefecture-du-golfe\/#primaryimage"},"thumbnailUrl":"https:\/\/228news.tg\/wp-content\/uploads\/2024\/09\/photo_2019-03-01_22-17-58.jpg","articleSection":["Flash","SOCIETE","TOGO","Une"],"inLanguage":"fr-FR","potentialAction":[{"@type":"CommentAction","name":"Comment","target":["https:\/\/228news.tg\/index.php\/2019\/03\/01\/des-conteneurs-enleves-des-etablissements-scolaires-et-rue-dadidogome-wonyome-segbe-akato-par-la-delegation-speciale-de-la-prefecture-du-golfe\/#respond"]}]},{"@type":"WebPage","@id":"https:\/\/228news.tg\/index.php\/2019\/03\/01\/des-conteneurs-enleves-des-etablissements-scolaires-et-rue-dadidogome-wonyome-segbe-akato-par-la-delegation-speciale-de-la-prefecture-du-golfe\/","url":"https:\/\/228news.tg\/index.php\/2019\/03\/01\/des-conteneurs-enleves-des-etablissements-scolaires-et-rue-dadidogome-wonyome-segbe-akato-par-la-delegation-speciale-de-la-prefecture-du-golfe\/","name":"Des conteneurs enlev\u00e9s des \u00e9tablissements scolaires et rue d\u2019Adidogom\u00e9 Wonyom\u00e9-S\u00e9gb\u00e9-Akato par la d\u00e9l\u00e9gation sp\u00e9ciale de la pr\u00e9fecture du Golfe - 228 News","isPartOf":{"@id":"https:\/\/228news.tg\/#website"},"primaryImageOfPage":{"@id":"https:\/\/228news.tg\/index.php\/2019\/03\/01\/des-conteneurs-enleves-des-etablissements-scolaires-et-rue-dadidogome-wonyome-segbe-akato-par-la-delegation-speciale-de-la-prefecture-du-golfe\/#primaryimage"},"image":{"@id":"https:\/\/228news.tg\/index.php\/2019\/03\/01\/des-conteneurs-enleves-des-etablissements-scolaires-et-rue-dadidogome-wonyome-segbe-akato-par-la-delegation-speciale-de-la-prefecture-du-golfe\/#primaryimage"},"thumbnailUrl":"https:\/\/228news.tg\/wp-content\/uploads\/2024\/09\/photo_2019-03-01_22-17-58.jpg","datePublished":"2019-03-01T00:00:00+00:00","breadcrumb":{"@id":"https:\/\/228news.tg\/index.php\/2019\/03\/01\/des-conteneurs-enleves-des-etablissements-scolaires-et-rue-dadidogome-wonyome-segbe-akato-par-la-delegation-speciale-de-la-prefecture-du-golfe\/#breadcrumb"},"inLanguage":"fr-FR","potentialAction":[{"@type":"ReadAction","target":["https:\/\/228news.tg\/index.php\/2019\/03\/01\/des-conteneurs-enleves-des-etablissements-scolaires-et-rue-dadidogome-wonyome-segbe-akato-par-la-delegation-speciale-de-la-prefecture-du-golfe\/"]}]},{"@type":"ImageObject","inLanguage":"fr-FR","@id":"https:\/\/228news.tg\/index.php\/2019\/03\/01\/des-conteneurs-enleves-des-etablissements-scolaires-et-rue-dadidogome-wonyome-segbe-akato-par-la-delegation-speciale-de-la-prefecture-du-golfe\/#primaryimage","url":"https:\/\/228news.tg\/wp-content\/uploads\/2024\/09\/photo_2019-03-01_22-17-58.jpg","contentUrl":"https:\/\/228news.tg\/wp-content\/uploads\/2024\/09\/photo_2019-03-01_22-17-58.jpg","width":1280,"height":960},{"@type":"BreadcrumbList","@id":"https:\/\/228news.tg\/index.php\/2019\/03\/01\/des-conteneurs-enleves-des-etablissements-scolaires-et-rue-dadidogome-wonyome-segbe-akato-par-la-delegation-speciale-de-la-prefecture-du-golfe\/#breadcrumb","itemListElement":[{"@type":"ListItem","position":1,"name":"Home","item":"https:\/\/228news.tg\/"},{"@type":"ListItem","position":2,"name":"Des conteneurs enlev\u00e9s des \u00e9tablissements scolaires et rue d\u2019Adidogom\u00e9 Wonyom\u00e9-S\u00e9gb\u00e9-Akato par la d\u00e9l\u00e9gation sp\u00e9ciale de la pr\u00e9fecture du Golfe"}]},{"@type":"WebSite","@id":"https:\/\/228news.tg\/#website","url":"https:\/\/228news.tg\/","name":"228 News","description":"Soci\u00e9t\u00e9 de m\u00e9dias et d\u2019actualit\u00e9s","publisher":{"@id":"https:\/\/228news.tg\/#organization"},"potentialAction":[{"@type":"SearchAction","target":{"@type":"EntryPoint","urlTemplate":"https:\/\/228news.tg\/?s={search_term_string}"},"query-input":{"@type":"PropertyValueSpecification","valueRequired":true,"valueName":"search_term_string"}}],"inLanguage":"fr-FR"},{"@type":"Organization","@id":"https:\/\/228news.tg\/#organization","name":"228 News","url":"https:\/\/228news.tg\/","logo":{"@type":"ImageObject","inLanguage":"fr-FR","@id":"https:\/\/228news.tg\/#\/schema\/logo\/image\/","url":"https:\/\/228news.tg\/wp-content\/uploads\/2024\/09\/logonew.png","contentUrl":"https:\/\/228news.tg\/wp-content\/uploads\/2024\/09\/logonew.png","width":1640,"height":364,"caption":"228 News"},"image":{"@id":"https:\/\/228news.tg\/#\/schema\/logo\/image\/"}},{"@type":"Person","@id":"https:\/\/228news.tg\/#\/schema\/person\/68d5a6cc0230290e61235c8379523f52","name":"Bienvenu SAVI","image":{"@type":"ImageObject","inLanguage":"fr-FR","@id":"https:\/\/228news.tg\/#\/schema\/person\/image\/","url":"https:\/\/secure.gravatar.com\/avatar\/9db91895c559e510509c33a3e9683998458e9b828fac36d5d1aa23f0f2fd369b?s=96&d=mm&r=g","contentUrl":"https:\/\/secure.gravatar.com\/avatar\/9db91895c559e510509c33a3e9683998458e9b828fac36d5d1aa23f0f2fd369b?s=96&d=mm&r=g","caption":"Bienvenu SAVI"},"url":"https:\/\/228news.tg\/index.php\/author\/bienvenu\/"}]}},"jetpack_featured_media_url":"https:\/\/228news.tg\/wp-content\/uploads\/2024\/09\/photo_2019-03-01_22-17-58.jpg","_links":{"self":[{"href":"https:\/\/228news.tg\/index.php\/wp-json\/wp\/v2\/posts\/2040","targetHints":{"allow":["GET"]}}],"collection":[{"href":"https:\/\/228news.tg\/index.php\/wp-json\/wp\/v2\/posts"}],"about":[{"href":"https:\/\/228news.tg\/index.php\/wp-json\/wp\/v2\/types\/post"}],"author":[{"embeddable":true,"href":"https:\/\/228news.tg\/index.php\/wp-json\/wp\/v2\/users\/2"}],"replies":[{"embeddable":true,"href":"https:\/\/228news.tg\/index.php\/wp-json\/wp\/v2\/comments?post=2040"}],"version-history":[{"count":0,"href":"https:\/\/228news.tg\/index.php\/wp-json\/wp\/v2\/posts\/2040\/revisions"}],"wp:featuredmedia":[{"embeddable":true,"href":"https:\/\/228news.tg\/index.php\/wp-json\/wp\/v2\/media\/2041"}],"wp:attachment":[{"href":"https:\/\/228news.tg\/index.php\/wp-json\/wp\/v2\/media?parent=2040"}],"wp:term":[{"taxonomy":"category","embeddable":true,"href":"https:\/\/228news.tg\/index.php\/wp-json\/wp\/v2\/categories?post=2040"},{"taxonomy":"post_tag","embeddable":true,"href":"https:\/\/228news.tg\/index.php\/wp-json\/wp\/v2\/tags?post=2040"}],"curies":[{"name":"wp","href":"https:\/\/api.w.org\/{rel}","templated":true}]}}