{"id":2019,"date":"2019-02-21T00:00:00","date_gmt":"2019-02-21T00:00:00","guid":{"rendered":"https:\/\/228news.tg\/index.php\/2019\/02\/21\/office-togolais-des-recettes-philipe-kokou-tchodie-prend-fonction\/"},"modified":"2019-02-21T00:00:00","modified_gmt":"2019-02-21T00:00:00","slug":"office-togolais-des-recettes-philipe-kokou-tchodie-prend-fonction","status":"publish","type":"post","link":"https:\/\/228news.tg\/index.php\/2019\/02\/21\/office-togolais-des-recettes-philipe-kokou-tchodie-prend-fonction\/","title":{"rendered":"Office Togolais des Recettes: Philipe Kokou Tchodi\u00e9 prend fonction"},"content":{"rendered":"<p>(228NEWS\/ Lom\u00e9, le 21 f\u00e9vrier 2019)- Phillipe Kokou Tchodi\u00e9 a pris les rennes de l&rsquo;Office Togolais des Recettes (OTR) ce jeudi 21 f\u00e9vrier 2019 des mains du colonel Ad\u00e9dz\u00e9 Kodzo, ministre en charge du commerce et d\u00e9sormais ex commissaire g\u00e9n\u00e9ral par int\u00e9rim de l&rsquo;institution.<\/p>\n<p>C&rsquo;\u00e9tait au cours d&rsquo;une c\u00e9r\u00e9monie de passation de charges pr\u00e9sid\u00e9e par Sani Yaya, ministre de l&rsquo;\u00e9conomie et des finances qui, en pr\u00e9sence du nouveau commissaire des douanes et droits indirects, du commissaire des imp\u00f4ts, ainsi que des directeurs de divisions de l&rsquo;OTR, a rendu hommage au concepteur de ce bel instrument qu&rsquo;est l&rsquo;OTR qu&rsquo;est le chef de l&rsquo;\u00c9tat, sa vision et son courage pour l&rsquo;initiation de cette r\u00e9forme dans un pays francophone dont la tradition serait port\u00e9e \u00e0 s\u00e9parer la douane des imp\u00f4ts et du tr\u00e9sor.<\/p>\n<p>Au cours de la c\u00e9r\u00e9monie, le commissaire g\u00e9n\u00e9ral sortant, a t\u00e9moign\u00e9 sa d\u00e9f\u00e9rente reconnaissance au chef de l&rsquo;\u00c9tat ainsi qu&rsquo;au ministre de l&rsquo;\u00e9conomie et des finances pour leur accompagnement et disponibilit\u00e9 sans cesse, apr\u00e8s avoir rendu gr\u00e2ce \u00e0 Dieu pour les deux ann\u00e9es pass\u00e9es \u00e0 la t\u00eate de l&rsquo;OTR.<\/p>\n<p>Il a \u00e9galement remerci\u00e9 ses collaborateurs qui malgr\u00e9 les moments de doutes, de pressions et de stress ont toujours fait preuve de patience et de d\u00e9vouement, avant de salu\u00e9 la nomination de son successeur, \u00a0\u00bb un digne et m\u00e9ritant fils du Togo\u00a0\u00bb \u00e0 qui il demande d&rsquo;aller de l&rsquo;avant sur les chantiers battus.<\/p>\n<p>\u00ab\u00a0Nous avons atteint des r\u00e9sultats satisfaisants, mais il reste tant \u00e0 faire. Le nouveau commissaire a besoin de vous.\u00a0\u00bb, a confi\u00e9 l&rsquo;homme qui n&rsquo;a m\u00e9nag\u00e9 aucun effort pour assurer la visibilit\u00e9 de l&rsquo;OTR tant sur le plan national qu&rsquo;international.<\/p>\n<p>Pour sa part, le nouvel\u00a0homme fort de l&rsquo;institution, Phillipe Kokou Tchodi\u00e9 a salu\u00e9 tous les efforts, impulsions et leadership de son pr\u00e9d\u00e9cesseur, remerci\u00e9 le chef de l&rsquo;\u00c9tat pour sa confiance.<\/p>\n<p>Il a pris l&rsquo;engagement d&rsquo;ouvrir de nouveaux chantiers afin d&rsquo;imprimer \u00e0 l&rsquo;OTR des marques de reconnaissance de l&rsquo;OTR sur tous les plans.<\/p>\n<p>Il s&rsquo;agira, \u00e0 c\u00f4t\u00e9 de la poursuite des diff\u00e9rents chantiers ouverts en ce moment, d&rsquo;ouvrer au maintien de l&rsquo;esprit de la r\u00e9former en mati\u00e8re de collecte des recettes publiques, \u00e0 la redynamisation des instances et m\u00e9canisme de gouvernance de l&rsquo;Office.<\/p>\n<p>L&rsquo;\u00e9valuation des diverses actions en vue de tirer des le\u00e7ons et orienter les actions futures, l&rsquo;am\u00e9lioration continue de l&rsquo;OTR en tant qu&rsquo;instrument de mise en \u0153uvre de la politique du gouvernement, la poursuite de la d\u00e9mat\u00e9rialisation des proc\u00e9dures pour offrir un cadre s\u00fbr, confortable et s\u00e9curis\u00e9 aux op\u00e9rateurs \u00e9conomiques, la consolidation des actions de diversification du tissu \u00e9conomique ainsi que la pr\u00e9vention et la lutte contre la fraude douani\u00e8re et fiscale ainsi que la corruption sous toutes ses formes, ne seront pas en reste des actions prioritaires du nouveau commissaire g\u00e9n\u00e9ral par int\u00e9rim de l&rsquo;Office Togolais des Recettes qui a de ce fait appel\u00e9 le personnel a un nouvel \u00e9lan pour le rel\u00e8vement de ces diff\u00e9rents d\u00e9fis.<\/p>\n<p>Progression des recettes \u00e0 plus de 43%, modernisation des proc\u00e9dures douani\u00e8res, \u00e9laboration des r\u00e8gles simplifi\u00e9es, accompagnement les op\u00e9rateurs \u00e9conomiques, rattachement des services du cadastre \u00e0 l&rsquo;OTR pour r\u00e9gler le probl\u00e8me du foncier, nouveaux code des douanes ainsi que des imp\u00f4ts afin de relever les nouveaux d\u00e9fis num\u00e9riques et de la mondialisation, syst\u00e8me de gestion automatis\u00e9 entre les deux r\u00e9gies \u00e0 l&rsquo;int\u00e9rieur du pays, r\u00e9forme de d\u00e9claration des imp\u00f4ts en ligne, t\u00e9l\u00e9-paiement, statut d&rsquo;op\u00e9rateur agr\u00e9\u00e9, renforcement des effectifs de l&rsquo;Office, voil\u00e0 en effet, autant d&rsquo;acquis que le Col Ad\u00e9dz\u00e9 laisse derri\u00e8re \u00e0 son successeur.<\/p>\n<p>Son leadership qui l&rsquo;a toujours pouss\u00e9 \u00e0 placer son personnel au centre des actions de l&rsquo;OTR a \u00e9t\u00e9 vivement appr\u00e9ci\u00e9 par le personnel qui n&rsquo;en attend pas moins dans les nouvelles charges de celui-ci, tant les connexions entre le commerce et le secteur priv\u00e9, et l&rsquo;OTR sont intrins\u00e8ques.<\/p>\n<p>Promotion interne salu\u00e9e \u00e0 l&rsquo;OTR \u00e0 travers la voix du Directeur des ressources humaines, l&rsquo;entr\u00e9e en fonction de Philippe Tchodi\u00e9 vient conforter la bonne dynamique enclench\u00e9e par cette institution depuis sa prise en main par les comp\u00e9tences locales ainsi qu&rsquo;une confiance accord\u00e9e par les plus hautes autorit\u00e9s du Togo au personnel de l&rsquo;Office Togolais des Recettes.<\/p>\n<p><strong><em>D\u00e9mocrate<\/em><\/strong><\/p>\n<p><em><strong>(00228) 91 85 40 14<\/strong><\/em><\/p>\n<p><em><strong>democrate2010@gmail.com<\/strong><\/em><\/p>\n","protected":false},"excerpt":{"rendered":"<p>(228NEWS\/ Lom\u00e9, le 21 f\u00e9vrier 2019)- Phillipe Kokou Tchodi\u00e9 a pris les rennes de l&rsquo;Office Togolais des Recettes (OTR) ce jeudi 21 f\u00e9vrier 2019 des mains du colonel Ad\u00e9dz\u00e9 Kodzo, ministre en charge du commerce et d\u00e9sormais ex commissaire g\u00e9n\u00e9ral par int\u00e9rim de l&rsquo;institution. C&rsquo;\u00e9tait au cours d&rsquo;une c\u00e9r\u00e9monie de passation de charges pr\u00e9sid\u00e9e par &#8230; <a title=\"Office Togolais des Recettes: Philipe Kokou Tchodi\u00e9 prend fonction\" class=\"read-more\" href=\"https:\/\/228news.tg\/index.php\/2019\/02\/21\/office-togolais-des-recettes-philipe-kokou-tchodie-prend-fonction\/\" aria-label=\"En savoir plus sur Office Togolais des Recettes: Philipe Kokou Tchodi\u00e9 prend fonction\">Lire la suite<\/a><\/p>\n","protected":false},"author":2,"featured_media":2020,"comment_status":"open","ping_status":"open","sticky":false,"template":"","format":"standard","meta":{"footnotes":""},"categories":[30,35,25,34],"tags":[],"class_list":["post-2019","post","type-post","status-publish","format-standard","has-post-thumbnail","hentry","category-economie","category-flash","category-togo","category-une"],"yoast_head":"<!-- This site is optimized with the Yoast SEO plugin v26.4 - https:\/\/yoast.com\/wordpress\/plugins\/seo\/ -->\n<title>Office Togolais des Recettes: Philipe Kokou Tchodi\u00e9 prend fonction - 228 News<\/title>\n<meta name=\"robots\" content=\"index, follow, max-snippet:-1, max-image-preview:large, max-video-preview:-1\" \/>\n<link rel=\"canonical\" href=\"https:\/\/228news.tg\/index.php\/2019\/02\/21\/office-togolais-des-recettes-philipe-kokou-tchodie-prend-fonction\/\" \/>\n<meta property=\"og:locale\" content=\"fr_FR\" \/>\n<meta property=\"og:type\" content=\"article\" \/>\n<meta property=\"og:title\" content=\"Office Togolais des Recettes: Philipe Kokou Tchodi\u00e9 prend fonction - 228 News\" \/>\n<meta property=\"og:description\" content=\"(228NEWS\/ Lom\u00e9, le 21 f\u00e9vrier 2019)- Phillipe Kokou Tchodi\u00e9 a pris les rennes de l&rsquo;Office Togolais des Recettes (OTR) ce jeudi 21 f\u00e9vrier 2019 des mains du colonel Ad\u00e9dz\u00e9 Kodzo, ministre en charge du commerce et d\u00e9sormais ex commissaire g\u00e9n\u00e9ral par int\u00e9rim de l&rsquo;institution. C&rsquo;\u00e9tait au cours d&rsquo;une c\u00e9r\u00e9monie de passation de charges pr\u00e9sid\u00e9e par ... Lire la suite\" \/>\n<meta property=\"og:url\" content=\"https:\/\/228news.tg\/index.php\/2019\/02\/21\/office-togolais-des-recettes-philipe-kokou-tchodie-prend-fonction\/\" \/>\n<meta property=\"og:site_name\" content=\"228 News\" \/>\n<meta property=\"article:published_time\" content=\"2019-02-21T00:00:00+00:00\" \/>\n<meta property=\"og:image\" content=\"https:\/\/228news.tg\/wp-content\/uploads\/2024\/09\/telecharge-4.jpg\" \/>\n\t<meta property=\"og:image:width\" content=\"276\" \/>\n\t<meta property=\"og:image:height\" content=\"183\" \/>\n\t<meta property=\"og:image:type\" content=\"image\/jpeg\" \/>\n<meta name=\"author\" content=\"Bienvenu SAVI\" \/>\n<meta name=\"twitter:card\" content=\"summary_large_image\" \/>\n<meta name=\"twitter:label1\" content=\"\u00c9crit par\" \/>\n\t<meta name=\"twitter:data1\" content=\"Bienvenu SAVI\" \/>\n\t<meta name=\"twitter:label2\" content=\"Dur\u00e9e de lecture estim\u00e9e\" \/>\n\t<meta name=\"twitter:data2\" content=\"4 minutes\" \/>\n<script type=\"application\/ld+json\" class=\"yoast-schema-graph\">{\"@context\":\"https:\/\/schema.org\",\"@graph\":[{\"@type\":\"Article\",\"@id\":\"https:\/\/228news.tg\/index.php\/2019\/02\/21\/office-togolais-des-recettes-philipe-kokou-tchodie-prend-fonction\/#article\",\"isPartOf\":{\"@id\":\"https:\/\/228news.tg\/index.php\/2019\/02\/21\/office-togolais-des-recettes-philipe-kokou-tchodie-prend-fonction\/\"},\"author\":{\"name\":\"Bienvenu SAVI\",\"@id\":\"https:\/\/228news.tg\/#\/schema\/person\/68d5a6cc0230290e61235c8379523f52\"},\"headline\":\"Office Togolais des Recettes: Philipe Kokou Tchodi\u00e9 prend fonction\",\"datePublished\":\"2019-02-21T00:00:00+00:00\",\"mainEntityOfPage\":{\"@id\":\"https:\/\/228news.tg\/index.php\/2019\/02\/21\/office-togolais-des-recettes-philipe-kokou-tchodie-prend-fonction\/\"},\"wordCount\":808,\"commentCount\":0,\"publisher\":{\"@id\":\"https:\/\/228news.tg\/#organization\"},\"image\":{\"@id\":\"https:\/\/228news.tg\/index.php\/2019\/02\/21\/office-togolais-des-recettes-philipe-kokou-tchodie-prend-fonction\/#primaryimage\"},\"thumbnailUrl\":\"https:\/\/228news.tg\/wp-content\/uploads\/2024\/09\/telecharge-4.jpg\",\"articleSection\":[\"ECONOMIE\",\"Flash\",\"TOGO\",\"Une\"],\"inLanguage\":\"fr-FR\",\"potentialAction\":[{\"@type\":\"CommentAction\",\"name\":\"Comment\",\"target\":[\"https:\/\/228news.tg\/index.php\/2019\/02\/21\/office-togolais-des-recettes-philipe-kokou-tchodie-prend-fonction\/#respond\"]}]},{\"@type\":\"WebPage\",\"@id\":\"https:\/\/228news.tg\/index.php\/2019\/02\/21\/office-togolais-des-recettes-philipe-kokou-tchodie-prend-fonction\/\",\"url\":\"https:\/\/228news.tg\/index.php\/2019\/02\/21\/office-togolais-des-recettes-philipe-kokou-tchodie-prend-fonction\/\",\"name\":\"Office Togolais des Recettes: Philipe Kokou Tchodi\u00e9 prend fonction - 228 News\",\"isPartOf\":{\"@id\":\"https:\/\/228news.tg\/#website\"},\"primaryImageOfPage\":{\"@id\":\"https:\/\/228news.tg\/index.php\/2019\/02\/21\/office-togolais-des-recettes-philipe-kokou-tchodie-prend-fonction\/#primaryimage\"},\"image\":{\"@id\":\"https:\/\/228news.tg\/index.php\/2019\/02\/21\/office-togolais-des-recettes-philipe-kokou-tchodie-prend-fonction\/#primaryimage\"},\"thumbnailUrl\":\"https:\/\/228news.tg\/wp-content\/uploads\/2024\/09\/telecharge-4.jpg\",\"datePublished\":\"2019-02-21T00:00:00+00:00\",\"breadcrumb\":{\"@id\":\"https:\/\/228news.tg\/index.php\/2019\/02\/21\/office-togolais-des-recettes-philipe-kokou-tchodie-prend-fonction\/#breadcrumb\"},\"inLanguage\":\"fr-FR\",\"potentialAction\":[{\"@type\":\"ReadAction\",\"target\":[\"https:\/\/228news.tg\/index.php\/2019\/02\/21\/office-togolais-des-recettes-philipe-kokou-tchodie-prend-fonction\/\"]}]},{\"@type\":\"ImageObject\",\"inLanguage\":\"fr-FR\",\"@id\":\"https:\/\/228news.tg\/index.php\/2019\/02\/21\/office-togolais-des-recettes-philipe-kokou-tchodie-prend-fonction\/#primaryimage\",\"url\":\"https:\/\/228news.tg\/wp-content\/uploads\/2024\/09\/telecharge-4.jpg\",\"contentUrl\":\"https:\/\/228news.tg\/wp-content\/uploads\/2024\/09\/telecharge-4.jpg\",\"width\":276,\"height\":183},{\"@type\":\"BreadcrumbList\",\"@id\":\"https:\/\/228news.tg\/index.php\/2019\/02\/21\/office-togolais-des-recettes-philipe-kokou-tchodie-prend-fonction\/#breadcrumb\",\"itemListElement\":[{\"@type\":\"ListItem\",\"position\":1,\"name\":\"Home\",\"item\":\"https:\/\/228news.tg\/\"},{\"@type\":\"ListItem\",\"position\":2,\"name\":\"Office Togolais des Recettes: Philipe Kokou Tchodi\u00e9 prend fonction\"}]},{\"@type\":\"WebSite\",\"@id\":\"https:\/\/228news.tg\/#website\",\"url\":\"https:\/\/228news.tg\/\",\"name\":\"228 News\",\"description\":\"Soci\u00e9t\u00e9 de m\u00e9dias et d\u2019actualit\u00e9s\",\"publisher\":{\"@id\":\"https:\/\/228news.tg\/#organization\"},\"potentialAction\":[{\"@type\":\"SearchAction\",\"target\":{\"@type\":\"EntryPoint\",\"urlTemplate\":\"https:\/\/228news.tg\/?s={search_term_string}\"},\"query-input\":{\"@type\":\"PropertyValueSpecification\",\"valueRequired\":true,\"valueName\":\"search_term_string\"}}],\"inLanguage\":\"fr-FR\"},{\"@type\":\"Organization\",\"@id\":\"https:\/\/228news.tg\/#organization\",\"name\":\"228 News\",\"url\":\"https:\/\/228news.tg\/\",\"logo\":{\"@type\":\"ImageObject\",\"inLanguage\":\"fr-FR\",\"@id\":\"https:\/\/228news.tg\/#\/schema\/logo\/image\/\",\"url\":\"https:\/\/228news.tg\/wp-content\/uploads\/2024\/09\/logonew.png\",\"contentUrl\":\"https:\/\/228news.tg\/wp-content\/uploads\/2024\/09\/logonew.png\",\"width\":1640,\"height\":364,\"caption\":\"228 News\"},\"image\":{\"@id\":\"https:\/\/228news.tg\/#\/schema\/logo\/image\/\"}},{\"@type\":\"Person\",\"@id\":\"https:\/\/228news.tg\/#\/schema\/person\/68d5a6cc0230290e61235c8379523f52\",\"name\":\"Bienvenu SAVI\",\"image\":{\"@type\":\"ImageObject\",\"inLanguage\":\"fr-FR\",\"@id\":\"https:\/\/228news.tg\/#\/schema\/person\/image\/\",\"url\":\"https:\/\/secure.gravatar.com\/avatar\/9db91895c559e510509c33a3e9683998458e9b828fac36d5d1aa23f0f2fd369b?s=96&d=mm&r=g\",\"contentUrl\":\"https:\/\/secure.gravatar.com\/avatar\/9db91895c559e510509c33a3e9683998458e9b828fac36d5d1aa23f0f2fd369b?s=96&d=mm&r=g\",\"caption\":\"Bienvenu SAVI\"},\"url\":\"https:\/\/228news.tg\/index.php\/author\/bienvenu\/\"}]}<\/script>\n<!-- \/ Yoast SEO plugin. -->","yoast_head_json":{"title":"Office Togolais des Recettes: Philipe Kokou Tchodi\u00e9 prend fonction - 228 News","robots":{"index":"index","follow":"follow","max-snippet":"max-snippet:-1","max-image-preview":"max-image-preview:large","max-video-preview":"max-video-preview:-1"},"canonical":"https:\/\/228news.tg\/index.php\/2019\/02\/21\/office-togolais-des-recettes-philipe-kokou-tchodie-prend-fonction\/","og_locale":"fr_FR","og_type":"article","og_title":"Office Togolais des Recettes: Philipe Kokou Tchodi\u00e9 prend fonction - 228 News","og_description":"(228NEWS\/ Lom\u00e9, le 21 f\u00e9vrier 2019)- Phillipe Kokou Tchodi\u00e9 a pris les rennes de l&rsquo;Office Togolais des Recettes (OTR) ce jeudi 21 f\u00e9vrier 2019 des mains du colonel Ad\u00e9dz\u00e9 Kodzo, ministre en charge du commerce et d\u00e9sormais ex commissaire g\u00e9n\u00e9ral par int\u00e9rim de l&rsquo;institution. C&rsquo;\u00e9tait au cours d&rsquo;une c\u00e9r\u00e9monie de passation de charges pr\u00e9sid\u00e9e par ... Lire la suite","og_url":"https:\/\/228news.tg\/index.php\/2019\/02\/21\/office-togolais-des-recettes-philipe-kokou-tchodie-prend-fonction\/","og_site_name":"228 News","article_published_time":"2019-02-21T00:00:00+00:00","og_image":[{"width":276,"height":183,"url":"https:\/\/228news.tg\/wp-content\/uploads\/2024\/09\/telecharge-4.jpg","type":"image\/jpeg"}],"author":"Bienvenu SAVI","twitter_card":"summary_large_image","twitter_misc":{"\u00c9crit par":"Bienvenu SAVI","Dur\u00e9e de lecture estim\u00e9e":"4 minutes"},"schema":{"@context":"https:\/\/schema.org","@graph":[{"@type":"Article","@id":"https:\/\/228news.tg\/index.php\/2019\/02\/21\/office-togolais-des-recettes-philipe-kokou-tchodie-prend-fonction\/#article","isPartOf":{"@id":"https:\/\/228news.tg\/index.php\/2019\/02\/21\/office-togolais-des-recettes-philipe-kokou-tchodie-prend-fonction\/"},"author":{"name":"Bienvenu SAVI","@id":"https:\/\/228news.tg\/#\/schema\/person\/68d5a6cc0230290e61235c8379523f52"},"headline":"Office Togolais des Recettes: Philipe Kokou Tchodi\u00e9 prend fonction","datePublished":"2019-02-21T00:00:00+00:00","mainEntityOfPage":{"@id":"https:\/\/228news.tg\/index.php\/2019\/02\/21\/office-togolais-des-recettes-philipe-kokou-tchodie-prend-fonction\/"},"wordCount":808,"commentCount":0,"publisher":{"@id":"https:\/\/228news.tg\/#organization"},"image":{"@id":"https:\/\/228news.tg\/index.php\/2019\/02\/21\/office-togolais-des-recettes-philipe-kokou-tchodie-prend-fonction\/#primaryimage"},"thumbnailUrl":"https:\/\/228news.tg\/wp-content\/uploads\/2024\/09\/telecharge-4.jpg","articleSection":["ECONOMIE","Flash","TOGO","Une"],"inLanguage":"fr-FR","potentialAction":[{"@type":"CommentAction","name":"Comment","target":["https:\/\/228news.tg\/index.php\/2019\/02\/21\/office-togolais-des-recettes-philipe-kokou-tchodie-prend-fonction\/#respond"]}]},{"@type":"WebPage","@id":"https:\/\/228news.tg\/index.php\/2019\/02\/21\/office-togolais-des-recettes-philipe-kokou-tchodie-prend-fonction\/","url":"https:\/\/228news.tg\/index.php\/2019\/02\/21\/office-togolais-des-recettes-philipe-kokou-tchodie-prend-fonction\/","name":"Office Togolais des Recettes: Philipe Kokou Tchodi\u00e9 prend fonction - 228 News","isPartOf":{"@id":"https:\/\/228news.tg\/#website"},"primaryImageOfPage":{"@id":"https:\/\/228news.tg\/index.php\/2019\/02\/21\/office-togolais-des-recettes-philipe-kokou-tchodie-prend-fonction\/#primaryimage"},"image":{"@id":"https:\/\/228news.tg\/index.php\/2019\/02\/21\/office-togolais-des-recettes-philipe-kokou-tchodie-prend-fonction\/#primaryimage"},"thumbnailUrl":"https:\/\/228news.tg\/wp-content\/uploads\/2024\/09\/telecharge-4.jpg","datePublished":"2019-02-21T00:00:00+00:00","breadcrumb":{"@id":"https:\/\/228news.tg\/index.php\/2019\/02\/21\/office-togolais-des-recettes-philipe-kokou-tchodie-prend-fonction\/#breadcrumb"},"inLanguage":"fr-FR","potentialAction":[{"@type":"ReadAction","target":["https:\/\/228news.tg\/index.php\/2019\/02\/21\/office-togolais-des-recettes-philipe-kokou-tchodie-prend-fonction\/"]}]},{"@type":"ImageObject","inLanguage":"fr-FR","@id":"https:\/\/228news.tg\/index.php\/2019\/02\/21\/office-togolais-des-recettes-philipe-kokou-tchodie-prend-fonction\/#primaryimage","url":"https:\/\/228news.tg\/wp-content\/uploads\/2024\/09\/telecharge-4.jpg","contentUrl":"https:\/\/228news.tg\/wp-content\/uploads\/2024\/09\/telecharge-4.jpg","width":276,"height":183},{"@type":"BreadcrumbList","@id":"https:\/\/228news.tg\/index.php\/2019\/02\/21\/office-togolais-des-recettes-philipe-kokou-tchodie-prend-fonction\/#breadcrumb","itemListElement":[{"@type":"ListItem","position":1,"name":"Home","item":"https:\/\/228news.tg\/"},{"@type":"ListItem","position":2,"name":"Office Togolais des Recettes: Philipe Kokou Tchodi\u00e9 prend fonction"}]},{"@type":"WebSite","@id":"https:\/\/228news.tg\/#website","url":"https:\/\/228news.tg\/","name":"228 News","description":"Soci\u00e9t\u00e9 de m\u00e9dias et d\u2019actualit\u00e9s","publisher":{"@id":"https:\/\/228news.tg\/#organization"},"potentialAction":[{"@type":"SearchAction","target":{"@type":"EntryPoint","urlTemplate":"https:\/\/228news.tg\/?s={search_term_string}"},"query-input":{"@type":"PropertyValueSpecification","valueRequired":true,"valueName":"search_term_string"}}],"inLanguage":"fr-FR"},{"@type":"Organization","@id":"https:\/\/228news.tg\/#organization","name":"228 News","url":"https:\/\/228news.tg\/","logo":{"@type":"ImageObject","inLanguage":"fr-FR","@id":"https:\/\/228news.tg\/#\/schema\/logo\/image\/","url":"https:\/\/228news.tg\/wp-content\/uploads\/2024\/09\/logonew.png","contentUrl":"https:\/\/228news.tg\/wp-content\/uploads\/2024\/09\/logonew.png","width":1640,"height":364,"caption":"228 News"},"image":{"@id":"https:\/\/228news.tg\/#\/schema\/logo\/image\/"}},{"@type":"Person","@id":"https:\/\/228news.tg\/#\/schema\/person\/68d5a6cc0230290e61235c8379523f52","name":"Bienvenu SAVI","image":{"@type":"ImageObject","inLanguage":"fr-FR","@id":"https:\/\/228news.tg\/#\/schema\/person\/image\/","url":"https:\/\/secure.gravatar.com\/avatar\/9db91895c559e510509c33a3e9683998458e9b828fac36d5d1aa23f0f2fd369b?s=96&d=mm&r=g","contentUrl":"https:\/\/secure.gravatar.com\/avatar\/9db91895c559e510509c33a3e9683998458e9b828fac36d5d1aa23f0f2fd369b?s=96&d=mm&r=g","caption":"Bienvenu SAVI"},"url":"https:\/\/228news.tg\/index.php\/author\/bienvenu\/"}]}},"jetpack_featured_media_url":"https:\/\/228news.tg\/wp-content\/uploads\/2024\/09\/telecharge-4.jpg","_links":{"self":[{"href":"https:\/\/228news.tg\/index.php\/wp-json\/wp\/v2\/posts\/2019","targetHints":{"allow":["GET"]}}],"collection":[{"href":"https:\/\/228news.tg\/index.php\/wp-json\/wp\/v2\/posts"}],"about":[{"href":"https:\/\/228news.tg\/index.php\/wp-json\/wp\/v2\/types\/post"}],"author":[{"embeddable":true,"href":"https:\/\/228news.tg\/index.php\/wp-json\/wp\/v2\/users\/2"}],"replies":[{"embeddable":true,"href":"https:\/\/228news.tg\/index.php\/wp-json\/wp\/v2\/comments?post=2019"}],"version-history":[{"count":0,"href":"https:\/\/228news.tg\/index.php\/wp-json\/wp\/v2\/posts\/2019\/revisions"}],"wp:featuredmedia":[{"embeddable":true,"href":"https:\/\/228news.tg\/index.php\/wp-json\/wp\/v2\/media\/2020"}],"wp:attachment":[{"href":"https:\/\/228news.tg\/index.php\/wp-json\/wp\/v2\/media?parent=2019"}],"wp:term":[{"taxonomy":"category","embeddable":true,"href":"https:\/\/228news.tg\/index.php\/wp-json\/wp\/v2\/categories?post=2019"},{"taxonomy":"post_tag","embeddable":true,"href":"https:\/\/228news.tg\/index.php\/wp-json\/wp\/v2\/tags?post=2019"}],"curies":[{"name":"wp","href":"https:\/\/api.w.org\/{rel}","templated":true}]}}