{"id":2012,"date":"2019-02-12T00:00:00","date_gmt":"2019-02-12T00:00:00","guid":{"rendered":"https:\/\/228news.tg\/index.php\/2019\/02\/12\/lutte-contre-les-changements-climatiques-la-cejus-impregne-les-acteurs-locaux-sur-leurs-role-et-responsabilite\/"},"modified":"2019-02-12T00:00:00","modified_gmt":"2019-02-12T00:00:00","slug":"lutte-contre-les-changements-climatiques-la-cejus-impregne-les-acteurs-locaux-sur-leurs-role-et-responsabilite","status":"publish","type":"post","link":"https:\/\/228news.tg\/index.php\/2019\/02\/12\/lutte-contre-les-changements-climatiques-la-cejus-impregne-les-acteurs-locaux-sur-leurs-role-et-responsabilite\/","title":{"rendered":"Lutte contre les changements climatiques: La CEJUS impr\u00e8gne les acteurs locaux sur leurs r\u00f4le et responsabilit\u00e9"},"content":{"rendered":"<p>(228NEWS\/ Lom\u00e9, le 12 f\u00e9vrier 2019)-\u00a0La question du r\u00e9chauffement climatique ne laisse plus personne indiff\u00e9rent. Au contraire, l\u2019on sent que la probl\u00e9matique commence par trouver de bonnes volont\u00e9s dans tous les secteurs touch\u00e9s, lesquels se mobilisent activement pour en relever les diff\u00e9rents d\u00e9fis. Il en est ainsi des populations locales qui sont les premi\u00e8res victimes de ces r\u00e9chauffements. Comment les impr\u00e9gner sur les m\u00e9canismes et contributions qui doivent \u00eatre les leurs dans ce processus de lutte contre le r\u00e9chauffement climatique, quel est donc le r\u00f4le des autorit\u00e9s locales, premiers repr\u00e9sentants de ces populations dans cette qu\u00eate, tel est le th\u00e8me central d\u2019une conf\u00e9rence d\u00e9bat organis\u00e9 ce mardi 12 f\u00e9vrier 2019 \u00e0 Lom\u00e9.<\/p>\n<p>A l\u2019initiative de la Clinique d\u2019Expertise Juridique et Sociale (CEJUS), cette assise qui a rassembl\u00e9 plusieurs acteurs politiques, des autorit\u00e9s locales, les acteurs de la soci\u00e9t\u00e9 civile, les \u00e9tudiants, ainsi que des partenaires techniques et financiers occidentaux, a \u00e9t\u00e9 ouverte par une repr\u00e9sentante du nouveau ministre en charge de l\u2019environnement, Wonou Oladokoun, pour qui les conclusions des travaux devraient permettre de prendre plusieurs r\u00e9solutions impliquant les autorit\u00e9s locales dans la lutte contre le r\u00e9chauffement climatique.<\/p>\n<p>Pour M. Kossi Dieudonn\u00e9, Directeur Ex\u00e9cutif de la CEJUS, il s\u2019agit prioritairement d\u2019amener les diff\u00e9rents acteurs locaux et d\u2019accroitre leur participation dans la lutte, qu\u2019ils soient des \u00e9lus ou nomm\u00e9s locaux.<\/p>\n<p>\u00ab Au cours de cette journ\u00e9e, nous allons les informer et sensibiliser sur les changements climatiques, le cadre l\u00e9gislatif qui r\u00e9git le secteur ainsi que leur contribution \u00e0 la cr\u00e9ation des cadres locaux de r\u00e9flexion sur des sujets li\u00e9s aux changements climatiques. A terme, nous voulons arriver \u00e0 une prise de conscience e ces autorit\u00e9s du r\u00f4le qui leur revient.\u00a0\u00bb, a-t-il confi\u00e9.<\/p>\n<p>Pour sa part, Henri Valot, Chef du Programme de Consolidation de l\u2019Etat et du Monde Associatif (PRO-CEMA), premier partenaire technique et financier de cette activit\u00e9 de la CEJUS a r\u00e9affirm\u00e9 l\u2019engagement de son programme \u00e0 soutenir toutes les initiatives au plan national et local visant \u00e0 consolider les actions li\u00e9es \u00e0 la sauvegarde de l\u2019environnement, un sujet intrins\u00e8quement en ad\u00e9quation avec la coop\u00e9ration europ\u00e9enne.<\/p>\n<p>\u00ab\u00a0Nous avons donc \u00e0 cet \u00e9gard une modalit\u00e9 de financement qui nous permet de financer ce genre de rencontre int\u00e9ressante, surtout que nous sommes int\u00e9ress\u00e9s par la question des autorit\u00e9s locales car il est important pour nous que les relations entre l\u2019Etat, les organisations de la soci\u00e9t\u00e9 civile et les autorit\u00e9s locales soient positives. Pour le d\u00e9veloppement des populations, il faut une r\u00e9elle alliance et nous trouvons int\u00e9ressante cette initiative qui va ans ce sens.\u00a0\u00bb, a-t-il l\u00e2ch\u00e9.<\/p>\n<p>Cinq (5) communications ont meubl\u00e9 les travaux de cette journ\u00e9e. Il s\u2019agit en l\u2019occurrence des panels tournant autour de la l\u00e9gitimit\u00e9 des actions collectives locales dans la lutte contre les changements climatiques, le fondement juridique et les questions de comp\u00e9tences environnementales li\u00e9s aux collectivit\u00e9s locales, la vuln\u00e9rabilit\u00e9 de ces collectivit\u00e9s, l\u2019engagement de certains villes contre les gaz \u00e0 effet de serre, les politiques locales de lutte, et l\u2019option des \u00e9nergies renouvelables. De fructueux \u00e9changes et d\u00e9bats ont permis de clore les travaux qui ont \u00e9t\u00e9 aur\u00e9ol\u00e9s de la pr\u00e9sence du pr\u00e9fet d\u2019Ago\u00e8-Nyiv\u00e9, le Col Awat\u00e9 Hodabalo.<\/p>\n<p><em><strong>D\u00e9mocrate<\/strong><\/em><\/p>\n<p><em><strong>(00228) 91 85 40 14<\/strong><\/em><\/p>\n<p><strong><em>democrate2010@gmail.com<\/em><\/strong><\/p>\n","protected":false},"excerpt":{"rendered":"<p>(228NEWS\/ Lom\u00e9, le 12 f\u00e9vrier 2019)-\u00a0La question du r\u00e9chauffement climatique ne laisse plus personne indiff\u00e9rent. Au contraire, l\u2019on sent que la probl\u00e9matique commence par trouver de bonnes volont\u00e9s dans tous les secteurs touch\u00e9s, lesquels se mobilisent activement pour en relever les diff\u00e9rents d\u00e9fis. Il en est ainsi des populations locales qui sont les premi\u00e8res victimes &#8230; <a title=\"Lutte contre les changements climatiques: La CEJUS impr\u00e8gne les acteurs locaux sur leurs r\u00f4le et responsabilit\u00e9\" class=\"read-more\" href=\"https:\/\/228news.tg\/index.php\/2019\/02\/12\/lutte-contre-les-changements-climatiques-la-cejus-impregne-les-acteurs-locaux-sur-leurs-role-et-responsabilite\/\" aria-label=\"En savoir plus sur Lutte contre les changements climatiques: La CEJUS impr\u00e8gne les acteurs locaux sur leurs r\u00f4le et responsabilit\u00e9\">Lire la suite<\/a><\/p>\n","protected":false},"author":2,"featured_media":1149,"comment_status":"open","ping_status":"open","sticky":false,"template":"","format":"standard","meta":{"footnotes":""},"categories":[35,29,25,34],"tags":[],"class_list":["post-2012","post","type-post","status-publish","format-standard","has-post-thumbnail","hentry","category-flash","category-societe","category-togo","category-une"],"yoast_head":"<!-- This site is optimized with the Yoast SEO plugin v26.4 - https:\/\/yoast.com\/wordpress\/plugins\/seo\/ -->\n<title>Lutte contre les changements climatiques: La CEJUS impr\u00e8gne les acteurs locaux sur leurs r\u00f4le et responsabilit\u00e9 - 228 News<\/title>\n<meta name=\"robots\" content=\"index, follow, max-snippet:-1, max-image-preview:large, max-video-preview:-1\" \/>\n<link rel=\"canonical\" href=\"https:\/\/228news.tg\/index.php\/2019\/02\/12\/lutte-contre-les-changements-climatiques-la-cejus-impregne-les-acteurs-locaux-sur-leurs-role-et-responsabilite\/\" \/>\n<meta property=\"og:locale\" content=\"fr_FR\" \/>\n<meta property=\"og:type\" content=\"article\" \/>\n<meta property=\"og:title\" content=\"Lutte contre les changements climatiques: La CEJUS impr\u00e8gne les acteurs locaux sur leurs r\u00f4le et responsabilit\u00e9 - 228 News\" \/>\n<meta property=\"og:description\" content=\"(228NEWS\/ Lom\u00e9, le 12 f\u00e9vrier 2019)-\u00a0La question du r\u00e9chauffement climatique ne laisse plus personne indiff\u00e9rent. Au contraire, l\u2019on sent que la probl\u00e9matique commence par trouver de bonnes volont\u00e9s dans tous les secteurs touch\u00e9s, lesquels se mobilisent activement pour en relever les diff\u00e9rents d\u00e9fis. Il en est ainsi des populations locales qui sont les premi\u00e8res victimes ... Lire la suite\" \/>\n<meta property=\"og:url\" content=\"https:\/\/228news.tg\/index.php\/2019\/02\/12\/lutte-contre-les-changements-climatiques-la-cejus-impregne-les-acteurs-locaux-sur-leurs-role-et-responsabilite\/\" \/>\n<meta property=\"og:site_name\" content=\"228 News\" \/>\n<meta property=\"article:published_time\" content=\"2019-02-12T00:00:00+00:00\" \/>\n<meta property=\"og:image\" content=\"https:\/\/228news.tg\/wp-content\/uploads\/2024\/09\/photo_2018-01-30_14-04-57.jpg\" \/>\n\t<meta property=\"og:image:width\" content=\"554\" \/>\n\t<meta property=\"og:image:height\" content=\"312\" \/>\n\t<meta property=\"og:image:type\" content=\"image\/jpeg\" \/>\n<meta name=\"author\" content=\"Bienvenu SAVI\" \/>\n<meta name=\"twitter:card\" content=\"summary_large_image\" \/>\n<meta name=\"twitter:label1\" content=\"\u00c9crit par\" \/>\n\t<meta name=\"twitter:data1\" content=\"Bienvenu SAVI\" \/>\n\t<meta name=\"twitter:label2\" content=\"Dur\u00e9e de lecture estim\u00e9e\" \/>\n\t<meta name=\"twitter:data2\" content=\"3 minutes\" \/>\n<script type=\"application\/ld+json\" class=\"yoast-schema-graph\">{\"@context\":\"https:\/\/schema.org\",\"@graph\":[{\"@type\":\"Article\",\"@id\":\"https:\/\/228news.tg\/index.php\/2019\/02\/12\/lutte-contre-les-changements-climatiques-la-cejus-impregne-les-acteurs-locaux-sur-leurs-role-et-responsabilite\/#article\",\"isPartOf\":{\"@id\":\"https:\/\/228news.tg\/index.php\/2019\/02\/12\/lutte-contre-les-changements-climatiques-la-cejus-impregne-les-acteurs-locaux-sur-leurs-role-et-responsabilite\/\"},\"author\":{\"name\":\"Bienvenu SAVI\",\"@id\":\"https:\/\/228news.tg\/#\/schema\/person\/68d5a6cc0230290e61235c8379523f52\"},\"headline\":\"Lutte contre les changements climatiques: La CEJUS impr\u00e8gne les acteurs locaux sur leurs r\u00f4le et responsabilit\u00e9\",\"datePublished\":\"2019-02-12T00:00:00+00:00\",\"mainEntityOfPage\":{\"@id\":\"https:\/\/228news.tg\/index.php\/2019\/02\/12\/lutte-contre-les-changements-climatiques-la-cejus-impregne-les-acteurs-locaux-sur-leurs-role-et-responsabilite\/\"},\"wordCount\":613,\"commentCount\":0,\"publisher\":{\"@id\":\"https:\/\/228news.tg\/#organization\"},\"image\":{\"@id\":\"https:\/\/228news.tg\/index.php\/2019\/02\/12\/lutte-contre-les-changements-climatiques-la-cejus-impregne-les-acteurs-locaux-sur-leurs-role-et-responsabilite\/#primaryimage\"},\"thumbnailUrl\":\"https:\/\/228news.tg\/wp-content\/uploads\/2024\/09\/photo_2018-01-30_14-04-57.jpg\",\"articleSection\":[\"Flash\",\"SOCIETE\",\"TOGO\",\"Une\"],\"inLanguage\":\"fr-FR\",\"potentialAction\":[{\"@type\":\"CommentAction\",\"name\":\"Comment\",\"target\":[\"https:\/\/228news.tg\/index.php\/2019\/02\/12\/lutte-contre-les-changements-climatiques-la-cejus-impregne-les-acteurs-locaux-sur-leurs-role-et-responsabilite\/#respond\"]}]},{\"@type\":\"WebPage\",\"@id\":\"https:\/\/228news.tg\/index.php\/2019\/02\/12\/lutte-contre-les-changements-climatiques-la-cejus-impregne-les-acteurs-locaux-sur-leurs-role-et-responsabilite\/\",\"url\":\"https:\/\/228news.tg\/index.php\/2019\/02\/12\/lutte-contre-les-changements-climatiques-la-cejus-impregne-les-acteurs-locaux-sur-leurs-role-et-responsabilite\/\",\"name\":\"Lutte contre les changements climatiques: La CEJUS impr\u00e8gne les acteurs locaux sur leurs r\u00f4le et responsabilit\u00e9 - 228 News\",\"isPartOf\":{\"@id\":\"https:\/\/228news.tg\/#website\"},\"primaryImageOfPage\":{\"@id\":\"https:\/\/228news.tg\/index.php\/2019\/02\/12\/lutte-contre-les-changements-climatiques-la-cejus-impregne-les-acteurs-locaux-sur-leurs-role-et-responsabilite\/#primaryimage\"},\"image\":{\"@id\":\"https:\/\/228news.tg\/index.php\/2019\/02\/12\/lutte-contre-les-changements-climatiques-la-cejus-impregne-les-acteurs-locaux-sur-leurs-role-et-responsabilite\/#primaryimage\"},\"thumbnailUrl\":\"https:\/\/228news.tg\/wp-content\/uploads\/2024\/09\/photo_2018-01-30_14-04-57.jpg\",\"datePublished\":\"2019-02-12T00:00:00+00:00\",\"breadcrumb\":{\"@id\":\"https:\/\/228news.tg\/index.php\/2019\/02\/12\/lutte-contre-les-changements-climatiques-la-cejus-impregne-les-acteurs-locaux-sur-leurs-role-et-responsabilite\/#breadcrumb\"},\"inLanguage\":\"fr-FR\",\"potentialAction\":[{\"@type\":\"ReadAction\",\"target\":[\"https:\/\/228news.tg\/index.php\/2019\/02\/12\/lutte-contre-les-changements-climatiques-la-cejus-impregne-les-acteurs-locaux-sur-leurs-role-et-responsabilite\/\"]}]},{\"@type\":\"ImageObject\",\"inLanguage\":\"fr-FR\",\"@id\":\"https:\/\/228news.tg\/index.php\/2019\/02\/12\/lutte-contre-les-changements-climatiques-la-cejus-impregne-les-acteurs-locaux-sur-leurs-role-et-responsabilite\/#primaryimage\",\"url\":\"https:\/\/228news.tg\/wp-content\/uploads\/2024\/09\/photo_2018-01-30_14-04-57.jpg\",\"contentUrl\":\"https:\/\/228news.tg\/wp-content\/uploads\/2024\/09\/photo_2018-01-30_14-04-57.jpg\",\"width\":554,\"height\":312},{\"@type\":\"BreadcrumbList\",\"@id\":\"https:\/\/228news.tg\/index.php\/2019\/02\/12\/lutte-contre-les-changements-climatiques-la-cejus-impregne-les-acteurs-locaux-sur-leurs-role-et-responsabilite\/#breadcrumb\",\"itemListElement\":[{\"@type\":\"ListItem\",\"position\":1,\"name\":\"Home\",\"item\":\"https:\/\/228news.tg\/\"},{\"@type\":\"ListItem\",\"position\":2,\"name\":\"Lutte contre les changements climatiques: La CEJUS impr\u00e8gne les acteurs locaux sur leurs r\u00f4le et responsabilit\u00e9\"}]},{\"@type\":\"WebSite\",\"@id\":\"https:\/\/228news.tg\/#website\",\"url\":\"https:\/\/228news.tg\/\",\"name\":\"228 News\",\"description\":\"Soci\u00e9t\u00e9 de m\u00e9dias et d\u2019actualit\u00e9s\",\"publisher\":{\"@id\":\"https:\/\/228news.tg\/#organization\"},\"potentialAction\":[{\"@type\":\"SearchAction\",\"target\":{\"@type\":\"EntryPoint\",\"urlTemplate\":\"https:\/\/228news.tg\/?s={search_term_string}\"},\"query-input\":{\"@type\":\"PropertyValueSpecification\",\"valueRequired\":true,\"valueName\":\"search_term_string\"}}],\"inLanguage\":\"fr-FR\"},{\"@type\":\"Organization\",\"@id\":\"https:\/\/228news.tg\/#organization\",\"name\":\"228 News\",\"url\":\"https:\/\/228news.tg\/\",\"logo\":{\"@type\":\"ImageObject\",\"inLanguage\":\"fr-FR\",\"@id\":\"https:\/\/228news.tg\/#\/schema\/logo\/image\/\",\"url\":\"https:\/\/228news.tg\/wp-content\/uploads\/2024\/09\/logonew.png\",\"contentUrl\":\"https:\/\/228news.tg\/wp-content\/uploads\/2024\/09\/logonew.png\",\"width\":1640,\"height\":364,\"caption\":\"228 News\"},\"image\":{\"@id\":\"https:\/\/228news.tg\/#\/schema\/logo\/image\/\"}},{\"@type\":\"Person\",\"@id\":\"https:\/\/228news.tg\/#\/schema\/person\/68d5a6cc0230290e61235c8379523f52\",\"name\":\"Bienvenu SAVI\",\"image\":{\"@type\":\"ImageObject\",\"inLanguage\":\"fr-FR\",\"@id\":\"https:\/\/228news.tg\/#\/schema\/person\/image\/\",\"url\":\"https:\/\/secure.gravatar.com\/avatar\/9db91895c559e510509c33a3e9683998458e9b828fac36d5d1aa23f0f2fd369b?s=96&d=mm&r=g\",\"contentUrl\":\"https:\/\/secure.gravatar.com\/avatar\/9db91895c559e510509c33a3e9683998458e9b828fac36d5d1aa23f0f2fd369b?s=96&d=mm&r=g\",\"caption\":\"Bienvenu SAVI\"},\"url\":\"https:\/\/228news.tg\/index.php\/author\/bienvenu\/\"}]}<\/script>\n<!-- \/ Yoast SEO plugin. -->","yoast_head_json":{"title":"Lutte contre les changements climatiques: La CEJUS impr\u00e8gne les acteurs locaux sur leurs r\u00f4le et responsabilit\u00e9 - 228 News","robots":{"index":"index","follow":"follow","max-snippet":"max-snippet:-1","max-image-preview":"max-image-preview:large","max-video-preview":"max-video-preview:-1"},"canonical":"https:\/\/228news.tg\/index.php\/2019\/02\/12\/lutte-contre-les-changements-climatiques-la-cejus-impregne-les-acteurs-locaux-sur-leurs-role-et-responsabilite\/","og_locale":"fr_FR","og_type":"article","og_title":"Lutte contre les changements climatiques: La CEJUS impr\u00e8gne les acteurs locaux sur leurs r\u00f4le et responsabilit\u00e9 - 228 News","og_description":"(228NEWS\/ Lom\u00e9, le 12 f\u00e9vrier 2019)-\u00a0La question du r\u00e9chauffement climatique ne laisse plus personne indiff\u00e9rent. Au contraire, l\u2019on sent que la probl\u00e9matique commence par trouver de bonnes volont\u00e9s dans tous les secteurs touch\u00e9s, lesquels se mobilisent activement pour en relever les diff\u00e9rents d\u00e9fis. Il en est ainsi des populations locales qui sont les premi\u00e8res victimes ... Lire la suite","og_url":"https:\/\/228news.tg\/index.php\/2019\/02\/12\/lutte-contre-les-changements-climatiques-la-cejus-impregne-les-acteurs-locaux-sur-leurs-role-et-responsabilite\/","og_site_name":"228 News","article_published_time":"2019-02-12T00:00:00+00:00","og_image":[{"width":554,"height":312,"url":"https:\/\/228news.tg\/wp-content\/uploads\/2024\/09\/photo_2018-01-30_14-04-57.jpg","type":"image\/jpeg"}],"author":"Bienvenu SAVI","twitter_card":"summary_large_image","twitter_misc":{"\u00c9crit par":"Bienvenu SAVI","Dur\u00e9e de lecture estim\u00e9e":"3 minutes"},"schema":{"@context":"https:\/\/schema.org","@graph":[{"@type":"Article","@id":"https:\/\/228news.tg\/index.php\/2019\/02\/12\/lutte-contre-les-changements-climatiques-la-cejus-impregne-les-acteurs-locaux-sur-leurs-role-et-responsabilite\/#article","isPartOf":{"@id":"https:\/\/228news.tg\/index.php\/2019\/02\/12\/lutte-contre-les-changements-climatiques-la-cejus-impregne-les-acteurs-locaux-sur-leurs-role-et-responsabilite\/"},"author":{"name":"Bienvenu SAVI","@id":"https:\/\/228news.tg\/#\/schema\/person\/68d5a6cc0230290e61235c8379523f52"},"headline":"Lutte contre les changements climatiques: La CEJUS impr\u00e8gne les acteurs locaux sur leurs r\u00f4le et responsabilit\u00e9","datePublished":"2019-02-12T00:00:00+00:00","mainEntityOfPage":{"@id":"https:\/\/228news.tg\/index.php\/2019\/02\/12\/lutte-contre-les-changements-climatiques-la-cejus-impregne-les-acteurs-locaux-sur-leurs-role-et-responsabilite\/"},"wordCount":613,"commentCount":0,"publisher":{"@id":"https:\/\/228news.tg\/#organization"},"image":{"@id":"https:\/\/228news.tg\/index.php\/2019\/02\/12\/lutte-contre-les-changements-climatiques-la-cejus-impregne-les-acteurs-locaux-sur-leurs-role-et-responsabilite\/#primaryimage"},"thumbnailUrl":"https:\/\/228news.tg\/wp-content\/uploads\/2024\/09\/photo_2018-01-30_14-04-57.jpg","articleSection":["Flash","SOCIETE","TOGO","Une"],"inLanguage":"fr-FR","potentialAction":[{"@type":"CommentAction","name":"Comment","target":["https:\/\/228news.tg\/index.php\/2019\/02\/12\/lutte-contre-les-changements-climatiques-la-cejus-impregne-les-acteurs-locaux-sur-leurs-role-et-responsabilite\/#respond"]}]},{"@type":"WebPage","@id":"https:\/\/228news.tg\/index.php\/2019\/02\/12\/lutte-contre-les-changements-climatiques-la-cejus-impregne-les-acteurs-locaux-sur-leurs-role-et-responsabilite\/","url":"https:\/\/228news.tg\/index.php\/2019\/02\/12\/lutte-contre-les-changements-climatiques-la-cejus-impregne-les-acteurs-locaux-sur-leurs-role-et-responsabilite\/","name":"Lutte contre les changements climatiques: La CEJUS impr\u00e8gne les acteurs locaux sur leurs r\u00f4le et responsabilit\u00e9 - 228 News","isPartOf":{"@id":"https:\/\/228news.tg\/#website"},"primaryImageOfPage":{"@id":"https:\/\/228news.tg\/index.php\/2019\/02\/12\/lutte-contre-les-changements-climatiques-la-cejus-impregne-les-acteurs-locaux-sur-leurs-role-et-responsabilite\/#primaryimage"},"image":{"@id":"https:\/\/228news.tg\/index.php\/2019\/02\/12\/lutte-contre-les-changements-climatiques-la-cejus-impregne-les-acteurs-locaux-sur-leurs-role-et-responsabilite\/#primaryimage"},"thumbnailUrl":"https:\/\/228news.tg\/wp-content\/uploads\/2024\/09\/photo_2018-01-30_14-04-57.jpg","datePublished":"2019-02-12T00:00:00+00:00","breadcrumb":{"@id":"https:\/\/228news.tg\/index.php\/2019\/02\/12\/lutte-contre-les-changements-climatiques-la-cejus-impregne-les-acteurs-locaux-sur-leurs-role-et-responsabilite\/#breadcrumb"},"inLanguage":"fr-FR","potentialAction":[{"@type":"ReadAction","target":["https:\/\/228news.tg\/index.php\/2019\/02\/12\/lutte-contre-les-changements-climatiques-la-cejus-impregne-les-acteurs-locaux-sur-leurs-role-et-responsabilite\/"]}]},{"@type":"ImageObject","inLanguage":"fr-FR","@id":"https:\/\/228news.tg\/index.php\/2019\/02\/12\/lutte-contre-les-changements-climatiques-la-cejus-impregne-les-acteurs-locaux-sur-leurs-role-et-responsabilite\/#primaryimage","url":"https:\/\/228news.tg\/wp-content\/uploads\/2024\/09\/photo_2018-01-30_14-04-57.jpg","contentUrl":"https:\/\/228news.tg\/wp-content\/uploads\/2024\/09\/photo_2018-01-30_14-04-57.jpg","width":554,"height":312},{"@type":"BreadcrumbList","@id":"https:\/\/228news.tg\/index.php\/2019\/02\/12\/lutte-contre-les-changements-climatiques-la-cejus-impregne-les-acteurs-locaux-sur-leurs-role-et-responsabilite\/#breadcrumb","itemListElement":[{"@type":"ListItem","position":1,"name":"Home","item":"https:\/\/228news.tg\/"},{"@type":"ListItem","position":2,"name":"Lutte contre les changements climatiques: La CEJUS impr\u00e8gne les acteurs locaux sur leurs r\u00f4le et responsabilit\u00e9"}]},{"@type":"WebSite","@id":"https:\/\/228news.tg\/#website","url":"https:\/\/228news.tg\/","name":"228 News","description":"Soci\u00e9t\u00e9 de m\u00e9dias et d\u2019actualit\u00e9s","publisher":{"@id":"https:\/\/228news.tg\/#organization"},"potentialAction":[{"@type":"SearchAction","target":{"@type":"EntryPoint","urlTemplate":"https:\/\/228news.tg\/?s={search_term_string}"},"query-input":{"@type":"PropertyValueSpecification","valueRequired":true,"valueName":"search_term_string"}}],"inLanguage":"fr-FR"},{"@type":"Organization","@id":"https:\/\/228news.tg\/#organization","name":"228 News","url":"https:\/\/228news.tg\/","logo":{"@type":"ImageObject","inLanguage":"fr-FR","@id":"https:\/\/228news.tg\/#\/schema\/logo\/image\/","url":"https:\/\/228news.tg\/wp-content\/uploads\/2024\/09\/logonew.png","contentUrl":"https:\/\/228news.tg\/wp-content\/uploads\/2024\/09\/logonew.png","width":1640,"height":364,"caption":"228 News"},"image":{"@id":"https:\/\/228news.tg\/#\/schema\/logo\/image\/"}},{"@type":"Person","@id":"https:\/\/228news.tg\/#\/schema\/person\/68d5a6cc0230290e61235c8379523f52","name":"Bienvenu SAVI","image":{"@type":"ImageObject","inLanguage":"fr-FR","@id":"https:\/\/228news.tg\/#\/schema\/person\/image\/","url":"https:\/\/secure.gravatar.com\/avatar\/9db91895c559e510509c33a3e9683998458e9b828fac36d5d1aa23f0f2fd369b?s=96&d=mm&r=g","contentUrl":"https:\/\/secure.gravatar.com\/avatar\/9db91895c559e510509c33a3e9683998458e9b828fac36d5d1aa23f0f2fd369b?s=96&d=mm&r=g","caption":"Bienvenu SAVI"},"url":"https:\/\/228news.tg\/index.php\/author\/bienvenu\/"}]}},"jetpack_featured_media_url":"https:\/\/228news.tg\/wp-content\/uploads\/2024\/09\/photo_2018-01-30_14-04-57.jpg","_links":{"self":[{"href":"https:\/\/228news.tg\/index.php\/wp-json\/wp\/v2\/posts\/2012","targetHints":{"allow":["GET"]}}],"collection":[{"href":"https:\/\/228news.tg\/index.php\/wp-json\/wp\/v2\/posts"}],"about":[{"href":"https:\/\/228news.tg\/index.php\/wp-json\/wp\/v2\/types\/post"}],"author":[{"embeddable":true,"href":"https:\/\/228news.tg\/index.php\/wp-json\/wp\/v2\/users\/2"}],"replies":[{"embeddable":true,"href":"https:\/\/228news.tg\/index.php\/wp-json\/wp\/v2\/comments?post=2012"}],"version-history":[{"count":0,"href":"https:\/\/228news.tg\/index.php\/wp-json\/wp\/v2\/posts\/2012\/revisions"}],"wp:featuredmedia":[{"embeddable":true,"href":"https:\/\/228news.tg\/index.php\/wp-json\/wp\/v2\/media\/1149"}],"wp:attachment":[{"href":"https:\/\/228news.tg\/index.php\/wp-json\/wp\/v2\/media?parent=2012"}],"wp:term":[{"taxonomy":"category","embeddable":true,"href":"https:\/\/228news.tg\/index.php\/wp-json\/wp\/v2\/categories?post=2012"},{"taxonomy":"post_tag","embeddable":true,"href":"https:\/\/228news.tg\/index.php\/wp-json\/wp\/v2\/tags?post=2012"}],"curies":[{"name":"wp","href":"https:\/\/api.w.org\/{rel}","templated":true}]}}