{"id":1995,"date":"2019-01-30T00:00:00","date_gmt":"2019-01-30T00:00:00","guid":{"rendered":"https:\/\/228news.tg\/index.php\/2019\/01\/30\/1er-vendredi-de-la-fiscalite-de-lannee-2019-les-nouvelles-dispositions-inscrites-dans-le-code-general-des-impots-au-coeur-des-discussions\/"},"modified":"2019-01-30T00:00:00","modified_gmt":"2019-01-30T00:00:00","slug":"1er-vendredi-de-la-fiscalite-de-lannee-2019-les-nouvelles-dispositions-inscrites-dans-le-code-general-des-impots-au-coeur-des-discussions","status":"publish","type":"post","link":"https:\/\/228news.tg\/index.php\/2019\/01\/30\/1er-vendredi-de-la-fiscalite-de-lannee-2019-les-nouvelles-dispositions-inscrites-dans-le-code-general-des-impots-au-coeur-des-discussions\/","title":{"rendered":"1er Vendredi de la fiscalit\u00e9 de l&rsquo;ann\u00e9e 2019: Les nouvelles dispositions inscrites dans le code g\u00e9n\u00e9ral des imp\u00f4ts, au c\u0153ur des discussions"},"content":{"rendered":"<p>(228NEWS\/ Lom\u00e9, le 30 janvier 2019)-\u00a0Le 1er acte du vendredi de la fiscalit\u00e9 pour le compte de l&rsquo;ann\u00e9e 2019 s&rsquo;est tenu ce 25 janvier \u00e0 l&rsquo;h\u00f4tel eda Oba dans la capitale togolaise.<\/p>\n<p>Elle a rassembl\u00e9 non seulement les experts du Cabinet d&rsquo;Audit, d&rsquo;Expertise Comptable et Fiscale (CAECO-FISC) et une quinzaine de Journalistes en Mission pour le D\u00e9veloppement (JMD) mais aussi pour la premi\u00e8re fois quelques op\u00e9rateurs du secteur priv\u00e9 d\u00e9sireux de s&rsquo;impr\u00e9gner davantage \u00e0 la source \u00e0 la chose fiscale.<\/p>\n<p>Au menu, les modifications intervenues et nouvelles dispositions contenues dans la loi de finances exercice 2019 pour le compte de la fiscalit\u00e9. Concr\u00e8tement, il s&rsquo;agit d&rsquo;apr\u00e8s le doyen Tiadji\u00e9ri Zimbiri, mod\u00e9rateur de la session, d&rsquo;une s\u00e9ance d&rsquo;appropriation de ces nouvelles dispositions.<\/p>\n<p>Tour \u00e0 tour, les experts Yakandji J\u00e9r\u00f4me et Adanlap\u00e9 Love ont d\u00e9nud\u00e9 les diff\u00e9rentes dispositions introduites dans le nouveau code g\u00e9n\u00e9ral des imp\u00f4ts, qu&rsquo;il s&rsquo;agisse du taux unique de la TVA qui est d\u00a0\u00bb\u00e9sormais de 18%, de la patente qui prend la place de la TP, du plancher de l&rsquo;IMF qui est dor\u00e9navant de 600.000 en lieux et place de 50.000.<\/p>\n<p>Les diff\u00e9rentes r\u00e9ductions des taux d&rsquo;imposition \u00e0 la TPU d\u00e9clarative, celle du taux de l&rsquo;IRPP,&#8230; n&rsquo;ont pas \u00e9t\u00e9 en marge.<\/p>\n<p>S\u00e9ance publique, ce vendredi de la fiscalit\u00e9 a \u00e9galement permis \u00e0 l&rsquo;auditoire d&rsquo;exposer la foison de questions li\u00e9es \u00e0 la mati\u00e8re et les difficult\u00e9s rencontr\u00e9es au quotidien face \u00e0 certains agents zel\u00e9s, d\u00e9sireux de plaire \u00e0 la hi\u00e9rarchie et qui font pour cela tout afin de maximiser les recettes, m\u00eames celles indues.<\/p>\n<p>Les diff\u00e9rentes r\u00e9ponses ont permis \u00e0 la communaut\u00e9 fiscaliste de la soir\u00e9e de convenir d&rsquo;une chose. Chaque entrepreneur, op\u00e9rateur, prestataire a b\u00e9soin d&rsquo;un conseil fiscal afin de prosp\u00e9rer.<\/p>\n<p><strong>D\u00e9mocrate\u00a0<\/strong><\/p>\n<p><strong>(00228) 91 85 40 14<\/strong><\/p>\n<p><strong>98 60 67 68<\/strong><\/p>\n<p><strong>democrate2010@gmail.com<\/strong><\/p>\n","protected":false},"excerpt":{"rendered":"<p>(228NEWS\/ Lom\u00e9, le 30 janvier 2019)-\u00a0Le 1er acte du vendredi de la fiscalit\u00e9 pour le compte de l&rsquo;ann\u00e9e 2019 s&rsquo;est tenu ce 25 janvier \u00e0 l&rsquo;h\u00f4tel eda Oba dans la capitale togolaise. Elle a rassembl\u00e9 non seulement les experts du Cabinet d&rsquo;Audit, d&rsquo;Expertise Comptable et Fiscale (CAECO-FISC) et une quinzaine de Journalistes en Mission pour &#8230; <a title=\"1er Vendredi de la fiscalit\u00e9 de l&rsquo;ann\u00e9e 2019: Les nouvelles dispositions inscrites dans le code g\u00e9n\u00e9ral des imp\u00f4ts, au c\u0153ur des discussions\" class=\"read-more\" href=\"https:\/\/228news.tg\/index.php\/2019\/01\/30\/1er-vendredi-de-la-fiscalite-de-lannee-2019-les-nouvelles-dispositions-inscrites-dans-le-code-general-des-impots-au-coeur-des-discussions\/\" aria-label=\"En savoir plus sur 1er Vendredi de la fiscalit\u00e9 de l&rsquo;ann\u00e9e 2019: Les nouvelles dispositions inscrites dans le code g\u00e9n\u00e9ral des imp\u00f4ts, au c\u0153ur des discussions\">Lire la suite<\/a><\/p>\n","protected":false},"author":2,"featured_media":1996,"comment_status":"open","ping_status":"open","sticky":false,"template":"","format":"standard","meta":{"footnotes":""},"categories":[30,35,25,34],"tags":[],"class_list":["post-1995","post","type-post","status-publish","format-standard","has-post-thumbnail","hentry","category-economie","category-flash","category-togo","category-une"],"yoast_head":"<!-- This site is optimized with the Yoast SEO plugin v26.4 - https:\/\/yoast.com\/wordpress\/plugins\/seo\/ -->\n<title>1er Vendredi de la fiscalit\u00e9 de l&#039;ann\u00e9e 2019: Les nouvelles dispositions inscrites dans le code g\u00e9n\u00e9ral des imp\u00f4ts, au c\u0153ur des discussions - 228 News<\/title>\n<meta name=\"robots\" content=\"index, follow, max-snippet:-1, max-image-preview:large, max-video-preview:-1\" \/>\n<link rel=\"canonical\" href=\"https:\/\/228news.tg\/index.php\/2019\/01\/30\/1er-vendredi-de-la-fiscalite-de-lannee-2019-les-nouvelles-dispositions-inscrites-dans-le-code-general-des-impots-au-coeur-des-discussions\/\" \/>\n<meta property=\"og:locale\" content=\"fr_FR\" \/>\n<meta property=\"og:type\" content=\"article\" \/>\n<meta property=\"og:title\" content=\"1er Vendredi de la fiscalit\u00e9 de l&#039;ann\u00e9e 2019: Les nouvelles dispositions inscrites dans le code g\u00e9n\u00e9ral des imp\u00f4ts, au c\u0153ur des discussions - 228 News\" \/>\n<meta property=\"og:description\" content=\"(228NEWS\/ Lom\u00e9, le 30 janvier 2019)-\u00a0Le 1er acte du vendredi de la fiscalit\u00e9 pour le compte de l&rsquo;ann\u00e9e 2019 s&rsquo;est tenu ce 25 janvier \u00e0 l&rsquo;h\u00f4tel eda Oba dans la capitale togolaise. Elle a rassembl\u00e9 non seulement les experts du Cabinet d&rsquo;Audit, d&rsquo;Expertise Comptable et Fiscale (CAECO-FISC) et une quinzaine de Journalistes en Mission pour ... Lire la suite\" \/>\n<meta property=\"og:url\" content=\"https:\/\/228news.tg\/index.php\/2019\/01\/30\/1er-vendredi-de-la-fiscalite-de-lannee-2019-les-nouvelles-dispositions-inscrites-dans-le-code-general-des-impots-au-coeur-des-discussions\/\" \/>\n<meta property=\"og:site_name\" content=\"228 News\" \/>\n<meta property=\"article:published_time\" content=\"2019-01-30T00:00:00+00:00\" \/>\n<meta property=\"og:image\" content=\"https:\/\/228news.tg\/wp-content\/uploads\/2024\/09\/IMG_20190125_161410.jpg\" \/>\n\t<meta property=\"og:image:width\" content=\"2560\" \/>\n\t<meta property=\"og:image:height\" content=\"1920\" \/>\n\t<meta property=\"og:image:type\" content=\"image\/jpeg\" \/>\n<meta name=\"author\" content=\"Bienvenu SAVI\" \/>\n<meta name=\"twitter:card\" content=\"summary_large_image\" \/>\n<meta name=\"twitter:label1\" content=\"\u00c9crit par\" \/>\n\t<meta name=\"twitter:data1\" content=\"Bienvenu SAVI\" \/>\n\t<meta name=\"twitter:label2\" content=\"Dur\u00e9e de lecture estim\u00e9e\" \/>\n\t<meta name=\"twitter:data2\" content=\"2 minutes\" \/>\n<script type=\"application\/ld+json\" class=\"yoast-schema-graph\">{\"@context\":\"https:\/\/schema.org\",\"@graph\":[{\"@type\":\"Article\",\"@id\":\"https:\/\/228news.tg\/index.php\/2019\/01\/30\/1er-vendredi-de-la-fiscalite-de-lannee-2019-les-nouvelles-dispositions-inscrites-dans-le-code-general-des-impots-au-coeur-des-discussions\/#article\",\"isPartOf\":{\"@id\":\"https:\/\/228news.tg\/index.php\/2019\/01\/30\/1er-vendredi-de-la-fiscalite-de-lannee-2019-les-nouvelles-dispositions-inscrites-dans-le-code-general-des-impots-au-coeur-des-discussions\/\"},\"author\":{\"name\":\"Bienvenu SAVI\",\"@id\":\"https:\/\/228news.tg\/#\/schema\/person\/68d5a6cc0230290e61235c8379523f52\"},\"headline\":\"1er Vendredi de la fiscalit\u00e9 de l&rsquo;ann\u00e9e 2019: Les nouvelles dispositions inscrites dans le code g\u00e9n\u00e9ral des imp\u00f4ts, au c\u0153ur des discussions\",\"datePublished\":\"2019-01-30T00:00:00+00:00\",\"mainEntityOfPage\":{\"@id\":\"https:\/\/228news.tg\/index.php\/2019\/01\/30\/1er-vendredi-de-la-fiscalite-de-lannee-2019-les-nouvelles-dispositions-inscrites-dans-le-code-general-des-impots-au-coeur-des-discussions\/\"},\"wordCount\":357,\"commentCount\":0,\"publisher\":{\"@id\":\"https:\/\/228news.tg\/#organization\"},\"image\":{\"@id\":\"https:\/\/228news.tg\/index.php\/2019\/01\/30\/1er-vendredi-de-la-fiscalite-de-lannee-2019-les-nouvelles-dispositions-inscrites-dans-le-code-general-des-impots-au-coeur-des-discussions\/#primaryimage\"},\"thumbnailUrl\":\"https:\/\/228news.tg\/wp-content\/uploads\/2024\/09\/IMG_20190125_161410.jpg\",\"articleSection\":[\"ECONOMIE\",\"Flash\",\"TOGO\",\"Une\"],\"inLanguage\":\"fr-FR\",\"potentialAction\":[{\"@type\":\"CommentAction\",\"name\":\"Comment\",\"target\":[\"https:\/\/228news.tg\/index.php\/2019\/01\/30\/1er-vendredi-de-la-fiscalite-de-lannee-2019-les-nouvelles-dispositions-inscrites-dans-le-code-general-des-impots-au-coeur-des-discussions\/#respond\"]}]},{\"@type\":\"WebPage\",\"@id\":\"https:\/\/228news.tg\/index.php\/2019\/01\/30\/1er-vendredi-de-la-fiscalite-de-lannee-2019-les-nouvelles-dispositions-inscrites-dans-le-code-general-des-impots-au-coeur-des-discussions\/\",\"url\":\"https:\/\/228news.tg\/index.php\/2019\/01\/30\/1er-vendredi-de-la-fiscalite-de-lannee-2019-les-nouvelles-dispositions-inscrites-dans-le-code-general-des-impots-au-coeur-des-discussions\/\",\"name\":\"1er Vendredi de la fiscalit\u00e9 de l'ann\u00e9e 2019: Les nouvelles dispositions inscrites dans le code g\u00e9n\u00e9ral des imp\u00f4ts, au c\u0153ur des discussions - 228 News\",\"isPartOf\":{\"@id\":\"https:\/\/228news.tg\/#website\"},\"primaryImageOfPage\":{\"@id\":\"https:\/\/228news.tg\/index.php\/2019\/01\/30\/1er-vendredi-de-la-fiscalite-de-lannee-2019-les-nouvelles-dispositions-inscrites-dans-le-code-general-des-impots-au-coeur-des-discussions\/#primaryimage\"},\"image\":{\"@id\":\"https:\/\/228news.tg\/index.php\/2019\/01\/30\/1er-vendredi-de-la-fiscalite-de-lannee-2019-les-nouvelles-dispositions-inscrites-dans-le-code-general-des-impots-au-coeur-des-discussions\/#primaryimage\"},\"thumbnailUrl\":\"https:\/\/228news.tg\/wp-content\/uploads\/2024\/09\/IMG_20190125_161410.jpg\",\"datePublished\":\"2019-01-30T00:00:00+00:00\",\"breadcrumb\":{\"@id\":\"https:\/\/228news.tg\/index.php\/2019\/01\/30\/1er-vendredi-de-la-fiscalite-de-lannee-2019-les-nouvelles-dispositions-inscrites-dans-le-code-general-des-impots-au-coeur-des-discussions\/#breadcrumb\"},\"inLanguage\":\"fr-FR\",\"potentialAction\":[{\"@type\":\"ReadAction\",\"target\":[\"https:\/\/228news.tg\/index.php\/2019\/01\/30\/1er-vendredi-de-la-fiscalite-de-lannee-2019-les-nouvelles-dispositions-inscrites-dans-le-code-general-des-impots-au-coeur-des-discussions\/\"]}]},{\"@type\":\"ImageObject\",\"inLanguage\":\"fr-FR\",\"@id\":\"https:\/\/228news.tg\/index.php\/2019\/01\/30\/1er-vendredi-de-la-fiscalite-de-lannee-2019-les-nouvelles-dispositions-inscrites-dans-le-code-general-des-impots-au-coeur-des-discussions\/#primaryimage\",\"url\":\"https:\/\/228news.tg\/wp-content\/uploads\/2024\/09\/IMG_20190125_161410.jpg\",\"contentUrl\":\"https:\/\/228news.tg\/wp-content\/uploads\/2024\/09\/IMG_20190125_161410.jpg\",\"width\":2560,\"height\":1920},{\"@type\":\"BreadcrumbList\",\"@id\":\"https:\/\/228news.tg\/index.php\/2019\/01\/30\/1er-vendredi-de-la-fiscalite-de-lannee-2019-les-nouvelles-dispositions-inscrites-dans-le-code-general-des-impots-au-coeur-des-discussions\/#breadcrumb\",\"itemListElement\":[{\"@type\":\"ListItem\",\"position\":1,\"name\":\"Home\",\"item\":\"https:\/\/228news.tg\/\"},{\"@type\":\"ListItem\",\"position\":2,\"name\":\"1er Vendredi de la fiscalit\u00e9 de l&rsquo;ann\u00e9e 2019: Les nouvelles dispositions inscrites dans le code g\u00e9n\u00e9ral des imp\u00f4ts, au c\u0153ur des discussions\"}]},{\"@type\":\"WebSite\",\"@id\":\"https:\/\/228news.tg\/#website\",\"url\":\"https:\/\/228news.tg\/\",\"name\":\"228 News\",\"description\":\"Soci\u00e9t\u00e9 de m\u00e9dias et d\u2019actualit\u00e9s\",\"publisher\":{\"@id\":\"https:\/\/228news.tg\/#organization\"},\"potentialAction\":[{\"@type\":\"SearchAction\",\"target\":{\"@type\":\"EntryPoint\",\"urlTemplate\":\"https:\/\/228news.tg\/?s={search_term_string}\"},\"query-input\":{\"@type\":\"PropertyValueSpecification\",\"valueRequired\":true,\"valueName\":\"search_term_string\"}}],\"inLanguage\":\"fr-FR\"},{\"@type\":\"Organization\",\"@id\":\"https:\/\/228news.tg\/#organization\",\"name\":\"228 News\",\"url\":\"https:\/\/228news.tg\/\",\"logo\":{\"@type\":\"ImageObject\",\"inLanguage\":\"fr-FR\",\"@id\":\"https:\/\/228news.tg\/#\/schema\/logo\/image\/\",\"url\":\"https:\/\/228news.tg\/wp-content\/uploads\/2024\/09\/logonew.png\",\"contentUrl\":\"https:\/\/228news.tg\/wp-content\/uploads\/2024\/09\/logonew.png\",\"width\":1640,\"height\":364,\"caption\":\"228 News\"},\"image\":{\"@id\":\"https:\/\/228news.tg\/#\/schema\/logo\/image\/\"}},{\"@type\":\"Person\",\"@id\":\"https:\/\/228news.tg\/#\/schema\/person\/68d5a6cc0230290e61235c8379523f52\",\"name\":\"Bienvenu SAVI\",\"image\":{\"@type\":\"ImageObject\",\"inLanguage\":\"fr-FR\",\"@id\":\"https:\/\/228news.tg\/#\/schema\/person\/image\/\",\"url\":\"https:\/\/secure.gravatar.com\/avatar\/9db91895c559e510509c33a3e9683998458e9b828fac36d5d1aa23f0f2fd369b?s=96&d=mm&r=g\",\"contentUrl\":\"https:\/\/secure.gravatar.com\/avatar\/9db91895c559e510509c33a3e9683998458e9b828fac36d5d1aa23f0f2fd369b?s=96&d=mm&r=g\",\"caption\":\"Bienvenu SAVI\"},\"url\":\"https:\/\/228news.tg\/index.php\/author\/bienvenu\/\"}]}<\/script>\n<!-- \/ Yoast SEO plugin. -->","yoast_head_json":{"title":"1er Vendredi de la fiscalit\u00e9 de l'ann\u00e9e 2019: Les nouvelles dispositions inscrites dans le code g\u00e9n\u00e9ral des imp\u00f4ts, au c\u0153ur des discussions - 228 News","robots":{"index":"index","follow":"follow","max-snippet":"max-snippet:-1","max-image-preview":"max-image-preview:large","max-video-preview":"max-video-preview:-1"},"canonical":"https:\/\/228news.tg\/index.php\/2019\/01\/30\/1er-vendredi-de-la-fiscalite-de-lannee-2019-les-nouvelles-dispositions-inscrites-dans-le-code-general-des-impots-au-coeur-des-discussions\/","og_locale":"fr_FR","og_type":"article","og_title":"1er Vendredi de la fiscalit\u00e9 de l'ann\u00e9e 2019: Les nouvelles dispositions inscrites dans le code g\u00e9n\u00e9ral des imp\u00f4ts, au c\u0153ur des discussions - 228 News","og_description":"(228NEWS\/ Lom\u00e9, le 30 janvier 2019)-\u00a0Le 1er acte du vendredi de la fiscalit\u00e9 pour le compte de l&rsquo;ann\u00e9e 2019 s&rsquo;est tenu ce 25 janvier \u00e0 l&rsquo;h\u00f4tel eda Oba dans la capitale togolaise. Elle a rassembl\u00e9 non seulement les experts du Cabinet d&rsquo;Audit, d&rsquo;Expertise Comptable et Fiscale (CAECO-FISC) et une quinzaine de Journalistes en Mission pour ... Lire la suite","og_url":"https:\/\/228news.tg\/index.php\/2019\/01\/30\/1er-vendredi-de-la-fiscalite-de-lannee-2019-les-nouvelles-dispositions-inscrites-dans-le-code-general-des-impots-au-coeur-des-discussions\/","og_site_name":"228 News","article_published_time":"2019-01-30T00:00:00+00:00","og_image":[{"width":2560,"height":1920,"url":"https:\/\/228news.tg\/wp-content\/uploads\/2024\/09\/IMG_20190125_161410.jpg","type":"image\/jpeg"}],"author":"Bienvenu SAVI","twitter_card":"summary_large_image","twitter_misc":{"\u00c9crit par":"Bienvenu SAVI","Dur\u00e9e de lecture estim\u00e9e":"2 minutes"},"schema":{"@context":"https:\/\/schema.org","@graph":[{"@type":"Article","@id":"https:\/\/228news.tg\/index.php\/2019\/01\/30\/1er-vendredi-de-la-fiscalite-de-lannee-2019-les-nouvelles-dispositions-inscrites-dans-le-code-general-des-impots-au-coeur-des-discussions\/#article","isPartOf":{"@id":"https:\/\/228news.tg\/index.php\/2019\/01\/30\/1er-vendredi-de-la-fiscalite-de-lannee-2019-les-nouvelles-dispositions-inscrites-dans-le-code-general-des-impots-au-coeur-des-discussions\/"},"author":{"name":"Bienvenu SAVI","@id":"https:\/\/228news.tg\/#\/schema\/person\/68d5a6cc0230290e61235c8379523f52"},"headline":"1er Vendredi de la fiscalit\u00e9 de l&rsquo;ann\u00e9e 2019: Les nouvelles dispositions inscrites dans le code g\u00e9n\u00e9ral des imp\u00f4ts, au c\u0153ur des discussions","datePublished":"2019-01-30T00:00:00+00:00","mainEntityOfPage":{"@id":"https:\/\/228news.tg\/index.php\/2019\/01\/30\/1er-vendredi-de-la-fiscalite-de-lannee-2019-les-nouvelles-dispositions-inscrites-dans-le-code-general-des-impots-au-coeur-des-discussions\/"},"wordCount":357,"commentCount":0,"publisher":{"@id":"https:\/\/228news.tg\/#organization"},"image":{"@id":"https:\/\/228news.tg\/index.php\/2019\/01\/30\/1er-vendredi-de-la-fiscalite-de-lannee-2019-les-nouvelles-dispositions-inscrites-dans-le-code-general-des-impots-au-coeur-des-discussions\/#primaryimage"},"thumbnailUrl":"https:\/\/228news.tg\/wp-content\/uploads\/2024\/09\/IMG_20190125_161410.jpg","articleSection":["ECONOMIE","Flash","TOGO","Une"],"inLanguage":"fr-FR","potentialAction":[{"@type":"CommentAction","name":"Comment","target":["https:\/\/228news.tg\/index.php\/2019\/01\/30\/1er-vendredi-de-la-fiscalite-de-lannee-2019-les-nouvelles-dispositions-inscrites-dans-le-code-general-des-impots-au-coeur-des-discussions\/#respond"]}]},{"@type":"WebPage","@id":"https:\/\/228news.tg\/index.php\/2019\/01\/30\/1er-vendredi-de-la-fiscalite-de-lannee-2019-les-nouvelles-dispositions-inscrites-dans-le-code-general-des-impots-au-coeur-des-discussions\/","url":"https:\/\/228news.tg\/index.php\/2019\/01\/30\/1er-vendredi-de-la-fiscalite-de-lannee-2019-les-nouvelles-dispositions-inscrites-dans-le-code-general-des-impots-au-coeur-des-discussions\/","name":"1er Vendredi de la fiscalit\u00e9 de l'ann\u00e9e 2019: Les nouvelles dispositions inscrites dans le code g\u00e9n\u00e9ral des imp\u00f4ts, au c\u0153ur des discussions - 228 News","isPartOf":{"@id":"https:\/\/228news.tg\/#website"},"primaryImageOfPage":{"@id":"https:\/\/228news.tg\/index.php\/2019\/01\/30\/1er-vendredi-de-la-fiscalite-de-lannee-2019-les-nouvelles-dispositions-inscrites-dans-le-code-general-des-impots-au-coeur-des-discussions\/#primaryimage"},"image":{"@id":"https:\/\/228news.tg\/index.php\/2019\/01\/30\/1er-vendredi-de-la-fiscalite-de-lannee-2019-les-nouvelles-dispositions-inscrites-dans-le-code-general-des-impots-au-coeur-des-discussions\/#primaryimage"},"thumbnailUrl":"https:\/\/228news.tg\/wp-content\/uploads\/2024\/09\/IMG_20190125_161410.jpg","datePublished":"2019-01-30T00:00:00+00:00","breadcrumb":{"@id":"https:\/\/228news.tg\/index.php\/2019\/01\/30\/1er-vendredi-de-la-fiscalite-de-lannee-2019-les-nouvelles-dispositions-inscrites-dans-le-code-general-des-impots-au-coeur-des-discussions\/#breadcrumb"},"inLanguage":"fr-FR","potentialAction":[{"@type":"ReadAction","target":["https:\/\/228news.tg\/index.php\/2019\/01\/30\/1er-vendredi-de-la-fiscalite-de-lannee-2019-les-nouvelles-dispositions-inscrites-dans-le-code-general-des-impots-au-coeur-des-discussions\/"]}]},{"@type":"ImageObject","inLanguage":"fr-FR","@id":"https:\/\/228news.tg\/index.php\/2019\/01\/30\/1er-vendredi-de-la-fiscalite-de-lannee-2019-les-nouvelles-dispositions-inscrites-dans-le-code-general-des-impots-au-coeur-des-discussions\/#primaryimage","url":"https:\/\/228news.tg\/wp-content\/uploads\/2024\/09\/IMG_20190125_161410.jpg","contentUrl":"https:\/\/228news.tg\/wp-content\/uploads\/2024\/09\/IMG_20190125_161410.jpg","width":2560,"height":1920},{"@type":"BreadcrumbList","@id":"https:\/\/228news.tg\/index.php\/2019\/01\/30\/1er-vendredi-de-la-fiscalite-de-lannee-2019-les-nouvelles-dispositions-inscrites-dans-le-code-general-des-impots-au-coeur-des-discussions\/#breadcrumb","itemListElement":[{"@type":"ListItem","position":1,"name":"Home","item":"https:\/\/228news.tg\/"},{"@type":"ListItem","position":2,"name":"1er Vendredi de la fiscalit\u00e9 de l&rsquo;ann\u00e9e 2019: Les nouvelles dispositions inscrites dans le code g\u00e9n\u00e9ral des imp\u00f4ts, au c\u0153ur des discussions"}]},{"@type":"WebSite","@id":"https:\/\/228news.tg\/#website","url":"https:\/\/228news.tg\/","name":"228 News","description":"Soci\u00e9t\u00e9 de m\u00e9dias et d\u2019actualit\u00e9s","publisher":{"@id":"https:\/\/228news.tg\/#organization"},"potentialAction":[{"@type":"SearchAction","target":{"@type":"EntryPoint","urlTemplate":"https:\/\/228news.tg\/?s={search_term_string}"},"query-input":{"@type":"PropertyValueSpecification","valueRequired":true,"valueName":"search_term_string"}}],"inLanguage":"fr-FR"},{"@type":"Organization","@id":"https:\/\/228news.tg\/#organization","name":"228 News","url":"https:\/\/228news.tg\/","logo":{"@type":"ImageObject","inLanguage":"fr-FR","@id":"https:\/\/228news.tg\/#\/schema\/logo\/image\/","url":"https:\/\/228news.tg\/wp-content\/uploads\/2024\/09\/logonew.png","contentUrl":"https:\/\/228news.tg\/wp-content\/uploads\/2024\/09\/logonew.png","width":1640,"height":364,"caption":"228 News"},"image":{"@id":"https:\/\/228news.tg\/#\/schema\/logo\/image\/"}},{"@type":"Person","@id":"https:\/\/228news.tg\/#\/schema\/person\/68d5a6cc0230290e61235c8379523f52","name":"Bienvenu SAVI","image":{"@type":"ImageObject","inLanguage":"fr-FR","@id":"https:\/\/228news.tg\/#\/schema\/person\/image\/","url":"https:\/\/secure.gravatar.com\/avatar\/9db91895c559e510509c33a3e9683998458e9b828fac36d5d1aa23f0f2fd369b?s=96&d=mm&r=g","contentUrl":"https:\/\/secure.gravatar.com\/avatar\/9db91895c559e510509c33a3e9683998458e9b828fac36d5d1aa23f0f2fd369b?s=96&d=mm&r=g","caption":"Bienvenu SAVI"},"url":"https:\/\/228news.tg\/index.php\/author\/bienvenu\/"}]}},"jetpack_featured_media_url":"https:\/\/228news.tg\/wp-content\/uploads\/2024\/09\/IMG_20190125_161410.jpg","_links":{"self":[{"href":"https:\/\/228news.tg\/index.php\/wp-json\/wp\/v2\/posts\/1995","targetHints":{"allow":["GET"]}}],"collection":[{"href":"https:\/\/228news.tg\/index.php\/wp-json\/wp\/v2\/posts"}],"about":[{"href":"https:\/\/228news.tg\/index.php\/wp-json\/wp\/v2\/types\/post"}],"author":[{"embeddable":true,"href":"https:\/\/228news.tg\/index.php\/wp-json\/wp\/v2\/users\/2"}],"replies":[{"embeddable":true,"href":"https:\/\/228news.tg\/index.php\/wp-json\/wp\/v2\/comments?post=1995"}],"version-history":[{"count":0,"href":"https:\/\/228news.tg\/index.php\/wp-json\/wp\/v2\/posts\/1995\/revisions"}],"wp:featuredmedia":[{"embeddable":true,"href":"https:\/\/228news.tg\/index.php\/wp-json\/wp\/v2\/media\/1996"}],"wp:attachment":[{"href":"https:\/\/228news.tg\/index.php\/wp-json\/wp\/v2\/media?parent=1995"}],"wp:term":[{"taxonomy":"category","embeddable":true,"href":"https:\/\/228news.tg\/index.php\/wp-json\/wp\/v2\/categories?post=1995"},{"taxonomy":"post_tag","embeddable":true,"href":"https:\/\/228news.tg\/index.php\/wp-json\/wp\/v2\/tags?post=1995"}],"curies":[{"name":"wp","href":"https:\/\/api.w.org\/{rel}","templated":true}]}}