{"id":1974,"date":"2019-01-04T00:00:00","date_gmt":"2019-01-04T00:00:00","guid":{"rendered":"https:\/\/228news.tg\/index.php\/2019\/01\/04\/concerts-de-fin-dannee-dedies-a-la-jeunesse-apres-dapaong-letape-de-kara-franchie\/"},"modified":"2024-09-09T14:07:56","modified_gmt":"2024-09-09T14:07:56","slug":"concerts-de-fin-dannee-dedies-a-la-jeunesse-apres-dapaong-letape-de-kara-franchie","status":"publish","type":"post","link":"https:\/\/228news.tg\/index.php\/2019\/01\/04\/concerts-de-fin-dannee-dedies-a-la-jeunesse-apres-dapaong-letape-de-kara-franchie\/","title":{"rendered":"Concerts de fin d\u2019ann\u00e9e d\u00e9di\u00e9s \u00e0 la jeunesse Apr\u00e8s Dapaong, l\u2019\u00e9tape de Kara franchie"},"content":{"rendered":"<p>(228NEWS\/ Lom\u00e9, le 04 janvier 2019)- Le minist\u00e8re en charge de la jeunesse organise, comme il est de coutume depuis quelques ann\u00e9es, des concerts de fin d\u2019ann\u00e9e d\u00e9di\u00e9 \u00e0 la jeunesse.<\/p>\n<p><img fetchpriority=\"high\" decoding=\"async\" class=\"alignnone size-medium wp-image-3743 alignleft\" src=\"https:\/\/228news.tg\/wp-content\/uploads\/2024\/09\/photo_2019-01-04_17-50-01-300x203.jpg\" alt=\"\" width=\"300\" height=\"203\" \/>C\u2019est la ville de Dapaong qui a ouvert le bal de cette c\u00e9l\u00e9bration ax\u00e9e cette ann\u00e9e sur le th\u00e8me \u00ab\u00a02019, ann\u00e9e citoyenne\u00a0\u00bb. C\u2019\u00e9tait le 31 d\u00e9cembre dernier sur l\u2019esplanade de la pr\u00e9fecture de T\u00f4ne. Apr\u00e8s Dapaong, Kara a accueilli le spectacle le 2 janvier.<\/p>\n<p>Que ce soit \u00e0 Dapaong comme \u00e0 Kara, les jeunes sont sortis massivement faire la f\u00eate. Ils ont \u00e9galement \u00e9t\u00e9 sensibilis\u00e9s sur la promotion des valeurs citoyennes, des comportements civiques, la lutte contre la violence, la culture de la paix, le respect des institutions de la r\u00e9publique, la pr\u00e9vention des fl\u00e9aux sociaux.\u00a0<img decoding=\"async\" class=\"alignnone size-medium wp-image-3744 alignright\" src=\"https:\/\/228news.tg\/wp-content\/uploads\/2024\/09\/photo_2019-01-04_18-00-17-300x200.jpg\" alt=\"\" width=\"300\" height=\"200\" \/><\/p>\n<p>Pendant plus de 4h d\u2019horloge pour chaque spectacle, les artistes ont su tenir en haleine le public. On pouvait voir sur sc\u00e8ne Tony X, Max Fire, Mic Flamz, King\u00a0Maz, Black T, Eug\u00e8ne Ablodevi et d\u2019autres artistes locaux.<\/p>\n<p>Apr\u00e8s Dapaong, Kara, Tchamba, les villes d&rsquo;Atakpame et tsevie vont \u00e0 leur tour accueillir les concerts le vendredi 04 et le dimanche 06 janvier 2019.<\/p>\n<p><em><strong>228NEWS<\/strong><\/em><\/p>\n","protected":false},"excerpt":{"rendered":"<p>(228NEWS\/ Lom\u00e9, le 04 janvier 2019)- Le minist\u00e8re en charge de la jeunesse organise, comme il est de coutume depuis quelques ann\u00e9es, des concerts de fin d\u2019ann\u00e9e d\u00e9di\u00e9 \u00e0 la jeunesse. C\u2019est la ville de Dapaong qui a ouvert le bal de cette c\u00e9l\u00e9bration ax\u00e9e cette ann\u00e9e sur le th\u00e8me \u00ab\u00a02019, ann\u00e9e citoyenne\u00a0\u00bb. C\u2019\u00e9tait le &#8230; <a title=\"Concerts de fin d\u2019ann\u00e9e d\u00e9di\u00e9s \u00e0 la jeunesse Apr\u00e8s Dapaong, l\u2019\u00e9tape de Kara franchie\" class=\"read-more\" href=\"https:\/\/228news.tg\/index.php\/2019\/01\/04\/concerts-de-fin-dannee-dedies-a-la-jeunesse-apres-dapaong-letape-de-kara-franchie\/\" aria-label=\"En savoir plus sur Concerts de fin d\u2019ann\u00e9e d\u00e9di\u00e9s \u00e0 la jeunesse Apr\u00e8s Dapaong, l\u2019\u00e9tape de Kara franchie\">Lire la suite<\/a><\/p>\n","protected":false},"author":2,"featured_media":1978,"comment_status":"open","ping_status":"open","sticky":false,"template":"","format":"standard","meta":{"footnotes":""},"categories":[35,29,25,34],"tags":[],"class_list":["post-1974","post","type-post","status-publish","format-standard","has-post-thumbnail","hentry","category-flash","category-societe","category-togo","category-une"],"yoast_head":"<!-- This site is optimized with the Yoast SEO plugin v26.4 - https:\/\/yoast.com\/wordpress\/plugins\/seo\/ -->\n<title>Concerts de fin d\u2019ann\u00e9e d\u00e9di\u00e9s \u00e0 la jeunesse Apr\u00e8s Dapaong, l\u2019\u00e9tape de Kara franchie - 228 News<\/title>\n<meta name=\"robots\" content=\"index, follow, max-snippet:-1, max-image-preview:large, max-video-preview:-1\" \/>\n<link rel=\"canonical\" href=\"https:\/\/228news.tg\/index.php\/2019\/01\/04\/concerts-de-fin-dannee-dedies-a-la-jeunesse-apres-dapaong-letape-de-kara-franchie\/\" \/>\n<meta property=\"og:locale\" content=\"fr_FR\" \/>\n<meta property=\"og:type\" content=\"article\" \/>\n<meta property=\"og:title\" content=\"Concerts de fin d\u2019ann\u00e9e d\u00e9di\u00e9s \u00e0 la jeunesse Apr\u00e8s Dapaong, l\u2019\u00e9tape de Kara franchie - 228 News\" \/>\n<meta property=\"og:description\" content=\"(228NEWS\/ Lom\u00e9, le 04 janvier 2019)- Le minist\u00e8re en charge de la jeunesse organise, comme il est de coutume depuis quelques ann\u00e9es, des concerts de fin d\u2019ann\u00e9e d\u00e9di\u00e9 \u00e0 la jeunesse. C\u2019est la ville de Dapaong qui a ouvert le bal de cette c\u00e9l\u00e9bration ax\u00e9e cette ann\u00e9e sur le th\u00e8me \u00ab\u00a02019, ann\u00e9e citoyenne\u00a0\u00bb. C\u2019\u00e9tait le ... Lire la suite\" \/>\n<meta property=\"og:url\" content=\"https:\/\/228news.tg\/index.php\/2019\/01\/04\/concerts-de-fin-dannee-dedies-a-la-jeunesse-apres-dapaong-letape-de-kara-franchie\/\" \/>\n<meta property=\"og:site_name\" content=\"228 News\" \/>\n<meta property=\"article:published_time\" content=\"2019-01-04T00:00:00+00:00\" \/>\n<meta property=\"article:modified_time\" content=\"2024-09-09T14:07:56+00:00\" \/>\n<meta property=\"og:image\" content=\"https:\/\/228news.tg\/wp-content\/uploads\/2024\/09\/photo_2019-01-04_18-00-23.jpg\" \/>\n\t<meta property=\"og:image:width\" content=\"1080\" \/>\n\t<meta property=\"og:image:height\" content=\"720\" \/>\n\t<meta property=\"og:image:type\" content=\"image\/jpeg\" \/>\n<meta name=\"author\" content=\"Bienvenu SAVI\" \/>\n<meta name=\"twitter:card\" content=\"summary_large_image\" \/>\n<meta name=\"twitter:label1\" content=\"\u00c9crit par\" \/>\n\t<meta name=\"twitter:data1\" content=\"Bienvenu SAVI\" \/>\n\t<meta name=\"twitter:label2\" content=\"Dur\u00e9e de lecture estim\u00e9e\" \/>\n\t<meta name=\"twitter:data2\" content=\"1 minute\" \/>\n<script type=\"application\/ld+json\" class=\"yoast-schema-graph\">{\"@context\":\"https:\/\/schema.org\",\"@graph\":[{\"@type\":\"Article\",\"@id\":\"https:\/\/228news.tg\/index.php\/2019\/01\/04\/concerts-de-fin-dannee-dedies-a-la-jeunesse-apres-dapaong-letape-de-kara-franchie\/#article\",\"isPartOf\":{\"@id\":\"https:\/\/228news.tg\/index.php\/2019\/01\/04\/concerts-de-fin-dannee-dedies-a-la-jeunesse-apres-dapaong-letape-de-kara-franchie\/\"},\"author\":{\"name\":\"Bienvenu SAVI\",\"@id\":\"https:\/\/228news.tg\/#\/schema\/person\/68d5a6cc0230290e61235c8379523f52\"},\"headline\":\"Concerts de fin d\u2019ann\u00e9e d\u00e9di\u00e9s \u00e0 la jeunesse Apr\u00e8s Dapaong, l\u2019\u00e9tape de Kara franchie\",\"datePublished\":\"2019-01-04T00:00:00+00:00\",\"dateModified\":\"2024-09-09T14:07:56+00:00\",\"mainEntityOfPage\":{\"@id\":\"https:\/\/228news.tg\/index.php\/2019\/01\/04\/concerts-de-fin-dannee-dedies-a-la-jeunesse-apres-dapaong-letape-de-kara-franchie\/\"},\"wordCount\":228,\"commentCount\":0,\"publisher\":{\"@id\":\"https:\/\/228news.tg\/#organization\"},\"image\":{\"@id\":\"https:\/\/228news.tg\/index.php\/2019\/01\/04\/concerts-de-fin-dannee-dedies-a-la-jeunesse-apres-dapaong-letape-de-kara-franchie\/#primaryimage\"},\"thumbnailUrl\":\"https:\/\/228news.tg\/wp-content\/uploads\/2024\/09\/photo_2019-01-04_18-00-23.jpg\",\"articleSection\":[\"Flash\",\"SOCIETE\",\"TOGO\",\"Une\"],\"inLanguage\":\"fr-FR\",\"potentialAction\":[{\"@type\":\"CommentAction\",\"name\":\"Comment\",\"target\":[\"https:\/\/228news.tg\/index.php\/2019\/01\/04\/concerts-de-fin-dannee-dedies-a-la-jeunesse-apres-dapaong-letape-de-kara-franchie\/#respond\"]}]},{\"@type\":\"WebPage\",\"@id\":\"https:\/\/228news.tg\/index.php\/2019\/01\/04\/concerts-de-fin-dannee-dedies-a-la-jeunesse-apres-dapaong-letape-de-kara-franchie\/\",\"url\":\"https:\/\/228news.tg\/index.php\/2019\/01\/04\/concerts-de-fin-dannee-dedies-a-la-jeunesse-apres-dapaong-letape-de-kara-franchie\/\",\"name\":\"Concerts de fin d\u2019ann\u00e9e d\u00e9di\u00e9s \u00e0 la jeunesse Apr\u00e8s Dapaong, l\u2019\u00e9tape de Kara franchie - 228 News\",\"isPartOf\":{\"@id\":\"https:\/\/228news.tg\/#website\"},\"primaryImageOfPage\":{\"@id\":\"https:\/\/228news.tg\/index.php\/2019\/01\/04\/concerts-de-fin-dannee-dedies-a-la-jeunesse-apres-dapaong-letape-de-kara-franchie\/#primaryimage\"},\"image\":{\"@id\":\"https:\/\/228news.tg\/index.php\/2019\/01\/04\/concerts-de-fin-dannee-dedies-a-la-jeunesse-apres-dapaong-letape-de-kara-franchie\/#primaryimage\"},\"thumbnailUrl\":\"https:\/\/228news.tg\/wp-content\/uploads\/2024\/09\/photo_2019-01-04_18-00-23.jpg\",\"datePublished\":\"2019-01-04T00:00:00+00:00\",\"dateModified\":\"2024-09-09T14:07:56+00:00\",\"breadcrumb\":{\"@id\":\"https:\/\/228news.tg\/index.php\/2019\/01\/04\/concerts-de-fin-dannee-dedies-a-la-jeunesse-apres-dapaong-letape-de-kara-franchie\/#breadcrumb\"},\"inLanguage\":\"fr-FR\",\"potentialAction\":[{\"@type\":\"ReadAction\",\"target\":[\"https:\/\/228news.tg\/index.php\/2019\/01\/04\/concerts-de-fin-dannee-dedies-a-la-jeunesse-apres-dapaong-letape-de-kara-franchie\/\"]}]},{\"@type\":\"ImageObject\",\"inLanguage\":\"fr-FR\",\"@id\":\"https:\/\/228news.tg\/index.php\/2019\/01\/04\/concerts-de-fin-dannee-dedies-a-la-jeunesse-apres-dapaong-letape-de-kara-franchie\/#primaryimage\",\"url\":\"https:\/\/228news.tg\/wp-content\/uploads\/2024\/09\/photo_2019-01-04_18-00-23.jpg\",\"contentUrl\":\"https:\/\/228news.tg\/wp-content\/uploads\/2024\/09\/photo_2019-01-04_18-00-23.jpg\",\"width\":1080,\"height\":720},{\"@type\":\"BreadcrumbList\",\"@id\":\"https:\/\/228news.tg\/index.php\/2019\/01\/04\/concerts-de-fin-dannee-dedies-a-la-jeunesse-apres-dapaong-letape-de-kara-franchie\/#breadcrumb\",\"itemListElement\":[{\"@type\":\"ListItem\",\"position\":1,\"name\":\"Home\",\"item\":\"https:\/\/228news.tg\/\"},{\"@type\":\"ListItem\",\"position\":2,\"name\":\"Concerts de fin d\u2019ann\u00e9e d\u00e9di\u00e9s \u00e0 la jeunesse Apr\u00e8s Dapaong, l\u2019\u00e9tape de Kara franchie\"}]},{\"@type\":\"WebSite\",\"@id\":\"https:\/\/228news.tg\/#website\",\"url\":\"https:\/\/228news.tg\/\",\"name\":\"228 News\",\"description\":\"Soci\u00e9t\u00e9 de m\u00e9dias et d\u2019actualit\u00e9s\",\"publisher\":{\"@id\":\"https:\/\/228news.tg\/#organization\"},\"potentialAction\":[{\"@type\":\"SearchAction\",\"target\":{\"@type\":\"EntryPoint\",\"urlTemplate\":\"https:\/\/228news.tg\/?s={search_term_string}\"},\"query-input\":{\"@type\":\"PropertyValueSpecification\",\"valueRequired\":true,\"valueName\":\"search_term_string\"}}],\"inLanguage\":\"fr-FR\"},{\"@type\":\"Organization\",\"@id\":\"https:\/\/228news.tg\/#organization\",\"name\":\"228 News\",\"url\":\"https:\/\/228news.tg\/\",\"logo\":{\"@type\":\"ImageObject\",\"inLanguage\":\"fr-FR\",\"@id\":\"https:\/\/228news.tg\/#\/schema\/logo\/image\/\",\"url\":\"https:\/\/228news.tg\/wp-content\/uploads\/2024\/09\/logonew.png\",\"contentUrl\":\"https:\/\/228news.tg\/wp-content\/uploads\/2024\/09\/logonew.png\",\"width\":1640,\"height\":364,\"caption\":\"228 News\"},\"image\":{\"@id\":\"https:\/\/228news.tg\/#\/schema\/logo\/image\/\"}},{\"@type\":\"Person\",\"@id\":\"https:\/\/228news.tg\/#\/schema\/person\/68d5a6cc0230290e61235c8379523f52\",\"name\":\"Bienvenu SAVI\",\"image\":{\"@type\":\"ImageObject\",\"inLanguage\":\"fr-FR\",\"@id\":\"https:\/\/228news.tg\/#\/schema\/person\/image\/\",\"url\":\"https:\/\/secure.gravatar.com\/avatar\/9db91895c559e510509c33a3e9683998458e9b828fac36d5d1aa23f0f2fd369b?s=96&d=mm&r=g\",\"contentUrl\":\"https:\/\/secure.gravatar.com\/avatar\/9db91895c559e510509c33a3e9683998458e9b828fac36d5d1aa23f0f2fd369b?s=96&d=mm&r=g\",\"caption\":\"Bienvenu SAVI\"},\"url\":\"https:\/\/228news.tg\/index.php\/author\/bienvenu\/\"}]}<\/script>\n<!-- \/ Yoast SEO plugin. -->","yoast_head_json":{"title":"Concerts de fin d\u2019ann\u00e9e d\u00e9di\u00e9s \u00e0 la jeunesse Apr\u00e8s Dapaong, l\u2019\u00e9tape de Kara franchie - 228 News","robots":{"index":"index","follow":"follow","max-snippet":"max-snippet:-1","max-image-preview":"max-image-preview:large","max-video-preview":"max-video-preview:-1"},"canonical":"https:\/\/228news.tg\/index.php\/2019\/01\/04\/concerts-de-fin-dannee-dedies-a-la-jeunesse-apres-dapaong-letape-de-kara-franchie\/","og_locale":"fr_FR","og_type":"article","og_title":"Concerts de fin d\u2019ann\u00e9e d\u00e9di\u00e9s \u00e0 la jeunesse Apr\u00e8s Dapaong, l\u2019\u00e9tape de Kara franchie - 228 News","og_description":"(228NEWS\/ Lom\u00e9, le 04 janvier 2019)- Le minist\u00e8re en charge de la jeunesse organise, comme il est de coutume depuis quelques ann\u00e9es, des concerts de fin d\u2019ann\u00e9e d\u00e9di\u00e9 \u00e0 la jeunesse. C\u2019est la ville de Dapaong qui a ouvert le bal de cette c\u00e9l\u00e9bration ax\u00e9e cette ann\u00e9e sur le th\u00e8me \u00ab\u00a02019, ann\u00e9e citoyenne\u00a0\u00bb. C\u2019\u00e9tait le ... Lire la suite","og_url":"https:\/\/228news.tg\/index.php\/2019\/01\/04\/concerts-de-fin-dannee-dedies-a-la-jeunesse-apres-dapaong-letape-de-kara-franchie\/","og_site_name":"228 News","article_published_time":"2019-01-04T00:00:00+00:00","article_modified_time":"2024-09-09T14:07:56+00:00","og_image":[{"width":1080,"height":720,"url":"https:\/\/228news.tg\/wp-content\/uploads\/2024\/09\/photo_2019-01-04_18-00-23.jpg","type":"image\/jpeg"}],"author":"Bienvenu SAVI","twitter_card":"summary_large_image","twitter_misc":{"\u00c9crit par":"Bienvenu SAVI","Dur\u00e9e de lecture estim\u00e9e":"1 minute"},"schema":{"@context":"https:\/\/schema.org","@graph":[{"@type":"Article","@id":"https:\/\/228news.tg\/index.php\/2019\/01\/04\/concerts-de-fin-dannee-dedies-a-la-jeunesse-apres-dapaong-letape-de-kara-franchie\/#article","isPartOf":{"@id":"https:\/\/228news.tg\/index.php\/2019\/01\/04\/concerts-de-fin-dannee-dedies-a-la-jeunesse-apres-dapaong-letape-de-kara-franchie\/"},"author":{"name":"Bienvenu SAVI","@id":"https:\/\/228news.tg\/#\/schema\/person\/68d5a6cc0230290e61235c8379523f52"},"headline":"Concerts de fin d\u2019ann\u00e9e d\u00e9di\u00e9s \u00e0 la jeunesse Apr\u00e8s Dapaong, l\u2019\u00e9tape de Kara franchie","datePublished":"2019-01-04T00:00:00+00:00","dateModified":"2024-09-09T14:07:56+00:00","mainEntityOfPage":{"@id":"https:\/\/228news.tg\/index.php\/2019\/01\/04\/concerts-de-fin-dannee-dedies-a-la-jeunesse-apres-dapaong-letape-de-kara-franchie\/"},"wordCount":228,"commentCount":0,"publisher":{"@id":"https:\/\/228news.tg\/#organization"},"image":{"@id":"https:\/\/228news.tg\/index.php\/2019\/01\/04\/concerts-de-fin-dannee-dedies-a-la-jeunesse-apres-dapaong-letape-de-kara-franchie\/#primaryimage"},"thumbnailUrl":"https:\/\/228news.tg\/wp-content\/uploads\/2024\/09\/photo_2019-01-04_18-00-23.jpg","articleSection":["Flash","SOCIETE","TOGO","Une"],"inLanguage":"fr-FR","potentialAction":[{"@type":"CommentAction","name":"Comment","target":["https:\/\/228news.tg\/index.php\/2019\/01\/04\/concerts-de-fin-dannee-dedies-a-la-jeunesse-apres-dapaong-letape-de-kara-franchie\/#respond"]}]},{"@type":"WebPage","@id":"https:\/\/228news.tg\/index.php\/2019\/01\/04\/concerts-de-fin-dannee-dedies-a-la-jeunesse-apres-dapaong-letape-de-kara-franchie\/","url":"https:\/\/228news.tg\/index.php\/2019\/01\/04\/concerts-de-fin-dannee-dedies-a-la-jeunesse-apres-dapaong-letape-de-kara-franchie\/","name":"Concerts de fin d\u2019ann\u00e9e d\u00e9di\u00e9s \u00e0 la jeunesse Apr\u00e8s Dapaong, l\u2019\u00e9tape de Kara franchie - 228 News","isPartOf":{"@id":"https:\/\/228news.tg\/#website"},"primaryImageOfPage":{"@id":"https:\/\/228news.tg\/index.php\/2019\/01\/04\/concerts-de-fin-dannee-dedies-a-la-jeunesse-apres-dapaong-letape-de-kara-franchie\/#primaryimage"},"image":{"@id":"https:\/\/228news.tg\/index.php\/2019\/01\/04\/concerts-de-fin-dannee-dedies-a-la-jeunesse-apres-dapaong-letape-de-kara-franchie\/#primaryimage"},"thumbnailUrl":"https:\/\/228news.tg\/wp-content\/uploads\/2024\/09\/photo_2019-01-04_18-00-23.jpg","datePublished":"2019-01-04T00:00:00+00:00","dateModified":"2024-09-09T14:07:56+00:00","breadcrumb":{"@id":"https:\/\/228news.tg\/index.php\/2019\/01\/04\/concerts-de-fin-dannee-dedies-a-la-jeunesse-apres-dapaong-letape-de-kara-franchie\/#breadcrumb"},"inLanguage":"fr-FR","potentialAction":[{"@type":"ReadAction","target":["https:\/\/228news.tg\/index.php\/2019\/01\/04\/concerts-de-fin-dannee-dedies-a-la-jeunesse-apres-dapaong-letape-de-kara-franchie\/"]}]},{"@type":"ImageObject","inLanguage":"fr-FR","@id":"https:\/\/228news.tg\/index.php\/2019\/01\/04\/concerts-de-fin-dannee-dedies-a-la-jeunesse-apres-dapaong-letape-de-kara-franchie\/#primaryimage","url":"https:\/\/228news.tg\/wp-content\/uploads\/2024\/09\/photo_2019-01-04_18-00-23.jpg","contentUrl":"https:\/\/228news.tg\/wp-content\/uploads\/2024\/09\/photo_2019-01-04_18-00-23.jpg","width":1080,"height":720},{"@type":"BreadcrumbList","@id":"https:\/\/228news.tg\/index.php\/2019\/01\/04\/concerts-de-fin-dannee-dedies-a-la-jeunesse-apres-dapaong-letape-de-kara-franchie\/#breadcrumb","itemListElement":[{"@type":"ListItem","position":1,"name":"Home","item":"https:\/\/228news.tg\/"},{"@type":"ListItem","position":2,"name":"Concerts de fin d\u2019ann\u00e9e d\u00e9di\u00e9s \u00e0 la jeunesse Apr\u00e8s Dapaong, l\u2019\u00e9tape de Kara franchie"}]},{"@type":"WebSite","@id":"https:\/\/228news.tg\/#website","url":"https:\/\/228news.tg\/","name":"228 News","description":"Soci\u00e9t\u00e9 de m\u00e9dias et d\u2019actualit\u00e9s","publisher":{"@id":"https:\/\/228news.tg\/#organization"},"potentialAction":[{"@type":"SearchAction","target":{"@type":"EntryPoint","urlTemplate":"https:\/\/228news.tg\/?s={search_term_string}"},"query-input":{"@type":"PropertyValueSpecification","valueRequired":true,"valueName":"search_term_string"}}],"inLanguage":"fr-FR"},{"@type":"Organization","@id":"https:\/\/228news.tg\/#organization","name":"228 News","url":"https:\/\/228news.tg\/","logo":{"@type":"ImageObject","inLanguage":"fr-FR","@id":"https:\/\/228news.tg\/#\/schema\/logo\/image\/","url":"https:\/\/228news.tg\/wp-content\/uploads\/2024\/09\/logonew.png","contentUrl":"https:\/\/228news.tg\/wp-content\/uploads\/2024\/09\/logonew.png","width":1640,"height":364,"caption":"228 News"},"image":{"@id":"https:\/\/228news.tg\/#\/schema\/logo\/image\/"}},{"@type":"Person","@id":"https:\/\/228news.tg\/#\/schema\/person\/68d5a6cc0230290e61235c8379523f52","name":"Bienvenu SAVI","image":{"@type":"ImageObject","inLanguage":"fr-FR","@id":"https:\/\/228news.tg\/#\/schema\/person\/image\/","url":"https:\/\/secure.gravatar.com\/avatar\/9db91895c559e510509c33a3e9683998458e9b828fac36d5d1aa23f0f2fd369b?s=96&d=mm&r=g","contentUrl":"https:\/\/secure.gravatar.com\/avatar\/9db91895c559e510509c33a3e9683998458e9b828fac36d5d1aa23f0f2fd369b?s=96&d=mm&r=g","caption":"Bienvenu SAVI"},"url":"https:\/\/228news.tg\/index.php\/author\/bienvenu\/"}]}},"jetpack_featured_media_url":"https:\/\/228news.tg\/wp-content\/uploads\/2024\/09\/photo_2019-01-04_18-00-23.jpg","_links":{"self":[{"href":"https:\/\/228news.tg\/index.php\/wp-json\/wp\/v2\/posts\/1974","targetHints":{"allow":["GET"]}}],"collection":[{"href":"https:\/\/228news.tg\/index.php\/wp-json\/wp\/v2\/posts"}],"about":[{"href":"https:\/\/228news.tg\/index.php\/wp-json\/wp\/v2\/types\/post"}],"author":[{"embeddable":true,"href":"https:\/\/228news.tg\/index.php\/wp-json\/wp\/v2\/users\/2"}],"replies":[{"embeddable":true,"href":"https:\/\/228news.tg\/index.php\/wp-json\/wp\/v2\/comments?post=1974"}],"version-history":[{"count":1,"href":"https:\/\/228news.tg\/index.php\/wp-json\/wp\/v2\/posts\/1974\/revisions"}],"predecessor-version":[{"id":1977,"href":"https:\/\/228news.tg\/index.php\/wp-json\/wp\/v2\/posts\/1974\/revisions\/1977"}],"wp:featuredmedia":[{"embeddable":true,"href":"https:\/\/228news.tg\/index.php\/wp-json\/wp\/v2\/media\/1978"}],"wp:attachment":[{"href":"https:\/\/228news.tg\/index.php\/wp-json\/wp\/v2\/media?parent=1974"}],"wp:term":[{"taxonomy":"category","embeddable":true,"href":"https:\/\/228news.tg\/index.php\/wp-json\/wp\/v2\/categories?post=1974"},{"taxonomy":"post_tag","embeddable":true,"href":"https:\/\/228news.tg\/index.php\/wp-json\/wp\/v2\/tags?post=1974"}],"curies":[{"name":"wp","href":"https:\/\/api.w.org\/{rel}","templated":true}]}}