{"id":1951,"date":"2018-12-27T00:00:00","date_gmt":"2018-12-27T00:00:00","guid":{"rendered":"https:\/\/228news.tg\/index.php\/2018\/12\/27\/tous-au-stade-omnisports-de-lome-ce-dimanche-30-decembre-pour-la-journee-nationale-de-reconnaissance-a-dieu\/"},"modified":"2018-12-27T00:00:00","modified_gmt":"2018-12-27T00:00:00","slug":"tous-au-stade-omnisports-de-lome-ce-dimanche-30-decembre-pour-la-journee-nationale-de-reconnaissance-a-dieu","status":"publish","type":"post","link":"https:\/\/228news.tg\/index.php\/2018\/12\/27\/tous-au-stade-omnisports-de-lome-ce-dimanche-30-decembre-pour-la-journee-nationale-de-reconnaissance-a-dieu\/","title":{"rendered":"Tous au stade Omnisports de Lom\u00e9 ce dimanche 30 d\u00e9cembre pour la Journ\u00e9e Nationale de Reconnaissance \u00e0 Dieu"},"content":{"rendered":"<p>(228NEWS\/ Lom\u00e9, le 27 d\u00e9cembre 2018)-\u00a0L\u2019\u00e9dition 2018 de la Journ\u00e9e Nationale de Reconnaissance (JNRD) \u00e0 Dieu aura lieu ce dimanche 30 d\u00e9cembre 2018 au stade omnisports de Lom\u00e9 autour du th\u00e8me \u00ab\u00a0\u00c9ternel \u00e0 ton nom, donne gloire\u00a0\u00bb.<\/p>\n<p>L\u2019information a \u00e9t\u00e9 port\u00e9e \u00e0 la connaissance de l\u2019opinion, ce mercredi 26 d\u00e9cembre 2018 par le comit\u00e9 d\u2019organisation de l\u2019\u00e9v\u00e9nement.<\/p>\n<p>Moment de t\u00e9moignage de gratitude \u00e0 Dieu au Togo et occasion pour le peuple togolais tout entier d\u2019exprimer sa reconnaissance \u00e0 Dieu son cr\u00e9ateur, cet \u00e9v\u00e9nement qui rencontre depuis quelques ann\u00e9es une massive adh\u00e9sion de tout le peuple togolais est pourtant sujet \u00e0 pol\u00e9mique cette ann\u00e9e, o\u00f9 une partie de la communaut\u00e9 religieuse appelle \u00e0 son boycott, pour des raisons li\u00e9es \u00e0 la crise sociopolitique que traverse le pays.<\/p>\n<p>Pour le r\u00e9v\u00e9rend pasteur\u00a0\u00c9lie NDj\u00e9kornond\u00e9, Pr\u00e9sident du comit\u00e9 d\u2019organisation de la Journ\u00e9e, cette \u00e9dition aura une saveur particuli\u00e8re. La journ\u00e9e se d\u00e9roulera en effet sur toute l\u2019\u00e9tendue du territoire nationale.<\/p>\n<p>Pour cette ann\u00e9e, l\u2019appel est lanc\u00e9 par le comit\u00e9 d\u2019organisation aux diff\u00e9rents responsables religieux de mobiliser les fid\u00e8les pour venir rendre gr\u00e2ce \u00e0 Dieu, prier pour la paix divine sur le Togo et remercier le Tout puissant pour son assistance et sa mis\u00e9ricorde durant l&rsquo;ann\u00e9e \u00e9coul\u00e9e.<\/p>\n<p>\u00ab\u00a0Nous voulons cette ann\u00e9e une fois encore rendre gr\u00e2ce au Tout puissant pour ses bienfaits et demander son assistance afin d\u2019aider tous les Togolais \u00e0 s\u2019unir dans un esprit de communion. Ce sera une journ\u00e9e pour dire merci \u00e0 Dieu est une gr\u00e2ce car le souffle de vie que nous avons m\u00eame est divin\u00a0\u00bb, a-t-il confi\u00e9.<\/p>\n<p>Cette ann\u00e9e, tous les chefs-lieux des r\u00e9gions du Togo vont \u00e9galement abriter l&rsquo;\u00e9v\u00e9nement cette ann\u00e9e \u00e0 la m\u00eame heure.<\/p>\n<p>Artistes surprises et de renoms, groupes musicaux et autres chorales vont animer les activit\u00e9s de la JNRD ce dimanche.<\/p>\n<p>Temps de gratitude et de remerciements \u00e0 Dieu au Togo, la JNRD s\u2019inscrit dans le cadre d\u2019une reconnaissance divine pour tous les bienfaits que Dieu accorde et ne cesse d\u2019accorder \u00e0 notre pays le Togo.<\/p>\n<p><strong><em>D\u00e9mocrate<\/em><\/strong><\/p>\n<p><strong><em>(00228) 91 85 40 14<\/em><\/strong><\/p>\n<p><strong><em>98 60 67 68<\/em><\/strong><\/p>\n<p><strong><em>democrate2010@gmail.com<\/em><\/strong><\/p>\n","protected":false},"excerpt":{"rendered":"<p>(228NEWS\/ Lom\u00e9, le 27 d\u00e9cembre 2018)-\u00a0L\u2019\u00e9dition 2018 de la Journ\u00e9e Nationale de Reconnaissance (JNRD) \u00e0 Dieu aura lieu ce dimanche 30 d\u00e9cembre 2018 au stade omnisports de Lom\u00e9 autour du th\u00e8me \u00ab\u00a0\u00c9ternel \u00e0 ton nom, donne gloire\u00a0\u00bb. L\u2019information a \u00e9t\u00e9 port\u00e9e \u00e0 la connaissance de l\u2019opinion, ce mercredi 26 d\u00e9cembre 2018 par le comit\u00e9 d\u2019organisation &#8230; <a title=\"Tous au stade Omnisports de Lom\u00e9 ce dimanche 30 d\u00e9cembre pour la Journ\u00e9e Nationale de Reconnaissance \u00e0 Dieu\" class=\"read-more\" href=\"https:\/\/228news.tg\/index.php\/2018\/12\/27\/tous-au-stade-omnisports-de-lome-ce-dimanche-30-decembre-pour-la-journee-nationale-de-reconnaissance-a-dieu\/\" aria-label=\"En savoir plus sur Tous au stade Omnisports de Lom\u00e9 ce dimanche 30 d\u00e9cembre pour la Journ\u00e9e Nationale de Reconnaissance \u00e0 Dieu\">Lire la suite<\/a><\/p>\n","protected":false},"author":2,"featured_media":1952,"comment_status":"open","ping_status":"open","sticky":false,"template":"","format":"standard","meta":{"footnotes":""},"categories":[35,29,25,34],"tags":[],"class_list":["post-1951","post","type-post","status-publish","format-standard","has-post-thumbnail","hentry","category-flash","category-societe","category-togo","category-une"],"yoast_head":"<!-- This site is optimized with the Yoast SEO plugin v26.4 - https:\/\/yoast.com\/wordpress\/plugins\/seo\/ -->\n<title>Tous au stade Omnisports de Lom\u00e9 ce dimanche 30 d\u00e9cembre pour la Journ\u00e9e Nationale de Reconnaissance \u00e0 Dieu - 228 News<\/title>\n<meta name=\"robots\" content=\"index, follow, max-snippet:-1, max-image-preview:large, max-video-preview:-1\" \/>\n<link rel=\"canonical\" href=\"https:\/\/228news.tg\/index.php\/2018\/12\/27\/tous-au-stade-omnisports-de-lome-ce-dimanche-30-decembre-pour-la-journee-nationale-de-reconnaissance-a-dieu\/\" \/>\n<meta property=\"og:locale\" content=\"fr_FR\" \/>\n<meta property=\"og:type\" content=\"article\" \/>\n<meta property=\"og:title\" content=\"Tous au stade Omnisports de Lom\u00e9 ce dimanche 30 d\u00e9cembre pour la Journ\u00e9e Nationale de Reconnaissance \u00e0 Dieu - 228 News\" \/>\n<meta property=\"og:description\" content=\"(228NEWS\/ Lom\u00e9, le 27 d\u00e9cembre 2018)-\u00a0L\u2019\u00e9dition 2018 de la Journ\u00e9e Nationale de Reconnaissance (JNRD) \u00e0 Dieu aura lieu ce dimanche 30 d\u00e9cembre 2018 au stade omnisports de Lom\u00e9 autour du th\u00e8me \u00ab\u00a0\u00c9ternel \u00e0 ton nom, donne gloire\u00a0\u00bb. L\u2019information a \u00e9t\u00e9 port\u00e9e \u00e0 la connaissance de l\u2019opinion, ce mercredi 26 d\u00e9cembre 2018 par le comit\u00e9 d\u2019organisation ... Lire la suite\" \/>\n<meta property=\"og:url\" content=\"https:\/\/228news.tg\/index.php\/2018\/12\/27\/tous-au-stade-omnisports-de-lome-ce-dimanche-30-decembre-pour-la-journee-nationale-de-reconnaissance-a-dieu\/\" \/>\n<meta property=\"og:site_name\" content=\"228 News\" \/>\n<meta property=\"article:published_time\" content=\"2018-12-27T00:00:00+00:00\" \/>\n<meta property=\"og:image\" content=\"https:\/\/228news.tg\/wp-content\/uploads\/2024\/09\/photo_2018-12-27_14-05-10.jpg\" \/>\n\t<meta property=\"og:image:width\" content=\"1280\" \/>\n\t<meta property=\"og:image:height\" content=\"960\" \/>\n\t<meta property=\"og:image:type\" content=\"image\/jpeg\" \/>\n<meta name=\"author\" content=\"Bienvenu SAVI\" \/>\n<meta name=\"twitter:card\" content=\"summary_large_image\" \/>\n<meta name=\"twitter:label1\" content=\"\u00c9crit par\" \/>\n\t<meta name=\"twitter:data1\" content=\"Bienvenu SAVI\" \/>\n\t<meta name=\"twitter:label2\" content=\"Dur\u00e9e de lecture estim\u00e9e\" \/>\n\t<meta name=\"twitter:data2\" content=\"2 minutes\" \/>\n<script type=\"application\/ld+json\" class=\"yoast-schema-graph\">{\"@context\":\"https:\/\/schema.org\",\"@graph\":[{\"@type\":\"Article\",\"@id\":\"https:\/\/228news.tg\/index.php\/2018\/12\/27\/tous-au-stade-omnisports-de-lome-ce-dimanche-30-decembre-pour-la-journee-nationale-de-reconnaissance-a-dieu\/#article\",\"isPartOf\":{\"@id\":\"https:\/\/228news.tg\/index.php\/2018\/12\/27\/tous-au-stade-omnisports-de-lome-ce-dimanche-30-decembre-pour-la-journee-nationale-de-reconnaissance-a-dieu\/\"},\"author\":{\"name\":\"Bienvenu SAVI\",\"@id\":\"https:\/\/228news.tg\/#\/schema\/person\/68d5a6cc0230290e61235c8379523f52\"},\"headline\":\"Tous au stade Omnisports de Lom\u00e9 ce dimanche 30 d\u00e9cembre pour la Journ\u00e9e Nationale de Reconnaissance \u00e0 Dieu\",\"datePublished\":\"2018-12-27T00:00:00+00:00\",\"mainEntityOfPage\":{\"@id\":\"https:\/\/228news.tg\/index.php\/2018\/12\/27\/tous-au-stade-omnisports-de-lome-ce-dimanche-30-decembre-pour-la-journee-nationale-de-reconnaissance-a-dieu\/\"},\"wordCount\":394,\"commentCount\":0,\"publisher\":{\"@id\":\"https:\/\/228news.tg\/#organization\"},\"image\":{\"@id\":\"https:\/\/228news.tg\/index.php\/2018\/12\/27\/tous-au-stade-omnisports-de-lome-ce-dimanche-30-decembre-pour-la-journee-nationale-de-reconnaissance-a-dieu\/#primaryimage\"},\"thumbnailUrl\":\"https:\/\/228news.tg\/wp-content\/uploads\/2024\/09\/photo_2018-12-27_14-05-10.jpg\",\"articleSection\":[\"Flash\",\"SOCIETE\",\"TOGO\",\"Une\"],\"inLanguage\":\"fr-FR\",\"potentialAction\":[{\"@type\":\"CommentAction\",\"name\":\"Comment\",\"target\":[\"https:\/\/228news.tg\/index.php\/2018\/12\/27\/tous-au-stade-omnisports-de-lome-ce-dimanche-30-decembre-pour-la-journee-nationale-de-reconnaissance-a-dieu\/#respond\"]}]},{\"@type\":\"WebPage\",\"@id\":\"https:\/\/228news.tg\/index.php\/2018\/12\/27\/tous-au-stade-omnisports-de-lome-ce-dimanche-30-decembre-pour-la-journee-nationale-de-reconnaissance-a-dieu\/\",\"url\":\"https:\/\/228news.tg\/index.php\/2018\/12\/27\/tous-au-stade-omnisports-de-lome-ce-dimanche-30-decembre-pour-la-journee-nationale-de-reconnaissance-a-dieu\/\",\"name\":\"Tous au stade Omnisports de Lom\u00e9 ce dimanche 30 d\u00e9cembre pour la Journ\u00e9e Nationale de Reconnaissance \u00e0 Dieu - 228 News\",\"isPartOf\":{\"@id\":\"https:\/\/228news.tg\/#website\"},\"primaryImageOfPage\":{\"@id\":\"https:\/\/228news.tg\/index.php\/2018\/12\/27\/tous-au-stade-omnisports-de-lome-ce-dimanche-30-decembre-pour-la-journee-nationale-de-reconnaissance-a-dieu\/#primaryimage\"},\"image\":{\"@id\":\"https:\/\/228news.tg\/index.php\/2018\/12\/27\/tous-au-stade-omnisports-de-lome-ce-dimanche-30-decembre-pour-la-journee-nationale-de-reconnaissance-a-dieu\/#primaryimage\"},\"thumbnailUrl\":\"https:\/\/228news.tg\/wp-content\/uploads\/2024\/09\/photo_2018-12-27_14-05-10.jpg\",\"datePublished\":\"2018-12-27T00:00:00+00:00\",\"breadcrumb\":{\"@id\":\"https:\/\/228news.tg\/index.php\/2018\/12\/27\/tous-au-stade-omnisports-de-lome-ce-dimanche-30-decembre-pour-la-journee-nationale-de-reconnaissance-a-dieu\/#breadcrumb\"},\"inLanguage\":\"fr-FR\",\"potentialAction\":[{\"@type\":\"ReadAction\",\"target\":[\"https:\/\/228news.tg\/index.php\/2018\/12\/27\/tous-au-stade-omnisports-de-lome-ce-dimanche-30-decembre-pour-la-journee-nationale-de-reconnaissance-a-dieu\/\"]}]},{\"@type\":\"ImageObject\",\"inLanguage\":\"fr-FR\",\"@id\":\"https:\/\/228news.tg\/index.php\/2018\/12\/27\/tous-au-stade-omnisports-de-lome-ce-dimanche-30-decembre-pour-la-journee-nationale-de-reconnaissance-a-dieu\/#primaryimage\",\"url\":\"https:\/\/228news.tg\/wp-content\/uploads\/2024\/09\/photo_2018-12-27_14-05-10.jpg\",\"contentUrl\":\"https:\/\/228news.tg\/wp-content\/uploads\/2024\/09\/photo_2018-12-27_14-05-10.jpg\",\"width\":1280,\"height\":960},{\"@type\":\"BreadcrumbList\",\"@id\":\"https:\/\/228news.tg\/index.php\/2018\/12\/27\/tous-au-stade-omnisports-de-lome-ce-dimanche-30-decembre-pour-la-journee-nationale-de-reconnaissance-a-dieu\/#breadcrumb\",\"itemListElement\":[{\"@type\":\"ListItem\",\"position\":1,\"name\":\"Home\",\"item\":\"https:\/\/228news.tg\/\"},{\"@type\":\"ListItem\",\"position\":2,\"name\":\"Tous au stade Omnisports de Lom\u00e9 ce dimanche 30 d\u00e9cembre pour la Journ\u00e9e Nationale de Reconnaissance \u00e0 Dieu\"}]},{\"@type\":\"WebSite\",\"@id\":\"https:\/\/228news.tg\/#website\",\"url\":\"https:\/\/228news.tg\/\",\"name\":\"228 News\",\"description\":\"Soci\u00e9t\u00e9 de m\u00e9dias et d\u2019actualit\u00e9s\",\"publisher\":{\"@id\":\"https:\/\/228news.tg\/#organization\"},\"potentialAction\":[{\"@type\":\"SearchAction\",\"target\":{\"@type\":\"EntryPoint\",\"urlTemplate\":\"https:\/\/228news.tg\/?s={search_term_string}\"},\"query-input\":{\"@type\":\"PropertyValueSpecification\",\"valueRequired\":true,\"valueName\":\"search_term_string\"}}],\"inLanguage\":\"fr-FR\"},{\"@type\":\"Organization\",\"@id\":\"https:\/\/228news.tg\/#organization\",\"name\":\"228 News\",\"url\":\"https:\/\/228news.tg\/\",\"logo\":{\"@type\":\"ImageObject\",\"inLanguage\":\"fr-FR\",\"@id\":\"https:\/\/228news.tg\/#\/schema\/logo\/image\/\",\"url\":\"https:\/\/228news.tg\/wp-content\/uploads\/2024\/09\/logonew.png\",\"contentUrl\":\"https:\/\/228news.tg\/wp-content\/uploads\/2024\/09\/logonew.png\",\"width\":1640,\"height\":364,\"caption\":\"228 News\"},\"image\":{\"@id\":\"https:\/\/228news.tg\/#\/schema\/logo\/image\/\"}},{\"@type\":\"Person\",\"@id\":\"https:\/\/228news.tg\/#\/schema\/person\/68d5a6cc0230290e61235c8379523f52\",\"name\":\"Bienvenu SAVI\",\"image\":{\"@type\":\"ImageObject\",\"inLanguage\":\"fr-FR\",\"@id\":\"https:\/\/228news.tg\/#\/schema\/person\/image\/\",\"url\":\"https:\/\/secure.gravatar.com\/avatar\/9db91895c559e510509c33a3e9683998458e9b828fac36d5d1aa23f0f2fd369b?s=96&d=mm&r=g\",\"contentUrl\":\"https:\/\/secure.gravatar.com\/avatar\/9db91895c559e510509c33a3e9683998458e9b828fac36d5d1aa23f0f2fd369b?s=96&d=mm&r=g\",\"caption\":\"Bienvenu SAVI\"},\"url\":\"https:\/\/228news.tg\/index.php\/author\/bienvenu\/\"}]}<\/script>\n<!-- \/ Yoast SEO plugin. -->","yoast_head_json":{"title":"Tous au stade Omnisports de Lom\u00e9 ce dimanche 30 d\u00e9cembre pour la Journ\u00e9e Nationale de Reconnaissance \u00e0 Dieu - 228 News","robots":{"index":"index","follow":"follow","max-snippet":"max-snippet:-1","max-image-preview":"max-image-preview:large","max-video-preview":"max-video-preview:-1"},"canonical":"https:\/\/228news.tg\/index.php\/2018\/12\/27\/tous-au-stade-omnisports-de-lome-ce-dimanche-30-decembre-pour-la-journee-nationale-de-reconnaissance-a-dieu\/","og_locale":"fr_FR","og_type":"article","og_title":"Tous au stade Omnisports de Lom\u00e9 ce dimanche 30 d\u00e9cembre pour la Journ\u00e9e Nationale de Reconnaissance \u00e0 Dieu - 228 News","og_description":"(228NEWS\/ Lom\u00e9, le 27 d\u00e9cembre 2018)-\u00a0L\u2019\u00e9dition 2018 de la Journ\u00e9e Nationale de Reconnaissance (JNRD) \u00e0 Dieu aura lieu ce dimanche 30 d\u00e9cembre 2018 au stade omnisports de Lom\u00e9 autour du th\u00e8me \u00ab\u00a0\u00c9ternel \u00e0 ton nom, donne gloire\u00a0\u00bb. L\u2019information a \u00e9t\u00e9 port\u00e9e \u00e0 la connaissance de l\u2019opinion, ce mercredi 26 d\u00e9cembre 2018 par le comit\u00e9 d\u2019organisation ... Lire la suite","og_url":"https:\/\/228news.tg\/index.php\/2018\/12\/27\/tous-au-stade-omnisports-de-lome-ce-dimanche-30-decembre-pour-la-journee-nationale-de-reconnaissance-a-dieu\/","og_site_name":"228 News","article_published_time":"2018-12-27T00:00:00+00:00","og_image":[{"width":1280,"height":960,"url":"https:\/\/228news.tg\/wp-content\/uploads\/2024\/09\/photo_2018-12-27_14-05-10.jpg","type":"image\/jpeg"}],"author":"Bienvenu SAVI","twitter_card":"summary_large_image","twitter_misc":{"\u00c9crit par":"Bienvenu SAVI","Dur\u00e9e de lecture estim\u00e9e":"2 minutes"},"schema":{"@context":"https:\/\/schema.org","@graph":[{"@type":"Article","@id":"https:\/\/228news.tg\/index.php\/2018\/12\/27\/tous-au-stade-omnisports-de-lome-ce-dimanche-30-decembre-pour-la-journee-nationale-de-reconnaissance-a-dieu\/#article","isPartOf":{"@id":"https:\/\/228news.tg\/index.php\/2018\/12\/27\/tous-au-stade-omnisports-de-lome-ce-dimanche-30-decembre-pour-la-journee-nationale-de-reconnaissance-a-dieu\/"},"author":{"name":"Bienvenu SAVI","@id":"https:\/\/228news.tg\/#\/schema\/person\/68d5a6cc0230290e61235c8379523f52"},"headline":"Tous au stade Omnisports de Lom\u00e9 ce dimanche 30 d\u00e9cembre pour la Journ\u00e9e Nationale de Reconnaissance \u00e0 Dieu","datePublished":"2018-12-27T00:00:00+00:00","mainEntityOfPage":{"@id":"https:\/\/228news.tg\/index.php\/2018\/12\/27\/tous-au-stade-omnisports-de-lome-ce-dimanche-30-decembre-pour-la-journee-nationale-de-reconnaissance-a-dieu\/"},"wordCount":394,"commentCount":0,"publisher":{"@id":"https:\/\/228news.tg\/#organization"},"image":{"@id":"https:\/\/228news.tg\/index.php\/2018\/12\/27\/tous-au-stade-omnisports-de-lome-ce-dimanche-30-decembre-pour-la-journee-nationale-de-reconnaissance-a-dieu\/#primaryimage"},"thumbnailUrl":"https:\/\/228news.tg\/wp-content\/uploads\/2024\/09\/photo_2018-12-27_14-05-10.jpg","articleSection":["Flash","SOCIETE","TOGO","Une"],"inLanguage":"fr-FR","potentialAction":[{"@type":"CommentAction","name":"Comment","target":["https:\/\/228news.tg\/index.php\/2018\/12\/27\/tous-au-stade-omnisports-de-lome-ce-dimanche-30-decembre-pour-la-journee-nationale-de-reconnaissance-a-dieu\/#respond"]}]},{"@type":"WebPage","@id":"https:\/\/228news.tg\/index.php\/2018\/12\/27\/tous-au-stade-omnisports-de-lome-ce-dimanche-30-decembre-pour-la-journee-nationale-de-reconnaissance-a-dieu\/","url":"https:\/\/228news.tg\/index.php\/2018\/12\/27\/tous-au-stade-omnisports-de-lome-ce-dimanche-30-decembre-pour-la-journee-nationale-de-reconnaissance-a-dieu\/","name":"Tous au stade Omnisports de Lom\u00e9 ce dimanche 30 d\u00e9cembre pour la Journ\u00e9e Nationale de Reconnaissance \u00e0 Dieu - 228 News","isPartOf":{"@id":"https:\/\/228news.tg\/#website"},"primaryImageOfPage":{"@id":"https:\/\/228news.tg\/index.php\/2018\/12\/27\/tous-au-stade-omnisports-de-lome-ce-dimanche-30-decembre-pour-la-journee-nationale-de-reconnaissance-a-dieu\/#primaryimage"},"image":{"@id":"https:\/\/228news.tg\/index.php\/2018\/12\/27\/tous-au-stade-omnisports-de-lome-ce-dimanche-30-decembre-pour-la-journee-nationale-de-reconnaissance-a-dieu\/#primaryimage"},"thumbnailUrl":"https:\/\/228news.tg\/wp-content\/uploads\/2024\/09\/photo_2018-12-27_14-05-10.jpg","datePublished":"2018-12-27T00:00:00+00:00","breadcrumb":{"@id":"https:\/\/228news.tg\/index.php\/2018\/12\/27\/tous-au-stade-omnisports-de-lome-ce-dimanche-30-decembre-pour-la-journee-nationale-de-reconnaissance-a-dieu\/#breadcrumb"},"inLanguage":"fr-FR","potentialAction":[{"@type":"ReadAction","target":["https:\/\/228news.tg\/index.php\/2018\/12\/27\/tous-au-stade-omnisports-de-lome-ce-dimanche-30-decembre-pour-la-journee-nationale-de-reconnaissance-a-dieu\/"]}]},{"@type":"ImageObject","inLanguage":"fr-FR","@id":"https:\/\/228news.tg\/index.php\/2018\/12\/27\/tous-au-stade-omnisports-de-lome-ce-dimanche-30-decembre-pour-la-journee-nationale-de-reconnaissance-a-dieu\/#primaryimage","url":"https:\/\/228news.tg\/wp-content\/uploads\/2024\/09\/photo_2018-12-27_14-05-10.jpg","contentUrl":"https:\/\/228news.tg\/wp-content\/uploads\/2024\/09\/photo_2018-12-27_14-05-10.jpg","width":1280,"height":960},{"@type":"BreadcrumbList","@id":"https:\/\/228news.tg\/index.php\/2018\/12\/27\/tous-au-stade-omnisports-de-lome-ce-dimanche-30-decembre-pour-la-journee-nationale-de-reconnaissance-a-dieu\/#breadcrumb","itemListElement":[{"@type":"ListItem","position":1,"name":"Home","item":"https:\/\/228news.tg\/"},{"@type":"ListItem","position":2,"name":"Tous au stade Omnisports de Lom\u00e9 ce dimanche 30 d\u00e9cembre pour la Journ\u00e9e Nationale de Reconnaissance \u00e0 Dieu"}]},{"@type":"WebSite","@id":"https:\/\/228news.tg\/#website","url":"https:\/\/228news.tg\/","name":"228 News","description":"Soci\u00e9t\u00e9 de m\u00e9dias et d\u2019actualit\u00e9s","publisher":{"@id":"https:\/\/228news.tg\/#organization"},"potentialAction":[{"@type":"SearchAction","target":{"@type":"EntryPoint","urlTemplate":"https:\/\/228news.tg\/?s={search_term_string}"},"query-input":{"@type":"PropertyValueSpecification","valueRequired":true,"valueName":"search_term_string"}}],"inLanguage":"fr-FR"},{"@type":"Organization","@id":"https:\/\/228news.tg\/#organization","name":"228 News","url":"https:\/\/228news.tg\/","logo":{"@type":"ImageObject","inLanguage":"fr-FR","@id":"https:\/\/228news.tg\/#\/schema\/logo\/image\/","url":"https:\/\/228news.tg\/wp-content\/uploads\/2024\/09\/logonew.png","contentUrl":"https:\/\/228news.tg\/wp-content\/uploads\/2024\/09\/logonew.png","width":1640,"height":364,"caption":"228 News"},"image":{"@id":"https:\/\/228news.tg\/#\/schema\/logo\/image\/"}},{"@type":"Person","@id":"https:\/\/228news.tg\/#\/schema\/person\/68d5a6cc0230290e61235c8379523f52","name":"Bienvenu SAVI","image":{"@type":"ImageObject","inLanguage":"fr-FR","@id":"https:\/\/228news.tg\/#\/schema\/person\/image\/","url":"https:\/\/secure.gravatar.com\/avatar\/9db91895c559e510509c33a3e9683998458e9b828fac36d5d1aa23f0f2fd369b?s=96&d=mm&r=g","contentUrl":"https:\/\/secure.gravatar.com\/avatar\/9db91895c559e510509c33a3e9683998458e9b828fac36d5d1aa23f0f2fd369b?s=96&d=mm&r=g","caption":"Bienvenu SAVI"},"url":"https:\/\/228news.tg\/index.php\/author\/bienvenu\/"}]}},"jetpack_featured_media_url":"https:\/\/228news.tg\/wp-content\/uploads\/2024\/09\/photo_2018-12-27_14-05-10.jpg","_links":{"self":[{"href":"https:\/\/228news.tg\/index.php\/wp-json\/wp\/v2\/posts\/1951","targetHints":{"allow":["GET"]}}],"collection":[{"href":"https:\/\/228news.tg\/index.php\/wp-json\/wp\/v2\/posts"}],"about":[{"href":"https:\/\/228news.tg\/index.php\/wp-json\/wp\/v2\/types\/post"}],"author":[{"embeddable":true,"href":"https:\/\/228news.tg\/index.php\/wp-json\/wp\/v2\/users\/2"}],"replies":[{"embeddable":true,"href":"https:\/\/228news.tg\/index.php\/wp-json\/wp\/v2\/comments?post=1951"}],"version-history":[{"count":0,"href":"https:\/\/228news.tg\/index.php\/wp-json\/wp\/v2\/posts\/1951\/revisions"}],"wp:featuredmedia":[{"embeddable":true,"href":"https:\/\/228news.tg\/index.php\/wp-json\/wp\/v2\/media\/1952"}],"wp:attachment":[{"href":"https:\/\/228news.tg\/index.php\/wp-json\/wp\/v2\/media?parent=1951"}],"wp:term":[{"taxonomy":"category","embeddable":true,"href":"https:\/\/228news.tg\/index.php\/wp-json\/wp\/v2\/categories?post=1951"},{"taxonomy":"post_tag","embeddable":true,"href":"https:\/\/228news.tg\/index.php\/wp-json\/wp\/v2\/tags?post=1951"}],"curies":[{"name":"wp","href":"https:\/\/api.w.org\/{rel}","templated":true}]}}