{"id":1938,"date":"2018-12-16T00:00:00","date_gmt":"2018-12-16T00:00:00","guid":{"rendered":"https:\/\/228news.tg\/index.php\/2018\/12\/16\/meilleure-utilisation-des-ntics-et-des-reseaux-sociaux-des-responsables-dassociations-de-jeunes-outilles-par-le-cnj\/"},"modified":"2018-12-16T00:00:00","modified_gmt":"2018-12-16T00:00:00","slug":"meilleure-utilisation-des-ntics-et-des-reseaux-sociaux-des-responsables-dassociations-de-jeunes-outilles-par-le-cnj","status":"publish","type":"post","link":"https:\/\/228news.tg\/index.php\/2018\/12\/16\/meilleure-utilisation-des-ntics-et-des-reseaux-sociaux-des-responsables-dassociations-de-jeunes-outilles-par-le-cnj\/","title":{"rendered":"Meilleure utilisation des NTICs et des r\u00e9seaux sociaux: Des responsables d&rsquo;associations de jeunes outill\u00e9s par le CNJ"},"content":{"rendered":"<p>(228NEWS\/ Lom\u00e9, le 16 d\u00e9cembre 2018)- Le Conseil National de la Jeunesse (CNJ) a renforc\u00e9 les capacit\u00e9s d&rsquo;une centaine de repr\u00e9sentants des associations et organismes de jeunes ce vendredi 14 d\u00e9cembre 2018 \u00e0 Lom\u00e9.<\/p>\n<p>Portant sur les\u00a0opportunit\u00e9s et d\u00e9fis li\u00e9s \u00e0 l&rsquo;usage des NTICs et des r\u00e9seaux sociaux (RS) chers aux jeunes, cette rencontre de deux (2) jours a \u00e9t\u00e9 ouverte par le repr\u00e9sentant du pr\u00e9fet du Golfe en pr\u00e9sence du chef section jeunesse au Secr\u00e9tariat g\u00e9n\u00e9ral du minist\u00e8re du d\u00e9veloppement \u00e0 la base, de l&rsquo;artisanat, de la jeunesse et de l&#8217;emploi des jeunes (MDBAJEJ).<\/p>\n<p>Pour R\u00e9gis Batchassi, pr\u00e9sident du CNJ, plusieurs d\u00e9fis doivent \u00eatre relev\u00e9s par la jeunesse togolaise en ce qui concerne l&rsquo;utilisation des NTICs et des RS, pour en faire un v\u00e9ritable outil de travail, d&#8217;emploi, de rentabilit\u00e9 et non un passe temps ou une source de perversion\u00a0 ou de d\u00e9stabilisation de la paix sociale.<\/p>\n<p>Il a donc appel\u00e9 \u00e0 la\u00a0responsabilisation de la jeunesse et au sens \u00e9lev\u00e9 du devoir,\u00a0salu\u00e9 les efforts du gouvernement dans sa politiques qui accorde une place de choix au NTICs et aux opportunit\u00e9s num\u00e9riques que cela offre a la jeunesse qui doit faire montre de toute sa cr\u00e9ativit\u00e9.<\/p>\n<p>M; Agbante Ntchomila, chef section au Secr\u00e9tariat g\u00e9n\u00e9ral du MDBAJEJ a \u00e9galement mis l&rsquo;accent sur la sensibilisation des jeunes sur\u00a0l&rsquo;utilisation a bon escient des RS. Pour lui, il urge que la jeunesse aille \u00e0 une \u00e9cole nouvelle, celle d&rsquo;une utilisation pragmatique des RS, que ce soit dans le domaine de l&rsquo;entrepreneuriat ou dans celui de l&#8217;emploi.<\/p>\n<p>Ces jeunes leaders auront \u00e0 leur tour \u00e0 sensibiliser leurs cong\u00e9n\u00e8res et camarades sur les probl\u00e9matiques et th\u00e9matiques d\u00e9battues durant les deux jours.<\/p>\n<p>La rencontre a b\u00e9n\u00e9fici\u00e9 de l&rsquo;appui et de l&rsquo;expertise de l&rsquo;Autorit\u00e9 de R\u00e9glementation du secteur des\u00a0T\u00e9l\u00e9communications et Postes\u00a0 (ARTP), ainsi que du Groupe Togocom.<\/p>\n<p><em><strong>D\u00e9mocrate<\/strong><\/em><\/p>\n<p><em><strong>(00228) 91 85 40 14<\/strong><\/em><\/p>\n<p><em><strong>98 60 67 68<\/strong><\/em><\/p>\n<p><em><strong>democrate2010@gmail.com<\/strong><\/em><\/p>\n<p>&nbsp;<\/p>\n<p>&nbsp;<\/p>\n","protected":false},"excerpt":{"rendered":"<p>(228NEWS\/ Lom\u00e9, le 16 d\u00e9cembre 2018)- Le Conseil National de la Jeunesse (CNJ) a renforc\u00e9 les capacit\u00e9s d&rsquo;une centaine de repr\u00e9sentants des associations et organismes de jeunes ce vendredi 14 d\u00e9cembre 2018 \u00e0 Lom\u00e9. Portant sur les\u00a0opportunit\u00e9s et d\u00e9fis li\u00e9s \u00e0 l&rsquo;usage des NTICs et des r\u00e9seaux sociaux (RS) chers aux jeunes, cette rencontre de &#8230; <a title=\"Meilleure utilisation des NTICs et des r\u00e9seaux sociaux: Des responsables d&rsquo;associations de jeunes outill\u00e9s par le CNJ\" class=\"read-more\" href=\"https:\/\/228news.tg\/index.php\/2018\/12\/16\/meilleure-utilisation-des-ntics-et-des-reseaux-sociaux-des-responsables-dassociations-de-jeunes-outilles-par-le-cnj\/\" aria-label=\"En savoir plus sur Meilleure utilisation des NTICs et des r\u00e9seaux sociaux: Des responsables d&rsquo;associations de jeunes outill\u00e9s par le CNJ\">Lire la suite<\/a><\/p>\n","protected":false},"author":2,"featured_media":1939,"comment_status":"open","ping_status":"open","sticky":false,"template":"","format":"standard","meta":{"footnotes":""},"categories":[28,35,25,34],"tags":[],"class_list":["post-1938","post","type-post","status-publish","format-standard","has-post-thumbnail","hentry","category-education","category-flash","category-togo","category-une"],"yoast_head":"<!-- This site is optimized with the Yoast SEO plugin v26.4 - https:\/\/yoast.com\/wordpress\/plugins\/seo\/ -->\n<title>Meilleure utilisation des NTICs et des r\u00e9seaux sociaux: Des responsables d&#039;associations de jeunes outill\u00e9s par le CNJ - 228 News<\/title>\n<meta name=\"robots\" content=\"index, follow, max-snippet:-1, max-image-preview:large, max-video-preview:-1\" \/>\n<link rel=\"canonical\" href=\"https:\/\/228news.tg\/index.php\/2018\/12\/16\/meilleure-utilisation-des-ntics-et-des-reseaux-sociaux-des-responsables-dassociations-de-jeunes-outilles-par-le-cnj\/\" \/>\n<meta property=\"og:locale\" content=\"fr_FR\" \/>\n<meta property=\"og:type\" content=\"article\" \/>\n<meta property=\"og:title\" content=\"Meilleure utilisation des NTICs et des r\u00e9seaux sociaux: Des responsables d&#039;associations de jeunes outill\u00e9s par le CNJ - 228 News\" \/>\n<meta property=\"og:description\" content=\"(228NEWS\/ Lom\u00e9, le 16 d\u00e9cembre 2018)- Le Conseil National de la Jeunesse (CNJ) a renforc\u00e9 les capacit\u00e9s d&rsquo;une centaine de repr\u00e9sentants des associations et organismes de jeunes ce vendredi 14 d\u00e9cembre 2018 \u00e0 Lom\u00e9. Portant sur les\u00a0opportunit\u00e9s et d\u00e9fis li\u00e9s \u00e0 l&rsquo;usage des NTICs et des r\u00e9seaux sociaux (RS) chers aux jeunes, cette rencontre de ... Lire la suite\" \/>\n<meta property=\"og:url\" content=\"https:\/\/228news.tg\/index.php\/2018\/12\/16\/meilleure-utilisation-des-ntics-et-des-reseaux-sociaux-des-responsables-dassociations-de-jeunes-outilles-par-le-cnj\/\" \/>\n<meta property=\"og:site_name\" content=\"228 News\" \/>\n<meta property=\"article:published_time\" content=\"2018-12-16T00:00:00+00:00\" \/>\n<meta property=\"og:image\" content=\"https:\/\/228news.tg\/wp-content\/uploads\/2024\/09\/photo_2018-12-16_09-06-02.jpg\" \/>\n\t<meta property=\"og:image:width\" content=\"1280\" \/>\n\t<meta property=\"og:image:height\" content=\"960\" \/>\n\t<meta property=\"og:image:type\" content=\"image\/jpeg\" \/>\n<meta name=\"author\" content=\"Bienvenu SAVI\" \/>\n<meta name=\"twitter:card\" content=\"summary_large_image\" \/>\n<meta name=\"twitter:label1\" content=\"\u00c9crit par\" \/>\n\t<meta name=\"twitter:data1\" content=\"Bienvenu SAVI\" \/>\n\t<meta name=\"twitter:label2\" content=\"Dur\u00e9e de lecture estim\u00e9e\" \/>\n\t<meta name=\"twitter:data2\" content=\"2 minutes\" \/>\n<script type=\"application\/ld+json\" class=\"yoast-schema-graph\">{\"@context\":\"https:\/\/schema.org\",\"@graph\":[{\"@type\":\"Article\",\"@id\":\"https:\/\/228news.tg\/index.php\/2018\/12\/16\/meilleure-utilisation-des-ntics-et-des-reseaux-sociaux-des-responsables-dassociations-de-jeunes-outilles-par-le-cnj\/#article\",\"isPartOf\":{\"@id\":\"https:\/\/228news.tg\/index.php\/2018\/12\/16\/meilleure-utilisation-des-ntics-et-des-reseaux-sociaux-des-responsables-dassociations-de-jeunes-outilles-par-le-cnj\/\"},\"author\":{\"name\":\"Bienvenu SAVI\",\"@id\":\"https:\/\/228news.tg\/#\/schema\/person\/68d5a6cc0230290e61235c8379523f52\"},\"headline\":\"Meilleure utilisation des NTICs et des r\u00e9seaux sociaux: Des responsables d&rsquo;associations de jeunes outill\u00e9s par le CNJ\",\"datePublished\":\"2018-12-16T00:00:00+00:00\",\"mainEntityOfPage\":{\"@id\":\"https:\/\/228news.tg\/index.php\/2018\/12\/16\/meilleure-utilisation-des-ntics-et-des-reseaux-sociaux-des-responsables-dassociations-de-jeunes-outilles-par-le-cnj\/\"},\"wordCount\":372,\"commentCount\":0,\"publisher\":{\"@id\":\"https:\/\/228news.tg\/#organization\"},\"image\":{\"@id\":\"https:\/\/228news.tg\/index.php\/2018\/12\/16\/meilleure-utilisation-des-ntics-et-des-reseaux-sociaux-des-responsables-dassociations-de-jeunes-outilles-par-le-cnj\/#primaryimage\"},\"thumbnailUrl\":\"https:\/\/228news.tg\/wp-content\/uploads\/2024\/09\/photo_2018-12-16_09-06-02.jpg\",\"articleSection\":[\"EDUCATION\",\"Flash\",\"TOGO\",\"Une\"],\"inLanguage\":\"fr-FR\",\"potentialAction\":[{\"@type\":\"CommentAction\",\"name\":\"Comment\",\"target\":[\"https:\/\/228news.tg\/index.php\/2018\/12\/16\/meilleure-utilisation-des-ntics-et-des-reseaux-sociaux-des-responsables-dassociations-de-jeunes-outilles-par-le-cnj\/#respond\"]}]},{\"@type\":\"WebPage\",\"@id\":\"https:\/\/228news.tg\/index.php\/2018\/12\/16\/meilleure-utilisation-des-ntics-et-des-reseaux-sociaux-des-responsables-dassociations-de-jeunes-outilles-par-le-cnj\/\",\"url\":\"https:\/\/228news.tg\/index.php\/2018\/12\/16\/meilleure-utilisation-des-ntics-et-des-reseaux-sociaux-des-responsables-dassociations-de-jeunes-outilles-par-le-cnj\/\",\"name\":\"Meilleure utilisation des NTICs et des r\u00e9seaux sociaux: Des responsables d'associations de jeunes outill\u00e9s par le CNJ - 228 News\",\"isPartOf\":{\"@id\":\"https:\/\/228news.tg\/#website\"},\"primaryImageOfPage\":{\"@id\":\"https:\/\/228news.tg\/index.php\/2018\/12\/16\/meilleure-utilisation-des-ntics-et-des-reseaux-sociaux-des-responsables-dassociations-de-jeunes-outilles-par-le-cnj\/#primaryimage\"},\"image\":{\"@id\":\"https:\/\/228news.tg\/index.php\/2018\/12\/16\/meilleure-utilisation-des-ntics-et-des-reseaux-sociaux-des-responsables-dassociations-de-jeunes-outilles-par-le-cnj\/#primaryimage\"},\"thumbnailUrl\":\"https:\/\/228news.tg\/wp-content\/uploads\/2024\/09\/photo_2018-12-16_09-06-02.jpg\",\"datePublished\":\"2018-12-16T00:00:00+00:00\",\"breadcrumb\":{\"@id\":\"https:\/\/228news.tg\/index.php\/2018\/12\/16\/meilleure-utilisation-des-ntics-et-des-reseaux-sociaux-des-responsables-dassociations-de-jeunes-outilles-par-le-cnj\/#breadcrumb\"},\"inLanguage\":\"fr-FR\",\"potentialAction\":[{\"@type\":\"ReadAction\",\"target\":[\"https:\/\/228news.tg\/index.php\/2018\/12\/16\/meilleure-utilisation-des-ntics-et-des-reseaux-sociaux-des-responsables-dassociations-de-jeunes-outilles-par-le-cnj\/\"]}]},{\"@type\":\"ImageObject\",\"inLanguage\":\"fr-FR\",\"@id\":\"https:\/\/228news.tg\/index.php\/2018\/12\/16\/meilleure-utilisation-des-ntics-et-des-reseaux-sociaux-des-responsables-dassociations-de-jeunes-outilles-par-le-cnj\/#primaryimage\",\"url\":\"https:\/\/228news.tg\/wp-content\/uploads\/2024\/09\/photo_2018-12-16_09-06-02.jpg\",\"contentUrl\":\"https:\/\/228news.tg\/wp-content\/uploads\/2024\/09\/photo_2018-12-16_09-06-02.jpg\",\"width\":1280,\"height\":960},{\"@type\":\"BreadcrumbList\",\"@id\":\"https:\/\/228news.tg\/index.php\/2018\/12\/16\/meilleure-utilisation-des-ntics-et-des-reseaux-sociaux-des-responsables-dassociations-de-jeunes-outilles-par-le-cnj\/#breadcrumb\",\"itemListElement\":[{\"@type\":\"ListItem\",\"position\":1,\"name\":\"Home\",\"item\":\"https:\/\/228news.tg\/\"},{\"@type\":\"ListItem\",\"position\":2,\"name\":\"Meilleure utilisation des NTICs et des r\u00e9seaux sociaux: Des responsables d&rsquo;associations de jeunes outill\u00e9s par le CNJ\"}]},{\"@type\":\"WebSite\",\"@id\":\"https:\/\/228news.tg\/#website\",\"url\":\"https:\/\/228news.tg\/\",\"name\":\"228 News\",\"description\":\"Soci\u00e9t\u00e9 de m\u00e9dias et d\u2019actualit\u00e9s\",\"publisher\":{\"@id\":\"https:\/\/228news.tg\/#organization\"},\"potentialAction\":[{\"@type\":\"SearchAction\",\"target\":{\"@type\":\"EntryPoint\",\"urlTemplate\":\"https:\/\/228news.tg\/?s={search_term_string}\"},\"query-input\":{\"@type\":\"PropertyValueSpecification\",\"valueRequired\":true,\"valueName\":\"search_term_string\"}}],\"inLanguage\":\"fr-FR\"},{\"@type\":\"Organization\",\"@id\":\"https:\/\/228news.tg\/#organization\",\"name\":\"228 News\",\"url\":\"https:\/\/228news.tg\/\",\"logo\":{\"@type\":\"ImageObject\",\"inLanguage\":\"fr-FR\",\"@id\":\"https:\/\/228news.tg\/#\/schema\/logo\/image\/\",\"url\":\"https:\/\/228news.tg\/wp-content\/uploads\/2024\/09\/logonew.png\",\"contentUrl\":\"https:\/\/228news.tg\/wp-content\/uploads\/2024\/09\/logonew.png\",\"width\":1640,\"height\":364,\"caption\":\"228 News\"},\"image\":{\"@id\":\"https:\/\/228news.tg\/#\/schema\/logo\/image\/\"}},{\"@type\":\"Person\",\"@id\":\"https:\/\/228news.tg\/#\/schema\/person\/68d5a6cc0230290e61235c8379523f52\",\"name\":\"Bienvenu SAVI\",\"image\":{\"@type\":\"ImageObject\",\"inLanguage\":\"fr-FR\",\"@id\":\"https:\/\/228news.tg\/#\/schema\/person\/image\/\",\"url\":\"https:\/\/secure.gravatar.com\/avatar\/9db91895c559e510509c33a3e9683998458e9b828fac36d5d1aa23f0f2fd369b?s=96&d=mm&r=g\",\"contentUrl\":\"https:\/\/secure.gravatar.com\/avatar\/9db91895c559e510509c33a3e9683998458e9b828fac36d5d1aa23f0f2fd369b?s=96&d=mm&r=g\",\"caption\":\"Bienvenu SAVI\"},\"url\":\"https:\/\/228news.tg\/index.php\/author\/bienvenu\/\"}]}<\/script>\n<!-- \/ Yoast SEO plugin. -->","yoast_head_json":{"title":"Meilleure utilisation des NTICs et des r\u00e9seaux sociaux: Des responsables d'associations de jeunes outill\u00e9s par le CNJ - 228 News","robots":{"index":"index","follow":"follow","max-snippet":"max-snippet:-1","max-image-preview":"max-image-preview:large","max-video-preview":"max-video-preview:-1"},"canonical":"https:\/\/228news.tg\/index.php\/2018\/12\/16\/meilleure-utilisation-des-ntics-et-des-reseaux-sociaux-des-responsables-dassociations-de-jeunes-outilles-par-le-cnj\/","og_locale":"fr_FR","og_type":"article","og_title":"Meilleure utilisation des NTICs et des r\u00e9seaux sociaux: Des responsables d'associations de jeunes outill\u00e9s par le CNJ - 228 News","og_description":"(228NEWS\/ Lom\u00e9, le 16 d\u00e9cembre 2018)- Le Conseil National de la Jeunesse (CNJ) a renforc\u00e9 les capacit\u00e9s d&rsquo;une centaine de repr\u00e9sentants des associations et organismes de jeunes ce vendredi 14 d\u00e9cembre 2018 \u00e0 Lom\u00e9. Portant sur les\u00a0opportunit\u00e9s et d\u00e9fis li\u00e9s \u00e0 l&rsquo;usage des NTICs et des r\u00e9seaux sociaux (RS) chers aux jeunes, cette rencontre de ... Lire la suite","og_url":"https:\/\/228news.tg\/index.php\/2018\/12\/16\/meilleure-utilisation-des-ntics-et-des-reseaux-sociaux-des-responsables-dassociations-de-jeunes-outilles-par-le-cnj\/","og_site_name":"228 News","article_published_time":"2018-12-16T00:00:00+00:00","og_image":[{"width":1280,"height":960,"url":"https:\/\/228news.tg\/wp-content\/uploads\/2024\/09\/photo_2018-12-16_09-06-02.jpg","type":"image\/jpeg"}],"author":"Bienvenu SAVI","twitter_card":"summary_large_image","twitter_misc":{"\u00c9crit par":"Bienvenu SAVI","Dur\u00e9e de lecture estim\u00e9e":"2 minutes"},"schema":{"@context":"https:\/\/schema.org","@graph":[{"@type":"Article","@id":"https:\/\/228news.tg\/index.php\/2018\/12\/16\/meilleure-utilisation-des-ntics-et-des-reseaux-sociaux-des-responsables-dassociations-de-jeunes-outilles-par-le-cnj\/#article","isPartOf":{"@id":"https:\/\/228news.tg\/index.php\/2018\/12\/16\/meilleure-utilisation-des-ntics-et-des-reseaux-sociaux-des-responsables-dassociations-de-jeunes-outilles-par-le-cnj\/"},"author":{"name":"Bienvenu SAVI","@id":"https:\/\/228news.tg\/#\/schema\/person\/68d5a6cc0230290e61235c8379523f52"},"headline":"Meilleure utilisation des NTICs et des r\u00e9seaux sociaux: Des responsables d&rsquo;associations de jeunes outill\u00e9s par le CNJ","datePublished":"2018-12-16T00:00:00+00:00","mainEntityOfPage":{"@id":"https:\/\/228news.tg\/index.php\/2018\/12\/16\/meilleure-utilisation-des-ntics-et-des-reseaux-sociaux-des-responsables-dassociations-de-jeunes-outilles-par-le-cnj\/"},"wordCount":372,"commentCount":0,"publisher":{"@id":"https:\/\/228news.tg\/#organization"},"image":{"@id":"https:\/\/228news.tg\/index.php\/2018\/12\/16\/meilleure-utilisation-des-ntics-et-des-reseaux-sociaux-des-responsables-dassociations-de-jeunes-outilles-par-le-cnj\/#primaryimage"},"thumbnailUrl":"https:\/\/228news.tg\/wp-content\/uploads\/2024\/09\/photo_2018-12-16_09-06-02.jpg","articleSection":["EDUCATION","Flash","TOGO","Une"],"inLanguage":"fr-FR","potentialAction":[{"@type":"CommentAction","name":"Comment","target":["https:\/\/228news.tg\/index.php\/2018\/12\/16\/meilleure-utilisation-des-ntics-et-des-reseaux-sociaux-des-responsables-dassociations-de-jeunes-outilles-par-le-cnj\/#respond"]}]},{"@type":"WebPage","@id":"https:\/\/228news.tg\/index.php\/2018\/12\/16\/meilleure-utilisation-des-ntics-et-des-reseaux-sociaux-des-responsables-dassociations-de-jeunes-outilles-par-le-cnj\/","url":"https:\/\/228news.tg\/index.php\/2018\/12\/16\/meilleure-utilisation-des-ntics-et-des-reseaux-sociaux-des-responsables-dassociations-de-jeunes-outilles-par-le-cnj\/","name":"Meilleure utilisation des NTICs et des r\u00e9seaux sociaux: Des responsables d'associations de jeunes outill\u00e9s par le CNJ - 228 News","isPartOf":{"@id":"https:\/\/228news.tg\/#website"},"primaryImageOfPage":{"@id":"https:\/\/228news.tg\/index.php\/2018\/12\/16\/meilleure-utilisation-des-ntics-et-des-reseaux-sociaux-des-responsables-dassociations-de-jeunes-outilles-par-le-cnj\/#primaryimage"},"image":{"@id":"https:\/\/228news.tg\/index.php\/2018\/12\/16\/meilleure-utilisation-des-ntics-et-des-reseaux-sociaux-des-responsables-dassociations-de-jeunes-outilles-par-le-cnj\/#primaryimage"},"thumbnailUrl":"https:\/\/228news.tg\/wp-content\/uploads\/2024\/09\/photo_2018-12-16_09-06-02.jpg","datePublished":"2018-12-16T00:00:00+00:00","breadcrumb":{"@id":"https:\/\/228news.tg\/index.php\/2018\/12\/16\/meilleure-utilisation-des-ntics-et-des-reseaux-sociaux-des-responsables-dassociations-de-jeunes-outilles-par-le-cnj\/#breadcrumb"},"inLanguage":"fr-FR","potentialAction":[{"@type":"ReadAction","target":["https:\/\/228news.tg\/index.php\/2018\/12\/16\/meilleure-utilisation-des-ntics-et-des-reseaux-sociaux-des-responsables-dassociations-de-jeunes-outilles-par-le-cnj\/"]}]},{"@type":"ImageObject","inLanguage":"fr-FR","@id":"https:\/\/228news.tg\/index.php\/2018\/12\/16\/meilleure-utilisation-des-ntics-et-des-reseaux-sociaux-des-responsables-dassociations-de-jeunes-outilles-par-le-cnj\/#primaryimage","url":"https:\/\/228news.tg\/wp-content\/uploads\/2024\/09\/photo_2018-12-16_09-06-02.jpg","contentUrl":"https:\/\/228news.tg\/wp-content\/uploads\/2024\/09\/photo_2018-12-16_09-06-02.jpg","width":1280,"height":960},{"@type":"BreadcrumbList","@id":"https:\/\/228news.tg\/index.php\/2018\/12\/16\/meilleure-utilisation-des-ntics-et-des-reseaux-sociaux-des-responsables-dassociations-de-jeunes-outilles-par-le-cnj\/#breadcrumb","itemListElement":[{"@type":"ListItem","position":1,"name":"Home","item":"https:\/\/228news.tg\/"},{"@type":"ListItem","position":2,"name":"Meilleure utilisation des NTICs et des r\u00e9seaux sociaux: Des responsables d&rsquo;associations de jeunes outill\u00e9s par le CNJ"}]},{"@type":"WebSite","@id":"https:\/\/228news.tg\/#website","url":"https:\/\/228news.tg\/","name":"228 News","description":"Soci\u00e9t\u00e9 de m\u00e9dias et d\u2019actualit\u00e9s","publisher":{"@id":"https:\/\/228news.tg\/#organization"},"potentialAction":[{"@type":"SearchAction","target":{"@type":"EntryPoint","urlTemplate":"https:\/\/228news.tg\/?s={search_term_string}"},"query-input":{"@type":"PropertyValueSpecification","valueRequired":true,"valueName":"search_term_string"}}],"inLanguage":"fr-FR"},{"@type":"Organization","@id":"https:\/\/228news.tg\/#organization","name":"228 News","url":"https:\/\/228news.tg\/","logo":{"@type":"ImageObject","inLanguage":"fr-FR","@id":"https:\/\/228news.tg\/#\/schema\/logo\/image\/","url":"https:\/\/228news.tg\/wp-content\/uploads\/2024\/09\/logonew.png","contentUrl":"https:\/\/228news.tg\/wp-content\/uploads\/2024\/09\/logonew.png","width":1640,"height":364,"caption":"228 News"},"image":{"@id":"https:\/\/228news.tg\/#\/schema\/logo\/image\/"}},{"@type":"Person","@id":"https:\/\/228news.tg\/#\/schema\/person\/68d5a6cc0230290e61235c8379523f52","name":"Bienvenu SAVI","image":{"@type":"ImageObject","inLanguage":"fr-FR","@id":"https:\/\/228news.tg\/#\/schema\/person\/image\/","url":"https:\/\/secure.gravatar.com\/avatar\/9db91895c559e510509c33a3e9683998458e9b828fac36d5d1aa23f0f2fd369b?s=96&d=mm&r=g","contentUrl":"https:\/\/secure.gravatar.com\/avatar\/9db91895c559e510509c33a3e9683998458e9b828fac36d5d1aa23f0f2fd369b?s=96&d=mm&r=g","caption":"Bienvenu SAVI"},"url":"https:\/\/228news.tg\/index.php\/author\/bienvenu\/"}]}},"jetpack_featured_media_url":"https:\/\/228news.tg\/wp-content\/uploads\/2024\/09\/photo_2018-12-16_09-06-02.jpg","_links":{"self":[{"href":"https:\/\/228news.tg\/index.php\/wp-json\/wp\/v2\/posts\/1938","targetHints":{"allow":["GET"]}}],"collection":[{"href":"https:\/\/228news.tg\/index.php\/wp-json\/wp\/v2\/posts"}],"about":[{"href":"https:\/\/228news.tg\/index.php\/wp-json\/wp\/v2\/types\/post"}],"author":[{"embeddable":true,"href":"https:\/\/228news.tg\/index.php\/wp-json\/wp\/v2\/users\/2"}],"replies":[{"embeddable":true,"href":"https:\/\/228news.tg\/index.php\/wp-json\/wp\/v2\/comments?post=1938"}],"version-history":[{"count":0,"href":"https:\/\/228news.tg\/index.php\/wp-json\/wp\/v2\/posts\/1938\/revisions"}],"wp:featuredmedia":[{"embeddable":true,"href":"https:\/\/228news.tg\/index.php\/wp-json\/wp\/v2\/media\/1939"}],"wp:attachment":[{"href":"https:\/\/228news.tg\/index.php\/wp-json\/wp\/v2\/media?parent=1938"}],"wp:term":[{"taxonomy":"category","embeddable":true,"href":"https:\/\/228news.tg\/index.php\/wp-json\/wp\/v2\/categories?post=1938"},{"taxonomy":"post_tag","embeddable":true,"href":"https:\/\/228news.tg\/index.php\/wp-json\/wp\/v2\/tags?post=1938"}],"curies":[{"name":"wp","href":"https:\/\/api.w.org\/{rel}","templated":true}]}}