{"id":1899,"date":"2018-11-30T00:00:00","date_gmt":"2018-11-30T00:00:00","guid":{"rendered":"https:\/\/228news.tg\/index.php\/2018\/11\/30\/conseil-de-lentente-15eme-reunion-ordinaire-du-conseil-des-ministres-lome-abrite-levenement-ce-1er-decembre\/"},"modified":"2018-11-30T00:00:00","modified_gmt":"2018-11-30T00:00:00","slug":"conseil-de-lentente-15eme-reunion-ordinaire-du-conseil-des-ministres-lome-abrite-levenement-ce-1er-decembre","status":"publish","type":"post","link":"https:\/\/228news.tg\/index.php\/2018\/11\/30\/conseil-de-lentente-15eme-reunion-ordinaire-du-conseil-des-ministres-lome-abrite-levenement-ce-1er-decembre\/","title":{"rendered":"Conseil de l&rsquo;Entente, 14\u00e8me r\u00e9union ordinaire du Conseil des ministres: Lom\u00e9 abrite l&rsquo;\u00e9v\u00e9nement ce 1er d\u00e9cembre"},"content":{"rendered":"<p>(228NEWS)- D\u00e9marr\u00e9e le 27 novembre dernier, la 14 eme r\u00e9union du Comit\u00e9 des Experts du Conseil de l&rsquo;Entente apris fin hier a lom\u00e9 avec plusieurs conclusions.<\/p>\n<p>Les projets int\u00e9grateurs de d\u00e9veloppement au profit des populations locales, les actions visant \u00e0 concr\u00e9tiser des partenariats avec d&rsquo;autres organismes et organisations r\u00e9gionales et mondiales, le M\u00e9canisme Entente de Renseignement, de m\u00eame que le budget de l&rsquo;exercice 2019 ont \u00e9t\u00e9 les sujets majeurs d\u00e9battus durant les trois jours qu&rsquo;ont dur\u00e9 la r\u00e9union pr\u00e9sid\u00e9e par Mme Abra Afetse-Tay, Secr\u00e9taire G\u00e9n\u00e9rale du minist\u00e8re des affaires \u00e9trang\u00e8res et Pr\u00e9sidente en exercice du Comit\u00e9 des Experts du Conseil de l&rsquo;Entente.<\/p>\n<p>Pour elle, la bonne tenue de cette rencontre de Lom\u00e9 et la mobilisation des experts prouvent \u00e0 suffisance l\u2019attachement de ces derniers au conseil ainsi que leur ambition de le voir rayonner.<\/p>\n<p>\u00ab Je reste persuad\u00e9e que le relev\u00e9 de conclusion aura l\u2019aval du conseil des ministres et partant de l\u00e0, de nos plus hautes autorit\u00e9s en vue de leur mise en \u0153uvre\u00a0\u00bb, a t-elle confi\u00e9 \u00e0 la fin de la r\u00e9union.<\/p>\n<p>Cette r\u00e9union vient ainsi baliser la voie \u00e0 la session minist\u00e9rielle qui se tiendra toujours \u00e0 Lom\u00e9 ce 1er d\u00e9cembre et qui aura la pr\u00e9rogative de valider les d\u00e9cisions issues de la r\u00e9union du comit\u00e9 des experts. Nous y reviendrons.<\/p>\n<p><em><strong>D\u00e9mocrate <\/strong><\/em><\/p>\n<p><em><strong>(00228) 91 85 40 14<\/strong><\/em><\/p>\n<p><em><strong>98 60 67 68<\/strong><\/em><\/p>\n<p><em><strong>democrate2010@gmail.com<\/strong><\/em><\/p>\n","protected":false},"excerpt":{"rendered":"<p>(228NEWS)- D\u00e9marr\u00e9e le 27 novembre dernier, la 14 eme r\u00e9union du Comit\u00e9 des Experts du Conseil de l&rsquo;Entente apris fin hier a lom\u00e9 avec plusieurs conclusions. Les projets int\u00e9grateurs de d\u00e9veloppement au profit des populations locales, les actions visant \u00e0 concr\u00e9tiser des partenariats avec d&rsquo;autres organismes et organisations r\u00e9gionales et mondiales, le M\u00e9canisme Entente de &#8230; <a title=\"Conseil de l&rsquo;Entente, 14\u00e8me r\u00e9union ordinaire du Conseil des ministres: Lom\u00e9 abrite l&rsquo;\u00e9v\u00e9nement ce 1er d\u00e9cembre\" class=\"read-more\" href=\"https:\/\/228news.tg\/index.php\/2018\/11\/30\/conseil-de-lentente-15eme-reunion-ordinaire-du-conseil-des-ministres-lome-abrite-levenement-ce-1er-decembre\/\" aria-label=\"En savoir plus sur Conseil de l&rsquo;Entente, 14\u00e8me r\u00e9union ordinaire du Conseil des ministres: Lom\u00e9 abrite l&rsquo;\u00e9v\u00e9nement ce 1er d\u00e9cembre\">Lire la suite<\/a><\/p>\n","protected":false},"author":2,"featured_media":1900,"comment_status":"open","ping_status":"open","sticky":false,"template":"","format":"standard","meta":{"footnotes":""},"categories":[31,35,25,34],"tags":[],"class_list":["post-1899","post","type-post","status-publish","format-standard","has-post-thumbnail","hentry","category-developpement","category-flash","category-togo","category-une"],"yoast_head":"<!-- This site is optimized with the Yoast SEO plugin v26.4 - https:\/\/yoast.com\/wordpress\/plugins\/seo\/ -->\n<title>Conseil de l&#039;Entente, 14\u00e8me r\u00e9union ordinaire du Conseil des ministres: Lom\u00e9 abrite l&#039;\u00e9v\u00e9nement ce 1er d\u00e9cembre - 228 News<\/title>\n<meta name=\"robots\" content=\"index, follow, max-snippet:-1, max-image-preview:large, max-video-preview:-1\" \/>\n<link rel=\"canonical\" href=\"https:\/\/228news.tg\/index.php\/2018\/11\/30\/conseil-de-lentente-15eme-reunion-ordinaire-du-conseil-des-ministres-lome-abrite-levenement-ce-1er-decembre\/\" \/>\n<meta property=\"og:locale\" content=\"fr_FR\" \/>\n<meta property=\"og:type\" content=\"article\" \/>\n<meta property=\"og:title\" content=\"Conseil de l&#039;Entente, 14\u00e8me r\u00e9union ordinaire du Conseil des ministres: Lom\u00e9 abrite l&#039;\u00e9v\u00e9nement ce 1er d\u00e9cembre - 228 News\" \/>\n<meta property=\"og:description\" content=\"(228NEWS)- D\u00e9marr\u00e9e le 27 novembre dernier, la 14 eme r\u00e9union du Comit\u00e9 des Experts du Conseil de l&rsquo;Entente apris fin hier a lom\u00e9 avec plusieurs conclusions. Les projets int\u00e9grateurs de d\u00e9veloppement au profit des populations locales, les actions visant \u00e0 concr\u00e9tiser des partenariats avec d&rsquo;autres organismes et organisations r\u00e9gionales et mondiales, le M\u00e9canisme Entente de ... Lire la suite\" \/>\n<meta property=\"og:url\" content=\"https:\/\/228news.tg\/index.php\/2018\/11\/30\/conseil-de-lentente-15eme-reunion-ordinaire-du-conseil-des-ministres-lome-abrite-levenement-ce-1er-decembre\/\" \/>\n<meta property=\"og:site_name\" content=\"228 News\" \/>\n<meta property=\"article:published_time\" content=\"2018-11-30T00:00:00+00:00\" \/>\n<meta property=\"og:image\" content=\"https:\/\/228news.tg\/wp-content\/uploads\/2024\/09\/22e9fb04eebae450fd4e8e8b4ea6aa46.jpg\" \/>\n\t<meta property=\"og:image:width\" content=\"800\" \/>\n\t<meta property=\"og:image:height\" content=\"357\" \/>\n\t<meta property=\"og:image:type\" content=\"image\/jpeg\" \/>\n<meta name=\"author\" content=\"Bienvenu SAVI\" \/>\n<meta name=\"twitter:card\" content=\"summary_large_image\" \/>\n<meta name=\"twitter:label1\" content=\"\u00c9crit par\" \/>\n\t<meta name=\"twitter:data1\" content=\"Bienvenu SAVI\" \/>\n\t<meta name=\"twitter:label2\" content=\"Dur\u00e9e de lecture estim\u00e9e\" \/>\n\t<meta name=\"twitter:data2\" content=\"1 minute\" \/>\n<script type=\"application\/ld+json\" class=\"yoast-schema-graph\">{\"@context\":\"https:\/\/schema.org\",\"@graph\":[{\"@type\":\"Article\",\"@id\":\"https:\/\/228news.tg\/index.php\/2018\/11\/30\/conseil-de-lentente-15eme-reunion-ordinaire-du-conseil-des-ministres-lome-abrite-levenement-ce-1er-decembre\/#article\",\"isPartOf\":{\"@id\":\"https:\/\/228news.tg\/index.php\/2018\/11\/30\/conseil-de-lentente-15eme-reunion-ordinaire-du-conseil-des-ministres-lome-abrite-levenement-ce-1er-decembre\/\"},\"author\":{\"name\":\"Bienvenu SAVI\",\"@id\":\"https:\/\/228news.tg\/#\/schema\/person\/68d5a6cc0230290e61235c8379523f52\"},\"headline\":\"Conseil de l&rsquo;Entente, 14\u00e8me r\u00e9union ordinaire du Conseil des ministres: Lom\u00e9 abrite l&rsquo;\u00e9v\u00e9nement ce 1er d\u00e9cembre\",\"datePublished\":\"2018-11-30T00:00:00+00:00\",\"mainEntityOfPage\":{\"@id\":\"https:\/\/228news.tg\/index.php\/2018\/11\/30\/conseil-de-lentente-15eme-reunion-ordinaire-du-conseil-des-ministres-lome-abrite-levenement-ce-1er-decembre\/\"},\"wordCount\":267,\"commentCount\":0,\"publisher\":{\"@id\":\"https:\/\/228news.tg\/#organization\"},\"image\":{\"@id\":\"https:\/\/228news.tg\/index.php\/2018\/11\/30\/conseil-de-lentente-15eme-reunion-ordinaire-du-conseil-des-ministres-lome-abrite-levenement-ce-1er-decembre\/#primaryimage\"},\"thumbnailUrl\":\"https:\/\/228news.tg\/wp-content\/uploads\/2024\/09\/22e9fb04eebae450fd4e8e8b4ea6aa46.jpg\",\"articleSection\":[\"DEVELOPPEMENT\",\"Flash\",\"TOGO\",\"Une\"],\"inLanguage\":\"fr-FR\",\"potentialAction\":[{\"@type\":\"CommentAction\",\"name\":\"Comment\",\"target\":[\"https:\/\/228news.tg\/index.php\/2018\/11\/30\/conseil-de-lentente-15eme-reunion-ordinaire-du-conseil-des-ministres-lome-abrite-levenement-ce-1er-decembre\/#respond\"]}]},{\"@type\":\"WebPage\",\"@id\":\"https:\/\/228news.tg\/index.php\/2018\/11\/30\/conseil-de-lentente-15eme-reunion-ordinaire-du-conseil-des-ministres-lome-abrite-levenement-ce-1er-decembre\/\",\"url\":\"https:\/\/228news.tg\/index.php\/2018\/11\/30\/conseil-de-lentente-15eme-reunion-ordinaire-du-conseil-des-ministres-lome-abrite-levenement-ce-1er-decembre\/\",\"name\":\"Conseil de l'Entente, 14\u00e8me r\u00e9union ordinaire du Conseil des ministres: Lom\u00e9 abrite l'\u00e9v\u00e9nement ce 1er d\u00e9cembre - 228 News\",\"isPartOf\":{\"@id\":\"https:\/\/228news.tg\/#website\"},\"primaryImageOfPage\":{\"@id\":\"https:\/\/228news.tg\/index.php\/2018\/11\/30\/conseil-de-lentente-15eme-reunion-ordinaire-du-conseil-des-ministres-lome-abrite-levenement-ce-1er-decembre\/#primaryimage\"},\"image\":{\"@id\":\"https:\/\/228news.tg\/index.php\/2018\/11\/30\/conseil-de-lentente-15eme-reunion-ordinaire-du-conseil-des-ministres-lome-abrite-levenement-ce-1er-decembre\/#primaryimage\"},\"thumbnailUrl\":\"https:\/\/228news.tg\/wp-content\/uploads\/2024\/09\/22e9fb04eebae450fd4e8e8b4ea6aa46.jpg\",\"datePublished\":\"2018-11-30T00:00:00+00:00\",\"breadcrumb\":{\"@id\":\"https:\/\/228news.tg\/index.php\/2018\/11\/30\/conseil-de-lentente-15eme-reunion-ordinaire-du-conseil-des-ministres-lome-abrite-levenement-ce-1er-decembre\/#breadcrumb\"},\"inLanguage\":\"fr-FR\",\"potentialAction\":[{\"@type\":\"ReadAction\",\"target\":[\"https:\/\/228news.tg\/index.php\/2018\/11\/30\/conseil-de-lentente-15eme-reunion-ordinaire-du-conseil-des-ministres-lome-abrite-levenement-ce-1er-decembre\/\"]}]},{\"@type\":\"ImageObject\",\"inLanguage\":\"fr-FR\",\"@id\":\"https:\/\/228news.tg\/index.php\/2018\/11\/30\/conseil-de-lentente-15eme-reunion-ordinaire-du-conseil-des-ministres-lome-abrite-levenement-ce-1er-decembre\/#primaryimage\",\"url\":\"https:\/\/228news.tg\/wp-content\/uploads\/2024\/09\/22e9fb04eebae450fd4e8e8b4ea6aa46.jpg\",\"contentUrl\":\"https:\/\/228news.tg\/wp-content\/uploads\/2024\/09\/22e9fb04eebae450fd4e8e8b4ea6aa46.jpg\",\"width\":800,\"height\":357},{\"@type\":\"BreadcrumbList\",\"@id\":\"https:\/\/228news.tg\/index.php\/2018\/11\/30\/conseil-de-lentente-15eme-reunion-ordinaire-du-conseil-des-ministres-lome-abrite-levenement-ce-1er-decembre\/#breadcrumb\",\"itemListElement\":[{\"@type\":\"ListItem\",\"position\":1,\"name\":\"Home\",\"item\":\"https:\/\/228news.tg\/\"},{\"@type\":\"ListItem\",\"position\":2,\"name\":\"Conseil de l&rsquo;Entente, 14\u00e8me r\u00e9union ordinaire du Conseil des ministres: Lom\u00e9 abrite l&rsquo;\u00e9v\u00e9nement ce 1er d\u00e9cembre\"}]},{\"@type\":\"WebSite\",\"@id\":\"https:\/\/228news.tg\/#website\",\"url\":\"https:\/\/228news.tg\/\",\"name\":\"228 News\",\"description\":\"Soci\u00e9t\u00e9 de m\u00e9dias et d\u2019actualit\u00e9s\",\"publisher\":{\"@id\":\"https:\/\/228news.tg\/#organization\"},\"potentialAction\":[{\"@type\":\"SearchAction\",\"target\":{\"@type\":\"EntryPoint\",\"urlTemplate\":\"https:\/\/228news.tg\/?s={search_term_string}\"},\"query-input\":{\"@type\":\"PropertyValueSpecification\",\"valueRequired\":true,\"valueName\":\"search_term_string\"}}],\"inLanguage\":\"fr-FR\"},{\"@type\":\"Organization\",\"@id\":\"https:\/\/228news.tg\/#organization\",\"name\":\"228 News\",\"url\":\"https:\/\/228news.tg\/\",\"logo\":{\"@type\":\"ImageObject\",\"inLanguage\":\"fr-FR\",\"@id\":\"https:\/\/228news.tg\/#\/schema\/logo\/image\/\",\"url\":\"https:\/\/228news.tg\/wp-content\/uploads\/2024\/09\/logonew.png\",\"contentUrl\":\"https:\/\/228news.tg\/wp-content\/uploads\/2024\/09\/logonew.png\",\"width\":1640,\"height\":364,\"caption\":\"228 News\"},\"image\":{\"@id\":\"https:\/\/228news.tg\/#\/schema\/logo\/image\/\"}},{\"@type\":\"Person\",\"@id\":\"https:\/\/228news.tg\/#\/schema\/person\/68d5a6cc0230290e61235c8379523f52\",\"name\":\"Bienvenu SAVI\",\"image\":{\"@type\":\"ImageObject\",\"inLanguage\":\"fr-FR\",\"@id\":\"https:\/\/228news.tg\/#\/schema\/person\/image\/\",\"url\":\"https:\/\/secure.gravatar.com\/avatar\/9db91895c559e510509c33a3e9683998458e9b828fac36d5d1aa23f0f2fd369b?s=96&d=mm&r=g\",\"contentUrl\":\"https:\/\/secure.gravatar.com\/avatar\/9db91895c559e510509c33a3e9683998458e9b828fac36d5d1aa23f0f2fd369b?s=96&d=mm&r=g\",\"caption\":\"Bienvenu SAVI\"},\"url\":\"https:\/\/228news.tg\/index.php\/author\/bienvenu\/\"}]}<\/script>\n<!-- \/ Yoast SEO plugin. -->","yoast_head_json":{"title":"Conseil de l'Entente, 14\u00e8me r\u00e9union ordinaire du Conseil des ministres: Lom\u00e9 abrite l'\u00e9v\u00e9nement ce 1er d\u00e9cembre - 228 News","robots":{"index":"index","follow":"follow","max-snippet":"max-snippet:-1","max-image-preview":"max-image-preview:large","max-video-preview":"max-video-preview:-1"},"canonical":"https:\/\/228news.tg\/index.php\/2018\/11\/30\/conseil-de-lentente-15eme-reunion-ordinaire-du-conseil-des-ministres-lome-abrite-levenement-ce-1er-decembre\/","og_locale":"fr_FR","og_type":"article","og_title":"Conseil de l'Entente, 14\u00e8me r\u00e9union ordinaire du Conseil des ministres: Lom\u00e9 abrite l'\u00e9v\u00e9nement ce 1er d\u00e9cembre - 228 News","og_description":"(228NEWS)- D\u00e9marr\u00e9e le 27 novembre dernier, la 14 eme r\u00e9union du Comit\u00e9 des Experts du Conseil de l&rsquo;Entente apris fin hier a lom\u00e9 avec plusieurs conclusions. Les projets int\u00e9grateurs de d\u00e9veloppement au profit des populations locales, les actions visant \u00e0 concr\u00e9tiser des partenariats avec d&rsquo;autres organismes et organisations r\u00e9gionales et mondiales, le M\u00e9canisme Entente de ... Lire la suite","og_url":"https:\/\/228news.tg\/index.php\/2018\/11\/30\/conseil-de-lentente-15eme-reunion-ordinaire-du-conseil-des-ministres-lome-abrite-levenement-ce-1er-decembre\/","og_site_name":"228 News","article_published_time":"2018-11-30T00:00:00+00:00","og_image":[{"width":800,"height":357,"url":"https:\/\/228news.tg\/wp-content\/uploads\/2024\/09\/22e9fb04eebae450fd4e8e8b4ea6aa46.jpg","type":"image\/jpeg"}],"author":"Bienvenu SAVI","twitter_card":"summary_large_image","twitter_misc":{"\u00c9crit par":"Bienvenu SAVI","Dur\u00e9e de lecture estim\u00e9e":"1 minute"},"schema":{"@context":"https:\/\/schema.org","@graph":[{"@type":"Article","@id":"https:\/\/228news.tg\/index.php\/2018\/11\/30\/conseil-de-lentente-15eme-reunion-ordinaire-du-conseil-des-ministres-lome-abrite-levenement-ce-1er-decembre\/#article","isPartOf":{"@id":"https:\/\/228news.tg\/index.php\/2018\/11\/30\/conseil-de-lentente-15eme-reunion-ordinaire-du-conseil-des-ministres-lome-abrite-levenement-ce-1er-decembre\/"},"author":{"name":"Bienvenu SAVI","@id":"https:\/\/228news.tg\/#\/schema\/person\/68d5a6cc0230290e61235c8379523f52"},"headline":"Conseil de l&rsquo;Entente, 14\u00e8me r\u00e9union ordinaire du Conseil des ministres: Lom\u00e9 abrite l&rsquo;\u00e9v\u00e9nement ce 1er d\u00e9cembre","datePublished":"2018-11-30T00:00:00+00:00","mainEntityOfPage":{"@id":"https:\/\/228news.tg\/index.php\/2018\/11\/30\/conseil-de-lentente-15eme-reunion-ordinaire-du-conseil-des-ministres-lome-abrite-levenement-ce-1er-decembre\/"},"wordCount":267,"commentCount":0,"publisher":{"@id":"https:\/\/228news.tg\/#organization"},"image":{"@id":"https:\/\/228news.tg\/index.php\/2018\/11\/30\/conseil-de-lentente-15eme-reunion-ordinaire-du-conseil-des-ministres-lome-abrite-levenement-ce-1er-decembre\/#primaryimage"},"thumbnailUrl":"https:\/\/228news.tg\/wp-content\/uploads\/2024\/09\/22e9fb04eebae450fd4e8e8b4ea6aa46.jpg","articleSection":["DEVELOPPEMENT","Flash","TOGO","Une"],"inLanguage":"fr-FR","potentialAction":[{"@type":"CommentAction","name":"Comment","target":["https:\/\/228news.tg\/index.php\/2018\/11\/30\/conseil-de-lentente-15eme-reunion-ordinaire-du-conseil-des-ministres-lome-abrite-levenement-ce-1er-decembre\/#respond"]}]},{"@type":"WebPage","@id":"https:\/\/228news.tg\/index.php\/2018\/11\/30\/conseil-de-lentente-15eme-reunion-ordinaire-du-conseil-des-ministres-lome-abrite-levenement-ce-1er-decembre\/","url":"https:\/\/228news.tg\/index.php\/2018\/11\/30\/conseil-de-lentente-15eme-reunion-ordinaire-du-conseil-des-ministres-lome-abrite-levenement-ce-1er-decembre\/","name":"Conseil de l'Entente, 14\u00e8me r\u00e9union ordinaire du Conseil des ministres: Lom\u00e9 abrite l'\u00e9v\u00e9nement ce 1er d\u00e9cembre - 228 News","isPartOf":{"@id":"https:\/\/228news.tg\/#website"},"primaryImageOfPage":{"@id":"https:\/\/228news.tg\/index.php\/2018\/11\/30\/conseil-de-lentente-15eme-reunion-ordinaire-du-conseil-des-ministres-lome-abrite-levenement-ce-1er-decembre\/#primaryimage"},"image":{"@id":"https:\/\/228news.tg\/index.php\/2018\/11\/30\/conseil-de-lentente-15eme-reunion-ordinaire-du-conseil-des-ministres-lome-abrite-levenement-ce-1er-decembre\/#primaryimage"},"thumbnailUrl":"https:\/\/228news.tg\/wp-content\/uploads\/2024\/09\/22e9fb04eebae450fd4e8e8b4ea6aa46.jpg","datePublished":"2018-11-30T00:00:00+00:00","breadcrumb":{"@id":"https:\/\/228news.tg\/index.php\/2018\/11\/30\/conseil-de-lentente-15eme-reunion-ordinaire-du-conseil-des-ministres-lome-abrite-levenement-ce-1er-decembre\/#breadcrumb"},"inLanguage":"fr-FR","potentialAction":[{"@type":"ReadAction","target":["https:\/\/228news.tg\/index.php\/2018\/11\/30\/conseil-de-lentente-15eme-reunion-ordinaire-du-conseil-des-ministres-lome-abrite-levenement-ce-1er-decembre\/"]}]},{"@type":"ImageObject","inLanguage":"fr-FR","@id":"https:\/\/228news.tg\/index.php\/2018\/11\/30\/conseil-de-lentente-15eme-reunion-ordinaire-du-conseil-des-ministres-lome-abrite-levenement-ce-1er-decembre\/#primaryimage","url":"https:\/\/228news.tg\/wp-content\/uploads\/2024\/09\/22e9fb04eebae450fd4e8e8b4ea6aa46.jpg","contentUrl":"https:\/\/228news.tg\/wp-content\/uploads\/2024\/09\/22e9fb04eebae450fd4e8e8b4ea6aa46.jpg","width":800,"height":357},{"@type":"BreadcrumbList","@id":"https:\/\/228news.tg\/index.php\/2018\/11\/30\/conseil-de-lentente-15eme-reunion-ordinaire-du-conseil-des-ministres-lome-abrite-levenement-ce-1er-decembre\/#breadcrumb","itemListElement":[{"@type":"ListItem","position":1,"name":"Home","item":"https:\/\/228news.tg\/"},{"@type":"ListItem","position":2,"name":"Conseil de l&rsquo;Entente, 14\u00e8me r\u00e9union ordinaire du Conseil des ministres: Lom\u00e9 abrite l&rsquo;\u00e9v\u00e9nement ce 1er d\u00e9cembre"}]},{"@type":"WebSite","@id":"https:\/\/228news.tg\/#website","url":"https:\/\/228news.tg\/","name":"228 News","description":"Soci\u00e9t\u00e9 de m\u00e9dias et d\u2019actualit\u00e9s","publisher":{"@id":"https:\/\/228news.tg\/#organization"},"potentialAction":[{"@type":"SearchAction","target":{"@type":"EntryPoint","urlTemplate":"https:\/\/228news.tg\/?s={search_term_string}"},"query-input":{"@type":"PropertyValueSpecification","valueRequired":true,"valueName":"search_term_string"}}],"inLanguage":"fr-FR"},{"@type":"Organization","@id":"https:\/\/228news.tg\/#organization","name":"228 News","url":"https:\/\/228news.tg\/","logo":{"@type":"ImageObject","inLanguage":"fr-FR","@id":"https:\/\/228news.tg\/#\/schema\/logo\/image\/","url":"https:\/\/228news.tg\/wp-content\/uploads\/2024\/09\/logonew.png","contentUrl":"https:\/\/228news.tg\/wp-content\/uploads\/2024\/09\/logonew.png","width":1640,"height":364,"caption":"228 News"},"image":{"@id":"https:\/\/228news.tg\/#\/schema\/logo\/image\/"}},{"@type":"Person","@id":"https:\/\/228news.tg\/#\/schema\/person\/68d5a6cc0230290e61235c8379523f52","name":"Bienvenu SAVI","image":{"@type":"ImageObject","inLanguage":"fr-FR","@id":"https:\/\/228news.tg\/#\/schema\/person\/image\/","url":"https:\/\/secure.gravatar.com\/avatar\/9db91895c559e510509c33a3e9683998458e9b828fac36d5d1aa23f0f2fd369b?s=96&d=mm&r=g","contentUrl":"https:\/\/secure.gravatar.com\/avatar\/9db91895c559e510509c33a3e9683998458e9b828fac36d5d1aa23f0f2fd369b?s=96&d=mm&r=g","caption":"Bienvenu SAVI"},"url":"https:\/\/228news.tg\/index.php\/author\/bienvenu\/"}]}},"jetpack_featured_media_url":"https:\/\/228news.tg\/wp-content\/uploads\/2024\/09\/22e9fb04eebae450fd4e8e8b4ea6aa46.jpg","_links":{"self":[{"href":"https:\/\/228news.tg\/index.php\/wp-json\/wp\/v2\/posts\/1899","targetHints":{"allow":["GET"]}}],"collection":[{"href":"https:\/\/228news.tg\/index.php\/wp-json\/wp\/v2\/posts"}],"about":[{"href":"https:\/\/228news.tg\/index.php\/wp-json\/wp\/v2\/types\/post"}],"author":[{"embeddable":true,"href":"https:\/\/228news.tg\/index.php\/wp-json\/wp\/v2\/users\/2"}],"replies":[{"embeddable":true,"href":"https:\/\/228news.tg\/index.php\/wp-json\/wp\/v2\/comments?post=1899"}],"version-history":[{"count":0,"href":"https:\/\/228news.tg\/index.php\/wp-json\/wp\/v2\/posts\/1899\/revisions"}],"wp:featuredmedia":[{"embeddable":true,"href":"https:\/\/228news.tg\/index.php\/wp-json\/wp\/v2\/media\/1900"}],"wp:attachment":[{"href":"https:\/\/228news.tg\/index.php\/wp-json\/wp\/v2\/media?parent=1899"}],"wp:term":[{"taxonomy":"category","embeddable":true,"href":"https:\/\/228news.tg\/index.php\/wp-json\/wp\/v2\/categories?post=1899"},{"taxonomy":"post_tag","embeddable":true,"href":"https:\/\/228news.tg\/index.php\/wp-json\/wp\/v2\/tags?post=1899"}],"curies":[{"name":"wp","href":"https:\/\/api.w.org\/{rel}","templated":true}]}}