{"id":1889,"date":"2018-11-28T00:00:00","date_gmt":"2018-11-28T00:00:00","guid":{"rendered":"https:\/\/228news.tg\/index.php\/2018\/11\/28\/conseil-de-lentente-cap-sur-2019-lome-abrite-depuis-ce-mardi-la-15eme-reunion-du-comite-des-experts\/"},"modified":"2018-11-28T00:00:00","modified_gmt":"2018-11-28T00:00:00","slug":"conseil-de-lentente-cap-sur-2019-lome-abrite-depuis-ce-mardi-la-15eme-reunion-du-comite-des-experts","status":"publish","type":"post","link":"https:\/\/228news.tg\/index.php\/2018\/11\/28\/conseil-de-lentente-cap-sur-2019-lome-abrite-depuis-ce-mardi-la-15eme-reunion-du-comite-des-experts\/","title":{"rendered":"Conseil de l&rsquo;Entente, cap sur 2019: Lom\u00e9 abrite depuis ce mardi la 14\u00e8me r\u00e9union du Comit\u00e9 des Experts"},"content":{"rendered":"<p>(228NEWS\/ Lom\u00e9, le 28 novembre 2018)- Le Comit\u00e9 des experts du Conseil de l&rsquo;Entente tient depuis ce mardi 27 novembre 2018 \u00e0 Lom\u00e9, la 14\u00e8me r\u00e9union ordinaire de l&rsquo;institution.<\/p>\n<p>Ouverte par la Pr\u00e9sidente du Comit\u00e9 des experts, Mme Abra Afetse-tay, cette rencontre va essentiellement se plancher sur l&rsquo;examination du projet de budget 2019 et l&rsquo;identification der les pistes probables de financement de toutes les activit\u00e9s au programme de l\u2019exercice 2019.<\/p>\n<p>Les activit\u00e9s relatives au renforcement et \u00e0 la promotion de la paix et de la s\u00e9curit\u00e9 dans l\u2019espace Entente ainsi que la finalisation des projets de d\u00e9veloppement \u00e0 la base, au profit des populations rurales seront \u00e9galement au menu des travaux, a indiqu\u00e9 la Pr\u00e9sidente du Comit\u00e9 des experts qui a \u00e9galement pr\u00e9cis\u00e9 qu&rsquo;une\u00a0\u00e9tude pour l\u2019\u00e9laboration d\u2019une strat\u00e9gie de promotion d\u2019activit\u00e9s g\u00e9n\u00e9ratrices de revenus et cr\u00e9atrices d\u2019emplois pour les jeunes et les femmes de la communaut\u00e9 devrait \u00eatre inscrite \u00e0 l&rsquo;agenda du Conseil de l&rsquo;Entente pour cette ann\u00e9e 2019.<\/p>\n<p>\u00ab\u00a0Je reste persuad\u00e9e que la r\u00e9alisation de toutes ces activit\u00e9s n\u00e9cessite la mobilisation de ressources financi\u00e8res cons\u00e9quentes que les contributions des Etats membres \u00e0 elles seules ne peuvent suffire.\u00a0\u00bb, a t-elle confi\u00e9.<\/p>\n<p>Le m\u00e9canisme Entente de renseignements dont l\u2019objectif est d\u2019\u00e9tablir une coop\u00e9ration s\u00e9curitaire accrue entre les Etats membres du Conseil de l\u2019Entente en vue d\u2019une meilleure pr\u00e9vention des nouvelles menaces et la construction d\u2019un espace Entente plus s\u00fbr et pour lequel nous exhortons les Etats membres \u00e0 consentir des efforts pour son financement sera par ailleurs au centre des travaux de cette 14\u00e8me r\u00e9union.<\/p>\n<p>A l&rsquo;issue de la r\u00e9union, les conclusions seront soumises \u00e0 la session minist\u00e9rielle du Conseil de l&rsquo;Entente pour une validation en fin de semaine.<\/p>\n<p>Organisation de coop\u00e9ration sous r\u00e9gionale, le Conseil de l&rsquo;Entente est compos\u00e9 de cinq (5) pays \u00e0 savoir le\u00a0B\u00e9nin, le Burkina Faso, la C\u00f4te d&rsquo;Ivoire, le Niger et le Togo.<\/p>\n<p><em><strong>D\u00e9mocrate<\/strong><\/em><\/p>\n<p><em><strong>(00228) 91 85 40 14<\/strong><\/em><\/p>\n<p><em><strong>98 60 67 68<\/strong><\/em><\/p>\n<p><em><strong>democrate2010@gmail.com<\/strong><\/em><\/p>\n","protected":false},"excerpt":{"rendered":"<p>(228NEWS\/ Lom\u00e9, le 28 novembre 2018)- Le Comit\u00e9 des experts du Conseil de l&rsquo;Entente tient depuis ce mardi 27 novembre 2018 \u00e0 Lom\u00e9, la 14\u00e8me r\u00e9union ordinaire de l&rsquo;institution. Ouverte par la Pr\u00e9sidente du Comit\u00e9 des experts, Mme Abra Afetse-tay, cette rencontre va essentiellement se plancher sur l&rsquo;examination du projet de budget 2019 et l&rsquo;identification &#8230; <a title=\"Conseil de l&rsquo;Entente, cap sur 2019: Lom\u00e9 abrite depuis ce mardi la 14\u00e8me r\u00e9union du Comit\u00e9 des Experts\" class=\"read-more\" href=\"https:\/\/228news.tg\/index.php\/2018\/11\/28\/conseil-de-lentente-cap-sur-2019-lome-abrite-depuis-ce-mardi-la-15eme-reunion-du-comite-des-experts\/\" aria-label=\"En savoir plus sur Conseil de l&rsquo;Entente, cap sur 2019: Lom\u00e9 abrite depuis ce mardi la 14\u00e8me r\u00e9union du Comit\u00e9 des Experts\">Lire la suite<\/a><\/p>\n","protected":false},"author":2,"featured_media":1890,"comment_status":"open","ping_status":"open","sticky":false,"template":"","format":"standard","meta":{"footnotes":""},"categories":[26,31,35,34],"tags":[],"class_list":["post-1889","post","type-post","status-publish","format-standard","has-post-thumbnail","hentry","category-afrique","category-developpement","category-flash","category-une"],"yoast_head":"<!-- This site is optimized with the Yoast SEO plugin v26.4 - https:\/\/yoast.com\/wordpress\/plugins\/seo\/ -->\n<title>Conseil de l&#039;Entente, cap sur 2019: Lom\u00e9 abrite depuis ce mardi la 14\u00e8me r\u00e9union du Comit\u00e9 des Experts - 228 News<\/title>\n<meta name=\"robots\" content=\"index, follow, max-snippet:-1, max-image-preview:large, max-video-preview:-1\" \/>\n<link rel=\"canonical\" href=\"https:\/\/228news.tg\/index.php\/2018\/11\/28\/conseil-de-lentente-cap-sur-2019-lome-abrite-depuis-ce-mardi-la-15eme-reunion-du-comite-des-experts\/\" \/>\n<meta property=\"og:locale\" content=\"fr_FR\" \/>\n<meta property=\"og:type\" content=\"article\" \/>\n<meta property=\"og:title\" content=\"Conseil de l&#039;Entente, cap sur 2019: Lom\u00e9 abrite depuis ce mardi la 14\u00e8me r\u00e9union du Comit\u00e9 des Experts - 228 News\" \/>\n<meta property=\"og:description\" content=\"(228NEWS\/ Lom\u00e9, le 28 novembre 2018)- Le Comit\u00e9 des experts du Conseil de l&rsquo;Entente tient depuis ce mardi 27 novembre 2018 \u00e0 Lom\u00e9, la 14\u00e8me r\u00e9union ordinaire de l&rsquo;institution. Ouverte par la Pr\u00e9sidente du Comit\u00e9 des experts, Mme Abra Afetse-tay, cette rencontre va essentiellement se plancher sur l&rsquo;examination du projet de budget 2019 et l&rsquo;identification ... Lire la suite\" \/>\n<meta property=\"og:url\" content=\"https:\/\/228news.tg\/index.php\/2018\/11\/28\/conseil-de-lentente-cap-sur-2019-lome-abrite-depuis-ce-mardi-la-15eme-reunion-du-comite-des-experts\/\" \/>\n<meta property=\"og:site_name\" content=\"228 News\" \/>\n<meta property=\"article:published_time\" content=\"2018-11-28T00:00:00+00:00\" \/>\n<meta property=\"og:image\" content=\"https:\/\/228news.tg\/wp-content\/uploads\/2024\/09\/06d45588e18f84f53c02eb6a97f84d6a.jpg\" \/>\n\t<meta property=\"og:image:width\" content=\"800\" \/>\n\t<meta property=\"og:image:height\" content=\"408\" \/>\n\t<meta property=\"og:image:type\" content=\"image\/jpeg\" \/>\n<meta name=\"author\" content=\"Bienvenu SAVI\" \/>\n<meta name=\"twitter:card\" content=\"summary_large_image\" \/>\n<meta name=\"twitter:label1\" content=\"\u00c9crit par\" \/>\n\t<meta name=\"twitter:data1\" content=\"Bienvenu SAVI\" \/>\n\t<meta name=\"twitter:label2\" content=\"Dur\u00e9e de lecture estim\u00e9e\" \/>\n\t<meta name=\"twitter:data2\" content=\"2 minutes\" \/>\n<script type=\"application\/ld+json\" class=\"yoast-schema-graph\">{\"@context\":\"https:\/\/schema.org\",\"@graph\":[{\"@type\":\"Article\",\"@id\":\"https:\/\/228news.tg\/index.php\/2018\/11\/28\/conseil-de-lentente-cap-sur-2019-lome-abrite-depuis-ce-mardi-la-15eme-reunion-du-comite-des-experts\/#article\",\"isPartOf\":{\"@id\":\"https:\/\/228news.tg\/index.php\/2018\/11\/28\/conseil-de-lentente-cap-sur-2019-lome-abrite-depuis-ce-mardi-la-15eme-reunion-du-comite-des-experts\/\"},\"author\":{\"name\":\"Bienvenu SAVI\",\"@id\":\"https:\/\/228news.tg\/#\/schema\/person\/68d5a6cc0230290e61235c8379523f52\"},\"headline\":\"Conseil de l&rsquo;Entente, cap sur 2019: Lom\u00e9 abrite depuis ce mardi la 14\u00e8me r\u00e9union du Comit\u00e9 des Experts\",\"datePublished\":\"2018-11-28T00:00:00+00:00\",\"mainEntityOfPage\":{\"@id\":\"https:\/\/228news.tg\/index.php\/2018\/11\/28\/conseil-de-lentente-cap-sur-2019-lome-abrite-depuis-ce-mardi-la-15eme-reunion-du-comite-des-experts\/\"},\"wordCount\":372,\"commentCount\":0,\"publisher\":{\"@id\":\"https:\/\/228news.tg\/#organization\"},\"image\":{\"@id\":\"https:\/\/228news.tg\/index.php\/2018\/11\/28\/conseil-de-lentente-cap-sur-2019-lome-abrite-depuis-ce-mardi-la-15eme-reunion-du-comite-des-experts\/#primaryimage\"},\"thumbnailUrl\":\"https:\/\/228news.tg\/wp-content\/uploads\/2024\/09\/06d45588e18f84f53c02eb6a97f84d6a.jpg\",\"articleSection\":[\"AFRIQUE\",\"DEVELOPPEMENT\",\"Flash\",\"Une\"],\"inLanguage\":\"fr-FR\",\"potentialAction\":[{\"@type\":\"CommentAction\",\"name\":\"Comment\",\"target\":[\"https:\/\/228news.tg\/index.php\/2018\/11\/28\/conseil-de-lentente-cap-sur-2019-lome-abrite-depuis-ce-mardi-la-15eme-reunion-du-comite-des-experts\/#respond\"]}]},{\"@type\":\"WebPage\",\"@id\":\"https:\/\/228news.tg\/index.php\/2018\/11\/28\/conseil-de-lentente-cap-sur-2019-lome-abrite-depuis-ce-mardi-la-15eme-reunion-du-comite-des-experts\/\",\"url\":\"https:\/\/228news.tg\/index.php\/2018\/11\/28\/conseil-de-lentente-cap-sur-2019-lome-abrite-depuis-ce-mardi-la-15eme-reunion-du-comite-des-experts\/\",\"name\":\"Conseil de l'Entente, cap sur 2019: Lom\u00e9 abrite depuis ce mardi la 14\u00e8me r\u00e9union du Comit\u00e9 des Experts - 228 News\",\"isPartOf\":{\"@id\":\"https:\/\/228news.tg\/#website\"},\"primaryImageOfPage\":{\"@id\":\"https:\/\/228news.tg\/index.php\/2018\/11\/28\/conseil-de-lentente-cap-sur-2019-lome-abrite-depuis-ce-mardi-la-15eme-reunion-du-comite-des-experts\/#primaryimage\"},\"image\":{\"@id\":\"https:\/\/228news.tg\/index.php\/2018\/11\/28\/conseil-de-lentente-cap-sur-2019-lome-abrite-depuis-ce-mardi-la-15eme-reunion-du-comite-des-experts\/#primaryimage\"},\"thumbnailUrl\":\"https:\/\/228news.tg\/wp-content\/uploads\/2024\/09\/06d45588e18f84f53c02eb6a97f84d6a.jpg\",\"datePublished\":\"2018-11-28T00:00:00+00:00\",\"breadcrumb\":{\"@id\":\"https:\/\/228news.tg\/index.php\/2018\/11\/28\/conseil-de-lentente-cap-sur-2019-lome-abrite-depuis-ce-mardi-la-15eme-reunion-du-comite-des-experts\/#breadcrumb\"},\"inLanguage\":\"fr-FR\",\"potentialAction\":[{\"@type\":\"ReadAction\",\"target\":[\"https:\/\/228news.tg\/index.php\/2018\/11\/28\/conseil-de-lentente-cap-sur-2019-lome-abrite-depuis-ce-mardi-la-15eme-reunion-du-comite-des-experts\/\"]}]},{\"@type\":\"ImageObject\",\"inLanguage\":\"fr-FR\",\"@id\":\"https:\/\/228news.tg\/index.php\/2018\/11\/28\/conseil-de-lentente-cap-sur-2019-lome-abrite-depuis-ce-mardi-la-15eme-reunion-du-comite-des-experts\/#primaryimage\",\"url\":\"https:\/\/228news.tg\/wp-content\/uploads\/2024\/09\/06d45588e18f84f53c02eb6a97f84d6a.jpg\",\"contentUrl\":\"https:\/\/228news.tg\/wp-content\/uploads\/2024\/09\/06d45588e18f84f53c02eb6a97f84d6a.jpg\",\"width\":800,\"height\":408},{\"@type\":\"BreadcrumbList\",\"@id\":\"https:\/\/228news.tg\/index.php\/2018\/11\/28\/conseil-de-lentente-cap-sur-2019-lome-abrite-depuis-ce-mardi-la-15eme-reunion-du-comite-des-experts\/#breadcrumb\",\"itemListElement\":[{\"@type\":\"ListItem\",\"position\":1,\"name\":\"Home\",\"item\":\"https:\/\/228news.tg\/\"},{\"@type\":\"ListItem\",\"position\":2,\"name\":\"Conseil de l&rsquo;Entente, cap sur 2019: Lom\u00e9 abrite depuis ce mardi la 14\u00e8me r\u00e9union du Comit\u00e9 des Experts\"}]},{\"@type\":\"WebSite\",\"@id\":\"https:\/\/228news.tg\/#website\",\"url\":\"https:\/\/228news.tg\/\",\"name\":\"228 News\",\"description\":\"Soci\u00e9t\u00e9 de m\u00e9dias et d\u2019actualit\u00e9s\",\"publisher\":{\"@id\":\"https:\/\/228news.tg\/#organization\"},\"potentialAction\":[{\"@type\":\"SearchAction\",\"target\":{\"@type\":\"EntryPoint\",\"urlTemplate\":\"https:\/\/228news.tg\/?s={search_term_string}\"},\"query-input\":{\"@type\":\"PropertyValueSpecification\",\"valueRequired\":true,\"valueName\":\"search_term_string\"}}],\"inLanguage\":\"fr-FR\"},{\"@type\":\"Organization\",\"@id\":\"https:\/\/228news.tg\/#organization\",\"name\":\"228 News\",\"url\":\"https:\/\/228news.tg\/\",\"logo\":{\"@type\":\"ImageObject\",\"inLanguage\":\"fr-FR\",\"@id\":\"https:\/\/228news.tg\/#\/schema\/logo\/image\/\",\"url\":\"https:\/\/228news.tg\/wp-content\/uploads\/2024\/09\/logonew.png\",\"contentUrl\":\"https:\/\/228news.tg\/wp-content\/uploads\/2024\/09\/logonew.png\",\"width\":1640,\"height\":364,\"caption\":\"228 News\"},\"image\":{\"@id\":\"https:\/\/228news.tg\/#\/schema\/logo\/image\/\"}},{\"@type\":\"Person\",\"@id\":\"https:\/\/228news.tg\/#\/schema\/person\/68d5a6cc0230290e61235c8379523f52\",\"name\":\"Bienvenu SAVI\",\"image\":{\"@type\":\"ImageObject\",\"inLanguage\":\"fr-FR\",\"@id\":\"https:\/\/228news.tg\/#\/schema\/person\/image\/\",\"url\":\"https:\/\/secure.gravatar.com\/avatar\/9db91895c559e510509c33a3e9683998458e9b828fac36d5d1aa23f0f2fd369b?s=96&d=mm&r=g\",\"contentUrl\":\"https:\/\/secure.gravatar.com\/avatar\/9db91895c559e510509c33a3e9683998458e9b828fac36d5d1aa23f0f2fd369b?s=96&d=mm&r=g\",\"caption\":\"Bienvenu SAVI\"},\"url\":\"https:\/\/228news.tg\/index.php\/author\/bienvenu\/\"}]}<\/script>\n<!-- \/ Yoast SEO plugin. -->","yoast_head_json":{"title":"Conseil de l'Entente, cap sur 2019: Lom\u00e9 abrite depuis ce mardi la 14\u00e8me r\u00e9union du Comit\u00e9 des Experts - 228 News","robots":{"index":"index","follow":"follow","max-snippet":"max-snippet:-1","max-image-preview":"max-image-preview:large","max-video-preview":"max-video-preview:-1"},"canonical":"https:\/\/228news.tg\/index.php\/2018\/11\/28\/conseil-de-lentente-cap-sur-2019-lome-abrite-depuis-ce-mardi-la-15eme-reunion-du-comite-des-experts\/","og_locale":"fr_FR","og_type":"article","og_title":"Conseil de l'Entente, cap sur 2019: Lom\u00e9 abrite depuis ce mardi la 14\u00e8me r\u00e9union du Comit\u00e9 des Experts - 228 News","og_description":"(228NEWS\/ Lom\u00e9, le 28 novembre 2018)- Le Comit\u00e9 des experts du Conseil de l&rsquo;Entente tient depuis ce mardi 27 novembre 2018 \u00e0 Lom\u00e9, la 14\u00e8me r\u00e9union ordinaire de l&rsquo;institution. Ouverte par la Pr\u00e9sidente du Comit\u00e9 des experts, Mme Abra Afetse-tay, cette rencontre va essentiellement se plancher sur l&rsquo;examination du projet de budget 2019 et l&rsquo;identification ... Lire la suite","og_url":"https:\/\/228news.tg\/index.php\/2018\/11\/28\/conseil-de-lentente-cap-sur-2019-lome-abrite-depuis-ce-mardi-la-15eme-reunion-du-comite-des-experts\/","og_site_name":"228 News","article_published_time":"2018-11-28T00:00:00+00:00","og_image":[{"width":800,"height":408,"url":"https:\/\/228news.tg\/wp-content\/uploads\/2024\/09\/06d45588e18f84f53c02eb6a97f84d6a.jpg","type":"image\/jpeg"}],"author":"Bienvenu SAVI","twitter_card":"summary_large_image","twitter_misc":{"\u00c9crit par":"Bienvenu SAVI","Dur\u00e9e de lecture estim\u00e9e":"2 minutes"},"schema":{"@context":"https:\/\/schema.org","@graph":[{"@type":"Article","@id":"https:\/\/228news.tg\/index.php\/2018\/11\/28\/conseil-de-lentente-cap-sur-2019-lome-abrite-depuis-ce-mardi-la-15eme-reunion-du-comite-des-experts\/#article","isPartOf":{"@id":"https:\/\/228news.tg\/index.php\/2018\/11\/28\/conseil-de-lentente-cap-sur-2019-lome-abrite-depuis-ce-mardi-la-15eme-reunion-du-comite-des-experts\/"},"author":{"name":"Bienvenu SAVI","@id":"https:\/\/228news.tg\/#\/schema\/person\/68d5a6cc0230290e61235c8379523f52"},"headline":"Conseil de l&rsquo;Entente, cap sur 2019: Lom\u00e9 abrite depuis ce mardi la 14\u00e8me r\u00e9union du Comit\u00e9 des Experts","datePublished":"2018-11-28T00:00:00+00:00","mainEntityOfPage":{"@id":"https:\/\/228news.tg\/index.php\/2018\/11\/28\/conseil-de-lentente-cap-sur-2019-lome-abrite-depuis-ce-mardi-la-15eme-reunion-du-comite-des-experts\/"},"wordCount":372,"commentCount":0,"publisher":{"@id":"https:\/\/228news.tg\/#organization"},"image":{"@id":"https:\/\/228news.tg\/index.php\/2018\/11\/28\/conseil-de-lentente-cap-sur-2019-lome-abrite-depuis-ce-mardi-la-15eme-reunion-du-comite-des-experts\/#primaryimage"},"thumbnailUrl":"https:\/\/228news.tg\/wp-content\/uploads\/2024\/09\/06d45588e18f84f53c02eb6a97f84d6a.jpg","articleSection":["AFRIQUE","DEVELOPPEMENT","Flash","Une"],"inLanguage":"fr-FR","potentialAction":[{"@type":"CommentAction","name":"Comment","target":["https:\/\/228news.tg\/index.php\/2018\/11\/28\/conseil-de-lentente-cap-sur-2019-lome-abrite-depuis-ce-mardi-la-15eme-reunion-du-comite-des-experts\/#respond"]}]},{"@type":"WebPage","@id":"https:\/\/228news.tg\/index.php\/2018\/11\/28\/conseil-de-lentente-cap-sur-2019-lome-abrite-depuis-ce-mardi-la-15eme-reunion-du-comite-des-experts\/","url":"https:\/\/228news.tg\/index.php\/2018\/11\/28\/conseil-de-lentente-cap-sur-2019-lome-abrite-depuis-ce-mardi-la-15eme-reunion-du-comite-des-experts\/","name":"Conseil de l'Entente, cap sur 2019: Lom\u00e9 abrite depuis ce mardi la 14\u00e8me r\u00e9union du Comit\u00e9 des Experts - 228 News","isPartOf":{"@id":"https:\/\/228news.tg\/#website"},"primaryImageOfPage":{"@id":"https:\/\/228news.tg\/index.php\/2018\/11\/28\/conseil-de-lentente-cap-sur-2019-lome-abrite-depuis-ce-mardi-la-15eme-reunion-du-comite-des-experts\/#primaryimage"},"image":{"@id":"https:\/\/228news.tg\/index.php\/2018\/11\/28\/conseil-de-lentente-cap-sur-2019-lome-abrite-depuis-ce-mardi-la-15eme-reunion-du-comite-des-experts\/#primaryimage"},"thumbnailUrl":"https:\/\/228news.tg\/wp-content\/uploads\/2024\/09\/06d45588e18f84f53c02eb6a97f84d6a.jpg","datePublished":"2018-11-28T00:00:00+00:00","breadcrumb":{"@id":"https:\/\/228news.tg\/index.php\/2018\/11\/28\/conseil-de-lentente-cap-sur-2019-lome-abrite-depuis-ce-mardi-la-15eme-reunion-du-comite-des-experts\/#breadcrumb"},"inLanguage":"fr-FR","potentialAction":[{"@type":"ReadAction","target":["https:\/\/228news.tg\/index.php\/2018\/11\/28\/conseil-de-lentente-cap-sur-2019-lome-abrite-depuis-ce-mardi-la-15eme-reunion-du-comite-des-experts\/"]}]},{"@type":"ImageObject","inLanguage":"fr-FR","@id":"https:\/\/228news.tg\/index.php\/2018\/11\/28\/conseil-de-lentente-cap-sur-2019-lome-abrite-depuis-ce-mardi-la-15eme-reunion-du-comite-des-experts\/#primaryimage","url":"https:\/\/228news.tg\/wp-content\/uploads\/2024\/09\/06d45588e18f84f53c02eb6a97f84d6a.jpg","contentUrl":"https:\/\/228news.tg\/wp-content\/uploads\/2024\/09\/06d45588e18f84f53c02eb6a97f84d6a.jpg","width":800,"height":408},{"@type":"BreadcrumbList","@id":"https:\/\/228news.tg\/index.php\/2018\/11\/28\/conseil-de-lentente-cap-sur-2019-lome-abrite-depuis-ce-mardi-la-15eme-reunion-du-comite-des-experts\/#breadcrumb","itemListElement":[{"@type":"ListItem","position":1,"name":"Home","item":"https:\/\/228news.tg\/"},{"@type":"ListItem","position":2,"name":"Conseil de l&rsquo;Entente, cap sur 2019: Lom\u00e9 abrite depuis ce mardi la 14\u00e8me r\u00e9union du Comit\u00e9 des Experts"}]},{"@type":"WebSite","@id":"https:\/\/228news.tg\/#website","url":"https:\/\/228news.tg\/","name":"228 News","description":"Soci\u00e9t\u00e9 de m\u00e9dias et d\u2019actualit\u00e9s","publisher":{"@id":"https:\/\/228news.tg\/#organization"},"potentialAction":[{"@type":"SearchAction","target":{"@type":"EntryPoint","urlTemplate":"https:\/\/228news.tg\/?s={search_term_string}"},"query-input":{"@type":"PropertyValueSpecification","valueRequired":true,"valueName":"search_term_string"}}],"inLanguage":"fr-FR"},{"@type":"Organization","@id":"https:\/\/228news.tg\/#organization","name":"228 News","url":"https:\/\/228news.tg\/","logo":{"@type":"ImageObject","inLanguage":"fr-FR","@id":"https:\/\/228news.tg\/#\/schema\/logo\/image\/","url":"https:\/\/228news.tg\/wp-content\/uploads\/2024\/09\/logonew.png","contentUrl":"https:\/\/228news.tg\/wp-content\/uploads\/2024\/09\/logonew.png","width":1640,"height":364,"caption":"228 News"},"image":{"@id":"https:\/\/228news.tg\/#\/schema\/logo\/image\/"}},{"@type":"Person","@id":"https:\/\/228news.tg\/#\/schema\/person\/68d5a6cc0230290e61235c8379523f52","name":"Bienvenu SAVI","image":{"@type":"ImageObject","inLanguage":"fr-FR","@id":"https:\/\/228news.tg\/#\/schema\/person\/image\/","url":"https:\/\/secure.gravatar.com\/avatar\/9db91895c559e510509c33a3e9683998458e9b828fac36d5d1aa23f0f2fd369b?s=96&d=mm&r=g","contentUrl":"https:\/\/secure.gravatar.com\/avatar\/9db91895c559e510509c33a3e9683998458e9b828fac36d5d1aa23f0f2fd369b?s=96&d=mm&r=g","caption":"Bienvenu SAVI"},"url":"https:\/\/228news.tg\/index.php\/author\/bienvenu\/"}]}},"jetpack_featured_media_url":"https:\/\/228news.tg\/wp-content\/uploads\/2024\/09\/06d45588e18f84f53c02eb6a97f84d6a.jpg","_links":{"self":[{"href":"https:\/\/228news.tg\/index.php\/wp-json\/wp\/v2\/posts\/1889","targetHints":{"allow":["GET"]}}],"collection":[{"href":"https:\/\/228news.tg\/index.php\/wp-json\/wp\/v2\/posts"}],"about":[{"href":"https:\/\/228news.tg\/index.php\/wp-json\/wp\/v2\/types\/post"}],"author":[{"embeddable":true,"href":"https:\/\/228news.tg\/index.php\/wp-json\/wp\/v2\/users\/2"}],"replies":[{"embeddable":true,"href":"https:\/\/228news.tg\/index.php\/wp-json\/wp\/v2\/comments?post=1889"}],"version-history":[{"count":0,"href":"https:\/\/228news.tg\/index.php\/wp-json\/wp\/v2\/posts\/1889\/revisions"}],"wp:featuredmedia":[{"embeddable":true,"href":"https:\/\/228news.tg\/index.php\/wp-json\/wp\/v2\/media\/1890"}],"wp:attachment":[{"href":"https:\/\/228news.tg\/index.php\/wp-json\/wp\/v2\/media?parent=1889"}],"wp:term":[{"taxonomy":"category","embeddable":true,"href":"https:\/\/228news.tg\/index.php\/wp-json\/wp\/v2\/categories?post=1889"},{"taxonomy":"post_tag","embeddable":true,"href":"https:\/\/228news.tg\/index.php\/wp-json\/wp\/v2\/tags?post=1889"}],"curies":[{"name":"wp","href":"https:\/\/api.w.org\/{rel}","templated":true}]}}