{"id":1768,"date":"2018-10-17T00:00:00","date_gmt":"2018-10-17T00:00:00","guid":{"rendered":"https:\/\/228news.tg\/index.php\/2018\/10\/17\/sara-africa-la-plateforme-digitale-panafricaine-pour-les-commercants-lancee-a-lome-ce-mercredi\/"},"modified":"2018-10-17T00:00:00","modified_gmt":"2018-10-17T00:00:00","slug":"sara-africa-la-plateforme-digitale-panafricaine-pour-les-commercants-lancee-a-lome-ce-mercredi","status":"publish","type":"post","link":"https:\/\/228news.tg\/index.php\/2018\/10\/17\/sara-africa-la-plateforme-digitale-panafricaine-pour-les-commercants-lancee-a-lome-ce-mercredi\/","title":{"rendered":"SARA Africa: La plateforme digitale panafricaine pour les commer\u00e7ants lanc\u00e9e \u00e0 Lom\u00e9 ce mercredi"},"content":{"rendered":"<p>(228NEWS\/ Lom\u00e9, le 17 octobre 2018)- La plateforme \u00e9lectronique panafricaine SARA AFRICA Togo a \u00e9t\u00e9 lanc\u00e9e ce mercredi 17 octobre 2018 \u00e0 Lom\u00e9.<\/p>\n<p>Outil d&rsquo;int\u00e9gration visant \u00e0\u00a0cr\u00e9er un r\u00e9seau de commer\u00e7ants africains bien organis\u00e9s dans leurs activit\u00e9s et qui savent se vendre, cette plateforme de part son lancement \u00e0 Lom\u00e9, veut\u00a0refaire de cette ville et du Togo, le premier centre commercial de toute la sous r\u00e9gion en donnant \u00e0 des commer\u00e7ants et producteurs, tous les outils leur permettant d&rsquo;\u00eatre plus performants.<\/p>\n<p>Plateforme digitale t\u00e9l\u00e9chargeable dans l&rsquo;application Play store des smartphones, SARA offre trois packs d&rsquo;adh\u00e9sion pour la r\u00e9ussite des affaires.<\/p>\n<p>Il s&rsquo;agit du\u00a0pack vision destin\u00e9 \u00e0 la publication sur les plateformes en ligne, du\u00a0pack transparence qui offre un cadre de gestion \u00e0 l&rsquo;adh\u00e9rant et du\u00a0pack croissance qui assure la visibilit\u00e9 et la transparence dans la gestion des affaires.<\/p>\n<p>In\u00e8s TAMOFO, Charg\u00e9 de programme, coordonnatrice technique et de la communication digitale de SARA Africa d\u00e9cline les avantages \u00e0 adh\u00e9rer \u00e0 cette plateforme, dans ce contexte de mondialisation o\u00f9 les TICS interconnecte le monde entier:<\/p>\n<p>\u00ab\u00a0Les adh\u00e9rents gagnent en visibilit\u00e9 par l&rsquo;acc\u00e8s aux consommateurs de la sous r\u00e9gion, en am\u00e9lioration de la gestion de leur business ou du syst\u00e8me de reporting d&rsquo;activit\u00e9 automatis\u00e9 d\u00e9sormais, en opportunit\u00e9s d&rsquo;affaires et\u00a0en la mutualisation des co\u00fbts \u00e0 travers des campagnes publicitaires communes, de location group\u00e9e de stands \u00e0 l&rsquo;international\u00a0\u00bb.<\/p>\n<p>Elle a \u00e9galement mis en avant les journ\u00e9es portes que la plateforme tiendra deux fois chaque mois afin d&rsquo;accro\u00eetre cette visibilit\u00e9 des adh\u00e9rents.<\/p>\n<p>Agriculteurs, coop\u00e9ratives, commer\u00e7ant des produits diversifi\u00e9s, produits d&rsquo;occasions, restauration, prestataires de services, institutions d&rsquo;accompagnement \u00e0 la cr\u00e9ation d&rsquo;entreprise, d\u00e9bit de boisson, agences immobili\u00e8res, commer\u00e7ant demi gros sp\u00e9cialis\u00e9s sont les cibles de la plateforme SARA AFRICA qui apr\u00e8s ce lancement \u00e0 Lom\u00e9 va s&rsquo;\u00e9tendre dans les autres pays de la sous r\u00e9gion.<\/p>\n<p><strong>D\u00e9mocrate<\/strong><\/p>\n<p><strong>(00228) 91 85 40 14<\/strong><\/p>\n<p><strong>98 60 67 68<\/strong><\/p>\n<p><strong>democrate2010@gmail.com<\/strong><\/p>\n<p>&nbsp;<\/p>\n<p>&nbsp;<\/p>\n<p>&nbsp;<\/p>\n<p>&nbsp;<\/p>\n","protected":false},"excerpt":{"rendered":"<p>(228NEWS\/ Lom\u00e9, le 17 octobre 2018)- La plateforme \u00e9lectronique panafricaine SARA AFRICA Togo a \u00e9t\u00e9 lanc\u00e9e ce mercredi 17 octobre 2018 \u00e0 Lom\u00e9. Outil d&rsquo;int\u00e9gration visant \u00e0\u00a0cr\u00e9er un r\u00e9seau de commer\u00e7ants africains bien organis\u00e9s dans leurs activit\u00e9s et qui savent se vendre, cette plateforme de part son lancement \u00e0 Lom\u00e9, veut\u00a0refaire de cette ville et &#8230; <a title=\"SARA Africa: La plateforme digitale panafricaine pour les commer\u00e7ants lanc\u00e9e \u00e0 Lom\u00e9 ce mercredi\" class=\"read-more\" href=\"https:\/\/228news.tg\/index.php\/2018\/10\/17\/sara-africa-la-plateforme-digitale-panafricaine-pour-les-commercants-lancee-a-lome-ce-mercredi\/\" aria-label=\"En savoir plus sur SARA Africa: La plateforme digitale panafricaine pour les commer\u00e7ants lanc\u00e9e \u00e0 Lom\u00e9 ce mercredi\">Lire la suite<\/a><\/p>\n","protected":false},"author":2,"featured_media":1769,"comment_status":"open","ping_status":"open","sticky":false,"template":"","format":"standard","meta":{"footnotes":""},"categories":[30,35,25,34],"tags":[],"class_list":["post-1768","post","type-post","status-publish","format-standard","has-post-thumbnail","hentry","category-economie","category-flash","category-togo","category-une"],"yoast_head":"<!-- This site is optimized with the Yoast SEO plugin v26.4 - https:\/\/yoast.com\/wordpress\/plugins\/seo\/ -->\n<title>SARA Africa: La plateforme digitale panafricaine pour les commer\u00e7ants lanc\u00e9e \u00e0 Lom\u00e9 ce mercredi - 228 News<\/title>\n<meta name=\"robots\" content=\"index, follow, max-snippet:-1, max-image-preview:large, max-video-preview:-1\" \/>\n<link rel=\"canonical\" href=\"https:\/\/228news.tg\/index.php\/2018\/10\/17\/sara-africa-la-plateforme-digitale-panafricaine-pour-les-commercants-lancee-a-lome-ce-mercredi\/\" \/>\n<meta property=\"og:locale\" content=\"fr_FR\" \/>\n<meta property=\"og:type\" content=\"article\" \/>\n<meta property=\"og:title\" content=\"SARA Africa: La plateforme digitale panafricaine pour les commer\u00e7ants lanc\u00e9e \u00e0 Lom\u00e9 ce mercredi - 228 News\" \/>\n<meta property=\"og:description\" content=\"(228NEWS\/ Lom\u00e9, le 17 octobre 2018)- La plateforme \u00e9lectronique panafricaine SARA AFRICA Togo a \u00e9t\u00e9 lanc\u00e9e ce mercredi 17 octobre 2018 \u00e0 Lom\u00e9. Outil d&rsquo;int\u00e9gration visant \u00e0\u00a0cr\u00e9er un r\u00e9seau de commer\u00e7ants africains bien organis\u00e9s dans leurs activit\u00e9s et qui savent se vendre, cette plateforme de part son lancement \u00e0 Lom\u00e9, veut\u00a0refaire de cette ville et ... Lire la suite\" \/>\n<meta property=\"og:url\" content=\"https:\/\/228news.tg\/index.php\/2018\/10\/17\/sara-africa-la-plateforme-digitale-panafricaine-pour-les-commercants-lancee-a-lome-ce-mercredi\/\" \/>\n<meta property=\"og:site_name\" content=\"228 News\" \/>\n<meta property=\"article:published_time\" content=\"2018-10-17T00:00:00+00:00\" \/>\n<meta property=\"og:image\" content=\"https:\/\/228news.tg\/wp-content\/uploads\/2024\/09\/photo_2018-10-17_21-44-25.jpg\" \/>\n\t<meta property=\"og:image:width\" content=\"1280\" \/>\n\t<meta property=\"og:image:height\" content=\"960\" \/>\n\t<meta property=\"og:image:type\" content=\"image\/jpeg\" \/>\n<meta name=\"author\" content=\"Bienvenu SAVI\" \/>\n<meta name=\"twitter:card\" content=\"summary_large_image\" \/>\n<meta name=\"twitter:label1\" content=\"\u00c9crit par\" \/>\n\t<meta name=\"twitter:data1\" content=\"Bienvenu SAVI\" \/>\n\t<meta name=\"twitter:label2\" content=\"Dur\u00e9e de lecture estim\u00e9e\" \/>\n\t<meta name=\"twitter:data2\" content=\"2 minutes\" \/>\n<script type=\"application\/ld+json\" class=\"yoast-schema-graph\">{\"@context\":\"https:\/\/schema.org\",\"@graph\":[{\"@type\":\"Article\",\"@id\":\"https:\/\/228news.tg\/index.php\/2018\/10\/17\/sara-africa-la-plateforme-digitale-panafricaine-pour-les-commercants-lancee-a-lome-ce-mercredi\/#article\",\"isPartOf\":{\"@id\":\"https:\/\/228news.tg\/index.php\/2018\/10\/17\/sara-africa-la-plateforme-digitale-panafricaine-pour-les-commercants-lancee-a-lome-ce-mercredi\/\"},\"author\":{\"name\":\"Bienvenu SAVI\",\"@id\":\"https:\/\/228news.tg\/#\/schema\/person\/68d5a6cc0230290e61235c8379523f52\"},\"headline\":\"SARA Africa: La plateforme digitale panafricaine pour les commer\u00e7ants lanc\u00e9e \u00e0 Lom\u00e9 ce mercredi\",\"datePublished\":\"2018-10-17T00:00:00+00:00\",\"mainEntityOfPage\":{\"@id\":\"https:\/\/228news.tg\/index.php\/2018\/10\/17\/sara-africa-la-plateforme-digitale-panafricaine-pour-les-commercants-lancee-a-lome-ce-mercredi\/\"},\"wordCount\":367,\"commentCount\":0,\"publisher\":{\"@id\":\"https:\/\/228news.tg\/#organization\"},\"image\":{\"@id\":\"https:\/\/228news.tg\/index.php\/2018\/10\/17\/sara-africa-la-plateforme-digitale-panafricaine-pour-les-commercants-lancee-a-lome-ce-mercredi\/#primaryimage\"},\"thumbnailUrl\":\"https:\/\/228news.tg\/wp-content\/uploads\/2024\/09\/photo_2018-10-17_21-44-25.jpg\",\"articleSection\":[\"ECONOMIE\",\"Flash\",\"TOGO\",\"Une\"],\"inLanguage\":\"fr-FR\",\"potentialAction\":[{\"@type\":\"CommentAction\",\"name\":\"Comment\",\"target\":[\"https:\/\/228news.tg\/index.php\/2018\/10\/17\/sara-africa-la-plateforme-digitale-panafricaine-pour-les-commercants-lancee-a-lome-ce-mercredi\/#respond\"]}]},{\"@type\":\"WebPage\",\"@id\":\"https:\/\/228news.tg\/index.php\/2018\/10\/17\/sara-africa-la-plateforme-digitale-panafricaine-pour-les-commercants-lancee-a-lome-ce-mercredi\/\",\"url\":\"https:\/\/228news.tg\/index.php\/2018\/10\/17\/sara-africa-la-plateforme-digitale-panafricaine-pour-les-commercants-lancee-a-lome-ce-mercredi\/\",\"name\":\"SARA Africa: La plateforme digitale panafricaine pour les commer\u00e7ants lanc\u00e9e \u00e0 Lom\u00e9 ce mercredi - 228 News\",\"isPartOf\":{\"@id\":\"https:\/\/228news.tg\/#website\"},\"primaryImageOfPage\":{\"@id\":\"https:\/\/228news.tg\/index.php\/2018\/10\/17\/sara-africa-la-plateforme-digitale-panafricaine-pour-les-commercants-lancee-a-lome-ce-mercredi\/#primaryimage\"},\"image\":{\"@id\":\"https:\/\/228news.tg\/index.php\/2018\/10\/17\/sara-africa-la-plateforme-digitale-panafricaine-pour-les-commercants-lancee-a-lome-ce-mercredi\/#primaryimage\"},\"thumbnailUrl\":\"https:\/\/228news.tg\/wp-content\/uploads\/2024\/09\/photo_2018-10-17_21-44-25.jpg\",\"datePublished\":\"2018-10-17T00:00:00+00:00\",\"breadcrumb\":{\"@id\":\"https:\/\/228news.tg\/index.php\/2018\/10\/17\/sara-africa-la-plateforme-digitale-panafricaine-pour-les-commercants-lancee-a-lome-ce-mercredi\/#breadcrumb\"},\"inLanguage\":\"fr-FR\",\"potentialAction\":[{\"@type\":\"ReadAction\",\"target\":[\"https:\/\/228news.tg\/index.php\/2018\/10\/17\/sara-africa-la-plateforme-digitale-panafricaine-pour-les-commercants-lancee-a-lome-ce-mercredi\/\"]}]},{\"@type\":\"ImageObject\",\"inLanguage\":\"fr-FR\",\"@id\":\"https:\/\/228news.tg\/index.php\/2018\/10\/17\/sara-africa-la-plateforme-digitale-panafricaine-pour-les-commercants-lancee-a-lome-ce-mercredi\/#primaryimage\",\"url\":\"https:\/\/228news.tg\/wp-content\/uploads\/2024\/09\/photo_2018-10-17_21-44-25.jpg\",\"contentUrl\":\"https:\/\/228news.tg\/wp-content\/uploads\/2024\/09\/photo_2018-10-17_21-44-25.jpg\",\"width\":1280,\"height\":960},{\"@type\":\"BreadcrumbList\",\"@id\":\"https:\/\/228news.tg\/index.php\/2018\/10\/17\/sara-africa-la-plateforme-digitale-panafricaine-pour-les-commercants-lancee-a-lome-ce-mercredi\/#breadcrumb\",\"itemListElement\":[{\"@type\":\"ListItem\",\"position\":1,\"name\":\"Home\",\"item\":\"https:\/\/228news.tg\/\"},{\"@type\":\"ListItem\",\"position\":2,\"name\":\"SARA Africa: La plateforme digitale panafricaine pour les commer\u00e7ants lanc\u00e9e \u00e0 Lom\u00e9 ce mercredi\"}]},{\"@type\":\"WebSite\",\"@id\":\"https:\/\/228news.tg\/#website\",\"url\":\"https:\/\/228news.tg\/\",\"name\":\"228 News\",\"description\":\"Soci\u00e9t\u00e9 de m\u00e9dias et d\u2019actualit\u00e9s\",\"publisher\":{\"@id\":\"https:\/\/228news.tg\/#organization\"},\"potentialAction\":[{\"@type\":\"SearchAction\",\"target\":{\"@type\":\"EntryPoint\",\"urlTemplate\":\"https:\/\/228news.tg\/?s={search_term_string}\"},\"query-input\":{\"@type\":\"PropertyValueSpecification\",\"valueRequired\":true,\"valueName\":\"search_term_string\"}}],\"inLanguage\":\"fr-FR\"},{\"@type\":\"Organization\",\"@id\":\"https:\/\/228news.tg\/#organization\",\"name\":\"228 News\",\"url\":\"https:\/\/228news.tg\/\",\"logo\":{\"@type\":\"ImageObject\",\"inLanguage\":\"fr-FR\",\"@id\":\"https:\/\/228news.tg\/#\/schema\/logo\/image\/\",\"url\":\"https:\/\/228news.tg\/wp-content\/uploads\/2024\/09\/logonew.png\",\"contentUrl\":\"https:\/\/228news.tg\/wp-content\/uploads\/2024\/09\/logonew.png\",\"width\":1640,\"height\":364,\"caption\":\"228 News\"},\"image\":{\"@id\":\"https:\/\/228news.tg\/#\/schema\/logo\/image\/\"}},{\"@type\":\"Person\",\"@id\":\"https:\/\/228news.tg\/#\/schema\/person\/68d5a6cc0230290e61235c8379523f52\",\"name\":\"Bienvenu SAVI\",\"image\":{\"@type\":\"ImageObject\",\"inLanguage\":\"fr-FR\",\"@id\":\"https:\/\/228news.tg\/#\/schema\/person\/image\/\",\"url\":\"https:\/\/secure.gravatar.com\/avatar\/9db91895c559e510509c33a3e9683998458e9b828fac36d5d1aa23f0f2fd369b?s=96&d=mm&r=g\",\"contentUrl\":\"https:\/\/secure.gravatar.com\/avatar\/9db91895c559e510509c33a3e9683998458e9b828fac36d5d1aa23f0f2fd369b?s=96&d=mm&r=g\",\"caption\":\"Bienvenu SAVI\"},\"url\":\"https:\/\/228news.tg\/index.php\/author\/bienvenu\/\"}]}<\/script>\n<!-- \/ Yoast SEO plugin. -->","yoast_head_json":{"title":"SARA Africa: La plateforme digitale panafricaine pour les commer\u00e7ants lanc\u00e9e \u00e0 Lom\u00e9 ce mercredi - 228 News","robots":{"index":"index","follow":"follow","max-snippet":"max-snippet:-1","max-image-preview":"max-image-preview:large","max-video-preview":"max-video-preview:-1"},"canonical":"https:\/\/228news.tg\/index.php\/2018\/10\/17\/sara-africa-la-plateforme-digitale-panafricaine-pour-les-commercants-lancee-a-lome-ce-mercredi\/","og_locale":"fr_FR","og_type":"article","og_title":"SARA Africa: La plateforme digitale panafricaine pour les commer\u00e7ants lanc\u00e9e \u00e0 Lom\u00e9 ce mercredi - 228 News","og_description":"(228NEWS\/ Lom\u00e9, le 17 octobre 2018)- La plateforme \u00e9lectronique panafricaine SARA AFRICA Togo a \u00e9t\u00e9 lanc\u00e9e ce mercredi 17 octobre 2018 \u00e0 Lom\u00e9. Outil d&rsquo;int\u00e9gration visant \u00e0\u00a0cr\u00e9er un r\u00e9seau de commer\u00e7ants africains bien organis\u00e9s dans leurs activit\u00e9s et qui savent se vendre, cette plateforme de part son lancement \u00e0 Lom\u00e9, veut\u00a0refaire de cette ville et ... Lire la suite","og_url":"https:\/\/228news.tg\/index.php\/2018\/10\/17\/sara-africa-la-plateforme-digitale-panafricaine-pour-les-commercants-lancee-a-lome-ce-mercredi\/","og_site_name":"228 News","article_published_time":"2018-10-17T00:00:00+00:00","og_image":[{"width":1280,"height":960,"url":"https:\/\/228news.tg\/wp-content\/uploads\/2024\/09\/photo_2018-10-17_21-44-25.jpg","type":"image\/jpeg"}],"author":"Bienvenu SAVI","twitter_card":"summary_large_image","twitter_misc":{"\u00c9crit par":"Bienvenu SAVI","Dur\u00e9e de lecture estim\u00e9e":"2 minutes"},"schema":{"@context":"https:\/\/schema.org","@graph":[{"@type":"Article","@id":"https:\/\/228news.tg\/index.php\/2018\/10\/17\/sara-africa-la-plateforme-digitale-panafricaine-pour-les-commercants-lancee-a-lome-ce-mercredi\/#article","isPartOf":{"@id":"https:\/\/228news.tg\/index.php\/2018\/10\/17\/sara-africa-la-plateforme-digitale-panafricaine-pour-les-commercants-lancee-a-lome-ce-mercredi\/"},"author":{"name":"Bienvenu SAVI","@id":"https:\/\/228news.tg\/#\/schema\/person\/68d5a6cc0230290e61235c8379523f52"},"headline":"SARA Africa: La plateforme digitale panafricaine pour les commer\u00e7ants lanc\u00e9e \u00e0 Lom\u00e9 ce mercredi","datePublished":"2018-10-17T00:00:00+00:00","mainEntityOfPage":{"@id":"https:\/\/228news.tg\/index.php\/2018\/10\/17\/sara-africa-la-plateforme-digitale-panafricaine-pour-les-commercants-lancee-a-lome-ce-mercredi\/"},"wordCount":367,"commentCount":0,"publisher":{"@id":"https:\/\/228news.tg\/#organization"},"image":{"@id":"https:\/\/228news.tg\/index.php\/2018\/10\/17\/sara-africa-la-plateforme-digitale-panafricaine-pour-les-commercants-lancee-a-lome-ce-mercredi\/#primaryimage"},"thumbnailUrl":"https:\/\/228news.tg\/wp-content\/uploads\/2024\/09\/photo_2018-10-17_21-44-25.jpg","articleSection":["ECONOMIE","Flash","TOGO","Une"],"inLanguage":"fr-FR","potentialAction":[{"@type":"CommentAction","name":"Comment","target":["https:\/\/228news.tg\/index.php\/2018\/10\/17\/sara-africa-la-plateforme-digitale-panafricaine-pour-les-commercants-lancee-a-lome-ce-mercredi\/#respond"]}]},{"@type":"WebPage","@id":"https:\/\/228news.tg\/index.php\/2018\/10\/17\/sara-africa-la-plateforme-digitale-panafricaine-pour-les-commercants-lancee-a-lome-ce-mercredi\/","url":"https:\/\/228news.tg\/index.php\/2018\/10\/17\/sara-africa-la-plateforme-digitale-panafricaine-pour-les-commercants-lancee-a-lome-ce-mercredi\/","name":"SARA Africa: La plateforme digitale panafricaine pour les commer\u00e7ants lanc\u00e9e \u00e0 Lom\u00e9 ce mercredi - 228 News","isPartOf":{"@id":"https:\/\/228news.tg\/#website"},"primaryImageOfPage":{"@id":"https:\/\/228news.tg\/index.php\/2018\/10\/17\/sara-africa-la-plateforme-digitale-panafricaine-pour-les-commercants-lancee-a-lome-ce-mercredi\/#primaryimage"},"image":{"@id":"https:\/\/228news.tg\/index.php\/2018\/10\/17\/sara-africa-la-plateforme-digitale-panafricaine-pour-les-commercants-lancee-a-lome-ce-mercredi\/#primaryimage"},"thumbnailUrl":"https:\/\/228news.tg\/wp-content\/uploads\/2024\/09\/photo_2018-10-17_21-44-25.jpg","datePublished":"2018-10-17T00:00:00+00:00","breadcrumb":{"@id":"https:\/\/228news.tg\/index.php\/2018\/10\/17\/sara-africa-la-plateforme-digitale-panafricaine-pour-les-commercants-lancee-a-lome-ce-mercredi\/#breadcrumb"},"inLanguage":"fr-FR","potentialAction":[{"@type":"ReadAction","target":["https:\/\/228news.tg\/index.php\/2018\/10\/17\/sara-africa-la-plateforme-digitale-panafricaine-pour-les-commercants-lancee-a-lome-ce-mercredi\/"]}]},{"@type":"ImageObject","inLanguage":"fr-FR","@id":"https:\/\/228news.tg\/index.php\/2018\/10\/17\/sara-africa-la-plateforme-digitale-panafricaine-pour-les-commercants-lancee-a-lome-ce-mercredi\/#primaryimage","url":"https:\/\/228news.tg\/wp-content\/uploads\/2024\/09\/photo_2018-10-17_21-44-25.jpg","contentUrl":"https:\/\/228news.tg\/wp-content\/uploads\/2024\/09\/photo_2018-10-17_21-44-25.jpg","width":1280,"height":960},{"@type":"BreadcrumbList","@id":"https:\/\/228news.tg\/index.php\/2018\/10\/17\/sara-africa-la-plateforme-digitale-panafricaine-pour-les-commercants-lancee-a-lome-ce-mercredi\/#breadcrumb","itemListElement":[{"@type":"ListItem","position":1,"name":"Home","item":"https:\/\/228news.tg\/"},{"@type":"ListItem","position":2,"name":"SARA Africa: La plateforme digitale panafricaine pour les commer\u00e7ants lanc\u00e9e \u00e0 Lom\u00e9 ce mercredi"}]},{"@type":"WebSite","@id":"https:\/\/228news.tg\/#website","url":"https:\/\/228news.tg\/","name":"228 News","description":"Soci\u00e9t\u00e9 de m\u00e9dias et d\u2019actualit\u00e9s","publisher":{"@id":"https:\/\/228news.tg\/#organization"},"potentialAction":[{"@type":"SearchAction","target":{"@type":"EntryPoint","urlTemplate":"https:\/\/228news.tg\/?s={search_term_string}"},"query-input":{"@type":"PropertyValueSpecification","valueRequired":true,"valueName":"search_term_string"}}],"inLanguage":"fr-FR"},{"@type":"Organization","@id":"https:\/\/228news.tg\/#organization","name":"228 News","url":"https:\/\/228news.tg\/","logo":{"@type":"ImageObject","inLanguage":"fr-FR","@id":"https:\/\/228news.tg\/#\/schema\/logo\/image\/","url":"https:\/\/228news.tg\/wp-content\/uploads\/2024\/09\/logonew.png","contentUrl":"https:\/\/228news.tg\/wp-content\/uploads\/2024\/09\/logonew.png","width":1640,"height":364,"caption":"228 News"},"image":{"@id":"https:\/\/228news.tg\/#\/schema\/logo\/image\/"}},{"@type":"Person","@id":"https:\/\/228news.tg\/#\/schema\/person\/68d5a6cc0230290e61235c8379523f52","name":"Bienvenu SAVI","image":{"@type":"ImageObject","inLanguage":"fr-FR","@id":"https:\/\/228news.tg\/#\/schema\/person\/image\/","url":"https:\/\/secure.gravatar.com\/avatar\/9db91895c559e510509c33a3e9683998458e9b828fac36d5d1aa23f0f2fd369b?s=96&d=mm&r=g","contentUrl":"https:\/\/secure.gravatar.com\/avatar\/9db91895c559e510509c33a3e9683998458e9b828fac36d5d1aa23f0f2fd369b?s=96&d=mm&r=g","caption":"Bienvenu SAVI"},"url":"https:\/\/228news.tg\/index.php\/author\/bienvenu\/"}]}},"jetpack_featured_media_url":"https:\/\/228news.tg\/wp-content\/uploads\/2024\/09\/photo_2018-10-17_21-44-25.jpg","_links":{"self":[{"href":"https:\/\/228news.tg\/index.php\/wp-json\/wp\/v2\/posts\/1768","targetHints":{"allow":["GET"]}}],"collection":[{"href":"https:\/\/228news.tg\/index.php\/wp-json\/wp\/v2\/posts"}],"about":[{"href":"https:\/\/228news.tg\/index.php\/wp-json\/wp\/v2\/types\/post"}],"author":[{"embeddable":true,"href":"https:\/\/228news.tg\/index.php\/wp-json\/wp\/v2\/users\/2"}],"replies":[{"embeddable":true,"href":"https:\/\/228news.tg\/index.php\/wp-json\/wp\/v2\/comments?post=1768"}],"version-history":[{"count":0,"href":"https:\/\/228news.tg\/index.php\/wp-json\/wp\/v2\/posts\/1768\/revisions"}],"wp:featuredmedia":[{"embeddable":true,"href":"https:\/\/228news.tg\/index.php\/wp-json\/wp\/v2\/media\/1769"}],"wp:attachment":[{"href":"https:\/\/228news.tg\/index.php\/wp-json\/wp\/v2\/media?parent=1768"}],"wp:term":[{"taxonomy":"category","embeddable":true,"href":"https:\/\/228news.tg\/index.php\/wp-json\/wp\/v2\/categories?post=1768"},{"taxonomy":"post_tag","embeddable":true,"href":"https:\/\/228news.tg\/index.php\/wp-json\/wp\/v2\/tags?post=1768"}],"curies":[{"name":"wp","href":"https:\/\/api.w.org\/{rel}","templated":true}]}}