{"id":1765,"date":"2018-10-17T00:00:00","date_gmt":"2018-10-17T00:00:00","guid":{"rendered":"https:\/\/228news.tg\/index.php\/2018\/10\/17\/utilisation-des-reseaux-sociaux-les-jeunes-de-kara-se-planchent-sur-la-question-demain-a-kara-autour-de-la-cnje-et-du-hacame\/"},"modified":"2024-09-09T14:06:53","modified_gmt":"2024-09-09T14:06:53","slug":"utilisation-des-reseaux-sociaux-les-jeunes-de-kara-se-planchent-sur-la-question-demain-a-kara-autour-de-la-cnje-et-du-hacame","status":"publish","type":"post","link":"https:\/\/228news.tg\/index.php\/2018\/10\/17\/utilisation-des-reseaux-sociaux-les-jeunes-de-kara-se-planchent-sur-la-question-demain-a-kara-autour-de-la-cnje-et-du-hacame\/","title":{"rendered":"Utilisation des R\u00e9seaux sociaux\u00a0: Les jeunes de Kara se planchent sur la question demain \u00e0 Kara autour de la CNJE et du HaCAME"},"content":{"rendered":"<p>(228NEWS\/ Lom\u00e9, le 17 octobre 2018)- La maison des jeunes de la ville de Kara abrite ce jeudi 18 octobre 2018 un colloque\u00a0 sur l\u2019utilisation d\u00e9fectueuse des r\u00e9seaux sociaux et leurs impacts sur la paix sociale du Togo.<\/p>\n<p>A l\u2019initiative de la Coordination Nationale de la Jeunesse Estudiantine (CNJE) et du Haut Conseil de Coordination des Associations et Mouvements Estudiantins (HaCAME), ce rendez-vous qui cible prioritairement la jeunesse estudiantine de la partie septentrionale du Togo se veut un cadre d\u2019\u00e9changes et de partages entre ces jeunes et d\u2019\u00e9minents experts sur le pouvoir des m\u00e9dias en d\u00e9mocratie, les atouts et les dangers de l\u2019utilisation des r\u00e9seaux sociaux dans la vie universitaire, ainsi que le r\u00f4le de ces r\u00e9seaux pour une r\u00e9solution imminente de la crise politique togolaise.\u00a0<img fetchpriority=\"high\" decoding=\"async\" class=\"alignnone size-medium wp-image-3369 alignright\" src=\"https:\/\/228news.tg\/wp-content\/uploads\/2024\/09\/photo_2018-10-17_21-23-41-223x300.jpg\" alt=\"\" width=\"223\" height=\"300\" \/><\/p>\n<p>Bodi Da\u00efmou, Coordonnateur de la CNJE justifie l\u2019opportunit\u00e9 de ce colloque.<\/p>\n<p>\u00ab\u00a0Apr\u00e8s le franc succ\u00e8s connu \u00e0 Lom\u00e9 o\u00f9 nos camarades \u00e9tudiants ont appr\u00e9hend\u00e9 beaucoup d\u2019aspects des r\u00e9seaux sociaux et orienter leur utilisation de ces derniers, il est de notre devoir de r\u00e9iterer l\u2019initiative dans notre autre temple du savoir afin d\u2019aider les \u00e9tudiants de cette ville \u00e0 mieux utiliser les r\u00e9seaux sociaux.\u00a0\u00bb<\/p>\n<p>Pour sa part Tch\u00e9dr\u00e9 Piou, Pr\u00e9sident du Hacame estime que les r\u00e9seaux sociaux devraient servir \u00e0 mieux, en l\u2019occurrence les partages de connaissances, d\u2019informations justes, de petits business d\u2019\u00e9tudiant, aux \u00e9tudiants qu\u2019\u00e0 propager de fausses informations, sources de tensions et autres actes de vandalisme \u00e0 discriminer. Nous y reviendrons.<\/p>\n<p><strong>D\u00e9mocrate<\/strong><\/p>\n<p><strong>(00228) 91 85 40 14<\/strong><\/p>\n<p><strong>98 60 67 68<\/strong><\/p>\n<p><strong>Democrate2010@gmail.com<\/strong><\/p>\n","protected":false},"excerpt":{"rendered":"<p>(228NEWS\/ Lom\u00e9, le 17 octobre 2018)- La maison des jeunes de la ville de Kara abrite ce jeudi 18 octobre 2018 un colloque\u00a0 sur l\u2019utilisation d\u00e9fectueuse des r\u00e9seaux sociaux et leurs impacts sur la paix sociale du Togo. A l\u2019initiative de la Coordination Nationale de la Jeunesse Estudiantine (CNJE) et du Haut Conseil de Coordination &#8230; <a title=\"Utilisation des R\u00e9seaux sociaux\u00a0: Les jeunes de Kara se planchent sur la question demain \u00e0 Kara autour de la CNJE et du HaCAME\" class=\"read-more\" href=\"https:\/\/228news.tg\/index.php\/2018\/10\/17\/utilisation-des-reseaux-sociaux-les-jeunes-de-kara-se-planchent-sur-la-question-demain-a-kara-autour-de-la-cnje-et-du-hacame\/\" aria-label=\"En savoir plus sur Utilisation des R\u00e9seaux sociaux\u00a0: Les jeunes de Kara se planchent sur la question demain \u00e0 Kara autour de la CNJE et du HaCAME\">Lire la suite<\/a><\/p>\n","protected":false},"author":2,"featured_media":1736,"comment_status":"open","ping_status":"open","sticky":false,"template":"","format":"standard","meta":{"footnotes":""},"categories":[28,35,25,34],"tags":[],"class_list":["post-1765","post","type-post","status-publish","format-standard","has-post-thumbnail","hentry","category-education","category-flash","category-togo","category-une"],"yoast_head":"<!-- This site is optimized with the Yoast SEO plugin v26.4 - https:\/\/yoast.com\/wordpress\/plugins\/seo\/ -->\n<title>Utilisation des R\u00e9seaux sociaux\u00a0: Les jeunes de Kara se planchent sur la question demain \u00e0 Kara autour de la CNJE et du HaCAME - 228 News<\/title>\n<meta name=\"robots\" content=\"index, follow, max-snippet:-1, max-image-preview:large, max-video-preview:-1\" \/>\n<link rel=\"canonical\" href=\"https:\/\/228news.tg\/index.php\/2018\/10\/17\/utilisation-des-reseaux-sociaux-les-jeunes-de-kara-se-planchent-sur-la-question-demain-a-kara-autour-de-la-cnje-et-du-hacame\/\" \/>\n<meta property=\"og:locale\" content=\"fr_FR\" \/>\n<meta property=\"og:type\" content=\"article\" \/>\n<meta property=\"og:title\" content=\"Utilisation des R\u00e9seaux sociaux\u00a0: Les jeunes de Kara se planchent sur la question demain \u00e0 Kara autour de la CNJE et du HaCAME - 228 News\" \/>\n<meta property=\"og:description\" content=\"(228NEWS\/ Lom\u00e9, le 17 octobre 2018)- La maison des jeunes de la ville de Kara abrite ce jeudi 18 octobre 2018 un colloque\u00a0 sur l\u2019utilisation d\u00e9fectueuse des r\u00e9seaux sociaux et leurs impacts sur la paix sociale du Togo. A l\u2019initiative de la Coordination Nationale de la Jeunesse Estudiantine (CNJE) et du Haut Conseil de Coordination ... Lire la suite\" \/>\n<meta property=\"og:url\" content=\"https:\/\/228news.tg\/index.php\/2018\/10\/17\/utilisation-des-reseaux-sociaux-les-jeunes-de-kara-se-planchent-sur-la-question-demain-a-kara-autour-de-la-cnje-et-du-hacame\/\" \/>\n<meta property=\"og:site_name\" content=\"228 News\" \/>\n<meta property=\"article:published_time\" content=\"2018-10-17T00:00:00+00:00\" \/>\n<meta property=\"article:modified_time\" content=\"2024-09-09T14:06:53+00:00\" \/>\n<meta property=\"og:image\" content=\"https:\/\/228news.tg\/wp-content\/uploads\/2024\/09\/photo_2018-10-10_20-51-54.jpg\" \/>\n\t<meta property=\"og:image:width\" content=\"1280\" \/>\n\t<meta property=\"og:image:height\" content=\"960\" \/>\n\t<meta property=\"og:image:type\" content=\"image\/jpeg\" \/>\n<meta name=\"author\" content=\"Bienvenu SAVI\" \/>\n<meta name=\"twitter:card\" content=\"summary_large_image\" \/>\n<meta name=\"twitter:label1\" content=\"\u00c9crit par\" \/>\n\t<meta name=\"twitter:data1\" content=\"Bienvenu SAVI\" \/>\n\t<meta name=\"twitter:label2\" content=\"Dur\u00e9e de lecture estim\u00e9e\" \/>\n\t<meta name=\"twitter:data2\" content=\"1 minute\" \/>\n<script type=\"application\/ld+json\" class=\"yoast-schema-graph\">{\"@context\":\"https:\/\/schema.org\",\"@graph\":[{\"@type\":\"Article\",\"@id\":\"https:\/\/228news.tg\/index.php\/2018\/10\/17\/utilisation-des-reseaux-sociaux-les-jeunes-de-kara-se-planchent-sur-la-question-demain-a-kara-autour-de-la-cnje-et-du-hacame\/#article\",\"isPartOf\":{\"@id\":\"https:\/\/228news.tg\/index.php\/2018\/10\/17\/utilisation-des-reseaux-sociaux-les-jeunes-de-kara-se-planchent-sur-la-question-demain-a-kara-autour-de-la-cnje-et-du-hacame\/\"},\"author\":{\"name\":\"Bienvenu SAVI\",\"@id\":\"https:\/\/228news.tg\/#\/schema\/person\/68d5a6cc0230290e61235c8379523f52\"},\"headline\":\"Utilisation des R\u00e9seaux sociaux\u00a0: Les jeunes de Kara se planchent sur la question demain \u00e0 Kara autour de la CNJE et du HaCAME\",\"datePublished\":\"2018-10-17T00:00:00+00:00\",\"dateModified\":\"2024-09-09T14:06:53+00:00\",\"mainEntityOfPage\":{\"@id\":\"https:\/\/228news.tg\/index.php\/2018\/10\/17\/utilisation-des-reseaux-sociaux-les-jeunes-de-kara-se-planchent-sur-la-question-demain-a-kara-autour-de-la-cnje-et-du-hacame\/\"},\"wordCount\":289,\"commentCount\":0,\"publisher\":{\"@id\":\"https:\/\/228news.tg\/#organization\"},\"image\":{\"@id\":\"https:\/\/228news.tg\/index.php\/2018\/10\/17\/utilisation-des-reseaux-sociaux-les-jeunes-de-kara-se-planchent-sur-la-question-demain-a-kara-autour-de-la-cnje-et-du-hacame\/#primaryimage\"},\"thumbnailUrl\":\"https:\/\/228news.tg\/wp-content\/uploads\/2024\/09\/photo_2018-10-10_20-51-54.jpg\",\"articleSection\":[\"EDUCATION\",\"Flash\",\"TOGO\",\"Une\"],\"inLanguage\":\"fr-FR\",\"potentialAction\":[{\"@type\":\"CommentAction\",\"name\":\"Comment\",\"target\":[\"https:\/\/228news.tg\/index.php\/2018\/10\/17\/utilisation-des-reseaux-sociaux-les-jeunes-de-kara-se-planchent-sur-la-question-demain-a-kara-autour-de-la-cnje-et-du-hacame\/#respond\"]}]},{\"@type\":\"WebPage\",\"@id\":\"https:\/\/228news.tg\/index.php\/2018\/10\/17\/utilisation-des-reseaux-sociaux-les-jeunes-de-kara-se-planchent-sur-la-question-demain-a-kara-autour-de-la-cnje-et-du-hacame\/\",\"url\":\"https:\/\/228news.tg\/index.php\/2018\/10\/17\/utilisation-des-reseaux-sociaux-les-jeunes-de-kara-se-planchent-sur-la-question-demain-a-kara-autour-de-la-cnje-et-du-hacame\/\",\"name\":\"Utilisation des R\u00e9seaux sociaux\u00a0: Les jeunes de Kara se planchent sur la question demain \u00e0 Kara autour de la CNJE et du HaCAME - 228 News\",\"isPartOf\":{\"@id\":\"https:\/\/228news.tg\/#website\"},\"primaryImageOfPage\":{\"@id\":\"https:\/\/228news.tg\/index.php\/2018\/10\/17\/utilisation-des-reseaux-sociaux-les-jeunes-de-kara-se-planchent-sur-la-question-demain-a-kara-autour-de-la-cnje-et-du-hacame\/#primaryimage\"},\"image\":{\"@id\":\"https:\/\/228news.tg\/index.php\/2018\/10\/17\/utilisation-des-reseaux-sociaux-les-jeunes-de-kara-se-planchent-sur-la-question-demain-a-kara-autour-de-la-cnje-et-du-hacame\/#primaryimage\"},\"thumbnailUrl\":\"https:\/\/228news.tg\/wp-content\/uploads\/2024\/09\/photo_2018-10-10_20-51-54.jpg\",\"datePublished\":\"2018-10-17T00:00:00+00:00\",\"dateModified\":\"2024-09-09T14:06:53+00:00\",\"breadcrumb\":{\"@id\":\"https:\/\/228news.tg\/index.php\/2018\/10\/17\/utilisation-des-reseaux-sociaux-les-jeunes-de-kara-se-planchent-sur-la-question-demain-a-kara-autour-de-la-cnje-et-du-hacame\/#breadcrumb\"},\"inLanguage\":\"fr-FR\",\"potentialAction\":[{\"@type\":\"ReadAction\",\"target\":[\"https:\/\/228news.tg\/index.php\/2018\/10\/17\/utilisation-des-reseaux-sociaux-les-jeunes-de-kara-se-planchent-sur-la-question-demain-a-kara-autour-de-la-cnje-et-du-hacame\/\"]}]},{\"@type\":\"ImageObject\",\"inLanguage\":\"fr-FR\",\"@id\":\"https:\/\/228news.tg\/index.php\/2018\/10\/17\/utilisation-des-reseaux-sociaux-les-jeunes-de-kara-se-planchent-sur-la-question-demain-a-kara-autour-de-la-cnje-et-du-hacame\/#primaryimage\",\"url\":\"https:\/\/228news.tg\/wp-content\/uploads\/2024\/09\/photo_2018-10-10_20-51-54.jpg\",\"contentUrl\":\"https:\/\/228news.tg\/wp-content\/uploads\/2024\/09\/photo_2018-10-10_20-51-54.jpg\",\"width\":1280,\"height\":960},{\"@type\":\"BreadcrumbList\",\"@id\":\"https:\/\/228news.tg\/index.php\/2018\/10\/17\/utilisation-des-reseaux-sociaux-les-jeunes-de-kara-se-planchent-sur-la-question-demain-a-kara-autour-de-la-cnje-et-du-hacame\/#breadcrumb\",\"itemListElement\":[{\"@type\":\"ListItem\",\"position\":1,\"name\":\"Home\",\"item\":\"https:\/\/228news.tg\/\"},{\"@type\":\"ListItem\",\"position\":2,\"name\":\"Utilisation des R\u00e9seaux sociaux\u00a0: Les jeunes de Kara se planchent sur la question demain \u00e0 Kara autour de la CNJE et du HaCAME\"}]},{\"@type\":\"WebSite\",\"@id\":\"https:\/\/228news.tg\/#website\",\"url\":\"https:\/\/228news.tg\/\",\"name\":\"228 News\",\"description\":\"Soci\u00e9t\u00e9 de m\u00e9dias et d\u2019actualit\u00e9s\",\"publisher\":{\"@id\":\"https:\/\/228news.tg\/#organization\"},\"potentialAction\":[{\"@type\":\"SearchAction\",\"target\":{\"@type\":\"EntryPoint\",\"urlTemplate\":\"https:\/\/228news.tg\/?s={search_term_string}\"},\"query-input\":{\"@type\":\"PropertyValueSpecification\",\"valueRequired\":true,\"valueName\":\"search_term_string\"}}],\"inLanguage\":\"fr-FR\"},{\"@type\":\"Organization\",\"@id\":\"https:\/\/228news.tg\/#organization\",\"name\":\"228 News\",\"url\":\"https:\/\/228news.tg\/\",\"logo\":{\"@type\":\"ImageObject\",\"inLanguage\":\"fr-FR\",\"@id\":\"https:\/\/228news.tg\/#\/schema\/logo\/image\/\",\"url\":\"https:\/\/228news.tg\/wp-content\/uploads\/2024\/09\/logonew.png\",\"contentUrl\":\"https:\/\/228news.tg\/wp-content\/uploads\/2024\/09\/logonew.png\",\"width\":1640,\"height\":364,\"caption\":\"228 News\"},\"image\":{\"@id\":\"https:\/\/228news.tg\/#\/schema\/logo\/image\/\"}},{\"@type\":\"Person\",\"@id\":\"https:\/\/228news.tg\/#\/schema\/person\/68d5a6cc0230290e61235c8379523f52\",\"name\":\"Bienvenu SAVI\",\"image\":{\"@type\":\"ImageObject\",\"inLanguage\":\"fr-FR\",\"@id\":\"https:\/\/228news.tg\/#\/schema\/person\/image\/\",\"url\":\"https:\/\/secure.gravatar.com\/avatar\/9db91895c559e510509c33a3e9683998458e9b828fac36d5d1aa23f0f2fd369b?s=96&d=mm&r=g\",\"contentUrl\":\"https:\/\/secure.gravatar.com\/avatar\/9db91895c559e510509c33a3e9683998458e9b828fac36d5d1aa23f0f2fd369b?s=96&d=mm&r=g\",\"caption\":\"Bienvenu SAVI\"},\"url\":\"https:\/\/228news.tg\/index.php\/author\/bienvenu\/\"}]}<\/script>\n<!-- \/ Yoast SEO plugin. -->","yoast_head_json":{"title":"Utilisation des R\u00e9seaux sociaux\u00a0: Les jeunes de Kara se planchent sur la question demain \u00e0 Kara autour de la CNJE et du HaCAME - 228 News","robots":{"index":"index","follow":"follow","max-snippet":"max-snippet:-1","max-image-preview":"max-image-preview:large","max-video-preview":"max-video-preview:-1"},"canonical":"https:\/\/228news.tg\/index.php\/2018\/10\/17\/utilisation-des-reseaux-sociaux-les-jeunes-de-kara-se-planchent-sur-la-question-demain-a-kara-autour-de-la-cnje-et-du-hacame\/","og_locale":"fr_FR","og_type":"article","og_title":"Utilisation des R\u00e9seaux sociaux\u00a0: Les jeunes de Kara se planchent sur la question demain \u00e0 Kara autour de la CNJE et du HaCAME - 228 News","og_description":"(228NEWS\/ Lom\u00e9, le 17 octobre 2018)- La maison des jeunes de la ville de Kara abrite ce jeudi 18 octobre 2018 un colloque\u00a0 sur l\u2019utilisation d\u00e9fectueuse des r\u00e9seaux sociaux et leurs impacts sur la paix sociale du Togo. A l\u2019initiative de la Coordination Nationale de la Jeunesse Estudiantine (CNJE) et du Haut Conseil de Coordination ... Lire la suite","og_url":"https:\/\/228news.tg\/index.php\/2018\/10\/17\/utilisation-des-reseaux-sociaux-les-jeunes-de-kara-se-planchent-sur-la-question-demain-a-kara-autour-de-la-cnje-et-du-hacame\/","og_site_name":"228 News","article_published_time":"2018-10-17T00:00:00+00:00","article_modified_time":"2024-09-09T14:06:53+00:00","og_image":[{"width":1280,"height":960,"url":"https:\/\/228news.tg\/wp-content\/uploads\/2024\/09\/photo_2018-10-10_20-51-54.jpg","type":"image\/jpeg"}],"author":"Bienvenu SAVI","twitter_card":"summary_large_image","twitter_misc":{"\u00c9crit par":"Bienvenu SAVI","Dur\u00e9e de lecture estim\u00e9e":"1 minute"},"schema":{"@context":"https:\/\/schema.org","@graph":[{"@type":"Article","@id":"https:\/\/228news.tg\/index.php\/2018\/10\/17\/utilisation-des-reseaux-sociaux-les-jeunes-de-kara-se-planchent-sur-la-question-demain-a-kara-autour-de-la-cnje-et-du-hacame\/#article","isPartOf":{"@id":"https:\/\/228news.tg\/index.php\/2018\/10\/17\/utilisation-des-reseaux-sociaux-les-jeunes-de-kara-se-planchent-sur-la-question-demain-a-kara-autour-de-la-cnje-et-du-hacame\/"},"author":{"name":"Bienvenu SAVI","@id":"https:\/\/228news.tg\/#\/schema\/person\/68d5a6cc0230290e61235c8379523f52"},"headline":"Utilisation des R\u00e9seaux sociaux\u00a0: Les jeunes de Kara se planchent sur la question demain \u00e0 Kara autour de la CNJE et du HaCAME","datePublished":"2018-10-17T00:00:00+00:00","dateModified":"2024-09-09T14:06:53+00:00","mainEntityOfPage":{"@id":"https:\/\/228news.tg\/index.php\/2018\/10\/17\/utilisation-des-reseaux-sociaux-les-jeunes-de-kara-se-planchent-sur-la-question-demain-a-kara-autour-de-la-cnje-et-du-hacame\/"},"wordCount":289,"commentCount":0,"publisher":{"@id":"https:\/\/228news.tg\/#organization"},"image":{"@id":"https:\/\/228news.tg\/index.php\/2018\/10\/17\/utilisation-des-reseaux-sociaux-les-jeunes-de-kara-se-planchent-sur-la-question-demain-a-kara-autour-de-la-cnje-et-du-hacame\/#primaryimage"},"thumbnailUrl":"https:\/\/228news.tg\/wp-content\/uploads\/2024\/09\/photo_2018-10-10_20-51-54.jpg","articleSection":["EDUCATION","Flash","TOGO","Une"],"inLanguage":"fr-FR","potentialAction":[{"@type":"CommentAction","name":"Comment","target":["https:\/\/228news.tg\/index.php\/2018\/10\/17\/utilisation-des-reseaux-sociaux-les-jeunes-de-kara-se-planchent-sur-la-question-demain-a-kara-autour-de-la-cnje-et-du-hacame\/#respond"]}]},{"@type":"WebPage","@id":"https:\/\/228news.tg\/index.php\/2018\/10\/17\/utilisation-des-reseaux-sociaux-les-jeunes-de-kara-se-planchent-sur-la-question-demain-a-kara-autour-de-la-cnje-et-du-hacame\/","url":"https:\/\/228news.tg\/index.php\/2018\/10\/17\/utilisation-des-reseaux-sociaux-les-jeunes-de-kara-se-planchent-sur-la-question-demain-a-kara-autour-de-la-cnje-et-du-hacame\/","name":"Utilisation des R\u00e9seaux sociaux\u00a0: Les jeunes de Kara se planchent sur la question demain \u00e0 Kara autour de la CNJE et du HaCAME - 228 News","isPartOf":{"@id":"https:\/\/228news.tg\/#website"},"primaryImageOfPage":{"@id":"https:\/\/228news.tg\/index.php\/2018\/10\/17\/utilisation-des-reseaux-sociaux-les-jeunes-de-kara-se-planchent-sur-la-question-demain-a-kara-autour-de-la-cnje-et-du-hacame\/#primaryimage"},"image":{"@id":"https:\/\/228news.tg\/index.php\/2018\/10\/17\/utilisation-des-reseaux-sociaux-les-jeunes-de-kara-se-planchent-sur-la-question-demain-a-kara-autour-de-la-cnje-et-du-hacame\/#primaryimage"},"thumbnailUrl":"https:\/\/228news.tg\/wp-content\/uploads\/2024\/09\/photo_2018-10-10_20-51-54.jpg","datePublished":"2018-10-17T00:00:00+00:00","dateModified":"2024-09-09T14:06:53+00:00","breadcrumb":{"@id":"https:\/\/228news.tg\/index.php\/2018\/10\/17\/utilisation-des-reseaux-sociaux-les-jeunes-de-kara-se-planchent-sur-la-question-demain-a-kara-autour-de-la-cnje-et-du-hacame\/#breadcrumb"},"inLanguage":"fr-FR","potentialAction":[{"@type":"ReadAction","target":["https:\/\/228news.tg\/index.php\/2018\/10\/17\/utilisation-des-reseaux-sociaux-les-jeunes-de-kara-se-planchent-sur-la-question-demain-a-kara-autour-de-la-cnje-et-du-hacame\/"]}]},{"@type":"ImageObject","inLanguage":"fr-FR","@id":"https:\/\/228news.tg\/index.php\/2018\/10\/17\/utilisation-des-reseaux-sociaux-les-jeunes-de-kara-se-planchent-sur-la-question-demain-a-kara-autour-de-la-cnje-et-du-hacame\/#primaryimage","url":"https:\/\/228news.tg\/wp-content\/uploads\/2024\/09\/photo_2018-10-10_20-51-54.jpg","contentUrl":"https:\/\/228news.tg\/wp-content\/uploads\/2024\/09\/photo_2018-10-10_20-51-54.jpg","width":1280,"height":960},{"@type":"BreadcrumbList","@id":"https:\/\/228news.tg\/index.php\/2018\/10\/17\/utilisation-des-reseaux-sociaux-les-jeunes-de-kara-se-planchent-sur-la-question-demain-a-kara-autour-de-la-cnje-et-du-hacame\/#breadcrumb","itemListElement":[{"@type":"ListItem","position":1,"name":"Home","item":"https:\/\/228news.tg\/"},{"@type":"ListItem","position":2,"name":"Utilisation des R\u00e9seaux sociaux\u00a0: Les jeunes de Kara se planchent sur la question demain \u00e0 Kara autour de la CNJE et du HaCAME"}]},{"@type":"WebSite","@id":"https:\/\/228news.tg\/#website","url":"https:\/\/228news.tg\/","name":"228 News","description":"Soci\u00e9t\u00e9 de m\u00e9dias et d\u2019actualit\u00e9s","publisher":{"@id":"https:\/\/228news.tg\/#organization"},"potentialAction":[{"@type":"SearchAction","target":{"@type":"EntryPoint","urlTemplate":"https:\/\/228news.tg\/?s={search_term_string}"},"query-input":{"@type":"PropertyValueSpecification","valueRequired":true,"valueName":"search_term_string"}}],"inLanguage":"fr-FR"},{"@type":"Organization","@id":"https:\/\/228news.tg\/#organization","name":"228 News","url":"https:\/\/228news.tg\/","logo":{"@type":"ImageObject","inLanguage":"fr-FR","@id":"https:\/\/228news.tg\/#\/schema\/logo\/image\/","url":"https:\/\/228news.tg\/wp-content\/uploads\/2024\/09\/logonew.png","contentUrl":"https:\/\/228news.tg\/wp-content\/uploads\/2024\/09\/logonew.png","width":1640,"height":364,"caption":"228 News"},"image":{"@id":"https:\/\/228news.tg\/#\/schema\/logo\/image\/"}},{"@type":"Person","@id":"https:\/\/228news.tg\/#\/schema\/person\/68d5a6cc0230290e61235c8379523f52","name":"Bienvenu SAVI","image":{"@type":"ImageObject","inLanguage":"fr-FR","@id":"https:\/\/228news.tg\/#\/schema\/person\/image\/","url":"https:\/\/secure.gravatar.com\/avatar\/9db91895c559e510509c33a3e9683998458e9b828fac36d5d1aa23f0f2fd369b?s=96&d=mm&r=g","contentUrl":"https:\/\/secure.gravatar.com\/avatar\/9db91895c559e510509c33a3e9683998458e9b828fac36d5d1aa23f0f2fd369b?s=96&d=mm&r=g","caption":"Bienvenu SAVI"},"url":"https:\/\/228news.tg\/index.php\/author\/bienvenu\/"}]}},"jetpack_featured_media_url":"https:\/\/228news.tg\/wp-content\/uploads\/2024\/09\/photo_2018-10-10_20-51-54.jpg","_links":{"self":[{"href":"https:\/\/228news.tg\/index.php\/wp-json\/wp\/v2\/posts\/1765","targetHints":{"allow":["GET"]}}],"collection":[{"href":"https:\/\/228news.tg\/index.php\/wp-json\/wp\/v2\/posts"}],"about":[{"href":"https:\/\/228news.tg\/index.php\/wp-json\/wp\/v2\/types\/post"}],"author":[{"embeddable":true,"href":"https:\/\/228news.tg\/index.php\/wp-json\/wp\/v2\/users\/2"}],"replies":[{"embeddable":true,"href":"https:\/\/228news.tg\/index.php\/wp-json\/wp\/v2\/comments?post=1765"}],"version-history":[{"count":1,"href":"https:\/\/228news.tg\/index.php\/wp-json\/wp\/v2\/posts\/1765\/revisions"}],"predecessor-version":[{"id":1767,"href":"https:\/\/228news.tg\/index.php\/wp-json\/wp\/v2\/posts\/1765\/revisions\/1767"}],"wp:featuredmedia":[{"embeddable":true,"href":"https:\/\/228news.tg\/index.php\/wp-json\/wp\/v2\/media\/1736"}],"wp:attachment":[{"href":"https:\/\/228news.tg\/index.php\/wp-json\/wp\/v2\/media?parent=1765"}],"wp:term":[{"taxonomy":"category","embeddable":true,"href":"https:\/\/228news.tg\/index.php\/wp-json\/wp\/v2\/categories?post=1765"},{"taxonomy":"post_tag","embeddable":true,"href":"https:\/\/228news.tg\/index.php\/wp-json\/wp\/v2\/tags?post=1765"}],"curies":[{"name":"wp","href":"https:\/\/api.w.org\/{rel}","templated":true}]}}