{"id":17536,"date":"2026-09-02T04:04:03","date_gmt":"2026-09-02T04:04:03","guid":{"rendered":"https:\/\/228news.tg\/?p=17536"},"modified":"2026-09-02T04:04:03","modified_gmt":"2026-09-02T04:04:03","slug":"petite-saison-des-pluies-2026-lanamet-livre-ses-previsions-et-appelle-a-la-vigilance","status":"publish","type":"post","link":"https:\/\/228news.tg\/index.php\/2026\/09\/02\/petite-saison-des-pluies-2026-lanamet-livre-ses-previsions-et-appelle-a-la-vigilance\/","title":{"rendered":"Petite saison des pluies 2026 : L&rsquo;ANAMET livre ses pr\u00e9visions et appelle \u00e0 la vigilance"},"content":{"rendered":"<p>L\u2019Agence Nationale de la M\u00e9t\u00e9orologie (ANAMET) a officialis\u00e9 ce mardi 1\u1d49\u02b3 septembre ses pr\u00e9visions agro-hydro-climatiques pour la petite saison des pluies couvrant la p\u00e9riode de septembre \u00e0 novembre. Entre opportunit\u00e9s pour le secteur agricole et risques majeurs d&rsquo;inondations dans les zones vuln\u00e9rables, l&rsquo;organisme \u00e9tatique insiste sur l&rsquo;urgence d&rsquo;une gestion anticip\u00e9e.<\/p>\n<p>Le sud du Togo s&rsquo;appr\u00eate \u00e0 entrer dans sa seconde p\u00e9riode pluviom\u00e9trique de l&rsquo;ann\u00e9e. Lors d&rsquo;une rencontre d&rsquo;information tenue \u00e0 Lom\u00e9, le directeur g\u00e9n\u00e9ral de l&rsquo;ANAMET, le Dr Latifou Issaou, a pr\u00e9sent\u00e9 un tableau climatique globalement favorable mais marqu\u00e9 par des disparit\u00e9s locales n\u00e9cessitant une vigilance accrue.<\/p>\n<p><strong>Des pr\u00e9cipitations propices aux cultures, mais attention aux exc\u00e8s<\/strong><\/p>\n<p>Sur le plan pluviom\u00e9trique, les pr\u00e9visions annoncent des cumuls moyens \u00e0 tendance exc\u00e9dentaire dans la majeure partie de la r\u00e9gion m\u00e9ridionale. Cette configuration offre des conditions tr\u00e8s encourageantes pour les producteurs agricoles, \u00e0 condition d&rsquo;adapter le calendrier de semis et de privil\u00e9gier des vari\u00e9t\u00e9s de semences \u00e0 cycle court et r\u00e9silientes.<\/p>\n<p>Cependant, la concentration des \u00e9pisodes pluvieux sur de courtes dur\u00e9es fait peser une menace directe sur l&rsquo;urbanisme et le secteur hydrologique.<\/p>\n<p><strong>Risques d&rsquo;inondations et \u00e9coulements des bassins<\/strong><\/p>\n<p>L&rsquo;ANAMET met en garde contre des risques \u00e9lev\u00e9s d&rsquo;inondations dans les agglom\u00e9rations \u00e0 fort niveau de ruissellement et dans les zones basses habituellement satur\u00e9es. Sur le r\u00e9seau hydrographique, si les \u00e9coulements devraient rester globalement dans la moyenne sur la plupart des bassins versants, des tendances exc\u00e9dentaires localis\u00e9es pourraient entra\u00eener des d\u00e9bordements de cours d&rsquo;eau.<\/p>\n<p>\u00ab\u00a0Pr\u00e9voir, diffuser, d\u00e9cider et agir : c\u2019est le quadruple objectif que nous devons suivre pour pr\u00e9server les vies humaines, prot\u00e9ger les r\u00e9coltes et s\u00e9curiser nos infrastructures.\u00a0\u00bb<\/p>\n<p>Dr Latifou Issaou, Directeur g\u00e9n\u00e9ral de l&rsquo;ANAMET.<\/p>\n<p><strong>Directives et recommandations d&rsquo;urgence<\/strong><\/p>\n<p>Face \u00e0 ces alertes, l&rsquo;ANAMET et les services d&rsquo;urgence formulent plusieurs recommandations \u00e0 l&rsquo;attention des autorit\u00e9s locales et des populations :<\/p>\n<p>* Curage des canalisations : Acc\u00e9l\u00e9rer l&rsquo;entretien des ouvrages d&rsquo;\u00e9vacuation d&rsquo;eau pluviale dans les centres urbains pour \u00e9viter le engorgements.<\/p>\n<p>* \u00c9vacuation des zones \u00e0 risque : Inciter les habitants install\u00e9s dans les bas-fonds et zones inondables \u00e0 prendre des dispositions pr\u00e9ventives.<\/p>\n<p>* Encadrement agricole : Renforcer la concertation entre les techniciens de la m\u00e9t\u00e9orologie et les agriculteurs pour un suivi r\u00e9gulier des bulletins m\u00e9t\u00e9o de proximit\u00e9.<\/p>\n<p>L&rsquo;ANAMET rappelle que ces pr\u00e9visions sont \u00e9volutives et invite le public \u00e0 suivre attentivement les mises \u00e0 jour r\u00e9guli\u00e8res fournies par ses services durant toute la saison.<\/p>\n<p>228news.<\/p>\n<p>&nbsp;<\/p>\n","protected":false},"excerpt":{"rendered":"<p>L\u2019Agence Nationale de la M\u00e9t\u00e9orologie (ANAMET) a officialis\u00e9 ce mardi 1\u1d49\u02b3 septembre ses pr\u00e9visions agro-hydro-climatiques pour la petite saison des pluies couvrant la p\u00e9riode de septembre \u00e0 novembre. Entre opportunit\u00e9s pour le secteur agricole et risques majeurs d&rsquo;inondations dans les zones vuln\u00e9rables, l&rsquo;organisme \u00e9tatique insiste sur l&rsquo;urgence d&rsquo;une gestion anticip\u00e9e. Le sud du Togo s&rsquo;appr\u00eate &#8230; <a title=\"Petite saison des pluies 2026 : L&rsquo;ANAMET livre ses pr\u00e9visions et appelle \u00e0 la vigilance\" class=\"read-more\" href=\"https:\/\/228news.tg\/index.php\/2026\/09\/02\/petite-saison-des-pluies-2026-lanamet-livre-ses-previsions-et-appelle-a-la-vigilance\/\" aria-label=\"En savoir plus sur Petite saison des pluies 2026 : L&rsquo;ANAMET livre ses pr\u00e9visions et appelle \u00e0 la vigilance\">Lire la suite<\/a><\/p>\n","protected":false},"author":2,"featured_media":16965,"comment_status":"open","ping_status":"open","sticky":false,"template":"","format":"standard","meta":{"footnotes":""},"categories":[29,25],"tags":[],"class_list":["post-17536","post","type-post","status-publish","format-standard","has-post-thumbnail","hentry","category-societe","category-togo"],"yoast_head":"<!-- This site is optimized with the Yoast SEO plugin v28.4 - https:\/\/yoast.com\/product\/yoast-seo-wordpress\/ -->\n<title>Petite saison des pluies 2026 : L&#039;ANAMET livre ses pr\u00e9visions et appelle \u00e0 la vigilance - 228 News<\/title>\n<meta name=\"robots\" content=\"index, follow, max-snippet:-1, max-image-preview:large, max-video-preview:-1\" \/>\n<link rel=\"canonical\" href=\"https:\/\/228news.tg\/index.php\/2026\/09\/02\/petite-saison-des-pluies-2026-lanamet-livre-ses-previsions-et-appelle-a-la-vigilance\/\" \/>\n<meta property=\"og:locale\" content=\"fr_FR\" \/>\n<meta property=\"og:type\" content=\"article\" \/>\n<meta property=\"og:title\" content=\"Petite saison des pluies 2026 : L&#039;ANAMET livre ses pr\u00e9visions et appelle \u00e0 la vigilance - 228 News\" \/>\n<meta property=\"og:description\" content=\"L\u2019Agence Nationale de la M\u00e9t\u00e9orologie (ANAMET) a officialis\u00e9 ce mardi 1\u1d49\u02b3 septembre ses pr\u00e9visions agro-hydro-climatiques pour la petite saison des pluies couvrant la p\u00e9riode de septembre \u00e0 novembre. Entre opportunit\u00e9s pour le secteur agricole et risques majeurs d&rsquo;inondations dans les zones vuln\u00e9rables, l&rsquo;organisme \u00e9tatique insiste sur l&rsquo;urgence d&rsquo;une gestion anticip\u00e9e. Le sud du Togo s&rsquo;appr\u00eate ... Lire la suite\" \/>\n<meta property=\"og:url\" content=\"https:\/\/228news.tg\/index.php\/2026\/09\/02\/petite-saison-des-pluies-2026-lanamet-livre-ses-previsions-et-appelle-a-la-vigilance\/\" \/>\n<meta property=\"og:site_name\" content=\"228 News\" \/>\n<meta property=\"article:published_time\" content=\"2026-09-02T04:04:03+00:00\" \/>\n<meta property=\"og:image\" content=\"https:\/\/228news.tg\/wp-content\/uploads\/2026\/03\/IMG-20260305-WA0242.jpg\" \/>\n\t<meta property=\"og:image:width\" content=\"500\" \/>\n\t<meta property=\"og:image:height\" content=\"374\" \/>\n\t<meta property=\"og:image:type\" content=\"image\/jpeg\" \/>\n<meta name=\"author\" content=\"Bienvenu SAVI\" \/>\n<meta name=\"twitter:card\" content=\"summary_large_image\" \/>\n<meta name=\"twitter:label1\" content=\"\u00c9crit par\" \/>\n\t<meta name=\"twitter:data1\" content=\"Bienvenu SAVI\" \/>\n\t<meta name=\"twitter:label2\" content=\"Dur\u00e9e de lecture estim\u00e9e\" \/>\n\t<meta name=\"twitter:data2\" content=\"3 minutes\" \/>\n<script type=\"application\/ld+json\" class=\"yoast-schema-graph\">{\"@context\":\"https:\\\/\\\/schema.org\",\"@graph\":[{\"@type\":\"Article\",\"@id\":\"https:\\\/\\\/228news.tg\\\/index.php\\\/2026\\\/09\\\/02\\\/petite-saison-des-pluies-2026-lanamet-livre-ses-previsions-et-appelle-a-la-vigilance\\\/#article\",\"isPartOf\":{\"@id\":\"https:\\\/\\\/228news.tg\\\/index.php\\\/2026\\\/09\\\/02\\\/petite-saison-des-pluies-2026-lanamet-livre-ses-previsions-et-appelle-a-la-vigilance\\\/\"},\"author\":{\"name\":\"Bienvenu SAVI\",\"@id\":\"https:\\\/\\\/228news.tg\\\/#\\\/schema\\\/person\\\/68d5a6cc0230290e61235c8379523f52\"},\"headline\":\"Petite saison des pluies 2026 : L&rsquo;ANAMET livre ses pr\u00e9visions et appelle \u00e0 la vigilance\",\"datePublished\":\"2026-09-02T04:04:03+00:00\",\"mainEntityOfPage\":{\"@id\":\"https:\\\/\\\/228news.tg\\\/index.php\\\/2026\\\/09\\\/02\\\/petite-saison-des-pluies-2026-lanamet-livre-ses-previsions-et-appelle-a-la-vigilance\\\/\"},\"wordCount\":468,\"commentCount\":0,\"publisher\":{\"@id\":\"https:\\\/\\\/228news.tg\\\/#organization\"},\"image\":{\"@id\":\"https:\\\/\\\/228news.tg\\\/index.php\\\/2026\\\/09\\\/02\\\/petite-saison-des-pluies-2026-lanamet-livre-ses-previsions-et-appelle-a-la-vigilance\\\/#primaryimage\"},\"thumbnailUrl\":\"https:\\\/\\\/228news.tg\\\/wp-content\\\/uploads\\\/2026\\\/03\\\/IMG-20260305-WA0242.jpg\",\"articleSection\":[\"SOCIETE\",\"TOGO\"],\"inLanguage\":\"fr-FR\",\"potentialAction\":[{\"@type\":\"CommentAction\",\"name\":\"Comment\",\"target\":[\"https:\\\/\\\/228news.tg\\\/index.php\\\/2026\\\/09\\\/02\\\/petite-saison-des-pluies-2026-lanamet-livre-ses-previsions-et-appelle-a-la-vigilance\\\/#respond\"]}]},{\"@type\":\"WebPage\",\"@id\":\"https:\\\/\\\/228news.tg\\\/index.php\\\/2026\\\/09\\\/02\\\/petite-saison-des-pluies-2026-lanamet-livre-ses-previsions-et-appelle-a-la-vigilance\\\/\",\"url\":\"https:\\\/\\\/228news.tg\\\/index.php\\\/2026\\\/09\\\/02\\\/petite-saison-des-pluies-2026-lanamet-livre-ses-previsions-et-appelle-a-la-vigilance\\\/\",\"name\":\"Petite saison des pluies 2026 : L'ANAMET livre ses pr\u00e9visions et appelle \u00e0 la vigilance - 228 News\",\"isPartOf\":{\"@id\":\"https:\\\/\\\/228news.tg\\\/#website\"},\"primaryImageOfPage\":{\"@id\":\"https:\\\/\\\/228news.tg\\\/index.php\\\/2026\\\/09\\\/02\\\/petite-saison-des-pluies-2026-lanamet-livre-ses-previsions-et-appelle-a-la-vigilance\\\/#primaryimage\"},\"image\":{\"@id\":\"https:\\\/\\\/228news.tg\\\/index.php\\\/2026\\\/09\\\/02\\\/petite-saison-des-pluies-2026-lanamet-livre-ses-previsions-et-appelle-a-la-vigilance\\\/#primaryimage\"},\"thumbnailUrl\":\"https:\\\/\\\/228news.tg\\\/wp-content\\\/uploads\\\/2026\\\/03\\\/IMG-20260305-WA0242.jpg\",\"datePublished\":\"2026-09-02T04:04:03+00:00\",\"breadcrumb\":{\"@id\":\"https:\\\/\\\/228news.tg\\\/index.php\\\/2026\\\/09\\\/02\\\/petite-saison-des-pluies-2026-lanamet-livre-ses-previsions-et-appelle-a-la-vigilance\\\/#breadcrumb\"},\"inLanguage\":\"fr-FR\",\"potentialAction\":[{\"@type\":\"ReadAction\",\"target\":[\"https:\\\/\\\/228news.tg\\\/index.php\\\/2026\\\/09\\\/02\\\/petite-saison-des-pluies-2026-lanamet-livre-ses-previsions-et-appelle-a-la-vigilance\\\/\"]}]},{\"@type\":\"ImageObject\",\"inLanguage\":\"fr-FR\",\"@id\":\"https:\\\/\\\/228news.tg\\\/index.php\\\/2026\\\/09\\\/02\\\/petite-saison-des-pluies-2026-lanamet-livre-ses-previsions-et-appelle-a-la-vigilance\\\/#primaryimage\",\"url\":\"https:\\\/\\\/228news.tg\\\/wp-content\\\/uploads\\\/2026\\\/03\\\/IMG-20260305-WA0242.jpg\",\"contentUrl\":\"https:\\\/\\\/228news.tg\\\/wp-content\\\/uploads\\\/2026\\\/03\\\/IMG-20260305-WA0242.jpg\",\"width\":500,\"height\":374},{\"@type\":\"BreadcrumbList\",\"@id\":\"https:\\\/\\\/228news.tg\\\/index.php\\\/2026\\\/09\\\/02\\\/petite-saison-des-pluies-2026-lanamet-livre-ses-previsions-et-appelle-a-la-vigilance\\\/#breadcrumb\",\"itemListElement\":[{\"@type\":\"ListItem\",\"position\":1,\"name\":\"Home\",\"item\":\"https:\\\/\\\/228news.tg\\\/\"},{\"@type\":\"ListItem\",\"position\":2,\"name\":\"Petite saison des pluies 2026 : L&rsquo;ANAMET livre ses pr\u00e9visions et appelle \u00e0 la vigilance\"}]},{\"@type\":\"WebSite\",\"@id\":\"https:\\\/\\\/228news.tg\\\/#website\",\"url\":\"https:\\\/\\\/228news.tg\\\/\",\"name\":\"228 News\",\"description\":\"Soci\u00e9t\u00e9 de m\u00e9dias et d\u2019actualit\u00e9s\",\"publisher\":{\"@id\":\"https:\\\/\\\/228news.tg\\\/#organization\"},\"potentialAction\":[{\"@type\":\"SearchAction\",\"target\":{\"@type\":\"EntryPoint\",\"urlTemplate\":\"https:\\\/\\\/228news.tg\\\/?s={search_term_string}\"},\"query-input\":{\"@type\":\"PropertyValueSpecification\",\"valueRequired\":true,\"valueName\":\"search_term_string\"}}],\"inLanguage\":\"fr-FR\"},{\"@type\":\"Organization\",\"@id\":\"https:\\\/\\\/228news.tg\\\/#organization\",\"name\":\"228 News\",\"url\":\"https:\\\/\\\/228news.tg\\\/\",\"logo\":{\"@type\":\"ImageObject\",\"inLanguage\":\"fr-FR\",\"@id\":\"https:\\\/\\\/228news.tg\\\/#\\\/schema\\\/logo\\\/image\\\/\",\"url\":\"https:\\\/\\\/228news.tg\\\/wp-content\\\/uploads\\\/2024\\\/09\\\/logonew.png\",\"contentUrl\":\"https:\\\/\\\/228news.tg\\\/wp-content\\\/uploads\\\/2024\\\/09\\\/logonew.png\",\"width\":1640,\"height\":364,\"caption\":\"228 News\"},\"image\":{\"@id\":\"https:\\\/\\\/228news.tg\\\/#\\\/schema\\\/logo\\\/image\\\/\"}},{\"@type\":\"Person\",\"@id\":\"https:\\\/\\\/228news.tg\\\/#\\\/schema\\\/person\\\/68d5a6cc0230290e61235c8379523f52\",\"name\":\"Bienvenu SAVI\",\"image\":{\"@type\":\"ImageObject\",\"inLanguage\":\"fr-FR\",\"@id\":\"https:\\\/\\\/secure.gravatar.com\\\/avatar\\\/9db91895c559e510509c33a3e9683998458e9b828fac36d5d1aa23f0f2fd369b?s=96&d=mm&r=g\",\"url\":\"https:\\\/\\\/secure.gravatar.com\\\/avatar\\\/9db91895c559e510509c33a3e9683998458e9b828fac36d5d1aa23f0f2fd369b?s=96&d=mm&r=g\",\"contentUrl\":\"https:\\\/\\\/secure.gravatar.com\\\/avatar\\\/9db91895c559e510509c33a3e9683998458e9b828fac36d5d1aa23f0f2fd369b?s=96&d=mm&r=g\",\"caption\":\"Bienvenu SAVI\"},\"url\":\"https:\\\/\\\/228news.tg\\\/index.php\\\/author\\\/bienvenu\\\/\"}]}<\/script>\n<!-- \/ Yoast SEO plugin. -->","yoast_head_json":{"title":"Petite saison des pluies 2026 : L'ANAMET livre ses pr\u00e9visions et appelle \u00e0 la vigilance - 228 News","robots":{"index":"index","follow":"follow","max-snippet":"max-snippet:-1","max-image-preview":"max-image-preview:large","max-video-preview":"max-video-preview:-1"},"canonical":"https:\/\/228news.tg\/index.php\/2026\/09\/02\/petite-saison-des-pluies-2026-lanamet-livre-ses-previsions-et-appelle-a-la-vigilance\/","og_locale":"fr_FR","og_type":"article","og_title":"Petite saison des pluies 2026 : L'ANAMET livre ses pr\u00e9visions et appelle \u00e0 la vigilance - 228 News","og_description":"L\u2019Agence Nationale de la M\u00e9t\u00e9orologie (ANAMET) a officialis\u00e9 ce mardi 1\u1d49\u02b3 septembre ses pr\u00e9visions agro-hydro-climatiques pour la petite saison des pluies couvrant la p\u00e9riode de septembre \u00e0 novembre. Entre opportunit\u00e9s pour le secteur agricole et risques majeurs d&rsquo;inondations dans les zones vuln\u00e9rables, l&rsquo;organisme \u00e9tatique insiste sur l&rsquo;urgence d&rsquo;une gestion anticip\u00e9e. Le sud du Togo s&rsquo;appr\u00eate ... Lire la suite","og_url":"https:\/\/228news.tg\/index.php\/2026\/09\/02\/petite-saison-des-pluies-2026-lanamet-livre-ses-previsions-et-appelle-a-la-vigilance\/","og_site_name":"228 News","article_published_time":"2026-09-02T04:04:03+00:00","og_image":[{"width":500,"height":374,"url":"https:\/\/228news.tg\/wp-content\/uploads\/2026\/03\/IMG-20260305-WA0242.jpg","type":"image\/jpeg"}],"author":"Bienvenu SAVI","twitter_card":"summary_large_image","twitter_misc":{"\u00c9crit par":"Bienvenu SAVI","Dur\u00e9e de lecture estim\u00e9e":"3 minutes"},"schema":{"@context":"https:\/\/schema.org","@graph":[{"@type":"Article","@id":"https:\/\/228news.tg\/index.php\/2026\/09\/02\/petite-saison-des-pluies-2026-lanamet-livre-ses-previsions-et-appelle-a-la-vigilance\/#article","isPartOf":{"@id":"https:\/\/228news.tg\/index.php\/2026\/09\/02\/petite-saison-des-pluies-2026-lanamet-livre-ses-previsions-et-appelle-a-la-vigilance\/"},"author":{"name":"Bienvenu SAVI","@id":"https:\/\/228news.tg\/#\/schema\/person\/68d5a6cc0230290e61235c8379523f52"},"headline":"Petite saison des pluies 2026 : L&rsquo;ANAMET livre ses pr\u00e9visions et appelle \u00e0 la vigilance","datePublished":"2026-09-02T04:04:03+00:00","mainEntityOfPage":{"@id":"https:\/\/228news.tg\/index.php\/2026\/09\/02\/petite-saison-des-pluies-2026-lanamet-livre-ses-previsions-et-appelle-a-la-vigilance\/"},"wordCount":468,"commentCount":0,"publisher":{"@id":"https:\/\/228news.tg\/#organization"},"image":{"@id":"https:\/\/228news.tg\/index.php\/2026\/09\/02\/petite-saison-des-pluies-2026-lanamet-livre-ses-previsions-et-appelle-a-la-vigilance\/#primaryimage"},"thumbnailUrl":"https:\/\/228news.tg\/wp-content\/uploads\/2026\/03\/IMG-20260305-WA0242.jpg","articleSection":["SOCIETE","TOGO"],"inLanguage":"fr-FR","potentialAction":[{"@type":"CommentAction","name":"Comment","target":["https:\/\/228news.tg\/index.php\/2026\/09\/02\/petite-saison-des-pluies-2026-lanamet-livre-ses-previsions-et-appelle-a-la-vigilance\/#respond"]}]},{"@type":"WebPage","@id":"https:\/\/228news.tg\/index.php\/2026\/09\/02\/petite-saison-des-pluies-2026-lanamet-livre-ses-previsions-et-appelle-a-la-vigilance\/","url":"https:\/\/228news.tg\/index.php\/2026\/09\/02\/petite-saison-des-pluies-2026-lanamet-livre-ses-previsions-et-appelle-a-la-vigilance\/","name":"Petite saison des pluies 2026 : L'ANAMET livre ses pr\u00e9visions et appelle \u00e0 la vigilance - 228 News","isPartOf":{"@id":"https:\/\/228news.tg\/#website"},"primaryImageOfPage":{"@id":"https:\/\/228news.tg\/index.php\/2026\/09\/02\/petite-saison-des-pluies-2026-lanamet-livre-ses-previsions-et-appelle-a-la-vigilance\/#primaryimage"},"image":{"@id":"https:\/\/228news.tg\/index.php\/2026\/09\/02\/petite-saison-des-pluies-2026-lanamet-livre-ses-previsions-et-appelle-a-la-vigilance\/#primaryimage"},"thumbnailUrl":"https:\/\/228news.tg\/wp-content\/uploads\/2026\/03\/IMG-20260305-WA0242.jpg","datePublished":"2026-09-02T04:04:03+00:00","breadcrumb":{"@id":"https:\/\/228news.tg\/index.php\/2026\/09\/02\/petite-saison-des-pluies-2026-lanamet-livre-ses-previsions-et-appelle-a-la-vigilance\/#breadcrumb"},"inLanguage":"fr-FR","potentialAction":[{"@type":"ReadAction","target":["https:\/\/228news.tg\/index.php\/2026\/09\/02\/petite-saison-des-pluies-2026-lanamet-livre-ses-previsions-et-appelle-a-la-vigilance\/"]}]},{"@type":"ImageObject","inLanguage":"fr-FR","@id":"https:\/\/228news.tg\/index.php\/2026\/09\/02\/petite-saison-des-pluies-2026-lanamet-livre-ses-previsions-et-appelle-a-la-vigilance\/#primaryimage","url":"https:\/\/228news.tg\/wp-content\/uploads\/2026\/03\/IMG-20260305-WA0242.jpg","contentUrl":"https:\/\/228news.tg\/wp-content\/uploads\/2026\/03\/IMG-20260305-WA0242.jpg","width":500,"height":374},{"@type":"BreadcrumbList","@id":"https:\/\/228news.tg\/index.php\/2026\/09\/02\/petite-saison-des-pluies-2026-lanamet-livre-ses-previsions-et-appelle-a-la-vigilance\/#breadcrumb","itemListElement":[{"@type":"ListItem","position":1,"name":"Home","item":"https:\/\/228news.tg\/"},{"@type":"ListItem","position":2,"name":"Petite saison des pluies 2026 : L&rsquo;ANAMET livre ses pr\u00e9visions et appelle \u00e0 la vigilance"}]},{"@type":"WebSite","@id":"https:\/\/228news.tg\/#website","url":"https:\/\/228news.tg\/","name":"228 News","description":"Soci\u00e9t\u00e9 de m\u00e9dias et d\u2019actualit\u00e9s","publisher":{"@id":"https:\/\/228news.tg\/#organization"},"potentialAction":[{"@type":"SearchAction","target":{"@type":"EntryPoint","urlTemplate":"https:\/\/228news.tg\/?s={search_term_string}"},"query-input":{"@type":"PropertyValueSpecification","valueRequired":true,"valueName":"search_term_string"}}],"inLanguage":"fr-FR"},{"@type":"Organization","@id":"https:\/\/228news.tg\/#organization","name":"228 News","url":"https:\/\/228news.tg\/","logo":{"@type":"ImageObject","inLanguage":"fr-FR","@id":"https:\/\/228news.tg\/#\/schema\/logo\/image\/","url":"https:\/\/228news.tg\/wp-content\/uploads\/2024\/09\/logonew.png","contentUrl":"https:\/\/228news.tg\/wp-content\/uploads\/2024\/09\/logonew.png","width":1640,"height":364,"caption":"228 News"},"image":{"@id":"https:\/\/228news.tg\/#\/schema\/logo\/image\/"}},{"@type":"Person","@id":"https:\/\/228news.tg\/#\/schema\/person\/68d5a6cc0230290e61235c8379523f52","name":"Bienvenu SAVI","image":{"@type":"ImageObject","inLanguage":"fr-FR","@id":"https:\/\/secure.gravatar.com\/avatar\/9db91895c559e510509c33a3e9683998458e9b828fac36d5d1aa23f0f2fd369b?s=96&d=mm&r=g","url":"https:\/\/secure.gravatar.com\/avatar\/9db91895c559e510509c33a3e9683998458e9b828fac36d5d1aa23f0f2fd369b?s=96&d=mm&r=g","contentUrl":"https:\/\/secure.gravatar.com\/avatar\/9db91895c559e510509c33a3e9683998458e9b828fac36d5d1aa23f0f2fd369b?s=96&d=mm&r=g","caption":"Bienvenu SAVI"},"url":"https:\/\/228news.tg\/index.php\/author\/bienvenu\/"}]}},"jetpack_featured_media_url":"https:\/\/228news.tg\/wp-content\/uploads\/2026\/03\/IMG-20260305-WA0242.jpg","_links":{"self":[{"href":"https:\/\/228news.tg\/index.php\/wp-json\/wp\/v2\/posts\/17536","targetHints":{"allow":["GET"]}}],"collection":[{"href":"https:\/\/228news.tg\/index.php\/wp-json\/wp\/v2\/posts"}],"about":[{"href":"https:\/\/228news.tg\/index.php\/wp-json\/wp\/v2\/types\/post"}],"author":[{"embeddable":true,"href":"https:\/\/228news.tg\/index.php\/wp-json\/wp\/v2\/users\/2"}],"replies":[{"embeddable":true,"href":"https:\/\/228news.tg\/index.php\/wp-json\/wp\/v2\/comments?post=17536"}],"version-history":[{"count":1,"href":"https:\/\/228news.tg\/index.php\/wp-json\/wp\/v2\/posts\/17536\/revisions"}],"predecessor-version":[{"id":17537,"href":"https:\/\/228news.tg\/index.php\/wp-json\/wp\/v2\/posts\/17536\/revisions\/17537"}],"wp:featuredmedia":[{"embeddable":true,"href":"https:\/\/228news.tg\/index.php\/wp-json\/wp\/v2\/media\/16965"}],"wp:attachment":[{"href":"https:\/\/228news.tg\/index.php\/wp-json\/wp\/v2\/media?parent=17536"}],"wp:term":[{"taxonomy":"category","embeddable":true,"href":"https:\/\/228news.tg\/index.php\/wp-json\/wp\/v2\/categories?post=17536"},{"taxonomy":"post_tag","embeddable":true,"href":"https:\/\/228news.tg\/index.php\/wp-json\/wp\/v2\/tags?post=17536"}],"curies":[{"name":"wp","href":"https:\/\/api.w.org\/{rel}","templated":true}]}}