{"id":1718,"date":"2018-10-02T00:00:00","date_gmt":"2018-10-02T00:00:00","guid":{"rendered":"https:\/\/228news.tg\/index.php\/2018\/10\/02\/endiguement-de-la-poliomyelite-au-togo-un-vaccin-injectable-introduit-le-jeudi-prochain\/"},"modified":"2024-09-09T14:06:45","modified_gmt":"2024-09-09T14:06:45","slug":"endiguement-de-la-poliomyelite-au-togo-un-vaccin-injectable-introduit-le-jeudi-prochain","status":"publish","type":"post","link":"https:\/\/228news.tg\/index.php\/2018\/10\/02\/endiguement-de-la-poliomyelite-au-togo-un-vaccin-injectable-introduit-le-jeudi-prochain\/","title":{"rendered":"Endiguement de la poliomy\u00e9lite au Togo: Un vaccin injectable introduit le jeudi prochain"},"content":{"rendered":"<p>(228NEWS\/ Lom\u00e9, le 02 octobre 2018)-\u00a0Le vaccin antipoliomy\u00e9litique inactiv\u00e9 (VPI) sera introduit dans la vaccination de routine au Togo le jeudi prochain, \u00e0 K\u00e9m\u00e9rida dans la pr\u00e9fecture de la Binah, \u00e0 l&rsquo;occasion de la 8\u00e8me \u00e9dition de la semaine africaine de la vaccination.<\/p>\n<p>En pr\u00e9lude \u00e0 son lancement effectif, le ministre de la sant\u00e9 et de la protection sociale Moustapha Mijiawa, a pr\u00e9sid\u00e9 ce mardi 02 octobre au minist\u00e8re de la sant\u00e9, une rencontre de partages et d&rsquo;\u00e9changes sur les informations et processus qui ont concouru \u00e0 la prise de d\u00e9cision d&rsquo;introduction de ce vaccin au Togo.<\/p>\n<p>Cette rencontre d&rsquo;\u00e9changes a rassembl\u00e9 les directeurs centraux et chefs services du minist\u00e8re de la sant\u00e9, les partenaires techniques et financiers de l&rsquo;Alliance Mondiale pour le Vaccin (GAVI), de l&rsquo;UNICEF et de l&rsquo;OMS, de m\u00eame que les hommes de m\u00e9dias.<\/p>\n<p>\u00ab\u00a0La poliomy\u00e9lite, nous la connaissons surtout \u00e0 travers des s\u00e9quelles, les handicaps moteurs, \u00e0 travers nos villes et villages. Connue de longue date et ayant touch\u00e9 tous les continents, sa transmission se fait \u00e0 travers les selles, le manque d&rsquo;hygi\u00e8ne. La paralysie de certains membres qu&rsquo;elle entra\u00eene peut conduire dans 70% des cas au d\u00e9c\u00e8s.\u00a0\u00bb, a t-il d&#8217;embl\u00e9e soulign\u00e9 pour mettre en garde tous les acteurs.<\/p>\n<p>Pour y venir \u00e0 bout, le vaccin antipoliomy\u00e9litique oral (VPO) \u00e9tait jusqu&rsquo;alors pr\u00e9conis\u00e9. Essentiellement synth\u00e9tis\u00e9 \u00e0 base de la souche 1 du poliovirus apprivois\u00e9, ce vaccin concoure \u00e0 une nette diminution du taux de pr\u00e9valence, mais n&rsquo;endigue pas le ph\u00e9nom\u00e8ne.<\/p>\n<p>Aussi, l&rsquo;Organisation Mondiale de la Sant\u00e9 (OMS) a recommand\u00e9 aux Etats d&rsquo;introduire un nouveau type de vaccin qui prend en compte la souche 2 du virus, avec pour objectif de se d\u00e9barrasser d\u00e9finitivement de la maladie, ainsi que de ces cons\u00e9quences notamment la paralysie.\u00a0<img fetchpriority=\"high\" decoding=\"async\" class=\"alignnone size-medium wp-image-3299 alignright\" src=\"https:\/\/228news.tg\/wp-content\/uploads\/2024\/09\/photo_2018-10-02_14-35-02-300x225.jpg\" alt=\"\" width=\"300\" height=\"225\" \/><\/p>\n<p>Pour le Repr\u00e9sentant par int\u00e9rim de l&rsquo;OMS au Togo, M. Koulibaly S\u00e9ibou, le Togo a fait beaucoup d&rsquo;efforts dans la lutte contre la poliomy\u00e9lite \u00e0 travers un plan strat\u00e9gique. Il a par ailleurs rassur\u00e9 les autorit\u00e9s sanitaires des appuis multiformes de son organisation dans l&rsquo;optique d&rsquo;endiguement totale de la maladie.<\/p>\n<p>Le VPI, est donc compl\u00e9mentaire au VPO, \u00e0 en croire le Dr Boko, Kodjo Am\u00e9v\u00e9gb\u00e9, Chef de la division de l&rsquo;immunisation qui m\u00e8nera bient\u00f4t des campagnes de communication afin de convaincre les parents r\u00e9ticents \u00e0 vacciner leurs enfants par voie injectable seront men\u00e9es.<\/p>\n<p>Ils a \u00e9galement d\u00e9nonc\u00e9 des personnes malintentionn\u00e9es souvent \u00e0 l&rsquo;ext\u00e9rieur du pays qui envoie des messages par r\u00e9seaux sociaux afin de dissuader les populations \u00e0 aller \u00e0 la vaccination, avec des arguments et pr\u00e9textes fallacieux.<\/p>\n<p>En 2007, le Togo a \u00e9t\u00e9 certifi\u00e9 pays indemne de polio sauvage. Cependant, trois cas ont \u00e9t\u00e9 confirm\u00e9s dans les districts de T\u00f4ne et de l&rsquo;Oti en novembre 2008 et 6 cas en 2009, ce qui a occasionn\u00e9 9 campagnes de vaccination de riposte. depuis cette p\u00e9riode, le Togo n&rsquo;a plus connu de poliomy\u00e9lite.\u00a0La vaccination \u00e0 la polio, faut-il le pr\u00e9ciser, est gratuite.<\/p>\n<p><strong><em>D\u00e9mocrate<\/em><\/strong><\/p>\n<p><strong><em>(00228) 91 85 40 14<\/em><\/strong><\/p>\n<p><strong><em>98 60 67 68<\/em><\/strong><\/p>\n<p><strong><em>democrate2010@gmail.com<\/em><\/strong><\/p>\n","protected":false},"excerpt":{"rendered":"<p>(228NEWS\/ Lom\u00e9, le 02 octobre 2018)-\u00a0Le vaccin antipoliomy\u00e9litique inactiv\u00e9 (VPI) sera introduit dans la vaccination de routine au Togo le jeudi prochain, \u00e0 K\u00e9m\u00e9rida dans la pr\u00e9fecture de la Binah, \u00e0 l&rsquo;occasion de la 8\u00e8me \u00e9dition de la semaine africaine de la vaccination. En pr\u00e9lude \u00e0 son lancement effectif, le ministre de la sant\u00e9 et &#8230; <a title=\"Endiguement de la poliomy\u00e9lite au Togo: Un vaccin injectable introduit le jeudi prochain\" class=\"read-more\" href=\"https:\/\/228news.tg\/index.php\/2018\/10\/02\/endiguement-de-la-poliomyelite-au-togo-un-vaccin-injectable-introduit-le-jeudi-prochain\/\" aria-label=\"En savoir plus sur Endiguement de la poliomy\u00e9lite au Togo: Un vaccin injectable introduit le jeudi prochain\">Lire la suite<\/a><\/p>\n","protected":false},"author":2,"featured_media":1721,"comment_status":"open","ping_status":"open","sticky":false,"template":"","format":"standard","meta":{"footnotes":""},"categories":[35,27,25,34],"tags":[],"class_list":["post-1718","post","type-post","status-publish","format-standard","has-post-thumbnail","hentry","category-flash","category-sante","category-togo","category-une"],"yoast_head":"<!-- This site is optimized with the Yoast SEO plugin v26.4 - https:\/\/yoast.com\/wordpress\/plugins\/seo\/ -->\n<title>Endiguement de la poliomy\u00e9lite au Togo: Un vaccin injectable introduit le jeudi prochain - 228 News<\/title>\n<meta name=\"robots\" content=\"index, follow, max-snippet:-1, max-image-preview:large, max-video-preview:-1\" \/>\n<link rel=\"canonical\" href=\"https:\/\/228news.tg\/index.php\/2018\/10\/02\/endiguement-de-la-poliomyelite-au-togo-un-vaccin-injectable-introduit-le-jeudi-prochain\/\" \/>\n<meta property=\"og:locale\" content=\"fr_FR\" \/>\n<meta property=\"og:type\" content=\"article\" \/>\n<meta property=\"og:title\" content=\"Endiguement de la poliomy\u00e9lite au Togo: Un vaccin injectable introduit le jeudi prochain - 228 News\" \/>\n<meta property=\"og:description\" content=\"(228NEWS\/ Lom\u00e9, le 02 octobre 2018)-\u00a0Le vaccin antipoliomy\u00e9litique inactiv\u00e9 (VPI) sera introduit dans la vaccination de routine au Togo le jeudi prochain, \u00e0 K\u00e9m\u00e9rida dans la pr\u00e9fecture de la Binah, \u00e0 l&rsquo;occasion de la 8\u00e8me \u00e9dition de la semaine africaine de la vaccination. En pr\u00e9lude \u00e0 son lancement effectif, le ministre de la sant\u00e9 et ... Lire la suite\" \/>\n<meta property=\"og:url\" content=\"https:\/\/228news.tg\/index.php\/2018\/10\/02\/endiguement-de-la-poliomyelite-au-togo-un-vaccin-injectable-introduit-le-jeudi-prochain\/\" \/>\n<meta property=\"og:site_name\" content=\"228 News\" \/>\n<meta property=\"article:published_time\" content=\"2018-10-02T00:00:00+00:00\" \/>\n<meta property=\"article:modified_time\" content=\"2024-09-09T14:06:45+00:00\" \/>\n<meta property=\"og:image\" content=\"https:\/\/228news.tg\/wp-content\/uploads\/2024\/09\/polio-virus.jpg\" \/>\n\t<meta property=\"og:image:width\" content=\"490\" \/>\n\t<meta property=\"og:image:height\" content=\"280\" \/>\n\t<meta property=\"og:image:type\" content=\"image\/jpeg\" \/>\n<meta name=\"author\" content=\"Bienvenu SAVI\" \/>\n<meta name=\"twitter:card\" content=\"summary_large_image\" \/>\n<meta name=\"twitter:label1\" content=\"\u00c9crit par\" \/>\n\t<meta name=\"twitter:data1\" content=\"Bienvenu SAVI\" \/>\n\t<meta name=\"twitter:label2\" content=\"Dur\u00e9e de lecture estim\u00e9e\" \/>\n\t<meta name=\"twitter:data2\" content=\"3 minutes\" \/>\n<script type=\"application\/ld+json\" class=\"yoast-schema-graph\">{\"@context\":\"https:\/\/schema.org\",\"@graph\":[{\"@type\":\"Article\",\"@id\":\"https:\/\/228news.tg\/index.php\/2018\/10\/02\/endiguement-de-la-poliomyelite-au-togo-un-vaccin-injectable-introduit-le-jeudi-prochain\/#article\",\"isPartOf\":{\"@id\":\"https:\/\/228news.tg\/index.php\/2018\/10\/02\/endiguement-de-la-poliomyelite-au-togo-un-vaccin-injectable-introduit-le-jeudi-prochain\/\"},\"author\":{\"name\":\"Bienvenu SAVI\",\"@id\":\"https:\/\/228news.tg\/#\/schema\/person\/68d5a6cc0230290e61235c8379523f52\"},\"headline\":\"Endiguement de la poliomy\u00e9lite au Togo: Un vaccin injectable introduit le jeudi prochain\",\"datePublished\":\"2018-10-02T00:00:00+00:00\",\"dateModified\":\"2024-09-09T14:06:45+00:00\",\"mainEntityOfPage\":{\"@id\":\"https:\/\/228news.tg\/index.php\/2018\/10\/02\/endiguement-de-la-poliomyelite-au-togo-un-vaccin-injectable-introduit-le-jeudi-prochain\/\"},\"wordCount\":544,\"commentCount\":0,\"publisher\":{\"@id\":\"https:\/\/228news.tg\/#organization\"},\"image\":{\"@id\":\"https:\/\/228news.tg\/index.php\/2018\/10\/02\/endiguement-de-la-poliomyelite-au-togo-un-vaccin-injectable-introduit-le-jeudi-prochain\/#primaryimage\"},\"thumbnailUrl\":\"https:\/\/228news.tg\/wp-content\/uploads\/2024\/09\/polio-virus.jpg\",\"articleSection\":[\"Flash\",\"Sant\u00e9\",\"TOGO\",\"Une\"],\"inLanguage\":\"fr-FR\",\"potentialAction\":[{\"@type\":\"CommentAction\",\"name\":\"Comment\",\"target\":[\"https:\/\/228news.tg\/index.php\/2018\/10\/02\/endiguement-de-la-poliomyelite-au-togo-un-vaccin-injectable-introduit-le-jeudi-prochain\/#respond\"]}]},{\"@type\":\"WebPage\",\"@id\":\"https:\/\/228news.tg\/index.php\/2018\/10\/02\/endiguement-de-la-poliomyelite-au-togo-un-vaccin-injectable-introduit-le-jeudi-prochain\/\",\"url\":\"https:\/\/228news.tg\/index.php\/2018\/10\/02\/endiguement-de-la-poliomyelite-au-togo-un-vaccin-injectable-introduit-le-jeudi-prochain\/\",\"name\":\"Endiguement de la poliomy\u00e9lite au Togo: Un vaccin injectable introduit le jeudi prochain - 228 News\",\"isPartOf\":{\"@id\":\"https:\/\/228news.tg\/#website\"},\"primaryImageOfPage\":{\"@id\":\"https:\/\/228news.tg\/index.php\/2018\/10\/02\/endiguement-de-la-poliomyelite-au-togo-un-vaccin-injectable-introduit-le-jeudi-prochain\/#primaryimage\"},\"image\":{\"@id\":\"https:\/\/228news.tg\/index.php\/2018\/10\/02\/endiguement-de-la-poliomyelite-au-togo-un-vaccin-injectable-introduit-le-jeudi-prochain\/#primaryimage\"},\"thumbnailUrl\":\"https:\/\/228news.tg\/wp-content\/uploads\/2024\/09\/polio-virus.jpg\",\"datePublished\":\"2018-10-02T00:00:00+00:00\",\"dateModified\":\"2024-09-09T14:06:45+00:00\",\"breadcrumb\":{\"@id\":\"https:\/\/228news.tg\/index.php\/2018\/10\/02\/endiguement-de-la-poliomyelite-au-togo-un-vaccin-injectable-introduit-le-jeudi-prochain\/#breadcrumb\"},\"inLanguage\":\"fr-FR\",\"potentialAction\":[{\"@type\":\"ReadAction\",\"target\":[\"https:\/\/228news.tg\/index.php\/2018\/10\/02\/endiguement-de-la-poliomyelite-au-togo-un-vaccin-injectable-introduit-le-jeudi-prochain\/\"]}]},{\"@type\":\"ImageObject\",\"inLanguage\":\"fr-FR\",\"@id\":\"https:\/\/228news.tg\/index.php\/2018\/10\/02\/endiguement-de-la-poliomyelite-au-togo-un-vaccin-injectable-introduit-le-jeudi-prochain\/#primaryimage\",\"url\":\"https:\/\/228news.tg\/wp-content\/uploads\/2024\/09\/polio-virus.jpg\",\"contentUrl\":\"https:\/\/228news.tg\/wp-content\/uploads\/2024\/09\/polio-virus.jpg\",\"width\":490,\"height\":280},{\"@type\":\"BreadcrumbList\",\"@id\":\"https:\/\/228news.tg\/index.php\/2018\/10\/02\/endiguement-de-la-poliomyelite-au-togo-un-vaccin-injectable-introduit-le-jeudi-prochain\/#breadcrumb\",\"itemListElement\":[{\"@type\":\"ListItem\",\"position\":1,\"name\":\"Home\",\"item\":\"https:\/\/228news.tg\/\"},{\"@type\":\"ListItem\",\"position\":2,\"name\":\"Endiguement de la poliomy\u00e9lite au Togo: Un vaccin injectable introduit le jeudi prochain\"}]},{\"@type\":\"WebSite\",\"@id\":\"https:\/\/228news.tg\/#website\",\"url\":\"https:\/\/228news.tg\/\",\"name\":\"228 News\",\"description\":\"Soci\u00e9t\u00e9 de m\u00e9dias et d\u2019actualit\u00e9s\",\"publisher\":{\"@id\":\"https:\/\/228news.tg\/#organization\"},\"potentialAction\":[{\"@type\":\"SearchAction\",\"target\":{\"@type\":\"EntryPoint\",\"urlTemplate\":\"https:\/\/228news.tg\/?s={search_term_string}\"},\"query-input\":{\"@type\":\"PropertyValueSpecification\",\"valueRequired\":true,\"valueName\":\"search_term_string\"}}],\"inLanguage\":\"fr-FR\"},{\"@type\":\"Organization\",\"@id\":\"https:\/\/228news.tg\/#organization\",\"name\":\"228 News\",\"url\":\"https:\/\/228news.tg\/\",\"logo\":{\"@type\":\"ImageObject\",\"inLanguage\":\"fr-FR\",\"@id\":\"https:\/\/228news.tg\/#\/schema\/logo\/image\/\",\"url\":\"https:\/\/228news.tg\/wp-content\/uploads\/2024\/09\/logonew.png\",\"contentUrl\":\"https:\/\/228news.tg\/wp-content\/uploads\/2024\/09\/logonew.png\",\"width\":1640,\"height\":364,\"caption\":\"228 News\"},\"image\":{\"@id\":\"https:\/\/228news.tg\/#\/schema\/logo\/image\/\"}},{\"@type\":\"Person\",\"@id\":\"https:\/\/228news.tg\/#\/schema\/person\/68d5a6cc0230290e61235c8379523f52\",\"name\":\"Bienvenu SAVI\",\"image\":{\"@type\":\"ImageObject\",\"inLanguage\":\"fr-FR\",\"@id\":\"https:\/\/228news.tg\/#\/schema\/person\/image\/\",\"url\":\"https:\/\/secure.gravatar.com\/avatar\/9db91895c559e510509c33a3e9683998458e9b828fac36d5d1aa23f0f2fd369b?s=96&d=mm&r=g\",\"contentUrl\":\"https:\/\/secure.gravatar.com\/avatar\/9db91895c559e510509c33a3e9683998458e9b828fac36d5d1aa23f0f2fd369b?s=96&d=mm&r=g\",\"caption\":\"Bienvenu SAVI\"},\"url\":\"https:\/\/228news.tg\/index.php\/author\/bienvenu\/\"}]}<\/script>\n<!-- \/ Yoast SEO plugin. -->","yoast_head_json":{"title":"Endiguement de la poliomy\u00e9lite au Togo: Un vaccin injectable introduit le jeudi prochain - 228 News","robots":{"index":"index","follow":"follow","max-snippet":"max-snippet:-1","max-image-preview":"max-image-preview:large","max-video-preview":"max-video-preview:-1"},"canonical":"https:\/\/228news.tg\/index.php\/2018\/10\/02\/endiguement-de-la-poliomyelite-au-togo-un-vaccin-injectable-introduit-le-jeudi-prochain\/","og_locale":"fr_FR","og_type":"article","og_title":"Endiguement de la poliomy\u00e9lite au Togo: Un vaccin injectable introduit le jeudi prochain - 228 News","og_description":"(228NEWS\/ Lom\u00e9, le 02 octobre 2018)-\u00a0Le vaccin antipoliomy\u00e9litique inactiv\u00e9 (VPI) sera introduit dans la vaccination de routine au Togo le jeudi prochain, \u00e0 K\u00e9m\u00e9rida dans la pr\u00e9fecture de la Binah, \u00e0 l&rsquo;occasion de la 8\u00e8me \u00e9dition de la semaine africaine de la vaccination. En pr\u00e9lude \u00e0 son lancement effectif, le ministre de la sant\u00e9 et ... Lire la suite","og_url":"https:\/\/228news.tg\/index.php\/2018\/10\/02\/endiguement-de-la-poliomyelite-au-togo-un-vaccin-injectable-introduit-le-jeudi-prochain\/","og_site_name":"228 News","article_published_time":"2018-10-02T00:00:00+00:00","article_modified_time":"2024-09-09T14:06:45+00:00","og_image":[{"width":490,"height":280,"url":"https:\/\/228news.tg\/wp-content\/uploads\/2024\/09\/polio-virus.jpg","type":"image\/jpeg"}],"author":"Bienvenu SAVI","twitter_card":"summary_large_image","twitter_misc":{"\u00c9crit par":"Bienvenu SAVI","Dur\u00e9e de lecture estim\u00e9e":"3 minutes"},"schema":{"@context":"https:\/\/schema.org","@graph":[{"@type":"Article","@id":"https:\/\/228news.tg\/index.php\/2018\/10\/02\/endiguement-de-la-poliomyelite-au-togo-un-vaccin-injectable-introduit-le-jeudi-prochain\/#article","isPartOf":{"@id":"https:\/\/228news.tg\/index.php\/2018\/10\/02\/endiguement-de-la-poliomyelite-au-togo-un-vaccin-injectable-introduit-le-jeudi-prochain\/"},"author":{"name":"Bienvenu SAVI","@id":"https:\/\/228news.tg\/#\/schema\/person\/68d5a6cc0230290e61235c8379523f52"},"headline":"Endiguement de la poliomy\u00e9lite au Togo: Un vaccin injectable introduit le jeudi prochain","datePublished":"2018-10-02T00:00:00+00:00","dateModified":"2024-09-09T14:06:45+00:00","mainEntityOfPage":{"@id":"https:\/\/228news.tg\/index.php\/2018\/10\/02\/endiguement-de-la-poliomyelite-au-togo-un-vaccin-injectable-introduit-le-jeudi-prochain\/"},"wordCount":544,"commentCount":0,"publisher":{"@id":"https:\/\/228news.tg\/#organization"},"image":{"@id":"https:\/\/228news.tg\/index.php\/2018\/10\/02\/endiguement-de-la-poliomyelite-au-togo-un-vaccin-injectable-introduit-le-jeudi-prochain\/#primaryimage"},"thumbnailUrl":"https:\/\/228news.tg\/wp-content\/uploads\/2024\/09\/polio-virus.jpg","articleSection":["Flash","Sant\u00e9","TOGO","Une"],"inLanguage":"fr-FR","potentialAction":[{"@type":"CommentAction","name":"Comment","target":["https:\/\/228news.tg\/index.php\/2018\/10\/02\/endiguement-de-la-poliomyelite-au-togo-un-vaccin-injectable-introduit-le-jeudi-prochain\/#respond"]}]},{"@type":"WebPage","@id":"https:\/\/228news.tg\/index.php\/2018\/10\/02\/endiguement-de-la-poliomyelite-au-togo-un-vaccin-injectable-introduit-le-jeudi-prochain\/","url":"https:\/\/228news.tg\/index.php\/2018\/10\/02\/endiguement-de-la-poliomyelite-au-togo-un-vaccin-injectable-introduit-le-jeudi-prochain\/","name":"Endiguement de la poliomy\u00e9lite au Togo: Un vaccin injectable introduit le jeudi prochain - 228 News","isPartOf":{"@id":"https:\/\/228news.tg\/#website"},"primaryImageOfPage":{"@id":"https:\/\/228news.tg\/index.php\/2018\/10\/02\/endiguement-de-la-poliomyelite-au-togo-un-vaccin-injectable-introduit-le-jeudi-prochain\/#primaryimage"},"image":{"@id":"https:\/\/228news.tg\/index.php\/2018\/10\/02\/endiguement-de-la-poliomyelite-au-togo-un-vaccin-injectable-introduit-le-jeudi-prochain\/#primaryimage"},"thumbnailUrl":"https:\/\/228news.tg\/wp-content\/uploads\/2024\/09\/polio-virus.jpg","datePublished":"2018-10-02T00:00:00+00:00","dateModified":"2024-09-09T14:06:45+00:00","breadcrumb":{"@id":"https:\/\/228news.tg\/index.php\/2018\/10\/02\/endiguement-de-la-poliomyelite-au-togo-un-vaccin-injectable-introduit-le-jeudi-prochain\/#breadcrumb"},"inLanguage":"fr-FR","potentialAction":[{"@type":"ReadAction","target":["https:\/\/228news.tg\/index.php\/2018\/10\/02\/endiguement-de-la-poliomyelite-au-togo-un-vaccin-injectable-introduit-le-jeudi-prochain\/"]}]},{"@type":"ImageObject","inLanguage":"fr-FR","@id":"https:\/\/228news.tg\/index.php\/2018\/10\/02\/endiguement-de-la-poliomyelite-au-togo-un-vaccin-injectable-introduit-le-jeudi-prochain\/#primaryimage","url":"https:\/\/228news.tg\/wp-content\/uploads\/2024\/09\/polio-virus.jpg","contentUrl":"https:\/\/228news.tg\/wp-content\/uploads\/2024\/09\/polio-virus.jpg","width":490,"height":280},{"@type":"BreadcrumbList","@id":"https:\/\/228news.tg\/index.php\/2018\/10\/02\/endiguement-de-la-poliomyelite-au-togo-un-vaccin-injectable-introduit-le-jeudi-prochain\/#breadcrumb","itemListElement":[{"@type":"ListItem","position":1,"name":"Home","item":"https:\/\/228news.tg\/"},{"@type":"ListItem","position":2,"name":"Endiguement de la poliomy\u00e9lite au Togo: Un vaccin injectable introduit le jeudi prochain"}]},{"@type":"WebSite","@id":"https:\/\/228news.tg\/#website","url":"https:\/\/228news.tg\/","name":"228 News","description":"Soci\u00e9t\u00e9 de m\u00e9dias et d\u2019actualit\u00e9s","publisher":{"@id":"https:\/\/228news.tg\/#organization"},"potentialAction":[{"@type":"SearchAction","target":{"@type":"EntryPoint","urlTemplate":"https:\/\/228news.tg\/?s={search_term_string}"},"query-input":{"@type":"PropertyValueSpecification","valueRequired":true,"valueName":"search_term_string"}}],"inLanguage":"fr-FR"},{"@type":"Organization","@id":"https:\/\/228news.tg\/#organization","name":"228 News","url":"https:\/\/228news.tg\/","logo":{"@type":"ImageObject","inLanguage":"fr-FR","@id":"https:\/\/228news.tg\/#\/schema\/logo\/image\/","url":"https:\/\/228news.tg\/wp-content\/uploads\/2024\/09\/logonew.png","contentUrl":"https:\/\/228news.tg\/wp-content\/uploads\/2024\/09\/logonew.png","width":1640,"height":364,"caption":"228 News"},"image":{"@id":"https:\/\/228news.tg\/#\/schema\/logo\/image\/"}},{"@type":"Person","@id":"https:\/\/228news.tg\/#\/schema\/person\/68d5a6cc0230290e61235c8379523f52","name":"Bienvenu SAVI","image":{"@type":"ImageObject","inLanguage":"fr-FR","@id":"https:\/\/228news.tg\/#\/schema\/person\/image\/","url":"https:\/\/secure.gravatar.com\/avatar\/9db91895c559e510509c33a3e9683998458e9b828fac36d5d1aa23f0f2fd369b?s=96&d=mm&r=g","contentUrl":"https:\/\/secure.gravatar.com\/avatar\/9db91895c559e510509c33a3e9683998458e9b828fac36d5d1aa23f0f2fd369b?s=96&d=mm&r=g","caption":"Bienvenu SAVI"},"url":"https:\/\/228news.tg\/index.php\/author\/bienvenu\/"}]}},"jetpack_featured_media_url":"https:\/\/228news.tg\/wp-content\/uploads\/2024\/09\/polio-virus.jpg","_links":{"self":[{"href":"https:\/\/228news.tg\/index.php\/wp-json\/wp\/v2\/posts\/1718","targetHints":{"allow":["GET"]}}],"collection":[{"href":"https:\/\/228news.tg\/index.php\/wp-json\/wp\/v2\/posts"}],"about":[{"href":"https:\/\/228news.tg\/index.php\/wp-json\/wp\/v2\/types\/post"}],"author":[{"embeddable":true,"href":"https:\/\/228news.tg\/index.php\/wp-json\/wp\/v2\/users\/2"}],"replies":[{"embeddable":true,"href":"https:\/\/228news.tg\/index.php\/wp-json\/wp\/v2\/comments?post=1718"}],"version-history":[{"count":1,"href":"https:\/\/228news.tg\/index.php\/wp-json\/wp\/v2\/posts\/1718\/revisions"}],"predecessor-version":[{"id":1720,"href":"https:\/\/228news.tg\/index.php\/wp-json\/wp\/v2\/posts\/1718\/revisions\/1720"}],"wp:featuredmedia":[{"embeddable":true,"href":"https:\/\/228news.tg\/index.php\/wp-json\/wp\/v2\/media\/1721"}],"wp:attachment":[{"href":"https:\/\/228news.tg\/index.php\/wp-json\/wp\/v2\/media?parent=1718"}],"wp:term":[{"taxonomy":"category","embeddable":true,"href":"https:\/\/228news.tg\/index.php\/wp-json\/wp\/v2\/categories?post=1718"},{"taxonomy":"post_tag","embeddable":true,"href":"https:\/\/228news.tg\/index.php\/wp-json\/wp\/v2\/tags?post=1718"}],"curies":[{"name":"wp","href":"https:\/\/api.w.org\/{rel}","templated":true}]}}