{"id":17063,"date":"2026-04-08T09:31:32","date_gmt":"2026-04-08T09:31:32","guid":{"rendered":"https:\/\/228news.tg\/?p=17063"},"modified":"2026-04-08T09:31:32","modified_gmt":"2026-04-08T09:31:32","slug":"un-financement-de-1907-millions-fcfa-pour-renforcer-les-initiatives-environnementales-locales","status":"publish","type":"post","link":"https:\/\/228news.tg\/index.php\/2026\/04\/08\/un-financement-de-1907-millions-fcfa-pour-renforcer-les-initiatives-environnementales-locales\/","title":{"rendered":"Un financement de 190,7 millions FCFA pour renforcer les initiatives environnementales locales"},"content":{"rendered":"<p>Au Togo, la dynamique de protection de l\u2019environnement b\u00e9n\u00e9ficie l\u2019appui des partenaires. Un accord de financement entre le minist\u00e8re en charge de l\u2019environnement et le Programme des Nations unies pour le d\u00e9veloppement (PNUD) a \u00e9t\u00e9 sign\u00e9e en ce sens. D\u2019un montant global de 190,7 millions de FCFA, cet engagement vise \u00e0 soutenir neuf organisations de la soci\u00e9t\u00e9 civile engag\u00e9es dans des secteurs cl\u00e9s du d\u00e9veloppement durable.<\/p>\n<p>Les structures b\u00e9n\u00e9ficiaires interviennent notamment dans la protection de la biodiversit\u00e9, la promotion de l\u2019agriculture durable, le reboisement ainsi que la pr\u00e9servation des cours d\u2019eau. Ces initiatives s\u2019inscrivent dans la huiti\u00e8me phase op\u00e9rationnelle du Programme de micro financement du Fonds pour l\u2019environnement mondial, un m\u00e9canisme qui valorise les solutions locales face aux d\u00e9fis environnementaux.<\/p>\n<p>Pour la repr\u00e9sentante r\u00e9sidente du PNUD, Binta Sanneh, cette signature marque bien plus qu\u2019un simple engagement financier. \u00ab Ce jour n\u2019est pas seulement une signature : c\u2019est le lancement de neuf dynamiques de transformation locale. Les solutions existent et viennent souvent des communaut\u00e9s \u00bb, a-t-elle soulign\u00e9, mettant en avant le r\u00f4le central des populations dans la pr\u00e9servation des \u00e9cosyst\u00e8mes.<\/p>\n<p>De son c\u00f4t\u00e9, le ministre de l\u2019environnement, Dodzi Kokoroko, a insist\u00e9 sur la n\u00e9cessit\u00e9 de privil\u00e9gier les approches locales pour garantir l\u2019efficacit\u00e9 des actions engag\u00e9es. Il a notamment mis en lumi\u00e8re l\u2019importance de la d\u00e9centralisation dans la mise en \u0153uvre des projets, en particulier dans les domaines de la restauration foresti\u00e8re et de la protection des ressources naturelles.<\/p>\n<p>\u00c0 travers cet accord, le gouvernement togolais entend renforcer l\u2019impact de ses politiques environnementales en s\u2019appuyant davantage sur les initiatives issues des communaut\u00e9s. L\u2019objectif est de favoriser une implication accrue des acteurs locaux afin d\u2019assurer des r\u00e9sultats durables, mieux adapt\u00e9s aux r\u00e9alit\u00e9s du terrain et aux besoins sp\u00e9cifiques des populations.<\/p>\n<p>Cette collaboration illustre ainsi une volont\u00e9 commune de faire des communaut\u00e9s locales les v\u00e9ritables moteurs de la transition \u00e9cologique au Togo, en leur donnant les moyens d\u2019agir concr\u00e8tement pour la pr\u00e9servation de leur environnement.<\/p>\n<p>228news.<\/p>\n<p>&nbsp;<\/p>\n","protected":false},"excerpt":{"rendered":"<p>Au Togo, la dynamique de protection de l\u2019environnement b\u00e9n\u00e9ficie l\u2019appui des partenaires. Un accord de financement entre le minist\u00e8re en charge de l\u2019environnement et le Programme des Nations unies pour le d\u00e9veloppement (PNUD) a \u00e9t\u00e9 sign\u00e9e en ce sens. D\u2019un montant global de 190,7 millions de FCFA, cet engagement vise \u00e0 soutenir neuf organisations de &#8230; <a title=\"Un financement de 190,7 millions FCFA pour renforcer les initiatives environnementales locales\" class=\"read-more\" href=\"https:\/\/228news.tg\/index.php\/2026\/04\/08\/un-financement-de-1907-millions-fcfa-pour-renforcer-les-initiatives-environnementales-locales\/\" aria-label=\"En savoir plus sur Un financement de 190,7 millions FCFA pour renforcer les initiatives environnementales locales\">Lire la suite<\/a><\/p>\n","protected":false},"author":2,"featured_media":16965,"comment_status":"open","ping_status":"open","sticky":false,"template":"","format":"standard","meta":{"footnotes":""},"categories":[29,25],"tags":[],"class_list":["post-17063","post","type-post","status-publish","format-standard","has-post-thumbnail","hentry","category-societe","category-togo"],"yoast_head":"<!-- This site is optimized with the Yoast SEO plugin v26.4 - https:\/\/yoast.com\/wordpress\/plugins\/seo\/ -->\n<title>Un financement de 190,7 millions FCFA pour renforcer les initiatives environnementales locales - 228 News<\/title>\n<meta name=\"robots\" content=\"index, follow, max-snippet:-1, max-image-preview:large, max-video-preview:-1\" \/>\n<link rel=\"canonical\" href=\"https:\/\/228news.tg\/index.php\/2026\/04\/08\/un-financement-de-1907-millions-fcfa-pour-renforcer-les-initiatives-environnementales-locales\/\" \/>\n<meta property=\"og:locale\" content=\"fr_FR\" \/>\n<meta property=\"og:type\" content=\"article\" \/>\n<meta property=\"og:title\" content=\"Un financement de 190,7 millions FCFA pour renforcer les initiatives environnementales locales - 228 News\" \/>\n<meta property=\"og:description\" content=\"Au Togo, la dynamique de protection de l\u2019environnement b\u00e9n\u00e9ficie l\u2019appui des partenaires. Un accord de financement entre le minist\u00e8re en charge de l\u2019environnement et le Programme des Nations unies pour le d\u00e9veloppement (PNUD) a \u00e9t\u00e9 sign\u00e9e en ce sens. D\u2019un montant global de 190,7 millions de FCFA, cet engagement vise \u00e0 soutenir neuf organisations de ... Lire la suite\" \/>\n<meta property=\"og:url\" content=\"https:\/\/228news.tg\/index.php\/2026\/04\/08\/un-financement-de-1907-millions-fcfa-pour-renforcer-les-initiatives-environnementales-locales\/\" \/>\n<meta property=\"og:site_name\" content=\"228 News\" \/>\n<meta property=\"article:published_time\" content=\"2026-04-08T09:31:32+00:00\" \/>\n<meta property=\"og:image\" content=\"https:\/\/228news.tg\/wp-content\/uploads\/2026\/03\/IMG-20260305-WA0242.jpg\" \/>\n\t<meta property=\"og:image:width\" content=\"500\" \/>\n\t<meta property=\"og:image:height\" content=\"374\" \/>\n\t<meta property=\"og:image:type\" content=\"image\/jpeg\" \/>\n<meta name=\"author\" content=\"Bienvenu SAVI\" \/>\n<meta name=\"twitter:card\" content=\"summary_large_image\" \/>\n<meta name=\"twitter:label1\" content=\"\u00c9crit par\" \/>\n\t<meta name=\"twitter:data1\" content=\"Bienvenu SAVI\" \/>\n\t<meta name=\"twitter:label2\" content=\"Dur\u00e9e de lecture estim\u00e9e\" \/>\n\t<meta name=\"twitter:data2\" content=\"2 minutes\" \/>\n<script type=\"application\/ld+json\" class=\"yoast-schema-graph\">{\"@context\":\"https:\/\/schema.org\",\"@graph\":[{\"@type\":\"Article\",\"@id\":\"https:\/\/228news.tg\/index.php\/2026\/04\/08\/un-financement-de-1907-millions-fcfa-pour-renforcer-les-initiatives-environnementales-locales\/#article\",\"isPartOf\":{\"@id\":\"https:\/\/228news.tg\/index.php\/2026\/04\/08\/un-financement-de-1907-millions-fcfa-pour-renforcer-les-initiatives-environnementales-locales\/\"},\"author\":{\"name\":\"Bienvenu SAVI\",\"@id\":\"https:\/\/228news.tg\/#\/schema\/person\/68d5a6cc0230290e61235c8379523f52\"},\"headline\":\"Un financement de 190,7 millions FCFA pour renforcer les initiatives environnementales locales\",\"datePublished\":\"2026-04-08T09:31:32+00:00\",\"mainEntityOfPage\":{\"@id\":\"https:\/\/228news.tg\/index.php\/2026\/04\/08\/un-financement-de-1907-millions-fcfa-pour-renforcer-les-initiatives-environnementales-locales\/\"},\"wordCount\":386,\"commentCount\":0,\"publisher\":{\"@id\":\"https:\/\/228news.tg\/#organization\"},\"image\":{\"@id\":\"https:\/\/228news.tg\/index.php\/2026\/04\/08\/un-financement-de-1907-millions-fcfa-pour-renforcer-les-initiatives-environnementales-locales\/#primaryimage\"},\"thumbnailUrl\":\"https:\/\/228news.tg\/wp-content\/uploads\/2026\/03\/IMG-20260305-WA0242.jpg\",\"articleSection\":[\"SOCIETE\",\"TOGO\"],\"inLanguage\":\"fr-FR\",\"potentialAction\":[{\"@type\":\"CommentAction\",\"name\":\"Comment\",\"target\":[\"https:\/\/228news.tg\/index.php\/2026\/04\/08\/un-financement-de-1907-millions-fcfa-pour-renforcer-les-initiatives-environnementales-locales\/#respond\"]}]},{\"@type\":\"WebPage\",\"@id\":\"https:\/\/228news.tg\/index.php\/2026\/04\/08\/un-financement-de-1907-millions-fcfa-pour-renforcer-les-initiatives-environnementales-locales\/\",\"url\":\"https:\/\/228news.tg\/index.php\/2026\/04\/08\/un-financement-de-1907-millions-fcfa-pour-renforcer-les-initiatives-environnementales-locales\/\",\"name\":\"Un financement de 190,7 millions FCFA pour renforcer les initiatives environnementales locales - 228 News\",\"isPartOf\":{\"@id\":\"https:\/\/228news.tg\/#website\"},\"primaryImageOfPage\":{\"@id\":\"https:\/\/228news.tg\/index.php\/2026\/04\/08\/un-financement-de-1907-millions-fcfa-pour-renforcer-les-initiatives-environnementales-locales\/#primaryimage\"},\"image\":{\"@id\":\"https:\/\/228news.tg\/index.php\/2026\/04\/08\/un-financement-de-1907-millions-fcfa-pour-renforcer-les-initiatives-environnementales-locales\/#primaryimage\"},\"thumbnailUrl\":\"https:\/\/228news.tg\/wp-content\/uploads\/2026\/03\/IMG-20260305-WA0242.jpg\",\"datePublished\":\"2026-04-08T09:31:32+00:00\",\"breadcrumb\":{\"@id\":\"https:\/\/228news.tg\/index.php\/2026\/04\/08\/un-financement-de-1907-millions-fcfa-pour-renforcer-les-initiatives-environnementales-locales\/#breadcrumb\"},\"inLanguage\":\"fr-FR\",\"potentialAction\":[{\"@type\":\"ReadAction\",\"target\":[\"https:\/\/228news.tg\/index.php\/2026\/04\/08\/un-financement-de-1907-millions-fcfa-pour-renforcer-les-initiatives-environnementales-locales\/\"]}]},{\"@type\":\"ImageObject\",\"inLanguage\":\"fr-FR\",\"@id\":\"https:\/\/228news.tg\/index.php\/2026\/04\/08\/un-financement-de-1907-millions-fcfa-pour-renforcer-les-initiatives-environnementales-locales\/#primaryimage\",\"url\":\"https:\/\/228news.tg\/wp-content\/uploads\/2026\/03\/IMG-20260305-WA0242.jpg\",\"contentUrl\":\"https:\/\/228news.tg\/wp-content\/uploads\/2026\/03\/IMG-20260305-WA0242.jpg\",\"width\":500,\"height\":374},{\"@type\":\"BreadcrumbList\",\"@id\":\"https:\/\/228news.tg\/index.php\/2026\/04\/08\/un-financement-de-1907-millions-fcfa-pour-renforcer-les-initiatives-environnementales-locales\/#breadcrumb\",\"itemListElement\":[{\"@type\":\"ListItem\",\"position\":1,\"name\":\"Home\",\"item\":\"https:\/\/228news.tg\/\"},{\"@type\":\"ListItem\",\"position\":2,\"name\":\"Un financement de 190,7 millions FCFA pour renforcer les initiatives environnementales locales\"}]},{\"@type\":\"WebSite\",\"@id\":\"https:\/\/228news.tg\/#website\",\"url\":\"https:\/\/228news.tg\/\",\"name\":\"228 News\",\"description\":\"Soci\u00e9t\u00e9 de m\u00e9dias et d\u2019actualit\u00e9s\",\"publisher\":{\"@id\":\"https:\/\/228news.tg\/#organization\"},\"potentialAction\":[{\"@type\":\"SearchAction\",\"target\":{\"@type\":\"EntryPoint\",\"urlTemplate\":\"https:\/\/228news.tg\/?s={search_term_string}\"},\"query-input\":{\"@type\":\"PropertyValueSpecification\",\"valueRequired\":true,\"valueName\":\"search_term_string\"}}],\"inLanguage\":\"fr-FR\"},{\"@type\":\"Organization\",\"@id\":\"https:\/\/228news.tg\/#organization\",\"name\":\"228 News\",\"url\":\"https:\/\/228news.tg\/\",\"logo\":{\"@type\":\"ImageObject\",\"inLanguage\":\"fr-FR\",\"@id\":\"https:\/\/228news.tg\/#\/schema\/logo\/image\/\",\"url\":\"https:\/\/228news.tg\/wp-content\/uploads\/2024\/09\/logonew.png\",\"contentUrl\":\"https:\/\/228news.tg\/wp-content\/uploads\/2024\/09\/logonew.png\",\"width\":1640,\"height\":364,\"caption\":\"228 News\"},\"image\":{\"@id\":\"https:\/\/228news.tg\/#\/schema\/logo\/image\/\"}},{\"@type\":\"Person\",\"@id\":\"https:\/\/228news.tg\/#\/schema\/person\/68d5a6cc0230290e61235c8379523f52\",\"name\":\"Bienvenu SAVI\",\"image\":{\"@type\":\"ImageObject\",\"inLanguage\":\"fr-FR\",\"@id\":\"https:\/\/228news.tg\/#\/schema\/person\/image\/\",\"url\":\"https:\/\/secure.gravatar.com\/avatar\/9db91895c559e510509c33a3e9683998458e9b828fac36d5d1aa23f0f2fd369b?s=96&d=mm&r=g\",\"contentUrl\":\"https:\/\/secure.gravatar.com\/avatar\/9db91895c559e510509c33a3e9683998458e9b828fac36d5d1aa23f0f2fd369b?s=96&d=mm&r=g\",\"caption\":\"Bienvenu SAVI\"},\"url\":\"https:\/\/228news.tg\/index.php\/author\/bienvenu\/\"}]}<\/script>\n<!-- \/ Yoast SEO plugin. -->","yoast_head_json":{"title":"Un financement de 190,7 millions FCFA pour renforcer les initiatives environnementales locales - 228 News","robots":{"index":"index","follow":"follow","max-snippet":"max-snippet:-1","max-image-preview":"max-image-preview:large","max-video-preview":"max-video-preview:-1"},"canonical":"https:\/\/228news.tg\/index.php\/2026\/04\/08\/un-financement-de-1907-millions-fcfa-pour-renforcer-les-initiatives-environnementales-locales\/","og_locale":"fr_FR","og_type":"article","og_title":"Un financement de 190,7 millions FCFA pour renforcer les initiatives environnementales locales - 228 News","og_description":"Au Togo, la dynamique de protection de l\u2019environnement b\u00e9n\u00e9ficie l\u2019appui des partenaires. Un accord de financement entre le minist\u00e8re en charge de l\u2019environnement et le Programme des Nations unies pour le d\u00e9veloppement (PNUD) a \u00e9t\u00e9 sign\u00e9e en ce sens. D\u2019un montant global de 190,7 millions de FCFA, cet engagement vise \u00e0 soutenir neuf organisations de ... Lire la suite","og_url":"https:\/\/228news.tg\/index.php\/2026\/04\/08\/un-financement-de-1907-millions-fcfa-pour-renforcer-les-initiatives-environnementales-locales\/","og_site_name":"228 News","article_published_time":"2026-04-08T09:31:32+00:00","og_image":[{"width":500,"height":374,"url":"https:\/\/228news.tg\/wp-content\/uploads\/2026\/03\/IMG-20260305-WA0242.jpg","type":"image\/jpeg"}],"author":"Bienvenu SAVI","twitter_card":"summary_large_image","twitter_misc":{"\u00c9crit par":"Bienvenu SAVI","Dur\u00e9e de lecture estim\u00e9e":"2 minutes"},"schema":{"@context":"https:\/\/schema.org","@graph":[{"@type":"Article","@id":"https:\/\/228news.tg\/index.php\/2026\/04\/08\/un-financement-de-1907-millions-fcfa-pour-renforcer-les-initiatives-environnementales-locales\/#article","isPartOf":{"@id":"https:\/\/228news.tg\/index.php\/2026\/04\/08\/un-financement-de-1907-millions-fcfa-pour-renforcer-les-initiatives-environnementales-locales\/"},"author":{"name":"Bienvenu SAVI","@id":"https:\/\/228news.tg\/#\/schema\/person\/68d5a6cc0230290e61235c8379523f52"},"headline":"Un financement de 190,7 millions FCFA pour renforcer les initiatives environnementales locales","datePublished":"2026-04-08T09:31:32+00:00","mainEntityOfPage":{"@id":"https:\/\/228news.tg\/index.php\/2026\/04\/08\/un-financement-de-1907-millions-fcfa-pour-renforcer-les-initiatives-environnementales-locales\/"},"wordCount":386,"commentCount":0,"publisher":{"@id":"https:\/\/228news.tg\/#organization"},"image":{"@id":"https:\/\/228news.tg\/index.php\/2026\/04\/08\/un-financement-de-1907-millions-fcfa-pour-renforcer-les-initiatives-environnementales-locales\/#primaryimage"},"thumbnailUrl":"https:\/\/228news.tg\/wp-content\/uploads\/2026\/03\/IMG-20260305-WA0242.jpg","articleSection":["SOCIETE","TOGO"],"inLanguage":"fr-FR","potentialAction":[{"@type":"CommentAction","name":"Comment","target":["https:\/\/228news.tg\/index.php\/2026\/04\/08\/un-financement-de-1907-millions-fcfa-pour-renforcer-les-initiatives-environnementales-locales\/#respond"]}]},{"@type":"WebPage","@id":"https:\/\/228news.tg\/index.php\/2026\/04\/08\/un-financement-de-1907-millions-fcfa-pour-renforcer-les-initiatives-environnementales-locales\/","url":"https:\/\/228news.tg\/index.php\/2026\/04\/08\/un-financement-de-1907-millions-fcfa-pour-renforcer-les-initiatives-environnementales-locales\/","name":"Un financement de 190,7 millions FCFA pour renforcer les initiatives environnementales locales - 228 News","isPartOf":{"@id":"https:\/\/228news.tg\/#website"},"primaryImageOfPage":{"@id":"https:\/\/228news.tg\/index.php\/2026\/04\/08\/un-financement-de-1907-millions-fcfa-pour-renforcer-les-initiatives-environnementales-locales\/#primaryimage"},"image":{"@id":"https:\/\/228news.tg\/index.php\/2026\/04\/08\/un-financement-de-1907-millions-fcfa-pour-renforcer-les-initiatives-environnementales-locales\/#primaryimage"},"thumbnailUrl":"https:\/\/228news.tg\/wp-content\/uploads\/2026\/03\/IMG-20260305-WA0242.jpg","datePublished":"2026-04-08T09:31:32+00:00","breadcrumb":{"@id":"https:\/\/228news.tg\/index.php\/2026\/04\/08\/un-financement-de-1907-millions-fcfa-pour-renforcer-les-initiatives-environnementales-locales\/#breadcrumb"},"inLanguage":"fr-FR","potentialAction":[{"@type":"ReadAction","target":["https:\/\/228news.tg\/index.php\/2026\/04\/08\/un-financement-de-1907-millions-fcfa-pour-renforcer-les-initiatives-environnementales-locales\/"]}]},{"@type":"ImageObject","inLanguage":"fr-FR","@id":"https:\/\/228news.tg\/index.php\/2026\/04\/08\/un-financement-de-1907-millions-fcfa-pour-renforcer-les-initiatives-environnementales-locales\/#primaryimage","url":"https:\/\/228news.tg\/wp-content\/uploads\/2026\/03\/IMG-20260305-WA0242.jpg","contentUrl":"https:\/\/228news.tg\/wp-content\/uploads\/2026\/03\/IMG-20260305-WA0242.jpg","width":500,"height":374},{"@type":"BreadcrumbList","@id":"https:\/\/228news.tg\/index.php\/2026\/04\/08\/un-financement-de-1907-millions-fcfa-pour-renforcer-les-initiatives-environnementales-locales\/#breadcrumb","itemListElement":[{"@type":"ListItem","position":1,"name":"Home","item":"https:\/\/228news.tg\/"},{"@type":"ListItem","position":2,"name":"Un financement de 190,7 millions FCFA pour renforcer les initiatives environnementales locales"}]},{"@type":"WebSite","@id":"https:\/\/228news.tg\/#website","url":"https:\/\/228news.tg\/","name":"228 News","description":"Soci\u00e9t\u00e9 de m\u00e9dias et d\u2019actualit\u00e9s","publisher":{"@id":"https:\/\/228news.tg\/#organization"},"potentialAction":[{"@type":"SearchAction","target":{"@type":"EntryPoint","urlTemplate":"https:\/\/228news.tg\/?s={search_term_string}"},"query-input":{"@type":"PropertyValueSpecification","valueRequired":true,"valueName":"search_term_string"}}],"inLanguage":"fr-FR"},{"@type":"Organization","@id":"https:\/\/228news.tg\/#organization","name":"228 News","url":"https:\/\/228news.tg\/","logo":{"@type":"ImageObject","inLanguage":"fr-FR","@id":"https:\/\/228news.tg\/#\/schema\/logo\/image\/","url":"https:\/\/228news.tg\/wp-content\/uploads\/2024\/09\/logonew.png","contentUrl":"https:\/\/228news.tg\/wp-content\/uploads\/2024\/09\/logonew.png","width":1640,"height":364,"caption":"228 News"},"image":{"@id":"https:\/\/228news.tg\/#\/schema\/logo\/image\/"}},{"@type":"Person","@id":"https:\/\/228news.tg\/#\/schema\/person\/68d5a6cc0230290e61235c8379523f52","name":"Bienvenu SAVI","image":{"@type":"ImageObject","inLanguage":"fr-FR","@id":"https:\/\/228news.tg\/#\/schema\/person\/image\/","url":"https:\/\/secure.gravatar.com\/avatar\/9db91895c559e510509c33a3e9683998458e9b828fac36d5d1aa23f0f2fd369b?s=96&d=mm&r=g","contentUrl":"https:\/\/secure.gravatar.com\/avatar\/9db91895c559e510509c33a3e9683998458e9b828fac36d5d1aa23f0f2fd369b?s=96&d=mm&r=g","caption":"Bienvenu SAVI"},"url":"https:\/\/228news.tg\/index.php\/author\/bienvenu\/"}]}},"jetpack_featured_media_url":"https:\/\/228news.tg\/wp-content\/uploads\/2026\/03\/IMG-20260305-WA0242.jpg","_links":{"self":[{"href":"https:\/\/228news.tg\/index.php\/wp-json\/wp\/v2\/posts\/17063","targetHints":{"allow":["GET"]}}],"collection":[{"href":"https:\/\/228news.tg\/index.php\/wp-json\/wp\/v2\/posts"}],"about":[{"href":"https:\/\/228news.tg\/index.php\/wp-json\/wp\/v2\/types\/post"}],"author":[{"embeddable":true,"href":"https:\/\/228news.tg\/index.php\/wp-json\/wp\/v2\/users\/2"}],"replies":[{"embeddable":true,"href":"https:\/\/228news.tg\/index.php\/wp-json\/wp\/v2\/comments?post=17063"}],"version-history":[{"count":1,"href":"https:\/\/228news.tg\/index.php\/wp-json\/wp\/v2\/posts\/17063\/revisions"}],"predecessor-version":[{"id":17064,"href":"https:\/\/228news.tg\/index.php\/wp-json\/wp\/v2\/posts\/17063\/revisions\/17064"}],"wp:featuredmedia":[{"embeddable":true,"href":"https:\/\/228news.tg\/index.php\/wp-json\/wp\/v2\/media\/16965"}],"wp:attachment":[{"href":"https:\/\/228news.tg\/index.php\/wp-json\/wp\/v2\/media?parent=17063"}],"wp:term":[{"taxonomy":"category","embeddable":true,"href":"https:\/\/228news.tg\/index.php\/wp-json\/wp\/v2\/categories?post=17063"},{"taxonomy":"post_tag","embeddable":true,"href":"https:\/\/228news.tg\/index.php\/wp-json\/wp\/v2\/tags?post=17063"}],"curies":[{"name":"wp","href":"https:\/\/api.w.org\/{rel}","templated":true}]}}