{"id":17048,"date":"2026-04-05T18:50:52","date_gmt":"2026-04-05T18:50:52","guid":{"rendered":"https:\/\/228news.tg\/?p=17048"},"modified":"2026-04-05T18:50:52","modified_gmt":"2026-04-05T18:50:52","slug":"lome-sous-les-eaux-des-les-premieres-pluies-les-autorites-aux-abonnes-absents","status":"publish","type":"post","link":"https:\/\/228news.tg\/index.php\/2026\/04\/05\/lome-sous-les-eaux-des-les-premieres-pluies-les-autorites-aux-abonnes-absents\/","title":{"rendered":"Lom\u00e9 sous les eaux d\u00e8s les premi\u00e8res pluies, les autorit\u00e9s aux abonn\u00e9s absents"},"content":{"rendered":"<p>\u00c0 peine entam\u00e9e, la saison des pluies plonge d\u00e9j\u00e0 Lom\u00e9 dans une situation pr\u00e9occupante. Plusieurs quartiers de la capitale togolaise, ainsi que certaines banlieues, se retrouvent d\u00e9j\u00e0 envahis par les eaux et sont bascul\u00e9s en zone rouge apr\u00e8s seulement quelques averses.<\/p>\n<p><img fetchpriority=\"high\" decoding=\"async\" class=\"alignnone size-medium wp-image-17049\" src=\"https:\/\/228news.tg\/wp-content\/uploads\/2026\/04\/IMG-20260402-WA0182-300x222.jpg\" alt=\"\" width=\"300\" height=\"222\" srcset=\"https:\/\/228news.tg\/wp-content\/uploads\/2026\/04\/IMG-20260402-WA0182-300x222.jpg 300w, https:\/\/228news.tg\/wp-content\/uploads\/2026\/04\/IMG-20260402-WA0182-1024x758.jpg 1024w, https:\/\/228news.tg\/wp-content\/uploads\/2026\/04\/IMG-20260402-WA0182-768x568.jpg 768w, https:\/\/228news.tg\/wp-content\/uploads\/2026\/04\/IMG-20260402-WA0182.jpg 1080w\" sizes=\"(max-width: 300px) 100vw, 300px\" \/><\/p>\n<p>Aux probables maladies s\u2019ajoute un drame humain d\u00e9j\u00e0 enregistr\u00e9 : le d\u00e9c\u00e8s tragique, \u00e0 Noukafou, d\u2019un enfant de trois ans sous l\u2019eau. Une r\u00e9union d\u2019urgence qui rassemble les maires autour du ministre en charge de l\u2019administration du territoire r\u00e9v\u00e8le des limites du plan d\u2019urgence mis en place pour g\u00e9rer les cas d\u2019inondation. Ce qui prouve pour une fois encore, l\u2019\u00c9ternel r\u00f4le de m\u00e9decin apr\u00e8s la mort des autorit\u00e9s.<\/p>\n<p><strong>Une vuln\u00e9rabilit\u00e9 structurelle qui ne finit jamais<\/strong><\/p>\n<p>Chaque ann\u00e9e, ou presque, Lom\u00e9 revit le m\u00eame sc\u00e9nario. Les pluies, pourtant pr\u00e9visibles et annonc\u00e9es par les services de m\u00e9t\u00e9orologie, suffisent \u00e0 paralyser la ville. Routes impraticables, habitations inond\u00e9es, populations sinistr\u00e9es : les images se r\u00e9p\u00e8tent toujours sans solutions durables. Cette vuln\u00e9rabilit\u00e9 n\u2019est pas uniquement li\u00e9e \u00e0 l\u2019intensit\u00e9 des pr\u00e9cipitations, mais r\u00e9v\u00e8le surtout des failles structurelles profondes dans l\u2019am\u00e9nagement urbain et la gestion des eaux pluviales. L\u2019heure de situer les responsabilit\u00e9s.<\/p>\n<p><img decoding=\"async\" class=\"alignnone size-medium wp-image-17050\" src=\"https:\/\/228news.tg\/wp-content\/uploads\/2026\/04\/IMG-20260404-WA0187-300x225.jpg\" alt=\"\" width=\"300\" height=\"225\" srcset=\"https:\/\/228news.tg\/wp-content\/uploads\/2026\/04\/IMG-20260404-WA0187-300x225.jpg 300w, https:\/\/228news.tg\/wp-content\/uploads\/2026\/04\/IMG-20260404-WA0187-1024x768.jpg 1024w, https:\/\/228news.tg\/wp-content\/uploads\/2026\/04\/IMG-20260404-WA0187-768x576.jpg 768w, https:\/\/228news.tg\/wp-content\/uploads\/2026\/04\/IMG-20260404-WA0187.jpg 1280w\" sizes=\"(max-width: 300px) 100vw, 300px\" \/><\/p>\n<p><strong>Une responsabilit\u00e9 partag\u00e9e<\/strong><\/p>\n<p>Les responsabilit\u00e9s sont multiples et partag\u00e9es face \u00e0 la situation.<\/p>\n<p>D\u2019un c\u00f4t\u00e9, l\u2019incivisme d\u2019une partie de la population aggrave consid\u00e9rablement la situation. Les caniveaux, cens\u00e9s faciliter l\u2019\u00e9vacuation des eaux, sont souvent obstru\u00e9s par des d\u00e9chets m\u00e9nagers, \u0153uvres des citoyens. Plastiques, sachets, d\u00e9tritus en tout genre s\u2019y accumulent et emp\u00eachent l\u2019\u00e9coulement normal des eaux de pluie. R\u00e9sultat : \u00e0 la moindre pluie, l\u2019eau stagne et d\u00e9borde, envahissant rues et concessions.<\/p>\n<p><img decoding=\"async\" class=\"alignnone size-medium wp-image-17051\" src=\"https:\/\/228news.tg\/wp-content\/uploads\/2026\/04\/IMG-20260404-WA0187-1-300x225.jpg\" alt=\"\" width=\"300\" height=\"225\" srcset=\"https:\/\/228news.tg\/wp-content\/uploads\/2026\/04\/IMG-20260404-WA0187-1-300x225.jpg 300w, https:\/\/228news.tg\/wp-content\/uploads\/2026\/04\/IMG-20260404-WA0187-1-1024x768.jpg 1024w, https:\/\/228news.tg\/wp-content\/uploads\/2026\/04\/IMG-20260404-WA0187-1-768x576.jpg 768w, https:\/\/228news.tg\/wp-content\/uploads\/2026\/04\/IMG-20260404-WA0187-1.jpg 1280w\" sizes=\"(max-width: 300px) 100vw, 300px\" \/><\/p>\n<p>De l\u2019autre c\u00f4t\u00e9, la responsabilit\u00e9 des autorit\u00e9s est \u00e9tablie. Le laisser-aller dans l\u2019urbanisation, notamment l\u2019autorisation implicite ou explicite de constructions dans les zones inondables et les bas-fonds, expose des milliers de foyers \u00e0 des risques permanents d\u2019inondation. L\u2019absence de contr\u00f4le rigoureux et de planification urbaine coh\u00e9rente contribue \u00e0 accentuer la fragilit\u00e9 de certains quartiers et zones de la capitale.<\/p>\n<p><strong>Des am\u00e9nagements aux effets pervers<\/strong><\/p>\n<p>Paradoxalement, certaines infrastructures cens\u00e9es r\u00e9soudre le probl\u00e8me semblent parfois l\u2019aggraver. La construction de certaines infrastructures mal adapt\u00e9es modifie les circuits naturels d\u2019\u00e9coulement des eaux, redirigeant les flux vers des zones habit\u00e9es. De m\u00eame, certains bassins de r\u00e9tention, mal dimensionn\u00e9s ou insuffisamment entretenus, finissent par devenir des sources d\u2019inondation plut\u00f4t que des solutions. Ces choix techniques, souvent r\u00e9alis\u00e9s sans une \u00e9tude approfondie de l\u2019impact environnemental et hydraulique, cr\u00e9ent des d\u00e9s\u00e9quilibres qui se r\u00e9percutent directement sur les populations.<\/p>\n<p><img loading=\"lazy\" decoding=\"async\" class=\"alignnone size-medium wp-image-17052\" src=\"https:\/\/228news.tg\/wp-content\/uploads\/2026\/04\/IMG-20260404-WA0185-300x225.jpg\" alt=\"\" width=\"300\" height=\"225\" srcset=\"https:\/\/228news.tg\/wp-content\/uploads\/2026\/04\/IMG-20260404-WA0185-300x225.jpg 300w, https:\/\/228news.tg\/wp-content\/uploads\/2026\/04\/IMG-20260404-WA0185-1024x768.jpg 1024w, https:\/\/228news.tg\/wp-content\/uploads\/2026\/04\/IMG-20260404-WA0185-768x576.jpg 768w, https:\/\/228news.tg\/wp-content\/uploads\/2026\/04\/IMG-20260404-WA0185.jpg 1280w\" sizes=\"(max-width: 300px) 100vw, 300px\" \/><\/p>\n<p><strong>Repenser l\u2019urgence et agir durablement<\/strong><\/p>\n<p>Au lieu de repenser durablement \u00e0 l\u2019urbanisation de la ville, les autorit\u00e9s sont toujours dans le r\u00f4le de m\u00e9decin apr\u00e8s la mort. Alors que l\u2019ANAMET (direction de la m\u00e9t\u00e9orologie) avait annonc\u00e9 depuis plusieurs semaines les fortes pluies avec exc\u00e9dents, les autorit\u00e9s \u00e9taient plut\u00f4t attentistes. Elles ne se sont r\u00e9veill\u00e9es que suite aux fortes pluies des 28 et 29 mars dans le Grand Lom\u00e9. Awad\u00e9 Hodabalo, ministre de l\u2019administration territoriale, a en effet r\u00e9uni, ce 1er avril, les maires, pr\u00e9fets et acteurs techniques pour \u00e9valuer le dispositif de gestion des inondations. Des insuffisances ont \u00e9t\u00e9 relev\u00e9es dans la coordination et la circulation de l\u2019information, \u00e0 en croire le ministre. \u00ab Nous devons faire mieux \u00bb, indique-t-il. Tout en saluant l\u2019engagement des forces de s\u00e9curit\u00e9, de l\u2019ANPC et des services m\u00e9t\u00e9orologiques, il a exhort\u00e9 \u00e0 une r\u00e9ponse plus rapide et mieux coordonn\u00e9e.<\/p>\n<p>Si les \u00e9changes ont permis de faire le point des interventions, ils ont \u00e9galement \u00e9t\u00e9 l\u2019occasion de relever la vuln\u00e9rabilit\u00e9 de certaines zones et d\u2019insister sur les d\u00e9fis li\u00e9s \u00e0 l\u2019urbanisation non ma\u00eetris\u00e9e.<\/p>\n<p>Plusieurs quartiers et endroits de la ville demeurent sous l\u2019eau, avec toutes les cons\u00e9quences pour les populations.<\/p>\n<p>Ces r\u00e9unions ne pourront rien apporter de concret si le plan directeur du Grand Lom\u00e9 et de sa forte expansion d\u2019urbanisation n\u2019est pas durablement repens\u00e9s.<\/p>\n<p>Priska<\/p>\n<p>&nbsp;<\/p>\n<p>&nbsp;<\/p>\n<p>&nbsp;<\/p>\n","protected":false},"excerpt":{"rendered":"<p>\u00c0 peine entam\u00e9e, la saison des pluies plonge d\u00e9j\u00e0 Lom\u00e9 dans une situation pr\u00e9occupante. Plusieurs quartiers de la capitale togolaise, ainsi que certaines banlieues, se retrouvent d\u00e9j\u00e0 envahis par les eaux et sont bascul\u00e9s en zone rouge apr\u00e8s seulement quelques averses. Aux probables maladies s\u2019ajoute un drame humain d\u00e9j\u00e0 enregistr\u00e9 : le d\u00e9c\u00e8s tragique, \u00e0 &#8230; <a title=\"Lom\u00e9 sous les eaux d\u00e8s les premi\u00e8res pluies, les autorit\u00e9s aux abonn\u00e9s absents\" class=\"read-more\" href=\"https:\/\/228news.tg\/index.php\/2026\/04\/05\/lome-sous-les-eaux-des-les-premieres-pluies-les-autorites-aux-abonnes-absents\/\" aria-label=\"En savoir plus sur Lom\u00e9 sous les eaux d\u00e8s les premi\u00e8res pluies, les autorit\u00e9s aux abonn\u00e9s absents\">Lire la suite<\/a><\/p>\n","protected":false},"author":2,"featured_media":17053,"comment_status":"open","ping_status":"open","sticky":false,"template":"","format":"standard","meta":{"footnotes":""},"categories":[29,25],"tags":[],"class_list":["post-17048","post","type-post","status-publish","format-standard","has-post-thumbnail","hentry","category-societe","category-togo"],"yoast_head":"<!-- This site is optimized with the Yoast SEO plugin v26.4 - https:\/\/yoast.com\/wordpress\/plugins\/seo\/ -->\n<title>Lom\u00e9 sous les eaux d\u00e8s les premi\u00e8res pluies, les autorit\u00e9s aux abonn\u00e9s absents - 228 News<\/title>\n<meta name=\"robots\" content=\"index, follow, max-snippet:-1, max-image-preview:large, max-video-preview:-1\" \/>\n<link rel=\"canonical\" href=\"https:\/\/228news.tg\/index.php\/2026\/04\/05\/lome-sous-les-eaux-des-les-premieres-pluies-les-autorites-aux-abonnes-absents\/\" \/>\n<meta property=\"og:locale\" content=\"fr_FR\" \/>\n<meta property=\"og:type\" content=\"article\" \/>\n<meta property=\"og:title\" content=\"Lom\u00e9 sous les eaux d\u00e8s les premi\u00e8res pluies, les autorit\u00e9s aux abonn\u00e9s absents - 228 News\" \/>\n<meta property=\"og:description\" content=\"\u00c0 peine entam\u00e9e, la saison des pluies plonge d\u00e9j\u00e0 Lom\u00e9 dans une situation pr\u00e9occupante. Plusieurs quartiers de la capitale togolaise, ainsi que certaines banlieues, se retrouvent d\u00e9j\u00e0 envahis par les eaux et sont bascul\u00e9s en zone rouge apr\u00e8s seulement quelques averses. Aux probables maladies s\u2019ajoute un drame humain d\u00e9j\u00e0 enregistr\u00e9 : le d\u00e9c\u00e8s tragique, \u00e0 ... Lire la suite\" \/>\n<meta property=\"og:url\" content=\"https:\/\/228news.tg\/index.php\/2026\/04\/05\/lome-sous-les-eaux-des-les-premieres-pluies-les-autorites-aux-abonnes-absents\/\" \/>\n<meta property=\"og:site_name\" content=\"228 News\" \/>\n<meta property=\"article:published_time\" content=\"2026-04-05T18:50:52+00:00\" \/>\n<meta property=\"og:image\" content=\"https:\/\/228news.tg\/wp-content\/uploads\/2026\/04\/IMG-20260402-WA0181.jpg\" \/>\n\t<meta property=\"og:image:width\" content=\"1080\" \/>\n\t<meta property=\"og:image:height\" content=\"753\" \/>\n\t<meta property=\"og:image:type\" content=\"image\/jpeg\" \/>\n<meta name=\"author\" content=\"Bienvenu SAVI\" \/>\n<meta name=\"twitter:card\" content=\"summary_large_image\" \/>\n<meta name=\"twitter:label1\" content=\"\u00c9crit par\" \/>\n\t<meta name=\"twitter:data1\" content=\"Bienvenu SAVI\" \/>\n\t<meta name=\"twitter:label2\" content=\"Dur\u00e9e de lecture estim\u00e9e\" \/>\n\t<meta name=\"twitter:data2\" content=\"5 minutes\" \/>\n<script type=\"application\/ld+json\" class=\"yoast-schema-graph\">{\"@context\":\"https:\/\/schema.org\",\"@graph\":[{\"@type\":\"Article\",\"@id\":\"https:\/\/228news.tg\/index.php\/2026\/04\/05\/lome-sous-les-eaux-des-les-premieres-pluies-les-autorites-aux-abonnes-absents\/#article\",\"isPartOf\":{\"@id\":\"https:\/\/228news.tg\/index.php\/2026\/04\/05\/lome-sous-les-eaux-des-les-premieres-pluies-les-autorites-aux-abonnes-absents\/\"},\"author\":{\"name\":\"Bienvenu SAVI\",\"@id\":\"https:\/\/228news.tg\/#\/schema\/person\/68d5a6cc0230290e61235c8379523f52\"},\"headline\":\"Lom\u00e9 sous les eaux d\u00e8s les premi\u00e8res pluies, les autorit\u00e9s aux abonn\u00e9s absents\",\"datePublished\":\"2026-04-05T18:50:52+00:00\",\"mainEntityOfPage\":{\"@id\":\"https:\/\/228news.tg\/index.php\/2026\/04\/05\/lome-sous-les-eaux-des-les-premieres-pluies-les-autorites-aux-abonnes-absents\/\"},\"wordCount\":758,\"commentCount\":0,\"publisher\":{\"@id\":\"https:\/\/228news.tg\/#organization\"},\"image\":{\"@id\":\"https:\/\/228news.tg\/index.php\/2026\/04\/05\/lome-sous-les-eaux-des-les-premieres-pluies-les-autorites-aux-abonnes-absents\/#primaryimage\"},\"thumbnailUrl\":\"https:\/\/228news.tg\/wp-content\/uploads\/2026\/04\/IMG-20260402-WA0181.jpg\",\"articleSection\":[\"SOCIETE\",\"TOGO\"],\"inLanguage\":\"fr-FR\",\"potentialAction\":[{\"@type\":\"CommentAction\",\"name\":\"Comment\",\"target\":[\"https:\/\/228news.tg\/index.php\/2026\/04\/05\/lome-sous-les-eaux-des-les-premieres-pluies-les-autorites-aux-abonnes-absents\/#respond\"]}]},{\"@type\":\"WebPage\",\"@id\":\"https:\/\/228news.tg\/index.php\/2026\/04\/05\/lome-sous-les-eaux-des-les-premieres-pluies-les-autorites-aux-abonnes-absents\/\",\"url\":\"https:\/\/228news.tg\/index.php\/2026\/04\/05\/lome-sous-les-eaux-des-les-premieres-pluies-les-autorites-aux-abonnes-absents\/\",\"name\":\"Lom\u00e9 sous les eaux d\u00e8s les premi\u00e8res pluies, les autorit\u00e9s aux abonn\u00e9s absents - 228 News\",\"isPartOf\":{\"@id\":\"https:\/\/228news.tg\/#website\"},\"primaryImageOfPage\":{\"@id\":\"https:\/\/228news.tg\/index.php\/2026\/04\/05\/lome-sous-les-eaux-des-les-premieres-pluies-les-autorites-aux-abonnes-absents\/#primaryimage\"},\"image\":{\"@id\":\"https:\/\/228news.tg\/index.php\/2026\/04\/05\/lome-sous-les-eaux-des-les-premieres-pluies-les-autorites-aux-abonnes-absents\/#primaryimage\"},\"thumbnailUrl\":\"https:\/\/228news.tg\/wp-content\/uploads\/2026\/04\/IMG-20260402-WA0181.jpg\",\"datePublished\":\"2026-04-05T18:50:52+00:00\",\"breadcrumb\":{\"@id\":\"https:\/\/228news.tg\/index.php\/2026\/04\/05\/lome-sous-les-eaux-des-les-premieres-pluies-les-autorites-aux-abonnes-absents\/#breadcrumb\"},\"inLanguage\":\"fr-FR\",\"potentialAction\":[{\"@type\":\"ReadAction\",\"target\":[\"https:\/\/228news.tg\/index.php\/2026\/04\/05\/lome-sous-les-eaux-des-les-premieres-pluies-les-autorites-aux-abonnes-absents\/\"]}]},{\"@type\":\"ImageObject\",\"inLanguage\":\"fr-FR\",\"@id\":\"https:\/\/228news.tg\/index.php\/2026\/04\/05\/lome-sous-les-eaux-des-les-premieres-pluies-les-autorites-aux-abonnes-absents\/#primaryimage\",\"url\":\"https:\/\/228news.tg\/wp-content\/uploads\/2026\/04\/IMG-20260402-WA0181.jpg\",\"contentUrl\":\"https:\/\/228news.tg\/wp-content\/uploads\/2026\/04\/IMG-20260402-WA0181.jpg\",\"width\":1080,\"height\":753},{\"@type\":\"BreadcrumbList\",\"@id\":\"https:\/\/228news.tg\/index.php\/2026\/04\/05\/lome-sous-les-eaux-des-les-premieres-pluies-les-autorites-aux-abonnes-absents\/#breadcrumb\",\"itemListElement\":[{\"@type\":\"ListItem\",\"position\":1,\"name\":\"Home\",\"item\":\"https:\/\/228news.tg\/\"},{\"@type\":\"ListItem\",\"position\":2,\"name\":\"Lom\u00e9 sous les eaux d\u00e8s les premi\u00e8res pluies, les autorit\u00e9s aux abonn\u00e9s absents\"}]},{\"@type\":\"WebSite\",\"@id\":\"https:\/\/228news.tg\/#website\",\"url\":\"https:\/\/228news.tg\/\",\"name\":\"228 News\",\"description\":\"Soci\u00e9t\u00e9 de m\u00e9dias et d\u2019actualit\u00e9s\",\"publisher\":{\"@id\":\"https:\/\/228news.tg\/#organization\"},\"potentialAction\":[{\"@type\":\"SearchAction\",\"target\":{\"@type\":\"EntryPoint\",\"urlTemplate\":\"https:\/\/228news.tg\/?s={search_term_string}\"},\"query-input\":{\"@type\":\"PropertyValueSpecification\",\"valueRequired\":true,\"valueName\":\"search_term_string\"}}],\"inLanguage\":\"fr-FR\"},{\"@type\":\"Organization\",\"@id\":\"https:\/\/228news.tg\/#organization\",\"name\":\"228 News\",\"url\":\"https:\/\/228news.tg\/\",\"logo\":{\"@type\":\"ImageObject\",\"inLanguage\":\"fr-FR\",\"@id\":\"https:\/\/228news.tg\/#\/schema\/logo\/image\/\",\"url\":\"https:\/\/228news.tg\/wp-content\/uploads\/2024\/09\/logonew.png\",\"contentUrl\":\"https:\/\/228news.tg\/wp-content\/uploads\/2024\/09\/logonew.png\",\"width\":1640,\"height\":364,\"caption\":\"228 News\"},\"image\":{\"@id\":\"https:\/\/228news.tg\/#\/schema\/logo\/image\/\"}},{\"@type\":\"Person\",\"@id\":\"https:\/\/228news.tg\/#\/schema\/person\/68d5a6cc0230290e61235c8379523f52\",\"name\":\"Bienvenu SAVI\",\"image\":{\"@type\":\"ImageObject\",\"inLanguage\":\"fr-FR\",\"@id\":\"https:\/\/228news.tg\/#\/schema\/person\/image\/\",\"url\":\"https:\/\/secure.gravatar.com\/avatar\/9db91895c559e510509c33a3e9683998458e9b828fac36d5d1aa23f0f2fd369b?s=96&d=mm&r=g\",\"contentUrl\":\"https:\/\/secure.gravatar.com\/avatar\/9db91895c559e510509c33a3e9683998458e9b828fac36d5d1aa23f0f2fd369b?s=96&d=mm&r=g\",\"caption\":\"Bienvenu SAVI\"},\"url\":\"https:\/\/228news.tg\/index.php\/author\/bienvenu\/\"}]}<\/script>\n<!-- \/ Yoast SEO plugin. -->","yoast_head_json":{"title":"Lom\u00e9 sous les eaux d\u00e8s les premi\u00e8res pluies, les autorit\u00e9s aux abonn\u00e9s absents - 228 News","robots":{"index":"index","follow":"follow","max-snippet":"max-snippet:-1","max-image-preview":"max-image-preview:large","max-video-preview":"max-video-preview:-1"},"canonical":"https:\/\/228news.tg\/index.php\/2026\/04\/05\/lome-sous-les-eaux-des-les-premieres-pluies-les-autorites-aux-abonnes-absents\/","og_locale":"fr_FR","og_type":"article","og_title":"Lom\u00e9 sous les eaux d\u00e8s les premi\u00e8res pluies, les autorit\u00e9s aux abonn\u00e9s absents - 228 News","og_description":"\u00c0 peine entam\u00e9e, la saison des pluies plonge d\u00e9j\u00e0 Lom\u00e9 dans une situation pr\u00e9occupante. Plusieurs quartiers de la capitale togolaise, ainsi que certaines banlieues, se retrouvent d\u00e9j\u00e0 envahis par les eaux et sont bascul\u00e9s en zone rouge apr\u00e8s seulement quelques averses. Aux probables maladies s\u2019ajoute un drame humain d\u00e9j\u00e0 enregistr\u00e9 : le d\u00e9c\u00e8s tragique, \u00e0 ... Lire la suite","og_url":"https:\/\/228news.tg\/index.php\/2026\/04\/05\/lome-sous-les-eaux-des-les-premieres-pluies-les-autorites-aux-abonnes-absents\/","og_site_name":"228 News","article_published_time":"2026-04-05T18:50:52+00:00","og_image":[{"width":1080,"height":753,"url":"https:\/\/228news.tg\/wp-content\/uploads\/2026\/04\/IMG-20260402-WA0181.jpg","type":"image\/jpeg"}],"author":"Bienvenu SAVI","twitter_card":"summary_large_image","twitter_misc":{"\u00c9crit par":"Bienvenu SAVI","Dur\u00e9e de lecture estim\u00e9e":"5 minutes"},"schema":{"@context":"https:\/\/schema.org","@graph":[{"@type":"Article","@id":"https:\/\/228news.tg\/index.php\/2026\/04\/05\/lome-sous-les-eaux-des-les-premieres-pluies-les-autorites-aux-abonnes-absents\/#article","isPartOf":{"@id":"https:\/\/228news.tg\/index.php\/2026\/04\/05\/lome-sous-les-eaux-des-les-premieres-pluies-les-autorites-aux-abonnes-absents\/"},"author":{"name":"Bienvenu SAVI","@id":"https:\/\/228news.tg\/#\/schema\/person\/68d5a6cc0230290e61235c8379523f52"},"headline":"Lom\u00e9 sous les eaux d\u00e8s les premi\u00e8res pluies, les autorit\u00e9s aux abonn\u00e9s absents","datePublished":"2026-04-05T18:50:52+00:00","mainEntityOfPage":{"@id":"https:\/\/228news.tg\/index.php\/2026\/04\/05\/lome-sous-les-eaux-des-les-premieres-pluies-les-autorites-aux-abonnes-absents\/"},"wordCount":758,"commentCount":0,"publisher":{"@id":"https:\/\/228news.tg\/#organization"},"image":{"@id":"https:\/\/228news.tg\/index.php\/2026\/04\/05\/lome-sous-les-eaux-des-les-premieres-pluies-les-autorites-aux-abonnes-absents\/#primaryimage"},"thumbnailUrl":"https:\/\/228news.tg\/wp-content\/uploads\/2026\/04\/IMG-20260402-WA0181.jpg","articleSection":["SOCIETE","TOGO"],"inLanguage":"fr-FR","potentialAction":[{"@type":"CommentAction","name":"Comment","target":["https:\/\/228news.tg\/index.php\/2026\/04\/05\/lome-sous-les-eaux-des-les-premieres-pluies-les-autorites-aux-abonnes-absents\/#respond"]}]},{"@type":"WebPage","@id":"https:\/\/228news.tg\/index.php\/2026\/04\/05\/lome-sous-les-eaux-des-les-premieres-pluies-les-autorites-aux-abonnes-absents\/","url":"https:\/\/228news.tg\/index.php\/2026\/04\/05\/lome-sous-les-eaux-des-les-premieres-pluies-les-autorites-aux-abonnes-absents\/","name":"Lom\u00e9 sous les eaux d\u00e8s les premi\u00e8res pluies, les autorit\u00e9s aux abonn\u00e9s absents - 228 News","isPartOf":{"@id":"https:\/\/228news.tg\/#website"},"primaryImageOfPage":{"@id":"https:\/\/228news.tg\/index.php\/2026\/04\/05\/lome-sous-les-eaux-des-les-premieres-pluies-les-autorites-aux-abonnes-absents\/#primaryimage"},"image":{"@id":"https:\/\/228news.tg\/index.php\/2026\/04\/05\/lome-sous-les-eaux-des-les-premieres-pluies-les-autorites-aux-abonnes-absents\/#primaryimage"},"thumbnailUrl":"https:\/\/228news.tg\/wp-content\/uploads\/2026\/04\/IMG-20260402-WA0181.jpg","datePublished":"2026-04-05T18:50:52+00:00","breadcrumb":{"@id":"https:\/\/228news.tg\/index.php\/2026\/04\/05\/lome-sous-les-eaux-des-les-premieres-pluies-les-autorites-aux-abonnes-absents\/#breadcrumb"},"inLanguage":"fr-FR","potentialAction":[{"@type":"ReadAction","target":["https:\/\/228news.tg\/index.php\/2026\/04\/05\/lome-sous-les-eaux-des-les-premieres-pluies-les-autorites-aux-abonnes-absents\/"]}]},{"@type":"ImageObject","inLanguage":"fr-FR","@id":"https:\/\/228news.tg\/index.php\/2026\/04\/05\/lome-sous-les-eaux-des-les-premieres-pluies-les-autorites-aux-abonnes-absents\/#primaryimage","url":"https:\/\/228news.tg\/wp-content\/uploads\/2026\/04\/IMG-20260402-WA0181.jpg","contentUrl":"https:\/\/228news.tg\/wp-content\/uploads\/2026\/04\/IMG-20260402-WA0181.jpg","width":1080,"height":753},{"@type":"BreadcrumbList","@id":"https:\/\/228news.tg\/index.php\/2026\/04\/05\/lome-sous-les-eaux-des-les-premieres-pluies-les-autorites-aux-abonnes-absents\/#breadcrumb","itemListElement":[{"@type":"ListItem","position":1,"name":"Home","item":"https:\/\/228news.tg\/"},{"@type":"ListItem","position":2,"name":"Lom\u00e9 sous les eaux d\u00e8s les premi\u00e8res pluies, les autorit\u00e9s aux abonn\u00e9s absents"}]},{"@type":"WebSite","@id":"https:\/\/228news.tg\/#website","url":"https:\/\/228news.tg\/","name":"228 News","description":"Soci\u00e9t\u00e9 de m\u00e9dias et d\u2019actualit\u00e9s","publisher":{"@id":"https:\/\/228news.tg\/#organization"},"potentialAction":[{"@type":"SearchAction","target":{"@type":"EntryPoint","urlTemplate":"https:\/\/228news.tg\/?s={search_term_string}"},"query-input":{"@type":"PropertyValueSpecification","valueRequired":true,"valueName":"search_term_string"}}],"inLanguage":"fr-FR"},{"@type":"Organization","@id":"https:\/\/228news.tg\/#organization","name":"228 News","url":"https:\/\/228news.tg\/","logo":{"@type":"ImageObject","inLanguage":"fr-FR","@id":"https:\/\/228news.tg\/#\/schema\/logo\/image\/","url":"https:\/\/228news.tg\/wp-content\/uploads\/2024\/09\/logonew.png","contentUrl":"https:\/\/228news.tg\/wp-content\/uploads\/2024\/09\/logonew.png","width":1640,"height":364,"caption":"228 News"},"image":{"@id":"https:\/\/228news.tg\/#\/schema\/logo\/image\/"}},{"@type":"Person","@id":"https:\/\/228news.tg\/#\/schema\/person\/68d5a6cc0230290e61235c8379523f52","name":"Bienvenu SAVI","image":{"@type":"ImageObject","inLanguage":"fr-FR","@id":"https:\/\/228news.tg\/#\/schema\/person\/image\/","url":"https:\/\/secure.gravatar.com\/avatar\/9db91895c559e510509c33a3e9683998458e9b828fac36d5d1aa23f0f2fd369b?s=96&d=mm&r=g","contentUrl":"https:\/\/secure.gravatar.com\/avatar\/9db91895c559e510509c33a3e9683998458e9b828fac36d5d1aa23f0f2fd369b?s=96&d=mm&r=g","caption":"Bienvenu SAVI"},"url":"https:\/\/228news.tg\/index.php\/author\/bienvenu\/"}]}},"jetpack_featured_media_url":"https:\/\/228news.tg\/wp-content\/uploads\/2026\/04\/IMG-20260402-WA0181.jpg","_links":{"self":[{"href":"https:\/\/228news.tg\/index.php\/wp-json\/wp\/v2\/posts\/17048","targetHints":{"allow":["GET"]}}],"collection":[{"href":"https:\/\/228news.tg\/index.php\/wp-json\/wp\/v2\/posts"}],"about":[{"href":"https:\/\/228news.tg\/index.php\/wp-json\/wp\/v2\/types\/post"}],"author":[{"embeddable":true,"href":"https:\/\/228news.tg\/index.php\/wp-json\/wp\/v2\/users\/2"}],"replies":[{"embeddable":true,"href":"https:\/\/228news.tg\/index.php\/wp-json\/wp\/v2\/comments?post=17048"}],"version-history":[{"count":1,"href":"https:\/\/228news.tg\/index.php\/wp-json\/wp\/v2\/posts\/17048\/revisions"}],"predecessor-version":[{"id":17054,"href":"https:\/\/228news.tg\/index.php\/wp-json\/wp\/v2\/posts\/17048\/revisions\/17054"}],"wp:featuredmedia":[{"embeddable":true,"href":"https:\/\/228news.tg\/index.php\/wp-json\/wp\/v2\/media\/17053"}],"wp:attachment":[{"href":"https:\/\/228news.tg\/index.php\/wp-json\/wp\/v2\/media?parent=17048"}],"wp:term":[{"taxonomy":"category","embeddable":true,"href":"https:\/\/228news.tg\/index.php\/wp-json\/wp\/v2\/categories?post=17048"},{"taxonomy":"post_tag","embeddable":true,"href":"https:\/\/228news.tg\/index.php\/wp-json\/wp\/v2\/tags?post=17048"}],"curies":[{"name":"wp","href":"https:\/\/api.w.org\/{rel}","templated":true}]}}