{"id":17043,"date":"2026-04-01T21:23:55","date_gmt":"2026-04-01T21:23:55","guid":{"rendered":"https:\/\/228news.tg\/?p=17043"},"modified":"2026-04-05T18:26:16","modified_gmt":"2026-04-05T18:26:16","slug":"17043","status":"publish","type":"post","link":"https:\/\/228news.tg\/index.php\/2026\/04\/01\/17043\/","title":{"rendered":""},"content":{"rendered":"<p>Autorit\u00e9 togolaise des fronti\u00e8res : conna\u00eetre les attributions et missions d\u2019une institution au c\u0153ur de la souverainet\u00e9 nationale<\/p>\n<p>Cr\u00e9\u00e9e en conseil des ministres le mercredi 1er avril 2026 par d\u00e9cret , l\u2019Autorit\u00e9 togolaise des fronti\u00e8res (ATF) marque une r\u00e9forme majeure dans la gestion des espaces frontaliers du Togo. Pens\u00e9e comme un outil de coordination et d\u2019efficacit\u00e9, cette nouvelle institution se distingue avant tout par l\u2019\u00e9tendue et la port\u00e9e de ses attributions, au c\u0153ur des enjeux de s\u00e9curit\u00e9, de stabilit\u00e9 et de d\u00e9veloppement.<\/p>\n<p>C\u2019est une r\u00e9ponse aux d\u00e9fis li\u00e9s \u00e0 la multiplicit\u00e9 des acteurs intervenant jusque-l\u00e0 dans le domaine de gestion des fronti\u00e8res. Le gouvernement a opt\u00e9 pour une centralisation des comp\u00e9tences au sein d\u2019une structure unique. L\u2019objectif est d\u2019assurer une meilleure coh\u00e9rence de l\u2019action publique et r\u00e9pondre de mani\u00e8re plus efficace aux d\u00e9fis li\u00e9s aux fronti\u00e8res terrestres et maritimes.<\/p>\n<p>Les missions confi\u00e9es \u00e0 l\u2019Autorit\u00e9 togolaise des fronti\u00e8res sont \u00e0 la fois techniques, strat\u00e9giques et diplomatiques. En premier lieu, l\u2019ATF est charg\u00e9e de pr\u00e9venir les risques de diff\u00e9rends territoriaux avec les \u00c9tats voisins. Cette mission est essentielle dans un contexte r\u00e9gional o\u00f9 les questions de d\u00e9limitation peuvent constituer des sources de tensions. L\u2019institution devra ainsi anticiper, analyser et proposer des solutions pour \u00e9viter tout contentieux frontalier.<\/p>\n<p>Dans cette m\u00eame logique, l\u2019ATF a pour attribution de formuler toutes propositions relatives \u00e0 la d\u00e9limitation, \u00e0 la mat\u00e9rialisation et \u00e0 la gestion des fronti\u00e8res nationales et internationales. Cela inclut notamment la clarification des trac\u00e9s, l\u2019installation de bornes ou encore la mise \u00e0 jour des accords existants, afin de garantir une ma\u00eetrise pr\u00e9cise du territoire national.<\/p>\n<p>Un autre axe majeur de ses missions concerne la gestion de l\u2019information. L\u2019Autorit\u00e9 aura la responsabilit\u00e9 de centraliser, s\u00e9curiser et organiser l\u2019ensemble des donn\u00e9es frontali\u00e8res d\u00e9tenues par les diff\u00e9rents d\u00e9partements minist\u00e9riels. Cette fonction strat\u00e9gique permettra de disposer d\u2019une base de donn\u00e9es fiable, indispensable pour une prise de d\u00e9cision \u00e9clair\u00e9e et une meilleure coordination interinstitutionnelle.<\/p>\n<p>Par ailleurs, l\u2019ATF jouera un r\u00f4le cl\u00e9 dans la gestion et le r\u00e8glement des diff\u00e9rends frontaliers. En collaboration avec les instances nationales et internationales comp\u00e9tentes, elle contribuera \u00e0 la r\u00e9solution pacifique des litiges, dans une d\u00e9marche de dialogue et de respect du droit international.<\/p>\n<p>L\u2019institution est \u00e9galement appel\u00e9e \u00e0 renforcer la coop\u00e9ration transfrontali\u00e8re. En favorisant les \u00e9changes et les initiatives communes avec les pays voisins, elle participera au d\u00e9veloppement \u00e9conomique et social des zones frontali\u00e8res, souvent confront\u00e9es \u00e0 des d\u00e9fis sp\u00e9cifiques.<\/p>\n<p>Enfin, \u00e0 travers l\u2019ensemble de ses attributions, l\u2019Autorit\u00e9 togolaise des fronti\u00e8res contribuera \u00e0 la consolidation de la souverainet\u00e9 territoriale nationale. Elle incarne ainsi la volont\u00e9 des autorit\u00e9s togolaises de mieux ma\u00eetriser leurs fronti\u00e8res tout en s\u2019inscrivant dans une dynamique de paix et de stabilit\u00e9 r\u00e9gionale.<\/p>\n<p>Avec l\u2019ATF, le Togo se dote d\u2019un instrument strat\u00e9gique moderne, capable de r\u00e9pondre aux enjeux complexes li\u00e9s \u00e0 la gouvernance des fronti\u00e8res, en mettant au premier plan la pr\u00e9vention, la coordination et la coop\u00e9ration.<\/p>\n<p>Priska<\/p>\n<p>&nbsp;<\/p>\n<p>&nbsp;<\/p>\n<p>&nbsp;<\/p>\n","protected":false},"excerpt":{"rendered":"<p>Autorit\u00e9 togolaise des fronti\u00e8res : conna\u00eetre les attributions et missions d\u2019une institution au c\u0153ur de la souverainet\u00e9 nationale Cr\u00e9\u00e9e en conseil des ministres le mercredi 1er avril 2026 par d\u00e9cret , l\u2019Autorit\u00e9 togolaise des fronti\u00e8res (ATF) marque une r\u00e9forme majeure dans la gestion des espaces frontaliers du Togo. Pens\u00e9e comme un outil de coordination et &#8230; <a title=\"\" class=\"read-more\" href=\"https:\/\/228news.tg\/index.php\/2026\/04\/01\/17043\/\" aria-label=\"En savoir plus sur \">Lire la suite<\/a><\/p>\n","protected":false},"author":2,"featured_media":16371,"comment_status":"open","ping_status":"open","sticky":false,"template":"","format":"standard","meta":{"footnotes":""},"categories":[33,25],"tags":[],"class_list":["post-17043","post","type-post","status-publish","format-standard","has-post-thumbnail","hentry","category-politique","category-togo"],"yoast_head":"<!-- This site is optimized with the Yoast SEO plugin v26.4 - https:\/\/yoast.com\/wordpress\/plugins\/seo\/ -->\n<title>- 228 News<\/title>\n<meta name=\"robots\" content=\"index, follow, max-snippet:-1, max-image-preview:large, max-video-preview:-1\" \/>\n<link rel=\"canonical\" href=\"https:\/\/228news.tg\/index.php\/2026\/04\/01\/17043\/\" \/>\n<meta property=\"og:locale\" content=\"fr_FR\" \/>\n<meta property=\"og:type\" content=\"article\" \/>\n<meta property=\"og:title\" content=\"- 228 News\" \/>\n<meta property=\"og:description\" content=\"Autorit\u00e9 togolaise des fronti\u00e8res : conna\u00eetre les attributions et missions d\u2019une institution au c\u0153ur de la souverainet\u00e9 nationale Cr\u00e9\u00e9e en conseil des ministres le mercredi 1er avril 2026 par d\u00e9cret , l\u2019Autorit\u00e9 togolaise des fronti\u00e8res (ATF) marque une r\u00e9forme majeure dans la gestion des espaces frontaliers du Togo. Pens\u00e9e comme un outil de coordination et ... Lire la suite\" \/>\n<meta property=\"og:url\" content=\"https:\/\/228news.tg\/index.php\/2026\/04\/01\/17043\/\" \/>\n<meta property=\"og:site_name\" content=\"228 News\" \/>\n<meta property=\"article:published_time\" content=\"2026-04-01T21:23:55+00:00\" \/>\n<meta property=\"article:modified_time\" content=\"2026-04-05T18:26:16+00:00\" \/>\n<meta property=\"og:image\" content=\"https:\/\/228news.tg\/wp-content\/uploads\/2025\/07\/IMG-20250728-WA0048.jpg\" \/>\n\t<meta property=\"og:image:width\" content=\"600\" \/>\n\t<meta property=\"og:image:height\" content=\"360\" \/>\n\t<meta property=\"og:image:type\" content=\"image\/jpeg\" \/>\n<meta name=\"author\" content=\"Bienvenu SAVI\" \/>\n<meta name=\"twitter:card\" content=\"summary_large_image\" \/>\n<meta name=\"twitter:label1\" content=\"\u00c9crit par\" \/>\n\t<meta name=\"twitter:data1\" content=\"Bienvenu SAVI\" \/>\n\t<meta name=\"twitter:label2\" content=\"Dur\u00e9e de lecture estim\u00e9e\" \/>\n\t<meta name=\"twitter:data2\" content=\"3 minutes\" \/>\n<script type=\"application\/ld+json\" class=\"yoast-schema-graph\">{\"@context\":\"https:\/\/schema.org\",\"@graph\":[{\"@type\":\"Article\",\"@id\":\"https:\/\/228news.tg\/index.php\/2026\/04\/01\/17043\/#article\",\"isPartOf\":{\"@id\":\"https:\/\/228news.tg\/index.php\/2026\/04\/01\/17043\/\"},\"author\":{\"name\":\"Bienvenu SAVI\",\"@id\":\"https:\/\/228news.tg\/#\/schema\/person\/68d5a6cc0230290e61235c8379523f52\"},\"headline\":\"Aucun titre\",\"datePublished\":\"2026-04-01T21:23:55+00:00\",\"dateModified\":\"2026-04-05T18:26:16+00:00\",\"mainEntityOfPage\":{\"@id\":\"https:\/\/228news.tg\/index.php\/2026\/04\/01\/17043\/\"},\"wordCount\":562,\"commentCount\":0,\"publisher\":{\"@id\":\"https:\/\/228news.tg\/#organization\"},\"image\":{\"@id\":\"https:\/\/228news.tg\/index.php\/2026\/04\/01\/17043\/#primaryimage\"},\"thumbnailUrl\":\"https:\/\/228news.tg\/wp-content\/uploads\/2025\/07\/IMG-20250728-WA0048.jpg\",\"articleSection\":[\"POLITIQUE\",\"TOGO\"],\"inLanguage\":\"fr-FR\",\"potentialAction\":[{\"@type\":\"CommentAction\",\"name\":\"Comment\",\"target\":[\"https:\/\/228news.tg\/index.php\/2026\/04\/01\/17043\/#respond\"]}]},{\"@type\":\"WebPage\",\"@id\":\"https:\/\/228news.tg\/index.php\/2026\/04\/01\/17043\/\",\"url\":\"https:\/\/228news.tg\/index.php\/2026\/04\/01\/17043\/\",\"name\":\"- 228 News\",\"isPartOf\":{\"@id\":\"https:\/\/228news.tg\/#website\"},\"primaryImageOfPage\":{\"@id\":\"https:\/\/228news.tg\/index.php\/2026\/04\/01\/17043\/#primaryimage\"},\"image\":{\"@id\":\"https:\/\/228news.tg\/index.php\/2026\/04\/01\/17043\/#primaryimage\"},\"thumbnailUrl\":\"https:\/\/228news.tg\/wp-content\/uploads\/2025\/07\/IMG-20250728-WA0048.jpg\",\"datePublished\":\"2026-04-01T21:23:55+00:00\",\"dateModified\":\"2026-04-05T18:26:16+00:00\",\"inLanguage\":\"fr-FR\",\"potentialAction\":[{\"@type\":\"ReadAction\",\"target\":[\"https:\/\/228news.tg\/index.php\/2026\/04\/01\/17043\/\"]}]},{\"@type\":\"ImageObject\",\"inLanguage\":\"fr-FR\",\"@id\":\"https:\/\/228news.tg\/index.php\/2026\/04\/01\/17043\/#primaryimage\",\"url\":\"https:\/\/228news.tg\/wp-content\/uploads\/2025\/07\/IMG-20250728-WA0048.jpg\",\"contentUrl\":\"https:\/\/228news.tg\/wp-content\/uploads\/2025\/07\/IMG-20250728-WA0048.jpg\",\"width\":600,\"height\":360},{\"@type\":\"WebSite\",\"@id\":\"https:\/\/228news.tg\/#website\",\"url\":\"https:\/\/228news.tg\/\",\"name\":\"228 News\",\"description\":\"Soci\u00e9t\u00e9 de m\u00e9dias et d\u2019actualit\u00e9s\",\"publisher\":{\"@id\":\"https:\/\/228news.tg\/#organization\"},\"potentialAction\":[{\"@type\":\"SearchAction\",\"target\":{\"@type\":\"EntryPoint\",\"urlTemplate\":\"https:\/\/228news.tg\/?s={search_term_string}\"},\"query-input\":{\"@type\":\"PropertyValueSpecification\",\"valueRequired\":true,\"valueName\":\"search_term_string\"}}],\"inLanguage\":\"fr-FR\"},{\"@type\":\"Organization\",\"@id\":\"https:\/\/228news.tg\/#organization\",\"name\":\"228 News\",\"url\":\"https:\/\/228news.tg\/\",\"logo\":{\"@type\":\"ImageObject\",\"inLanguage\":\"fr-FR\",\"@id\":\"https:\/\/228news.tg\/#\/schema\/logo\/image\/\",\"url\":\"https:\/\/228news.tg\/wp-content\/uploads\/2024\/09\/logonew.png\",\"contentUrl\":\"https:\/\/228news.tg\/wp-content\/uploads\/2024\/09\/logonew.png\",\"width\":1640,\"height\":364,\"caption\":\"228 News\"},\"image\":{\"@id\":\"https:\/\/228news.tg\/#\/schema\/logo\/image\/\"}},{\"@type\":\"Person\",\"@id\":\"https:\/\/228news.tg\/#\/schema\/person\/68d5a6cc0230290e61235c8379523f52\",\"name\":\"Bienvenu SAVI\",\"image\":{\"@type\":\"ImageObject\",\"inLanguage\":\"fr-FR\",\"@id\":\"https:\/\/228news.tg\/#\/schema\/person\/image\/\",\"url\":\"https:\/\/secure.gravatar.com\/avatar\/9db91895c559e510509c33a3e9683998458e9b828fac36d5d1aa23f0f2fd369b?s=96&d=mm&r=g\",\"contentUrl\":\"https:\/\/secure.gravatar.com\/avatar\/9db91895c559e510509c33a3e9683998458e9b828fac36d5d1aa23f0f2fd369b?s=96&d=mm&r=g\",\"caption\":\"Bienvenu SAVI\"},\"url\":\"https:\/\/228news.tg\/index.php\/author\/bienvenu\/\"}]}<\/script>\n<!-- \/ Yoast SEO plugin. -->","yoast_head_json":{"title":"- 228 News","robots":{"index":"index","follow":"follow","max-snippet":"max-snippet:-1","max-image-preview":"max-image-preview:large","max-video-preview":"max-video-preview:-1"},"canonical":"https:\/\/228news.tg\/index.php\/2026\/04\/01\/17043\/","og_locale":"fr_FR","og_type":"article","og_title":"- 228 News","og_description":"Autorit\u00e9 togolaise des fronti\u00e8res : conna\u00eetre les attributions et missions d\u2019une institution au c\u0153ur de la souverainet\u00e9 nationale Cr\u00e9\u00e9e en conseil des ministres le mercredi 1er avril 2026 par d\u00e9cret , l\u2019Autorit\u00e9 togolaise des fronti\u00e8res (ATF) marque une r\u00e9forme majeure dans la gestion des espaces frontaliers du Togo. Pens\u00e9e comme un outil de coordination et ... Lire la suite","og_url":"https:\/\/228news.tg\/index.php\/2026\/04\/01\/17043\/","og_site_name":"228 News","article_published_time":"2026-04-01T21:23:55+00:00","article_modified_time":"2026-04-05T18:26:16+00:00","og_image":[{"width":600,"height":360,"url":"https:\/\/228news.tg\/wp-content\/uploads\/2025\/07\/IMG-20250728-WA0048.jpg","type":"image\/jpeg"}],"author":"Bienvenu SAVI","twitter_card":"summary_large_image","twitter_misc":{"\u00c9crit par":"Bienvenu SAVI","Dur\u00e9e de lecture estim\u00e9e":"3 minutes"},"schema":{"@context":"https:\/\/schema.org","@graph":[{"@type":"Article","@id":"https:\/\/228news.tg\/index.php\/2026\/04\/01\/17043\/#article","isPartOf":{"@id":"https:\/\/228news.tg\/index.php\/2026\/04\/01\/17043\/"},"author":{"name":"Bienvenu SAVI","@id":"https:\/\/228news.tg\/#\/schema\/person\/68d5a6cc0230290e61235c8379523f52"},"headline":"Aucun titre","datePublished":"2026-04-01T21:23:55+00:00","dateModified":"2026-04-05T18:26:16+00:00","mainEntityOfPage":{"@id":"https:\/\/228news.tg\/index.php\/2026\/04\/01\/17043\/"},"wordCount":562,"commentCount":0,"publisher":{"@id":"https:\/\/228news.tg\/#organization"},"image":{"@id":"https:\/\/228news.tg\/index.php\/2026\/04\/01\/17043\/#primaryimage"},"thumbnailUrl":"https:\/\/228news.tg\/wp-content\/uploads\/2025\/07\/IMG-20250728-WA0048.jpg","articleSection":["POLITIQUE","TOGO"],"inLanguage":"fr-FR","potentialAction":[{"@type":"CommentAction","name":"Comment","target":["https:\/\/228news.tg\/index.php\/2026\/04\/01\/17043\/#respond"]}]},{"@type":"WebPage","@id":"https:\/\/228news.tg\/index.php\/2026\/04\/01\/17043\/","url":"https:\/\/228news.tg\/index.php\/2026\/04\/01\/17043\/","name":"- 228 News","isPartOf":{"@id":"https:\/\/228news.tg\/#website"},"primaryImageOfPage":{"@id":"https:\/\/228news.tg\/index.php\/2026\/04\/01\/17043\/#primaryimage"},"image":{"@id":"https:\/\/228news.tg\/index.php\/2026\/04\/01\/17043\/#primaryimage"},"thumbnailUrl":"https:\/\/228news.tg\/wp-content\/uploads\/2025\/07\/IMG-20250728-WA0048.jpg","datePublished":"2026-04-01T21:23:55+00:00","dateModified":"2026-04-05T18:26:16+00:00","inLanguage":"fr-FR","potentialAction":[{"@type":"ReadAction","target":["https:\/\/228news.tg\/index.php\/2026\/04\/01\/17043\/"]}]},{"@type":"ImageObject","inLanguage":"fr-FR","@id":"https:\/\/228news.tg\/index.php\/2026\/04\/01\/17043\/#primaryimage","url":"https:\/\/228news.tg\/wp-content\/uploads\/2025\/07\/IMG-20250728-WA0048.jpg","contentUrl":"https:\/\/228news.tg\/wp-content\/uploads\/2025\/07\/IMG-20250728-WA0048.jpg","width":600,"height":360},{"@type":"WebSite","@id":"https:\/\/228news.tg\/#website","url":"https:\/\/228news.tg\/","name":"228 News","description":"Soci\u00e9t\u00e9 de m\u00e9dias et d\u2019actualit\u00e9s","publisher":{"@id":"https:\/\/228news.tg\/#organization"},"potentialAction":[{"@type":"SearchAction","target":{"@type":"EntryPoint","urlTemplate":"https:\/\/228news.tg\/?s={search_term_string}"},"query-input":{"@type":"PropertyValueSpecification","valueRequired":true,"valueName":"search_term_string"}}],"inLanguage":"fr-FR"},{"@type":"Organization","@id":"https:\/\/228news.tg\/#organization","name":"228 News","url":"https:\/\/228news.tg\/","logo":{"@type":"ImageObject","inLanguage":"fr-FR","@id":"https:\/\/228news.tg\/#\/schema\/logo\/image\/","url":"https:\/\/228news.tg\/wp-content\/uploads\/2024\/09\/logonew.png","contentUrl":"https:\/\/228news.tg\/wp-content\/uploads\/2024\/09\/logonew.png","width":1640,"height":364,"caption":"228 News"},"image":{"@id":"https:\/\/228news.tg\/#\/schema\/logo\/image\/"}},{"@type":"Person","@id":"https:\/\/228news.tg\/#\/schema\/person\/68d5a6cc0230290e61235c8379523f52","name":"Bienvenu SAVI","image":{"@type":"ImageObject","inLanguage":"fr-FR","@id":"https:\/\/228news.tg\/#\/schema\/person\/image\/","url":"https:\/\/secure.gravatar.com\/avatar\/9db91895c559e510509c33a3e9683998458e9b828fac36d5d1aa23f0f2fd369b?s=96&d=mm&r=g","contentUrl":"https:\/\/secure.gravatar.com\/avatar\/9db91895c559e510509c33a3e9683998458e9b828fac36d5d1aa23f0f2fd369b?s=96&d=mm&r=g","caption":"Bienvenu SAVI"},"url":"https:\/\/228news.tg\/index.php\/author\/bienvenu\/"}]}},"jetpack_featured_media_url":"https:\/\/228news.tg\/wp-content\/uploads\/2025\/07\/IMG-20250728-WA0048.jpg","_links":{"self":[{"href":"https:\/\/228news.tg\/index.php\/wp-json\/wp\/v2\/posts\/17043","targetHints":{"allow":["GET"]}}],"collection":[{"href":"https:\/\/228news.tg\/index.php\/wp-json\/wp\/v2\/posts"}],"about":[{"href":"https:\/\/228news.tg\/index.php\/wp-json\/wp\/v2\/types\/post"}],"author":[{"embeddable":true,"href":"https:\/\/228news.tg\/index.php\/wp-json\/wp\/v2\/users\/2"}],"replies":[{"embeddable":true,"href":"https:\/\/228news.tg\/index.php\/wp-json\/wp\/v2\/comments?post=17043"}],"version-history":[{"count":1,"href":"https:\/\/228news.tg\/index.php\/wp-json\/wp\/v2\/posts\/17043\/revisions"}],"predecessor-version":[{"id":17044,"href":"https:\/\/228news.tg\/index.php\/wp-json\/wp\/v2\/posts\/17043\/revisions\/17044"}],"wp:featuredmedia":[{"embeddable":true,"href":"https:\/\/228news.tg\/index.php\/wp-json\/wp\/v2\/media\/16371"}],"wp:attachment":[{"href":"https:\/\/228news.tg\/index.php\/wp-json\/wp\/v2\/media?parent=17043"}],"wp:term":[{"taxonomy":"category","embeddable":true,"href":"https:\/\/228news.tg\/index.php\/wp-json\/wp\/v2\/categories?post=17043"},{"taxonomy":"post_tag","embeddable":true,"href":"https:\/\/228news.tg\/index.php\/wp-json\/wp\/v2\/tags?post=17043"}],"curies":[{"name":"wp","href":"https:\/\/api.w.org\/{rel}","templated":true}]}}