{"id":17035,"date":"2026-03-31T23:54:04","date_gmt":"2026-03-31T23:54:04","guid":{"rendered":"https:\/\/228news.tg\/?p=17035"},"modified":"2026-04-01T08:02:42","modified_gmt":"2026-04-01T08:02:42","slug":"selection-nationale-neveu-trouve-la-faille","status":"publish","type":"post","link":"https:\/\/228news.tg\/index.php\/2026\/03\/31\/selection-nationale-neveu-trouve-la-faille\/","title":{"rendered":"S\u00e9lection nationale : Neveu trouve la faille"},"content":{"rendered":"<p>Les \u00c9perviers du Togo ont conclut mardi les journ\u00e9es FIFA de mars de la plus belle des mani\u00e8res. En terre marocaine, les poulains de Patrice Neveu ont battu les Mena du Niger sur le score de 1-0. K\u00e9vin Denkey a tr\u00e8s t\u00f4t trouv\u00e9 le chemin des filets \u00e0 la 5e minute, offrant \u00e0 Patrice Neveu sa toute premi\u00e8re victoire avec les Eperviers du Togo.<\/p>\n<p>Les \u00c9perviers du Togo ont assur\u00e9 ce mardi le service minimum en battant le Mena du Niger sur un score \u00e9triqu\u00e9 d\u2019un but \u00e0 0. Les hommes de Patrice Neveu ont conclu en toute beaut\u00e9 leur aventure dans le cadre de la fen\u00eatre FIFA de mars 2026. Apr\u00e8s un nul d\u00e9cevant le 27 mars dernier face \u00e0 la Guin\u00e9e , ils se sont rachet\u00e9s en disposant du Niger sur la plus petite des marques, 1 but \u00e0 0. K\u00e9vin Denkey a \u00e9t\u00e9 le h\u00e9ros de la partie en ouvrant le score \u00e0 la 5e minute.<\/p>\n<p>Abonn\u00e9 aux d\u00e9faites et aux matchs nuls depuis plusieurs mois, Patrice Neveu a d\u00e9sormais trouv\u00e9 la faille. Il s\u2019agit de sa premi\u00e8re victoire avec la s\u00e9lection nationale togolaise.<\/p>\n<p>Priska<\/p>\n<p>&nbsp;<\/p>\n<p>&nbsp;<\/p>\n","protected":false},"excerpt":{"rendered":"<p>Les \u00c9perviers du Togo ont conclut mardi les journ\u00e9es FIFA de mars de la plus belle des mani\u00e8res. En terre marocaine, les poulains de Patrice Neveu ont battu les Mena du Niger sur le score de 1-0. K\u00e9vin Denkey a tr\u00e8s t\u00f4t trouv\u00e9 le chemin des filets \u00e0 la 5e minute, offrant \u00e0 Patrice Neveu &#8230; <a title=\"S\u00e9lection nationale : Neveu trouve la faille\" class=\"read-more\" href=\"https:\/\/228news.tg\/index.php\/2026\/03\/31\/selection-nationale-neveu-trouve-la-faille\/\" aria-label=\"En savoir plus sur S\u00e9lection nationale : Neveu trouve la faille\">Lire la suite<\/a><\/p>\n","protected":false},"author":2,"featured_media":17036,"comment_status":"open","ping_status":"open","sticky":false,"template":"","format":"standard","meta":{"footnotes":""},"categories":[24,25],"tags":[],"class_list":["post-17035","post","type-post","status-publish","format-standard","has-post-thumbnail","hentry","category-sports","category-togo"],"yoast_head":"<!-- This site is optimized with the Yoast SEO plugin v26.4 - https:\/\/yoast.com\/wordpress\/plugins\/seo\/ -->\n<title>S\u00e9lection nationale : Neveu trouve la faille - 228 News<\/title>\n<meta name=\"robots\" content=\"index, follow, max-snippet:-1, max-image-preview:large, max-video-preview:-1\" \/>\n<link rel=\"canonical\" href=\"https:\/\/228news.tg\/index.php\/2026\/03\/31\/selection-nationale-neveu-trouve-la-faille\/\" \/>\n<meta property=\"og:locale\" content=\"fr_FR\" \/>\n<meta property=\"og:type\" content=\"article\" \/>\n<meta property=\"og:title\" content=\"S\u00e9lection nationale : Neveu trouve la faille - 228 News\" \/>\n<meta property=\"og:description\" content=\"Les \u00c9perviers du Togo ont conclut mardi les journ\u00e9es FIFA de mars de la plus belle des mani\u00e8res. En terre marocaine, les poulains de Patrice Neveu ont battu les Mena du Niger sur le score de 1-0. K\u00e9vin Denkey a tr\u00e8s t\u00f4t trouv\u00e9 le chemin des filets \u00e0 la 5e minute, offrant \u00e0 Patrice Neveu ... Lire la suite\" \/>\n<meta property=\"og:url\" content=\"https:\/\/228news.tg\/index.php\/2026\/03\/31\/selection-nationale-neveu-trouve-la-faille\/\" \/>\n<meta property=\"og:site_name\" content=\"228 News\" \/>\n<meta property=\"article:published_time\" content=\"2026-03-31T23:54:04+00:00\" \/>\n<meta property=\"article:modified_time\" content=\"2026-04-01T08:02:42+00:00\" \/>\n<meta property=\"og:image\" content=\"https:\/\/228news.tg\/wp-content\/uploads\/2026\/04\/IMG-20260401-WA0150.jpg\" \/>\n\t<meta property=\"og:image:width\" content=\"2048\" \/>\n\t<meta property=\"og:image:height\" content=\"1365\" \/>\n\t<meta property=\"og:image:type\" content=\"image\/jpeg\" \/>\n<meta name=\"author\" content=\"Bienvenu SAVI\" \/>\n<meta name=\"twitter:card\" content=\"summary_large_image\" \/>\n<meta name=\"twitter:label1\" content=\"\u00c9crit par\" \/>\n\t<meta name=\"twitter:data1\" content=\"Bienvenu SAVI\" \/>\n\t<meta name=\"twitter:label2\" content=\"Dur\u00e9e de lecture estim\u00e9e\" \/>\n\t<meta name=\"twitter:data2\" content=\"2 minutes\" \/>\n<script type=\"application\/ld+json\" class=\"yoast-schema-graph\">{\"@context\":\"https:\/\/schema.org\",\"@graph\":[{\"@type\":\"Article\",\"@id\":\"https:\/\/228news.tg\/index.php\/2026\/03\/31\/selection-nationale-neveu-trouve-la-faille\/#article\",\"isPartOf\":{\"@id\":\"https:\/\/228news.tg\/index.php\/2026\/03\/31\/selection-nationale-neveu-trouve-la-faille\/\"},\"author\":{\"name\":\"Bienvenu SAVI\",\"@id\":\"https:\/\/228news.tg\/#\/schema\/person\/68d5a6cc0230290e61235c8379523f52\"},\"headline\":\"S\u00e9lection nationale : Neveu trouve la faille\",\"datePublished\":\"2026-03-31T23:54:04+00:00\",\"dateModified\":\"2026-04-01T08:02:42+00:00\",\"mainEntityOfPage\":{\"@id\":\"https:\/\/228news.tg\/index.php\/2026\/03\/31\/selection-nationale-neveu-trouve-la-faille\/\"},\"wordCount\":204,\"commentCount\":0,\"publisher\":{\"@id\":\"https:\/\/228news.tg\/#organization\"},\"image\":{\"@id\":\"https:\/\/228news.tg\/index.php\/2026\/03\/31\/selection-nationale-neveu-trouve-la-faille\/#primaryimage\"},\"thumbnailUrl\":\"https:\/\/228news.tg\/wp-content\/uploads\/2026\/04\/IMG-20260401-WA0150.jpg\",\"articleSection\":[\"SPORTS\",\"TOGO\"],\"inLanguage\":\"fr-FR\",\"potentialAction\":[{\"@type\":\"CommentAction\",\"name\":\"Comment\",\"target\":[\"https:\/\/228news.tg\/index.php\/2026\/03\/31\/selection-nationale-neveu-trouve-la-faille\/#respond\"]}]},{\"@type\":\"WebPage\",\"@id\":\"https:\/\/228news.tg\/index.php\/2026\/03\/31\/selection-nationale-neveu-trouve-la-faille\/\",\"url\":\"https:\/\/228news.tg\/index.php\/2026\/03\/31\/selection-nationale-neveu-trouve-la-faille\/\",\"name\":\"S\u00e9lection nationale : Neveu trouve la faille - 228 News\",\"isPartOf\":{\"@id\":\"https:\/\/228news.tg\/#website\"},\"primaryImageOfPage\":{\"@id\":\"https:\/\/228news.tg\/index.php\/2026\/03\/31\/selection-nationale-neveu-trouve-la-faille\/#primaryimage\"},\"image\":{\"@id\":\"https:\/\/228news.tg\/index.php\/2026\/03\/31\/selection-nationale-neveu-trouve-la-faille\/#primaryimage\"},\"thumbnailUrl\":\"https:\/\/228news.tg\/wp-content\/uploads\/2026\/04\/IMG-20260401-WA0150.jpg\",\"datePublished\":\"2026-03-31T23:54:04+00:00\",\"dateModified\":\"2026-04-01T08:02:42+00:00\",\"breadcrumb\":{\"@id\":\"https:\/\/228news.tg\/index.php\/2026\/03\/31\/selection-nationale-neveu-trouve-la-faille\/#breadcrumb\"},\"inLanguage\":\"fr-FR\",\"potentialAction\":[{\"@type\":\"ReadAction\",\"target\":[\"https:\/\/228news.tg\/index.php\/2026\/03\/31\/selection-nationale-neveu-trouve-la-faille\/\"]}]},{\"@type\":\"ImageObject\",\"inLanguage\":\"fr-FR\",\"@id\":\"https:\/\/228news.tg\/index.php\/2026\/03\/31\/selection-nationale-neveu-trouve-la-faille\/#primaryimage\",\"url\":\"https:\/\/228news.tg\/wp-content\/uploads\/2026\/04\/IMG-20260401-WA0150.jpg\",\"contentUrl\":\"https:\/\/228news.tg\/wp-content\/uploads\/2026\/04\/IMG-20260401-WA0150.jpg\",\"width\":2048,\"height\":1365},{\"@type\":\"BreadcrumbList\",\"@id\":\"https:\/\/228news.tg\/index.php\/2026\/03\/31\/selection-nationale-neveu-trouve-la-faille\/#breadcrumb\",\"itemListElement\":[{\"@type\":\"ListItem\",\"position\":1,\"name\":\"Home\",\"item\":\"https:\/\/228news.tg\/\"},{\"@type\":\"ListItem\",\"position\":2,\"name\":\"S\u00e9lection nationale : Neveu trouve la faille\"}]},{\"@type\":\"WebSite\",\"@id\":\"https:\/\/228news.tg\/#website\",\"url\":\"https:\/\/228news.tg\/\",\"name\":\"228 News\",\"description\":\"Soci\u00e9t\u00e9 de m\u00e9dias et d\u2019actualit\u00e9s\",\"publisher\":{\"@id\":\"https:\/\/228news.tg\/#organization\"},\"potentialAction\":[{\"@type\":\"SearchAction\",\"target\":{\"@type\":\"EntryPoint\",\"urlTemplate\":\"https:\/\/228news.tg\/?s={search_term_string}\"},\"query-input\":{\"@type\":\"PropertyValueSpecification\",\"valueRequired\":true,\"valueName\":\"search_term_string\"}}],\"inLanguage\":\"fr-FR\"},{\"@type\":\"Organization\",\"@id\":\"https:\/\/228news.tg\/#organization\",\"name\":\"228 News\",\"url\":\"https:\/\/228news.tg\/\",\"logo\":{\"@type\":\"ImageObject\",\"inLanguage\":\"fr-FR\",\"@id\":\"https:\/\/228news.tg\/#\/schema\/logo\/image\/\",\"url\":\"https:\/\/228news.tg\/wp-content\/uploads\/2024\/09\/logonew.png\",\"contentUrl\":\"https:\/\/228news.tg\/wp-content\/uploads\/2024\/09\/logonew.png\",\"width\":1640,\"height\":364,\"caption\":\"228 News\"},\"image\":{\"@id\":\"https:\/\/228news.tg\/#\/schema\/logo\/image\/\"}},{\"@type\":\"Person\",\"@id\":\"https:\/\/228news.tg\/#\/schema\/person\/68d5a6cc0230290e61235c8379523f52\",\"name\":\"Bienvenu SAVI\",\"image\":{\"@type\":\"ImageObject\",\"inLanguage\":\"fr-FR\",\"@id\":\"https:\/\/228news.tg\/#\/schema\/person\/image\/\",\"url\":\"https:\/\/secure.gravatar.com\/avatar\/9db91895c559e510509c33a3e9683998458e9b828fac36d5d1aa23f0f2fd369b?s=96&d=mm&r=g\",\"contentUrl\":\"https:\/\/secure.gravatar.com\/avatar\/9db91895c559e510509c33a3e9683998458e9b828fac36d5d1aa23f0f2fd369b?s=96&d=mm&r=g\",\"caption\":\"Bienvenu SAVI\"},\"url\":\"https:\/\/228news.tg\/index.php\/author\/bienvenu\/\"}]}<\/script>\n<!-- \/ Yoast SEO plugin. -->","yoast_head_json":{"title":"S\u00e9lection nationale : Neveu trouve la faille - 228 News","robots":{"index":"index","follow":"follow","max-snippet":"max-snippet:-1","max-image-preview":"max-image-preview:large","max-video-preview":"max-video-preview:-1"},"canonical":"https:\/\/228news.tg\/index.php\/2026\/03\/31\/selection-nationale-neveu-trouve-la-faille\/","og_locale":"fr_FR","og_type":"article","og_title":"S\u00e9lection nationale : Neveu trouve la faille - 228 News","og_description":"Les \u00c9perviers du Togo ont conclut mardi les journ\u00e9es FIFA de mars de la plus belle des mani\u00e8res. En terre marocaine, les poulains de Patrice Neveu ont battu les Mena du Niger sur le score de 1-0. K\u00e9vin Denkey a tr\u00e8s t\u00f4t trouv\u00e9 le chemin des filets \u00e0 la 5e minute, offrant \u00e0 Patrice Neveu ... Lire la suite","og_url":"https:\/\/228news.tg\/index.php\/2026\/03\/31\/selection-nationale-neveu-trouve-la-faille\/","og_site_name":"228 News","article_published_time":"2026-03-31T23:54:04+00:00","article_modified_time":"2026-04-01T08:02:42+00:00","og_image":[{"width":2048,"height":1365,"url":"https:\/\/228news.tg\/wp-content\/uploads\/2026\/04\/IMG-20260401-WA0150.jpg","type":"image\/jpeg"}],"author":"Bienvenu SAVI","twitter_card":"summary_large_image","twitter_misc":{"\u00c9crit par":"Bienvenu SAVI","Dur\u00e9e de lecture estim\u00e9e":"2 minutes"},"schema":{"@context":"https:\/\/schema.org","@graph":[{"@type":"Article","@id":"https:\/\/228news.tg\/index.php\/2026\/03\/31\/selection-nationale-neveu-trouve-la-faille\/#article","isPartOf":{"@id":"https:\/\/228news.tg\/index.php\/2026\/03\/31\/selection-nationale-neveu-trouve-la-faille\/"},"author":{"name":"Bienvenu SAVI","@id":"https:\/\/228news.tg\/#\/schema\/person\/68d5a6cc0230290e61235c8379523f52"},"headline":"S\u00e9lection nationale : Neveu trouve la faille","datePublished":"2026-03-31T23:54:04+00:00","dateModified":"2026-04-01T08:02:42+00:00","mainEntityOfPage":{"@id":"https:\/\/228news.tg\/index.php\/2026\/03\/31\/selection-nationale-neveu-trouve-la-faille\/"},"wordCount":204,"commentCount":0,"publisher":{"@id":"https:\/\/228news.tg\/#organization"},"image":{"@id":"https:\/\/228news.tg\/index.php\/2026\/03\/31\/selection-nationale-neveu-trouve-la-faille\/#primaryimage"},"thumbnailUrl":"https:\/\/228news.tg\/wp-content\/uploads\/2026\/04\/IMG-20260401-WA0150.jpg","articleSection":["SPORTS","TOGO"],"inLanguage":"fr-FR","potentialAction":[{"@type":"CommentAction","name":"Comment","target":["https:\/\/228news.tg\/index.php\/2026\/03\/31\/selection-nationale-neveu-trouve-la-faille\/#respond"]}]},{"@type":"WebPage","@id":"https:\/\/228news.tg\/index.php\/2026\/03\/31\/selection-nationale-neveu-trouve-la-faille\/","url":"https:\/\/228news.tg\/index.php\/2026\/03\/31\/selection-nationale-neveu-trouve-la-faille\/","name":"S\u00e9lection nationale : Neveu trouve la faille - 228 News","isPartOf":{"@id":"https:\/\/228news.tg\/#website"},"primaryImageOfPage":{"@id":"https:\/\/228news.tg\/index.php\/2026\/03\/31\/selection-nationale-neveu-trouve-la-faille\/#primaryimage"},"image":{"@id":"https:\/\/228news.tg\/index.php\/2026\/03\/31\/selection-nationale-neveu-trouve-la-faille\/#primaryimage"},"thumbnailUrl":"https:\/\/228news.tg\/wp-content\/uploads\/2026\/04\/IMG-20260401-WA0150.jpg","datePublished":"2026-03-31T23:54:04+00:00","dateModified":"2026-04-01T08:02:42+00:00","breadcrumb":{"@id":"https:\/\/228news.tg\/index.php\/2026\/03\/31\/selection-nationale-neveu-trouve-la-faille\/#breadcrumb"},"inLanguage":"fr-FR","potentialAction":[{"@type":"ReadAction","target":["https:\/\/228news.tg\/index.php\/2026\/03\/31\/selection-nationale-neveu-trouve-la-faille\/"]}]},{"@type":"ImageObject","inLanguage":"fr-FR","@id":"https:\/\/228news.tg\/index.php\/2026\/03\/31\/selection-nationale-neveu-trouve-la-faille\/#primaryimage","url":"https:\/\/228news.tg\/wp-content\/uploads\/2026\/04\/IMG-20260401-WA0150.jpg","contentUrl":"https:\/\/228news.tg\/wp-content\/uploads\/2026\/04\/IMG-20260401-WA0150.jpg","width":2048,"height":1365},{"@type":"BreadcrumbList","@id":"https:\/\/228news.tg\/index.php\/2026\/03\/31\/selection-nationale-neveu-trouve-la-faille\/#breadcrumb","itemListElement":[{"@type":"ListItem","position":1,"name":"Home","item":"https:\/\/228news.tg\/"},{"@type":"ListItem","position":2,"name":"S\u00e9lection nationale : Neveu trouve la faille"}]},{"@type":"WebSite","@id":"https:\/\/228news.tg\/#website","url":"https:\/\/228news.tg\/","name":"228 News","description":"Soci\u00e9t\u00e9 de m\u00e9dias et d\u2019actualit\u00e9s","publisher":{"@id":"https:\/\/228news.tg\/#organization"},"potentialAction":[{"@type":"SearchAction","target":{"@type":"EntryPoint","urlTemplate":"https:\/\/228news.tg\/?s={search_term_string}"},"query-input":{"@type":"PropertyValueSpecification","valueRequired":true,"valueName":"search_term_string"}}],"inLanguage":"fr-FR"},{"@type":"Organization","@id":"https:\/\/228news.tg\/#organization","name":"228 News","url":"https:\/\/228news.tg\/","logo":{"@type":"ImageObject","inLanguage":"fr-FR","@id":"https:\/\/228news.tg\/#\/schema\/logo\/image\/","url":"https:\/\/228news.tg\/wp-content\/uploads\/2024\/09\/logonew.png","contentUrl":"https:\/\/228news.tg\/wp-content\/uploads\/2024\/09\/logonew.png","width":1640,"height":364,"caption":"228 News"},"image":{"@id":"https:\/\/228news.tg\/#\/schema\/logo\/image\/"}},{"@type":"Person","@id":"https:\/\/228news.tg\/#\/schema\/person\/68d5a6cc0230290e61235c8379523f52","name":"Bienvenu SAVI","image":{"@type":"ImageObject","inLanguage":"fr-FR","@id":"https:\/\/228news.tg\/#\/schema\/person\/image\/","url":"https:\/\/secure.gravatar.com\/avatar\/9db91895c559e510509c33a3e9683998458e9b828fac36d5d1aa23f0f2fd369b?s=96&d=mm&r=g","contentUrl":"https:\/\/secure.gravatar.com\/avatar\/9db91895c559e510509c33a3e9683998458e9b828fac36d5d1aa23f0f2fd369b?s=96&d=mm&r=g","caption":"Bienvenu SAVI"},"url":"https:\/\/228news.tg\/index.php\/author\/bienvenu\/"}]}},"jetpack_featured_media_url":"https:\/\/228news.tg\/wp-content\/uploads\/2026\/04\/IMG-20260401-WA0150.jpg","_links":{"self":[{"href":"https:\/\/228news.tg\/index.php\/wp-json\/wp\/v2\/posts\/17035","targetHints":{"allow":["GET"]}}],"collection":[{"href":"https:\/\/228news.tg\/index.php\/wp-json\/wp\/v2\/posts"}],"about":[{"href":"https:\/\/228news.tg\/index.php\/wp-json\/wp\/v2\/types\/post"}],"author":[{"embeddable":true,"href":"https:\/\/228news.tg\/index.php\/wp-json\/wp\/v2\/users\/2"}],"replies":[{"embeddable":true,"href":"https:\/\/228news.tg\/index.php\/wp-json\/wp\/v2\/comments?post=17035"}],"version-history":[{"count":1,"href":"https:\/\/228news.tg\/index.php\/wp-json\/wp\/v2\/posts\/17035\/revisions"}],"predecessor-version":[{"id":17037,"href":"https:\/\/228news.tg\/index.php\/wp-json\/wp\/v2\/posts\/17035\/revisions\/17037"}],"wp:featuredmedia":[{"embeddable":true,"href":"https:\/\/228news.tg\/index.php\/wp-json\/wp\/v2\/media\/17036"}],"wp:attachment":[{"href":"https:\/\/228news.tg\/index.php\/wp-json\/wp\/v2\/media?parent=17035"}],"wp:term":[{"taxonomy":"category","embeddable":true,"href":"https:\/\/228news.tg\/index.php\/wp-json\/wp\/v2\/categories?post=17035"},{"taxonomy":"post_tag","embeddable":true,"href":"https:\/\/228news.tg\/index.php\/wp-json\/wp\/v2\/tags?post=17035"}],"curies":[{"name":"wp","href":"https:\/\/api.w.org\/{rel}","templated":true}]}}