{"id":17032,"date":"2026-03-27T20:38:18","date_gmt":"2026-03-27T20:38:18","guid":{"rendered":"https:\/\/228news.tg\/?p=17032"},"modified":"2026-03-27T20:38:18","modified_gmt":"2026-03-27T20:38:18","slug":"journees-fifa-debut-mitige-pour-patrice-neveu","status":"publish","type":"post","link":"https:\/\/228news.tg\/index.php\/2026\/03\/27\/journees-fifa-debut-mitige-pour-patrice-neveu\/","title":{"rendered":"Journ\u00e9es FIFA: d\u00e9but mitig\u00e9 pour Patrice Neveu"},"content":{"rendered":"<p>C\u2019est un go\u00fbt inachev\u00e9 laiss\u00e9 par Patrice Neveu et ses hommes. Pour ses d\u00e9buts ce vendredi 27 mars 2026 face au Syli national de Guin\u00e9e Conakry, le technicien tricolore a enregistr\u00e9 un nul d\u00e9cevant. D\u2019abord dominateurs, les \u00c9perviers ont montr\u00e9 leur f\u00e9brilit\u00e9 dans les derni\u00e8res minutes de la rencontre et sont rejoints par l\u2019\u00e9quipe de Duarte. Score final : 2 buts partout.<\/p>\n<p>Oppos\u00e9s au Syli national de Guin\u00e9e dirig\u00e9 par Paulo Duarte, les Togolais ont conc\u00e9d\u00e9 un match nul frustrant (2-2) ce vendredi 27 mars 2026, lors de leur premier match des journ\u00e9es FIFA.<br \/>\nPourtant, ils \u00e9taient dominateurs avec l\u2019avantage au score gr\u00e2ce aux buts de Kevin Denkey \u00e0 la 26e minute sur penalty et d\u2019Idjessi Metsoko, \u00e9galement sur penalty \u00e0 la 78e minute, les \u00c9perviers avaient l\u2019impression de ma\u00eetriser leur sujet.<br \/>\nMais la fin de match a totalement rebattu les cartes. Incapables de conserver leur avance, ils ont craqu\u00e9 dans les derni\u00e8res minutes. D\u2019abord sur une r\u00e9alisation de Mamady Ciss\u00e9 \u00e0 la 85e minute, puis sur une \u00e9galisation de Serhou Guirassy \u00e0 la 88e minute. Deux buts encaiss\u00e9s en l\u2019espace de trois minutes qui an\u00e9antissent les efforts d\u2019une grande partie de la rencontre.<br \/>\nLe s\u00e9lectionneur fran\u00e7ais et ses hommes devront rapidement tirer les le\u00e7ons de ce rel\u00e2chement coupable en fin de match pour mieux se racheter le 31 mars prochain face au Mena du Niger.<\/p>\n<p>Priska<\/p>\n","protected":false},"excerpt":{"rendered":"<p>C\u2019est un go\u00fbt inachev\u00e9 laiss\u00e9 par Patrice Neveu et ses hommes. Pour ses d\u00e9buts ce vendredi 27 mars 2026 face au Syli national de Guin\u00e9e Conakry, le technicien tricolore a enregistr\u00e9 un nul d\u00e9cevant. D\u2019abord dominateurs, les \u00c9perviers ont montr\u00e9 leur f\u00e9brilit\u00e9 dans les derni\u00e8res minutes de la rencontre et sont rejoints par l\u2019\u00e9quipe de &#8230; <a title=\"Journ\u00e9es FIFA: d\u00e9but mitig\u00e9 pour Patrice Neveu\" class=\"read-more\" href=\"https:\/\/228news.tg\/index.php\/2026\/03\/27\/journees-fifa-debut-mitige-pour-patrice-neveu\/\" aria-label=\"En savoir plus sur Journ\u00e9es FIFA: d\u00e9but mitig\u00e9 pour Patrice Neveu\">Lire la suite<\/a><\/p>\n","protected":false},"author":2,"featured_media":17033,"comment_status":"open","ping_status":"open","sticky":false,"template":"","format":"standard","meta":{"footnotes":""},"categories":[24,25],"tags":[],"class_list":["post-17032","post","type-post","status-publish","format-standard","has-post-thumbnail","hentry","category-sports","category-togo"],"yoast_head":"<!-- This site is optimized with the Yoast SEO plugin v26.4 - https:\/\/yoast.com\/wordpress\/plugins\/seo\/ -->\n<title>Journ\u00e9es FIFA: d\u00e9but mitig\u00e9 pour Patrice Neveu - 228 News<\/title>\n<meta name=\"robots\" content=\"index, follow, max-snippet:-1, max-image-preview:large, max-video-preview:-1\" \/>\n<link rel=\"canonical\" href=\"https:\/\/228news.tg\/index.php\/2026\/03\/27\/journees-fifa-debut-mitige-pour-patrice-neveu\/\" \/>\n<meta property=\"og:locale\" content=\"fr_FR\" \/>\n<meta property=\"og:type\" content=\"article\" \/>\n<meta property=\"og:title\" content=\"Journ\u00e9es FIFA: d\u00e9but mitig\u00e9 pour Patrice Neveu - 228 News\" \/>\n<meta property=\"og:description\" content=\"C\u2019est un go\u00fbt inachev\u00e9 laiss\u00e9 par Patrice Neveu et ses hommes. Pour ses d\u00e9buts ce vendredi 27 mars 2026 face au Syli national de Guin\u00e9e Conakry, le technicien tricolore a enregistr\u00e9 un nul d\u00e9cevant. D\u2019abord dominateurs, les \u00c9perviers ont montr\u00e9 leur f\u00e9brilit\u00e9 dans les derni\u00e8res minutes de la rencontre et sont rejoints par l\u2019\u00e9quipe de ... Lire la suite\" \/>\n<meta property=\"og:url\" content=\"https:\/\/228news.tg\/index.php\/2026\/03\/27\/journees-fifa-debut-mitige-pour-patrice-neveu\/\" \/>\n<meta property=\"og:site_name\" content=\"228 News\" \/>\n<meta property=\"article:published_time\" content=\"2026-03-27T20:38:18+00:00\" \/>\n<meta property=\"og:image\" content=\"https:\/\/228news.tg\/wp-content\/uploads\/2026\/03\/IMG-20260327-WA0162.jpg\" \/>\n\t<meta property=\"og:image:width\" content=\"2048\" \/>\n\t<meta property=\"og:image:height\" content=\"1366\" \/>\n\t<meta property=\"og:image:type\" content=\"image\/jpeg\" \/>\n<meta name=\"author\" content=\"Bienvenu SAVI\" \/>\n<meta name=\"twitter:card\" content=\"summary_large_image\" \/>\n<meta name=\"twitter:label1\" content=\"\u00c9crit par\" \/>\n\t<meta name=\"twitter:data1\" content=\"Bienvenu SAVI\" \/>\n\t<meta name=\"twitter:label2\" content=\"Dur\u00e9e de lecture estim\u00e9e\" \/>\n\t<meta name=\"twitter:data2\" content=\"2 minutes\" \/>\n<script type=\"application\/ld+json\" class=\"yoast-schema-graph\">{\"@context\":\"https:\/\/schema.org\",\"@graph\":[{\"@type\":\"Article\",\"@id\":\"https:\/\/228news.tg\/index.php\/2026\/03\/27\/journees-fifa-debut-mitige-pour-patrice-neveu\/#article\",\"isPartOf\":{\"@id\":\"https:\/\/228news.tg\/index.php\/2026\/03\/27\/journees-fifa-debut-mitige-pour-patrice-neveu\/\"},\"author\":{\"name\":\"Bienvenu SAVI\",\"@id\":\"https:\/\/228news.tg\/#\/schema\/person\/68d5a6cc0230290e61235c8379523f52\"},\"headline\":\"Journ\u00e9es FIFA: d\u00e9but mitig\u00e9 pour Patrice Neveu\",\"datePublished\":\"2026-03-27T20:38:18+00:00\",\"mainEntityOfPage\":{\"@id\":\"https:\/\/228news.tg\/index.php\/2026\/03\/27\/journees-fifa-debut-mitige-pour-patrice-neveu\/\"},\"wordCount\":254,\"commentCount\":0,\"publisher\":{\"@id\":\"https:\/\/228news.tg\/#organization\"},\"image\":{\"@id\":\"https:\/\/228news.tg\/index.php\/2026\/03\/27\/journees-fifa-debut-mitige-pour-patrice-neveu\/#primaryimage\"},\"thumbnailUrl\":\"https:\/\/228news.tg\/wp-content\/uploads\/2026\/03\/IMG-20260327-WA0162.jpg\",\"articleSection\":[\"SPORTS\",\"TOGO\"],\"inLanguage\":\"fr-FR\",\"potentialAction\":[{\"@type\":\"CommentAction\",\"name\":\"Comment\",\"target\":[\"https:\/\/228news.tg\/index.php\/2026\/03\/27\/journees-fifa-debut-mitige-pour-patrice-neveu\/#respond\"]}]},{\"@type\":\"WebPage\",\"@id\":\"https:\/\/228news.tg\/index.php\/2026\/03\/27\/journees-fifa-debut-mitige-pour-patrice-neveu\/\",\"url\":\"https:\/\/228news.tg\/index.php\/2026\/03\/27\/journees-fifa-debut-mitige-pour-patrice-neveu\/\",\"name\":\"Journ\u00e9es FIFA: d\u00e9but mitig\u00e9 pour Patrice Neveu - 228 News\",\"isPartOf\":{\"@id\":\"https:\/\/228news.tg\/#website\"},\"primaryImageOfPage\":{\"@id\":\"https:\/\/228news.tg\/index.php\/2026\/03\/27\/journees-fifa-debut-mitige-pour-patrice-neveu\/#primaryimage\"},\"image\":{\"@id\":\"https:\/\/228news.tg\/index.php\/2026\/03\/27\/journees-fifa-debut-mitige-pour-patrice-neveu\/#primaryimage\"},\"thumbnailUrl\":\"https:\/\/228news.tg\/wp-content\/uploads\/2026\/03\/IMG-20260327-WA0162.jpg\",\"datePublished\":\"2026-03-27T20:38:18+00:00\",\"breadcrumb\":{\"@id\":\"https:\/\/228news.tg\/index.php\/2026\/03\/27\/journees-fifa-debut-mitige-pour-patrice-neveu\/#breadcrumb\"},\"inLanguage\":\"fr-FR\",\"potentialAction\":[{\"@type\":\"ReadAction\",\"target\":[\"https:\/\/228news.tg\/index.php\/2026\/03\/27\/journees-fifa-debut-mitige-pour-patrice-neveu\/\"]}]},{\"@type\":\"ImageObject\",\"inLanguage\":\"fr-FR\",\"@id\":\"https:\/\/228news.tg\/index.php\/2026\/03\/27\/journees-fifa-debut-mitige-pour-patrice-neveu\/#primaryimage\",\"url\":\"https:\/\/228news.tg\/wp-content\/uploads\/2026\/03\/IMG-20260327-WA0162.jpg\",\"contentUrl\":\"https:\/\/228news.tg\/wp-content\/uploads\/2026\/03\/IMG-20260327-WA0162.jpg\",\"width\":2048,\"height\":1366},{\"@type\":\"BreadcrumbList\",\"@id\":\"https:\/\/228news.tg\/index.php\/2026\/03\/27\/journees-fifa-debut-mitige-pour-patrice-neveu\/#breadcrumb\",\"itemListElement\":[{\"@type\":\"ListItem\",\"position\":1,\"name\":\"Home\",\"item\":\"https:\/\/228news.tg\/\"},{\"@type\":\"ListItem\",\"position\":2,\"name\":\"Journ\u00e9es FIFA: d\u00e9but mitig\u00e9 pour Patrice Neveu\"}]},{\"@type\":\"WebSite\",\"@id\":\"https:\/\/228news.tg\/#website\",\"url\":\"https:\/\/228news.tg\/\",\"name\":\"228 News\",\"description\":\"Soci\u00e9t\u00e9 de m\u00e9dias et d\u2019actualit\u00e9s\",\"publisher\":{\"@id\":\"https:\/\/228news.tg\/#organization\"},\"potentialAction\":[{\"@type\":\"SearchAction\",\"target\":{\"@type\":\"EntryPoint\",\"urlTemplate\":\"https:\/\/228news.tg\/?s={search_term_string}\"},\"query-input\":{\"@type\":\"PropertyValueSpecification\",\"valueRequired\":true,\"valueName\":\"search_term_string\"}}],\"inLanguage\":\"fr-FR\"},{\"@type\":\"Organization\",\"@id\":\"https:\/\/228news.tg\/#organization\",\"name\":\"228 News\",\"url\":\"https:\/\/228news.tg\/\",\"logo\":{\"@type\":\"ImageObject\",\"inLanguage\":\"fr-FR\",\"@id\":\"https:\/\/228news.tg\/#\/schema\/logo\/image\/\",\"url\":\"https:\/\/228news.tg\/wp-content\/uploads\/2024\/09\/logonew.png\",\"contentUrl\":\"https:\/\/228news.tg\/wp-content\/uploads\/2024\/09\/logonew.png\",\"width\":1640,\"height\":364,\"caption\":\"228 News\"},\"image\":{\"@id\":\"https:\/\/228news.tg\/#\/schema\/logo\/image\/\"}},{\"@type\":\"Person\",\"@id\":\"https:\/\/228news.tg\/#\/schema\/person\/68d5a6cc0230290e61235c8379523f52\",\"name\":\"Bienvenu SAVI\",\"image\":{\"@type\":\"ImageObject\",\"inLanguage\":\"fr-FR\",\"@id\":\"https:\/\/228news.tg\/#\/schema\/person\/image\/\",\"url\":\"https:\/\/secure.gravatar.com\/avatar\/9db91895c559e510509c33a3e9683998458e9b828fac36d5d1aa23f0f2fd369b?s=96&d=mm&r=g\",\"contentUrl\":\"https:\/\/secure.gravatar.com\/avatar\/9db91895c559e510509c33a3e9683998458e9b828fac36d5d1aa23f0f2fd369b?s=96&d=mm&r=g\",\"caption\":\"Bienvenu SAVI\"},\"url\":\"https:\/\/228news.tg\/index.php\/author\/bienvenu\/\"}]}<\/script>\n<!-- \/ Yoast SEO plugin. -->","yoast_head_json":{"title":"Journ\u00e9es FIFA: d\u00e9but mitig\u00e9 pour Patrice Neveu - 228 News","robots":{"index":"index","follow":"follow","max-snippet":"max-snippet:-1","max-image-preview":"max-image-preview:large","max-video-preview":"max-video-preview:-1"},"canonical":"https:\/\/228news.tg\/index.php\/2026\/03\/27\/journees-fifa-debut-mitige-pour-patrice-neveu\/","og_locale":"fr_FR","og_type":"article","og_title":"Journ\u00e9es FIFA: d\u00e9but mitig\u00e9 pour Patrice Neveu - 228 News","og_description":"C\u2019est un go\u00fbt inachev\u00e9 laiss\u00e9 par Patrice Neveu et ses hommes. Pour ses d\u00e9buts ce vendredi 27 mars 2026 face au Syli national de Guin\u00e9e Conakry, le technicien tricolore a enregistr\u00e9 un nul d\u00e9cevant. D\u2019abord dominateurs, les \u00c9perviers ont montr\u00e9 leur f\u00e9brilit\u00e9 dans les derni\u00e8res minutes de la rencontre et sont rejoints par l\u2019\u00e9quipe de ... Lire la suite","og_url":"https:\/\/228news.tg\/index.php\/2026\/03\/27\/journees-fifa-debut-mitige-pour-patrice-neveu\/","og_site_name":"228 News","article_published_time":"2026-03-27T20:38:18+00:00","og_image":[{"width":2048,"height":1366,"url":"https:\/\/228news.tg\/wp-content\/uploads\/2026\/03\/IMG-20260327-WA0162.jpg","type":"image\/jpeg"}],"author":"Bienvenu SAVI","twitter_card":"summary_large_image","twitter_misc":{"\u00c9crit par":"Bienvenu SAVI","Dur\u00e9e de lecture estim\u00e9e":"2 minutes"},"schema":{"@context":"https:\/\/schema.org","@graph":[{"@type":"Article","@id":"https:\/\/228news.tg\/index.php\/2026\/03\/27\/journees-fifa-debut-mitige-pour-patrice-neveu\/#article","isPartOf":{"@id":"https:\/\/228news.tg\/index.php\/2026\/03\/27\/journees-fifa-debut-mitige-pour-patrice-neveu\/"},"author":{"name":"Bienvenu SAVI","@id":"https:\/\/228news.tg\/#\/schema\/person\/68d5a6cc0230290e61235c8379523f52"},"headline":"Journ\u00e9es FIFA: d\u00e9but mitig\u00e9 pour Patrice Neveu","datePublished":"2026-03-27T20:38:18+00:00","mainEntityOfPage":{"@id":"https:\/\/228news.tg\/index.php\/2026\/03\/27\/journees-fifa-debut-mitige-pour-patrice-neveu\/"},"wordCount":254,"commentCount":0,"publisher":{"@id":"https:\/\/228news.tg\/#organization"},"image":{"@id":"https:\/\/228news.tg\/index.php\/2026\/03\/27\/journees-fifa-debut-mitige-pour-patrice-neveu\/#primaryimage"},"thumbnailUrl":"https:\/\/228news.tg\/wp-content\/uploads\/2026\/03\/IMG-20260327-WA0162.jpg","articleSection":["SPORTS","TOGO"],"inLanguage":"fr-FR","potentialAction":[{"@type":"CommentAction","name":"Comment","target":["https:\/\/228news.tg\/index.php\/2026\/03\/27\/journees-fifa-debut-mitige-pour-patrice-neveu\/#respond"]}]},{"@type":"WebPage","@id":"https:\/\/228news.tg\/index.php\/2026\/03\/27\/journees-fifa-debut-mitige-pour-patrice-neveu\/","url":"https:\/\/228news.tg\/index.php\/2026\/03\/27\/journees-fifa-debut-mitige-pour-patrice-neveu\/","name":"Journ\u00e9es FIFA: d\u00e9but mitig\u00e9 pour Patrice Neveu - 228 News","isPartOf":{"@id":"https:\/\/228news.tg\/#website"},"primaryImageOfPage":{"@id":"https:\/\/228news.tg\/index.php\/2026\/03\/27\/journees-fifa-debut-mitige-pour-patrice-neveu\/#primaryimage"},"image":{"@id":"https:\/\/228news.tg\/index.php\/2026\/03\/27\/journees-fifa-debut-mitige-pour-patrice-neveu\/#primaryimage"},"thumbnailUrl":"https:\/\/228news.tg\/wp-content\/uploads\/2026\/03\/IMG-20260327-WA0162.jpg","datePublished":"2026-03-27T20:38:18+00:00","breadcrumb":{"@id":"https:\/\/228news.tg\/index.php\/2026\/03\/27\/journees-fifa-debut-mitige-pour-patrice-neveu\/#breadcrumb"},"inLanguage":"fr-FR","potentialAction":[{"@type":"ReadAction","target":["https:\/\/228news.tg\/index.php\/2026\/03\/27\/journees-fifa-debut-mitige-pour-patrice-neveu\/"]}]},{"@type":"ImageObject","inLanguage":"fr-FR","@id":"https:\/\/228news.tg\/index.php\/2026\/03\/27\/journees-fifa-debut-mitige-pour-patrice-neveu\/#primaryimage","url":"https:\/\/228news.tg\/wp-content\/uploads\/2026\/03\/IMG-20260327-WA0162.jpg","contentUrl":"https:\/\/228news.tg\/wp-content\/uploads\/2026\/03\/IMG-20260327-WA0162.jpg","width":2048,"height":1366},{"@type":"BreadcrumbList","@id":"https:\/\/228news.tg\/index.php\/2026\/03\/27\/journees-fifa-debut-mitige-pour-patrice-neveu\/#breadcrumb","itemListElement":[{"@type":"ListItem","position":1,"name":"Home","item":"https:\/\/228news.tg\/"},{"@type":"ListItem","position":2,"name":"Journ\u00e9es FIFA: d\u00e9but mitig\u00e9 pour Patrice Neveu"}]},{"@type":"WebSite","@id":"https:\/\/228news.tg\/#website","url":"https:\/\/228news.tg\/","name":"228 News","description":"Soci\u00e9t\u00e9 de m\u00e9dias et d\u2019actualit\u00e9s","publisher":{"@id":"https:\/\/228news.tg\/#organization"},"potentialAction":[{"@type":"SearchAction","target":{"@type":"EntryPoint","urlTemplate":"https:\/\/228news.tg\/?s={search_term_string}"},"query-input":{"@type":"PropertyValueSpecification","valueRequired":true,"valueName":"search_term_string"}}],"inLanguage":"fr-FR"},{"@type":"Organization","@id":"https:\/\/228news.tg\/#organization","name":"228 News","url":"https:\/\/228news.tg\/","logo":{"@type":"ImageObject","inLanguage":"fr-FR","@id":"https:\/\/228news.tg\/#\/schema\/logo\/image\/","url":"https:\/\/228news.tg\/wp-content\/uploads\/2024\/09\/logonew.png","contentUrl":"https:\/\/228news.tg\/wp-content\/uploads\/2024\/09\/logonew.png","width":1640,"height":364,"caption":"228 News"},"image":{"@id":"https:\/\/228news.tg\/#\/schema\/logo\/image\/"}},{"@type":"Person","@id":"https:\/\/228news.tg\/#\/schema\/person\/68d5a6cc0230290e61235c8379523f52","name":"Bienvenu SAVI","image":{"@type":"ImageObject","inLanguage":"fr-FR","@id":"https:\/\/228news.tg\/#\/schema\/person\/image\/","url":"https:\/\/secure.gravatar.com\/avatar\/9db91895c559e510509c33a3e9683998458e9b828fac36d5d1aa23f0f2fd369b?s=96&d=mm&r=g","contentUrl":"https:\/\/secure.gravatar.com\/avatar\/9db91895c559e510509c33a3e9683998458e9b828fac36d5d1aa23f0f2fd369b?s=96&d=mm&r=g","caption":"Bienvenu SAVI"},"url":"https:\/\/228news.tg\/index.php\/author\/bienvenu\/"}]}},"jetpack_featured_media_url":"https:\/\/228news.tg\/wp-content\/uploads\/2026\/03\/IMG-20260327-WA0162.jpg","_links":{"self":[{"href":"https:\/\/228news.tg\/index.php\/wp-json\/wp\/v2\/posts\/17032","targetHints":{"allow":["GET"]}}],"collection":[{"href":"https:\/\/228news.tg\/index.php\/wp-json\/wp\/v2\/posts"}],"about":[{"href":"https:\/\/228news.tg\/index.php\/wp-json\/wp\/v2\/types\/post"}],"author":[{"embeddable":true,"href":"https:\/\/228news.tg\/index.php\/wp-json\/wp\/v2\/users\/2"}],"replies":[{"embeddable":true,"href":"https:\/\/228news.tg\/index.php\/wp-json\/wp\/v2\/comments?post=17032"}],"version-history":[{"count":1,"href":"https:\/\/228news.tg\/index.php\/wp-json\/wp\/v2\/posts\/17032\/revisions"}],"predecessor-version":[{"id":17034,"href":"https:\/\/228news.tg\/index.php\/wp-json\/wp\/v2\/posts\/17032\/revisions\/17034"}],"wp:featuredmedia":[{"embeddable":true,"href":"https:\/\/228news.tg\/index.php\/wp-json\/wp\/v2\/media\/17033"}],"wp:attachment":[{"href":"https:\/\/228news.tg\/index.php\/wp-json\/wp\/v2\/media?parent=17032"}],"wp:term":[{"taxonomy":"category","embeddable":true,"href":"https:\/\/228news.tg\/index.php\/wp-json\/wp\/v2\/categories?post=17032"},{"taxonomy":"post_tag","embeddable":true,"href":"https:\/\/228news.tg\/index.php\/wp-json\/wp\/v2\/tags?post=17032"}],"curies":[{"name":"wp","href":"https:\/\/api.w.org\/{rel}","templated":true}]}}