{"id":17028,"date":"2026-03-23T17:56:00","date_gmt":"2026-03-23T17:56:00","guid":{"rendered":"https:\/\/228news.tg\/?p=17028"},"modified":"2026-03-27T17:58:21","modified_gmt":"2026-03-27T17:58:21","slug":"journee-mondiale-de-leau-le-togo-opte-pour-une-celebration-des-realisations-fantomes","status":"publish","type":"post","link":"https:\/\/228news.tg\/index.php\/2026\/03\/23\/journee-mondiale-de-leau-le-togo-opte-pour-une-celebration-des-realisations-fantomes\/","title":{"rendered":"Journ\u00e9e mondiale de l\u2019eau : le Togo opte pour une c\u00e9l\u00e9bration des r\u00e9alisations fant\u00f4mes"},"content":{"rendered":"<p>Des r\u00e9alisations fant\u00f4mes. Des chiffres aux antip\u00f4des de ce qui se vit sur le terrain. Voil\u00e0 en quoi consiste la c\u00e9l\u00e9bration de la Journ\u00e9e mondiale de l\u2019eau 2026 par le Togo. Plusieurs localit\u00e9s du pays vivent encore le manque criard d\u2019eau, surtout l\u2019eau potable. Une r\u00e9alit\u00e9 que les autorit\u00e9s n\u2019ont jamais accept\u00e9e et pr\u00e9f\u00e8rent une communication avec des chiffres maquill\u00e9s.<\/p>\n<p>Au lieu donc de reconna\u00eetre que la politique de desserte en eau au Togo est un \u00e9chec et \u0153uvrer pour la mise en place des infrastructures ad\u00e9quates susceptibles de relever les vrais d\u00e9fis des populations en terme d\u2019adduction d\u2019eau , le Togo a choisi de c\u00e9l\u00e9brer des chiffres fant\u00f4mes. \u00c0 l\u2019occasion de la Journ\u00e9e mondiale de l\u2019eau, les autorit\u00e9s ont ainsi mis en avant des donn\u00e9es qui n\u2019ont jamais \u00e9t\u00e9 vraies, loin de refl\u00e9ter le v\u00e9cu quotidien des citoyens.<\/p>\n<p>En effet, alors que l\u2019eau potable demeure une denr\u00e9e rare dans de nombreuses localit\u00e9s du pays, les autorit\u00e9s semblent privil\u00e9gier la communication autour de statistiques pr\u00e9sent\u00e9es comme des avanc\u00e9es significatives. Sur le papier, les taux d\u2019acc\u00e8s \u00e0 l\u2019eau potable connaissent une progression encourageante et rapproche le pays de son objectif de 100% horizon 2030. Dans les faits, cependant, des milliers de Togolais continuent de parcourir de longues distances chaque jour dans l\u2019espoir de trouver quelques litres d\u2019eau, peu importe la qualit\u00e9 et souvent impropre \u00e0 la consommation.<\/p>\n<p>Dans plusieurs localit\u00e9s du pays, la qu\u00eate de l\u2019eau potable est un v\u00e9ritable calvaire. Inexistence d\u2019infrastructures ou vieillissantes , et les coupures d\u2019eau fr\u00e9quentes aggravent une situation d\u00e9j\u00e0 critique. Ainsi donc, la c\u00e9l\u00e9bration de la Journ\u00e9e mondiale de l\u2019eau a un go\u00fbt amer, tant elle contraste avec leur quotidien fait de privations et de frustrations.<\/p>\n<p>Par ailleurs, au cours des trois derni\u00e8res ann\u00e9es, des montants importants ont \u00e9t\u00e9 officiellement allou\u00e9s au secteur de l\u2019eau, notamment environ 72 milliards de FCFA en 2024, 65 milliards de FCFA en 2023 et pr\u00e8s de 60 milliards de FCFA en 2022. Des chiffres qui, malgr\u00e9 leur importance, peinent \u00e0 se traduire par une am\u00e9lioration tangible des conditions d\u2019acc\u00e8s \u00e0 l\u2019eau potable pour les populations.<\/p>\n<p>Ce d\u00e9calage entre les chiffres officiels et la r\u00e9alit\u00e9 v\u00e9cue pose la probl\u00e9matique de l\u2019efficacit\u00e9 des politiques publiques en mati\u00e8re d\u2019acc\u00e8s \u00e0 l\u2019eau. Peut-on r\u00e9ellement parler de progr\u00e8s lorsque l\u2019acc\u00e8s \u00e0 cette ressource essentielle reste un luxe pour une grande partie de la population ?<\/p>\n<p>Plus qu\u2019une simple comm\u00e9moration, la Journ\u00e9e mondiale de l\u2019eau devrait \u00eatre une occasion de r\u00e9flexion et d\u2019actions concr\u00e8tes. Au-del\u00e0 des statistiques, c\u2019est le bien-\u00eatre r\u00e9el des populations qui doit primer. L\u2019acc\u00e8s \u00e0 l\u2019eau n\u2019est pas qu\u2019un indicateur de d\u00e9veloppement. Elle est avant tout un droit fondamental, dont la satisfaction ne saurait se limiter \u00e0 des chiffres inscrits sur du papier.<\/p>\n<p>Priska<\/p>\n<p>&nbsp;<\/p>\n<p>&nbsp;<\/p>\n<p>&nbsp;<\/p>\n<p>&nbsp;<\/p>\n","protected":false},"excerpt":{"rendered":"<p>Des r\u00e9alisations fant\u00f4mes. Des chiffres aux antip\u00f4des de ce qui se vit sur le terrain. Voil\u00e0 en quoi consiste la c\u00e9l\u00e9bration de la Journ\u00e9e mondiale de l\u2019eau 2026 par le Togo. Plusieurs localit\u00e9s du pays vivent encore le manque criard d\u2019eau, surtout l\u2019eau potable. Une r\u00e9alit\u00e9 que les autorit\u00e9s n\u2019ont jamais accept\u00e9e et pr\u00e9f\u00e8rent une &#8230; <a title=\"Journ\u00e9e mondiale de l\u2019eau : le Togo opte pour une c\u00e9l\u00e9bration des r\u00e9alisations fant\u00f4mes\" class=\"read-more\" href=\"https:\/\/228news.tg\/index.php\/2026\/03\/23\/journee-mondiale-de-leau-le-togo-opte-pour-une-celebration-des-realisations-fantomes\/\" aria-label=\"En savoir plus sur Journ\u00e9e mondiale de l\u2019eau : le Togo opte pour une c\u00e9l\u00e9bration des r\u00e9alisations fant\u00f4mes\">Lire la suite<\/a><\/p>\n","protected":false},"author":2,"featured_media":17029,"comment_status":"open","ping_status":"open","sticky":false,"template":"","format":"standard","meta":{"footnotes":""},"categories":[29,25],"tags":[],"class_list":["post-17028","post","type-post","status-publish","format-standard","has-post-thumbnail","hentry","category-societe","category-togo"],"yoast_head":"<!-- This site is optimized with the Yoast SEO plugin v26.4 - https:\/\/yoast.com\/wordpress\/plugins\/seo\/ -->\n<title>Journ\u00e9e mondiale de l\u2019eau : le Togo opte pour une c\u00e9l\u00e9bration des r\u00e9alisations fant\u00f4mes - 228 News<\/title>\n<meta name=\"robots\" content=\"index, follow, max-snippet:-1, max-image-preview:large, max-video-preview:-1\" \/>\n<link rel=\"canonical\" href=\"https:\/\/228news.tg\/index.php\/2026\/03\/23\/journee-mondiale-de-leau-le-togo-opte-pour-une-celebration-des-realisations-fantomes\/\" \/>\n<meta property=\"og:locale\" content=\"fr_FR\" \/>\n<meta property=\"og:type\" content=\"article\" \/>\n<meta property=\"og:title\" content=\"Journ\u00e9e mondiale de l\u2019eau : le Togo opte pour une c\u00e9l\u00e9bration des r\u00e9alisations fant\u00f4mes - 228 News\" \/>\n<meta property=\"og:description\" content=\"Des r\u00e9alisations fant\u00f4mes. Des chiffres aux antip\u00f4des de ce qui se vit sur le terrain. Voil\u00e0 en quoi consiste la c\u00e9l\u00e9bration de la Journ\u00e9e mondiale de l\u2019eau 2026 par le Togo. Plusieurs localit\u00e9s du pays vivent encore le manque criard d\u2019eau, surtout l\u2019eau potable. Une r\u00e9alit\u00e9 que les autorit\u00e9s n\u2019ont jamais accept\u00e9e et pr\u00e9f\u00e8rent une ... Lire la suite\" \/>\n<meta property=\"og:url\" content=\"https:\/\/228news.tg\/index.php\/2026\/03\/23\/journee-mondiale-de-leau-le-togo-opte-pour-une-celebration-des-realisations-fantomes\/\" \/>\n<meta property=\"og:site_name\" content=\"228 News\" \/>\n<meta property=\"article:published_time\" content=\"2026-03-23T17:56:00+00:00\" \/>\n<meta property=\"article:modified_time\" content=\"2026-03-27T17:58:21+00:00\" \/>\n<meta property=\"og:image\" content=\"https:\/\/228news.tg\/wp-content\/uploads\/2026\/03\/IMG-20260324-WA0275.jpg\" \/>\n\t<meta property=\"og:image:width\" content=\"500\" \/>\n\t<meta property=\"og:image:height\" content=\"333\" \/>\n\t<meta property=\"og:image:type\" content=\"image\/jpeg\" \/>\n<meta name=\"author\" content=\"Bienvenu SAVI\" \/>\n<meta name=\"twitter:card\" content=\"summary_large_image\" \/>\n<meta name=\"twitter:label1\" content=\"\u00c9crit par\" \/>\n\t<meta name=\"twitter:data1\" content=\"Bienvenu SAVI\" \/>\n\t<meta name=\"twitter:label2\" content=\"Dur\u00e9e de lecture estim\u00e9e\" \/>\n\t<meta name=\"twitter:data2\" content=\"3 minutes\" \/>\n<script type=\"application\/ld+json\" class=\"yoast-schema-graph\">{\"@context\":\"https:\/\/schema.org\",\"@graph\":[{\"@type\":\"Article\",\"@id\":\"https:\/\/228news.tg\/index.php\/2026\/03\/23\/journee-mondiale-de-leau-le-togo-opte-pour-une-celebration-des-realisations-fantomes\/#article\",\"isPartOf\":{\"@id\":\"https:\/\/228news.tg\/index.php\/2026\/03\/23\/journee-mondiale-de-leau-le-togo-opte-pour-une-celebration-des-realisations-fantomes\/\"},\"author\":{\"name\":\"Bienvenu SAVI\",\"@id\":\"https:\/\/228news.tg\/#\/schema\/person\/68d5a6cc0230290e61235c8379523f52\"},\"headline\":\"Journ\u00e9e mondiale de l\u2019eau : le Togo opte pour une c\u00e9l\u00e9bration des r\u00e9alisations fant\u00f4mes\",\"datePublished\":\"2026-03-23T17:56:00+00:00\",\"dateModified\":\"2026-03-27T17:58:21+00:00\",\"mainEntityOfPage\":{\"@id\":\"https:\/\/228news.tg\/index.php\/2026\/03\/23\/journee-mondiale-de-leau-le-togo-opte-pour-une-celebration-des-realisations-fantomes\/\"},\"wordCount\":551,\"commentCount\":0,\"publisher\":{\"@id\":\"https:\/\/228news.tg\/#organization\"},\"image\":{\"@id\":\"https:\/\/228news.tg\/index.php\/2026\/03\/23\/journee-mondiale-de-leau-le-togo-opte-pour-une-celebration-des-realisations-fantomes\/#primaryimage\"},\"thumbnailUrl\":\"https:\/\/228news.tg\/wp-content\/uploads\/2026\/03\/IMG-20260324-WA0275.jpg\",\"articleSection\":[\"SOCIETE\",\"TOGO\"],\"inLanguage\":\"fr-FR\",\"potentialAction\":[{\"@type\":\"CommentAction\",\"name\":\"Comment\",\"target\":[\"https:\/\/228news.tg\/index.php\/2026\/03\/23\/journee-mondiale-de-leau-le-togo-opte-pour-une-celebration-des-realisations-fantomes\/#respond\"]}]},{\"@type\":\"WebPage\",\"@id\":\"https:\/\/228news.tg\/index.php\/2026\/03\/23\/journee-mondiale-de-leau-le-togo-opte-pour-une-celebration-des-realisations-fantomes\/\",\"url\":\"https:\/\/228news.tg\/index.php\/2026\/03\/23\/journee-mondiale-de-leau-le-togo-opte-pour-une-celebration-des-realisations-fantomes\/\",\"name\":\"Journ\u00e9e mondiale de l\u2019eau : le Togo opte pour une c\u00e9l\u00e9bration des r\u00e9alisations fant\u00f4mes - 228 News\",\"isPartOf\":{\"@id\":\"https:\/\/228news.tg\/#website\"},\"primaryImageOfPage\":{\"@id\":\"https:\/\/228news.tg\/index.php\/2026\/03\/23\/journee-mondiale-de-leau-le-togo-opte-pour-une-celebration-des-realisations-fantomes\/#primaryimage\"},\"image\":{\"@id\":\"https:\/\/228news.tg\/index.php\/2026\/03\/23\/journee-mondiale-de-leau-le-togo-opte-pour-une-celebration-des-realisations-fantomes\/#primaryimage\"},\"thumbnailUrl\":\"https:\/\/228news.tg\/wp-content\/uploads\/2026\/03\/IMG-20260324-WA0275.jpg\",\"datePublished\":\"2026-03-23T17:56:00+00:00\",\"dateModified\":\"2026-03-27T17:58:21+00:00\",\"breadcrumb\":{\"@id\":\"https:\/\/228news.tg\/index.php\/2026\/03\/23\/journee-mondiale-de-leau-le-togo-opte-pour-une-celebration-des-realisations-fantomes\/#breadcrumb\"},\"inLanguage\":\"fr-FR\",\"potentialAction\":[{\"@type\":\"ReadAction\",\"target\":[\"https:\/\/228news.tg\/index.php\/2026\/03\/23\/journee-mondiale-de-leau-le-togo-opte-pour-une-celebration-des-realisations-fantomes\/\"]}]},{\"@type\":\"ImageObject\",\"inLanguage\":\"fr-FR\",\"@id\":\"https:\/\/228news.tg\/index.php\/2026\/03\/23\/journee-mondiale-de-leau-le-togo-opte-pour-une-celebration-des-realisations-fantomes\/#primaryimage\",\"url\":\"https:\/\/228news.tg\/wp-content\/uploads\/2026\/03\/IMG-20260324-WA0275.jpg\",\"contentUrl\":\"https:\/\/228news.tg\/wp-content\/uploads\/2026\/03\/IMG-20260324-WA0275.jpg\",\"width\":500,\"height\":333},{\"@type\":\"BreadcrumbList\",\"@id\":\"https:\/\/228news.tg\/index.php\/2026\/03\/23\/journee-mondiale-de-leau-le-togo-opte-pour-une-celebration-des-realisations-fantomes\/#breadcrumb\",\"itemListElement\":[{\"@type\":\"ListItem\",\"position\":1,\"name\":\"Home\",\"item\":\"https:\/\/228news.tg\/\"},{\"@type\":\"ListItem\",\"position\":2,\"name\":\"Journ\u00e9e mondiale de l\u2019eau : le Togo opte pour une c\u00e9l\u00e9bration des r\u00e9alisations fant\u00f4mes\"}]},{\"@type\":\"WebSite\",\"@id\":\"https:\/\/228news.tg\/#website\",\"url\":\"https:\/\/228news.tg\/\",\"name\":\"228 News\",\"description\":\"Soci\u00e9t\u00e9 de m\u00e9dias et d\u2019actualit\u00e9s\",\"publisher\":{\"@id\":\"https:\/\/228news.tg\/#organization\"},\"potentialAction\":[{\"@type\":\"SearchAction\",\"target\":{\"@type\":\"EntryPoint\",\"urlTemplate\":\"https:\/\/228news.tg\/?s={search_term_string}\"},\"query-input\":{\"@type\":\"PropertyValueSpecification\",\"valueRequired\":true,\"valueName\":\"search_term_string\"}}],\"inLanguage\":\"fr-FR\"},{\"@type\":\"Organization\",\"@id\":\"https:\/\/228news.tg\/#organization\",\"name\":\"228 News\",\"url\":\"https:\/\/228news.tg\/\",\"logo\":{\"@type\":\"ImageObject\",\"inLanguage\":\"fr-FR\",\"@id\":\"https:\/\/228news.tg\/#\/schema\/logo\/image\/\",\"url\":\"https:\/\/228news.tg\/wp-content\/uploads\/2024\/09\/logonew.png\",\"contentUrl\":\"https:\/\/228news.tg\/wp-content\/uploads\/2024\/09\/logonew.png\",\"width\":1640,\"height\":364,\"caption\":\"228 News\"},\"image\":{\"@id\":\"https:\/\/228news.tg\/#\/schema\/logo\/image\/\"}},{\"@type\":\"Person\",\"@id\":\"https:\/\/228news.tg\/#\/schema\/person\/68d5a6cc0230290e61235c8379523f52\",\"name\":\"Bienvenu SAVI\",\"image\":{\"@type\":\"ImageObject\",\"inLanguage\":\"fr-FR\",\"@id\":\"https:\/\/228news.tg\/#\/schema\/person\/image\/\",\"url\":\"https:\/\/secure.gravatar.com\/avatar\/9db91895c559e510509c33a3e9683998458e9b828fac36d5d1aa23f0f2fd369b?s=96&d=mm&r=g\",\"contentUrl\":\"https:\/\/secure.gravatar.com\/avatar\/9db91895c559e510509c33a3e9683998458e9b828fac36d5d1aa23f0f2fd369b?s=96&d=mm&r=g\",\"caption\":\"Bienvenu SAVI\"},\"url\":\"https:\/\/228news.tg\/index.php\/author\/bienvenu\/\"}]}<\/script>\n<!-- \/ Yoast SEO plugin. -->","yoast_head_json":{"title":"Journ\u00e9e mondiale de l\u2019eau : le Togo opte pour une c\u00e9l\u00e9bration des r\u00e9alisations fant\u00f4mes - 228 News","robots":{"index":"index","follow":"follow","max-snippet":"max-snippet:-1","max-image-preview":"max-image-preview:large","max-video-preview":"max-video-preview:-1"},"canonical":"https:\/\/228news.tg\/index.php\/2026\/03\/23\/journee-mondiale-de-leau-le-togo-opte-pour-une-celebration-des-realisations-fantomes\/","og_locale":"fr_FR","og_type":"article","og_title":"Journ\u00e9e mondiale de l\u2019eau : le Togo opte pour une c\u00e9l\u00e9bration des r\u00e9alisations fant\u00f4mes - 228 News","og_description":"Des r\u00e9alisations fant\u00f4mes. Des chiffres aux antip\u00f4des de ce qui se vit sur le terrain. Voil\u00e0 en quoi consiste la c\u00e9l\u00e9bration de la Journ\u00e9e mondiale de l\u2019eau 2026 par le Togo. Plusieurs localit\u00e9s du pays vivent encore le manque criard d\u2019eau, surtout l\u2019eau potable. Une r\u00e9alit\u00e9 que les autorit\u00e9s n\u2019ont jamais accept\u00e9e et pr\u00e9f\u00e8rent une ... Lire la suite","og_url":"https:\/\/228news.tg\/index.php\/2026\/03\/23\/journee-mondiale-de-leau-le-togo-opte-pour-une-celebration-des-realisations-fantomes\/","og_site_name":"228 News","article_published_time":"2026-03-23T17:56:00+00:00","article_modified_time":"2026-03-27T17:58:21+00:00","og_image":[{"width":500,"height":333,"url":"https:\/\/228news.tg\/wp-content\/uploads\/2026\/03\/IMG-20260324-WA0275.jpg","type":"image\/jpeg"}],"author":"Bienvenu SAVI","twitter_card":"summary_large_image","twitter_misc":{"\u00c9crit par":"Bienvenu SAVI","Dur\u00e9e de lecture estim\u00e9e":"3 minutes"},"schema":{"@context":"https:\/\/schema.org","@graph":[{"@type":"Article","@id":"https:\/\/228news.tg\/index.php\/2026\/03\/23\/journee-mondiale-de-leau-le-togo-opte-pour-une-celebration-des-realisations-fantomes\/#article","isPartOf":{"@id":"https:\/\/228news.tg\/index.php\/2026\/03\/23\/journee-mondiale-de-leau-le-togo-opte-pour-une-celebration-des-realisations-fantomes\/"},"author":{"name":"Bienvenu SAVI","@id":"https:\/\/228news.tg\/#\/schema\/person\/68d5a6cc0230290e61235c8379523f52"},"headline":"Journ\u00e9e mondiale de l\u2019eau : le Togo opte pour une c\u00e9l\u00e9bration des r\u00e9alisations fant\u00f4mes","datePublished":"2026-03-23T17:56:00+00:00","dateModified":"2026-03-27T17:58:21+00:00","mainEntityOfPage":{"@id":"https:\/\/228news.tg\/index.php\/2026\/03\/23\/journee-mondiale-de-leau-le-togo-opte-pour-une-celebration-des-realisations-fantomes\/"},"wordCount":551,"commentCount":0,"publisher":{"@id":"https:\/\/228news.tg\/#organization"},"image":{"@id":"https:\/\/228news.tg\/index.php\/2026\/03\/23\/journee-mondiale-de-leau-le-togo-opte-pour-une-celebration-des-realisations-fantomes\/#primaryimage"},"thumbnailUrl":"https:\/\/228news.tg\/wp-content\/uploads\/2026\/03\/IMG-20260324-WA0275.jpg","articleSection":["SOCIETE","TOGO"],"inLanguage":"fr-FR","potentialAction":[{"@type":"CommentAction","name":"Comment","target":["https:\/\/228news.tg\/index.php\/2026\/03\/23\/journee-mondiale-de-leau-le-togo-opte-pour-une-celebration-des-realisations-fantomes\/#respond"]}]},{"@type":"WebPage","@id":"https:\/\/228news.tg\/index.php\/2026\/03\/23\/journee-mondiale-de-leau-le-togo-opte-pour-une-celebration-des-realisations-fantomes\/","url":"https:\/\/228news.tg\/index.php\/2026\/03\/23\/journee-mondiale-de-leau-le-togo-opte-pour-une-celebration-des-realisations-fantomes\/","name":"Journ\u00e9e mondiale de l\u2019eau : le Togo opte pour une c\u00e9l\u00e9bration des r\u00e9alisations fant\u00f4mes - 228 News","isPartOf":{"@id":"https:\/\/228news.tg\/#website"},"primaryImageOfPage":{"@id":"https:\/\/228news.tg\/index.php\/2026\/03\/23\/journee-mondiale-de-leau-le-togo-opte-pour-une-celebration-des-realisations-fantomes\/#primaryimage"},"image":{"@id":"https:\/\/228news.tg\/index.php\/2026\/03\/23\/journee-mondiale-de-leau-le-togo-opte-pour-une-celebration-des-realisations-fantomes\/#primaryimage"},"thumbnailUrl":"https:\/\/228news.tg\/wp-content\/uploads\/2026\/03\/IMG-20260324-WA0275.jpg","datePublished":"2026-03-23T17:56:00+00:00","dateModified":"2026-03-27T17:58:21+00:00","breadcrumb":{"@id":"https:\/\/228news.tg\/index.php\/2026\/03\/23\/journee-mondiale-de-leau-le-togo-opte-pour-une-celebration-des-realisations-fantomes\/#breadcrumb"},"inLanguage":"fr-FR","potentialAction":[{"@type":"ReadAction","target":["https:\/\/228news.tg\/index.php\/2026\/03\/23\/journee-mondiale-de-leau-le-togo-opte-pour-une-celebration-des-realisations-fantomes\/"]}]},{"@type":"ImageObject","inLanguage":"fr-FR","@id":"https:\/\/228news.tg\/index.php\/2026\/03\/23\/journee-mondiale-de-leau-le-togo-opte-pour-une-celebration-des-realisations-fantomes\/#primaryimage","url":"https:\/\/228news.tg\/wp-content\/uploads\/2026\/03\/IMG-20260324-WA0275.jpg","contentUrl":"https:\/\/228news.tg\/wp-content\/uploads\/2026\/03\/IMG-20260324-WA0275.jpg","width":500,"height":333},{"@type":"BreadcrumbList","@id":"https:\/\/228news.tg\/index.php\/2026\/03\/23\/journee-mondiale-de-leau-le-togo-opte-pour-une-celebration-des-realisations-fantomes\/#breadcrumb","itemListElement":[{"@type":"ListItem","position":1,"name":"Home","item":"https:\/\/228news.tg\/"},{"@type":"ListItem","position":2,"name":"Journ\u00e9e mondiale de l\u2019eau : le Togo opte pour une c\u00e9l\u00e9bration des r\u00e9alisations fant\u00f4mes"}]},{"@type":"WebSite","@id":"https:\/\/228news.tg\/#website","url":"https:\/\/228news.tg\/","name":"228 News","description":"Soci\u00e9t\u00e9 de m\u00e9dias et d\u2019actualit\u00e9s","publisher":{"@id":"https:\/\/228news.tg\/#organization"},"potentialAction":[{"@type":"SearchAction","target":{"@type":"EntryPoint","urlTemplate":"https:\/\/228news.tg\/?s={search_term_string}"},"query-input":{"@type":"PropertyValueSpecification","valueRequired":true,"valueName":"search_term_string"}}],"inLanguage":"fr-FR"},{"@type":"Organization","@id":"https:\/\/228news.tg\/#organization","name":"228 News","url":"https:\/\/228news.tg\/","logo":{"@type":"ImageObject","inLanguage":"fr-FR","@id":"https:\/\/228news.tg\/#\/schema\/logo\/image\/","url":"https:\/\/228news.tg\/wp-content\/uploads\/2024\/09\/logonew.png","contentUrl":"https:\/\/228news.tg\/wp-content\/uploads\/2024\/09\/logonew.png","width":1640,"height":364,"caption":"228 News"},"image":{"@id":"https:\/\/228news.tg\/#\/schema\/logo\/image\/"}},{"@type":"Person","@id":"https:\/\/228news.tg\/#\/schema\/person\/68d5a6cc0230290e61235c8379523f52","name":"Bienvenu SAVI","image":{"@type":"ImageObject","inLanguage":"fr-FR","@id":"https:\/\/228news.tg\/#\/schema\/person\/image\/","url":"https:\/\/secure.gravatar.com\/avatar\/9db91895c559e510509c33a3e9683998458e9b828fac36d5d1aa23f0f2fd369b?s=96&d=mm&r=g","contentUrl":"https:\/\/secure.gravatar.com\/avatar\/9db91895c559e510509c33a3e9683998458e9b828fac36d5d1aa23f0f2fd369b?s=96&d=mm&r=g","caption":"Bienvenu SAVI"},"url":"https:\/\/228news.tg\/index.php\/author\/bienvenu\/"}]}},"jetpack_featured_media_url":"https:\/\/228news.tg\/wp-content\/uploads\/2026\/03\/IMG-20260324-WA0275.jpg","_links":{"self":[{"href":"https:\/\/228news.tg\/index.php\/wp-json\/wp\/v2\/posts\/17028","targetHints":{"allow":["GET"]}}],"collection":[{"href":"https:\/\/228news.tg\/index.php\/wp-json\/wp\/v2\/posts"}],"about":[{"href":"https:\/\/228news.tg\/index.php\/wp-json\/wp\/v2\/types\/post"}],"author":[{"embeddable":true,"href":"https:\/\/228news.tg\/index.php\/wp-json\/wp\/v2\/users\/2"}],"replies":[{"embeddable":true,"href":"https:\/\/228news.tg\/index.php\/wp-json\/wp\/v2\/comments?post=17028"}],"version-history":[{"count":1,"href":"https:\/\/228news.tg\/index.php\/wp-json\/wp\/v2\/posts\/17028\/revisions"}],"predecessor-version":[{"id":17030,"href":"https:\/\/228news.tg\/index.php\/wp-json\/wp\/v2\/posts\/17028\/revisions\/17030"}],"wp:featuredmedia":[{"embeddable":true,"href":"https:\/\/228news.tg\/index.php\/wp-json\/wp\/v2\/media\/17029"}],"wp:attachment":[{"href":"https:\/\/228news.tg\/index.php\/wp-json\/wp\/v2\/media?parent=17028"}],"wp:term":[{"taxonomy":"category","embeddable":true,"href":"https:\/\/228news.tg\/index.php\/wp-json\/wp\/v2\/categories?post=17028"},{"taxonomy":"post_tag","embeddable":true,"href":"https:\/\/228news.tg\/index.php\/wp-json\/wp\/v2\/tags?post=17028"}],"curies":[{"name":"wp","href":"https:\/\/api.w.org\/{rel}","templated":true}]}}