{"id":17009,"date":"2026-03-26T08:23:49","date_gmt":"2026-03-26T08:23:49","guid":{"rendered":"https:\/\/228news.tg\/?p=17009"},"modified":"2026-03-27T17:26:22","modified_gmt":"2026-03-27T17:26:22","slug":"guinee-deces-en-detention-du-commandant-aboubacar-diakite-dit-toumba","status":"publish","type":"post","link":"https:\/\/228news.tg\/index.php\/2026\/03\/26\/guinee-deces-en-detention-du-commandant-aboubacar-diakite-dit-toumba\/","title":{"rendered":"Guin\u00e9e : d\u00e9c\u00e8s en d\u00e9tention du Commandant Aboubacar Diakit\u00e9, dit \u00ab Toumba \u00bb"},"content":{"rendered":"<p>Aboubacar Sidiki Diakit\u00e9 dit Toumba a tir\u00e9 sa r\u00e9v\u00e9rence alors qu\u2019il purgeait sa peine en d\u00e9tention pour avoir \u00e9t\u00e9 impliqu\u00e9 dans les massacres du 28 septembre 2009, selon la justice guin\u00e9enne . Le d\u00e9tenu serait d\u00e9c\u00e9d\u00e9 des complications d\u2019une hernie de la ligne blanche malgr\u00e9 les soins \u00e0 lui administr\u00e9s par des sp\u00e9cialistes.<\/p>\n<p>La Direction nationale de l\u2019administration p\u00e9nitentiaire et de la r\u00e9insertion a annonc\u00e9, ce mercredi 25 mars 2026, le d\u00e9c\u00e8s du Commandant Aboubacar Diakit\u00e9, plus connu sous le nom de \u00ab Toumba \u00bb. Le condamn\u00e9 purgeait sa peine \u00e0 la Maison d\u2019arr\u00eat de Coyah, dans le respect des lois et r\u00e8glements en vigueur en R\u00e9publique de Guin\u00e9e, selon les pr\u00e9cises de l\u2019administration p\u00e9nitentiaires.<\/p>\n<p>Selon un communiqu\u00e9 officiel du service p\u00e9nitentiaire , l\u2019\u00e9tat de sant\u00e9 du d\u00e9tenu faisait d\u00e9j\u00e0 l\u2019objet d\u2019un suivi m\u00e9dical rigoureux. Un rapport circonstanci\u00e9 \u00e9tabli le 4 mars 2026 par les professeurs Houssein Fofana, chirurgien, et Elhadj Yaya Bald\u00e9, cardiologue, du Centre hospitalo-universitaire Ignace Deen, faisait \u00e9tat d\u2019un tableau clinique pr\u00e9occupant. Le patient pr\u00e9sentait notamment une tum\u00e9faction \u00e9pigastrique, des douleurs abdominales persistantes, une constipation chronique ainsi que des troubles du sommeil. Ce bilan avait \u00e9t\u00e9 dress\u00e9 en pr\u00e9sence du procureur de la R\u00e9publique pr\u00e8s le Tribunal de premi\u00e8re instance de Coyah et de son conseil, Ma\u00eetre Lancinet Sylla.<\/p>\n<p>Dans la nuit du 23 mars 2026, l\u2019\u00e9tat de sant\u00e9 du Commandant Diakit\u00e9 s\u2019est brutalement d\u00e9grad\u00e9 \u00e0 la suite d\u2019un malaise survenu en milieu carc\u00e9ral. Les services p\u00e9nitentiaires ont alors proc\u00e9d\u00e9, avec diligence, \u00e0 son \u00e9vacuation sanitaire d\u2019urgence vers l\u2019H\u00f4pital militaire du camp Samory Tour\u00e9. Il y a \u00e9t\u00e9 pris en charge par une \u00e9quipe m\u00e9dicale sp\u00e9cialis\u00e9e.<\/p>\n<p>Malgr\u00e9 les soins appropri\u00e9s administr\u00e9s, l\u2019\u00e9volution de son \u00e9tat de sant\u00e9 s\u2019est r\u00e9v\u00e9l\u00e9e d\u00e9favorable. Le d\u00e9c\u00e8s a \u00e9t\u00e9 officiellement constat\u00e9 le mercredi 25 mars 2026 \u00e0 04 heures 35 minutes. Les m\u00e9decins ont conclu \u00e0 une hernie de la ligne blanche \u00e9trangl\u00e9e, compliqu\u00e9e d\u2019une p\u00e9ritonite aigu\u00eb g\u00e9n\u00e9ralis\u00e9e.<\/p>\n<p>Conform\u00e9ment aux proc\u00e9dures en vigueur, un rapport d\u00e9taill\u00e9 sera transmis aux autorit\u00e9s judiciaires comp\u00e9tentes afin de permettre toute appr\u00e9ciation n\u00e9cessaire et d\u2019\u00e9ventuelles suites de droit.<\/p>\n<p>En cette circonstance douloureuse, la Direction nationale de l\u2019administration p\u00e9nitentiaire et de la r\u00e9insertion a exprim\u00e9 ses condol\u00e9ances \u00e0 la famille du d\u00e9funt, \u00e0 ses proches ainsi qu\u2019\u00e0 l\u2019ensemble de ses relations.<\/p>\n<p>Ce d\u00e9c\u00e8s intervient dans un contexte o\u00f9 les conditions de d\u00e9tention et la prise en charge sanitaire de l\u2019ancien aide de camp du capitaine Moussa Dadis Camara ont \u00e9t\u00e9 longtemps d\u00e9cri\u00e9es par ses avocats.<\/p>\n<p>Cet officier de l\u2019arm\u00e9e guin\u00e9enne a \u00e9t\u00e9 condamn\u00e9 \u00e0 10 ans de prison pour responsabilit\u00e9 de commandement dans les massacres du 28 septembre 2009 au stade du m\u00eame nom .<\/p>\n<p>Priska<\/p>\n<p>&nbsp;<\/p>\n<p>&nbsp;<\/p>\n","protected":false},"excerpt":{"rendered":"<p>Aboubacar Sidiki Diakit\u00e9 dit Toumba a tir\u00e9 sa r\u00e9v\u00e9rence alors qu\u2019il purgeait sa peine en d\u00e9tention pour avoir \u00e9t\u00e9 impliqu\u00e9 dans les massacres du 28 septembre 2009, selon la justice guin\u00e9enne . Le d\u00e9tenu serait d\u00e9c\u00e9d\u00e9 des complications d\u2019une hernie de la ligne blanche malgr\u00e9 les soins \u00e0 lui administr\u00e9s par des sp\u00e9cialistes. La Direction &#8230; <a title=\"Guin\u00e9e : d\u00e9c\u00e8s en d\u00e9tention du Commandant Aboubacar Diakit\u00e9, dit \u00ab Toumba \u00bb\" class=\"read-more\" href=\"https:\/\/228news.tg\/index.php\/2026\/03\/26\/guinee-deces-en-detention-du-commandant-aboubacar-diakite-dit-toumba\/\" aria-label=\"En savoir plus sur Guin\u00e9e : d\u00e9c\u00e8s en d\u00e9tention du Commandant Aboubacar Diakit\u00e9, dit \u00ab Toumba \u00bb\">Lire la suite<\/a><\/p>\n","protected":false},"author":2,"featured_media":17010,"comment_status":"open","ping_status":"open","sticky":false,"template":"","format":"standard","meta":{"footnotes":""},"categories":[26,33],"tags":[],"class_list":["post-17009","post","type-post","status-publish","format-standard","has-post-thumbnail","hentry","category-afrique","category-politique"],"yoast_head":"<!-- This site is optimized with the Yoast SEO plugin v26.4 - https:\/\/yoast.com\/wordpress\/plugins\/seo\/ -->\n<title>Guin\u00e9e : d\u00e9c\u00e8s en d\u00e9tention du Commandant Aboubacar Diakit\u00e9, dit \u00ab Toumba \u00bb - 228 News<\/title>\n<meta name=\"robots\" content=\"index, follow, max-snippet:-1, max-image-preview:large, max-video-preview:-1\" \/>\n<link rel=\"canonical\" href=\"https:\/\/228news.tg\/index.php\/2026\/03\/26\/guinee-deces-en-detention-du-commandant-aboubacar-diakite-dit-toumba\/\" \/>\n<meta property=\"og:locale\" content=\"fr_FR\" \/>\n<meta property=\"og:type\" content=\"article\" \/>\n<meta property=\"og:title\" content=\"Guin\u00e9e : d\u00e9c\u00e8s en d\u00e9tention du Commandant Aboubacar Diakit\u00e9, dit \u00ab Toumba \u00bb - 228 News\" \/>\n<meta property=\"og:description\" content=\"Aboubacar Sidiki Diakit\u00e9 dit Toumba a tir\u00e9 sa r\u00e9v\u00e9rence alors qu\u2019il purgeait sa peine en d\u00e9tention pour avoir \u00e9t\u00e9 impliqu\u00e9 dans les massacres du 28 septembre 2009, selon la justice guin\u00e9enne . Le d\u00e9tenu serait d\u00e9c\u00e9d\u00e9 des complications d\u2019une hernie de la ligne blanche malgr\u00e9 les soins \u00e0 lui administr\u00e9s par des sp\u00e9cialistes. La Direction ... Lire la suite\" \/>\n<meta property=\"og:url\" content=\"https:\/\/228news.tg\/index.php\/2026\/03\/26\/guinee-deces-en-detention-du-commandant-aboubacar-diakite-dit-toumba\/\" \/>\n<meta property=\"og:site_name\" content=\"228 News\" \/>\n<meta property=\"article:published_time\" content=\"2026-03-26T08:23:49+00:00\" \/>\n<meta property=\"article:modified_time\" content=\"2026-03-27T17:26:22+00:00\" \/>\n<meta property=\"og:image\" content=\"https:\/\/228news.tg\/wp-content\/uploads\/2026\/03\/IMG-20260325-WA0368.jpg\" \/>\n\t<meta property=\"og:image:width\" content=\"720\" \/>\n\t<meta property=\"og:image:height\" content=\"815\" \/>\n\t<meta property=\"og:image:type\" content=\"image\/jpeg\" \/>\n<meta name=\"author\" content=\"Bienvenu SAVI\" \/>\n<meta name=\"twitter:card\" content=\"summary_large_image\" \/>\n<meta name=\"twitter:label1\" content=\"\u00c9crit par\" \/>\n\t<meta name=\"twitter:data1\" content=\"Bienvenu SAVI\" \/>\n\t<meta name=\"twitter:label2\" content=\"Dur\u00e9e de lecture estim\u00e9e\" \/>\n\t<meta name=\"twitter:data2\" content=\"3 minutes\" \/>\n<script type=\"application\/ld+json\" class=\"yoast-schema-graph\">{\"@context\":\"https:\/\/schema.org\",\"@graph\":[{\"@type\":\"Article\",\"@id\":\"https:\/\/228news.tg\/index.php\/2026\/03\/26\/guinee-deces-en-detention-du-commandant-aboubacar-diakite-dit-toumba\/#article\",\"isPartOf\":{\"@id\":\"https:\/\/228news.tg\/index.php\/2026\/03\/26\/guinee-deces-en-detention-du-commandant-aboubacar-diakite-dit-toumba\/\"},\"author\":{\"name\":\"Bienvenu SAVI\",\"@id\":\"https:\/\/228news.tg\/#\/schema\/person\/68d5a6cc0230290e61235c8379523f52\"},\"headline\":\"Guin\u00e9e : d\u00e9c\u00e8s en d\u00e9tention du Commandant Aboubacar Diakit\u00e9, dit \u00ab Toumba \u00bb\",\"datePublished\":\"2026-03-26T08:23:49+00:00\",\"dateModified\":\"2026-03-27T17:26:22+00:00\",\"mainEntityOfPage\":{\"@id\":\"https:\/\/228news.tg\/index.php\/2026\/03\/26\/guinee-deces-en-detention-du-commandant-aboubacar-diakite-dit-toumba\/\"},\"wordCount\":520,\"commentCount\":0,\"publisher\":{\"@id\":\"https:\/\/228news.tg\/#organization\"},\"image\":{\"@id\":\"https:\/\/228news.tg\/index.php\/2026\/03\/26\/guinee-deces-en-detention-du-commandant-aboubacar-diakite-dit-toumba\/#primaryimage\"},\"thumbnailUrl\":\"https:\/\/228news.tg\/wp-content\/uploads\/2026\/03\/IMG-20260325-WA0368.jpg\",\"articleSection\":[\"AFRIQUE\",\"POLITIQUE\"],\"inLanguage\":\"fr-FR\",\"potentialAction\":[{\"@type\":\"CommentAction\",\"name\":\"Comment\",\"target\":[\"https:\/\/228news.tg\/index.php\/2026\/03\/26\/guinee-deces-en-detention-du-commandant-aboubacar-diakite-dit-toumba\/#respond\"]}]},{\"@type\":\"WebPage\",\"@id\":\"https:\/\/228news.tg\/index.php\/2026\/03\/26\/guinee-deces-en-detention-du-commandant-aboubacar-diakite-dit-toumba\/\",\"url\":\"https:\/\/228news.tg\/index.php\/2026\/03\/26\/guinee-deces-en-detention-du-commandant-aboubacar-diakite-dit-toumba\/\",\"name\":\"Guin\u00e9e : d\u00e9c\u00e8s en d\u00e9tention du Commandant Aboubacar Diakit\u00e9, dit \u00ab Toumba \u00bb - 228 News\",\"isPartOf\":{\"@id\":\"https:\/\/228news.tg\/#website\"},\"primaryImageOfPage\":{\"@id\":\"https:\/\/228news.tg\/index.php\/2026\/03\/26\/guinee-deces-en-detention-du-commandant-aboubacar-diakite-dit-toumba\/#primaryimage\"},\"image\":{\"@id\":\"https:\/\/228news.tg\/index.php\/2026\/03\/26\/guinee-deces-en-detention-du-commandant-aboubacar-diakite-dit-toumba\/#primaryimage\"},\"thumbnailUrl\":\"https:\/\/228news.tg\/wp-content\/uploads\/2026\/03\/IMG-20260325-WA0368.jpg\",\"datePublished\":\"2026-03-26T08:23:49+00:00\",\"dateModified\":\"2026-03-27T17:26:22+00:00\",\"breadcrumb\":{\"@id\":\"https:\/\/228news.tg\/index.php\/2026\/03\/26\/guinee-deces-en-detention-du-commandant-aboubacar-diakite-dit-toumba\/#breadcrumb\"},\"inLanguage\":\"fr-FR\",\"potentialAction\":[{\"@type\":\"ReadAction\",\"target\":[\"https:\/\/228news.tg\/index.php\/2026\/03\/26\/guinee-deces-en-detention-du-commandant-aboubacar-diakite-dit-toumba\/\"]}]},{\"@type\":\"ImageObject\",\"inLanguage\":\"fr-FR\",\"@id\":\"https:\/\/228news.tg\/index.php\/2026\/03\/26\/guinee-deces-en-detention-du-commandant-aboubacar-diakite-dit-toumba\/#primaryimage\",\"url\":\"https:\/\/228news.tg\/wp-content\/uploads\/2026\/03\/IMG-20260325-WA0368.jpg\",\"contentUrl\":\"https:\/\/228news.tg\/wp-content\/uploads\/2026\/03\/IMG-20260325-WA0368.jpg\",\"width\":720,\"height\":815},{\"@type\":\"BreadcrumbList\",\"@id\":\"https:\/\/228news.tg\/index.php\/2026\/03\/26\/guinee-deces-en-detention-du-commandant-aboubacar-diakite-dit-toumba\/#breadcrumb\",\"itemListElement\":[{\"@type\":\"ListItem\",\"position\":1,\"name\":\"Home\",\"item\":\"https:\/\/228news.tg\/\"},{\"@type\":\"ListItem\",\"position\":2,\"name\":\"Guin\u00e9e : d\u00e9c\u00e8s en d\u00e9tention du Commandant Aboubacar Diakit\u00e9, dit \u00ab Toumba \u00bb\"}]},{\"@type\":\"WebSite\",\"@id\":\"https:\/\/228news.tg\/#website\",\"url\":\"https:\/\/228news.tg\/\",\"name\":\"228 News\",\"description\":\"Soci\u00e9t\u00e9 de m\u00e9dias et d\u2019actualit\u00e9s\",\"publisher\":{\"@id\":\"https:\/\/228news.tg\/#organization\"},\"potentialAction\":[{\"@type\":\"SearchAction\",\"target\":{\"@type\":\"EntryPoint\",\"urlTemplate\":\"https:\/\/228news.tg\/?s={search_term_string}\"},\"query-input\":{\"@type\":\"PropertyValueSpecification\",\"valueRequired\":true,\"valueName\":\"search_term_string\"}}],\"inLanguage\":\"fr-FR\"},{\"@type\":\"Organization\",\"@id\":\"https:\/\/228news.tg\/#organization\",\"name\":\"228 News\",\"url\":\"https:\/\/228news.tg\/\",\"logo\":{\"@type\":\"ImageObject\",\"inLanguage\":\"fr-FR\",\"@id\":\"https:\/\/228news.tg\/#\/schema\/logo\/image\/\",\"url\":\"https:\/\/228news.tg\/wp-content\/uploads\/2024\/09\/logonew.png\",\"contentUrl\":\"https:\/\/228news.tg\/wp-content\/uploads\/2024\/09\/logonew.png\",\"width\":1640,\"height\":364,\"caption\":\"228 News\"},\"image\":{\"@id\":\"https:\/\/228news.tg\/#\/schema\/logo\/image\/\"}},{\"@type\":\"Person\",\"@id\":\"https:\/\/228news.tg\/#\/schema\/person\/68d5a6cc0230290e61235c8379523f52\",\"name\":\"Bienvenu SAVI\",\"image\":{\"@type\":\"ImageObject\",\"inLanguage\":\"fr-FR\",\"@id\":\"https:\/\/228news.tg\/#\/schema\/person\/image\/\",\"url\":\"https:\/\/secure.gravatar.com\/avatar\/9db91895c559e510509c33a3e9683998458e9b828fac36d5d1aa23f0f2fd369b?s=96&d=mm&r=g\",\"contentUrl\":\"https:\/\/secure.gravatar.com\/avatar\/9db91895c559e510509c33a3e9683998458e9b828fac36d5d1aa23f0f2fd369b?s=96&d=mm&r=g\",\"caption\":\"Bienvenu SAVI\"},\"url\":\"https:\/\/228news.tg\/index.php\/author\/bienvenu\/\"}]}<\/script>\n<!-- \/ Yoast SEO plugin. -->","yoast_head_json":{"title":"Guin\u00e9e : d\u00e9c\u00e8s en d\u00e9tention du Commandant Aboubacar Diakit\u00e9, dit \u00ab Toumba \u00bb - 228 News","robots":{"index":"index","follow":"follow","max-snippet":"max-snippet:-1","max-image-preview":"max-image-preview:large","max-video-preview":"max-video-preview:-1"},"canonical":"https:\/\/228news.tg\/index.php\/2026\/03\/26\/guinee-deces-en-detention-du-commandant-aboubacar-diakite-dit-toumba\/","og_locale":"fr_FR","og_type":"article","og_title":"Guin\u00e9e : d\u00e9c\u00e8s en d\u00e9tention du Commandant Aboubacar Diakit\u00e9, dit \u00ab Toumba \u00bb - 228 News","og_description":"Aboubacar Sidiki Diakit\u00e9 dit Toumba a tir\u00e9 sa r\u00e9v\u00e9rence alors qu\u2019il purgeait sa peine en d\u00e9tention pour avoir \u00e9t\u00e9 impliqu\u00e9 dans les massacres du 28 septembre 2009, selon la justice guin\u00e9enne . Le d\u00e9tenu serait d\u00e9c\u00e9d\u00e9 des complications d\u2019une hernie de la ligne blanche malgr\u00e9 les soins \u00e0 lui administr\u00e9s par des sp\u00e9cialistes. La Direction ... Lire la suite","og_url":"https:\/\/228news.tg\/index.php\/2026\/03\/26\/guinee-deces-en-detention-du-commandant-aboubacar-diakite-dit-toumba\/","og_site_name":"228 News","article_published_time":"2026-03-26T08:23:49+00:00","article_modified_time":"2026-03-27T17:26:22+00:00","og_image":[{"width":720,"height":815,"url":"https:\/\/228news.tg\/wp-content\/uploads\/2026\/03\/IMG-20260325-WA0368.jpg","type":"image\/jpeg"}],"author":"Bienvenu SAVI","twitter_card":"summary_large_image","twitter_misc":{"\u00c9crit par":"Bienvenu SAVI","Dur\u00e9e de lecture estim\u00e9e":"3 minutes"},"schema":{"@context":"https:\/\/schema.org","@graph":[{"@type":"Article","@id":"https:\/\/228news.tg\/index.php\/2026\/03\/26\/guinee-deces-en-detention-du-commandant-aboubacar-diakite-dit-toumba\/#article","isPartOf":{"@id":"https:\/\/228news.tg\/index.php\/2026\/03\/26\/guinee-deces-en-detention-du-commandant-aboubacar-diakite-dit-toumba\/"},"author":{"name":"Bienvenu SAVI","@id":"https:\/\/228news.tg\/#\/schema\/person\/68d5a6cc0230290e61235c8379523f52"},"headline":"Guin\u00e9e : d\u00e9c\u00e8s en d\u00e9tention du Commandant Aboubacar Diakit\u00e9, dit \u00ab Toumba \u00bb","datePublished":"2026-03-26T08:23:49+00:00","dateModified":"2026-03-27T17:26:22+00:00","mainEntityOfPage":{"@id":"https:\/\/228news.tg\/index.php\/2026\/03\/26\/guinee-deces-en-detention-du-commandant-aboubacar-diakite-dit-toumba\/"},"wordCount":520,"commentCount":0,"publisher":{"@id":"https:\/\/228news.tg\/#organization"},"image":{"@id":"https:\/\/228news.tg\/index.php\/2026\/03\/26\/guinee-deces-en-detention-du-commandant-aboubacar-diakite-dit-toumba\/#primaryimage"},"thumbnailUrl":"https:\/\/228news.tg\/wp-content\/uploads\/2026\/03\/IMG-20260325-WA0368.jpg","articleSection":["AFRIQUE","POLITIQUE"],"inLanguage":"fr-FR","potentialAction":[{"@type":"CommentAction","name":"Comment","target":["https:\/\/228news.tg\/index.php\/2026\/03\/26\/guinee-deces-en-detention-du-commandant-aboubacar-diakite-dit-toumba\/#respond"]}]},{"@type":"WebPage","@id":"https:\/\/228news.tg\/index.php\/2026\/03\/26\/guinee-deces-en-detention-du-commandant-aboubacar-diakite-dit-toumba\/","url":"https:\/\/228news.tg\/index.php\/2026\/03\/26\/guinee-deces-en-detention-du-commandant-aboubacar-diakite-dit-toumba\/","name":"Guin\u00e9e : d\u00e9c\u00e8s en d\u00e9tention du Commandant Aboubacar Diakit\u00e9, dit \u00ab Toumba \u00bb - 228 News","isPartOf":{"@id":"https:\/\/228news.tg\/#website"},"primaryImageOfPage":{"@id":"https:\/\/228news.tg\/index.php\/2026\/03\/26\/guinee-deces-en-detention-du-commandant-aboubacar-diakite-dit-toumba\/#primaryimage"},"image":{"@id":"https:\/\/228news.tg\/index.php\/2026\/03\/26\/guinee-deces-en-detention-du-commandant-aboubacar-diakite-dit-toumba\/#primaryimage"},"thumbnailUrl":"https:\/\/228news.tg\/wp-content\/uploads\/2026\/03\/IMG-20260325-WA0368.jpg","datePublished":"2026-03-26T08:23:49+00:00","dateModified":"2026-03-27T17:26:22+00:00","breadcrumb":{"@id":"https:\/\/228news.tg\/index.php\/2026\/03\/26\/guinee-deces-en-detention-du-commandant-aboubacar-diakite-dit-toumba\/#breadcrumb"},"inLanguage":"fr-FR","potentialAction":[{"@type":"ReadAction","target":["https:\/\/228news.tg\/index.php\/2026\/03\/26\/guinee-deces-en-detention-du-commandant-aboubacar-diakite-dit-toumba\/"]}]},{"@type":"ImageObject","inLanguage":"fr-FR","@id":"https:\/\/228news.tg\/index.php\/2026\/03\/26\/guinee-deces-en-detention-du-commandant-aboubacar-diakite-dit-toumba\/#primaryimage","url":"https:\/\/228news.tg\/wp-content\/uploads\/2026\/03\/IMG-20260325-WA0368.jpg","contentUrl":"https:\/\/228news.tg\/wp-content\/uploads\/2026\/03\/IMG-20260325-WA0368.jpg","width":720,"height":815},{"@type":"BreadcrumbList","@id":"https:\/\/228news.tg\/index.php\/2026\/03\/26\/guinee-deces-en-detention-du-commandant-aboubacar-diakite-dit-toumba\/#breadcrumb","itemListElement":[{"@type":"ListItem","position":1,"name":"Home","item":"https:\/\/228news.tg\/"},{"@type":"ListItem","position":2,"name":"Guin\u00e9e : d\u00e9c\u00e8s en d\u00e9tention du Commandant Aboubacar Diakit\u00e9, dit \u00ab Toumba \u00bb"}]},{"@type":"WebSite","@id":"https:\/\/228news.tg\/#website","url":"https:\/\/228news.tg\/","name":"228 News","description":"Soci\u00e9t\u00e9 de m\u00e9dias et d\u2019actualit\u00e9s","publisher":{"@id":"https:\/\/228news.tg\/#organization"},"potentialAction":[{"@type":"SearchAction","target":{"@type":"EntryPoint","urlTemplate":"https:\/\/228news.tg\/?s={search_term_string}"},"query-input":{"@type":"PropertyValueSpecification","valueRequired":true,"valueName":"search_term_string"}}],"inLanguage":"fr-FR"},{"@type":"Organization","@id":"https:\/\/228news.tg\/#organization","name":"228 News","url":"https:\/\/228news.tg\/","logo":{"@type":"ImageObject","inLanguage":"fr-FR","@id":"https:\/\/228news.tg\/#\/schema\/logo\/image\/","url":"https:\/\/228news.tg\/wp-content\/uploads\/2024\/09\/logonew.png","contentUrl":"https:\/\/228news.tg\/wp-content\/uploads\/2024\/09\/logonew.png","width":1640,"height":364,"caption":"228 News"},"image":{"@id":"https:\/\/228news.tg\/#\/schema\/logo\/image\/"}},{"@type":"Person","@id":"https:\/\/228news.tg\/#\/schema\/person\/68d5a6cc0230290e61235c8379523f52","name":"Bienvenu SAVI","image":{"@type":"ImageObject","inLanguage":"fr-FR","@id":"https:\/\/228news.tg\/#\/schema\/person\/image\/","url":"https:\/\/secure.gravatar.com\/avatar\/9db91895c559e510509c33a3e9683998458e9b828fac36d5d1aa23f0f2fd369b?s=96&d=mm&r=g","contentUrl":"https:\/\/secure.gravatar.com\/avatar\/9db91895c559e510509c33a3e9683998458e9b828fac36d5d1aa23f0f2fd369b?s=96&d=mm&r=g","caption":"Bienvenu SAVI"},"url":"https:\/\/228news.tg\/index.php\/author\/bienvenu\/"}]}},"jetpack_featured_media_url":"https:\/\/228news.tg\/wp-content\/uploads\/2026\/03\/IMG-20260325-WA0368.jpg","_links":{"self":[{"href":"https:\/\/228news.tg\/index.php\/wp-json\/wp\/v2\/posts\/17009","targetHints":{"allow":["GET"]}}],"collection":[{"href":"https:\/\/228news.tg\/index.php\/wp-json\/wp\/v2\/posts"}],"about":[{"href":"https:\/\/228news.tg\/index.php\/wp-json\/wp\/v2\/types\/post"}],"author":[{"embeddable":true,"href":"https:\/\/228news.tg\/index.php\/wp-json\/wp\/v2\/users\/2"}],"replies":[{"embeddable":true,"href":"https:\/\/228news.tg\/index.php\/wp-json\/wp\/v2\/comments?post=17009"}],"version-history":[{"count":1,"href":"https:\/\/228news.tg\/index.php\/wp-json\/wp\/v2\/posts\/17009\/revisions"}],"predecessor-version":[{"id":17011,"href":"https:\/\/228news.tg\/index.php\/wp-json\/wp\/v2\/posts\/17009\/revisions\/17011"}],"wp:featuredmedia":[{"embeddable":true,"href":"https:\/\/228news.tg\/index.php\/wp-json\/wp\/v2\/media\/17010"}],"wp:attachment":[{"href":"https:\/\/228news.tg\/index.php\/wp-json\/wp\/v2\/media?parent=17009"}],"wp:term":[{"taxonomy":"category","embeddable":true,"href":"https:\/\/228news.tg\/index.php\/wp-json\/wp\/v2\/categories?post=17009"},{"taxonomy":"post_tag","embeddable":true,"href":"https:\/\/228news.tg\/index.php\/wp-json\/wp\/v2\/tags?post=17009"}],"curies":[{"name":"wp","href":"https:\/\/api.w.org\/{rel}","templated":true}]}}