{"id":16998,"date":"2026-03-19T14:32:20","date_gmt":"2026-03-19T14:32:20","guid":{"rendered":"https:\/\/228news.tg\/?p=16998"},"modified":"2026-03-19T14:32:20","modified_gmt":"2026-03-19T14:32:20","slug":"agl-togo-la-fete-de-famille-2026-celebree-sous-le-sceau-de-la-cohesion-de-confiance-et-de-vision","status":"publish","type":"post","link":"https:\/\/228news.tg\/index.php\/2026\/03\/19\/agl-togo-la-fete-de-famille-2026-celebree-sous-le-sceau-de-la-cohesion-de-confiance-et-de-vision\/","title":{"rendered":"AGL Togo : la F\u00eate de Famille 2026 c\u00e9l\u00e9br\u00e9e sous le sceau de la coh\u00e9sion, de confiance et de vision"},"content":{"rendered":"<p>Organis\u00e9e chaque ann\u00e9e par Africa Global Logistics Togo pour c\u00e9l\u00e9brer la synergie d\u2019actions et la reconnaissance \u00e0 l\u2019endroit de ses diff\u00e9rents acteurs, la \u00ab F\u00eate de Famille \u00bb 2026 a tenu toutes ses promesses. Outre la coh\u00e9sion et les distinctions au c\u0153ur des festivit\u00e9s, cette \u00e9dition a \u00e9t\u00e9 \u00e9galement une occasion pour le premier responsable de projeter son entreprise vers l\u2019avenir.<\/p>\n<p><img fetchpriority=\"high\" decoding=\"async\" class=\"alignnone size-medium wp-image-16999\" src=\"https:\/\/228news.tg\/wp-content\/uploads\/2026\/03\/IMG-20260319-WA0181-300x212.jpg\" alt=\"\" width=\"300\" height=\"212\" srcset=\"https:\/\/228news.tg\/wp-content\/uploads\/2026\/03\/IMG-20260319-WA0181-300x212.jpg 300w, https:\/\/228news.tg\/wp-content\/uploads\/2026\/03\/IMG-20260319-WA0181-1024x722.jpg 1024w, https:\/\/228news.tg\/wp-content\/uploads\/2026\/03\/IMG-20260319-WA0181-768x542.jpg 768w, https:\/\/228news.tg\/wp-content\/uploads\/2026\/03\/IMG-20260319-WA0181.jpg 1280w\" sizes=\"(max-width: 300px) 100vw, 300px\" \/><\/p>\n<p>Lors de cette c\u00e9l\u00e9bration, le PDG d\u2019AGL n\u2019a pas cach\u00e9 sa fiert\u00e9 face au travail accompli par les \u00e9quipes. Pour Charles Kokouvi Gafan, ces d\u00e9fis relev\u00e9s ont \u00e9t\u00e9 possibles gr\u00e2ce \u00e0 une synergie d\u2019action et \u00e0 la confiance. \u00ab Je suis particuli\u00e8rement fier des \u00e9quipes qui, par leur professionnalisme et leur engagement, ont contribu\u00e9 \u00e0 trois ann\u00e9es de croissance sous la marque AGL. Les distinctions remises \u00e0 nos collaborateurs et partenaires t\u00e9moignent de notre conviction profonde : les d\u00e9fis ne se rel\u00e8vent durablement que dans la synergie et la confiance \u00bb, s\u2019est-il exprim\u00e9.<\/p>\n<p><del><img decoding=\"async\" class=\"alignnone size-medium wp-image-17000\" src=\"https:\/\/228news.tg\/wp-content\/uploads\/2026\/03\/IMG-20260319-WA0183-300x274.jpg\" alt=\"\" width=\"300\" height=\"274\" srcset=\"https:\/\/228news.tg\/wp-content\/uploads\/2026\/03\/IMG-20260319-WA0183-300x274.jpg 300w, https:\/\/228news.tg\/wp-content\/uploads\/2026\/03\/IMG-20260319-WA0183-1024x936.jpg 1024w, https:\/\/228news.tg\/wp-content\/uploads\/2026\/03\/IMG-20260319-WA0183-768x702.jpg 768w, https:\/\/228news.tg\/wp-content\/uploads\/2026\/03\/IMG-20260319-WA0183-1536x1404.jpg 1536w, https:\/\/228news.tg\/wp-content\/uploads\/2026\/03\/IMG-20260319-WA0183.jpg 2048w\" sizes=\"(max-width: 300px) 100vw, 300px\" \/><\/del><\/p>\n<p>Cet \u00e9v\u00e9nement a \u00e9galement \u00e9t\u00e9 l\u2019occasion de saluer l\u2019ensemble des partenaires et acteurs qui accompagnent l\u2019entreprise dans son d\u00e9veloppement. Le PDG a ainsi exprim\u00e9 sa gratitude \u00e0 leur endroit. \u00ab Je tiens \u00e0 exprimer ma reconnaissance \u00e0 nos clients et partenaires pour leur fid\u00e9lit\u00e9, ainsi qu\u2019aux plus hautes autorit\u00e9s de notre pays, pour leur engagement constant en faveur d\u2019un climat des affaires propice au d\u00e9veloppement. \u00bb, a-t-il t\u00e9moign\u00e9.<\/p>\n<p><img decoding=\"async\" class=\"alignnone size-medium wp-image-17001\" src=\"https:\/\/228news.tg\/wp-content\/uploads\/2026\/03\/IMG-20260319-WA0184-200x300.jpg\" alt=\"\" width=\"200\" height=\"300\" srcset=\"https:\/\/228news.tg\/wp-content\/uploads\/2026\/03\/IMG-20260319-WA0184-200x300.jpg 200w, https:\/\/228news.tg\/wp-content\/uploads\/2026\/03\/IMG-20260319-WA0184-683x1024.jpg 683w, https:\/\/228news.tg\/wp-content\/uploads\/2026\/03\/IMG-20260319-WA0184-768x1152.jpg 768w, https:\/\/228news.tg\/wp-content\/uploads\/2026\/03\/IMG-20260319-WA0184-1024x1536.jpg 1024w, https:\/\/228news.tg\/wp-content\/uploads\/2026\/03\/IMG-20260319-WA0184.jpg 1365w\" sizes=\"(max-width: 200px) 100vw, 200px\" \/><\/p>\n<p>Tourn\u00e9e vers l\u2019avenir, Africa Global Logistics affiche une nouvelle fois ses ambitions pour la nouvelle ann\u00e9e. L\u2019entreprise entend notamment contribuer activement aux transformations du Togo, renforcer son impact social \u00e0 travers des actions concr\u00e8tes en mati\u00e8re d\u2019\u00e9ducation, de sant\u00e9 et d\u2019environnement, et d\u00e9velopper une logistique toujours plus performante et innovante.<\/p>\n<p>Dans cette dynamique, le dirigeant a lanc\u00e9 un message mobilisateur \u00e0 l\u2019endroit des \u00e9quipes. \u00ab Merci \u00e0 toutes les \u00e9quipes de la grande famille AGL. Ensemble, nous irons encore plus loin. \u00bb<\/p>\n<p>La vision est de contribuer r\u00e9solument au d\u00e9veloppement du Togo.<\/p>\n<p>228news.<\/p>\n<p>&nbsp;<\/p>\n<p>&nbsp;<\/p>\n","protected":false},"excerpt":{"rendered":"<p>Organis\u00e9e chaque ann\u00e9e par Africa Global Logistics Togo pour c\u00e9l\u00e9brer la synergie d\u2019actions et la reconnaissance \u00e0 l\u2019endroit de ses diff\u00e9rents acteurs, la \u00ab F\u00eate de Famille \u00bb 2026 a tenu toutes ses promesses. Outre la coh\u00e9sion et les distinctions au c\u0153ur des festivit\u00e9s, cette \u00e9dition a \u00e9t\u00e9 \u00e9galement une occasion pour le premier responsable &#8230; <a title=\"AGL Togo : la F\u00eate de Famille 2026 c\u00e9l\u00e9br\u00e9e sous le sceau de la coh\u00e9sion, de confiance et de vision\" class=\"read-more\" href=\"https:\/\/228news.tg\/index.php\/2026\/03\/19\/agl-togo-la-fete-de-famille-2026-celebree-sous-le-sceau-de-la-cohesion-de-confiance-et-de-vision\/\" aria-label=\"En savoir plus sur AGL Togo : la F\u00eate de Famille 2026 c\u00e9l\u00e9br\u00e9e sous le sceau de la coh\u00e9sion, de confiance et de vision\">Lire la suite<\/a><\/p>\n","protected":false},"author":2,"featured_media":17002,"comment_status":"open","ping_status":"open","sticky":false,"template":"","format":"standard","meta":{"footnotes":""},"categories":[29,25],"tags":[],"class_list":["post-16998","post","type-post","status-publish","format-standard","has-post-thumbnail","hentry","category-societe","category-togo"],"yoast_head":"<!-- This site is optimized with the Yoast SEO plugin v26.4 - https:\/\/yoast.com\/wordpress\/plugins\/seo\/ -->\n<title>AGL Togo : la F\u00eate de Famille 2026 c\u00e9l\u00e9br\u00e9e sous le sceau de la coh\u00e9sion, de confiance et de vision - 228 News<\/title>\n<meta name=\"robots\" content=\"index, follow, max-snippet:-1, max-image-preview:large, max-video-preview:-1\" \/>\n<link rel=\"canonical\" href=\"https:\/\/228news.tg\/index.php\/2026\/03\/19\/agl-togo-la-fete-de-famille-2026-celebree-sous-le-sceau-de-la-cohesion-de-confiance-et-de-vision\/\" \/>\n<meta property=\"og:locale\" content=\"fr_FR\" \/>\n<meta property=\"og:type\" content=\"article\" \/>\n<meta property=\"og:title\" content=\"AGL Togo : la F\u00eate de Famille 2026 c\u00e9l\u00e9br\u00e9e sous le sceau de la coh\u00e9sion, de confiance et de vision - 228 News\" \/>\n<meta property=\"og:description\" content=\"Organis\u00e9e chaque ann\u00e9e par Africa Global Logistics Togo pour c\u00e9l\u00e9brer la synergie d\u2019actions et la reconnaissance \u00e0 l\u2019endroit de ses diff\u00e9rents acteurs, la \u00ab F\u00eate de Famille \u00bb 2026 a tenu toutes ses promesses. Outre la coh\u00e9sion et les distinctions au c\u0153ur des festivit\u00e9s, cette \u00e9dition a \u00e9t\u00e9 \u00e9galement une occasion pour le premier responsable ... Lire la suite\" \/>\n<meta property=\"og:url\" content=\"https:\/\/228news.tg\/index.php\/2026\/03\/19\/agl-togo-la-fete-de-famille-2026-celebree-sous-le-sceau-de-la-cohesion-de-confiance-et-de-vision\/\" \/>\n<meta property=\"og:site_name\" content=\"228 News\" \/>\n<meta property=\"article:published_time\" content=\"2026-03-19T14:32:20+00:00\" \/>\n<meta property=\"og:image\" content=\"https:\/\/228news.tg\/wp-content\/uploads\/2026\/03\/IMG-20260319-WA0182.jpg\" \/>\n\t<meta property=\"og:image:width\" content=\"1280\" \/>\n\t<meta property=\"og:image:height\" content=\"958\" \/>\n\t<meta property=\"og:image:type\" content=\"image\/jpeg\" \/>\n<meta name=\"author\" content=\"Bienvenu SAVI\" \/>\n<meta name=\"twitter:card\" content=\"summary_large_image\" \/>\n<meta name=\"twitter:label1\" content=\"\u00c9crit par\" \/>\n\t<meta name=\"twitter:data1\" content=\"Bienvenu SAVI\" \/>\n\t<meta name=\"twitter:label2\" content=\"Dur\u00e9e de lecture estim\u00e9e\" \/>\n\t<meta name=\"twitter:data2\" content=\"3 minutes\" \/>\n<script type=\"application\/ld+json\" class=\"yoast-schema-graph\">{\"@context\":\"https:\/\/schema.org\",\"@graph\":[{\"@type\":\"Article\",\"@id\":\"https:\/\/228news.tg\/index.php\/2026\/03\/19\/agl-togo-la-fete-de-famille-2026-celebree-sous-le-sceau-de-la-cohesion-de-confiance-et-de-vision\/#article\",\"isPartOf\":{\"@id\":\"https:\/\/228news.tg\/index.php\/2026\/03\/19\/agl-togo-la-fete-de-famille-2026-celebree-sous-le-sceau-de-la-cohesion-de-confiance-et-de-vision\/\"},\"author\":{\"name\":\"Bienvenu SAVI\",\"@id\":\"https:\/\/228news.tg\/#\/schema\/person\/68d5a6cc0230290e61235c8379523f52\"},\"headline\":\"AGL Togo : la F\u00eate de Famille 2026 c\u00e9l\u00e9br\u00e9e sous le sceau de la coh\u00e9sion, de confiance et de vision\",\"datePublished\":\"2026-03-19T14:32:20+00:00\",\"mainEntityOfPage\":{\"@id\":\"https:\/\/228news.tg\/index.php\/2026\/03\/19\/agl-togo-la-fete-de-famille-2026-celebree-sous-le-sceau-de-la-cohesion-de-confiance-et-de-vision\/\"},\"wordCount\":368,\"commentCount\":0,\"publisher\":{\"@id\":\"https:\/\/228news.tg\/#organization\"},\"image\":{\"@id\":\"https:\/\/228news.tg\/index.php\/2026\/03\/19\/agl-togo-la-fete-de-famille-2026-celebree-sous-le-sceau-de-la-cohesion-de-confiance-et-de-vision\/#primaryimage\"},\"thumbnailUrl\":\"https:\/\/228news.tg\/wp-content\/uploads\/2026\/03\/IMG-20260319-WA0182.jpg\",\"articleSection\":[\"SOCIETE\",\"TOGO\"],\"inLanguage\":\"fr-FR\",\"potentialAction\":[{\"@type\":\"CommentAction\",\"name\":\"Comment\",\"target\":[\"https:\/\/228news.tg\/index.php\/2026\/03\/19\/agl-togo-la-fete-de-famille-2026-celebree-sous-le-sceau-de-la-cohesion-de-confiance-et-de-vision\/#respond\"]}]},{\"@type\":\"WebPage\",\"@id\":\"https:\/\/228news.tg\/index.php\/2026\/03\/19\/agl-togo-la-fete-de-famille-2026-celebree-sous-le-sceau-de-la-cohesion-de-confiance-et-de-vision\/\",\"url\":\"https:\/\/228news.tg\/index.php\/2026\/03\/19\/agl-togo-la-fete-de-famille-2026-celebree-sous-le-sceau-de-la-cohesion-de-confiance-et-de-vision\/\",\"name\":\"AGL Togo : la F\u00eate de Famille 2026 c\u00e9l\u00e9br\u00e9e sous le sceau de la coh\u00e9sion, de confiance et de vision - 228 News\",\"isPartOf\":{\"@id\":\"https:\/\/228news.tg\/#website\"},\"primaryImageOfPage\":{\"@id\":\"https:\/\/228news.tg\/index.php\/2026\/03\/19\/agl-togo-la-fete-de-famille-2026-celebree-sous-le-sceau-de-la-cohesion-de-confiance-et-de-vision\/#primaryimage\"},\"image\":{\"@id\":\"https:\/\/228news.tg\/index.php\/2026\/03\/19\/agl-togo-la-fete-de-famille-2026-celebree-sous-le-sceau-de-la-cohesion-de-confiance-et-de-vision\/#primaryimage\"},\"thumbnailUrl\":\"https:\/\/228news.tg\/wp-content\/uploads\/2026\/03\/IMG-20260319-WA0182.jpg\",\"datePublished\":\"2026-03-19T14:32:20+00:00\",\"breadcrumb\":{\"@id\":\"https:\/\/228news.tg\/index.php\/2026\/03\/19\/agl-togo-la-fete-de-famille-2026-celebree-sous-le-sceau-de-la-cohesion-de-confiance-et-de-vision\/#breadcrumb\"},\"inLanguage\":\"fr-FR\",\"potentialAction\":[{\"@type\":\"ReadAction\",\"target\":[\"https:\/\/228news.tg\/index.php\/2026\/03\/19\/agl-togo-la-fete-de-famille-2026-celebree-sous-le-sceau-de-la-cohesion-de-confiance-et-de-vision\/\"]}]},{\"@type\":\"ImageObject\",\"inLanguage\":\"fr-FR\",\"@id\":\"https:\/\/228news.tg\/index.php\/2026\/03\/19\/agl-togo-la-fete-de-famille-2026-celebree-sous-le-sceau-de-la-cohesion-de-confiance-et-de-vision\/#primaryimage\",\"url\":\"https:\/\/228news.tg\/wp-content\/uploads\/2026\/03\/IMG-20260319-WA0182.jpg\",\"contentUrl\":\"https:\/\/228news.tg\/wp-content\/uploads\/2026\/03\/IMG-20260319-WA0182.jpg\",\"width\":1280,\"height\":958},{\"@type\":\"BreadcrumbList\",\"@id\":\"https:\/\/228news.tg\/index.php\/2026\/03\/19\/agl-togo-la-fete-de-famille-2026-celebree-sous-le-sceau-de-la-cohesion-de-confiance-et-de-vision\/#breadcrumb\",\"itemListElement\":[{\"@type\":\"ListItem\",\"position\":1,\"name\":\"Home\",\"item\":\"https:\/\/228news.tg\/\"},{\"@type\":\"ListItem\",\"position\":2,\"name\":\"AGL Togo : la F\u00eate de Famille 2026 c\u00e9l\u00e9br\u00e9e sous le sceau de la coh\u00e9sion, de confiance et de vision\"}]},{\"@type\":\"WebSite\",\"@id\":\"https:\/\/228news.tg\/#website\",\"url\":\"https:\/\/228news.tg\/\",\"name\":\"228 News\",\"description\":\"Soci\u00e9t\u00e9 de m\u00e9dias et d\u2019actualit\u00e9s\",\"publisher\":{\"@id\":\"https:\/\/228news.tg\/#organization\"},\"potentialAction\":[{\"@type\":\"SearchAction\",\"target\":{\"@type\":\"EntryPoint\",\"urlTemplate\":\"https:\/\/228news.tg\/?s={search_term_string}\"},\"query-input\":{\"@type\":\"PropertyValueSpecification\",\"valueRequired\":true,\"valueName\":\"search_term_string\"}}],\"inLanguage\":\"fr-FR\"},{\"@type\":\"Organization\",\"@id\":\"https:\/\/228news.tg\/#organization\",\"name\":\"228 News\",\"url\":\"https:\/\/228news.tg\/\",\"logo\":{\"@type\":\"ImageObject\",\"inLanguage\":\"fr-FR\",\"@id\":\"https:\/\/228news.tg\/#\/schema\/logo\/image\/\",\"url\":\"https:\/\/228news.tg\/wp-content\/uploads\/2024\/09\/logonew.png\",\"contentUrl\":\"https:\/\/228news.tg\/wp-content\/uploads\/2024\/09\/logonew.png\",\"width\":1640,\"height\":364,\"caption\":\"228 News\"},\"image\":{\"@id\":\"https:\/\/228news.tg\/#\/schema\/logo\/image\/\"}},{\"@type\":\"Person\",\"@id\":\"https:\/\/228news.tg\/#\/schema\/person\/68d5a6cc0230290e61235c8379523f52\",\"name\":\"Bienvenu SAVI\",\"image\":{\"@type\":\"ImageObject\",\"inLanguage\":\"fr-FR\",\"@id\":\"https:\/\/228news.tg\/#\/schema\/person\/image\/\",\"url\":\"https:\/\/secure.gravatar.com\/avatar\/9db91895c559e510509c33a3e9683998458e9b828fac36d5d1aa23f0f2fd369b?s=96&d=mm&r=g\",\"contentUrl\":\"https:\/\/secure.gravatar.com\/avatar\/9db91895c559e510509c33a3e9683998458e9b828fac36d5d1aa23f0f2fd369b?s=96&d=mm&r=g\",\"caption\":\"Bienvenu SAVI\"},\"url\":\"https:\/\/228news.tg\/index.php\/author\/bienvenu\/\"}]}<\/script>\n<!-- \/ Yoast SEO plugin. -->","yoast_head_json":{"title":"AGL Togo : la F\u00eate de Famille 2026 c\u00e9l\u00e9br\u00e9e sous le sceau de la coh\u00e9sion, de confiance et de vision - 228 News","robots":{"index":"index","follow":"follow","max-snippet":"max-snippet:-1","max-image-preview":"max-image-preview:large","max-video-preview":"max-video-preview:-1"},"canonical":"https:\/\/228news.tg\/index.php\/2026\/03\/19\/agl-togo-la-fete-de-famille-2026-celebree-sous-le-sceau-de-la-cohesion-de-confiance-et-de-vision\/","og_locale":"fr_FR","og_type":"article","og_title":"AGL Togo : la F\u00eate de Famille 2026 c\u00e9l\u00e9br\u00e9e sous le sceau de la coh\u00e9sion, de confiance et de vision - 228 News","og_description":"Organis\u00e9e chaque ann\u00e9e par Africa Global Logistics Togo pour c\u00e9l\u00e9brer la synergie d\u2019actions et la reconnaissance \u00e0 l\u2019endroit de ses diff\u00e9rents acteurs, la \u00ab F\u00eate de Famille \u00bb 2026 a tenu toutes ses promesses. Outre la coh\u00e9sion et les distinctions au c\u0153ur des festivit\u00e9s, cette \u00e9dition a \u00e9t\u00e9 \u00e9galement une occasion pour le premier responsable ... Lire la suite","og_url":"https:\/\/228news.tg\/index.php\/2026\/03\/19\/agl-togo-la-fete-de-famille-2026-celebree-sous-le-sceau-de-la-cohesion-de-confiance-et-de-vision\/","og_site_name":"228 News","article_published_time":"2026-03-19T14:32:20+00:00","og_image":[{"width":1280,"height":958,"url":"https:\/\/228news.tg\/wp-content\/uploads\/2026\/03\/IMG-20260319-WA0182.jpg","type":"image\/jpeg"}],"author":"Bienvenu SAVI","twitter_card":"summary_large_image","twitter_misc":{"\u00c9crit par":"Bienvenu SAVI","Dur\u00e9e de lecture estim\u00e9e":"3 minutes"},"schema":{"@context":"https:\/\/schema.org","@graph":[{"@type":"Article","@id":"https:\/\/228news.tg\/index.php\/2026\/03\/19\/agl-togo-la-fete-de-famille-2026-celebree-sous-le-sceau-de-la-cohesion-de-confiance-et-de-vision\/#article","isPartOf":{"@id":"https:\/\/228news.tg\/index.php\/2026\/03\/19\/agl-togo-la-fete-de-famille-2026-celebree-sous-le-sceau-de-la-cohesion-de-confiance-et-de-vision\/"},"author":{"name":"Bienvenu SAVI","@id":"https:\/\/228news.tg\/#\/schema\/person\/68d5a6cc0230290e61235c8379523f52"},"headline":"AGL Togo : la F\u00eate de Famille 2026 c\u00e9l\u00e9br\u00e9e sous le sceau de la coh\u00e9sion, de confiance et de vision","datePublished":"2026-03-19T14:32:20+00:00","mainEntityOfPage":{"@id":"https:\/\/228news.tg\/index.php\/2026\/03\/19\/agl-togo-la-fete-de-famille-2026-celebree-sous-le-sceau-de-la-cohesion-de-confiance-et-de-vision\/"},"wordCount":368,"commentCount":0,"publisher":{"@id":"https:\/\/228news.tg\/#organization"},"image":{"@id":"https:\/\/228news.tg\/index.php\/2026\/03\/19\/agl-togo-la-fete-de-famille-2026-celebree-sous-le-sceau-de-la-cohesion-de-confiance-et-de-vision\/#primaryimage"},"thumbnailUrl":"https:\/\/228news.tg\/wp-content\/uploads\/2026\/03\/IMG-20260319-WA0182.jpg","articleSection":["SOCIETE","TOGO"],"inLanguage":"fr-FR","potentialAction":[{"@type":"CommentAction","name":"Comment","target":["https:\/\/228news.tg\/index.php\/2026\/03\/19\/agl-togo-la-fete-de-famille-2026-celebree-sous-le-sceau-de-la-cohesion-de-confiance-et-de-vision\/#respond"]}]},{"@type":"WebPage","@id":"https:\/\/228news.tg\/index.php\/2026\/03\/19\/agl-togo-la-fete-de-famille-2026-celebree-sous-le-sceau-de-la-cohesion-de-confiance-et-de-vision\/","url":"https:\/\/228news.tg\/index.php\/2026\/03\/19\/agl-togo-la-fete-de-famille-2026-celebree-sous-le-sceau-de-la-cohesion-de-confiance-et-de-vision\/","name":"AGL Togo : la F\u00eate de Famille 2026 c\u00e9l\u00e9br\u00e9e sous le sceau de la coh\u00e9sion, de confiance et de vision - 228 News","isPartOf":{"@id":"https:\/\/228news.tg\/#website"},"primaryImageOfPage":{"@id":"https:\/\/228news.tg\/index.php\/2026\/03\/19\/agl-togo-la-fete-de-famille-2026-celebree-sous-le-sceau-de-la-cohesion-de-confiance-et-de-vision\/#primaryimage"},"image":{"@id":"https:\/\/228news.tg\/index.php\/2026\/03\/19\/agl-togo-la-fete-de-famille-2026-celebree-sous-le-sceau-de-la-cohesion-de-confiance-et-de-vision\/#primaryimage"},"thumbnailUrl":"https:\/\/228news.tg\/wp-content\/uploads\/2026\/03\/IMG-20260319-WA0182.jpg","datePublished":"2026-03-19T14:32:20+00:00","breadcrumb":{"@id":"https:\/\/228news.tg\/index.php\/2026\/03\/19\/agl-togo-la-fete-de-famille-2026-celebree-sous-le-sceau-de-la-cohesion-de-confiance-et-de-vision\/#breadcrumb"},"inLanguage":"fr-FR","potentialAction":[{"@type":"ReadAction","target":["https:\/\/228news.tg\/index.php\/2026\/03\/19\/agl-togo-la-fete-de-famille-2026-celebree-sous-le-sceau-de-la-cohesion-de-confiance-et-de-vision\/"]}]},{"@type":"ImageObject","inLanguage":"fr-FR","@id":"https:\/\/228news.tg\/index.php\/2026\/03\/19\/agl-togo-la-fete-de-famille-2026-celebree-sous-le-sceau-de-la-cohesion-de-confiance-et-de-vision\/#primaryimage","url":"https:\/\/228news.tg\/wp-content\/uploads\/2026\/03\/IMG-20260319-WA0182.jpg","contentUrl":"https:\/\/228news.tg\/wp-content\/uploads\/2026\/03\/IMG-20260319-WA0182.jpg","width":1280,"height":958},{"@type":"BreadcrumbList","@id":"https:\/\/228news.tg\/index.php\/2026\/03\/19\/agl-togo-la-fete-de-famille-2026-celebree-sous-le-sceau-de-la-cohesion-de-confiance-et-de-vision\/#breadcrumb","itemListElement":[{"@type":"ListItem","position":1,"name":"Home","item":"https:\/\/228news.tg\/"},{"@type":"ListItem","position":2,"name":"AGL Togo : la F\u00eate de Famille 2026 c\u00e9l\u00e9br\u00e9e sous le sceau de la coh\u00e9sion, de confiance et de vision"}]},{"@type":"WebSite","@id":"https:\/\/228news.tg\/#website","url":"https:\/\/228news.tg\/","name":"228 News","description":"Soci\u00e9t\u00e9 de m\u00e9dias et d\u2019actualit\u00e9s","publisher":{"@id":"https:\/\/228news.tg\/#organization"},"potentialAction":[{"@type":"SearchAction","target":{"@type":"EntryPoint","urlTemplate":"https:\/\/228news.tg\/?s={search_term_string}"},"query-input":{"@type":"PropertyValueSpecification","valueRequired":true,"valueName":"search_term_string"}}],"inLanguage":"fr-FR"},{"@type":"Organization","@id":"https:\/\/228news.tg\/#organization","name":"228 News","url":"https:\/\/228news.tg\/","logo":{"@type":"ImageObject","inLanguage":"fr-FR","@id":"https:\/\/228news.tg\/#\/schema\/logo\/image\/","url":"https:\/\/228news.tg\/wp-content\/uploads\/2024\/09\/logonew.png","contentUrl":"https:\/\/228news.tg\/wp-content\/uploads\/2024\/09\/logonew.png","width":1640,"height":364,"caption":"228 News"},"image":{"@id":"https:\/\/228news.tg\/#\/schema\/logo\/image\/"}},{"@type":"Person","@id":"https:\/\/228news.tg\/#\/schema\/person\/68d5a6cc0230290e61235c8379523f52","name":"Bienvenu SAVI","image":{"@type":"ImageObject","inLanguage":"fr-FR","@id":"https:\/\/228news.tg\/#\/schema\/person\/image\/","url":"https:\/\/secure.gravatar.com\/avatar\/9db91895c559e510509c33a3e9683998458e9b828fac36d5d1aa23f0f2fd369b?s=96&d=mm&r=g","contentUrl":"https:\/\/secure.gravatar.com\/avatar\/9db91895c559e510509c33a3e9683998458e9b828fac36d5d1aa23f0f2fd369b?s=96&d=mm&r=g","caption":"Bienvenu SAVI"},"url":"https:\/\/228news.tg\/index.php\/author\/bienvenu\/"}]}},"jetpack_featured_media_url":"https:\/\/228news.tg\/wp-content\/uploads\/2026\/03\/IMG-20260319-WA0182.jpg","_links":{"self":[{"href":"https:\/\/228news.tg\/index.php\/wp-json\/wp\/v2\/posts\/16998","targetHints":{"allow":["GET"]}}],"collection":[{"href":"https:\/\/228news.tg\/index.php\/wp-json\/wp\/v2\/posts"}],"about":[{"href":"https:\/\/228news.tg\/index.php\/wp-json\/wp\/v2\/types\/post"}],"author":[{"embeddable":true,"href":"https:\/\/228news.tg\/index.php\/wp-json\/wp\/v2\/users\/2"}],"replies":[{"embeddable":true,"href":"https:\/\/228news.tg\/index.php\/wp-json\/wp\/v2\/comments?post=16998"}],"version-history":[{"count":1,"href":"https:\/\/228news.tg\/index.php\/wp-json\/wp\/v2\/posts\/16998\/revisions"}],"predecessor-version":[{"id":17003,"href":"https:\/\/228news.tg\/index.php\/wp-json\/wp\/v2\/posts\/16998\/revisions\/17003"}],"wp:featuredmedia":[{"embeddable":true,"href":"https:\/\/228news.tg\/index.php\/wp-json\/wp\/v2\/media\/17002"}],"wp:attachment":[{"href":"https:\/\/228news.tg\/index.php\/wp-json\/wp\/v2\/media?parent=16998"}],"wp:term":[{"taxonomy":"category","embeddable":true,"href":"https:\/\/228news.tg\/index.php\/wp-json\/wp\/v2\/categories?post=16998"},{"taxonomy":"post_tag","embeddable":true,"href":"https:\/\/228news.tg\/index.php\/wp-json\/wp\/v2\/tags?post=16998"}],"curies":[{"name":"wp","href":"https:\/\/api.w.org\/{rel}","templated":true}]}}