{"id":16994,"date":"2026-03-16T22:53:16","date_gmt":"2026-03-16T22:53:16","guid":{"rendered":"https:\/\/228news.tg\/?p=16994"},"modified":"2026-03-16T22:53:16","modified_gmt":"2026-03-16T22:53:16","slug":"cfpj-remise-de-diplomes-a-la-promotion-2023-2025","status":"publish","type":"post","link":"https:\/\/228news.tg\/index.php\/2026\/03\/16\/cfpj-remise-de-diplomes-a-la-promotion-2023-2025\/","title":{"rendered":"CFPJ : remise de dipl\u00f4mes \u00e0 la promotion 2023-2025"},"content":{"rendered":"<p>Le Centre de Formation des Professions de Justice (CFPJ) a proc\u00e9d\u00e9, vendredi 13 mars 2026, \u00e0 la remise de dipl\u00f4mes \u00e0 une nouvelle promotion issue de la session 2023-2025. La c\u00e9r\u00e9monie, organis\u00e9e dans une atmosph\u00e8re solennelle, a \u00e9t\u00e9 pr\u00e9sid\u00e9e par le Garde des Sceaux, ministre de la Justice et des Droits humains, Pac\u00f4me Adjourouvi.<\/p>\n<p>Au total, 28 auditeurs de justice, dont 5 officiers des Forces de d\u00e9fense et de s\u00e9curit\u00e9, ainsi que 39 \u00e9l\u00e8ves greffiers et secr\u00e9taires de parquet, parmi lesquels 3 adjudants de la Police nationale, ont re\u00e7u leurs parchemins \u00e0 l\u2019issue de leur formation. Ces nouveaux professionnels viennent ainsi renforcer les rangs de l\u2019institution judiciaire togolaise.<\/p>\n<p>Dans son intervention, Pac\u00f4me Adjourouvi a salu\u00e9 l\u2019engagement constant de la direction du CFPJ et de l\u2019ensemble des acteurs impliqu\u00e9s dans la formation de ces magistrats, greffiers et secr\u00e9taires de parquet. Il a \u00e9galement exhort\u00e9 les r\u00e9cipiendaires \u00e0 exercer leurs fonctions avec rigueur, int\u00e9grit\u00e9 et sens \u00e9lev\u00e9 du devoir.<\/p>\n<p>\u00ab Retenez que la loi exige de vous le travail bien fait, l\u2019impartialit\u00e9 et l\u2019int\u00e9grit\u00e9 ; en somme, de l\u2019ardeur mais aussi une haute conscience professionnelle \u00bb, a-t-il d\u00e9clar\u00e9 et de les inviter \u00e0 demeurer \u00e0 l\u2019\u00e9coute de la soci\u00e9t\u00e9 tout en restant fermes dans l\u2019application du droit.<\/p>\n<p>La c\u00e9r\u00e9monie a \u00e9galement \u00e9t\u00e9 marqu\u00e9e par le bapt\u00eame des promotions. La promotion des auditeurs de justice a \u00e9t\u00e9 baptis\u00e9e \u00ab Promotion ATSOU Koffi Am\u00e9gan \u00bb, en hommage \u00e0 Koffi Am\u00e9gan Atsou, ancien pr\u00e9sident de la Cour supr\u00eame et de la Cour constitutionnelle, reconnu pour son int\u00e9grit\u00e9 et son d\u00e9vouement \u00e0 la cause de la justice.<\/p>\n<p>De leur c\u00f4t\u00e9, les \u00e9l\u00e8ves greffiers et secr\u00e9taires de parquet portent le nom \u00ab Promotion BAWA Boura\u00efma \u00bb, en hommage \u00e0 Boura\u00efma Bawa, ancien greffier en chef aujourd\u2019hui \u00e0 la retraite.<\/p>\n<p>Le Directeur g\u00e9n\u00e9ral du CFPJ, Essozimna Bidassa, a rappel\u00e9 que cette c\u00e9r\u00e9monie s\u2019inscrit dans le cadre des dispositions de l\u2019article 22 du d\u00e9cret N\u00b02011-119\/PR du 6 juillet 2011, qui pr\u00e9voit la remise officielle des titres et dipl\u00f4mes du centre \u00e0 l\u2019issue de l\u2019ann\u00e9e acad\u00e9mique.<\/p>\n<p>Il a \u00e9galement pr\u00e9cis\u00e9 que la formation a dur\u00e9 24 mois pour les magistrats et 18 mois pour les greffiers et secr\u00e9taires de parquet. Durant cette p\u00e9riode, les apprenants ont \u00e9t\u00e9 form\u00e9s aux valeurs fondamentales n\u00e9cessaires \u00e0 l\u2019exercice de leurs fonctions.<\/p>\n<p>\u00ab Nous leur avons inculqu\u00e9 les valeurs d\u2019\u00e9thique, de d\u00e9ontologie, de discr\u00e9tion et de rigueur. Nous attendons d\u2019eux qu\u2019ils restituent ces acquis tout au long de leur carri\u00e8re et qu\u2019ils se comportent, en tout lieu, avec dignit\u00e9 \u00bb, a-t-il indiqu\u00e9.<\/p>\n<p>Au nom des r\u00e9cipiendaires, le major de promotion, Hognon Kodjo Simon-Pierre, a exprim\u00e9 la gratitude de ses camarades aux autorit\u00e9s pour la qualit\u00e9 de la formation re\u00e7ue. Il a r\u00e9affirm\u00e9 leur engagement \u00e0 servir la nation avec loyaut\u00e9 et professionnalisme.<\/p>\n<p>\u00ab Nous mettrons en pratique les enseignements re\u00e7us pour contribuer \u00e0 l\u2019\u00e9dification d\u2019un syst\u00e8me judiciaire fort, cr\u00e9dible et respect\u00e9 \u00bb, a-t-il assur\u00e9.<\/p>\n<p>La c\u00e9r\u00e9monie s\u2019est d\u00e9roul\u00e9e en pr\u00e9sence de plusieurs personnalit\u00e9s, notamment le pr\u00e9sident de la Cour supr\u00eame du Togo, Abdoulaye Yaya, le pr\u00e9sident de la Haute Autorit\u00e9 de Pr\u00e9vention et de Lutte contre la Corruption et les Infractions Assimil\u00e9es (HAPLUCIA), Aba Kimelabalou, ainsi que le pr\u00e9sident du Conseil d\u2019administration du CFPJ, Bassah Koffi. Autorit\u00e9s administratives, politiques, militaires et traditionnelles, ainsi que les familles des r\u00e9cipiendaires, ont \u00e9galement pris part \u00e0 cette c\u00e9r\u00e9monie marquant la fin de leur formation et le d\u00e9but de leur engagement au service de la justice.<\/p>\n<p>228news.<\/p>\n<p>&nbsp;<\/p>\n","protected":false},"excerpt":{"rendered":"<p>Le Centre de Formation des Professions de Justice (CFPJ) a proc\u00e9d\u00e9, vendredi 13 mars 2026, \u00e0 la remise de dipl\u00f4mes \u00e0 une nouvelle promotion issue de la session 2023-2025. La c\u00e9r\u00e9monie, organis\u00e9e dans une atmosph\u00e8re solennelle, a \u00e9t\u00e9 pr\u00e9sid\u00e9e par le Garde des Sceaux, ministre de la Justice et des Droits humains, Pac\u00f4me Adjourouvi. Au &#8230; <a title=\"CFPJ : remise de dipl\u00f4mes \u00e0 la promotion 2023-2025\" class=\"read-more\" href=\"https:\/\/228news.tg\/index.php\/2026\/03\/16\/cfpj-remise-de-diplomes-a-la-promotion-2023-2025\/\" aria-label=\"En savoir plus sur CFPJ : remise de dipl\u00f4mes \u00e0 la promotion 2023-2025\">Lire la suite<\/a><\/p>\n","protected":false},"author":2,"featured_media":16995,"comment_status":"open","ping_status":"open","sticky":false,"template":"","format":"standard","meta":{"footnotes":""},"categories":[29,25],"tags":[],"class_list":["post-16994","post","type-post","status-publish","format-standard","has-post-thumbnail","hentry","category-societe","category-togo"],"yoast_head":"<!-- This site is optimized with the Yoast SEO plugin v26.4 - https:\/\/yoast.com\/wordpress\/plugins\/seo\/ -->\n<title>CFPJ : remise de dipl\u00f4mes \u00e0 la promotion 2023-2025 - 228 News<\/title>\n<meta name=\"robots\" content=\"index, follow, max-snippet:-1, max-image-preview:large, max-video-preview:-1\" \/>\n<link rel=\"canonical\" href=\"https:\/\/228news.tg\/index.php\/2026\/03\/16\/cfpj-remise-de-diplomes-a-la-promotion-2023-2025\/\" \/>\n<meta property=\"og:locale\" content=\"fr_FR\" \/>\n<meta property=\"og:type\" content=\"article\" \/>\n<meta property=\"og:title\" content=\"CFPJ : remise de dipl\u00f4mes \u00e0 la promotion 2023-2025 - 228 News\" \/>\n<meta property=\"og:description\" content=\"Le Centre de Formation des Professions de Justice (CFPJ) a proc\u00e9d\u00e9, vendredi 13 mars 2026, \u00e0 la remise de dipl\u00f4mes \u00e0 une nouvelle promotion issue de la session 2023-2025. La c\u00e9r\u00e9monie, organis\u00e9e dans une atmosph\u00e8re solennelle, a \u00e9t\u00e9 pr\u00e9sid\u00e9e par le Garde des Sceaux, ministre de la Justice et des Droits humains, Pac\u00f4me Adjourouvi. Au ... Lire la suite\" \/>\n<meta property=\"og:url\" content=\"https:\/\/228news.tg\/index.php\/2026\/03\/16\/cfpj-remise-de-diplomes-a-la-promotion-2023-2025\/\" \/>\n<meta property=\"og:site_name\" content=\"228 News\" \/>\n<meta property=\"article:published_time\" content=\"2026-03-16T22:53:16+00:00\" \/>\n<meta property=\"og:image\" content=\"https:\/\/228news.tg\/wp-content\/uploads\/2026\/03\/IMG_3573-scaled.jpg\" \/>\n\t<meta property=\"og:image:width\" content=\"2560\" \/>\n\t<meta property=\"og:image:height\" content=\"1707\" \/>\n\t<meta property=\"og:image:type\" content=\"image\/jpeg\" \/>\n<meta name=\"author\" content=\"Bienvenu SAVI\" \/>\n<meta name=\"twitter:card\" content=\"summary_large_image\" \/>\n<meta name=\"twitter:label1\" content=\"\u00c9crit par\" \/>\n\t<meta name=\"twitter:data1\" content=\"Bienvenu SAVI\" \/>\n\t<meta name=\"twitter:label2\" content=\"Dur\u00e9e de lecture estim\u00e9e\" \/>\n\t<meta name=\"twitter:data2\" content=\"3 minutes\" \/>\n<script type=\"application\/ld+json\" class=\"yoast-schema-graph\">{\"@context\":\"https:\/\/schema.org\",\"@graph\":[{\"@type\":\"Article\",\"@id\":\"https:\/\/228news.tg\/index.php\/2026\/03\/16\/cfpj-remise-de-diplomes-a-la-promotion-2023-2025\/#article\",\"isPartOf\":{\"@id\":\"https:\/\/228news.tg\/index.php\/2026\/03\/16\/cfpj-remise-de-diplomes-a-la-promotion-2023-2025\/\"},\"author\":{\"name\":\"Bienvenu SAVI\",\"@id\":\"https:\/\/228news.tg\/#\/schema\/person\/68d5a6cc0230290e61235c8379523f52\"},\"headline\":\"CFPJ : remise de dipl\u00f4mes \u00e0 la promotion 2023-2025\",\"datePublished\":\"2026-03-16T22:53:16+00:00\",\"mainEntityOfPage\":{\"@id\":\"https:\/\/228news.tg\/index.php\/2026\/03\/16\/cfpj-remise-de-diplomes-a-la-promotion-2023-2025\/\"},\"wordCount\":644,\"commentCount\":0,\"publisher\":{\"@id\":\"https:\/\/228news.tg\/#organization\"},\"image\":{\"@id\":\"https:\/\/228news.tg\/index.php\/2026\/03\/16\/cfpj-remise-de-diplomes-a-la-promotion-2023-2025\/#primaryimage\"},\"thumbnailUrl\":\"https:\/\/228news.tg\/wp-content\/uploads\/2026\/03\/IMG_3573-scaled.jpg\",\"articleSection\":[\"SOCIETE\",\"TOGO\"],\"inLanguage\":\"fr-FR\",\"potentialAction\":[{\"@type\":\"CommentAction\",\"name\":\"Comment\",\"target\":[\"https:\/\/228news.tg\/index.php\/2026\/03\/16\/cfpj-remise-de-diplomes-a-la-promotion-2023-2025\/#respond\"]}]},{\"@type\":\"WebPage\",\"@id\":\"https:\/\/228news.tg\/index.php\/2026\/03\/16\/cfpj-remise-de-diplomes-a-la-promotion-2023-2025\/\",\"url\":\"https:\/\/228news.tg\/index.php\/2026\/03\/16\/cfpj-remise-de-diplomes-a-la-promotion-2023-2025\/\",\"name\":\"CFPJ : remise de dipl\u00f4mes \u00e0 la promotion 2023-2025 - 228 News\",\"isPartOf\":{\"@id\":\"https:\/\/228news.tg\/#website\"},\"primaryImageOfPage\":{\"@id\":\"https:\/\/228news.tg\/index.php\/2026\/03\/16\/cfpj-remise-de-diplomes-a-la-promotion-2023-2025\/#primaryimage\"},\"image\":{\"@id\":\"https:\/\/228news.tg\/index.php\/2026\/03\/16\/cfpj-remise-de-diplomes-a-la-promotion-2023-2025\/#primaryimage\"},\"thumbnailUrl\":\"https:\/\/228news.tg\/wp-content\/uploads\/2026\/03\/IMG_3573-scaled.jpg\",\"datePublished\":\"2026-03-16T22:53:16+00:00\",\"breadcrumb\":{\"@id\":\"https:\/\/228news.tg\/index.php\/2026\/03\/16\/cfpj-remise-de-diplomes-a-la-promotion-2023-2025\/#breadcrumb\"},\"inLanguage\":\"fr-FR\",\"potentialAction\":[{\"@type\":\"ReadAction\",\"target\":[\"https:\/\/228news.tg\/index.php\/2026\/03\/16\/cfpj-remise-de-diplomes-a-la-promotion-2023-2025\/\"]}]},{\"@type\":\"ImageObject\",\"inLanguage\":\"fr-FR\",\"@id\":\"https:\/\/228news.tg\/index.php\/2026\/03\/16\/cfpj-remise-de-diplomes-a-la-promotion-2023-2025\/#primaryimage\",\"url\":\"https:\/\/228news.tg\/wp-content\/uploads\/2026\/03\/IMG_3573-scaled.jpg\",\"contentUrl\":\"https:\/\/228news.tg\/wp-content\/uploads\/2026\/03\/IMG_3573-scaled.jpg\",\"width\":2560,\"height\":1707},{\"@type\":\"BreadcrumbList\",\"@id\":\"https:\/\/228news.tg\/index.php\/2026\/03\/16\/cfpj-remise-de-diplomes-a-la-promotion-2023-2025\/#breadcrumb\",\"itemListElement\":[{\"@type\":\"ListItem\",\"position\":1,\"name\":\"Home\",\"item\":\"https:\/\/228news.tg\/\"},{\"@type\":\"ListItem\",\"position\":2,\"name\":\"CFPJ : remise de dipl\u00f4mes \u00e0 la promotion 2023-2025\"}]},{\"@type\":\"WebSite\",\"@id\":\"https:\/\/228news.tg\/#website\",\"url\":\"https:\/\/228news.tg\/\",\"name\":\"228 News\",\"description\":\"Soci\u00e9t\u00e9 de m\u00e9dias et d\u2019actualit\u00e9s\",\"publisher\":{\"@id\":\"https:\/\/228news.tg\/#organization\"},\"potentialAction\":[{\"@type\":\"SearchAction\",\"target\":{\"@type\":\"EntryPoint\",\"urlTemplate\":\"https:\/\/228news.tg\/?s={search_term_string}\"},\"query-input\":{\"@type\":\"PropertyValueSpecification\",\"valueRequired\":true,\"valueName\":\"search_term_string\"}}],\"inLanguage\":\"fr-FR\"},{\"@type\":\"Organization\",\"@id\":\"https:\/\/228news.tg\/#organization\",\"name\":\"228 News\",\"url\":\"https:\/\/228news.tg\/\",\"logo\":{\"@type\":\"ImageObject\",\"inLanguage\":\"fr-FR\",\"@id\":\"https:\/\/228news.tg\/#\/schema\/logo\/image\/\",\"url\":\"https:\/\/228news.tg\/wp-content\/uploads\/2024\/09\/logonew.png\",\"contentUrl\":\"https:\/\/228news.tg\/wp-content\/uploads\/2024\/09\/logonew.png\",\"width\":1640,\"height\":364,\"caption\":\"228 News\"},\"image\":{\"@id\":\"https:\/\/228news.tg\/#\/schema\/logo\/image\/\"}},{\"@type\":\"Person\",\"@id\":\"https:\/\/228news.tg\/#\/schema\/person\/68d5a6cc0230290e61235c8379523f52\",\"name\":\"Bienvenu SAVI\",\"image\":{\"@type\":\"ImageObject\",\"inLanguage\":\"fr-FR\",\"@id\":\"https:\/\/228news.tg\/#\/schema\/person\/image\/\",\"url\":\"https:\/\/secure.gravatar.com\/avatar\/9db91895c559e510509c33a3e9683998458e9b828fac36d5d1aa23f0f2fd369b?s=96&d=mm&r=g\",\"contentUrl\":\"https:\/\/secure.gravatar.com\/avatar\/9db91895c559e510509c33a3e9683998458e9b828fac36d5d1aa23f0f2fd369b?s=96&d=mm&r=g\",\"caption\":\"Bienvenu SAVI\"},\"url\":\"https:\/\/228news.tg\/index.php\/author\/bienvenu\/\"}]}<\/script>\n<!-- \/ Yoast SEO plugin. -->","yoast_head_json":{"title":"CFPJ : remise de dipl\u00f4mes \u00e0 la promotion 2023-2025 - 228 News","robots":{"index":"index","follow":"follow","max-snippet":"max-snippet:-1","max-image-preview":"max-image-preview:large","max-video-preview":"max-video-preview:-1"},"canonical":"https:\/\/228news.tg\/index.php\/2026\/03\/16\/cfpj-remise-de-diplomes-a-la-promotion-2023-2025\/","og_locale":"fr_FR","og_type":"article","og_title":"CFPJ : remise de dipl\u00f4mes \u00e0 la promotion 2023-2025 - 228 News","og_description":"Le Centre de Formation des Professions de Justice (CFPJ) a proc\u00e9d\u00e9, vendredi 13 mars 2026, \u00e0 la remise de dipl\u00f4mes \u00e0 une nouvelle promotion issue de la session 2023-2025. La c\u00e9r\u00e9monie, organis\u00e9e dans une atmosph\u00e8re solennelle, a \u00e9t\u00e9 pr\u00e9sid\u00e9e par le Garde des Sceaux, ministre de la Justice et des Droits humains, Pac\u00f4me Adjourouvi. Au ... Lire la suite","og_url":"https:\/\/228news.tg\/index.php\/2026\/03\/16\/cfpj-remise-de-diplomes-a-la-promotion-2023-2025\/","og_site_name":"228 News","article_published_time":"2026-03-16T22:53:16+00:00","og_image":[{"width":2560,"height":1707,"url":"https:\/\/228news.tg\/wp-content\/uploads\/2026\/03\/IMG_3573-scaled.jpg","type":"image\/jpeg"}],"author":"Bienvenu SAVI","twitter_card":"summary_large_image","twitter_misc":{"\u00c9crit par":"Bienvenu SAVI","Dur\u00e9e de lecture estim\u00e9e":"3 minutes"},"schema":{"@context":"https:\/\/schema.org","@graph":[{"@type":"Article","@id":"https:\/\/228news.tg\/index.php\/2026\/03\/16\/cfpj-remise-de-diplomes-a-la-promotion-2023-2025\/#article","isPartOf":{"@id":"https:\/\/228news.tg\/index.php\/2026\/03\/16\/cfpj-remise-de-diplomes-a-la-promotion-2023-2025\/"},"author":{"name":"Bienvenu SAVI","@id":"https:\/\/228news.tg\/#\/schema\/person\/68d5a6cc0230290e61235c8379523f52"},"headline":"CFPJ : remise de dipl\u00f4mes \u00e0 la promotion 2023-2025","datePublished":"2026-03-16T22:53:16+00:00","mainEntityOfPage":{"@id":"https:\/\/228news.tg\/index.php\/2026\/03\/16\/cfpj-remise-de-diplomes-a-la-promotion-2023-2025\/"},"wordCount":644,"commentCount":0,"publisher":{"@id":"https:\/\/228news.tg\/#organization"},"image":{"@id":"https:\/\/228news.tg\/index.php\/2026\/03\/16\/cfpj-remise-de-diplomes-a-la-promotion-2023-2025\/#primaryimage"},"thumbnailUrl":"https:\/\/228news.tg\/wp-content\/uploads\/2026\/03\/IMG_3573-scaled.jpg","articleSection":["SOCIETE","TOGO"],"inLanguage":"fr-FR","potentialAction":[{"@type":"CommentAction","name":"Comment","target":["https:\/\/228news.tg\/index.php\/2026\/03\/16\/cfpj-remise-de-diplomes-a-la-promotion-2023-2025\/#respond"]}]},{"@type":"WebPage","@id":"https:\/\/228news.tg\/index.php\/2026\/03\/16\/cfpj-remise-de-diplomes-a-la-promotion-2023-2025\/","url":"https:\/\/228news.tg\/index.php\/2026\/03\/16\/cfpj-remise-de-diplomes-a-la-promotion-2023-2025\/","name":"CFPJ : remise de dipl\u00f4mes \u00e0 la promotion 2023-2025 - 228 News","isPartOf":{"@id":"https:\/\/228news.tg\/#website"},"primaryImageOfPage":{"@id":"https:\/\/228news.tg\/index.php\/2026\/03\/16\/cfpj-remise-de-diplomes-a-la-promotion-2023-2025\/#primaryimage"},"image":{"@id":"https:\/\/228news.tg\/index.php\/2026\/03\/16\/cfpj-remise-de-diplomes-a-la-promotion-2023-2025\/#primaryimage"},"thumbnailUrl":"https:\/\/228news.tg\/wp-content\/uploads\/2026\/03\/IMG_3573-scaled.jpg","datePublished":"2026-03-16T22:53:16+00:00","breadcrumb":{"@id":"https:\/\/228news.tg\/index.php\/2026\/03\/16\/cfpj-remise-de-diplomes-a-la-promotion-2023-2025\/#breadcrumb"},"inLanguage":"fr-FR","potentialAction":[{"@type":"ReadAction","target":["https:\/\/228news.tg\/index.php\/2026\/03\/16\/cfpj-remise-de-diplomes-a-la-promotion-2023-2025\/"]}]},{"@type":"ImageObject","inLanguage":"fr-FR","@id":"https:\/\/228news.tg\/index.php\/2026\/03\/16\/cfpj-remise-de-diplomes-a-la-promotion-2023-2025\/#primaryimage","url":"https:\/\/228news.tg\/wp-content\/uploads\/2026\/03\/IMG_3573-scaled.jpg","contentUrl":"https:\/\/228news.tg\/wp-content\/uploads\/2026\/03\/IMG_3573-scaled.jpg","width":2560,"height":1707},{"@type":"BreadcrumbList","@id":"https:\/\/228news.tg\/index.php\/2026\/03\/16\/cfpj-remise-de-diplomes-a-la-promotion-2023-2025\/#breadcrumb","itemListElement":[{"@type":"ListItem","position":1,"name":"Home","item":"https:\/\/228news.tg\/"},{"@type":"ListItem","position":2,"name":"CFPJ : remise de dipl\u00f4mes \u00e0 la promotion 2023-2025"}]},{"@type":"WebSite","@id":"https:\/\/228news.tg\/#website","url":"https:\/\/228news.tg\/","name":"228 News","description":"Soci\u00e9t\u00e9 de m\u00e9dias et d\u2019actualit\u00e9s","publisher":{"@id":"https:\/\/228news.tg\/#organization"},"potentialAction":[{"@type":"SearchAction","target":{"@type":"EntryPoint","urlTemplate":"https:\/\/228news.tg\/?s={search_term_string}"},"query-input":{"@type":"PropertyValueSpecification","valueRequired":true,"valueName":"search_term_string"}}],"inLanguage":"fr-FR"},{"@type":"Organization","@id":"https:\/\/228news.tg\/#organization","name":"228 News","url":"https:\/\/228news.tg\/","logo":{"@type":"ImageObject","inLanguage":"fr-FR","@id":"https:\/\/228news.tg\/#\/schema\/logo\/image\/","url":"https:\/\/228news.tg\/wp-content\/uploads\/2024\/09\/logonew.png","contentUrl":"https:\/\/228news.tg\/wp-content\/uploads\/2024\/09\/logonew.png","width":1640,"height":364,"caption":"228 News"},"image":{"@id":"https:\/\/228news.tg\/#\/schema\/logo\/image\/"}},{"@type":"Person","@id":"https:\/\/228news.tg\/#\/schema\/person\/68d5a6cc0230290e61235c8379523f52","name":"Bienvenu SAVI","image":{"@type":"ImageObject","inLanguage":"fr-FR","@id":"https:\/\/228news.tg\/#\/schema\/person\/image\/","url":"https:\/\/secure.gravatar.com\/avatar\/9db91895c559e510509c33a3e9683998458e9b828fac36d5d1aa23f0f2fd369b?s=96&d=mm&r=g","contentUrl":"https:\/\/secure.gravatar.com\/avatar\/9db91895c559e510509c33a3e9683998458e9b828fac36d5d1aa23f0f2fd369b?s=96&d=mm&r=g","caption":"Bienvenu SAVI"},"url":"https:\/\/228news.tg\/index.php\/author\/bienvenu\/"}]}},"jetpack_featured_media_url":"https:\/\/228news.tg\/wp-content\/uploads\/2026\/03\/IMG_3573-scaled.jpg","_links":{"self":[{"href":"https:\/\/228news.tg\/index.php\/wp-json\/wp\/v2\/posts\/16994","targetHints":{"allow":["GET"]}}],"collection":[{"href":"https:\/\/228news.tg\/index.php\/wp-json\/wp\/v2\/posts"}],"about":[{"href":"https:\/\/228news.tg\/index.php\/wp-json\/wp\/v2\/types\/post"}],"author":[{"embeddable":true,"href":"https:\/\/228news.tg\/index.php\/wp-json\/wp\/v2\/users\/2"}],"replies":[{"embeddable":true,"href":"https:\/\/228news.tg\/index.php\/wp-json\/wp\/v2\/comments?post=16994"}],"version-history":[{"count":1,"href":"https:\/\/228news.tg\/index.php\/wp-json\/wp\/v2\/posts\/16994\/revisions"}],"predecessor-version":[{"id":16996,"href":"https:\/\/228news.tg\/index.php\/wp-json\/wp\/v2\/posts\/16994\/revisions\/16996"}],"wp:featuredmedia":[{"embeddable":true,"href":"https:\/\/228news.tg\/index.php\/wp-json\/wp\/v2\/media\/16995"}],"wp:attachment":[{"href":"https:\/\/228news.tg\/index.php\/wp-json\/wp\/v2\/media?parent=16994"}],"wp:term":[{"taxonomy":"category","embeddable":true,"href":"https:\/\/228news.tg\/index.php\/wp-json\/wp\/v2\/categories?post=16994"},{"taxonomy":"post_tag","embeddable":true,"href":"https:\/\/228news.tg\/index.php\/wp-json\/wp\/v2\/tags?post=16994"}],"curies":[{"name":"wp","href":"https:\/\/api.w.org\/{rel}","templated":true}]}}