{"id":16779,"date":"2026-01-09T16:39:18","date_gmt":"2026-01-09T16:39:18","guid":{"rendered":"https:\/\/228news.tg\/?p=16779"},"modified":"2026-01-09T16:59:58","modified_gmt":"2026-01-09T16:59:58","slug":"universite-de-kara-cap-sur-la-modernisation-des-infrastructures-pour-un-meilleur-cadre-dapprentissage","status":"publish","type":"post","link":"https:\/\/228news.tg\/index.php\/2026\/01\/09\/universite-de-kara-cap-sur-la-modernisation-des-infrastructures-pour-un-meilleur-cadre-dapprentissage\/","title":{"rendered":"Universit\u00e9 de Kara : cap sur la modernisation des infrastructures pour un meilleur cadre d\u2019apprentissage"},"content":{"rendered":"<hr \/>\n<p>Universit\u00e9 de Kara : cap sur la modernisation des infrastructures pour un meilleur cadre d\u2019apprentissag<\/p>\n<p>*Kara, janvier 2026* \u2013 Fid\u00e8le \u00e0 sa vision d\u2019une universit\u00e9 moderne et inclusive, l\u2019Universit\u00e9 de Kara poursuit ses efforts de transformation du cadre acad\u00e9mique. Entre nouvelles constructions au Campus Nord et r\u00e9habilitation des salles au Campus Sud, l\u2019\u00e9tablissement renforce son engagement pour offrir un environnement d\u2019apprentissage optimal \u00e0 ses \u00e9tudiants.<\/p>\n<p>*Reprise des cours et message d\u2019espoir*<\/p>\n<p>Le 5 janvier 2025, jour officiel de la reprise des cours, la Pr\u00e9sidente de l\u2019Universit\u00e9, Professeure Pr\u00e9nam HOUZOU-MOUZOU, a effectu\u00e9 une visite symbolique au Campus Sud. Une d\u00e9marche \u00e0 double port\u00e9e : constater de visu la reprise effective des activit\u00e9s acad\u00e9miques et adresser personnellement ses v\u0153ux de sant\u00e9, de paix et de r\u00e9ussite \u00e0 l\u2019ensemble des \u00e9tudiants, prolongeant ainsi les v\u0153ux formul\u00e9s pr\u00e9c\u00e9demment par voie \u00e9lectronique.<\/p>\n<p>*Des travaux de r\u00e9habilitation en pleine dynamique*<\/p>\n<p>Pendant les cong\u00e9s de No\u00ebl, des travaux de r\u00e9habilitation ont \u00e9t\u00e9 engag\u00e9s sur plusieurs salles du Campus Sud. Ils portent notamment sur l\u2019\u00e9lectricit\u00e9, la plomberie, la menuiserie, la peinture et la sonorisation, t\u00e9moignant d\u2019une volont\u00e9 d\u2019am\u00e9lioration continue du cadre de travail.<\/p>\n<p><!--more--><img fetchpriority=\"high\" decoding=\"async\" class=\"alignnone size-medium wp-image-16781\" src=\"https:\/\/228news.tg\/wp-content\/uploads\/2026\/01\/IMG-20260109-WA0069-300x200.jpg\" alt=\"\" width=\"300\" height=\"200\" srcset=\"https:\/\/228news.tg\/wp-content\/uploads\/2026\/01\/IMG-20260109-WA0069-300x200.jpg 300w, https:\/\/228news.tg\/wp-content\/uploads\/2026\/01\/IMG-20260109-WA0069.jpg 768w\" sizes=\"(max-width: 300px) 100vw, 300px\" \/><\/p>\n<p>\u00ab En parall\u00e8le aux nouvelles constructions initi\u00e9es par le gouvernement au Campus Nord, nous avons jug\u00e9 n\u00e9cessaire d\u2019am\u00e9liorer les infrastructures existantes ici au Sud. Cette visite nous permet d\u2019\u00e9valuer l\u2019\u00e9tat d\u2019avancement de ces chantiers \u00bb, a d\u00e9clar\u00e9 la Pr\u00e9sidente.<\/p>\n<p>Une gouvernance au plus pr\u00e8s des \u00e9tudiants<\/p>\n<p>Dans un geste appr\u00e9ci\u00e9, la Professeure HOUZOU-MOUZOU est entr\u00e9e dans plusieurs salles de cours pour \u00e9changer directement avec les \u00e9tudiants. Ce moment d\u2019\u00e9coute et de proximit\u00e9 s\u2019inscrit dans une d\u00e9marche participative et humaine, renfor\u00e7ant les liens entre la direction universitaire et la communaut\u00e9 estudiantine.<img decoding=\"async\" class=\"alignnone size-medium wp-image-16782\" src=\"https:\/\/228news.tg\/wp-content\/uploads\/2026\/01\/IMG-20260109-WA0070-300x169.jpg\" alt=\"\" width=\"300\" height=\"169\" srcset=\"https:\/\/228news.tg\/wp-content\/uploads\/2026\/01\/IMG-20260109-WA0070-300x169.jpg 300w, https:\/\/228news.tg\/wp-content\/uploads\/2026\/01\/IMG-20260109-WA0070-1024x576.jpg 1024w, https:\/\/228news.tg\/wp-content\/uploads\/2026\/01\/IMG-20260109-WA0070-768x432.jpg 768w, https:\/\/228news.tg\/wp-content\/uploads\/2026\/01\/IMG-20260109-WA0070.jpg 1080w\" sizes=\"(max-width: 300px) 100vw, 300px\" \/><\/p>\n<p>Vers une universit\u00e9 d\u2019excellence<\/p>\n<p>\u00c0 l\u2019issue de la tourn\u00e9e, la Pr\u00e9sidente a salu\u00e9 la qualit\u00e9 des travaux en cours et la mobilisation de l\u2019ensemble des \u00e9quipes. Elle a \u00e9galement renouvel\u00e9 ses v\u0153ux de r\u00e9ussite pour la nouvelle ann\u00e9e \u00e0 tous les acteurs de la vie universitaire.<\/p>\n<p><img decoding=\"async\" class=\"alignnone size-medium wp-image-16780\" src=\"https:\/\/228news.tg\/wp-content\/uploads\/2026\/01\/IMG-20260109-WA0068-300x200.jpg\" alt=\"\" width=\"300\" height=\"200\" srcset=\"https:\/\/228news.tg\/wp-content\/uploads\/2026\/01\/IMG-20260109-WA0068-300x200.jpg 300w, https:\/\/228news.tg\/wp-content\/uploads\/2026\/01\/IMG-20260109-WA0068.jpg 768w\" sizes=\"(max-width: 300px) 100vw, 300px\" \/><br \/>\nPar ces actions concr\u00e8tes, l\u2019Universit\u00e9 de Kara confirme son ambition de devenir un p\u00f4le d\u2019excellence acad\u00e9mique, port\u00e9 par une vision moderne, inclusive et tourn\u00e9e vers l\u2019avenir.<\/p>\n","protected":false},"excerpt":{"rendered":"<p>Universit\u00e9 de Kara : cap sur la modernisation des infrastructures pour un meilleur cadre d\u2019apprentissag *Kara, janvier 2026* \u2013 Fid\u00e8le \u00e0 sa vision d\u2019une universit\u00e9 moderne et inclusive, l\u2019Universit\u00e9 de Kara poursuit ses efforts de transformation du cadre acad\u00e9mique. Entre nouvelles constructions au Campus Nord et r\u00e9habilitation des salles au Campus Sud, l\u2019\u00e9tablissement renforce son &#8230; <a title=\"Universit\u00e9 de Kara : cap sur la modernisation des infrastructures pour un meilleur cadre d\u2019apprentissage\" class=\"read-more\" href=\"https:\/\/228news.tg\/index.php\/2026\/01\/09\/universite-de-kara-cap-sur-la-modernisation-des-infrastructures-pour-un-meilleur-cadre-dapprentissage\/\" aria-label=\"En savoir plus sur Universit\u00e9 de Kara : cap sur la modernisation des infrastructures pour un meilleur cadre d\u2019apprentissage\">Lire la suite<\/a><\/p>\n","protected":false},"author":2,"featured_media":0,"comment_status":"open","ping_status":"open","sticky":false,"template":"","format":"standard","meta":{"footnotes":""},"categories":[28,34],"tags":[],"class_list":["post-16779","post","type-post","status-publish","format-standard","hentry","category-education","category-une"],"yoast_head":"<!-- This site is optimized with the Yoast SEO plugin v26.4 - https:\/\/yoast.com\/wordpress\/plugins\/seo\/ -->\n<title>Universit\u00e9 de Kara : cap sur la modernisation des infrastructures pour un meilleur cadre d\u2019apprentissage - 228 News<\/title>\n<meta name=\"robots\" content=\"index, follow, max-snippet:-1, max-image-preview:large, max-video-preview:-1\" \/>\n<link rel=\"canonical\" href=\"https:\/\/228news.tg\/index.php\/2026\/01\/09\/universite-de-kara-cap-sur-la-modernisation-des-infrastructures-pour-un-meilleur-cadre-dapprentissage\/\" \/>\n<meta property=\"og:locale\" content=\"fr_FR\" \/>\n<meta property=\"og:type\" content=\"article\" \/>\n<meta property=\"og:title\" content=\"Universit\u00e9 de Kara : cap sur la modernisation des infrastructures pour un meilleur cadre d\u2019apprentissage - 228 News\" \/>\n<meta property=\"og:description\" content=\"Universit\u00e9 de Kara : cap sur la modernisation des infrastructures pour un meilleur cadre d\u2019apprentissag *Kara, janvier 2026* \u2013 Fid\u00e8le \u00e0 sa vision d\u2019une universit\u00e9 moderne et inclusive, l\u2019Universit\u00e9 de Kara poursuit ses efforts de transformation du cadre acad\u00e9mique. Entre nouvelles constructions au Campus Nord et r\u00e9habilitation des salles au Campus Sud, l\u2019\u00e9tablissement renforce son ... Lire la suite\" \/>\n<meta property=\"og:url\" content=\"https:\/\/228news.tg\/index.php\/2026\/01\/09\/universite-de-kara-cap-sur-la-modernisation-des-infrastructures-pour-un-meilleur-cadre-dapprentissage\/\" \/>\n<meta property=\"og:site_name\" content=\"228 News\" \/>\n<meta property=\"article:published_time\" content=\"2026-01-09T16:39:18+00:00\" \/>\n<meta property=\"article:modified_time\" content=\"2026-01-09T16:59:58+00:00\" \/>\n<meta property=\"og:image\" content=\"https:\/\/228news.tg\/wp-content\/uploads\/2026\/01\/IMG-20260109-WA0069.jpg\" \/>\n\t<meta property=\"og:image:width\" content=\"768\" \/>\n\t<meta property=\"og:image:height\" content=\"512\" \/>\n\t<meta property=\"og:image:type\" content=\"image\/jpeg\" \/>\n<meta name=\"author\" content=\"Bienvenu SAVI\" \/>\n<meta name=\"twitter:card\" content=\"summary_large_image\" \/>\n<meta name=\"twitter:label1\" content=\"\u00c9crit par\" \/>\n\t<meta name=\"twitter:data1\" content=\"Bienvenu SAVI\" \/>\n\t<meta name=\"twitter:label2\" content=\"Dur\u00e9e de lecture estim\u00e9e\" \/>\n\t<meta name=\"twitter:data2\" content=\"3 minutes\" \/>\n<script type=\"application\/ld+json\" class=\"yoast-schema-graph\">{\"@context\":\"https:\/\/schema.org\",\"@graph\":[{\"@type\":\"Article\",\"@id\":\"https:\/\/228news.tg\/index.php\/2026\/01\/09\/universite-de-kara-cap-sur-la-modernisation-des-infrastructures-pour-un-meilleur-cadre-dapprentissage\/#article\",\"isPartOf\":{\"@id\":\"https:\/\/228news.tg\/index.php\/2026\/01\/09\/universite-de-kara-cap-sur-la-modernisation-des-infrastructures-pour-un-meilleur-cadre-dapprentissage\/\"},\"author\":{\"name\":\"Bienvenu SAVI\",\"@id\":\"https:\/\/228news.tg\/#\/schema\/person\/68d5a6cc0230290e61235c8379523f52\"},\"headline\":\"Universit\u00e9 de Kara : cap sur la modernisation des infrastructures pour un meilleur cadre d\u2019apprentissage\",\"datePublished\":\"2026-01-09T16:39:18+00:00\",\"dateModified\":\"2026-01-09T16:59:58+00:00\",\"mainEntityOfPage\":{\"@id\":\"https:\/\/228news.tg\/index.php\/2026\/01\/09\/universite-de-kara-cap-sur-la-modernisation-des-infrastructures-pour-un-meilleur-cadre-dapprentissage\/\"},\"wordCount\":413,\"commentCount\":0,\"publisher\":{\"@id\":\"https:\/\/228news.tg\/#organization\"},\"image\":{\"@id\":\"https:\/\/228news.tg\/index.php\/2026\/01\/09\/universite-de-kara-cap-sur-la-modernisation-des-infrastructures-pour-un-meilleur-cadre-dapprentissage\/#primaryimage\"},\"thumbnailUrl\":\"https:\/\/228news.tg\/wp-content\/uploads\/2026\/01\/IMG-20260109-WA0069-300x200.jpg\",\"articleSection\":[\"EDUCATION\",\"Une\"],\"inLanguage\":\"fr-FR\",\"potentialAction\":[{\"@type\":\"CommentAction\",\"name\":\"Comment\",\"target\":[\"https:\/\/228news.tg\/index.php\/2026\/01\/09\/universite-de-kara-cap-sur-la-modernisation-des-infrastructures-pour-un-meilleur-cadre-dapprentissage\/#respond\"]}]},{\"@type\":\"WebPage\",\"@id\":\"https:\/\/228news.tg\/index.php\/2026\/01\/09\/universite-de-kara-cap-sur-la-modernisation-des-infrastructures-pour-un-meilleur-cadre-dapprentissage\/\",\"url\":\"https:\/\/228news.tg\/index.php\/2026\/01\/09\/universite-de-kara-cap-sur-la-modernisation-des-infrastructures-pour-un-meilleur-cadre-dapprentissage\/\",\"name\":\"Universit\u00e9 de Kara : cap sur la modernisation des infrastructures pour un meilleur cadre d\u2019apprentissage - 228 News\",\"isPartOf\":{\"@id\":\"https:\/\/228news.tg\/#website\"},\"primaryImageOfPage\":{\"@id\":\"https:\/\/228news.tg\/index.php\/2026\/01\/09\/universite-de-kara-cap-sur-la-modernisation-des-infrastructures-pour-un-meilleur-cadre-dapprentissage\/#primaryimage\"},\"image\":{\"@id\":\"https:\/\/228news.tg\/index.php\/2026\/01\/09\/universite-de-kara-cap-sur-la-modernisation-des-infrastructures-pour-un-meilleur-cadre-dapprentissage\/#primaryimage\"},\"thumbnailUrl\":\"https:\/\/228news.tg\/wp-content\/uploads\/2026\/01\/IMG-20260109-WA0069-300x200.jpg\",\"datePublished\":\"2026-01-09T16:39:18+00:00\",\"dateModified\":\"2026-01-09T16:59:58+00:00\",\"breadcrumb\":{\"@id\":\"https:\/\/228news.tg\/index.php\/2026\/01\/09\/universite-de-kara-cap-sur-la-modernisation-des-infrastructures-pour-un-meilleur-cadre-dapprentissage\/#breadcrumb\"},\"inLanguage\":\"fr-FR\",\"potentialAction\":[{\"@type\":\"ReadAction\",\"target\":[\"https:\/\/228news.tg\/index.php\/2026\/01\/09\/universite-de-kara-cap-sur-la-modernisation-des-infrastructures-pour-un-meilleur-cadre-dapprentissage\/\"]}]},{\"@type\":\"ImageObject\",\"inLanguage\":\"fr-FR\",\"@id\":\"https:\/\/228news.tg\/index.php\/2026\/01\/09\/universite-de-kara-cap-sur-la-modernisation-des-infrastructures-pour-un-meilleur-cadre-dapprentissage\/#primaryimage\",\"url\":\"https:\/\/228news.tg\/wp-content\/uploads\/2026\/01\/IMG-20260109-WA0069.jpg\",\"contentUrl\":\"https:\/\/228news.tg\/wp-content\/uploads\/2026\/01\/IMG-20260109-WA0069.jpg\",\"width\":768,\"height\":512},{\"@type\":\"BreadcrumbList\",\"@id\":\"https:\/\/228news.tg\/index.php\/2026\/01\/09\/universite-de-kara-cap-sur-la-modernisation-des-infrastructures-pour-un-meilleur-cadre-dapprentissage\/#breadcrumb\",\"itemListElement\":[{\"@type\":\"ListItem\",\"position\":1,\"name\":\"Home\",\"item\":\"https:\/\/228news.tg\/\"},{\"@type\":\"ListItem\",\"position\":2,\"name\":\"Universit\u00e9 de Kara : cap sur la modernisation des infrastructures pour un meilleur cadre d\u2019apprentissage\"}]},{\"@type\":\"WebSite\",\"@id\":\"https:\/\/228news.tg\/#website\",\"url\":\"https:\/\/228news.tg\/\",\"name\":\"228 News\",\"description\":\"Soci\u00e9t\u00e9 de m\u00e9dias et d\u2019actualit\u00e9s\",\"publisher\":{\"@id\":\"https:\/\/228news.tg\/#organization\"},\"potentialAction\":[{\"@type\":\"SearchAction\",\"target\":{\"@type\":\"EntryPoint\",\"urlTemplate\":\"https:\/\/228news.tg\/?s={search_term_string}\"},\"query-input\":{\"@type\":\"PropertyValueSpecification\",\"valueRequired\":true,\"valueName\":\"search_term_string\"}}],\"inLanguage\":\"fr-FR\"},{\"@type\":\"Organization\",\"@id\":\"https:\/\/228news.tg\/#organization\",\"name\":\"228 News\",\"url\":\"https:\/\/228news.tg\/\",\"logo\":{\"@type\":\"ImageObject\",\"inLanguage\":\"fr-FR\",\"@id\":\"https:\/\/228news.tg\/#\/schema\/logo\/image\/\",\"url\":\"https:\/\/228news.tg\/wp-content\/uploads\/2024\/09\/logonew.png\",\"contentUrl\":\"https:\/\/228news.tg\/wp-content\/uploads\/2024\/09\/logonew.png\",\"width\":1640,\"height\":364,\"caption\":\"228 News\"},\"image\":{\"@id\":\"https:\/\/228news.tg\/#\/schema\/logo\/image\/\"}},{\"@type\":\"Person\",\"@id\":\"https:\/\/228news.tg\/#\/schema\/person\/68d5a6cc0230290e61235c8379523f52\",\"name\":\"Bienvenu SAVI\",\"image\":{\"@type\":\"ImageObject\",\"inLanguage\":\"fr-FR\",\"@id\":\"https:\/\/228news.tg\/#\/schema\/person\/image\/\",\"url\":\"https:\/\/secure.gravatar.com\/avatar\/9db91895c559e510509c33a3e9683998458e9b828fac36d5d1aa23f0f2fd369b?s=96&d=mm&r=g\",\"contentUrl\":\"https:\/\/secure.gravatar.com\/avatar\/9db91895c559e510509c33a3e9683998458e9b828fac36d5d1aa23f0f2fd369b?s=96&d=mm&r=g\",\"caption\":\"Bienvenu SAVI\"},\"url\":\"https:\/\/228news.tg\/index.php\/author\/bienvenu\/\"}]}<\/script>\n<!-- \/ Yoast SEO plugin. -->","yoast_head_json":{"title":"Universit\u00e9 de Kara : cap sur la modernisation des infrastructures pour un meilleur cadre d\u2019apprentissage - 228 News","robots":{"index":"index","follow":"follow","max-snippet":"max-snippet:-1","max-image-preview":"max-image-preview:large","max-video-preview":"max-video-preview:-1"},"canonical":"https:\/\/228news.tg\/index.php\/2026\/01\/09\/universite-de-kara-cap-sur-la-modernisation-des-infrastructures-pour-un-meilleur-cadre-dapprentissage\/","og_locale":"fr_FR","og_type":"article","og_title":"Universit\u00e9 de Kara : cap sur la modernisation des infrastructures pour un meilleur cadre d\u2019apprentissage - 228 News","og_description":"Universit\u00e9 de Kara : cap sur la modernisation des infrastructures pour un meilleur cadre d\u2019apprentissag *Kara, janvier 2026* \u2013 Fid\u00e8le \u00e0 sa vision d\u2019une universit\u00e9 moderne et inclusive, l\u2019Universit\u00e9 de Kara poursuit ses efforts de transformation du cadre acad\u00e9mique. Entre nouvelles constructions au Campus Nord et r\u00e9habilitation des salles au Campus Sud, l\u2019\u00e9tablissement renforce son ... Lire la suite","og_url":"https:\/\/228news.tg\/index.php\/2026\/01\/09\/universite-de-kara-cap-sur-la-modernisation-des-infrastructures-pour-un-meilleur-cadre-dapprentissage\/","og_site_name":"228 News","article_published_time":"2026-01-09T16:39:18+00:00","article_modified_time":"2026-01-09T16:59:58+00:00","og_image":[{"width":768,"height":512,"url":"https:\/\/228news.tg\/wp-content\/uploads\/2026\/01\/IMG-20260109-WA0069.jpg","type":"image\/jpeg"}],"author":"Bienvenu SAVI","twitter_card":"summary_large_image","twitter_misc":{"\u00c9crit par":"Bienvenu SAVI","Dur\u00e9e de lecture estim\u00e9e":"3 minutes"},"schema":{"@context":"https:\/\/schema.org","@graph":[{"@type":"Article","@id":"https:\/\/228news.tg\/index.php\/2026\/01\/09\/universite-de-kara-cap-sur-la-modernisation-des-infrastructures-pour-un-meilleur-cadre-dapprentissage\/#article","isPartOf":{"@id":"https:\/\/228news.tg\/index.php\/2026\/01\/09\/universite-de-kara-cap-sur-la-modernisation-des-infrastructures-pour-un-meilleur-cadre-dapprentissage\/"},"author":{"name":"Bienvenu SAVI","@id":"https:\/\/228news.tg\/#\/schema\/person\/68d5a6cc0230290e61235c8379523f52"},"headline":"Universit\u00e9 de Kara : cap sur la modernisation des infrastructures pour un meilleur cadre d\u2019apprentissage","datePublished":"2026-01-09T16:39:18+00:00","dateModified":"2026-01-09T16:59:58+00:00","mainEntityOfPage":{"@id":"https:\/\/228news.tg\/index.php\/2026\/01\/09\/universite-de-kara-cap-sur-la-modernisation-des-infrastructures-pour-un-meilleur-cadre-dapprentissage\/"},"wordCount":413,"commentCount":0,"publisher":{"@id":"https:\/\/228news.tg\/#organization"},"image":{"@id":"https:\/\/228news.tg\/index.php\/2026\/01\/09\/universite-de-kara-cap-sur-la-modernisation-des-infrastructures-pour-un-meilleur-cadre-dapprentissage\/#primaryimage"},"thumbnailUrl":"https:\/\/228news.tg\/wp-content\/uploads\/2026\/01\/IMG-20260109-WA0069-300x200.jpg","articleSection":["EDUCATION","Une"],"inLanguage":"fr-FR","potentialAction":[{"@type":"CommentAction","name":"Comment","target":["https:\/\/228news.tg\/index.php\/2026\/01\/09\/universite-de-kara-cap-sur-la-modernisation-des-infrastructures-pour-un-meilleur-cadre-dapprentissage\/#respond"]}]},{"@type":"WebPage","@id":"https:\/\/228news.tg\/index.php\/2026\/01\/09\/universite-de-kara-cap-sur-la-modernisation-des-infrastructures-pour-un-meilleur-cadre-dapprentissage\/","url":"https:\/\/228news.tg\/index.php\/2026\/01\/09\/universite-de-kara-cap-sur-la-modernisation-des-infrastructures-pour-un-meilleur-cadre-dapprentissage\/","name":"Universit\u00e9 de Kara : cap sur la modernisation des infrastructures pour un meilleur cadre d\u2019apprentissage - 228 News","isPartOf":{"@id":"https:\/\/228news.tg\/#website"},"primaryImageOfPage":{"@id":"https:\/\/228news.tg\/index.php\/2026\/01\/09\/universite-de-kara-cap-sur-la-modernisation-des-infrastructures-pour-un-meilleur-cadre-dapprentissage\/#primaryimage"},"image":{"@id":"https:\/\/228news.tg\/index.php\/2026\/01\/09\/universite-de-kara-cap-sur-la-modernisation-des-infrastructures-pour-un-meilleur-cadre-dapprentissage\/#primaryimage"},"thumbnailUrl":"https:\/\/228news.tg\/wp-content\/uploads\/2026\/01\/IMG-20260109-WA0069-300x200.jpg","datePublished":"2026-01-09T16:39:18+00:00","dateModified":"2026-01-09T16:59:58+00:00","breadcrumb":{"@id":"https:\/\/228news.tg\/index.php\/2026\/01\/09\/universite-de-kara-cap-sur-la-modernisation-des-infrastructures-pour-un-meilleur-cadre-dapprentissage\/#breadcrumb"},"inLanguage":"fr-FR","potentialAction":[{"@type":"ReadAction","target":["https:\/\/228news.tg\/index.php\/2026\/01\/09\/universite-de-kara-cap-sur-la-modernisation-des-infrastructures-pour-un-meilleur-cadre-dapprentissage\/"]}]},{"@type":"ImageObject","inLanguage":"fr-FR","@id":"https:\/\/228news.tg\/index.php\/2026\/01\/09\/universite-de-kara-cap-sur-la-modernisation-des-infrastructures-pour-un-meilleur-cadre-dapprentissage\/#primaryimage","url":"https:\/\/228news.tg\/wp-content\/uploads\/2026\/01\/IMG-20260109-WA0069.jpg","contentUrl":"https:\/\/228news.tg\/wp-content\/uploads\/2026\/01\/IMG-20260109-WA0069.jpg","width":768,"height":512},{"@type":"BreadcrumbList","@id":"https:\/\/228news.tg\/index.php\/2026\/01\/09\/universite-de-kara-cap-sur-la-modernisation-des-infrastructures-pour-un-meilleur-cadre-dapprentissage\/#breadcrumb","itemListElement":[{"@type":"ListItem","position":1,"name":"Home","item":"https:\/\/228news.tg\/"},{"@type":"ListItem","position":2,"name":"Universit\u00e9 de Kara : cap sur la modernisation des infrastructures pour un meilleur cadre d\u2019apprentissage"}]},{"@type":"WebSite","@id":"https:\/\/228news.tg\/#website","url":"https:\/\/228news.tg\/","name":"228 News","description":"Soci\u00e9t\u00e9 de m\u00e9dias et d\u2019actualit\u00e9s","publisher":{"@id":"https:\/\/228news.tg\/#organization"},"potentialAction":[{"@type":"SearchAction","target":{"@type":"EntryPoint","urlTemplate":"https:\/\/228news.tg\/?s={search_term_string}"},"query-input":{"@type":"PropertyValueSpecification","valueRequired":true,"valueName":"search_term_string"}}],"inLanguage":"fr-FR"},{"@type":"Organization","@id":"https:\/\/228news.tg\/#organization","name":"228 News","url":"https:\/\/228news.tg\/","logo":{"@type":"ImageObject","inLanguage":"fr-FR","@id":"https:\/\/228news.tg\/#\/schema\/logo\/image\/","url":"https:\/\/228news.tg\/wp-content\/uploads\/2024\/09\/logonew.png","contentUrl":"https:\/\/228news.tg\/wp-content\/uploads\/2024\/09\/logonew.png","width":1640,"height":364,"caption":"228 News"},"image":{"@id":"https:\/\/228news.tg\/#\/schema\/logo\/image\/"}},{"@type":"Person","@id":"https:\/\/228news.tg\/#\/schema\/person\/68d5a6cc0230290e61235c8379523f52","name":"Bienvenu SAVI","image":{"@type":"ImageObject","inLanguage":"fr-FR","@id":"https:\/\/228news.tg\/#\/schema\/person\/image\/","url":"https:\/\/secure.gravatar.com\/avatar\/9db91895c559e510509c33a3e9683998458e9b828fac36d5d1aa23f0f2fd369b?s=96&d=mm&r=g","contentUrl":"https:\/\/secure.gravatar.com\/avatar\/9db91895c559e510509c33a3e9683998458e9b828fac36d5d1aa23f0f2fd369b?s=96&d=mm&r=g","caption":"Bienvenu SAVI"},"url":"https:\/\/228news.tg\/index.php\/author\/bienvenu\/"}]}},"jetpack_featured_media_url":"","_links":{"self":[{"href":"https:\/\/228news.tg\/index.php\/wp-json\/wp\/v2\/posts\/16779","targetHints":{"allow":["GET"]}}],"collection":[{"href":"https:\/\/228news.tg\/index.php\/wp-json\/wp\/v2\/posts"}],"about":[{"href":"https:\/\/228news.tg\/index.php\/wp-json\/wp\/v2\/types\/post"}],"author":[{"embeddable":true,"href":"https:\/\/228news.tg\/index.php\/wp-json\/wp\/v2\/users\/2"}],"replies":[{"embeddable":true,"href":"https:\/\/228news.tg\/index.php\/wp-json\/wp\/v2\/comments?post=16779"}],"version-history":[{"count":2,"href":"https:\/\/228news.tg\/index.php\/wp-json\/wp\/v2\/posts\/16779\/revisions"}],"predecessor-version":[{"id":16784,"href":"https:\/\/228news.tg\/index.php\/wp-json\/wp\/v2\/posts\/16779\/revisions\/16784"}],"wp:attachment":[{"href":"https:\/\/228news.tg\/index.php\/wp-json\/wp\/v2\/media?parent=16779"}],"wp:term":[{"taxonomy":"category","embeddable":true,"href":"https:\/\/228news.tg\/index.php\/wp-json\/wp\/v2\/categories?post=16779"},{"taxonomy":"post_tag","embeddable":true,"href":"https:\/\/228news.tg\/index.php\/wp-json\/wp\/v2\/tags?post=16779"}],"curies":[{"name":"wp","href":"https:\/\/api.w.org\/{rel}","templated":true}]}}