{"id":1668,"date":"2018-09-03T00:00:00","date_gmt":"2018-09-03T00:00:00","guid":{"rendered":"https:\/\/228news.tg\/index.php\/2018\/09\/03\/eliminatoires-can-2019-togo-benin-le-09-septembre-prochain-les-deux-selections-affutent-leurs-armes\/"},"modified":"2018-09-03T00:00:00","modified_gmt":"2018-09-03T00:00:00","slug":"eliminatoires-can-2019-togo-benin-le-09-septembre-prochain-les-deux-selections-affutent-leurs-armes","status":"publish","type":"post","link":"https:\/\/228news.tg\/index.php\/2018\/09\/03\/eliminatoires-can-2019-togo-benin-le-09-septembre-prochain-les-deux-selections-affutent-leurs-armes\/","title":{"rendered":"Eliminatoires CAN 2019, Togo-B\u00e9nin le 09 septembre prochain: Les deux s\u00e9lections aff\u00fbtent leurs armes"},"content":{"rendered":"<div class=\"td-post-content\">\n<p>Les \u00c9perviers du Togo croiseront les crampons avec les \u00c9cureuils du B\u00e9nin le 9 septembre prochain au stade municipal de Lom\u00e9.<\/p>\n<p>Cette rencontre s&rsquo;inscrit dans le cadre de la 2\u00e8me journ\u00e9e des \u00e9liminatoires de la Coupe d\u2019Afrique des Nations Cameroun 2019.<\/p>\n<p>Match \u00e0 risque au regard des r\u00e9cents tumultueux et violents incidents qui ont marqu\u00e9 les rencontres entre ces deux nations, les diff\u00e9rentes parties appellent \u00e0 un match sans violence qui doit \u00eatre gagn\u00e9 uniquement sur le terrain.<\/p>\n<p>Robert Daba, DG de \u00c9lite Foot Management, structure organisatrice de la rencontre a d&rsquo;ailleurs interpell\u00e9 dans ce sens au cours d&rsquo;une sortie m\u00e9diatique tenue la semaine derni\u00e8re.<\/p>\n<p>\u00ab\u00a0C\u2019est un match \u00e0 haut risque qui n\u00e9cessite une organisation particuli\u00e8re c\u2019est pourquoi je voudrais que ce match se joue dans le fair-play et la non violence. Sur le plan s\u00e9curitaire, Toutes les dispositions seront prises pour que ce match se passe dans la paix et dans la non-violence. C\u2019est pourquoi nous faisons un travail coll\u00e9gial avec la f\u00e9d\u00e9ration et le charg\u00e9 de la s\u00e9curit\u00e9, le commandant At\u00e8kp\u00e8. Nous allons accentuer la mobilisation sur la non-violence au Togo et aussi au B\u00e9nin avec les journalistes b\u00e9ninois pour faire comprendre aux gens que les deux pays sont des pays fr\u00e8res.\u00a0\u00bb, a t-il notamment.<\/p>\n<p>Sur le terrain, les deux s\u00e9lections aff\u00fbtent leurs armes, les listes des joueurs convoqu\u00e9s sont connues de m\u00eame que les forfaits.<\/p>\n<p>C&rsquo;est notamment le cas du Togo o\u00f9 Floyd Ayit\u00e9 et Asamoah sont forfaits pour cause de blessure.<\/p>\n<p>Notons pour finir que quatre locaux sont \u00e9galement convoqu\u00e9s par Claude Leroy pour cette rencontre.<\/p>\n<p><em><strong>Lesaint<\/strong><\/em><\/p>\n<p><em><strong>(00228) 91 85 40 14<\/strong><\/em><\/p>\n<p><em><strong>98 60 67 68<\/strong><\/em><\/p>\n<p><em><strong>democrate2010@gmail.com<\/strong><\/em><\/p>\n<\/div>\n","protected":false},"excerpt":{"rendered":"<p>Les \u00c9perviers du Togo croiseront les crampons avec les \u00c9cureuils du B\u00e9nin le 9 septembre prochain au stade municipal de Lom\u00e9. Cette rencontre s&rsquo;inscrit dans le cadre de la 2\u00e8me journ\u00e9e des \u00e9liminatoires de la Coupe d\u2019Afrique des Nations Cameroun 2019. Match \u00e0 risque au regard des r\u00e9cents tumultueux et violents incidents qui ont marqu\u00e9 &#8230; <a title=\"Eliminatoires CAN 2019, Togo-B\u00e9nin le 09 septembre prochain: Les deux s\u00e9lections aff\u00fbtent leurs armes\" class=\"read-more\" href=\"https:\/\/228news.tg\/index.php\/2018\/09\/03\/eliminatoires-can-2019-togo-benin-le-09-septembre-prochain-les-deux-selections-affutent-leurs-armes\/\" aria-label=\"En savoir plus sur Eliminatoires CAN 2019, Togo-B\u00e9nin le 09 septembre prochain: Les deux s\u00e9lections aff\u00fbtent leurs armes\">Lire la suite<\/a><\/p>\n","protected":false},"author":2,"featured_media":1669,"comment_status":"open","ping_status":"open","sticky":false,"template":"","format":"standard","meta":{"footnotes":""},"categories":[35,24,25,34],"tags":[],"class_list":["post-1668","post","type-post","status-publish","format-standard","has-post-thumbnail","hentry","category-flash","category-sports","category-togo","category-une"],"yoast_head":"<!-- This site is optimized with the Yoast SEO plugin v26.4 - https:\/\/yoast.com\/wordpress\/plugins\/seo\/ -->\n<title>Eliminatoires CAN 2019, Togo-B\u00e9nin le 09 septembre prochain: Les deux s\u00e9lections aff\u00fbtent leurs armes - 228 News<\/title>\n<meta name=\"robots\" content=\"index, follow, max-snippet:-1, max-image-preview:large, max-video-preview:-1\" \/>\n<link rel=\"canonical\" href=\"https:\/\/228news.tg\/index.php\/2018\/09\/03\/eliminatoires-can-2019-togo-benin-le-09-septembre-prochain-les-deux-selections-affutent-leurs-armes\/\" \/>\n<meta property=\"og:locale\" content=\"fr_FR\" \/>\n<meta property=\"og:type\" content=\"article\" \/>\n<meta property=\"og:title\" content=\"Eliminatoires CAN 2019, Togo-B\u00e9nin le 09 septembre prochain: Les deux s\u00e9lections aff\u00fbtent leurs armes - 228 News\" \/>\n<meta property=\"og:description\" content=\"Les \u00c9perviers du Togo croiseront les crampons avec les \u00c9cureuils du B\u00e9nin le 9 septembre prochain au stade municipal de Lom\u00e9. Cette rencontre s&rsquo;inscrit dans le cadre de la 2\u00e8me journ\u00e9e des \u00e9liminatoires de la Coupe d\u2019Afrique des Nations Cameroun 2019. Match \u00e0 risque au regard des r\u00e9cents tumultueux et violents incidents qui ont marqu\u00e9 ... Lire la suite\" \/>\n<meta property=\"og:url\" content=\"https:\/\/228news.tg\/index.php\/2018\/09\/03\/eliminatoires-can-2019-togo-benin-le-09-septembre-prochain-les-deux-selections-affutent-leurs-armes\/\" \/>\n<meta property=\"og:site_name\" content=\"228 News\" \/>\n<meta property=\"article:published_time\" content=\"2018-09-03T00:00:00+00:00\" \/>\n<meta property=\"og:image\" content=\"https:\/\/228news.tg\/wp-content\/uploads\/2024\/09\/index-1.jpg\" \/>\n\t<meta property=\"og:image:width\" content=\"275\" \/>\n\t<meta property=\"og:image:height\" content=\"183\" \/>\n\t<meta property=\"og:image:type\" content=\"image\/jpeg\" \/>\n<meta name=\"author\" content=\"Bienvenu SAVI\" \/>\n<meta name=\"twitter:card\" content=\"summary_large_image\" \/>\n<meta name=\"twitter:label1\" content=\"\u00c9crit par\" \/>\n\t<meta name=\"twitter:data1\" content=\"Bienvenu SAVI\" \/>\n\t<meta name=\"twitter:label2\" content=\"Dur\u00e9e de lecture estim\u00e9e\" \/>\n\t<meta name=\"twitter:data2\" content=\"1 minute\" \/>\n<script type=\"application\/ld+json\" class=\"yoast-schema-graph\">{\"@context\":\"https:\/\/schema.org\",\"@graph\":[{\"@type\":\"Article\",\"@id\":\"https:\/\/228news.tg\/index.php\/2018\/09\/03\/eliminatoires-can-2019-togo-benin-le-09-septembre-prochain-les-deux-selections-affutent-leurs-armes\/#article\",\"isPartOf\":{\"@id\":\"https:\/\/228news.tg\/index.php\/2018\/09\/03\/eliminatoires-can-2019-togo-benin-le-09-septembre-prochain-les-deux-selections-affutent-leurs-armes\/\"},\"author\":{\"name\":\"Bienvenu SAVI\",\"@id\":\"https:\/\/228news.tg\/#\/schema\/person\/68d5a6cc0230290e61235c8379523f52\"},\"headline\":\"Eliminatoires CAN 2019, Togo-B\u00e9nin le 09 septembre prochain: Les deux s\u00e9lections aff\u00fbtent leurs armes\",\"datePublished\":\"2018-09-03T00:00:00+00:00\",\"mainEntityOfPage\":{\"@id\":\"https:\/\/228news.tg\/index.php\/2018\/09\/03\/eliminatoires-can-2019-togo-benin-le-09-septembre-prochain-les-deux-selections-affutent-leurs-armes\/\"},\"wordCount\":304,\"commentCount\":0,\"publisher\":{\"@id\":\"https:\/\/228news.tg\/#organization\"},\"image\":{\"@id\":\"https:\/\/228news.tg\/index.php\/2018\/09\/03\/eliminatoires-can-2019-togo-benin-le-09-septembre-prochain-les-deux-selections-affutent-leurs-armes\/#primaryimage\"},\"thumbnailUrl\":\"https:\/\/228news.tg\/wp-content\/uploads\/2024\/09\/index-1.jpg\",\"articleSection\":[\"Flash\",\"SPORTS\",\"TOGO\",\"Une\"],\"inLanguage\":\"fr-FR\",\"potentialAction\":[{\"@type\":\"CommentAction\",\"name\":\"Comment\",\"target\":[\"https:\/\/228news.tg\/index.php\/2018\/09\/03\/eliminatoires-can-2019-togo-benin-le-09-septembre-prochain-les-deux-selections-affutent-leurs-armes\/#respond\"]}]},{\"@type\":\"WebPage\",\"@id\":\"https:\/\/228news.tg\/index.php\/2018\/09\/03\/eliminatoires-can-2019-togo-benin-le-09-septembre-prochain-les-deux-selections-affutent-leurs-armes\/\",\"url\":\"https:\/\/228news.tg\/index.php\/2018\/09\/03\/eliminatoires-can-2019-togo-benin-le-09-septembre-prochain-les-deux-selections-affutent-leurs-armes\/\",\"name\":\"Eliminatoires CAN 2019, Togo-B\u00e9nin le 09 septembre prochain: Les deux s\u00e9lections aff\u00fbtent leurs armes - 228 News\",\"isPartOf\":{\"@id\":\"https:\/\/228news.tg\/#website\"},\"primaryImageOfPage\":{\"@id\":\"https:\/\/228news.tg\/index.php\/2018\/09\/03\/eliminatoires-can-2019-togo-benin-le-09-septembre-prochain-les-deux-selections-affutent-leurs-armes\/#primaryimage\"},\"image\":{\"@id\":\"https:\/\/228news.tg\/index.php\/2018\/09\/03\/eliminatoires-can-2019-togo-benin-le-09-septembre-prochain-les-deux-selections-affutent-leurs-armes\/#primaryimage\"},\"thumbnailUrl\":\"https:\/\/228news.tg\/wp-content\/uploads\/2024\/09\/index-1.jpg\",\"datePublished\":\"2018-09-03T00:00:00+00:00\",\"breadcrumb\":{\"@id\":\"https:\/\/228news.tg\/index.php\/2018\/09\/03\/eliminatoires-can-2019-togo-benin-le-09-septembre-prochain-les-deux-selections-affutent-leurs-armes\/#breadcrumb\"},\"inLanguage\":\"fr-FR\",\"potentialAction\":[{\"@type\":\"ReadAction\",\"target\":[\"https:\/\/228news.tg\/index.php\/2018\/09\/03\/eliminatoires-can-2019-togo-benin-le-09-septembre-prochain-les-deux-selections-affutent-leurs-armes\/\"]}]},{\"@type\":\"ImageObject\",\"inLanguage\":\"fr-FR\",\"@id\":\"https:\/\/228news.tg\/index.php\/2018\/09\/03\/eliminatoires-can-2019-togo-benin-le-09-septembre-prochain-les-deux-selections-affutent-leurs-armes\/#primaryimage\",\"url\":\"https:\/\/228news.tg\/wp-content\/uploads\/2024\/09\/index-1.jpg\",\"contentUrl\":\"https:\/\/228news.tg\/wp-content\/uploads\/2024\/09\/index-1.jpg\",\"width\":275,\"height\":183},{\"@type\":\"BreadcrumbList\",\"@id\":\"https:\/\/228news.tg\/index.php\/2018\/09\/03\/eliminatoires-can-2019-togo-benin-le-09-septembre-prochain-les-deux-selections-affutent-leurs-armes\/#breadcrumb\",\"itemListElement\":[{\"@type\":\"ListItem\",\"position\":1,\"name\":\"Home\",\"item\":\"https:\/\/228news.tg\/\"},{\"@type\":\"ListItem\",\"position\":2,\"name\":\"Eliminatoires CAN 2019, Togo-B\u00e9nin le 09 septembre prochain: Les deux s\u00e9lections aff\u00fbtent leurs armes\"}]},{\"@type\":\"WebSite\",\"@id\":\"https:\/\/228news.tg\/#website\",\"url\":\"https:\/\/228news.tg\/\",\"name\":\"228 News\",\"description\":\"Soci\u00e9t\u00e9 de m\u00e9dias et d\u2019actualit\u00e9s\",\"publisher\":{\"@id\":\"https:\/\/228news.tg\/#organization\"},\"potentialAction\":[{\"@type\":\"SearchAction\",\"target\":{\"@type\":\"EntryPoint\",\"urlTemplate\":\"https:\/\/228news.tg\/?s={search_term_string}\"},\"query-input\":{\"@type\":\"PropertyValueSpecification\",\"valueRequired\":true,\"valueName\":\"search_term_string\"}}],\"inLanguage\":\"fr-FR\"},{\"@type\":\"Organization\",\"@id\":\"https:\/\/228news.tg\/#organization\",\"name\":\"228 News\",\"url\":\"https:\/\/228news.tg\/\",\"logo\":{\"@type\":\"ImageObject\",\"inLanguage\":\"fr-FR\",\"@id\":\"https:\/\/228news.tg\/#\/schema\/logo\/image\/\",\"url\":\"https:\/\/228news.tg\/wp-content\/uploads\/2024\/09\/logonew.png\",\"contentUrl\":\"https:\/\/228news.tg\/wp-content\/uploads\/2024\/09\/logonew.png\",\"width\":1640,\"height\":364,\"caption\":\"228 News\"},\"image\":{\"@id\":\"https:\/\/228news.tg\/#\/schema\/logo\/image\/\"}},{\"@type\":\"Person\",\"@id\":\"https:\/\/228news.tg\/#\/schema\/person\/68d5a6cc0230290e61235c8379523f52\",\"name\":\"Bienvenu SAVI\",\"image\":{\"@type\":\"ImageObject\",\"inLanguage\":\"fr-FR\",\"@id\":\"https:\/\/228news.tg\/#\/schema\/person\/image\/\",\"url\":\"https:\/\/secure.gravatar.com\/avatar\/9db91895c559e510509c33a3e9683998458e9b828fac36d5d1aa23f0f2fd369b?s=96&d=mm&r=g\",\"contentUrl\":\"https:\/\/secure.gravatar.com\/avatar\/9db91895c559e510509c33a3e9683998458e9b828fac36d5d1aa23f0f2fd369b?s=96&d=mm&r=g\",\"caption\":\"Bienvenu SAVI\"},\"url\":\"https:\/\/228news.tg\/index.php\/author\/bienvenu\/\"}]}<\/script>\n<!-- \/ Yoast SEO plugin. -->","yoast_head_json":{"title":"Eliminatoires CAN 2019, Togo-B\u00e9nin le 09 septembre prochain: Les deux s\u00e9lections aff\u00fbtent leurs armes - 228 News","robots":{"index":"index","follow":"follow","max-snippet":"max-snippet:-1","max-image-preview":"max-image-preview:large","max-video-preview":"max-video-preview:-1"},"canonical":"https:\/\/228news.tg\/index.php\/2018\/09\/03\/eliminatoires-can-2019-togo-benin-le-09-septembre-prochain-les-deux-selections-affutent-leurs-armes\/","og_locale":"fr_FR","og_type":"article","og_title":"Eliminatoires CAN 2019, Togo-B\u00e9nin le 09 septembre prochain: Les deux s\u00e9lections aff\u00fbtent leurs armes - 228 News","og_description":"Les \u00c9perviers du Togo croiseront les crampons avec les \u00c9cureuils du B\u00e9nin le 9 septembre prochain au stade municipal de Lom\u00e9. Cette rencontre s&rsquo;inscrit dans le cadre de la 2\u00e8me journ\u00e9e des \u00e9liminatoires de la Coupe d\u2019Afrique des Nations Cameroun 2019. Match \u00e0 risque au regard des r\u00e9cents tumultueux et violents incidents qui ont marqu\u00e9 ... Lire la suite","og_url":"https:\/\/228news.tg\/index.php\/2018\/09\/03\/eliminatoires-can-2019-togo-benin-le-09-septembre-prochain-les-deux-selections-affutent-leurs-armes\/","og_site_name":"228 News","article_published_time":"2018-09-03T00:00:00+00:00","og_image":[{"width":275,"height":183,"url":"https:\/\/228news.tg\/wp-content\/uploads\/2024\/09\/index-1.jpg","type":"image\/jpeg"}],"author":"Bienvenu SAVI","twitter_card":"summary_large_image","twitter_misc":{"\u00c9crit par":"Bienvenu SAVI","Dur\u00e9e de lecture estim\u00e9e":"1 minute"},"schema":{"@context":"https:\/\/schema.org","@graph":[{"@type":"Article","@id":"https:\/\/228news.tg\/index.php\/2018\/09\/03\/eliminatoires-can-2019-togo-benin-le-09-septembre-prochain-les-deux-selections-affutent-leurs-armes\/#article","isPartOf":{"@id":"https:\/\/228news.tg\/index.php\/2018\/09\/03\/eliminatoires-can-2019-togo-benin-le-09-septembre-prochain-les-deux-selections-affutent-leurs-armes\/"},"author":{"name":"Bienvenu SAVI","@id":"https:\/\/228news.tg\/#\/schema\/person\/68d5a6cc0230290e61235c8379523f52"},"headline":"Eliminatoires CAN 2019, Togo-B\u00e9nin le 09 septembre prochain: Les deux s\u00e9lections aff\u00fbtent leurs armes","datePublished":"2018-09-03T00:00:00+00:00","mainEntityOfPage":{"@id":"https:\/\/228news.tg\/index.php\/2018\/09\/03\/eliminatoires-can-2019-togo-benin-le-09-septembre-prochain-les-deux-selections-affutent-leurs-armes\/"},"wordCount":304,"commentCount":0,"publisher":{"@id":"https:\/\/228news.tg\/#organization"},"image":{"@id":"https:\/\/228news.tg\/index.php\/2018\/09\/03\/eliminatoires-can-2019-togo-benin-le-09-septembre-prochain-les-deux-selections-affutent-leurs-armes\/#primaryimage"},"thumbnailUrl":"https:\/\/228news.tg\/wp-content\/uploads\/2024\/09\/index-1.jpg","articleSection":["Flash","SPORTS","TOGO","Une"],"inLanguage":"fr-FR","potentialAction":[{"@type":"CommentAction","name":"Comment","target":["https:\/\/228news.tg\/index.php\/2018\/09\/03\/eliminatoires-can-2019-togo-benin-le-09-septembre-prochain-les-deux-selections-affutent-leurs-armes\/#respond"]}]},{"@type":"WebPage","@id":"https:\/\/228news.tg\/index.php\/2018\/09\/03\/eliminatoires-can-2019-togo-benin-le-09-septembre-prochain-les-deux-selections-affutent-leurs-armes\/","url":"https:\/\/228news.tg\/index.php\/2018\/09\/03\/eliminatoires-can-2019-togo-benin-le-09-septembre-prochain-les-deux-selections-affutent-leurs-armes\/","name":"Eliminatoires CAN 2019, Togo-B\u00e9nin le 09 septembre prochain: Les deux s\u00e9lections aff\u00fbtent leurs armes - 228 News","isPartOf":{"@id":"https:\/\/228news.tg\/#website"},"primaryImageOfPage":{"@id":"https:\/\/228news.tg\/index.php\/2018\/09\/03\/eliminatoires-can-2019-togo-benin-le-09-septembre-prochain-les-deux-selections-affutent-leurs-armes\/#primaryimage"},"image":{"@id":"https:\/\/228news.tg\/index.php\/2018\/09\/03\/eliminatoires-can-2019-togo-benin-le-09-septembre-prochain-les-deux-selections-affutent-leurs-armes\/#primaryimage"},"thumbnailUrl":"https:\/\/228news.tg\/wp-content\/uploads\/2024\/09\/index-1.jpg","datePublished":"2018-09-03T00:00:00+00:00","breadcrumb":{"@id":"https:\/\/228news.tg\/index.php\/2018\/09\/03\/eliminatoires-can-2019-togo-benin-le-09-septembre-prochain-les-deux-selections-affutent-leurs-armes\/#breadcrumb"},"inLanguage":"fr-FR","potentialAction":[{"@type":"ReadAction","target":["https:\/\/228news.tg\/index.php\/2018\/09\/03\/eliminatoires-can-2019-togo-benin-le-09-septembre-prochain-les-deux-selections-affutent-leurs-armes\/"]}]},{"@type":"ImageObject","inLanguage":"fr-FR","@id":"https:\/\/228news.tg\/index.php\/2018\/09\/03\/eliminatoires-can-2019-togo-benin-le-09-septembre-prochain-les-deux-selections-affutent-leurs-armes\/#primaryimage","url":"https:\/\/228news.tg\/wp-content\/uploads\/2024\/09\/index-1.jpg","contentUrl":"https:\/\/228news.tg\/wp-content\/uploads\/2024\/09\/index-1.jpg","width":275,"height":183},{"@type":"BreadcrumbList","@id":"https:\/\/228news.tg\/index.php\/2018\/09\/03\/eliminatoires-can-2019-togo-benin-le-09-septembre-prochain-les-deux-selections-affutent-leurs-armes\/#breadcrumb","itemListElement":[{"@type":"ListItem","position":1,"name":"Home","item":"https:\/\/228news.tg\/"},{"@type":"ListItem","position":2,"name":"Eliminatoires CAN 2019, Togo-B\u00e9nin le 09 septembre prochain: Les deux s\u00e9lections aff\u00fbtent leurs armes"}]},{"@type":"WebSite","@id":"https:\/\/228news.tg\/#website","url":"https:\/\/228news.tg\/","name":"228 News","description":"Soci\u00e9t\u00e9 de m\u00e9dias et d\u2019actualit\u00e9s","publisher":{"@id":"https:\/\/228news.tg\/#organization"},"potentialAction":[{"@type":"SearchAction","target":{"@type":"EntryPoint","urlTemplate":"https:\/\/228news.tg\/?s={search_term_string}"},"query-input":{"@type":"PropertyValueSpecification","valueRequired":true,"valueName":"search_term_string"}}],"inLanguage":"fr-FR"},{"@type":"Organization","@id":"https:\/\/228news.tg\/#organization","name":"228 News","url":"https:\/\/228news.tg\/","logo":{"@type":"ImageObject","inLanguage":"fr-FR","@id":"https:\/\/228news.tg\/#\/schema\/logo\/image\/","url":"https:\/\/228news.tg\/wp-content\/uploads\/2024\/09\/logonew.png","contentUrl":"https:\/\/228news.tg\/wp-content\/uploads\/2024\/09\/logonew.png","width":1640,"height":364,"caption":"228 News"},"image":{"@id":"https:\/\/228news.tg\/#\/schema\/logo\/image\/"}},{"@type":"Person","@id":"https:\/\/228news.tg\/#\/schema\/person\/68d5a6cc0230290e61235c8379523f52","name":"Bienvenu SAVI","image":{"@type":"ImageObject","inLanguage":"fr-FR","@id":"https:\/\/228news.tg\/#\/schema\/person\/image\/","url":"https:\/\/secure.gravatar.com\/avatar\/9db91895c559e510509c33a3e9683998458e9b828fac36d5d1aa23f0f2fd369b?s=96&d=mm&r=g","contentUrl":"https:\/\/secure.gravatar.com\/avatar\/9db91895c559e510509c33a3e9683998458e9b828fac36d5d1aa23f0f2fd369b?s=96&d=mm&r=g","caption":"Bienvenu SAVI"},"url":"https:\/\/228news.tg\/index.php\/author\/bienvenu\/"}]}},"jetpack_featured_media_url":"https:\/\/228news.tg\/wp-content\/uploads\/2024\/09\/index-1.jpg","_links":{"self":[{"href":"https:\/\/228news.tg\/index.php\/wp-json\/wp\/v2\/posts\/1668","targetHints":{"allow":["GET"]}}],"collection":[{"href":"https:\/\/228news.tg\/index.php\/wp-json\/wp\/v2\/posts"}],"about":[{"href":"https:\/\/228news.tg\/index.php\/wp-json\/wp\/v2\/types\/post"}],"author":[{"embeddable":true,"href":"https:\/\/228news.tg\/index.php\/wp-json\/wp\/v2\/users\/2"}],"replies":[{"embeddable":true,"href":"https:\/\/228news.tg\/index.php\/wp-json\/wp\/v2\/comments?post=1668"}],"version-history":[{"count":0,"href":"https:\/\/228news.tg\/index.php\/wp-json\/wp\/v2\/posts\/1668\/revisions"}],"wp:featuredmedia":[{"embeddable":true,"href":"https:\/\/228news.tg\/index.php\/wp-json\/wp\/v2\/media\/1669"}],"wp:attachment":[{"href":"https:\/\/228news.tg\/index.php\/wp-json\/wp\/v2\/media?parent=1668"}],"wp:term":[{"taxonomy":"category","embeddable":true,"href":"https:\/\/228news.tg\/index.php\/wp-json\/wp\/v2\/categories?post=1668"},{"taxonomy":"post_tag","embeddable":true,"href":"https:\/\/228news.tg\/index.php\/wp-json\/wp\/v2\/tags?post=1668"}],"curies":[{"name":"wp","href":"https:\/\/api.w.org\/{rel}","templated":true}]}}