{"id":16619,"date":"2025-11-19T19:21:33","date_gmt":"2025-11-19T19:21:33","guid":{"rendered":"https:\/\/228news.tg\/?p=16619"},"modified":"2025-11-21T09:24:07","modified_gmt":"2025-11-21T09:24:07","slug":"otr-ledition-des-cartes-dimmatriculation-fiscale-provisoirement-suspendue","status":"publish","type":"post","link":"https:\/\/228news.tg\/index.php\/2025\/11\/19\/otr-ledition-des-cartes-dimmatriculation-fiscale-provisoirement-suspendue\/","title":{"rendered":"OTR\/l\u2019\u00e9dition des cartes d\u2019Immatriculation Fiscale provisoirement suspendue"},"content":{"rendered":"<p>L\u2019\u00e9dition des Cartes d\u2019Immatriculation Fiscale (CIF) provisoirement suspendue . Cette mesure, rendue publique \u00e0 travers une note d\u2019information r\u00e9f\u00e9renc\u00e9e N\u00b0008\/2025\/OTR\/CG\/CI\/DCSU\/DIM, prend effet du 23 d\u00e9cembre 2025 au 05 janvier 2026.<\/p>\n<p>L\u2019Office Togolais des Recettes (OTR) a annonc\u00e9 la suspension temporaire de l\u2019\u00e9dition des Cartes d\u2019Immatriculation Fiscale (CIF) \u00e0 compter du 23 d\u00e9cembre prochain. Selon la note, cette d\u00e9cision s\u2019inscrit dans le cadre du respect du principe d\u2019annualit\u00e9 des cartes d\u2019immatriculation fiscale, mais \u00e9galement pour des raisons d\u2019organisation interne. Par cons\u00e9quent, aucune demande d\u2019\u00e9dition de la CIF adress\u00e9e au Commissariat des Imp\u00f4ts durant cette p\u00e9riode ne pourra \u00eatre trait\u00e9e.<\/p>\n<p>La Carte d\u2019Immatriculation Fiscale (CIF) est un document administratif d\u00e9livr\u00e9 par le Commissariat des Imp\u00f4ts qui atteste l\u2019immatriculation dans ses services.<\/p>\n<p>228news.<\/p>\n<p>&nbsp;<\/p>\n<p>&nbsp;<\/p>\n<p>&nbsp;<\/p>\n","protected":false},"excerpt":{"rendered":"<p>L\u2019\u00e9dition des Cartes d\u2019Immatriculation Fiscale (CIF) provisoirement suspendue . Cette mesure, rendue publique \u00e0 travers une note d\u2019information r\u00e9f\u00e9renc\u00e9e N\u00b0008\/2025\/OTR\/CG\/CI\/DCSU\/DIM, prend effet du 23 d\u00e9cembre 2025 au 05 janvier 2026. L\u2019Office Togolais des Recettes (OTR) a annonc\u00e9 la suspension temporaire de l\u2019\u00e9dition des Cartes d\u2019Immatriculation Fiscale (CIF) \u00e0 compter du 23 d\u00e9cembre prochain. Selon la &#8230; <a title=\"OTR\/l\u2019\u00e9dition des cartes d\u2019Immatriculation Fiscale provisoirement suspendue\" class=\"read-more\" href=\"https:\/\/228news.tg\/index.php\/2025\/11\/19\/otr-ledition-des-cartes-dimmatriculation-fiscale-provisoirement-suspendue\/\" aria-label=\"En savoir plus sur OTR\/l\u2019\u00e9dition des cartes d\u2019Immatriculation Fiscale provisoirement suspendue\">Lire la suite<\/a><\/p>\n","protected":false},"author":2,"featured_media":15767,"comment_status":"open","ping_status":"open","sticky":false,"template":"","format":"standard","meta":{"footnotes":""},"categories":[30,25],"tags":[],"class_list":["post-16619","post","type-post","status-publish","format-standard","has-post-thumbnail","hentry","category-economie","category-togo"],"yoast_head":"<!-- This site is optimized with the Yoast SEO plugin v26.4 - https:\/\/yoast.com\/wordpress\/plugins\/seo\/ -->\n<title>OTR\/l\u2019\u00e9dition des cartes d\u2019Immatriculation Fiscale provisoirement suspendue - 228 News<\/title>\n<meta name=\"robots\" content=\"index, follow, max-snippet:-1, max-image-preview:large, max-video-preview:-1\" \/>\n<link rel=\"canonical\" href=\"https:\/\/228news.tg\/index.php\/2025\/11\/19\/otr-ledition-des-cartes-dimmatriculation-fiscale-provisoirement-suspendue\/\" \/>\n<meta property=\"og:locale\" content=\"fr_FR\" \/>\n<meta property=\"og:type\" content=\"article\" \/>\n<meta property=\"og:title\" content=\"OTR\/l\u2019\u00e9dition des cartes d\u2019Immatriculation Fiscale provisoirement suspendue - 228 News\" \/>\n<meta property=\"og:description\" content=\"L\u2019\u00e9dition des Cartes d\u2019Immatriculation Fiscale (CIF) provisoirement suspendue . Cette mesure, rendue publique \u00e0 travers une note d\u2019information r\u00e9f\u00e9renc\u00e9e N\u00b0008\/2025\/OTR\/CG\/CI\/DCSU\/DIM, prend effet du 23 d\u00e9cembre 2025 au 05 janvier 2026. L\u2019Office Togolais des Recettes (OTR) a annonc\u00e9 la suspension temporaire de l\u2019\u00e9dition des Cartes d\u2019Immatriculation Fiscale (CIF) \u00e0 compter du 23 d\u00e9cembre prochain. Selon la ... Lire la suite\" \/>\n<meta property=\"og:url\" content=\"https:\/\/228news.tg\/index.php\/2025\/11\/19\/otr-ledition-des-cartes-dimmatriculation-fiscale-provisoirement-suspendue\/\" \/>\n<meta property=\"og:site_name\" content=\"228 News\" \/>\n<meta property=\"article:published_time\" content=\"2025-11-19T19:21:33+00:00\" \/>\n<meta property=\"article:modified_time\" content=\"2025-11-21T09:24:07+00:00\" \/>\n<meta property=\"og:image\" content=\"https:\/\/228news.tg\/wp-content\/uploads\/2025\/01\/b85ef67f9e5e858297cf0000558fc364_L.jpg\" \/>\n\t<meta property=\"og:image:width\" content=\"500\" \/>\n\t<meta property=\"og:image:height\" content=\"339\" \/>\n\t<meta property=\"og:image:type\" content=\"image\/jpeg\" \/>\n<meta name=\"author\" content=\"Bienvenu SAVI\" \/>\n<meta name=\"twitter:card\" content=\"summary_large_image\" \/>\n<meta name=\"twitter:label1\" content=\"\u00c9crit par\" \/>\n\t<meta name=\"twitter:data1\" content=\"Bienvenu SAVI\" \/>\n\t<meta name=\"twitter:label2\" content=\"Dur\u00e9e de lecture estim\u00e9e\" \/>\n\t<meta name=\"twitter:data2\" content=\"1 minute\" \/>\n<script type=\"application\/ld+json\" class=\"yoast-schema-graph\">{\"@context\":\"https:\/\/schema.org\",\"@graph\":[{\"@type\":\"Article\",\"@id\":\"https:\/\/228news.tg\/index.php\/2025\/11\/19\/otr-ledition-des-cartes-dimmatriculation-fiscale-provisoirement-suspendue\/#article\",\"isPartOf\":{\"@id\":\"https:\/\/228news.tg\/index.php\/2025\/11\/19\/otr-ledition-des-cartes-dimmatriculation-fiscale-provisoirement-suspendue\/\"},\"author\":{\"name\":\"Bienvenu SAVI\",\"@id\":\"https:\/\/228news.tg\/#\/schema\/person\/68d5a6cc0230290e61235c8379523f52\"},\"headline\":\"OTR\/l\u2019\u00e9dition des cartes d\u2019Immatriculation Fiscale provisoirement suspendue\",\"datePublished\":\"2025-11-19T19:21:33+00:00\",\"dateModified\":\"2025-11-21T09:24:07+00:00\",\"mainEntityOfPage\":{\"@id\":\"https:\/\/228news.tg\/index.php\/2025\/11\/19\/otr-ledition-des-cartes-dimmatriculation-fiscale-provisoirement-suspendue\/\"},\"wordCount\":156,\"commentCount\":0,\"publisher\":{\"@id\":\"https:\/\/228news.tg\/#organization\"},\"image\":{\"@id\":\"https:\/\/228news.tg\/index.php\/2025\/11\/19\/otr-ledition-des-cartes-dimmatriculation-fiscale-provisoirement-suspendue\/#primaryimage\"},\"thumbnailUrl\":\"https:\/\/228news.tg\/wp-content\/uploads\/2025\/01\/b85ef67f9e5e858297cf0000558fc364_L.jpg\",\"articleSection\":[\"ECONOMIE\",\"TOGO\"],\"inLanguage\":\"fr-FR\",\"potentialAction\":[{\"@type\":\"CommentAction\",\"name\":\"Comment\",\"target\":[\"https:\/\/228news.tg\/index.php\/2025\/11\/19\/otr-ledition-des-cartes-dimmatriculation-fiscale-provisoirement-suspendue\/#respond\"]}]},{\"@type\":\"WebPage\",\"@id\":\"https:\/\/228news.tg\/index.php\/2025\/11\/19\/otr-ledition-des-cartes-dimmatriculation-fiscale-provisoirement-suspendue\/\",\"url\":\"https:\/\/228news.tg\/index.php\/2025\/11\/19\/otr-ledition-des-cartes-dimmatriculation-fiscale-provisoirement-suspendue\/\",\"name\":\"OTR\/l\u2019\u00e9dition des cartes d\u2019Immatriculation Fiscale provisoirement suspendue - 228 News\",\"isPartOf\":{\"@id\":\"https:\/\/228news.tg\/#website\"},\"primaryImageOfPage\":{\"@id\":\"https:\/\/228news.tg\/index.php\/2025\/11\/19\/otr-ledition-des-cartes-dimmatriculation-fiscale-provisoirement-suspendue\/#primaryimage\"},\"image\":{\"@id\":\"https:\/\/228news.tg\/index.php\/2025\/11\/19\/otr-ledition-des-cartes-dimmatriculation-fiscale-provisoirement-suspendue\/#primaryimage\"},\"thumbnailUrl\":\"https:\/\/228news.tg\/wp-content\/uploads\/2025\/01\/b85ef67f9e5e858297cf0000558fc364_L.jpg\",\"datePublished\":\"2025-11-19T19:21:33+00:00\",\"dateModified\":\"2025-11-21T09:24:07+00:00\",\"breadcrumb\":{\"@id\":\"https:\/\/228news.tg\/index.php\/2025\/11\/19\/otr-ledition-des-cartes-dimmatriculation-fiscale-provisoirement-suspendue\/#breadcrumb\"},\"inLanguage\":\"fr-FR\",\"potentialAction\":[{\"@type\":\"ReadAction\",\"target\":[\"https:\/\/228news.tg\/index.php\/2025\/11\/19\/otr-ledition-des-cartes-dimmatriculation-fiscale-provisoirement-suspendue\/\"]}]},{\"@type\":\"ImageObject\",\"inLanguage\":\"fr-FR\",\"@id\":\"https:\/\/228news.tg\/index.php\/2025\/11\/19\/otr-ledition-des-cartes-dimmatriculation-fiscale-provisoirement-suspendue\/#primaryimage\",\"url\":\"https:\/\/228news.tg\/wp-content\/uploads\/2025\/01\/b85ef67f9e5e858297cf0000558fc364_L.jpg\",\"contentUrl\":\"https:\/\/228news.tg\/wp-content\/uploads\/2025\/01\/b85ef67f9e5e858297cf0000558fc364_L.jpg\",\"width\":500,\"height\":339},{\"@type\":\"BreadcrumbList\",\"@id\":\"https:\/\/228news.tg\/index.php\/2025\/11\/19\/otr-ledition-des-cartes-dimmatriculation-fiscale-provisoirement-suspendue\/#breadcrumb\",\"itemListElement\":[{\"@type\":\"ListItem\",\"position\":1,\"name\":\"Home\",\"item\":\"https:\/\/228news.tg\/\"},{\"@type\":\"ListItem\",\"position\":2,\"name\":\"OTR\/l\u2019\u00e9dition des cartes d\u2019Immatriculation Fiscale provisoirement suspendue\"}]},{\"@type\":\"WebSite\",\"@id\":\"https:\/\/228news.tg\/#website\",\"url\":\"https:\/\/228news.tg\/\",\"name\":\"228 News\",\"description\":\"Soci\u00e9t\u00e9 de m\u00e9dias et d\u2019actualit\u00e9s\",\"publisher\":{\"@id\":\"https:\/\/228news.tg\/#organization\"},\"potentialAction\":[{\"@type\":\"SearchAction\",\"target\":{\"@type\":\"EntryPoint\",\"urlTemplate\":\"https:\/\/228news.tg\/?s={search_term_string}\"},\"query-input\":{\"@type\":\"PropertyValueSpecification\",\"valueRequired\":true,\"valueName\":\"search_term_string\"}}],\"inLanguage\":\"fr-FR\"},{\"@type\":\"Organization\",\"@id\":\"https:\/\/228news.tg\/#organization\",\"name\":\"228 News\",\"url\":\"https:\/\/228news.tg\/\",\"logo\":{\"@type\":\"ImageObject\",\"inLanguage\":\"fr-FR\",\"@id\":\"https:\/\/228news.tg\/#\/schema\/logo\/image\/\",\"url\":\"https:\/\/228news.tg\/wp-content\/uploads\/2024\/09\/logonew.png\",\"contentUrl\":\"https:\/\/228news.tg\/wp-content\/uploads\/2024\/09\/logonew.png\",\"width\":1640,\"height\":364,\"caption\":\"228 News\"},\"image\":{\"@id\":\"https:\/\/228news.tg\/#\/schema\/logo\/image\/\"}},{\"@type\":\"Person\",\"@id\":\"https:\/\/228news.tg\/#\/schema\/person\/68d5a6cc0230290e61235c8379523f52\",\"name\":\"Bienvenu SAVI\",\"image\":{\"@type\":\"ImageObject\",\"inLanguage\":\"fr-FR\",\"@id\":\"https:\/\/228news.tg\/#\/schema\/person\/image\/\",\"url\":\"https:\/\/secure.gravatar.com\/avatar\/9db91895c559e510509c33a3e9683998458e9b828fac36d5d1aa23f0f2fd369b?s=96&d=mm&r=g\",\"contentUrl\":\"https:\/\/secure.gravatar.com\/avatar\/9db91895c559e510509c33a3e9683998458e9b828fac36d5d1aa23f0f2fd369b?s=96&d=mm&r=g\",\"caption\":\"Bienvenu SAVI\"},\"url\":\"https:\/\/228news.tg\/index.php\/author\/bienvenu\/\"}]}<\/script>\n<!-- \/ Yoast SEO plugin. -->","yoast_head_json":{"title":"OTR\/l\u2019\u00e9dition des cartes d\u2019Immatriculation Fiscale provisoirement suspendue - 228 News","robots":{"index":"index","follow":"follow","max-snippet":"max-snippet:-1","max-image-preview":"max-image-preview:large","max-video-preview":"max-video-preview:-1"},"canonical":"https:\/\/228news.tg\/index.php\/2025\/11\/19\/otr-ledition-des-cartes-dimmatriculation-fiscale-provisoirement-suspendue\/","og_locale":"fr_FR","og_type":"article","og_title":"OTR\/l\u2019\u00e9dition des cartes d\u2019Immatriculation Fiscale provisoirement suspendue - 228 News","og_description":"L\u2019\u00e9dition des Cartes d\u2019Immatriculation Fiscale (CIF) provisoirement suspendue . Cette mesure, rendue publique \u00e0 travers une note d\u2019information r\u00e9f\u00e9renc\u00e9e N\u00b0008\/2025\/OTR\/CG\/CI\/DCSU\/DIM, prend effet du 23 d\u00e9cembre 2025 au 05 janvier 2026. L\u2019Office Togolais des Recettes (OTR) a annonc\u00e9 la suspension temporaire de l\u2019\u00e9dition des Cartes d\u2019Immatriculation Fiscale (CIF) \u00e0 compter du 23 d\u00e9cembre prochain. Selon la ... Lire la suite","og_url":"https:\/\/228news.tg\/index.php\/2025\/11\/19\/otr-ledition-des-cartes-dimmatriculation-fiscale-provisoirement-suspendue\/","og_site_name":"228 News","article_published_time":"2025-11-19T19:21:33+00:00","article_modified_time":"2025-11-21T09:24:07+00:00","og_image":[{"width":500,"height":339,"url":"https:\/\/228news.tg\/wp-content\/uploads\/2025\/01\/b85ef67f9e5e858297cf0000558fc364_L.jpg","type":"image\/jpeg"}],"author":"Bienvenu SAVI","twitter_card":"summary_large_image","twitter_misc":{"\u00c9crit par":"Bienvenu SAVI","Dur\u00e9e de lecture estim\u00e9e":"1 minute"},"schema":{"@context":"https:\/\/schema.org","@graph":[{"@type":"Article","@id":"https:\/\/228news.tg\/index.php\/2025\/11\/19\/otr-ledition-des-cartes-dimmatriculation-fiscale-provisoirement-suspendue\/#article","isPartOf":{"@id":"https:\/\/228news.tg\/index.php\/2025\/11\/19\/otr-ledition-des-cartes-dimmatriculation-fiscale-provisoirement-suspendue\/"},"author":{"name":"Bienvenu SAVI","@id":"https:\/\/228news.tg\/#\/schema\/person\/68d5a6cc0230290e61235c8379523f52"},"headline":"OTR\/l\u2019\u00e9dition des cartes d\u2019Immatriculation Fiscale provisoirement suspendue","datePublished":"2025-11-19T19:21:33+00:00","dateModified":"2025-11-21T09:24:07+00:00","mainEntityOfPage":{"@id":"https:\/\/228news.tg\/index.php\/2025\/11\/19\/otr-ledition-des-cartes-dimmatriculation-fiscale-provisoirement-suspendue\/"},"wordCount":156,"commentCount":0,"publisher":{"@id":"https:\/\/228news.tg\/#organization"},"image":{"@id":"https:\/\/228news.tg\/index.php\/2025\/11\/19\/otr-ledition-des-cartes-dimmatriculation-fiscale-provisoirement-suspendue\/#primaryimage"},"thumbnailUrl":"https:\/\/228news.tg\/wp-content\/uploads\/2025\/01\/b85ef67f9e5e858297cf0000558fc364_L.jpg","articleSection":["ECONOMIE","TOGO"],"inLanguage":"fr-FR","potentialAction":[{"@type":"CommentAction","name":"Comment","target":["https:\/\/228news.tg\/index.php\/2025\/11\/19\/otr-ledition-des-cartes-dimmatriculation-fiscale-provisoirement-suspendue\/#respond"]}]},{"@type":"WebPage","@id":"https:\/\/228news.tg\/index.php\/2025\/11\/19\/otr-ledition-des-cartes-dimmatriculation-fiscale-provisoirement-suspendue\/","url":"https:\/\/228news.tg\/index.php\/2025\/11\/19\/otr-ledition-des-cartes-dimmatriculation-fiscale-provisoirement-suspendue\/","name":"OTR\/l\u2019\u00e9dition des cartes d\u2019Immatriculation Fiscale provisoirement suspendue - 228 News","isPartOf":{"@id":"https:\/\/228news.tg\/#website"},"primaryImageOfPage":{"@id":"https:\/\/228news.tg\/index.php\/2025\/11\/19\/otr-ledition-des-cartes-dimmatriculation-fiscale-provisoirement-suspendue\/#primaryimage"},"image":{"@id":"https:\/\/228news.tg\/index.php\/2025\/11\/19\/otr-ledition-des-cartes-dimmatriculation-fiscale-provisoirement-suspendue\/#primaryimage"},"thumbnailUrl":"https:\/\/228news.tg\/wp-content\/uploads\/2025\/01\/b85ef67f9e5e858297cf0000558fc364_L.jpg","datePublished":"2025-11-19T19:21:33+00:00","dateModified":"2025-11-21T09:24:07+00:00","breadcrumb":{"@id":"https:\/\/228news.tg\/index.php\/2025\/11\/19\/otr-ledition-des-cartes-dimmatriculation-fiscale-provisoirement-suspendue\/#breadcrumb"},"inLanguage":"fr-FR","potentialAction":[{"@type":"ReadAction","target":["https:\/\/228news.tg\/index.php\/2025\/11\/19\/otr-ledition-des-cartes-dimmatriculation-fiscale-provisoirement-suspendue\/"]}]},{"@type":"ImageObject","inLanguage":"fr-FR","@id":"https:\/\/228news.tg\/index.php\/2025\/11\/19\/otr-ledition-des-cartes-dimmatriculation-fiscale-provisoirement-suspendue\/#primaryimage","url":"https:\/\/228news.tg\/wp-content\/uploads\/2025\/01\/b85ef67f9e5e858297cf0000558fc364_L.jpg","contentUrl":"https:\/\/228news.tg\/wp-content\/uploads\/2025\/01\/b85ef67f9e5e858297cf0000558fc364_L.jpg","width":500,"height":339},{"@type":"BreadcrumbList","@id":"https:\/\/228news.tg\/index.php\/2025\/11\/19\/otr-ledition-des-cartes-dimmatriculation-fiscale-provisoirement-suspendue\/#breadcrumb","itemListElement":[{"@type":"ListItem","position":1,"name":"Home","item":"https:\/\/228news.tg\/"},{"@type":"ListItem","position":2,"name":"OTR\/l\u2019\u00e9dition des cartes d\u2019Immatriculation Fiscale provisoirement suspendue"}]},{"@type":"WebSite","@id":"https:\/\/228news.tg\/#website","url":"https:\/\/228news.tg\/","name":"228 News","description":"Soci\u00e9t\u00e9 de m\u00e9dias et d\u2019actualit\u00e9s","publisher":{"@id":"https:\/\/228news.tg\/#organization"},"potentialAction":[{"@type":"SearchAction","target":{"@type":"EntryPoint","urlTemplate":"https:\/\/228news.tg\/?s={search_term_string}"},"query-input":{"@type":"PropertyValueSpecification","valueRequired":true,"valueName":"search_term_string"}}],"inLanguage":"fr-FR"},{"@type":"Organization","@id":"https:\/\/228news.tg\/#organization","name":"228 News","url":"https:\/\/228news.tg\/","logo":{"@type":"ImageObject","inLanguage":"fr-FR","@id":"https:\/\/228news.tg\/#\/schema\/logo\/image\/","url":"https:\/\/228news.tg\/wp-content\/uploads\/2024\/09\/logonew.png","contentUrl":"https:\/\/228news.tg\/wp-content\/uploads\/2024\/09\/logonew.png","width":1640,"height":364,"caption":"228 News"},"image":{"@id":"https:\/\/228news.tg\/#\/schema\/logo\/image\/"}},{"@type":"Person","@id":"https:\/\/228news.tg\/#\/schema\/person\/68d5a6cc0230290e61235c8379523f52","name":"Bienvenu SAVI","image":{"@type":"ImageObject","inLanguage":"fr-FR","@id":"https:\/\/228news.tg\/#\/schema\/person\/image\/","url":"https:\/\/secure.gravatar.com\/avatar\/9db91895c559e510509c33a3e9683998458e9b828fac36d5d1aa23f0f2fd369b?s=96&d=mm&r=g","contentUrl":"https:\/\/secure.gravatar.com\/avatar\/9db91895c559e510509c33a3e9683998458e9b828fac36d5d1aa23f0f2fd369b?s=96&d=mm&r=g","caption":"Bienvenu SAVI"},"url":"https:\/\/228news.tg\/index.php\/author\/bienvenu\/"}]}},"jetpack_featured_media_url":"https:\/\/228news.tg\/wp-content\/uploads\/2025\/01\/b85ef67f9e5e858297cf0000558fc364_L.jpg","_links":{"self":[{"href":"https:\/\/228news.tg\/index.php\/wp-json\/wp\/v2\/posts\/16619","targetHints":{"allow":["GET"]}}],"collection":[{"href":"https:\/\/228news.tg\/index.php\/wp-json\/wp\/v2\/posts"}],"about":[{"href":"https:\/\/228news.tg\/index.php\/wp-json\/wp\/v2\/types\/post"}],"author":[{"embeddable":true,"href":"https:\/\/228news.tg\/index.php\/wp-json\/wp\/v2\/users\/2"}],"replies":[{"embeddable":true,"href":"https:\/\/228news.tg\/index.php\/wp-json\/wp\/v2\/comments?post=16619"}],"version-history":[{"count":1,"href":"https:\/\/228news.tg\/index.php\/wp-json\/wp\/v2\/posts\/16619\/revisions"}],"predecessor-version":[{"id":16620,"href":"https:\/\/228news.tg\/index.php\/wp-json\/wp\/v2\/posts\/16619\/revisions\/16620"}],"wp:featuredmedia":[{"embeddable":true,"href":"https:\/\/228news.tg\/index.php\/wp-json\/wp\/v2\/media\/15767"}],"wp:attachment":[{"href":"https:\/\/228news.tg\/index.php\/wp-json\/wp\/v2\/media?parent=16619"}],"wp:term":[{"taxonomy":"category","embeddable":true,"href":"https:\/\/228news.tg\/index.php\/wp-json\/wp\/v2\/categories?post=16619"},{"taxonomy":"post_tag","embeddable":true,"href":"https:\/\/228news.tg\/index.php\/wp-json\/wp\/v2\/tags?post=16619"}],"curies":[{"name":"wp","href":"https:\/\/api.w.org\/{rel}","templated":true}]}}