{"id":1661,"date":"2018-08-14T00:00:00","date_gmt":"2018-08-14T00:00:00","guid":{"rendered":"https:\/\/228news.tg\/index.php\/2018\/08\/14\/les-enjeux-et-defis-lies-aux-troubles-specifiques-du-langage-et-des-apprentissages-au-coeur-du-1er-congres-scientifique-de-la-foaf\/"},"modified":"2018-08-14T00:00:00","modified_gmt":"2018-08-14T00:00:00","slug":"les-enjeux-et-defis-lies-aux-troubles-specifiques-du-langage-et-des-apprentissages-au-coeur-du-1er-congres-scientifique-de-la-foaf","status":"publish","type":"post","link":"https:\/\/228news.tg\/index.php\/2018\/08\/14\/les-enjeux-et-defis-lies-aux-troubles-specifiques-du-langage-et-des-apprentissages-au-coeur-du-1er-congres-scientifique-de-la-foaf\/","title":{"rendered":"Les enjeux et d\u00e9fis li\u00e9s aux troubles sp\u00e9cifiques du langage et des apprentissages, au c\u0153ur du 1er Congr\u00e8s scientifique de la FOAF"},"content":{"rendered":"<p>\u0398228news (Lom\u00e9, le 14 ao\u00fbt 2018)- Notre capitale accueillera le 20 ao\u00fbt prochain le tout premier congr\u00e8s scientifique de la F\u00e9d\u00e9ration des Organisations d&rsquo;Orthophonistes d&rsquo;Afrique Francophone (FOAF).<\/p>\n<p>L&rsquo;annonce a \u00e9t\u00e9 faite ce mardi 14 ao\u00fbt 2018 au cours d&rsquo;une conf\u00e9rence de presse tenue par le comit\u00e9 d&rsquo;organisation mis en place par la FOAF \u00e0 Lom\u00e9.<\/p>\n<p>Ax\u00e9 sur le th\u00e8me \u00ab\u00a0Troubles sp\u00e9cifiques du langage et des apprentissages en Afrique : enjeux et d\u00e9fis\u00a0\u00bb, ce congr\u00e8s entend mettre en relief\u00a0la probl\u00e9matique des enjeux et d\u00e9fis li\u00e9s aux troubles sp\u00e9cifiques du langage et des apprentissages.<\/p>\n<p>Pour M. KORE Kossi Alfred, Pr\u00e9sident du comit\u00e9 d\u2019organisation du congr\u00e8s scientifique de la FOAF,\u00a0les troubles sp\u00e9cifiques du langage et des apprentissages sont l\u2019expression de troubles du d\u00e9veloppement cognitif de l\u2019enfant concernant les acquisitions pr\u00e9cises ou les apprentissages scolaires et apparaissent au cours du d\u00e9veloppement de l\u2019enfant et peuvent persister \u00e0 l\u2019\u00e2ge adulte.<\/p>\n<p>Pour lui, ce congr\u00e8s scientifique constituera un cadre id\u00e9al pour les\u00a0repr\u00e9sentants de onze pays africains et trois d\u2019Europe, pour mener\u00a0des r\u00e9flexions et trouver des solutions appropri\u00e9es pour aider ces enfants.<\/p>\n<p>\u00ab\u00a0La plupart des patients que re\u00e7oivent les orthophonistes pour des consultations, souffre des troubles sp\u00e9cifiques de langage et des apprentissages scolaires. les acteurs de la sant\u00e9 et de l\u2019\u00e9ducation, les autorit\u00e9s, les parents, les \u00e9tudes et les journalistes, devront apporter chacun leur touche particuli\u00e8re \u00e0 la recherche de solutions \u00e0 ce type de maladie durant les trois jours que vont durer ce congr\u00e8s.\u00a0\u00bb, a\u00a0 t&rsquo;i confi\u00e9.<\/p>\n<p>Ceci \u00e0 travers les\u00a0sept (7) conf\u00e9rences, trente et quatre (34) communications orales et cinq (05) communications affich\u00e9es au menu du congr\u00e8s.<\/p>\n<p>La m\u00e9thodologie de travail consistera en des \u00e9changes entre\u00a0les acteurs, des analyses des\u00a0m\u00e9thodes enseignement-apprentissage dans les \u00e9coles africaines, leur reel impact sur la reussite des enfants en difficult\u00e9 afin de parvenir \u00e0 une solution efficace pouvant permettre d\u2019am\u00e9liorer la prise en charge des enfants victimes de ces troubles.<\/p>\n<p>Notons pour finir que des \u00e9tudes internationales r\u00e9v\u00e8lent que 10% des enfants souffrent des troubles sp\u00e9cifiques de langage et des apprentissages scolaires et que\u00a0 la\u00a0 FOAF s&rsquo;est donn\u00e9e pour mission de promouvoir la pratique orthophonique dans l&rsquo;espace francophone.<\/p>\n<p><strong><em>D\u00e9mocrate<\/em><\/strong><\/p>\n<p><strong><em>(00228) 91 85 40 14<\/em><\/strong><\/p>\n<p><strong><em>98 60 67 68<\/em><\/strong><\/p>\n<p><strong><em>democrate2010@gmail.com<\/em><\/strong><\/p>\n","protected":false},"excerpt":{"rendered":"<p>\u0398228news (Lom\u00e9, le 14 ao\u00fbt 2018)- Notre capitale accueillera le 20 ao\u00fbt prochain le tout premier congr\u00e8s scientifique de la F\u00e9d\u00e9ration des Organisations d&rsquo;Orthophonistes d&rsquo;Afrique Francophone (FOAF). L&rsquo;annonce a \u00e9t\u00e9 faite ce mardi 14 ao\u00fbt 2018 au cours d&rsquo;une conf\u00e9rence de presse tenue par le comit\u00e9 d&rsquo;organisation mis en place par la FOAF \u00e0 Lom\u00e9. &#8230; <a title=\"Les enjeux et d\u00e9fis li\u00e9s aux troubles sp\u00e9cifiques du langage et des apprentissages, au c\u0153ur du 1er Congr\u00e8s scientifique de la FOAF\" class=\"read-more\" href=\"https:\/\/228news.tg\/index.php\/2018\/08\/14\/les-enjeux-et-defis-lies-aux-troubles-specifiques-du-langage-et-des-apprentissages-au-coeur-du-1er-congres-scientifique-de-la-foaf\/\" aria-label=\"En savoir plus sur Les enjeux et d\u00e9fis li\u00e9s aux troubles sp\u00e9cifiques du langage et des apprentissages, au c\u0153ur du 1er Congr\u00e8s scientifique de la FOAF\">Lire la suite<\/a><\/p>\n","protected":false},"author":2,"featured_media":1662,"comment_status":"open","ping_status":"open","sticky":false,"template":"","format":"standard","meta":{"footnotes":""},"categories":[35,27,25,34],"tags":[],"class_list":["post-1661","post","type-post","status-publish","format-standard","has-post-thumbnail","hentry","category-flash","category-sante","category-togo","category-une"],"yoast_head":"<!-- This site is optimized with the Yoast SEO plugin v26.4 - https:\/\/yoast.com\/wordpress\/plugins\/seo\/ -->\n<title>Les enjeux et d\u00e9fis li\u00e9s aux troubles sp\u00e9cifiques du langage et des apprentissages, au c\u0153ur du 1er Congr\u00e8s scientifique de la FOAF - 228 News<\/title>\n<meta name=\"robots\" content=\"index, follow, max-snippet:-1, max-image-preview:large, max-video-preview:-1\" \/>\n<link rel=\"canonical\" href=\"https:\/\/228news.tg\/index.php\/2018\/08\/14\/les-enjeux-et-defis-lies-aux-troubles-specifiques-du-langage-et-des-apprentissages-au-coeur-du-1er-congres-scientifique-de-la-foaf\/\" \/>\n<meta property=\"og:locale\" content=\"fr_FR\" \/>\n<meta property=\"og:type\" content=\"article\" \/>\n<meta property=\"og:title\" content=\"Les enjeux et d\u00e9fis li\u00e9s aux troubles sp\u00e9cifiques du langage et des apprentissages, au c\u0153ur du 1er Congr\u00e8s scientifique de la FOAF - 228 News\" \/>\n<meta property=\"og:description\" content=\"\u0398228news (Lom\u00e9, le 14 ao\u00fbt 2018)- Notre capitale accueillera le 20 ao\u00fbt prochain le tout premier congr\u00e8s scientifique de la F\u00e9d\u00e9ration des Organisations d&rsquo;Orthophonistes d&rsquo;Afrique Francophone (FOAF). L&rsquo;annonce a \u00e9t\u00e9 faite ce mardi 14 ao\u00fbt 2018 au cours d&rsquo;une conf\u00e9rence de presse tenue par le comit\u00e9 d&rsquo;organisation mis en place par la FOAF \u00e0 Lom\u00e9. ... Lire la suite\" \/>\n<meta property=\"og:url\" content=\"https:\/\/228news.tg\/index.php\/2018\/08\/14\/les-enjeux-et-defis-lies-aux-troubles-specifiques-du-langage-et-des-apprentissages-au-coeur-du-1er-congres-scientifique-de-la-foaf\/\" \/>\n<meta property=\"og:site_name\" content=\"228 News\" \/>\n<meta property=\"article:published_time\" content=\"2018-08-14T00:00:00+00:00\" \/>\n<meta property=\"og:image\" content=\"https:\/\/228news.tg\/wp-content\/uploads\/2024\/09\/IMG-20180814-WA0032.jpg\" \/>\n\t<meta property=\"og:image:width\" content=\"1080\" \/>\n\t<meta property=\"og:image:height\" content=\"648\" \/>\n\t<meta property=\"og:image:type\" content=\"image\/jpeg\" \/>\n<meta name=\"author\" content=\"Bienvenu SAVI\" \/>\n<meta name=\"twitter:card\" content=\"summary_large_image\" \/>\n<meta name=\"twitter:label1\" content=\"\u00c9crit par\" \/>\n\t<meta name=\"twitter:data1\" content=\"Bienvenu SAVI\" \/>\n\t<meta name=\"twitter:label2\" content=\"Dur\u00e9e de lecture estim\u00e9e\" \/>\n\t<meta name=\"twitter:data2\" content=\"2 minutes\" \/>\n<script type=\"application\/ld+json\" class=\"yoast-schema-graph\">{\"@context\":\"https:\/\/schema.org\",\"@graph\":[{\"@type\":\"Article\",\"@id\":\"https:\/\/228news.tg\/index.php\/2018\/08\/14\/les-enjeux-et-defis-lies-aux-troubles-specifiques-du-langage-et-des-apprentissages-au-coeur-du-1er-congres-scientifique-de-la-foaf\/#article\",\"isPartOf\":{\"@id\":\"https:\/\/228news.tg\/index.php\/2018\/08\/14\/les-enjeux-et-defis-lies-aux-troubles-specifiques-du-langage-et-des-apprentissages-au-coeur-du-1er-congres-scientifique-de-la-foaf\/\"},\"author\":{\"name\":\"Bienvenu SAVI\",\"@id\":\"https:\/\/228news.tg\/#\/schema\/person\/68d5a6cc0230290e61235c8379523f52\"},\"headline\":\"Les enjeux et d\u00e9fis li\u00e9s aux troubles sp\u00e9cifiques du langage et des apprentissages, au c\u0153ur du 1er Congr\u00e8s scientifique de la FOAF\",\"datePublished\":\"2018-08-14T00:00:00+00:00\",\"mainEntityOfPage\":{\"@id\":\"https:\/\/228news.tg\/index.php\/2018\/08\/14\/les-enjeux-et-defis-lies-aux-troubles-specifiques-du-langage-et-des-apprentissages-au-coeur-du-1er-congres-scientifique-de-la-foaf\/\"},\"wordCount\":429,\"commentCount\":0,\"publisher\":{\"@id\":\"https:\/\/228news.tg\/#organization\"},\"image\":{\"@id\":\"https:\/\/228news.tg\/index.php\/2018\/08\/14\/les-enjeux-et-defis-lies-aux-troubles-specifiques-du-langage-et-des-apprentissages-au-coeur-du-1er-congres-scientifique-de-la-foaf\/#primaryimage\"},\"thumbnailUrl\":\"https:\/\/228news.tg\/wp-content\/uploads\/2024\/09\/IMG-20180814-WA0032.jpg\",\"articleSection\":[\"Flash\",\"Sant\u00e9\",\"TOGO\",\"Une\"],\"inLanguage\":\"fr-FR\",\"potentialAction\":[{\"@type\":\"CommentAction\",\"name\":\"Comment\",\"target\":[\"https:\/\/228news.tg\/index.php\/2018\/08\/14\/les-enjeux-et-defis-lies-aux-troubles-specifiques-du-langage-et-des-apprentissages-au-coeur-du-1er-congres-scientifique-de-la-foaf\/#respond\"]}]},{\"@type\":\"WebPage\",\"@id\":\"https:\/\/228news.tg\/index.php\/2018\/08\/14\/les-enjeux-et-defis-lies-aux-troubles-specifiques-du-langage-et-des-apprentissages-au-coeur-du-1er-congres-scientifique-de-la-foaf\/\",\"url\":\"https:\/\/228news.tg\/index.php\/2018\/08\/14\/les-enjeux-et-defis-lies-aux-troubles-specifiques-du-langage-et-des-apprentissages-au-coeur-du-1er-congres-scientifique-de-la-foaf\/\",\"name\":\"Les enjeux et d\u00e9fis li\u00e9s aux troubles sp\u00e9cifiques du langage et des apprentissages, au c\u0153ur du 1er Congr\u00e8s scientifique de la FOAF - 228 News\",\"isPartOf\":{\"@id\":\"https:\/\/228news.tg\/#website\"},\"primaryImageOfPage\":{\"@id\":\"https:\/\/228news.tg\/index.php\/2018\/08\/14\/les-enjeux-et-defis-lies-aux-troubles-specifiques-du-langage-et-des-apprentissages-au-coeur-du-1er-congres-scientifique-de-la-foaf\/#primaryimage\"},\"image\":{\"@id\":\"https:\/\/228news.tg\/index.php\/2018\/08\/14\/les-enjeux-et-defis-lies-aux-troubles-specifiques-du-langage-et-des-apprentissages-au-coeur-du-1er-congres-scientifique-de-la-foaf\/#primaryimage\"},\"thumbnailUrl\":\"https:\/\/228news.tg\/wp-content\/uploads\/2024\/09\/IMG-20180814-WA0032.jpg\",\"datePublished\":\"2018-08-14T00:00:00+00:00\",\"breadcrumb\":{\"@id\":\"https:\/\/228news.tg\/index.php\/2018\/08\/14\/les-enjeux-et-defis-lies-aux-troubles-specifiques-du-langage-et-des-apprentissages-au-coeur-du-1er-congres-scientifique-de-la-foaf\/#breadcrumb\"},\"inLanguage\":\"fr-FR\",\"potentialAction\":[{\"@type\":\"ReadAction\",\"target\":[\"https:\/\/228news.tg\/index.php\/2018\/08\/14\/les-enjeux-et-defis-lies-aux-troubles-specifiques-du-langage-et-des-apprentissages-au-coeur-du-1er-congres-scientifique-de-la-foaf\/\"]}]},{\"@type\":\"ImageObject\",\"inLanguage\":\"fr-FR\",\"@id\":\"https:\/\/228news.tg\/index.php\/2018\/08\/14\/les-enjeux-et-defis-lies-aux-troubles-specifiques-du-langage-et-des-apprentissages-au-coeur-du-1er-congres-scientifique-de-la-foaf\/#primaryimage\",\"url\":\"https:\/\/228news.tg\/wp-content\/uploads\/2024\/09\/IMG-20180814-WA0032.jpg\",\"contentUrl\":\"https:\/\/228news.tg\/wp-content\/uploads\/2024\/09\/IMG-20180814-WA0032.jpg\",\"width\":1080,\"height\":648},{\"@type\":\"BreadcrumbList\",\"@id\":\"https:\/\/228news.tg\/index.php\/2018\/08\/14\/les-enjeux-et-defis-lies-aux-troubles-specifiques-du-langage-et-des-apprentissages-au-coeur-du-1er-congres-scientifique-de-la-foaf\/#breadcrumb\",\"itemListElement\":[{\"@type\":\"ListItem\",\"position\":1,\"name\":\"Home\",\"item\":\"https:\/\/228news.tg\/\"},{\"@type\":\"ListItem\",\"position\":2,\"name\":\"Les enjeux et d\u00e9fis li\u00e9s aux troubles sp\u00e9cifiques du langage et des apprentissages, au c\u0153ur du 1er Congr\u00e8s scientifique de la FOAF\"}]},{\"@type\":\"WebSite\",\"@id\":\"https:\/\/228news.tg\/#website\",\"url\":\"https:\/\/228news.tg\/\",\"name\":\"228 News\",\"description\":\"Soci\u00e9t\u00e9 de m\u00e9dias et d\u2019actualit\u00e9s\",\"publisher\":{\"@id\":\"https:\/\/228news.tg\/#organization\"},\"potentialAction\":[{\"@type\":\"SearchAction\",\"target\":{\"@type\":\"EntryPoint\",\"urlTemplate\":\"https:\/\/228news.tg\/?s={search_term_string}\"},\"query-input\":{\"@type\":\"PropertyValueSpecification\",\"valueRequired\":true,\"valueName\":\"search_term_string\"}}],\"inLanguage\":\"fr-FR\"},{\"@type\":\"Organization\",\"@id\":\"https:\/\/228news.tg\/#organization\",\"name\":\"228 News\",\"url\":\"https:\/\/228news.tg\/\",\"logo\":{\"@type\":\"ImageObject\",\"inLanguage\":\"fr-FR\",\"@id\":\"https:\/\/228news.tg\/#\/schema\/logo\/image\/\",\"url\":\"https:\/\/228news.tg\/wp-content\/uploads\/2024\/09\/logonew.png\",\"contentUrl\":\"https:\/\/228news.tg\/wp-content\/uploads\/2024\/09\/logonew.png\",\"width\":1640,\"height\":364,\"caption\":\"228 News\"},\"image\":{\"@id\":\"https:\/\/228news.tg\/#\/schema\/logo\/image\/\"}},{\"@type\":\"Person\",\"@id\":\"https:\/\/228news.tg\/#\/schema\/person\/68d5a6cc0230290e61235c8379523f52\",\"name\":\"Bienvenu SAVI\",\"image\":{\"@type\":\"ImageObject\",\"inLanguage\":\"fr-FR\",\"@id\":\"https:\/\/228news.tg\/#\/schema\/person\/image\/\",\"url\":\"https:\/\/secure.gravatar.com\/avatar\/9db91895c559e510509c33a3e9683998458e9b828fac36d5d1aa23f0f2fd369b?s=96&d=mm&r=g\",\"contentUrl\":\"https:\/\/secure.gravatar.com\/avatar\/9db91895c559e510509c33a3e9683998458e9b828fac36d5d1aa23f0f2fd369b?s=96&d=mm&r=g\",\"caption\":\"Bienvenu SAVI\"},\"url\":\"https:\/\/228news.tg\/index.php\/author\/bienvenu\/\"}]}<\/script>\n<!-- \/ Yoast SEO plugin. -->","yoast_head_json":{"title":"Les enjeux et d\u00e9fis li\u00e9s aux troubles sp\u00e9cifiques du langage et des apprentissages, au c\u0153ur du 1er Congr\u00e8s scientifique de la FOAF - 228 News","robots":{"index":"index","follow":"follow","max-snippet":"max-snippet:-1","max-image-preview":"max-image-preview:large","max-video-preview":"max-video-preview:-1"},"canonical":"https:\/\/228news.tg\/index.php\/2018\/08\/14\/les-enjeux-et-defis-lies-aux-troubles-specifiques-du-langage-et-des-apprentissages-au-coeur-du-1er-congres-scientifique-de-la-foaf\/","og_locale":"fr_FR","og_type":"article","og_title":"Les enjeux et d\u00e9fis li\u00e9s aux troubles sp\u00e9cifiques du langage et des apprentissages, au c\u0153ur du 1er Congr\u00e8s scientifique de la FOAF - 228 News","og_description":"\u0398228news (Lom\u00e9, le 14 ao\u00fbt 2018)- Notre capitale accueillera le 20 ao\u00fbt prochain le tout premier congr\u00e8s scientifique de la F\u00e9d\u00e9ration des Organisations d&rsquo;Orthophonistes d&rsquo;Afrique Francophone (FOAF). L&rsquo;annonce a \u00e9t\u00e9 faite ce mardi 14 ao\u00fbt 2018 au cours d&rsquo;une conf\u00e9rence de presse tenue par le comit\u00e9 d&rsquo;organisation mis en place par la FOAF \u00e0 Lom\u00e9. ... Lire la suite","og_url":"https:\/\/228news.tg\/index.php\/2018\/08\/14\/les-enjeux-et-defis-lies-aux-troubles-specifiques-du-langage-et-des-apprentissages-au-coeur-du-1er-congres-scientifique-de-la-foaf\/","og_site_name":"228 News","article_published_time":"2018-08-14T00:00:00+00:00","og_image":[{"width":1080,"height":648,"url":"https:\/\/228news.tg\/wp-content\/uploads\/2024\/09\/IMG-20180814-WA0032.jpg","type":"image\/jpeg"}],"author":"Bienvenu SAVI","twitter_card":"summary_large_image","twitter_misc":{"\u00c9crit par":"Bienvenu SAVI","Dur\u00e9e de lecture estim\u00e9e":"2 minutes"},"schema":{"@context":"https:\/\/schema.org","@graph":[{"@type":"Article","@id":"https:\/\/228news.tg\/index.php\/2018\/08\/14\/les-enjeux-et-defis-lies-aux-troubles-specifiques-du-langage-et-des-apprentissages-au-coeur-du-1er-congres-scientifique-de-la-foaf\/#article","isPartOf":{"@id":"https:\/\/228news.tg\/index.php\/2018\/08\/14\/les-enjeux-et-defis-lies-aux-troubles-specifiques-du-langage-et-des-apprentissages-au-coeur-du-1er-congres-scientifique-de-la-foaf\/"},"author":{"name":"Bienvenu SAVI","@id":"https:\/\/228news.tg\/#\/schema\/person\/68d5a6cc0230290e61235c8379523f52"},"headline":"Les enjeux et d\u00e9fis li\u00e9s aux troubles sp\u00e9cifiques du langage et des apprentissages, au c\u0153ur du 1er Congr\u00e8s scientifique de la FOAF","datePublished":"2018-08-14T00:00:00+00:00","mainEntityOfPage":{"@id":"https:\/\/228news.tg\/index.php\/2018\/08\/14\/les-enjeux-et-defis-lies-aux-troubles-specifiques-du-langage-et-des-apprentissages-au-coeur-du-1er-congres-scientifique-de-la-foaf\/"},"wordCount":429,"commentCount":0,"publisher":{"@id":"https:\/\/228news.tg\/#organization"},"image":{"@id":"https:\/\/228news.tg\/index.php\/2018\/08\/14\/les-enjeux-et-defis-lies-aux-troubles-specifiques-du-langage-et-des-apprentissages-au-coeur-du-1er-congres-scientifique-de-la-foaf\/#primaryimage"},"thumbnailUrl":"https:\/\/228news.tg\/wp-content\/uploads\/2024\/09\/IMG-20180814-WA0032.jpg","articleSection":["Flash","Sant\u00e9","TOGO","Une"],"inLanguage":"fr-FR","potentialAction":[{"@type":"CommentAction","name":"Comment","target":["https:\/\/228news.tg\/index.php\/2018\/08\/14\/les-enjeux-et-defis-lies-aux-troubles-specifiques-du-langage-et-des-apprentissages-au-coeur-du-1er-congres-scientifique-de-la-foaf\/#respond"]}]},{"@type":"WebPage","@id":"https:\/\/228news.tg\/index.php\/2018\/08\/14\/les-enjeux-et-defis-lies-aux-troubles-specifiques-du-langage-et-des-apprentissages-au-coeur-du-1er-congres-scientifique-de-la-foaf\/","url":"https:\/\/228news.tg\/index.php\/2018\/08\/14\/les-enjeux-et-defis-lies-aux-troubles-specifiques-du-langage-et-des-apprentissages-au-coeur-du-1er-congres-scientifique-de-la-foaf\/","name":"Les enjeux et d\u00e9fis li\u00e9s aux troubles sp\u00e9cifiques du langage et des apprentissages, au c\u0153ur du 1er Congr\u00e8s scientifique de la FOAF - 228 News","isPartOf":{"@id":"https:\/\/228news.tg\/#website"},"primaryImageOfPage":{"@id":"https:\/\/228news.tg\/index.php\/2018\/08\/14\/les-enjeux-et-defis-lies-aux-troubles-specifiques-du-langage-et-des-apprentissages-au-coeur-du-1er-congres-scientifique-de-la-foaf\/#primaryimage"},"image":{"@id":"https:\/\/228news.tg\/index.php\/2018\/08\/14\/les-enjeux-et-defis-lies-aux-troubles-specifiques-du-langage-et-des-apprentissages-au-coeur-du-1er-congres-scientifique-de-la-foaf\/#primaryimage"},"thumbnailUrl":"https:\/\/228news.tg\/wp-content\/uploads\/2024\/09\/IMG-20180814-WA0032.jpg","datePublished":"2018-08-14T00:00:00+00:00","breadcrumb":{"@id":"https:\/\/228news.tg\/index.php\/2018\/08\/14\/les-enjeux-et-defis-lies-aux-troubles-specifiques-du-langage-et-des-apprentissages-au-coeur-du-1er-congres-scientifique-de-la-foaf\/#breadcrumb"},"inLanguage":"fr-FR","potentialAction":[{"@type":"ReadAction","target":["https:\/\/228news.tg\/index.php\/2018\/08\/14\/les-enjeux-et-defis-lies-aux-troubles-specifiques-du-langage-et-des-apprentissages-au-coeur-du-1er-congres-scientifique-de-la-foaf\/"]}]},{"@type":"ImageObject","inLanguage":"fr-FR","@id":"https:\/\/228news.tg\/index.php\/2018\/08\/14\/les-enjeux-et-defis-lies-aux-troubles-specifiques-du-langage-et-des-apprentissages-au-coeur-du-1er-congres-scientifique-de-la-foaf\/#primaryimage","url":"https:\/\/228news.tg\/wp-content\/uploads\/2024\/09\/IMG-20180814-WA0032.jpg","contentUrl":"https:\/\/228news.tg\/wp-content\/uploads\/2024\/09\/IMG-20180814-WA0032.jpg","width":1080,"height":648},{"@type":"BreadcrumbList","@id":"https:\/\/228news.tg\/index.php\/2018\/08\/14\/les-enjeux-et-defis-lies-aux-troubles-specifiques-du-langage-et-des-apprentissages-au-coeur-du-1er-congres-scientifique-de-la-foaf\/#breadcrumb","itemListElement":[{"@type":"ListItem","position":1,"name":"Home","item":"https:\/\/228news.tg\/"},{"@type":"ListItem","position":2,"name":"Les enjeux et d\u00e9fis li\u00e9s aux troubles sp\u00e9cifiques du langage et des apprentissages, au c\u0153ur du 1er Congr\u00e8s scientifique de la FOAF"}]},{"@type":"WebSite","@id":"https:\/\/228news.tg\/#website","url":"https:\/\/228news.tg\/","name":"228 News","description":"Soci\u00e9t\u00e9 de m\u00e9dias et d\u2019actualit\u00e9s","publisher":{"@id":"https:\/\/228news.tg\/#organization"},"potentialAction":[{"@type":"SearchAction","target":{"@type":"EntryPoint","urlTemplate":"https:\/\/228news.tg\/?s={search_term_string}"},"query-input":{"@type":"PropertyValueSpecification","valueRequired":true,"valueName":"search_term_string"}}],"inLanguage":"fr-FR"},{"@type":"Organization","@id":"https:\/\/228news.tg\/#organization","name":"228 News","url":"https:\/\/228news.tg\/","logo":{"@type":"ImageObject","inLanguage":"fr-FR","@id":"https:\/\/228news.tg\/#\/schema\/logo\/image\/","url":"https:\/\/228news.tg\/wp-content\/uploads\/2024\/09\/logonew.png","contentUrl":"https:\/\/228news.tg\/wp-content\/uploads\/2024\/09\/logonew.png","width":1640,"height":364,"caption":"228 News"},"image":{"@id":"https:\/\/228news.tg\/#\/schema\/logo\/image\/"}},{"@type":"Person","@id":"https:\/\/228news.tg\/#\/schema\/person\/68d5a6cc0230290e61235c8379523f52","name":"Bienvenu SAVI","image":{"@type":"ImageObject","inLanguage":"fr-FR","@id":"https:\/\/228news.tg\/#\/schema\/person\/image\/","url":"https:\/\/secure.gravatar.com\/avatar\/9db91895c559e510509c33a3e9683998458e9b828fac36d5d1aa23f0f2fd369b?s=96&d=mm&r=g","contentUrl":"https:\/\/secure.gravatar.com\/avatar\/9db91895c559e510509c33a3e9683998458e9b828fac36d5d1aa23f0f2fd369b?s=96&d=mm&r=g","caption":"Bienvenu SAVI"},"url":"https:\/\/228news.tg\/index.php\/author\/bienvenu\/"}]}},"jetpack_featured_media_url":"https:\/\/228news.tg\/wp-content\/uploads\/2024\/09\/IMG-20180814-WA0032.jpg","_links":{"self":[{"href":"https:\/\/228news.tg\/index.php\/wp-json\/wp\/v2\/posts\/1661","targetHints":{"allow":["GET"]}}],"collection":[{"href":"https:\/\/228news.tg\/index.php\/wp-json\/wp\/v2\/posts"}],"about":[{"href":"https:\/\/228news.tg\/index.php\/wp-json\/wp\/v2\/types\/post"}],"author":[{"embeddable":true,"href":"https:\/\/228news.tg\/index.php\/wp-json\/wp\/v2\/users\/2"}],"replies":[{"embeddable":true,"href":"https:\/\/228news.tg\/index.php\/wp-json\/wp\/v2\/comments?post=1661"}],"version-history":[{"count":0,"href":"https:\/\/228news.tg\/index.php\/wp-json\/wp\/v2\/posts\/1661\/revisions"}],"wp:featuredmedia":[{"embeddable":true,"href":"https:\/\/228news.tg\/index.php\/wp-json\/wp\/v2\/media\/1662"}],"wp:attachment":[{"href":"https:\/\/228news.tg\/index.php\/wp-json\/wp\/v2\/media?parent=1661"}],"wp:term":[{"taxonomy":"category","embeddable":true,"href":"https:\/\/228news.tg\/index.php\/wp-json\/wp\/v2\/categories?post=1661"},{"taxonomy":"post_tag","embeddable":true,"href":"https:\/\/228news.tg\/index.php\/wp-json\/wp\/v2\/tags?post=1661"}],"curies":[{"name":"wp","href":"https:\/\/api.w.org\/{rel}","templated":true}]}}