{"id":1657,"date":"2018-08-14T00:00:00","date_gmt":"2018-08-14T00:00:00","guid":{"rendered":"https:\/\/228news.tg\/index.php\/2018\/08\/14\/developpement-de-la-petite-enfance-au-togo-validation-de-la-politique-nationale-ce-jour\/"},"modified":"2018-08-14T00:00:00","modified_gmt":"2018-08-14T00:00:00","slug":"developpement-de-la-petite-enfance-au-togo-validation-de-la-politique-nationale-ce-jour","status":"publish","type":"post","link":"https:\/\/228news.tg\/index.php\/2018\/08\/14\/developpement-de-la-petite-enfance-au-togo-validation-de-la-politique-nationale-ce-jour\/","title":{"rendered":"D\u00e9veloppement de la petite enfance au Togo: Validation de la politique nationale ce jour"},"content":{"rendered":"<p>\u0398228news( Lom\u00e9, le 14 ao\u00fbt 2018)-\u00a0Le Prof Tchakpele Palamw\u00e9, ministre de l&rsquo;enseignement primaire et secondaire, et de la formation. professionnelle a ouvert ce mardi 14 ao\u00fbt 2018 \u00e0 Lom\u00e9, un atelier de validation institutionnelle du document de la politique nationale de d\u00e9veloppement de la petite enfance, qui a rassembl\u00e9 une trentaine d&rsquo;acteurs nationaux.<\/p>\n<p>Pour le ministre, la petite enfance doit faire l&rsquo;objet de toutes les attentions car elle constitue l&rsquo;avenir de la nation togolaise. Aussi \u00e0 t&rsquo;il exhort\u00e9 les acteurs pr\u00e9sents \u00e0 privil\u00e9gier les actions allant dans le sens des actes r\u00e9alisables en attendant la mise en \u0153uvre de toute la politique dans sa globalit\u00e9.<\/p>\n<p>Selon le Directeur de l&rsquo;enseignement primaire et professionnel, M. Lantomey Obo\u00e8nal\u00e8, ce document constitue un volet non &lsquo;egligeable du syst\u00e8me \u00e9ducatif togolais. Pour lui, \u00ab\u00a0la prise en charge pr\u00e9coce de l&rsquo;enfant est un gage de r\u00e9ussite sur la plan scolaire de ce dernier\u00a0\u00bb.<\/p>\n<p>La Repr\u00e9sentente-r\u00e9sidente par int\u00e9rim de l&rsquo;UNICEF au Togo, Mme Fosca Giulidori, a pour sa part soulign\u00e9 que des \u00e9tudes men\u00e9es dans plusieurs pays dans le monde montrent qu&rsquo;il existe un lien entre le d\u00e9veloppement de la petite enfance et la r\u00e9ussite sur le plan scolaire et secondaire nt\u00e9grit\u00e9 dans le pr\u00e9scolaire ont un impact fort dans la r\u00e9ussite scolaire.<\/p>\n<p>L&rsquo;UNICEF tout en r\u00e9it\u00e9rant des appuis et partenariats au gouvernement togolais sur le plan \u00e9ducatif, salue donc la volont\u00e9 du Togo \u00e0 mettre ces objectifs dans sa politique et l&rsquo;encourage \u00e0 faire des efforts pour le d\u00e9veloppement de la petite enfance aussi bien dans les milieux urbains que ruraux.<\/p>\n<p>\u00a0\u00bb Le d\u00e9fi est grand car chaque enfant compte\u00a0\u00bb, a t&rsquo;elle affirm\u00e9 pour finir.<\/p>\n<p>De part le monde, des actions normatives sont men\u00e9es depuis la derni\u00e8re d\u00e9cennie en vue de renforcer les efforts de d\u00e9veloppement de la petite enfance. Le Togo n&rsquo;a pas \u00e9t\u00e9 en marge de ces mutations en s&rsquo;engageant depuis 2010 \u00e0 travers le plan sectoriel de l&rsquo;\u00e9ducation.<\/p>\n<p>les acteurs auront durant les travaux \u00e0 revisiter le document, analyser son contenu afin d&rsquo;en faire des suggestions et recommandations permettant de corriger les insuffisances. A terme, il s&rsquo;agit de relever le d\u00e9fi de la qualit\u00e9 de l&rsquo;\u00e9ducation au Togo.<\/p>\n<p>Une politiqie de l&rsquo;\u00e9ducation pr\u00e9scolaire pour les enfants de 3 \u00e0 7 ans et l&rsquo;\u00e9ducation parentale pour la prise en charge des enfants de 0 \u00e0 3 ans \u00e0 donc \u00e9t\u00e9 \u00e9labor\u00e9e. En 2014 , c&rsquo;est autour de la politique nationale du d\u00e9veloppement de la petite enfance qui a vu le jour et dont le document sera valid\u00e9e sur le plan institutionnel ce jour.<\/p>\n<p><strong><em>D\u00e9mocrate\u00a0<\/em><\/strong><\/p>\n<p><strong><em>(00228) 91 85 40 14<\/em><\/strong><\/p>\n<p><strong><em>98 60 67 68<\/em><\/strong><\/p>\n<p><strong><em>democrate2010@gmail.com<\/em><\/strong><\/p>\n<p>&nbsp;<\/p>\n","protected":false},"excerpt":{"rendered":"<p>\u0398228news( Lom\u00e9, le 14 ao\u00fbt 2018)-\u00a0Le Prof Tchakpele Palamw\u00e9, ministre de l&rsquo;enseignement primaire et secondaire, et de la formation. professionnelle a ouvert ce mardi 14 ao\u00fbt 2018 \u00e0 Lom\u00e9, un atelier de validation institutionnelle du document de la politique nationale de d\u00e9veloppement de la petite enfance, qui a rassembl\u00e9 une trentaine d&rsquo;acteurs nationaux. Pour le &#8230; <a title=\"D\u00e9veloppement de la petite enfance au Togo: Validation de la politique nationale ce jour\" class=\"read-more\" href=\"https:\/\/228news.tg\/index.php\/2018\/08\/14\/developpement-de-la-petite-enfance-au-togo-validation-de-la-politique-nationale-ce-jour\/\" aria-label=\"En savoir plus sur D\u00e9veloppement de la petite enfance au Togo: Validation de la politique nationale ce jour\">Lire la suite<\/a><\/p>\n","protected":false},"author":2,"featured_media":1658,"comment_status":"open","ping_status":"open","sticky":false,"template":"","format":"standard","meta":{"footnotes":""},"categories":[28,35,25,34],"tags":[],"class_list":["post-1657","post","type-post","status-publish","format-standard","has-post-thumbnail","hentry","category-education","category-flash","category-togo","category-une"],"yoast_head":"<!-- This site is optimized with the Yoast SEO plugin v26.4 - https:\/\/yoast.com\/wordpress\/plugins\/seo\/ -->\n<title>D\u00e9veloppement de la petite enfance au Togo: Validation de la politique nationale ce jour - 228 News<\/title>\n<meta name=\"robots\" content=\"index, follow, max-snippet:-1, max-image-preview:large, max-video-preview:-1\" \/>\n<link rel=\"canonical\" href=\"https:\/\/228news.tg\/index.php\/2018\/08\/14\/developpement-de-la-petite-enfance-au-togo-validation-de-la-politique-nationale-ce-jour\/\" \/>\n<meta property=\"og:locale\" content=\"fr_FR\" \/>\n<meta property=\"og:type\" content=\"article\" \/>\n<meta property=\"og:title\" content=\"D\u00e9veloppement de la petite enfance au Togo: Validation de la politique nationale ce jour - 228 News\" \/>\n<meta property=\"og:description\" content=\"\u0398228news( Lom\u00e9, le 14 ao\u00fbt 2018)-\u00a0Le Prof Tchakpele Palamw\u00e9, ministre de l&rsquo;enseignement primaire et secondaire, et de la formation. professionnelle a ouvert ce mardi 14 ao\u00fbt 2018 \u00e0 Lom\u00e9, un atelier de validation institutionnelle du document de la politique nationale de d\u00e9veloppement de la petite enfance, qui a rassembl\u00e9 une trentaine d&rsquo;acteurs nationaux. Pour le ... Lire la suite\" \/>\n<meta property=\"og:url\" content=\"https:\/\/228news.tg\/index.php\/2018\/08\/14\/developpement-de-la-petite-enfance-au-togo-validation-de-la-politique-nationale-ce-jour\/\" \/>\n<meta property=\"og:site_name\" content=\"228 News\" \/>\n<meta property=\"article:published_time\" content=\"2018-08-14T00:00:00+00:00\" \/>\n<meta property=\"og:image\" content=\"https:\/\/228news.tg\/wp-content\/uploads\/2024\/09\/IMG_20180814_092316.jpg\" \/>\n\t<meta property=\"og:image:width\" content=\"2560\" \/>\n\t<meta property=\"og:image:height\" content=\"1920\" \/>\n\t<meta property=\"og:image:type\" content=\"image\/jpeg\" \/>\n<meta name=\"author\" content=\"Bienvenu SAVI\" \/>\n<meta name=\"twitter:card\" content=\"summary_large_image\" \/>\n<meta name=\"twitter:label1\" content=\"\u00c9crit par\" \/>\n\t<meta name=\"twitter:data1\" content=\"Bienvenu SAVI\" \/>\n\t<meta name=\"twitter:label2\" content=\"Dur\u00e9e de lecture estim\u00e9e\" \/>\n\t<meta name=\"twitter:data2\" content=\"2 minutes\" \/>\n<script type=\"application\/ld+json\" class=\"yoast-schema-graph\">{\"@context\":\"https:\/\/schema.org\",\"@graph\":[{\"@type\":\"Article\",\"@id\":\"https:\/\/228news.tg\/index.php\/2018\/08\/14\/developpement-de-la-petite-enfance-au-togo-validation-de-la-politique-nationale-ce-jour\/#article\",\"isPartOf\":{\"@id\":\"https:\/\/228news.tg\/index.php\/2018\/08\/14\/developpement-de-la-petite-enfance-au-togo-validation-de-la-politique-nationale-ce-jour\/\"},\"author\":{\"name\":\"Bienvenu SAVI\",\"@id\":\"https:\/\/228news.tg\/#\/schema\/person\/68d5a6cc0230290e61235c8379523f52\"},\"headline\":\"D\u00e9veloppement de la petite enfance au Togo: Validation de la politique nationale ce jour\",\"datePublished\":\"2018-08-14T00:00:00+00:00\",\"mainEntityOfPage\":{\"@id\":\"https:\/\/228news.tg\/index.php\/2018\/08\/14\/developpement-de-la-petite-enfance-au-togo-validation-de-la-politique-nationale-ce-jour\/\"},\"wordCount\":474,\"commentCount\":0,\"publisher\":{\"@id\":\"https:\/\/228news.tg\/#organization\"},\"image\":{\"@id\":\"https:\/\/228news.tg\/index.php\/2018\/08\/14\/developpement-de-la-petite-enfance-au-togo-validation-de-la-politique-nationale-ce-jour\/#primaryimage\"},\"thumbnailUrl\":\"https:\/\/228news.tg\/wp-content\/uploads\/2024\/09\/IMG_20180814_092316.jpg\",\"articleSection\":[\"EDUCATION\",\"Flash\",\"TOGO\",\"Une\"],\"inLanguage\":\"fr-FR\",\"potentialAction\":[{\"@type\":\"CommentAction\",\"name\":\"Comment\",\"target\":[\"https:\/\/228news.tg\/index.php\/2018\/08\/14\/developpement-de-la-petite-enfance-au-togo-validation-de-la-politique-nationale-ce-jour\/#respond\"]}]},{\"@type\":\"WebPage\",\"@id\":\"https:\/\/228news.tg\/index.php\/2018\/08\/14\/developpement-de-la-petite-enfance-au-togo-validation-de-la-politique-nationale-ce-jour\/\",\"url\":\"https:\/\/228news.tg\/index.php\/2018\/08\/14\/developpement-de-la-petite-enfance-au-togo-validation-de-la-politique-nationale-ce-jour\/\",\"name\":\"D\u00e9veloppement de la petite enfance au Togo: Validation de la politique nationale ce jour - 228 News\",\"isPartOf\":{\"@id\":\"https:\/\/228news.tg\/#website\"},\"primaryImageOfPage\":{\"@id\":\"https:\/\/228news.tg\/index.php\/2018\/08\/14\/developpement-de-la-petite-enfance-au-togo-validation-de-la-politique-nationale-ce-jour\/#primaryimage\"},\"image\":{\"@id\":\"https:\/\/228news.tg\/index.php\/2018\/08\/14\/developpement-de-la-petite-enfance-au-togo-validation-de-la-politique-nationale-ce-jour\/#primaryimage\"},\"thumbnailUrl\":\"https:\/\/228news.tg\/wp-content\/uploads\/2024\/09\/IMG_20180814_092316.jpg\",\"datePublished\":\"2018-08-14T00:00:00+00:00\",\"breadcrumb\":{\"@id\":\"https:\/\/228news.tg\/index.php\/2018\/08\/14\/developpement-de-la-petite-enfance-au-togo-validation-de-la-politique-nationale-ce-jour\/#breadcrumb\"},\"inLanguage\":\"fr-FR\",\"potentialAction\":[{\"@type\":\"ReadAction\",\"target\":[\"https:\/\/228news.tg\/index.php\/2018\/08\/14\/developpement-de-la-petite-enfance-au-togo-validation-de-la-politique-nationale-ce-jour\/\"]}]},{\"@type\":\"ImageObject\",\"inLanguage\":\"fr-FR\",\"@id\":\"https:\/\/228news.tg\/index.php\/2018\/08\/14\/developpement-de-la-petite-enfance-au-togo-validation-de-la-politique-nationale-ce-jour\/#primaryimage\",\"url\":\"https:\/\/228news.tg\/wp-content\/uploads\/2024\/09\/IMG_20180814_092316.jpg\",\"contentUrl\":\"https:\/\/228news.tg\/wp-content\/uploads\/2024\/09\/IMG_20180814_092316.jpg\",\"width\":2560,\"height\":1920},{\"@type\":\"BreadcrumbList\",\"@id\":\"https:\/\/228news.tg\/index.php\/2018\/08\/14\/developpement-de-la-petite-enfance-au-togo-validation-de-la-politique-nationale-ce-jour\/#breadcrumb\",\"itemListElement\":[{\"@type\":\"ListItem\",\"position\":1,\"name\":\"Home\",\"item\":\"https:\/\/228news.tg\/\"},{\"@type\":\"ListItem\",\"position\":2,\"name\":\"D\u00e9veloppement de la petite enfance au Togo: Validation de la politique nationale ce jour\"}]},{\"@type\":\"WebSite\",\"@id\":\"https:\/\/228news.tg\/#website\",\"url\":\"https:\/\/228news.tg\/\",\"name\":\"228 News\",\"description\":\"Soci\u00e9t\u00e9 de m\u00e9dias et d\u2019actualit\u00e9s\",\"publisher\":{\"@id\":\"https:\/\/228news.tg\/#organization\"},\"potentialAction\":[{\"@type\":\"SearchAction\",\"target\":{\"@type\":\"EntryPoint\",\"urlTemplate\":\"https:\/\/228news.tg\/?s={search_term_string}\"},\"query-input\":{\"@type\":\"PropertyValueSpecification\",\"valueRequired\":true,\"valueName\":\"search_term_string\"}}],\"inLanguage\":\"fr-FR\"},{\"@type\":\"Organization\",\"@id\":\"https:\/\/228news.tg\/#organization\",\"name\":\"228 News\",\"url\":\"https:\/\/228news.tg\/\",\"logo\":{\"@type\":\"ImageObject\",\"inLanguage\":\"fr-FR\",\"@id\":\"https:\/\/228news.tg\/#\/schema\/logo\/image\/\",\"url\":\"https:\/\/228news.tg\/wp-content\/uploads\/2024\/09\/logonew.png\",\"contentUrl\":\"https:\/\/228news.tg\/wp-content\/uploads\/2024\/09\/logonew.png\",\"width\":1640,\"height\":364,\"caption\":\"228 News\"},\"image\":{\"@id\":\"https:\/\/228news.tg\/#\/schema\/logo\/image\/\"}},{\"@type\":\"Person\",\"@id\":\"https:\/\/228news.tg\/#\/schema\/person\/68d5a6cc0230290e61235c8379523f52\",\"name\":\"Bienvenu SAVI\",\"image\":{\"@type\":\"ImageObject\",\"inLanguage\":\"fr-FR\",\"@id\":\"https:\/\/228news.tg\/#\/schema\/person\/image\/\",\"url\":\"https:\/\/secure.gravatar.com\/avatar\/9db91895c559e510509c33a3e9683998458e9b828fac36d5d1aa23f0f2fd369b?s=96&d=mm&r=g\",\"contentUrl\":\"https:\/\/secure.gravatar.com\/avatar\/9db91895c559e510509c33a3e9683998458e9b828fac36d5d1aa23f0f2fd369b?s=96&d=mm&r=g\",\"caption\":\"Bienvenu SAVI\"},\"url\":\"https:\/\/228news.tg\/index.php\/author\/bienvenu\/\"}]}<\/script>\n<!-- \/ Yoast SEO plugin. -->","yoast_head_json":{"title":"D\u00e9veloppement de la petite enfance au Togo: Validation de la politique nationale ce jour - 228 News","robots":{"index":"index","follow":"follow","max-snippet":"max-snippet:-1","max-image-preview":"max-image-preview:large","max-video-preview":"max-video-preview:-1"},"canonical":"https:\/\/228news.tg\/index.php\/2018\/08\/14\/developpement-de-la-petite-enfance-au-togo-validation-de-la-politique-nationale-ce-jour\/","og_locale":"fr_FR","og_type":"article","og_title":"D\u00e9veloppement de la petite enfance au Togo: Validation de la politique nationale ce jour - 228 News","og_description":"\u0398228news( Lom\u00e9, le 14 ao\u00fbt 2018)-\u00a0Le Prof Tchakpele Palamw\u00e9, ministre de l&rsquo;enseignement primaire et secondaire, et de la formation. professionnelle a ouvert ce mardi 14 ao\u00fbt 2018 \u00e0 Lom\u00e9, un atelier de validation institutionnelle du document de la politique nationale de d\u00e9veloppement de la petite enfance, qui a rassembl\u00e9 une trentaine d&rsquo;acteurs nationaux. Pour le ... Lire la suite","og_url":"https:\/\/228news.tg\/index.php\/2018\/08\/14\/developpement-de-la-petite-enfance-au-togo-validation-de-la-politique-nationale-ce-jour\/","og_site_name":"228 News","article_published_time":"2018-08-14T00:00:00+00:00","og_image":[{"width":2560,"height":1920,"url":"https:\/\/228news.tg\/wp-content\/uploads\/2024\/09\/IMG_20180814_092316.jpg","type":"image\/jpeg"}],"author":"Bienvenu SAVI","twitter_card":"summary_large_image","twitter_misc":{"\u00c9crit par":"Bienvenu SAVI","Dur\u00e9e de lecture estim\u00e9e":"2 minutes"},"schema":{"@context":"https:\/\/schema.org","@graph":[{"@type":"Article","@id":"https:\/\/228news.tg\/index.php\/2018\/08\/14\/developpement-de-la-petite-enfance-au-togo-validation-de-la-politique-nationale-ce-jour\/#article","isPartOf":{"@id":"https:\/\/228news.tg\/index.php\/2018\/08\/14\/developpement-de-la-petite-enfance-au-togo-validation-de-la-politique-nationale-ce-jour\/"},"author":{"name":"Bienvenu SAVI","@id":"https:\/\/228news.tg\/#\/schema\/person\/68d5a6cc0230290e61235c8379523f52"},"headline":"D\u00e9veloppement de la petite enfance au Togo: Validation de la politique nationale ce jour","datePublished":"2018-08-14T00:00:00+00:00","mainEntityOfPage":{"@id":"https:\/\/228news.tg\/index.php\/2018\/08\/14\/developpement-de-la-petite-enfance-au-togo-validation-de-la-politique-nationale-ce-jour\/"},"wordCount":474,"commentCount":0,"publisher":{"@id":"https:\/\/228news.tg\/#organization"},"image":{"@id":"https:\/\/228news.tg\/index.php\/2018\/08\/14\/developpement-de-la-petite-enfance-au-togo-validation-de-la-politique-nationale-ce-jour\/#primaryimage"},"thumbnailUrl":"https:\/\/228news.tg\/wp-content\/uploads\/2024\/09\/IMG_20180814_092316.jpg","articleSection":["EDUCATION","Flash","TOGO","Une"],"inLanguage":"fr-FR","potentialAction":[{"@type":"CommentAction","name":"Comment","target":["https:\/\/228news.tg\/index.php\/2018\/08\/14\/developpement-de-la-petite-enfance-au-togo-validation-de-la-politique-nationale-ce-jour\/#respond"]}]},{"@type":"WebPage","@id":"https:\/\/228news.tg\/index.php\/2018\/08\/14\/developpement-de-la-petite-enfance-au-togo-validation-de-la-politique-nationale-ce-jour\/","url":"https:\/\/228news.tg\/index.php\/2018\/08\/14\/developpement-de-la-petite-enfance-au-togo-validation-de-la-politique-nationale-ce-jour\/","name":"D\u00e9veloppement de la petite enfance au Togo: Validation de la politique nationale ce jour - 228 News","isPartOf":{"@id":"https:\/\/228news.tg\/#website"},"primaryImageOfPage":{"@id":"https:\/\/228news.tg\/index.php\/2018\/08\/14\/developpement-de-la-petite-enfance-au-togo-validation-de-la-politique-nationale-ce-jour\/#primaryimage"},"image":{"@id":"https:\/\/228news.tg\/index.php\/2018\/08\/14\/developpement-de-la-petite-enfance-au-togo-validation-de-la-politique-nationale-ce-jour\/#primaryimage"},"thumbnailUrl":"https:\/\/228news.tg\/wp-content\/uploads\/2024\/09\/IMG_20180814_092316.jpg","datePublished":"2018-08-14T00:00:00+00:00","breadcrumb":{"@id":"https:\/\/228news.tg\/index.php\/2018\/08\/14\/developpement-de-la-petite-enfance-au-togo-validation-de-la-politique-nationale-ce-jour\/#breadcrumb"},"inLanguage":"fr-FR","potentialAction":[{"@type":"ReadAction","target":["https:\/\/228news.tg\/index.php\/2018\/08\/14\/developpement-de-la-petite-enfance-au-togo-validation-de-la-politique-nationale-ce-jour\/"]}]},{"@type":"ImageObject","inLanguage":"fr-FR","@id":"https:\/\/228news.tg\/index.php\/2018\/08\/14\/developpement-de-la-petite-enfance-au-togo-validation-de-la-politique-nationale-ce-jour\/#primaryimage","url":"https:\/\/228news.tg\/wp-content\/uploads\/2024\/09\/IMG_20180814_092316.jpg","contentUrl":"https:\/\/228news.tg\/wp-content\/uploads\/2024\/09\/IMG_20180814_092316.jpg","width":2560,"height":1920},{"@type":"BreadcrumbList","@id":"https:\/\/228news.tg\/index.php\/2018\/08\/14\/developpement-de-la-petite-enfance-au-togo-validation-de-la-politique-nationale-ce-jour\/#breadcrumb","itemListElement":[{"@type":"ListItem","position":1,"name":"Home","item":"https:\/\/228news.tg\/"},{"@type":"ListItem","position":2,"name":"D\u00e9veloppement de la petite enfance au Togo: Validation de la politique nationale ce jour"}]},{"@type":"WebSite","@id":"https:\/\/228news.tg\/#website","url":"https:\/\/228news.tg\/","name":"228 News","description":"Soci\u00e9t\u00e9 de m\u00e9dias et d\u2019actualit\u00e9s","publisher":{"@id":"https:\/\/228news.tg\/#organization"},"potentialAction":[{"@type":"SearchAction","target":{"@type":"EntryPoint","urlTemplate":"https:\/\/228news.tg\/?s={search_term_string}"},"query-input":{"@type":"PropertyValueSpecification","valueRequired":true,"valueName":"search_term_string"}}],"inLanguage":"fr-FR"},{"@type":"Organization","@id":"https:\/\/228news.tg\/#organization","name":"228 News","url":"https:\/\/228news.tg\/","logo":{"@type":"ImageObject","inLanguage":"fr-FR","@id":"https:\/\/228news.tg\/#\/schema\/logo\/image\/","url":"https:\/\/228news.tg\/wp-content\/uploads\/2024\/09\/logonew.png","contentUrl":"https:\/\/228news.tg\/wp-content\/uploads\/2024\/09\/logonew.png","width":1640,"height":364,"caption":"228 News"},"image":{"@id":"https:\/\/228news.tg\/#\/schema\/logo\/image\/"}},{"@type":"Person","@id":"https:\/\/228news.tg\/#\/schema\/person\/68d5a6cc0230290e61235c8379523f52","name":"Bienvenu SAVI","image":{"@type":"ImageObject","inLanguage":"fr-FR","@id":"https:\/\/228news.tg\/#\/schema\/person\/image\/","url":"https:\/\/secure.gravatar.com\/avatar\/9db91895c559e510509c33a3e9683998458e9b828fac36d5d1aa23f0f2fd369b?s=96&d=mm&r=g","contentUrl":"https:\/\/secure.gravatar.com\/avatar\/9db91895c559e510509c33a3e9683998458e9b828fac36d5d1aa23f0f2fd369b?s=96&d=mm&r=g","caption":"Bienvenu SAVI"},"url":"https:\/\/228news.tg\/index.php\/author\/bienvenu\/"}]}},"jetpack_featured_media_url":"https:\/\/228news.tg\/wp-content\/uploads\/2024\/09\/IMG_20180814_092316.jpg","_links":{"self":[{"href":"https:\/\/228news.tg\/index.php\/wp-json\/wp\/v2\/posts\/1657","targetHints":{"allow":["GET"]}}],"collection":[{"href":"https:\/\/228news.tg\/index.php\/wp-json\/wp\/v2\/posts"}],"about":[{"href":"https:\/\/228news.tg\/index.php\/wp-json\/wp\/v2\/types\/post"}],"author":[{"embeddable":true,"href":"https:\/\/228news.tg\/index.php\/wp-json\/wp\/v2\/users\/2"}],"replies":[{"embeddable":true,"href":"https:\/\/228news.tg\/index.php\/wp-json\/wp\/v2\/comments?post=1657"}],"version-history":[{"count":0,"href":"https:\/\/228news.tg\/index.php\/wp-json\/wp\/v2\/posts\/1657\/revisions"}],"wp:featuredmedia":[{"embeddable":true,"href":"https:\/\/228news.tg\/index.php\/wp-json\/wp\/v2\/media\/1658"}],"wp:attachment":[{"href":"https:\/\/228news.tg\/index.php\/wp-json\/wp\/v2\/media?parent=1657"}],"wp:term":[{"taxonomy":"category","embeddable":true,"href":"https:\/\/228news.tg\/index.php\/wp-json\/wp\/v2\/categories?post=1657"},{"taxonomy":"post_tag","embeddable":true,"href":"https:\/\/228news.tg\/index.php\/wp-json\/wp\/v2\/tags?post=1657"}],"curies":[{"name":"wp","href":"https:\/\/api.w.org\/{rel}","templated":true}]}}