{"id":1646,"date":"2018-08-10T00:00:00","date_gmt":"2018-08-10T00:00:00","guid":{"rendered":"https:\/\/228news.tg\/index.php\/2018\/08\/10\/les-volontaires-nationaux-de-competences-et-leurs-ayants-droits-desormais-couverts-par-linam\/"},"modified":"2018-08-10T00:00:00","modified_gmt":"2018-08-10T00:00:00","slug":"les-volontaires-nationaux-de-competences-et-leurs-ayants-droits-desormais-couverts-par-linam","status":"publish","type":"post","link":"https:\/\/228news.tg\/index.php\/2018\/08\/10\/les-volontaires-nationaux-de-competences-et-leurs-ayants-droits-desormais-couverts-par-linam\/","title":{"rendered":"Les volontaires nationaux de comp\u00e9tences et leurs ayants-droits d\u00e9sormais couverts par l&rsquo;INAM"},"content":{"rendered":"<p>\u0398228news (Lom\u00e9, le 10 ao\u00fbt 2018)-\u00a0Plus de 3000 volontaires nationaux de comp\u00e9tence ont \u00e9t\u00e9 mis sous le r\u00e9gime de la couverture sanitaire de l&rsquo;Institut National de l&rsquo;Assurance Maladie (INAM).<\/p>\n<p>Ceci au terme d&rsquo;une convention de partenariat paraph\u00e9 ce jeudi 09 ao\u00fbt 2018 \u00e0 Lom\u00e9 par la ministre du d\u00e9veloppement \u00e0 la base, de l&rsquo;artisanat, de la jeunesse et de l&#8217;emploi des jeunes, Victoire Dogbe, le repr\u00e9sentant du ministre de la fonction publique et la Directrice g\u00e9n\u00e9rale de l&rsquo;INAM.<\/p>\n<p>La ministre Dogb\u00e9 s&rsquo;est r\u00e9jouie de cette signature qui vient une fois de plus t\u00e9moigner de la reconnaissance de l&rsquo;Etat togolais\u00a0 \u00e0 l\u2019implication des volontaires nationaux dans le d\u00e9veloppement durable inclusif et endog\u00e8ne du pays.<br \/>\n\u00ab Couvrir les volontaires nationaux de comp\u00e9tences et leurs proches avec une assurance maladie \u00e9tait devenu une n\u00e9cessit\u00e9. Ils sont tous les jours au service de nos communaut\u00e9s, se donnant corps et \u00e2me pour l\u2019\u00e9panouissement de nos populations. C\u2019est pour cela qu\u2019il \u00e9tait imp\u00e9rieux, voir capital de leur garantir aussi, un minimum de protection sanitaire \u00bb, a-t-elle confi\u00e9.<\/p>\n<p>Pour la DG de l\u2019INAM, cette souscription des Volontaires \u00e0 son institution, vient renforcer le dispositif existant en mati\u00e8re de couverture sociale pour tous les volontaires en mission au Togo.<\/p>\n<p>Le Directeur g\u00e9n\u00e9ral de l\u2019ANVT, M. Agbangba Omar pour sa part, note avec satisfaction le d\u00e9but d&rsquo;une collaboration qui permettra d\u2019am\u00e9liorer les conditions de mission des volontaires nationaux, en r\u00e9duisant au maximum la pr\u00e9carit\u00e9 et les risques li\u00e9s \u00e0 l\u2019accomplissement de la mission des volontaires nationaux sur le terrain tandis que le repr\u00e9sentant du ministre de la fonction publique \u00e0 r\u00e9it\u00e9r\u00e9 les ambitions du gouvernement en l&rsquo;occurrence toucher tous les jeunes togolais sans emploi ou primo demandeurs d\u2019emploi afin de les impliquer dans le processus de d\u00e9veloppement du pays.<\/p>\n<p>Au terme de ce programme d\u2019assurance sant\u00e9 des volontaires nationaux de comp\u00e9tences \u00e0 l\u2019INAM, estim\u00e9 \u00e0 pr\u00e8s de 150 millions de FCFA par an, plus de 3000 volontaires nationaux de comp\u00e9tence et leurs ayants droits, notamment leurs conjoints et enfants mineurs b\u00e9n\u00e9ficieront d\u00e9sormais de la couverture sanitaire de l&rsquo;INAM, ce qui porte le nombre \u00e0 un total de 4000 b\u00e9n\u00e9ficiaires.<\/p>\n<p><strong><em>D\u00e9mocrate <\/em><\/strong><br \/>\n<strong><em>(00228) 91 85 40 14<\/em><\/strong><br \/>\n<strong><em>98 60 67 68<\/em><\/strong><br \/>\n<strong><em>democrate2010@gmail.com<\/em><\/strong><\/p>\n","protected":false},"excerpt":{"rendered":"<p>\u0398228news (Lom\u00e9, le 10 ao\u00fbt 2018)-\u00a0Plus de 3000 volontaires nationaux de comp\u00e9tence ont \u00e9t\u00e9 mis sous le r\u00e9gime de la couverture sanitaire de l&rsquo;Institut National de l&rsquo;Assurance Maladie (INAM). Ceci au terme d&rsquo;une convention de partenariat paraph\u00e9 ce jeudi 09 ao\u00fbt 2018 \u00e0 Lom\u00e9 par la ministre du d\u00e9veloppement \u00e0 la base, de l&rsquo;artisanat, de &#8230; <a title=\"Les volontaires nationaux de comp\u00e9tences et leurs ayants-droits d\u00e9sormais couverts par l&rsquo;INAM\" class=\"read-more\" href=\"https:\/\/228news.tg\/index.php\/2018\/08\/10\/les-volontaires-nationaux-de-competences-et-leurs-ayants-droits-desormais-couverts-par-linam\/\" aria-label=\"En savoir plus sur Les volontaires nationaux de comp\u00e9tences et leurs ayants-droits d\u00e9sormais couverts par l&rsquo;INAM\">Lire la suite<\/a><\/p>\n","protected":false},"author":2,"featured_media":1647,"comment_status":"open","ping_status":"open","sticky":false,"template":"","format":"standard","meta":{"footnotes":""},"categories":[31,35,25,34],"tags":[],"class_list":["post-1646","post","type-post","status-publish","format-standard","has-post-thumbnail","hentry","category-developpement","category-flash","category-togo","category-une"],"yoast_head":"<!-- This site is optimized with the Yoast SEO plugin v26.4 - https:\/\/yoast.com\/wordpress\/plugins\/seo\/ -->\n<title>Les volontaires nationaux de comp\u00e9tences et leurs ayants-droits d\u00e9sormais couverts par l&#039;INAM - 228 News<\/title>\n<meta name=\"robots\" content=\"index, follow, max-snippet:-1, max-image-preview:large, max-video-preview:-1\" \/>\n<link rel=\"canonical\" href=\"https:\/\/228news.tg\/index.php\/2018\/08\/10\/les-volontaires-nationaux-de-competences-et-leurs-ayants-droits-desormais-couverts-par-linam\/\" \/>\n<meta property=\"og:locale\" content=\"fr_FR\" \/>\n<meta property=\"og:type\" content=\"article\" \/>\n<meta property=\"og:title\" content=\"Les volontaires nationaux de comp\u00e9tences et leurs ayants-droits d\u00e9sormais couverts par l&#039;INAM - 228 News\" \/>\n<meta property=\"og:description\" content=\"\u0398228news (Lom\u00e9, le 10 ao\u00fbt 2018)-\u00a0Plus de 3000 volontaires nationaux de comp\u00e9tence ont \u00e9t\u00e9 mis sous le r\u00e9gime de la couverture sanitaire de l&rsquo;Institut National de l&rsquo;Assurance Maladie (INAM). Ceci au terme d&rsquo;une convention de partenariat paraph\u00e9 ce jeudi 09 ao\u00fbt 2018 \u00e0 Lom\u00e9 par la ministre du d\u00e9veloppement \u00e0 la base, de l&rsquo;artisanat, de ... Lire la suite\" \/>\n<meta property=\"og:url\" content=\"https:\/\/228news.tg\/index.php\/2018\/08\/10\/les-volontaires-nationaux-de-competences-et-leurs-ayants-droits-desormais-couverts-par-linam\/\" \/>\n<meta property=\"og:site_name\" content=\"228 News\" \/>\n<meta property=\"article:published_time\" content=\"2018-08-10T00:00:00+00:00\" \/>\n<meta property=\"og:image\" content=\"https:\/\/228news.tg\/wp-content\/uploads\/2024\/09\/IMG_20180809_103717.jpg\" \/>\n\t<meta property=\"og:image:width\" content=\"2560\" \/>\n\t<meta property=\"og:image:height\" content=\"1920\" \/>\n\t<meta property=\"og:image:type\" content=\"image\/jpeg\" \/>\n<meta name=\"author\" content=\"Bienvenu SAVI\" \/>\n<meta name=\"twitter:card\" content=\"summary_large_image\" \/>\n<meta name=\"twitter:label1\" content=\"\u00c9crit par\" \/>\n\t<meta name=\"twitter:data1\" content=\"Bienvenu SAVI\" \/>\n\t<meta name=\"twitter:label2\" content=\"Dur\u00e9e de lecture estim\u00e9e\" \/>\n\t<meta name=\"twitter:data2\" content=\"2 minutes\" \/>\n<script type=\"application\/ld+json\" class=\"yoast-schema-graph\">{\"@context\":\"https:\/\/schema.org\",\"@graph\":[{\"@type\":\"Article\",\"@id\":\"https:\/\/228news.tg\/index.php\/2018\/08\/10\/les-volontaires-nationaux-de-competences-et-leurs-ayants-droits-desormais-couverts-par-linam\/#article\",\"isPartOf\":{\"@id\":\"https:\/\/228news.tg\/index.php\/2018\/08\/10\/les-volontaires-nationaux-de-competences-et-leurs-ayants-droits-desormais-couverts-par-linam\/\"},\"author\":{\"name\":\"Bienvenu SAVI\",\"@id\":\"https:\/\/228news.tg\/#\/schema\/person\/68d5a6cc0230290e61235c8379523f52\"},\"headline\":\"Les volontaires nationaux de comp\u00e9tences et leurs ayants-droits d\u00e9sormais couverts par l&rsquo;INAM\",\"datePublished\":\"2018-08-10T00:00:00+00:00\",\"mainEntityOfPage\":{\"@id\":\"https:\/\/228news.tg\/index.php\/2018\/08\/10\/les-volontaires-nationaux-de-competences-et-leurs-ayants-droits-desormais-couverts-par-linam\/\"},\"wordCount\":411,\"commentCount\":0,\"publisher\":{\"@id\":\"https:\/\/228news.tg\/#organization\"},\"image\":{\"@id\":\"https:\/\/228news.tg\/index.php\/2018\/08\/10\/les-volontaires-nationaux-de-competences-et-leurs-ayants-droits-desormais-couverts-par-linam\/#primaryimage\"},\"thumbnailUrl\":\"https:\/\/228news.tg\/wp-content\/uploads\/2024\/09\/IMG_20180809_103717.jpg\",\"articleSection\":[\"DEVELOPPEMENT\",\"Flash\",\"TOGO\",\"Une\"],\"inLanguage\":\"fr-FR\",\"potentialAction\":[{\"@type\":\"CommentAction\",\"name\":\"Comment\",\"target\":[\"https:\/\/228news.tg\/index.php\/2018\/08\/10\/les-volontaires-nationaux-de-competences-et-leurs-ayants-droits-desormais-couverts-par-linam\/#respond\"]}]},{\"@type\":\"WebPage\",\"@id\":\"https:\/\/228news.tg\/index.php\/2018\/08\/10\/les-volontaires-nationaux-de-competences-et-leurs-ayants-droits-desormais-couverts-par-linam\/\",\"url\":\"https:\/\/228news.tg\/index.php\/2018\/08\/10\/les-volontaires-nationaux-de-competences-et-leurs-ayants-droits-desormais-couverts-par-linam\/\",\"name\":\"Les volontaires nationaux de comp\u00e9tences et leurs ayants-droits d\u00e9sormais couverts par l'INAM - 228 News\",\"isPartOf\":{\"@id\":\"https:\/\/228news.tg\/#website\"},\"primaryImageOfPage\":{\"@id\":\"https:\/\/228news.tg\/index.php\/2018\/08\/10\/les-volontaires-nationaux-de-competences-et-leurs-ayants-droits-desormais-couverts-par-linam\/#primaryimage\"},\"image\":{\"@id\":\"https:\/\/228news.tg\/index.php\/2018\/08\/10\/les-volontaires-nationaux-de-competences-et-leurs-ayants-droits-desormais-couverts-par-linam\/#primaryimage\"},\"thumbnailUrl\":\"https:\/\/228news.tg\/wp-content\/uploads\/2024\/09\/IMG_20180809_103717.jpg\",\"datePublished\":\"2018-08-10T00:00:00+00:00\",\"breadcrumb\":{\"@id\":\"https:\/\/228news.tg\/index.php\/2018\/08\/10\/les-volontaires-nationaux-de-competences-et-leurs-ayants-droits-desormais-couverts-par-linam\/#breadcrumb\"},\"inLanguage\":\"fr-FR\",\"potentialAction\":[{\"@type\":\"ReadAction\",\"target\":[\"https:\/\/228news.tg\/index.php\/2018\/08\/10\/les-volontaires-nationaux-de-competences-et-leurs-ayants-droits-desormais-couverts-par-linam\/\"]}]},{\"@type\":\"ImageObject\",\"inLanguage\":\"fr-FR\",\"@id\":\"https:\/\/228news.tg\/index.php\/2018\/08\/10\/les-volontaires-nationaux-de-competences-et-leurs-ayants-droits-desormais-couverts-par-linam\/#primaryimage\",\"url\":\"https:\/\/228news.tg\/wp-content\/uploads\/2024\/09\/IMG_20180809_103717.jpg\",\"contentUrl\":\"https:\/\/228news.tg\/wp-content\/uploads\/2024\/09\/IMG_20180809_103717.jpg\",\"width\":2560,\"height\":1920},{\"@type\":\"BreadcrumbList\",\"@id\":\"https:\/\/228news.tg\/index.php\/2018\/08\/10\/les-volontaires-nationaux-de-competences-et-leurs-ayants-droits-desormais-couverts-par-linam\/#breadcrumb\",\"itemListElement\":[{\"@type\":\"ListItem\",\"position\":1,\"name\":\"Home\",\"item\":\"https:\/\/228news.tg\/\"},{\"@type\":\"ListItem\",\"position\":2,\"name\":\"Les volontaires nationaux de comp\u00e9tences et leurs ayants-droits d\u00e9sormais couverts par l&rsquo;INAM\"}]},{\"@type\":\"WebSite\",\"@id\":\"https:\/\/228news.tg\/#website\",\"url\":\"https:\/\/228news.tg\/\",\"name\":\"228 News\",\"description\":\"Soci\u00e9t\u00e9 de m\u00e9dias et d\u2019actualit\u00e9s\",\"publisher\":{\"@id\":\"https:\/\/228news.tg\/#organization\"},\"potentialAction\":[{\"@type\":\"SearchAction\",\"target\":{\"@type\":\"EntryPoint\",\"urlTemplate\":\"https:\/\/228news.tg\/?s={search_term_string}\"},\"query-input\":{\"@type\":\"PropertyValueSpecification\",\"valueRequired\":true,\"valueName\":\"search_term_string\"}}],\"inLanguage\":\"fr-FR\"},{\"@type\":\"Organization\",\"@id\":\"https:\/\/228news.tg\/#organization\",\"name\":\"228 News\",\"url\":\"https:\/\/228news.tg\/\",\"logo\":{\"@type\":\"ImageObject\",\"inLanguage\":\"fr-FR\",\"@id\":\"https:\/\/228news.tg\/#\/schema\/logo\/image\/\",\"url\":\"https:\/\/228news.tg\/wp-content\/uploads\/2024\/09\/logonew.png\",\"contentUrl\":\"https:\/\/228news.tg\/wp-content\/uploads\/2024\/09\/logonew.png\",\"width\":1640,\"height\":364,\"caption\":\"228 News\"},\"image\":{\"@id\":\"https:\/\/228news.tg\/#\/schema\/logo\/image\/\"}},{\"@type\":\"Person\",\"@id\":\"https:\/\/228news.tg\/#\/schema\/person\/68d5a6cc0230290e61235c8379523f52\",\"name\":\"Bienvenu SAVI\",\"image\":{\"@type\":\"ImageObject\",\"inLanguage\":\"fr-FR\",\"@id\":\"https:\/\/228news.tg\/#\/schema\/person\/image\/\",\"url\":\"https:\/\/secure.gravatar.com\/avatar\/9db91895c559e510509c33a3e9683998458e9b828fac36d5d1aa23f0f2fd369b?s=96&d=mm&r=g\",\"contentUrl\":\"https:\/\/secure.gravatar.com\/avatar\/9db91895c559e510509c33a3e9683998458e9b828fac36d5d1aa23f0f2fd369b?s=96&d=mm&r=g\",\"caption\":\"Bienvenu SAVI\"},\"url\":\"https:\/\/228news.tg\/index.php\/author\/bienvenu\/\"}]}<\/script>\n<!-- \/ Yoast SEO plugin. -->","yoast_head_json":{"title":"Les volontaires nationaux de comp\u00e9tences et leurs ayants-droits d\u00e9sormais couverts par l'INAM - 228 News","robots":{"index":"index","follow":"follow","max-snippet":"max-snippet:-1","max-image-preview":"max-image-preview:large","max-video-preview":"max-video-preview:-1"},"canonical":"https:\/\/228news.tg\/index.php\/2018\/08\/10\/les-volontaires-nationaux-de-competences-et-leurs-ayants-droits-desormais-couverts-par-linam\/","og_locale":"fr_FR","og_type":"article","og_title":"Les volontaires nationaux de comp\u00e9tences et leurs ayants-droits d\u00e9sormais couverts par l'INAM - 228 News","og_description":"\u0398228news (Lom\u00e9, le 10 ao\u00fbt 2018)-\u00a0Plus de 3000 volontaires nationaux de comp\u00e9tence ont \u00e9t\u00e9 mis sous le r\u00e9gime de la couverture sanitaire de l&rsquo;Institut National de l&rsquo;Assurance Maladie (INAM). Ceci au terme d&rsquo;une convention de partenariat paraph\u00e9 ce jeudi 09 ao\u00fbt 2018 \u00e0 Lom\u00e9 par la ministre du d\u00e9veloppement \u00e0 la base, de l&rsquo;artisanat, de ... Lire la suite","og_url":"https:\/\/228news.tg\/index.php\/2018\/08\/10\/les-volontaires-nationaux-de-competences-et-leurs-ayants-droits-desormais-couverts-par-linam\/","og_site_name":"228 News","article_published_time":"2018-08-10T00:00:00+00:00","og_image":[{"width":2560,"height":1920,"url":"https:\/\/228news.tg\/wp-content\/uploads\/2024\/09\/IMG_20180809_103717.jpg","type":"image\/jpeg"}],"author":"Bienvenu SAVI","twitter_card":"summary_large_image","twitter_misc":{"\u00c9crit par":"Bienvenu SAVI","Dur\u00e9e de lecture estim\u00e9e":"2 minutes"},"schema":{"@context":"https:\/\/schema.org","@graph":[{"@type":"Article","@id":"https:\/\/228news.tg\/index.php\/2018\/08\/10\/les-volontaires-nationaux-de-competences-et-leurs-ayants-droits-desormais-couverts-par-linam\/#article","isPartOf":{"@id":"https:\/\/228news.tg\/index.php\/2018\/08\/10\/les-volontaires-nationaux-de-competences-et-leurs-ayants-droits-desormais-couverts-par-linam\/"},"author":{"name":"Bienvenu SAVI","@id":"https:\/\/228news.tg\/#\/schema\/person\/68d5a6cc0230290e61235c8379523f52"},"headline":"Les volontaires nationaux de comp\u00e9tences et leurs ayants-droits d\u00e9sormais couverts par l&rsquo;INAM","datePublished":"2018-08-10T00:00:00+00:00","mainEntityOfPage":{"@id":"https:\/\/228news.tg\/index.php\/2018\/08\/10\/les-volontaires-nationaux-de-competences-et-leurs-ayants-droits-desormais-couverts-par-linam\/"},"wordCount":411,"commentCount":0,"publisher":{"@id":"https:\/\/228news.tg\/#organization"},"image":{"@id":"https:\/\/228news.tg\/index.php\/2018\/08\/10\/les-volontaires-nationaux-de-competences-et-leurs-ayants-droits-desormais-couverts-par-linam\/#primaryimage"},"thumbnailUrl":"https:\/\/228news.tg\/wp-content\/uploads\/2024\/09\/IMG_20180809_103717.jpg","articleSection":["DEVELOPPEMENT","Flash","TOGO","Une"],"inLanguage":"fr-FR","potentialAction":[{"@type":"CommentAction","name":"Comment","target":["https:\/\/228news.tg\/index.php\/2018\/08\/10\/les-volontaires-nationaux-de-competences-et-leurs-ayants-droits-desormais-couverts-par-linam\/#respond"]}]},{"@type":"WebPage","@id":"https:\/\/228news.tg\/index.php\/2018\/08\/10\/les-volontaires-nationaux-de-competences-et-leurs-ayants-droits-desormais-couverts-par-linam\/","url":"https:\/\/228news.tg\/index.php\/2018\/08\/10\/les-volontaires-nationaux-de-competences-et-leurs-ayants-droits-desormais-couverts-par-linam\/","name":"Les volontaires nationaux de comp\u00e9tences et leurs ayants-droits d\u00e9sormais couverts par l'INAM - 228 News","isPartOf":{"@id":"https:\/\/228news.tg\/#website"},"primaryImageOfPage":{"@id":"https:\/\/228news.tg\/index.php\/2018\/08\/10\/les-volontaires-nationaux-de-competences-et-leurs-ayants-droits-desormais-couverts-par-linam\/#primaryimage"},"image":{"@id":"https:\/\/228news.tg\/index.php\/2018\/08\/10\/les-volontaires-nationaux-de-competences-et-leurs-ayants-droits-desormais-couverts-par-linam\/#primaryimage"},"thumbnailUrl":"https:\/\/228news.tg\/wp-content\/uploads\/2024\/09\/IMG_20180809_103717.jpg","datePublished":"2018-08-10T00:00:00+00:00","breadcrumb":{"@id":"https:\/\/228news.tg\/index.php\/2018\/08\/10\/les-volontaires-nationaux-de-competences-et-leurs-ayants-droits-desormais-couverts-par-linam\/#breadcrumb"},"inLanguage":"fr-FR","potentialAction":[{"@type":"ReadAction","target":["https:\/\/228news.tg\/index.php\/2018\/08\/10\/les-volontaires-nationaux-de-competences-et-leurs-ayants-droits-desormais-couverts-par-linam\/"]}]},{"@type":"ImageObject","inLanguage":"fr-FR","@id":"https:\/\/228news.tg\/index.php\/2018\/08\/10\/les-volontaires-nationaux-de-competences-et-leurs-ayants-droits-desormais-couverts-par-linam\/#primaryimage","url":"https:\/\/228news.tg\/wp-content\/uploads\/2024\/09\/IMG_20180809_103717.jpg","contentUrl":"https:\/\/228news.tg\/wp-content\/uploads\/2024\/09\/IMG_20180809_103717.jpg","width":2560,"height":1920},{"@type":"BreadcrumbList","@id":"https:\/\/228news.tg\/index.php\/2018\/08\/10\/les-volontaires-nationaux-de-competences-et-leurs-ayants-droits-desormais-couverts-par-linam\/#breadcrumb","itemListElement":[{"@type":"ListItem","position":1,"name":"Home","item":"https:\/\/228news.tg\/"},{"@type":"ListItem","position":2,"name":"Les volontaires nationaux de comp\u00e9tences et leurs ayants-droits d\u00e9sormais couverts par l&rsquo;INAM"}]},{"@type":"WebSite","@id":"https:\/\/228news.tg\/#website","url":"https:\/\/228news.tg\/","name":"228 News","description":"Soci\u00e9t\u00e9 de m\u00e9dias et d\u2019actualit\u00e9s","publisher":{"@id":"https:\/\/228news.tg\/#organization"},"potentialAction":[{"@type":"SearchAction","target":{"@type":"EntryPoint","urlTemplate":"https:\/\/228news.tg\/?s={search_term_string}"},"query-input":{"@type":"PropertyValueSpecification","valueRequired":true,"valueName":"search_term_string"}}],"inLanguage":"fr-FR"},{"@type":"Organization","@id":"https:\/\/228news.tg\/#organization","name":"228 News","url":"https:\/\/228news.tg\/","logo":{"@type":"ImageObject","inLanguage":"fr-FR","@id":"https:\/\/228news.tg\/#\/schema\/logo\/image\/","url":"https:\/\/228news.tg\/wp-content\/uploads\/2024\/09\/logonew.png","contentUrl":"https:\/\/228news.tg\/wp-content\/uploads\/2024\/09\/logonew.png","width":1640,"height":364,"caption":"228 News"},"image":{"@id":"https:\/\/228news.tg\/#\/schema\/logo\/image\/"}},{"@type":"Person","@id":"https:\/\/228news.tg\/#\/schema\/person\/68d5a6cc0230290e61235c8379523f52","name":"Bienvenu SAVI","image":{"@type":"ImageObject","inLanguage":"fr-FR","@id":"https:\/\/228news.tg\/#\/schema\/person\/image\/","url":"https:\/\/secure.gravatar.com\/avatar\/9db91895c559e510509c33a3e9683998458e9b828fac36d5d1aa23f0f2fd369b?s=96&d=mm&r=g","contentUrl":"https:\/\/secure.gravatar.com\/avatar\/9db91895c559e510509c33a3e9683998458e9b828fac36d5d1aa23f0f2fd369b?s=96&d=mm&r=g","caption":"Bienvenu SAVI"},"url":"https:\/\/228news.tg\/index.php\/author\/bienvenu\/"}]}},"jetpack_featured_media_url":"https:\/\/228news.tg\/wp-content\/uploads\/2024\/09\/IMG_20180809_103717.jpg","_links":{"self":[{"href":"https:\/\/228news.tg\/index.php\/wp-json\/wp\/v2\/posts\/1646","targetHints":{"allow":["GET"]}}],"collection":[{"href":"https:\/\/228news.tg\/index.php\/wp-json\/wp\/v2\/posts"}],"about":[{"href":"https:\/\/228news.tg\/index.php\/wp-json\/wp\/v2\/types\/post"}],"author":[{"embeddable":true,"href":"https:\/\/228news.tg\/index.php\/wp-json\/wp\/v2\/users\/2"}],"replies":[{"embeddable":true,"href":"https:\/\/228news.tg\/index.php\/wp-json\/wp\/v2\/comments?post=1646"}],"version-history":[{"count":0,"href":"https:\/\/228news.tg\/index.php\/wp-json\/wp\/v2\/posts\/1646\/revisions"}],"wp:featuredmedia":[{"embeddable":true,"href":"https:\/\/228news.tg\/index.php\/wp-json\/wp\/v2\/media\/1647"}],"wp:attachment":[{"href":"https:\/\/228news.tg\/index.php\/wp-json\/wp\/v2\/media?parent=1646"}],"wp:term":[{"taxonomy":"category","embeddable":true,"href":"https:\/\/228news.tg\/index.php\/wp-json\/wp\/v2\/categories?post=1646"},{"taxonomy":"post_tag","embeddable":true,"href":"https:\/\/228news.tg\/index.php\/wp-json\/wp\/v2\/tags?post=1646"}],"curies":[{"name":"wp","href":"https:\/\/api.w.org\/{rel}","templated":true}]}}