{"id":16423,"date":"2025-09-13T11:37:15","date_gmt":"2025-09-13T11:37:15","guid":{"rendered":"https:\/\/228news.tg\/?p=16423"},"modified":"2025-09-13T11:37:15","modified_gmt":"2025-09-13T11:37:15","slug":"licenciements-a-sunu-bank-togo-les-centrales-syndicales-solidaires-avec-les-victimes","status":"publish","type":"post","link":"https:\/\/228news.tg\/index.php\/2025\/09\/13\/licenciements-a-sunu-bank-togo-les-centrales-syndicales-solidaires-avec-les-victimes\/","title":{"rendered":"Licenciements \u00e0 Sunu Bank Togo : les centrales syndicales solidaires avec les victimes"},"content":{"rendered":"<p>Les principales centrales syndicales du Togo haussent le ton face au licenciement de travailleurs de SUNU Bank Togo dont le secr\u00e9taire g\u00e9n\u00e9ral du Synbank . R\u00e9unies en s\u00e9ance de crise le 11 septembre 2025 au si\u00e8ge du Groupe des Syndicats Autonomes (GSA), elles ont r\u00e9affirm\u00e9 leur soutien aux syndicats du secteur bancaire et des assurances.<\/p>\n<p>Autour de la table, la Conf\u00e9d\u00e9ration G\u00e9n\u00e9rale des Cadres du Togo (CGCT), la Conf\u00e9d\u00e9ration Nationale des Travailleurs du Togo (CNTT), la Conf\u00e9d\u00e9ration Syndicale des Travailleurs du Togo (CSTT), le Groupe des Syndicats Autonomes (GSA), l\u2019Union G\u00e9n\u00e9rale des Syndicats Libres du Togo (UGSL), l\u2019Union Nationale des Syndicats Ind\u00e9pendants du Togo (UNSIT) et la Synergie des Travailleurs du Togo (STT) ont d\u00e9nonc\u00e9 de \u00ab multiples violations de la l\u00e9gislation nationale du travail \u00bb.<\/p>\n<p>Elles expriment dans une d\u00e9claration commune, leur solidarit\u00e9 envers le SYNASSUR et le SYNBANK, dont le secr\u00e9taire g\u00e9n\u00e9ral est directement concern\u00e9 par ces abus. Les organisations syndicales mettent en garde la direction de Sunu Bank Togo contre des \u00ab attitudes susceptibles d\u2019entra\u00eener des situations hautement pr\u00e9judiciables pour le secteur bancaire et assurantiel \u00bb.<\/p>\n<p>Les centrales annoncent \u00e9galement des d\u00e9marches aupr\u00e8s des plus hautes autorit\u00e9s du pays afin de parvenir \u00e0 une solution \u00e9quilibr\u00e9e. Tout en r\u00e9affirmant leur attachement au dialogue social, elles pr\u00e9viennent qu\u2019elles n\u2019h\u00e9siteront pas \u00e0 recourir \u00e0 toute action l\u00e9gale pour d\u00e9fendre les droits des travailleurs.<\/p>\n<p>Enfin, elles appellent l\u2019ensemble des salari\u00e9s togolais \u00e0 rester mobilis\u00e9s et vigilants dans cette lutte syndicale.<\/p>\n<p>228news.<\/p>\n<p>&nbsp;<\/p>\n<p>&nbsp;<\/p>\n<p>&nbsp;<\/p>\n","protected":false},"excerpt":{"rendered":"<p>Les principales centrales syndicales du Togo haussent le ton face au licenciement de travailleurs de SUNU Bank Togo dont le secr\u00e9taire g\u00e9n\u00e9ral du Synbank . R\u00e9unies en s\u00e9ance de crise le 11 septembre 2025 au si\u00e8ge du Groupe des Syndicats Autonomes (GSA), elles ont r\u00e9affirm\u00e9 leur soutien aux syndicats du secteur bancaire et des assurances. &#8230; <a title=\"Licenciements \u00e0 Sunu Bank Togo : les centrales syndicales solidaires avec les victimes\" class=\"read-more\" href=\"https:\/\/228news.tg\/index.php\/2025\/09\/13\/licenciements-a-sunu-bank-togo-les-centrales-syndicales-solidaires-avec-les-victimes\/\" aria-label=\"En savoir plus sur Licenciements \u00e0 Sunu Bank Togo : les centrales syndicales solidaires avec les victimes\">Lire la suite<\/a><\/p>\n","protected":false},"author":2,"featured_media":16424,"comment_status":"open","ping_status":"open","sticky":false,"template":"","format":"standard","meta":{"footnotes":""},"categories":[28,29,25],"tags":[],"class_list":["post-16423","post","type-post","status-publish","format-standard","has-post-thumbnail","hentry","category-education","category-societe","category-togo"],"yoast_head":"<!-- This site is optimized with the Yoast SEO plugin v26.4 - https:\/\/yoast.com\/wordpress\/plugins\/seo\/ -->\n<title>Licenciements \u00e0 Sunu Bank Togo : les centrales syndicales solidaires avec les victimes - 228 News<\/title>\n<meta name=\"robots\" content=\"index, follow, max-snippet:-1, max-image-preview:large, max-video-preview:-1\" \/>\n<link rel=\"canonical\" href=\"https:\/\/228news.tg\/index.php\/2025\/09\/13\/licenciements-a-sunu-bank-togo-les-centrales-syndicales-solidaires-avec-les-victimes\/\" \/>\n<meta property=\"og:locale\" content=\"fr_FR\" \/>\n<meta property=\"og:type\" content=\"article\" \/>\n<meta property=\"og:title\" content=\"Licenciements \u00e0 Sunu Bank Togo : les centrales syndicales solidaires avec les victimes - 228 News\" \/>\n<meta property=\"og:description\" content=\"Les principales centrales syndicales du Togo haussent le ton face au licenciement de travailleurs de SUNU Bank Togo dont le secr\u00e9taire g\u00e9n\u00e9ral du Synbank . R\u00e9unies en s\u00e9ance de crise le 11 septembre 2025 au si\u00e8ge du Groupe des Syndicats Autonomes (GSA), elles ont r\u00e9affirm\u00e9 leur soutien aux syndicats du secteur bancaire et des assurances. ... Lire la suite\" \/>\n<meta property=\"og:url\" content=\"https:\/\/228news.tg\/index.php\/2025\/09\/13\/licenciements-a-sunu-bank-togo-les-centrales-syndicales-solidaires-avec-les-victimes\/\" \/>\n<meta property=\"og:site_name\" content=\"228 News\" \/>\n<meta property=\"article:published_time\" content=\"2025-09-13T11:37:15+00:00\" \/>\n<meta property=\"og:image\" content=\"https:\/\/228news.tg\/wp-content\/uploads\/2025\/09\/IMG-20250825-WA0275.jpg\" \/>\n\t<meta property=\"og:image:width\" content=\"800\" \/>\n\t<meta property=\"og:image:height\" content=\"455\" \/>\n\t<meta property=\"og:image:type\" content=\"image\/jpeg\" \/>\n<meta name=\"author\" content=\"Bienvenu SAVI\" \/>\n<meta name=\"twitter:card\" content=\"summary_large_image\" \/>\n<meta name=\"twitter:label1\" content=\"\u00c9crit par\" \/>\n\t<meta name=\"twitter:data1\" content=\"Bienvenu SAVI\" \/>\n\t<meta name=\"twitter:label2\" content=\"Dur\u00e9e de lecture estim\u00e9e\" \/>\n\t<meta name=\"twitter:data2\" content=\"2 minutes\" \/>\n<script type=\"application\/ld+json\" class=\"yoast-schema-graph\">{\"@context\":\"https:\/\/schema.org\",\"@graph\":[{\"@type\":\"Article\",\"@id\":\"https:\/\/228news.tg\/index.php\/2025\/09\/13\/licenciements-a-sunu-bank-togo-les-centrales-syndicales-solidaires-avec-les-victimes\/#article\",\"isPartOf\":{\"@id\":\"https:\/\/228news.tg\/index.php\/2025\/09\/13\/licenciements-a-sunu-bank-togo-les-centrales-syndicales-solidaires-avec-les-victimes\/\"},\"author\":{\"name\":\"Bienvenu SAVI\",\"@id\":\"https:\/\/228news.tg\/#\/schema\/person\/68d5a6cc0230290e61235c8379523f52\"},\"headline\":\"Licenciements \u00e0 Sunu Bank Togo : les centrales syndicales solidaires avec les victimes\",\"datePublished\":\"2025-09-13T11:37:15+00:00\",\"mainEntityOfPage\":{\"@id\":\"https:\/\/228news.tg\/index.php\/2025\/09\/13\/licenciements-a-sunu-bank-togo-les-centrales-syndicales-solidaires-avec-les-victimes\/\"},\"wordCount\":287,\"commentCount\":0,\"publisher\":{\"@id\":\"https:\/\/228news.tg\/#organization\"},\"image\":{\"@id\":\"https:\/\/228news.tg\/index.php\/2025\/09\/13\/licenciements-a-sunu-bank-togo-les-centrales-syndicales-solidaires-avec-les-victimes\/#primaryimage\"},\"thumbnailUrl\":\"https:\/\/228news.tg\/wp-content\/uploads\/2025\/09\/IMG-20250825-WA0275.jpg\",\"articleSection\":[\"EDUCATION\",\"SOCIETE\",\"TOGO\"],\"inLanguage\":\"fr-FR\",\"potentialAction\":[{\"@type\":\"CommentAction\",\"name\":\"Comment\",\"target\":[\"https:\/\/228news.tg\/index.php\/2025\/09\/13\/licenciements-a-sunu-bank-togo-les-centrales-syndicales-solidaires-avec-les-victimes\/#respond\"]}]},{\"@type\":\"WebPage\",\"@id\":\"https:\/\/228news.tg\/index.php\/2025\/09\/13\/licenciements-a-sunu-bank-togo-les-centrales-syndicales-solidaires-avec-les-victimes\/\",\"url\":\"https:\/\/228news.tg\/index.php\/2025\/09\/13\/licenciements-a-sunu-bank-togo-les-centrales-syndicales-solidaires-avec-les-victimes\/\",\"name\":\"Licenciements \u00e0 Sunu Bank Togo : les centrales syndicales solidaires avec les victimes - 228 News\",\"isPartOf\":{\"@id\":\"https:\/\/228news.tg\/#website\"},\"primaryImageOfPage\":{\"@id\":\"https:\/\/228news.tg\/index.php\/2025\/09\/13\/licenciements-a-sunu-bank-togo-les-centrales-syndicales-solidaires-avec-les-victimes\/#primaryimage\"},\"image\":{\"@id\":\"https:\/\/228news.tg\/index.php\/2025\/09\/13\/licenciements-a-sunu-bank-togo-les-centrales-syndicales-solidaires-avec-les-victimes\/#primaryimage\"},\"thumbnailUrl\":\"https:\/\/228news.tg\/wp-content\/uploads\/2025\/09\/IMG-20250825-WA0275.jpg\",\"datePublished\":\"2025-09-13T11:37:15+00:00\",\"breadcrumb\":{\"@id\":\"https:\/\/228news.tg\/index.php\/2025\/09\/13\/licenciements-a-sunu-bank-togo-les-centrales-syndicales-solidaires-avec-les-victimes\/#breadcrumb\"},\"inLanguage\":\"fr-FR\",\"potentialAction\":[{\"@type\":\"ReadAction\",\"target\":[\"https:\/\/228news.tg\/index.php\/2025\/09\/13\/licenciements-a-sunu-bank-togo-les-centrales-syndicales-solidaires-avec-les-victimes\/\"]}]},{\"@type\":\"ImageObject\",\"inLanguage\":\"fr-FR\",\"@id\":\"https:\/\/228news.tg\/index.php\/2025\/09\/13\/licenciements-a-sunu-bank-togo-les-centrales-syndicales-solidaires-avec-les-victimes\/#primaryimage\",\"url\":\"https:\/\/228news.tg\/wp-content\/uploads\/2025\/09\/IMG-20250825-WA0275.jpg\",\"contentUrl\":\"https:\/\/228news.tg\/wp-content\/uploads\/2025\/09\/IMG-20250825-WA0275.jpg\",\"width\":800,\"height\":455},{\"@type\":\"BreadcrumbList\",\"@id\":\"https:\/\/228news.tg\/index.php\/2025\/09\/13\/licenciements-a-sunu-bank-togo-les-centrales-syndicales-solidaires-avec-les-victimes\/#breadcrumb\",\"itemListElement\":[{\"@type\":\"ListItem\",\"position\":1,\"name\":\"Home\",\"item\":\"https:\/\/228news.tg\/\"},{\"@type\":\"ListItem\",\"position\":2,\"name\":\"Licenciements \u00e0 Sunu Bank Togo : les centrales syndicales solidaires avec les victimes\"}]},{\"@type\":\"WebSite\",\"@id\":\"https:\/\/228news.tg\/#website\",\"url\":\"https:\/\/228news.tg\/\",\"name\":\"228 News\",\"description\":\"Soci\u00e9t\u00e9 de m\u00e9dias et d\u2019actualit\u00e9s\",\"publisher\":{\"@id\":\"https:\/\/228news.tg\/#organization\"},\"potentialAction\":[{\"@type\":\"SearchAction\",\"target\":{\"@type\":\"EntryPoint\",\"urlTemplate\":\"https:\/\/228news.tg\/?s={search_term_string}\"},\"query-input\":{\"@type\":\"PropertyValueSpecification\",\"valueRequired\":true,\"valueName\":\"search_term_string\"}}],\"inLanguage\":\"fr-FR\"},{\"@type\":\"Organization\",\"@id\":\"https:\/\/228news.tg\/#organization\",\"name\":\"228 News\",\"url\":\"https:\/\/228news.tg\/\",\"logo\":{\"@type\":\"ImageObject\",\"inLanguage\":\"fr-FR\",\"@id\":\"https:\/\/228news.tg\/#\/schema\/logo\/image\/\",\"url\":\"https:\/\/228news.tg\/wp-content\/uploads\/2024\/09\/logonew.png\",\"contentUrl\":\"https:\/\/228news.tg\/wp-content\/uploads\/2024\/09\/logonew.png\",\"width\":1640,\"height\":364,\"caption\":\"228 News\"},\"image\":{\"@id\":\"https:\/\/228news.tg\/#\/schema\/logo\/image\/\"}},{\"@type\":\"Person\",\"@id\":\"https:\/\/228news.tg\/#\/schema\/person\/68d5a6cc0230290e61235c8379523f52\",\"name\":\"Bienvenu SAVI\",\"image\":{\"@type\":\"ImageObject\",\"inLanguage\":\"fr-FR\",\"@id\":\"https:\/\/228news.tg\/#\/schema\/person\/image\/\",\"url\":\"https:\/\/secure.gravatar.com\/avatar\/9db91895c559e510509c33a3e9683998458e9b828fac36d5d1aa23f0f2fd369b?s=96&d=mm&r=g\",\"contentUrl\":\"https:\/\/secure.gravatar.com\/avatar\/9db91895c559e510509c33a3e9683998458e9b828fac36d5d1aa23f0f2fd369b?s=96&d=mm&r=g\",\"caption\":\"Bienvenu SAVI\"},\"url\":\"https:\/\/228news.tg\/index.php\/author\/bienvenu\/\"}]}<\/script>\n<!-- \/ Yoast SEO plugin. -->","yoast_head_json":{"title":"Licenciements \u00e0 Sunu Bank Togo : les centrales syndicales solidaires avec les victimes - 228 News","robots":{"index":"index","follow":"follow","max-snippet":"max-snippet:-1","max-image-preview":"max-image-preview:large","max-video-preview":"max-video-preview:-1"},"canonical":"https:\/\/228news.tg\/index.php\/2025\/09\/13\/licenciements-a-sunu-bank-togo-les-centrales-syndicales-solidaires-avec-les-victimes\/","og_locale":"fr_FR","og_type":"article","og_title":"Licenciements \u00e0 Sunu Bank Togo : les centrales syndicales solidaires avec les victimes - 228 News","og_description":"Les principales centrales syndicales du Togo haussent le ton face au licenciement de travailleurs de SUNU Bank Togo dont le secr\u00e9taire g\u00e9n\u00e9ral du Synbank . R\u00e9unies en s\u00e9ance de crise le 11 septembre 2025 au si\u00e8ge du Groupe des Syndicats Autonomes (GSA), elles ont r\u00e9affirm\u00e9 leur soutien aux syndicats du secteur bancaire et des assurances. ... Lire la suite","og_url":"https:\/\/228news.tg\/index.php\/2025\/09\/13\/licenciements-a-sunu-bank-togo-les-centrales-syndicales-solidaires-avec-les-victimes\/","og_site_name":"228 News","article_published_time":"2025-09-13T11:37:15+00:00","og_image":[{"width":800,"height":455,"url":"https:\/\/228news.tg\/wp-content\/uploads\/2025\/09\/IMG-20250825-WA0275.jpg","type":"image\/jpeg"}],"author":"Bienvenu SAVI","twitter_card":"summary_large_image","twitter_misc":{"\u00c9crit par":"Bienvenu SAVI","Dur\u00e9e de lecture estim\u00e9e":"2 minutes"},"schema":{"@context":"https:\/\/schema.org","@graph":[{"@type":"Article","@id":"https:\/\/228news.tg\/index.php\/2025\/09\/13\/licenciements-a-sunu-bank-togo-les-centrales-syndicales-solidaires-avec-les-victimes\/#article","isPartOf":{"@id":"https:\/\/228news.tg\/index.php\/2025\/09\/13\/licenciements-a-sunu-bank-togo-les-centrales-syndicales-solidaires-avec-les-victimes\/"},"author":{"name":"Bienvenu SAVI","@id":"https:\/\/228news.tg\/#\/schema\/person\/68d5a6cc0230290e61235c8379523f52"},"headline":"Licenciements \u00e0 Sunu Bank Togo : les centrales syndicales solidaires avec les victimes","datePublished":"2025-09-13T11:37:15+00:00","mainEntityOfPage":{"@id":"https:\/\/228news.tg\/index.php\/2025\/09\/13\/licenciements-a-sunu-bank-togo-les-centrales-syndicales-solidaires-avec-les-victimes\/"},"wordCount":287,"commentCount":0,"publisher":{"@id":"https:\/\/228news.tg\/#organization"},"image":{"@id":"https:\/\/228news.tg\/index.php\/2025\/09\/13\/licenciements-a-sunu-bank-togo-les-centrales-syndicales-solidaires-avec-les-victimes\/#primaryimage"},"thumbnailUrl":"https:\/\/228news.tg\/wp-content\/uploads\/2025\/09\/IMG-20250825-WA0275.jpg","articleSection":["EDUCATION","SOCIETE","TOGO"],"inLanguage":"fr-FR","potentialAction":[{"@type":"CommentAction","name":"Comment","target":["https:\/\/228news.tg\/index.php\/2025\/09\/13\/licenciements-a-sunu-bank-togo-les-centrales-syndicales-solidaires-avec-les-victimes\/#respond"]}]},{"@type":"WebPage","@id":"https:\/\/228news.tg\/index.php\/2025\/09\/13\/licenciements-a-sunu-bank-togo-les-centrales-syndicales-solidaires-avec-les-victimes\/","url":"https:\/\/228news.tg\/index.php\/2025\/09\/13\/licenciements-a-sunu-bank-togo-les-centrales-syndicales-solidaires-avec-les-victimes\/","name":"Licenciements \u00e0 Sunu Bank Togo : les centrales syndicales solidaires avec les victimes - 228 News","isPartOf":{"@id":"https:\/\/228news.tg\/#website"},"primaryImageOfPage":{"@id":"https:\/\/228news.tg\/index.php\/2025\/09\/13\/licenciements-a-sunu-bank-togo-les-centrales-syndicales-solidaires-avec-les-victimes\/#primaryimage"},"image":{"@id":"https:\/\/228news.tg\/index.php\/2025\/09\/13\/licenciements-a-sunu-bank-togo-les-centrales-syndicales-solidaires-avec-les-victimes\/#primaryimage"},"thumbnailUrl":"https:\/\/228news.tg\/wp-content\/uploads\/2025\/09\/IMG-20250825-WA0275.jpg","datePublished":"2025-09-13T11:37:15+00:00","breadcrumb":{"@id":"https:\/\/228news.tg\/index.php\/2025\/09\/13\/licenciements-a-sunu-bank-togo-les-centrales-syndicales-solidaires-avec-les-victimes\/#breadcrumb"},"inLanguage":"fr-FR","potentialAction":[{"@type":"ReadAction","target":["https:\/\/228news.tg\/index.php\/2025\/09\/13\/licenciements-a-sunu-bank-togo-les-centrales-syndicales-solidaires-avec-les-victimes\/"]}]},{"@type":"ImageObject","inLanguage":"fr-FR","@id":"https:\/\/228news.tg\/index.php\/2025\/09\/13\/licenciements-a-sunu-bank-togo-les-centrales-syndicales-solidaires-avec-les-victimes\/#primaryimage","url":"https:\/\/228news.tg\/wp-content\/uploads\/2025\/09\/IMG-20250825-WA0275.jpg","contentUrl":"https:\/\/228news.tg\/wp-content\/uploads\/2025\/09\/IMG-20250825-WA0275.jpg","width":800,"height":455},{"@type":"BreadcrumbList","@id":"https:\/\/228news.tg\/index.php\/2025\/09\/13\/licenciements-a-sunu-bank-togo-les-centrales-syndicales-solidaires-avec-les-victimes\/#breadcrumb","itemListElement":[{"@type":"ListItem","position":1,"name":"Home","item":"https:\/\/228news.tg\/"},{"@type":"ListItem","position":2,"name":"Licenciements \u00e0 Sunu Bank Togo : les centrales syndicales solidaires avec les victimes"}]},{"@type":"WebSite","@id":"https:\/\/228news.tg\/#website","url":"https:\/\/228news.tg\/","name":"228 News","description":"Soci\u00e9t\u00e9 de m\u00e9dias et d\u2019actualit\u00e9s","publisher":{"@id":"https:\/\/228news.tg\/#organization"},"potentialAction":[{"@type":"SearchAction","target":{"@type":"EntryPoint","urlTemplate":"https:\/\/228news.tg\/?s={search_term_string}"},"query-input":{"@type":"PropertyValueSpecification","valueRequired":true,"valueName":"search_term_string"}}],"inLanguage":"fr-FR"},{"@type":"Organization","@id":"https:\/\/228news.tg\/#organization","name":"228 News","url":"https:\/\/228news.tg\/","logo":{"@type":"ImageObject","inLanguage":"fr-FR","@id":"https:\/\/228news.tg\/#\/schema\/logo\/image\/","url":"https:\/\/228news.tg\/wp-content\/uploads\/2024\/09\/logonew.png","contentUrl":"https:\/\/228news.tg\/wp-content\/uploads\/2024\/09\/logonew.png","width":1640,"height":364,"caption":"228 News"},"image":{"@id":"https:\/\/228news.tg\/#\/schema\/logo\/image\/"}},{"@type":"Person","@id":"https:\/\/228news.tg\/#\/schema\/person\/68d5a6cc0230290e61235c8379523f52","name":"Bienvenu SAVI","image":{"@type":"ImageObject","inLanguage":"fr-FR","@id":"https:\/\/228news.tg\/#\/schema\/person\/image\/","url":"https:\/\/secure.gravatar.com\/avatar\/9db91895c559e510509c33a3e9683998458e9b828fac36d5d1aa23f0f2fd369b?s=96&d=mm&r=g","contentUrl":"https:\/\/secure.gravatar.com\/avatar\/9db91895c559e510509c33a3e9683998458e9b828fac36d5d1aa23f0f2fd369b?s=96&d=mm&r=g","caption":"Bienvenu SAVI"},"url":"https:\/\/228news.tg\/index.php\/author\/bienvenu\/"}]}},"jetpack_featured_media_url":"https:\/\/228news.tg\/wp-content\/uploads\/2025\/09\/IMG-20250825-WA0275.jpg","_links":{"self":[{"href":"https:\/\/228news.tg\/index.php\/wp-json\/wp\/v2\/posts\/16423","targetHints":{"allow":["GET"]}}],"collection":[{"href":"https:\/\/228news.tg\/index.php\/wp-json\/wp\/v2\/posts"}],"about":[{"href":"https:\/\/228news.tg\/index.php\/wp-json\/wp\/v2\/types\/post"}],"author":[{"embeddable":true,"href":"https:\/\/228news.tg\/index.php\/wp-json\/wp\/v2\/users\/2"}],"replies":[{"embeddable":true,"href":"https:\/\/228news.tg\/index.php\/wp-json\/wp\/v2\/comments?post=16423"}],"version-history":[{"count":1,"href":"https:\/\/228news.tg\/index.php\/wp-json\/wp\/v2\/posts\/16423\/revisions"}],"predecessor-version":[{"id":16425,"href":"https:\/\/228news.tg\/index.php\/wp-json\/wp\/v2\/posts\/16423\/revisions\/16425"}],"wp:featuredmedia":[{"embeddable":true,"href":"https:\/\/228news.tg\/index.php\/wp-json\/wp\/v2\/media\/16424"}],"wp:attachment":[{"href":"https:\/\/228news.tg\/index.php\/wp-json\/wp\/v2\/media?parent=16423"}],"wp:term":[{"taxonomy":"category","embeddable":true,"href":"https:\/\/228news.tg\/index.php\/wp-json\/wp\/v2\/categories?post=16423"},{"taxonomy":"post_tag","embeddable":true,"href":"https:\/\/228news.tg\/index.php\/wp-json\/wp\/v2\/tags?post=16423"}],"curies":[{"name":"wp","href":"https:\/\/api.w.org\/{rel}","templated":true}]}}