{"id":16276,"date":"2025-06-27T10:17:17","date_gmt":"2025-06-27T10:17:17","guid":{"rendered":"https:\/\/228news.tg\/?p=16276"},"modified":"2025-06-27T10:17:17","modified_gmt":"2025-06-27T10:17:17","slug":"manifestations-politiques-adakpame-lanklivi-a-souffle-sur-la-breche","status":"publish","type":"post","link":"https:\/\/228news.tg\/index.php\/2025\/06\/27\/manifestations-politiques-adakpame-lanklivi-a-souffle-sur-la-breche\/","title":{"rendered":"Manifestations politiques\/ Adakpam\u00e9 : Lanklivi a souffl\u00e9 sur la br\u00e8che"},"content":{"rendered":"<p>Malgr\u00e9 les interdictions contest\u00e9es et juridiquement infond\u00e9es de Togbui LANKLIVI, la jeunesse du quartier d\u2019Adakpam\u00e9 a massivement investi les rues ce jeudi 26 juin pour exprimer sa col\u00e8re contre la gouvernance chaotique et r\u00e9clamer un retour imm\u00e9diat \u00e0 l\u2019ordre constitutionnel.<\/p>\n<p>D\u00e8s l\u2019aube, les jeunes d\u2019Adakpam\u00e9 et B\u00e8, bastion historique de la lutte d\u00e9mocratique , ont dress\u00e9 des barricades sur plusieurs art\u00e8res strat\u00e9giques. L\u2019ambiance \u00e9tait tendue mais r\u00e9solument pacifique. Les slogans scand\u00e9s appelaient \u00e0 la d\u00e9mission du r\u00e9gime de Lom\u00e9 2, la d\u00e9nonciation de la d\u00e9rive autoritaire et la r\u00e9pression syst\u00e9matique des libert\u00e9s fondamentales.<\/p>\n<p>La tentative d\u2019interdiction des manifestations par Togbui LANKLIVI, chef quartier d\u2019Adakpam\u00e9 colas, n\u2019a eu aucune prise sur la d\u00e9termination des jeunes, bien d\u00e9cid\u00e9s \u00e0 faire entendre leur voix. Cette prise de position est per\u00e7ue comme un alignement inacceptable sur les m\u00e9thodes du pouvoir central, alors m\u00eame qu\u2019aucune disposition l\u00e9gale ne donne \u00e0 un chef traditionnel la comp\u00e9tence d\u2019interdire des manifestations publiques au Togo .<\/p>\n<p><strong>Adakpam\u00e9 et B\u00e8, \u00e9picentres de la contestation <\/strong><\/p>\n<p>Les deux quartiers se sont transform\u00e9s en v\u00e9ritables foyers de mobilisation. Des barricades ont \u00e9t\u00e9 \u00e9rig\u00e9es dans les rues, et les forces de d\u00e9fense et de s\u00e9curit\u00e9, d\u00e9ploy\u00e9es massivement, ont fait face \u00e0 une r\u00e9sistance farouche mais non violente des manifestants. Des accrochages ont \u00e9t\u00e9 signal\u00e9s \u00e0 plusieurs endroits de la zone mais les jeunes sont rest\u00e9s debout malgr\u00e9 les tirs de gaz lacrymog\u00e8nes et les tentatives de dispersion.<\/p>\n<p>Cette mobilisation marque un revers cinglant pour Togbui LANKLIVI, dont les r\u00e9cents positionnements sont per\u00e7us comme une provocation . Le chef coutumier avait mis\u00e9 sur l\u2019argent et l\u2019intimidation pour contenir la contestation, croyant pouvoir dissuader la jeunesse d\u2019exercer son droit constitutionnel \u00e0 manifester. Un pari manifestement perdu.<\/p>\n<p><strong>Un message clair au pouvoir <\/strong><\/p>\n<p>En d\u00e9fiant les interdits, la jeunesse d\u2019Adakpam\u00e9 et de B\u00e8 envoie un signal fort. Les intimidations et les tentatives d\u2019instrumentalisation des chefs traditionnels et celles du pouvoir ne suffisent plus. Le peuple r\u00e9clame des r\u00e9ponses, des r\u00e9formes, et surtout, le respect des principes d\u00e9mocratiques. Le courage citoyen a triomph\u00e9 des man\u0153uvres d\u2019intimidation. Une date qui confirme la mont\u00e9e en puissance d\u2019une jeunesse togolaise plus que jamais d\u00e9cid\u00e9e \u00e0 peser dans le destin de son pays. Togbui LANKLIVI a donc souffl\u00e9 sur la br\u00e8che, mais le vent de la libert\u00e9 semble d\u00e9sormais hors de contr\u00f4le.<\/p>\n<p>228news.<\/p>\n<p>&nbsp;<\/p>\n<p>&nbsp;<\/p>\n<p>&nbsp;<\/p>\n<p>&nbsp;<\/p>\n<p>&nbsp;<\/p>\n<p>&nbsp;<\/p>\n<p>&nbsp;<\/p>\n","protected":false},"excerpt":{"rendered":"<p>Malgr\u00e9 les interdictions contest\u00e9es et juridiquement infond\u00e9es de Togbui LANKLIVI, la jeunesse du quartier d\u2019Adakpam\u00e9 a massivement investi les rues ce jeudi 26 juin pour exprimer sa col\u00e8re contre la gouvernance chaotique et r\u00e9clamer un retour imm\u00e9diat \u00e0 l\u2019ordre constitutionnel. D\u00e8s l\u2019aube, les jeunes d\u2019Adakpam\u00e9 et B\u00e8, bastion historique de la lutte d\u00e9mocratique , ont &#8230; <a title=\"Manifestations politiques\/ Adakpam\u00e9 : Lanklivi a souffl\u00e9 sur la br\u00e8che\" class=\"read-more\" href=\"https:\/\/228news.tg\/index.php\/2025\/06\/27\/manifestations-politiques-adakpame-lanklivi-a-souffle-sur-la-breche\/\" aria-label=\"En savoir plus sur Manifestations politiques\/ Adakpam\u00e9 : Lanklivi a souffl\u00e9 sur la br\u00e8che\">Lire la suite<\/a><\/p>\n","protected":false},"author":2,"featured_media":16277,"comment_status":"open","ping_status":"open","sticky":false,"template":"","format":"standard","meta":{"footnotes":""},"categories":[33,29],"tags":[],"class_list":["post-16276","post","type-post","status-publish","format-standard","has-post-thumbnail","hentry","category-politique","category-societe"],"yoast_head":"<!-- This site is optimized with the Yoast SEO plugin v26.4 - https:\/\/yoast.com\/wordpress\/plugins\/seo\/ -->\n<title>Manifestations politiques\/ Adakpam\u00e9 : Lanklivi a souffl\u00e9 sur la br\u00e8che - 228 News<\/title>\n<meta name=\"robots\" content=\"index, follow, max-snippet:-1, max-image-preview:large, max-video-preview:-1\" \/>\n<link rel=\"canonical\" href=\"https:\/\/228news.tg\/index.php\/2025\/06\/27\/manifestations-politiques-adakpame-lanklivi-a-souffle-sur-la-breche\/\" \/>\n<meta property=\"og:locale\" content=\"fr_FR\" \/>\n<meta property=\"og:type\" content=\"article\" \/>\n<meta property=\"og:title\" content=\"Manifestations politiques\/ Adakpam\u00e9 : Lanklivi a souffl\u00e9 sur la br\u00e8che - 228 News\" \/>\n<meta property=\"og:description\" content=\"Malgr\u00e9 les interdictions contest\u00e9es et juridiquement infond\u00e9es de Togbui LANKLIVI, la jeunesse du quartier d\u2019Adakpam\u00e9 a massivement investi les rues ce jeudi 26 juin pour exprimer sa col\u00e8re contre la gouvernance chaotique et r\u00e9clamer un retour imm\u00e9diat \u00e0 l\u2019ordre constitutionnel. D\u00e8s l\u2019aube, les jeunes d\u2019Adakpam\u00e9 et B\u00e8, bastion historique de la lutte d\u00e9mocratique , ont ... Lire la suite\" \/>\n<meta property=\"og:url\" content=\"https:\/\/228news.tg\/index.php\/2025\/06\/27\/manifestations-politiques-adakpame-lanklivi-a-souffle-sur-la-breche\/\" \/>\n<meta property=\"og:site_name\" content=\"228 News\" \/>\n<meta property=\"article:published_time\" content=\"2025-06-27T10:17:17+00:00\" \/>\n<meta property=\"og:image\" content=\"https:\/\/228news.tg\/wp-content\/uploads\/2025\/06\/2017-10-18t162046z_2122714663_rc1ae4d65b10_rtrmadp_3_togo-protests_0.jpg\" \/>\n\t<meta property=\"og:image:width\" content=\"980\" \/>\n\t<meta property=\"og:image:height\" content=\"551\" \/>\n\t<meta property=\"og:image:type\" content=\"image\/jpeg\" \/>\n<meta name=\"author\" content=\"Bienvenu SAVI\" \/>\n<meta name=\"twitter:card\" content=\"summary_large_image\" \/>\n<meta name=\"twitter:label1\" content=\"\u00c9crit par\" \/>\n\t<meta name=\"twitter:data1\" content=\"Bienvenu SAVI\" \/>\n\t<meta name=\"twitter:label2\" content=\"Dur\u00e9e de lecture estim\u00e9e\" \/>\n\t<meta name=\"twitter:data2\" content=\"3 minutes\" \/>\n<script type=\"application\/ld+json\" class=\"yoast-schema-graph\">{\"@context\":\"https:\/\/schema.org\",\"@graph\":[{\"@type\":\"Article\",\"@id\":\"https:\/\/228news.tg\/index.php\/2025\/06\/27\/manifestations-politiques-adakpame-lanklivi-a-souffle-sur-la-breche\/#article\",\"isPartOf\":{\"@id\":\"https:\/\/228news.tg\/index.php\/2025\/06\/27\/manifestations-politiques-adakpame-lanklivi-a-souffle-sur-la-breche\/\"},\"author\":{\"name\":\"Bienvenu SAVI\",\"@id\":\"https:\/\/228news.tg\/#\/schema\/person\/68d5a6cc0230290e61235c8379523f52\"},\"headline\":\"Manifestations politiques\/ Adakpam\u00e9 : Lanklivi a souffl\u00e9 sur la br\u00e8che\",\"datePublished\":\"2025-06-27T10:17:17+00:00\",\"mainEntityOfPage\":{\"@id\":\"https:\/\/228news.tg\/index.php\/2025\/06\/27\/manifestations-politiques-adakpame-lanklivi-a-souffle-sur-la-breche\/\"},\"wordCount\":452,\"commentCount\":0,\"publisher\":{\"@id\":\"https:\/\/228news.tg\/#organization\"},\"image\":{\"@id\":\"https:\/\/228news.tg\/index.php\/2025\/06\/27\/manifestations-politiques-adakpame-lanklivi-a-souffle-sur-la-breche\/#primaryimage\"},\"thumbnailUrl\":\"https:\/\/228news.tg\/wp-content\/uploads\/2025\/06\/2017-10-18t162046z_2122714663_rc1ae4d65b10_rtrmadp_3_togo-protests_0.jpg\",\"articleSection\":[\"POLITIQUE\",\"SOCIETE\"],\"inLanguage\":\"fr-FR\",\"potentialAction\":[{\"@type\":\"CommentAction\",\"name\":\"Comment\",\"target\":[\"https:\/\/228news.tg\/index.php\/2025\/06\/27\/manifestations-politiques-adakpame-lanklivi-a-souffle-sur-la-breche\/#respond\"]}]},{\"@type\":\"WebPage\",\"@id\":\"https:\/\/228news.tg\/index.php\/2025\/06\/27\/manifestations-politiques-adakpame-lanklivi-a-souffle-sur-la-breche\/\",\"url\":\"https:\/\/228news.tg\/index.php\/2025\/06\/27\/manifestations-politiques-adakpame-lanklivi-a-souffle-sur-la-breche\/\",\"name\":\"Manifestations politiques\/ Adakpam\u00e9 : Lanklivi a souffl\u00e9 sur la br\u00e8che - 228 News\",\"isPartOf\":{\"@id\":\"https:\/\/228news.tg\/#website\"},\"primaryImageOfPage\":{\"@id\":\"https:\/\/228news.tg\/index.php\/2025\/06\/27\/manifestations-politiques-adakpame-lanklivi-a-souffle-sur-la-breche\/#primaryimage\"},\"image\":{\"@id\":\"https:\/\/228news.tg\/index.php\/2025\/06\/27\/manifestations-politiques-adakpame-lanklivi-a-souffle-sur-la-breche\/#primaryimage\"},\"thumbnailUrl\":\"https:\/\/228news.tg\/wp-content\/uploads\/2025\/06\/2017-10-18t162046z_2122714663_rc1ae4d65b10_rtrmadp_3_togo-protests_0.jpg\",\"datePublished\":\"2025-06-27T10:17:17+00:00\",\"breadcrumb\":{\"@id\":\"https:\/\/228news.tg\/index.php\/2025\/06\/27\/manifestations-politiques-adakpame-lanklivi-a-souffle-sur-la-breche\/#breadcrumb\"},\"inLanguage\":\"fr-FR\",\"potentialAction\":[{\"@type\":\"ReadAction\",\"target\":[\"https:\/\/228news.tg\/index.php\/2025\/06\/27\/manifestations-politiques-adakpame-lanklivi-a-souffle-sur-la-breche\/\"]}]},{\"@type\":\"ImageObject\",\"inLanguage\":\"fr-FR\",\"@id\":\"https:\/\/228news.tg\/index.php\/2025\/06\/27\/manifestations-politiques-adakpame-lanklivi-a-souffle-sur-la-breche\/#primaryimage\",\"url\":\"https:\/\/228news.tg\/wp-content\/uploads\/2025\/06\/2017-10-18t162046z_2122714663_rc1ae4d65b10_rtrmadp_3_togo-protests_0.jpg\",\"contentUrl\":\"https:\/\/228news.tg\/wp-content\/uploads\/2025\/06\/2017-10-18t162046z_2122714663_rc1ae4d65b10_rtrmadp_3_togo-protests_0.jpg\",\"width\":980,\"height\":551,\"caption\":\"A still image taken from a video shot on October 18, 2017, shows protesters walking past burning tyres in Lome, Togo October 18, 2017. REUTERS\/via Reuters TV\"},{\"@type\":\"BreadcrumbList\",\"@id\":\"https:\/\/228news.tg\/index.php\/2025\/06\/27\/manifestations-politiques-adakpame-lanklivi-a-souffle-sur-la-breche\/#breadcrumb\",\"itemListElement\":[{\"@type\":\"ListItem\",\"position\":1,\"name\":\"Home\",\"item\":\"https:\/\/228news.tg\/\"},{\"@type\":\"ListItem\",\"position\":2,\"name\":\"Manifestations politiques\/ Adakpam\u00e9 : Lanklivi a souffl\u00e9 sur la br\u00e8che\"}]},{\"@type\":\"WebSite\",\"@id\":\"https:\/\/228news.tg\/#website\",\"url\":\"https:\/\/228news.tg\/\",\"name\":\"228 News\",\"description\":\"Soci\u00e9t\u00e9 de m\u00e9dias et d\u2019actualit\u00e9s\",\"publisher\":{\"@id\":\"https:\/\/228news.tg\/#organization\"},\"potentialAction\":[{\"@type\":\"SearchAction\",\"target\":{\"@type\":\"EntryPoint\",\"urlTemplate\":\"https:\/\/228news.tg\/?s={search_term_string}\"},\"query-input\":{\"@type\":\"PropertyValueSpecification\",\"valueRequired\":true,\"valueName\":\"search_term_string\"}}],\"inLanguage\":\"fr-FR\"},{\"@type\":\"Organization\",\"@id\":\"https:\/\/228news.tg\/#organization\",\"name\":\"228 News\",\"url\":\"https:\/\/228news.tg\/\",\"logo\":{\"@type\":\"ImageObject\",\"inLanguage\":\"fr-FR\",\"@id\":\"https:\/\/228news.tg\/#\/schema\/logo\/image\/\",\"url\":\"https:\/\/228news.tg\/wp-content\/uploads\/2024\/09\/logonew.png\",\"contentUrl\":\"https:\/\/228news.tg\/wp-content\/uploads\/2024\/09\/logonew.png\",\"width\":1640,\"height\":364,\"caption\":\"228 News\"},\"image\":{\"@id\":\"https:\/\/228news.tg\/#\/schema\/logo\/image\/\"}},{\"@type\":\"Person\",\"@id\":\"https:\/\/228news.tg\/#\/schema\/person\/68d5a6cc0230290e61235c8379523f52\",\"name\":\"Bienvenu SAVI\",\"image\":{\"@type\":\"ImageObject\",\"inLanguage\":\"fr-FR\",\"@id\":\"https:\/\/228news.tg\/#\/schema\/person\/image\/\",\"url\":\"https:\/\/secure.gravatar.com\/avatar\/9db91895c559e510509c33a3e9683998458e9b828fac36d5d1aa23f0f2fd369b?s=96&d=mm&r=g\",\"contentUrl\":\"https:\/\/secure.gravatar.com\/avatar\/9db91895c559e510509c33a3e9683998458e9b828fac36d5d1aa23f0f2fd369b?s=96&d=mm&r=g\",\"caption\":\"Bienvenu SAVI\"},\"url\":\"https:\/\/228news.tg\/index.php\/author\/bienvenu\/\"}]}<\/script>\n<!-- \/ Yoast SEO plugin. -->","yoast_head_json":{"title":"Manifestations politiques\/ Adakpam\u00e9 : Lanklivi a souffl\u00e9 sur la br\u00e8che - 228 News","robots":{"index":"index","follow":"follow","max-snippet":"max-snippet:-1","max-image-preview":"max-image-preview:large","max-video-preview":"max-video-preview:-1"},"canonical":"https:\/\/228news.tg\/index.php\/2025\/06\/27\/manifestations-politiques-adakpame-lanklivi-a-souffle-sur-la-breche\/","og_locale":"fr_FR","og_type":"article","og_title":"Manifestations politiques\/ Adakpam\u00e9 : Lanklivi a souffl\u00e9 sur la br\u00e8che - 228 News","og_description":"Malgr\u00e9 les interdictions contest\u00e9es et juridiquement infond\u00e9es de Togbui LANKLIVI, la jeunesse du quartier d\u2019Adakpam\u00e9 a massivement investi les rues ce jeudi 26 juin pour exprimer sa col\u00e8re contre la gouvernance chaotique et r\u00e9clamer un retour imm\u00e9diat \u00e0 l\u2019ordre constitutionnel. D\u00e8s l\u2019aube, les jeunes d\u2019Adakpam\u00e9 et B\u00e8, bastion historique de la lutte d\u00e9mocratique , ont ... Lire la suite","og_url":"https:\/\/228news.tg\/index.php\/2025\/06\/27\/manifestations-politiques-adakpame-lanklivi-a-souffle-sur-la-breche\/","og_site_name":"228 News","article_published_time":"2025-06-27T10:17:17+00:00","og_image":[{"width":980,"height":551,"url":"https:\/\/228news.tg\/wp-content\/uploads\/2025\/06\/2017-10-18t162046z_2122714663_rc1ae4d65b10_rtrmadp_3_togo-protests_0.jpg","type":"image\/jpeg"}],"author":"Bienvenu SAVI","twitter_card":"summary_large_image","twitter_misc":{"\u00c9crit par":"Bienvenu SAVI","Dur\u00e9e de lecture estim\u00e9e":"3 minutes"},"schema":{"@context":"https:\/\/schema.org","@graph":[{"@type":"Article","@id":"https:\/\/228news.tg\/index.php\/2025\/06\/27\/manifestations-politiques-adakpame-lanklivi-a-souffle-sur-la-breche\/#article","isPartOf":{"@id":"https:\/\/228news.tg\/index.php\/2025\/06\/27\/manifestations-politiques-adakpame-lanklivi-a-souffle-sur-la-breche\/"},"author":{"name":"Bienvenu SAVI","@id":"https:\/\/228news.tg\/#\/schema\/person\/68d5a6cc0230290e61235c8379523f52"},"headline":"Manifestations politiques\/ Adakpam\u00e9 : Lanklivi a souffl\u00e9 sur la br\u00e8che","datePublished":"2025-06-27T10:17:17+00:00","mainEntityOfPage":{"@id":"https:\/\/228news.tg\/index.php\/2025\/06\/27\/manifestations-politiques-adakpame-lanklivi-a-souffle-sur-la-breche\/"},"wordCount":452,"commentCount":0,"publisher":{"@id":"https:\/\/228news.tg\/#organization"},"image":{"@id":"https:\/\/228news.tg\/index.php\/2025\/06\/27\/manifestations-politiques-adakpame-lanklivi-a-souffle-sur-la-breche\/#primaryimage"},"thumbnailUrl":"https:\/\/228news.tg\/wp-content\/uploads\/2025\/06\/2017-10-18t162046z_2122714663_rc1ae4d65b10_rtrmadp_3_togo-protests_0.jpg","articleSection":["POLITIQUE","SOCIETE"],"inLanguage":"fr-FR","potentialAction":[{"@type":"CommentAction","name":"Comment","target":["https:\/\/228news.tg\/index.php\/2025\/06\/27\/manifestations-politiques-adakpame-lanklivi-a-souffle-sur-la-breche\/#respond"]}]},{"@type":"WebPage","@id":"https:\/\/228news.tg\/index.php\/2025\/06\/27\/manifestations-politiques-adakpame-lanklivi-a-souffle-sur-la-breche\/","url":"https:\/\/228news.tg\/index.php\/2025\/06\/27\/manifestations-politiques-adakpame-lanklivi-a-souffle-sur-la-breche\/","name":"Manifestations politiques\/ Adakpam\u00e9 : Lanklivi a souffl\u00e9 sur la br\u00e8che - 228 News","isPartOf":{"@id":"https:\/\/228news.tg\/#website"},"primaryImageOfPage":{"@id":"https:\/\/228news.tg\/index.php\/2025\/06\/27\/manifestations-politiques-adakpame-lanklivi-a-souffle-sur-la-breche\/#primaryimage"},"image":{"@id":"https:\/\/228news.tg\/index.php\/2025\/06\/27\/manifestations-politiques-adakpame-lanklivi-a-souffle-sur-la-breche\/#primaryimage"},"thumbnailUrl":"https:\/\/228news.tg\/wp-content\/uploads\/2025\/06\/2017-10-18t162046z_2122714663_rc1ae4d65b10_rtrmadp_3_togo-protests_0.jpg","datePublished":"2025-06-27T10:17:17+00:00","breadcrumb":{"@id":"https:\/\/228news.tg\/index.php\/2025\/06\/27\/manifestations-politiques-adakpame-lanklivi-a-souffle-sur-la-breche\/#breadcrumb"},"inLanguage":"fr-FR","potentialAction":[{"@type":"ReadAction","target":["https:\/\/228news.tg\/index.php\/2025\/06\/27\/manifestations-politiques-adakpame-lanklivi-a-souffle-sur-la-breche\/"]}]},{"@type":"ImageObject","inLanguage":"fr-FR","@id":"https:\/\/228news.tg\/index.php\/2025\/06\/27\/manifestations-politiques-adakpame-lanklivi-a-souffle-sur-la-breche\/#primaryimage","url":"https:\/\/228news.tg\/wp-content\/uploads\/2025\/06\/2017-10-18t162046z_2122714663_rc1ae4d65b10_rtrmadp_3_togo-protests_0.jpg","contentUrl":"https:\/\/228news.tg\/wp-content\/uploads\/2025\/06\/2017-10-18t162046z_2122714663_rc1ae4d65b10_rtrmadp_3_togo-protests_0.jpg","width":980,"height":551,"caption":"A still image taken from a video shot on October 18, 2017, shows protesters walking past burning tyres in Lome, Togo October 18, 2017. REUTERS\/via Reuters TV"},{"@type":"BreadcrumbList","@id":"https:\/\/228news.tg\/index.php\/2025\/06\/27\/manifestations-politiques-adakpame-lanklivi-a-souffle-sur-la-breche\/#breadcrumb","itemListElement":[{"@type":"ListItem","position":1,"name":"Home","item":"https:\/\/228news.tg\/"},{"@type":"ListItem","position":2,"name":"Manifestations politiques\/ Adakpam\u00e9 : Lanklivi a souffl\u00e9 sur la br\u00e8che"}]},{"@type":"WebSite","@id":"https:\/\/228news.tg\/#website","url":"https:\/\/228news.tg\/","name":"228 News","description":"Soci\u00e9t\u00e9 de m\u00e9dias et d\u2019actualit\u00e9s","publisher":{"@id":"https:\/\/228news.tg\/#organization"},"potentialAction":[{"@type":"SearchAction","target":{"@type":"EntryPoint","urlTemplate":"https:\/\/228news.tg\/?s={search_term_string}"},"query-input":{"@type":"PropertyValueSpecification","valueRequired":true,"valueName":"search_term_string"}}],"inLanguage":"fr-FR"},{"@type":"Organization","@id":"https:\/\/228news.tg\/#organization","name":"228 News","url":"https:\/\/228news.tg\/","logo":{"@type":"ImageObject","inLanguage":"fr-FR","@id":"https:\/\/228news.tg\/#\/schema\/logo\/image\/","url":"https:\/\/228news.tg\/wp-content\/uploads\/2024\/09\/logonew.png","contentUrl":"https:\/\/228news.tg\/wp-content\/uploads\/2024\/09\/logonew.png","width":1640,"height":364,"caption":"228 News"},"image":{"@id":"https:\/\/228news.tg\/#\/schema\/logo\/image\/"}},{"@type":"Person","@id":"https:\/\/228news.tg\/#\/schema\/person\/68d5a6cc0230290e61235c8379523f52","name":"Bienvenu SAVI","image":{"@type":"ImageObject","inLanguage":"fr-FR","@id":"https:\/\/228news.tg\/#\/schema\/person\/image\/","url":"https:\/\/secure.gravatar.com\/avatar\/9db91895c559e510509c33a3e9683998458e9b828fac36d5d1aa23f0f2fd369b?s=96&d=mm&r=g","contentUrl":"https:\/\/secure.gravatar.com\/avatar\/9db91895c559e510509c33a3e9683998458e9b828fac36d5d1aa23f0f2fd369b?s=96&d=mm&r=g","caption":"Bienvenu SAVI"},"url":"https:\/\/228news.tg\/index.php\/author\/bienvenu\/"}]}},"jetpack_featured_media_url":"https:\/\/228news.tg\/wp-content\/uploads\/2025\/06\/2017-10-18t162046z_2122714663_rc1ae4d65b10_rtrmadp_3_togo-protests_0.jpg","_links":{"self":[{"href":"https:\/\/228news.tg\/index.php\/wp-json\/wp\/v2\/posts\/16276","targetHints":{"allow":["GET"]}}],"collection":[{"href":"https:\/\/228news.tg\/index.php\/wp-json\/wp\/v2\/posts"}],"about":[{"href":"https:\/\/228news.tg\/index.php\/wp-json\/wp\/v2\/types\/post"}],"author":[{"embeddable":true,"href":"https:\/\/228news.tg\/index.php\/wp-json\/wp\/v2\/users\/2"}],"replies":[{"embeddable":true,"href":"https:\/\/228news.tg\/index.php\/wp-json\/wp\/v2\/comments?post=16276"}],"version-history":[{"count":1,"href":"https:\/\/228news.tg\/index.php\/wp-json\/wp\/v2\/posts\/16276\/revisions"}],"predecessor-version":[{"id":16278,"href":"https:\/\/228news.tg\/index.php\/wp-json\/wp\/v2\/posts\/16276\/revisions\/16278"}],"wp:featuredmedia":[{"embeddable":true,"href":"https:\/\/228news.tg\/index.php\/wp-json\/wp\/v2\/media\/16277"}],"wp:attachment":[{"href":"https:\/\/228news.tg\/index.php\/wp-json\/wp\/v2\/media?parent=16276"}],"wp:term":[{"taxonomy":"category","embeddable":true,"href":"https:\/\/228news.tg\/index.php\/wp-json\/wp\/v2\/categories?post=16276"},{"taxonomy":"post_tag","embeddable":true,"href":"https:\/\/228news.tg\/index.php\/wp-json\/wp\/v2\/tags?post=16276"}],"curies":[{"name":"wp","href":"https:\/\/api.w.org\/{rel}","templated":true}]}}