{"id":16254,"date":"2025-04-28T18:01:17","date_gmt":"2025-04-28T18:01:17","guid":{"rendered":"https:\/\/228news.tg\/?p=16254"},"modified":"2025-06-17T12:12:05","modified_gmt":"2025-06-17T12:12:05","slug":"efofat-les-epreuves-ecrites-prevues-pour-le-10-mai","status":"publish","type":"post","link":"https:\/\/228news.tg\/index.php\/2025\/04\/28\/efofat-les-epreuves-ecrites-prevues-pour-le-10-mai\/","title":{"rendered":"EFOFAT: les \u00e9preuves \u00e9crites pr\u00e9vues pour le 10 Mai"},"content":{"rendered":"<p>Le processus d\u2019admission \u00e0 la promotion 2025 de l\u2019\u00c9cole de formation des officiers des Forces Arm\u00e9es Togolaises (EFOFAT), suit son cours. Apr\u00e8s la pr\u00e9s\u00e9lection, place \u00e0 l&rsquo;\u00e9crit. Les candidats en lice sont convoqu\u00e9s le samedi 10 mai prochain.<\/p>\n<p>&nbsp;<\/p>\n<p>Deux centres d\u2019\u00e9crit ont \u00e9t\u00e9 retenus pour la circonstance. Il s\u2019agit de l\u2019\u00e9cole du Camp G\u00e9n\u00e9ral Gnassingb\u00e9 Eyad\u00e9ma pour les candidats des r\u00e9gions Maritime et des Plateaux. Ceux des r\u00e9gions Centrale, de la Kara et des Savanes sont attendus, sous le coup de 6H00 munis de leur d\u2019identit\u00e9 en cours de validit\u00e9, au Lyc\u00e9e Kara1.<\/p>\n<p>Ils sont au total 234 candidats retenus pour cette phase des \u00e9preuves \u00e9crites. Ils seront examin\u00e9s dans trois \u00e9preuves, notamment l\u2019anglais, le fran\u00e7ais, la culture g\u00e9n\u00e9rale. A cela, il faut ajouter une \u00e9preuve optionnelle.<\/p>\n<p>Rappelons que l\u2019EFOFAT, situ\u00e9e \u00e0 Pya (400 km au nord de Lom\u00e9), se veut un creuset pour former les futurs officiers des Forces arm\u00e9es togolaise (FAT), \u00e0 travers un enseignement acad\u00e9mique, militaire et moral rigoureux et ad\u00e9quat.<\/p>\n","protected":false},"excerpt":{"rendered":"<p>Le processus d\u2019admission \u00e0 la promotion 2025 de l\u2019\u00c9cole de formation des officiers des Forces Arm\u00e9es Togolaises (EFOFAT), suit son cours. Apr\u00e8s la pr\u00e9s\u00e9lection, place \u00e0 l&rsquo;\u00e9crit. Les candidats en lice sont convoqu\u00e9s le samedi 10 mai prochain. &nbsp; Deux centres d\u2019\u00e9crit ont \u00e9t\u00e9 retenus pour la circonstance. Il s\u2019agit de l\u2019\u00e9cole du Camp G\u00e9n\u00e9ral &#8230; <a title=\"EFOFAT: les \u00e9preuves \u00e9crites pr\u00e9vues pour le 10 Mai\" class=\"read-more\" href=\"https:\/\/228news.tg\/index.php\/2025\/04\/28\/efofat-les-epreuves-ecrites-prevues-pour-le-10-mai\/\" aria-label=\"En savoir plus sur EFOFAT: les \u00e9preuves \u00e9crites pr\u00e9vues pour le 10 Mai\">Lire la suite<\/a><\/p>\n","protected":false},"author":2,"featured_media":16255,"comment_status":"open","ping_status":"open","sticky":false,"template":"","format":"standard","meta":{"footnotes":""},"categories":[28,25],"tags":[],"class_list":["post-16254","post","type-post","status-publish","format-standard","has-post-thumbnail","hentry","category-education","category-togo"],"yoast_head":"<!-- This site is optimized with the Yoast SEO plugin v26.4 - https:\/\/yoast.com\/wordpress\/plugins\/seo\/ -->\n<title>EFOFAT: les \u00e9preuves \u00e9crites pr\u00e9vues pour le 10 Mai - 228 News<\/title>\n<meta name=\"robots\" content=\"index, follow, max-snippet:-1, max-image-preview:large, max-video-preview:-1\" \/>\n<link rel=\"canonical\" href=\"https:\/\/228news.tg\/index.php\/2025\/04\/28\/efofat-les-epreuves-ecrites-prevues-pour-le-10-mai\/\" \/>\n<meta property=\"og:locale\" content=\"fr_FR\" \/>\n<meta property=\"og:type\" content=\"article\" \/>\n<meta property=\"og:title\" content=\"EFOFAT: les \u00e9preuves \u00e9crites pr\u00e9vues pour le 10 Mai - 228 News\" \/>\n<meta property=\"og:description\" content=\"Le processus d\u2019admission \u00e0 la promotion 2025 de l\u2019\u00c9cole de formation des officiers des Forces Arm\u00e9es Togolaises (EFOFAT), suit son cours. Apr\u00e8s la pr\u00e9s\u00e9lection, place \u00e0 l&rsquo;\u00e9crit. Les candidats en lice sont convoqu\u00e9s le samedi 10 mai prochain. &nbsp; Deux centres d\u2019\u00e9crit ont \u00e9t\u00e9 retenus pour la circonstance. Il s\u2019agit de l\u2019\u00e9cole du Camp G\u00e9n\u00e9ral ... Lire la suite\" \/>\n<meta property=\"og:url\" content=\"https:\/\/228news.tg\/index.php\/2025\/04\/28\/efofat-les-epreuves-ecrites-prevues-pour-le-10-mai\/\" \/>\n<meta property=\"og:site_name\" content=\"228 News\" \/>\n<meta property=\"article:published_time\" content=\"2025-04-28T18:01:17+00:00\" \/>\n<meta property=\"article:modified_time\" content=\"2025-06-17T12:12:05+00:00\" \/>\n<meta property=\"og:image\" content=\"https:\/\/228news.tg\/wp-content\/uploads\/2025\/06\/image-90.png\" \/>\n\t<meta property=\"og:image:width\" content=\"441\" \/>\n\t<meta property=\"og:image:height\" content=\"270\" \/>\n\t<meta property=\"og:image:type\" content=\"image\/png\" \/>\n<meta name=\"author\" content=\"Bienvenu SAVI\" \/>\n<meta name=\"twitter:card\" content=\"summary_large_image\" \/>\n<meta name=\"twitter:label1\" content=\"\u00c9crit par\" \/>\n\t<meta name=\"twitter:data1\" content=\"Bienvenu SAVI\" \/>\n\t<meta name=\"twitter:label2\" content=\"Dur\u00e9e de lecture estim\u00e9e\" \/>\n\t<meta name=\"twitter:data2\" content=\"2 minutes\" \/>\n<script type=\"application\/ld+json\" class=\"yoast-schema-graph\">{\"@context\":\"https:\/\/schema.org\",\"@graph\":[{\"@type\":\"Article\",\"@id\":\"https:\/\/228news.tg\/index.php\/2025\/04\/28\/efofat-les-epreuves-ecrites-prevues-pour-le-10-mai\/#article\",\"isPartOf\":{\"@id\":\"https:\/\/228news.tg\/index.php\/2025\/04\/28\/efofat-les-epreuves-ecrites-prevues-pour-le-10-mai\/\"},\"author\":{\"name\":\"Bienvenu SAVI\",\"@id\":\"https:\/\/228news.tg\/#\/schema\/person\/68d5a6cc0230290e61235c8379523f52\"},\"headline\":\"EFOFAT: les \u00e9preuves \u00e9crites pr\u00e9vues pour le 10 Mai\",\"datePublished\":\"2025-04-28T18:01:17+00:00\",\"dateModified\":\"2025-06-17T12:12:05+00:00\",\"mainEntityOfPage\":{\"@id\":\"https:\/\/228news.tg\/index.php\/2025\/04\/28\/efofat-les-epreuves-ecrites-prevues-pour-le-10-mai\/\"},\"wordCount\":194,\"commentCount\":0,\"publisher\":{\"@id\":\"https:\/\/228news.tg\/#organization\"},\"image\":{\"@id\":\"https:\/\/228news.tg\/index.php\/2025\/04\/28\/efofat-les-epreuves-ecrites-prevues-pour-le-10-mai\/#primaryimage\"},\"thumbnailUrl\":\"https:\/\/228news.tg\/wp-content\/uploads\/2025\/06\/image-90.png\",\"articleSection\":[\"EDUCATION\",\"TOGO\"],\"inLanguage\":\"fr-FR\",\"potentialAction\":[{\"@type\":\"CommentAction\",\"name\":\"Comment\",\"target\":[\"https:\/\/228news.tg\/index.php\/2025\/04\/28\/efofat-les-epreuves-ecrites-prevues-pour-le-10-mai\/#respond\"]}]},{\"@type\":\"WebPage\",\"@id\":\"https:\/\/228news.tg\/index.php\/2025\/04\/28\/efofat-les-epreuves-ecrites-prevues-pour-le-10-mai\/\",\"url\":\"https:\/\/228news.tg\/index.php\/2025\/04\/28\/efofat-les-epreuves-ecrites-prevues-pour-le-10-mai\/\",\"name\":\"EFOFAT: les \u00e9preuves \u00e9crites pr\u00e9vues pour le 10 Mai - 228 News\",\"isPartOf\":{\"@id\":\"https:\/\/228news.tg\/#website\"},\"primaryImageOfPage\":{\"@id\":\"https:\/\/228news.tg\/index.php\/2025\/04\/28\/efofat-les-epreuves-ecrites-prevues-pour-le-10-mai\/#primaryimage\"},\"image\":{\"@id\":\"https:\/\/228news.tg\/index.php\/2025\/04\/28\/efofat-les-epreuves-ecrites-prevues-pour-le-10-mai\/#primaryimage\"},\"thumbnailUrl\":\"https:\/\/228news.tg\/wp-content\/uploads\/2025\/06\/image-90.png\",\"datePublished\":\"2025-04-28T18:01:17+00:00\",\"dateModified\":\"2025-06-17T12:12:05+00:00\",\"breadcrumb\":{\"@id\":\"https:\/\/228news.tg\/index.php\/2025\/04\/28\/efofat-les-epreuves-ecrites-prevues-pour-le-10-mai\/#breadcrumb\"},\"inLanguage\":\"fr-FR\",\"potentialAction\":[{\"@type\":\"ReadAction\",\"target\":[\"https:\/\/228news.tg\/index.php\/2025\/04\/28\/efofat-les-epreuves-ecrites-prevues-pour-le-10-mai\/\"]}]},{\"@type\":\"ImageObject\",\"inLanguage\":\"fr-FR\",\"@id\":\"https:\/\/228news.tg\/index.php\/2025\/04\/28\/efofat-les-epreuves-ecrites-prevues-pour-le-10-mai\/#primaryimage\",\"url\":\"https:\/\/228news.tg\/wp-content\/uploads\/2025\/06\/image-90.png\",\"contentUrl\":\"https:\/\/228news.tg\/wp-content\/uploads\/2025\/06\/image-90.png\",\"width\":441,\"height\":270},{\"@type\":\"BreadcrumbList\",\"@id\":\"https:\/\/228news.tg\/index.php\/2025\/04\/28\/efofat-les-epreuves-ecrites-prevues-pour-le-10-mai\/#breadcrumb\",\"itemListElement\":[{\"@type\":\"ListItem\",\"position\":1,\"name\":\"Home\",\"item\":\"https:\/\/228news.tg\/\"},{\"@type\":\"ListItem\",\"position\":2,\"name\":\"EFOFAT: les \u00e9preuves \u00e9crites pr\u00e9vues pour le 10 Mai\"}]},{\"@type\":\"WebSite\",\"@id\":\"https:\/\/228news.tg\/#website\",\"url\":\"https:\/\/228news.tg\/\",\"name\":\"228 News\",\"description\":\"Soci\u00e9t\u00e9 de m\u00e9dias et d\u2019actualit\u00e9s\",\"publisher\":{\"@id\":\"https:\/\/228news.tg\/#organization\"},\"potentialAction\":[{\"@type\":\"SearchAction\",\"target\":{\"@type\":\"EntryPoint\",\"urlTemplate\":\"https:\/\/228news.tg\/?s={search_term_string}\"},\"query-input\":{\"@type\":\"PropertyValueSpecification\",\"valueRequired\":true,\"valueName\":\"search_term_string\"}}],\"inLanguage\":\"fr-FR\"},{\"@type\":\"Organization\",\"@id\":\"https:\/\/228news.tg\/#organization\",\"name\":\"228 News\",\"url\":\"https:\/\/228news.tg\/\",\"logo\":{\"@type\":\"ImageObject\",\"inLanguage\":\"fr-FR\",\"@id\":\"https:\/\/228news.tg\/#\/schema\/logo\/image\/\",\"url\":\"https:\/\/228news.tg\/wp-content\/uploads\/2024\/09\/logonew.png\",\"contentUrl\":\"https:\/\/228news.tg\/wp-content\/uploads\/2024\/09\/logonew.png\",\"width\":1640,\"height\":364,\"caption\":\"228 News\"},\"image\":{\"@id\":\"https:\/\/228news.tg\/#\/schema\/logo\/image\/\"}},{\"@type\":\"Person\",\"@id\":\"https:\/\/228news.tg\/#\/schema\/person\/68d5a6cc0230290e61235c8379523f52\",\"name\":\"Bienvenu SAVI\",\"image\":{\"@type\":\"ImageObject\",\"inLanguage\":\"fr-FR\",\"@id\":\"https:\/\/228news.tg\/#\/schema\/person\/image\/\",\"url\":\"https:\/\/secure.gravatar.com\/avatar\/9db91895c559e510509c33a3e9683998458e9b828fac36d5d1aa23f0f2fd369b?s=96&d=mm&r=g\",\"contentUrl\":\"https:\/\/secure.gravatar.com\/avatar\/9db91895c559e510509c33a3e9683998458e9b828fac36d5d1aa23f0f2fd369b?s=96&d=mm&r=g\",\"caption\":\"Bienvenu SAVI\"},\"url\":\"https:\/\/228news.tg\/index.php\/author\/bienvenu\/\"}]}<\/script>\n<!-- \/ Yoast SEO plugin. -->","yoast_head_json":{"title":"EFOFAT: les \u00e9preuves \u00e9crites pr\u00e9vues pour le 10 Mai - 228 News","robots":{"index":"index","follow":"follow","max-snippet":"max-snippet:-1","max-image-preview":"max-image-preview:large","max-video-preview":"max-video-preview:-1"},"canonical":"https:\/\/228news.tg\/index.php\/2025\/04\/28\/efofat-les-epreuves-ecrites-prevues-pour-le-10-mai\/","og_locale":"fr_FR","og_type":"article","og_title":"EFOFAT: les \u00e9preuves \u00e9crites pr\u00e9vues pour le 10 Mai - 228 News","og_description":"Le processus d\u2019admission \u00e0 la promotion 2025 de l\u2019\u00c9cole de formation des officiers des Forces Arm\u00e9es Togolaises (EFOFAT), suit son cours. Apr\u00e8s la pr\u00e9s\u00e9lection, place \u00e0 l&rsquo;\u00e9crit. Les candidats en lice sont convoqu\u00e9s le samedi 10 mai prochain. &nbsp; Deux centres d\u2019\u00e9crit ont \u00e9t\u00e9 retenus pour la circonstance. Il s\u2019agit de l\u2019\u00e9cole du Camp G\u00e9n\u00e9ral ... Lire la suite","og_url":"https:\/\/228news.tg\/index.php\/2025\/04\/28\/efofat-les-epreuves-ecrites-prevues-pour-le-10-mai\/","og_site_name":"228 News","article_published_time":"2025-04-28T18:01:17+00:00","article_modified_time":"2025-06-17T12:12:05+00:00","og_image":[{"width":441,"height":270,"url":"https:\/\/228news.tg\/wp-content\/uploads\/2025\/06\/image-90.png","type":"image\/png"}],"author":"Bienvenu SAVI","twitter_card":"summary_large_image","twitter_misc":{"\u00c9crit par":"Bienvenu SAVI","Dur\u00e9e de lecture estim\u00e9e":"2 minutes"},"schema":{"@context":"https:\/\/schema.org","@graph":[{"@type":"Article","@id":"https:\/\/228news.tg\/index.php\/2025\/04\/28\/efofat-les-epreuves-ecrites-prevues-pour-le-10-mai\/#article","isPartOf":{"@id":"https:\/\/228news.tg\/index.php\/2025\/04\/28\/efofat-les-epreuves-ecrites-prevues-pour-le-10-mai\/"},"author":{"name":"Bienvenu SAVI","@id":"https:\/\/228news.tg\/#\/schema\/person\/68d5a6cc0230290e61235c8379523f52"},"headline":"EFOFAT: les \u00e9preuves \u00e9crites pr\u00e9vues pour le 10 Mai","datePublished":"2025-04-28T18:01:17+00:00","dateModified":"2025-06-17T12:12:05+00:00","mainEntityOfPage":{"@id":"https:\/\/228news.tg\/index.php\/2025\/04\/28\/efofat-les-epreuves-ecrites-prevues-pour-le-10-mai\/"},"wordCount":194,"commentCount":0,"publisher":{"@id":"https:\/\/228news.tg\/#organization"},"image":{"@id":"https:\/\/228news.tg\/index.php\/2025\/04\/28\/efofat-les-epreuves-ecrites-prevues-pour-le-10-mai\/#primaryimage"},"thumbnailUrl":"https:\/\/228news.tg\/wp-content\/uploads\/2025\/06\/image-90.png","articleSection":["EDUCATION","TOGO"],"inLanguage":"fr-FR","potentialAction":[{"@type":"CommentAction","name":"Comment","target":["https:\/\/228news.tg\/index.php\/2025\/04\/28\/efofat-les-epreuves-ecrites-prevues-pour-le-10-mai\/#respond"]}]},{"@type":"WebPage","@id":"https:\/\/228news.tg\/index.php\/2025\/04\/28\/efofat-les-epreuves-ecrites-prevues-pour-le-10-mai\/","url":"https:\/\/228news.tg\/index.php\/2025\/04\/28\/efofat-les-epreuves-ecrites-prevues-pour-le-10-mai\/","name":"EFOFAT: les \u00e9preuves \u00e9crites pr\u00e9vues pour le 10 Mai - 228 News","isPartOf":{"@id":"https:\/\/228news.tg\/#website"},"primaryImageOfPage":{"@id":"https:\/\/228news.tg\/index.php\/2025\/04\/28\/efofat-les-epreuves-ecrites-prevues-pour-le-10-mai\/#primaryimage"},"image":{"@id":"https:\/\/228news.tg\/index.php\/2025\/04\/28\/efofat-les-epreuves-ecrites-prevues-pour-le-10-mai\/#primaryimage"},"thumbnailUrl":"https:\/\/228news.tg\/wp-content\/uploads\/2025\/06\/image-90.png","datePublished":"2025-04-28T18:01:17+00:00","dateModified":"2025-06-17T12:12:05+00:00","breadcrumb":{"@id":"https:\/\/228news.tg\/index.php\/2025\/04\/28\/efofat-les-epreuves-ecrites-prevues-pour-le-10-mai\/#breadcrumb"},"inLanguage":"fr-FR","potentialAction":[{"@type":"ReadAction","target":["https:\/\/228news.tg\/index.php\/2025\/04\/28\/efofat-les-epreuves-ecrites-prevues-pour-le-10-mai\/"]}]},{"@type":"ImageObject","inLanguage":"fr-FR","@id":"https:\/\/228news.tg\/index.php\/2025\/04\/28\/efofat-les-epreuves-ecrites-prevues-pour-le-10-mai\/#primaryimage","url":"https:\/\/228news.tg\/wp-content\/uploads\/2025\/06\/image-90.png","contentUrl":"https:\/\/228news.tg\/wp-content\/uploads\/2025\/06\/image-90.png","width":441,"height":270},{"@type":"BreadcrumbList","@id":"https:\/\/228news.tg\/index.php\/2025\/04\/28\/efofat-les-epreuves-ecrites-prevues-pour-le-10-mai\/#breadcrumb","itemListElement":[{"@type":"ListItem","position":1,"name":"Home","item":"https:\/\/228news.tg\/"},{"@type":"ListItem","position":2,"name":"EFOFAT: les \u00e9preuves \u00e9crites pr\u00e9vues pour le 10 Mai"}]},{"@type":"WebSite","@id":"https:\/\/228news.tg\/#website","url":"https:\/\/228news.tg\/","name":"228 News","description":"Soci\u00e9t\u00e9 de m\u00e9dias et d\u2019actualit\u00e9s","publisher":{"@id":"https:\/\/228news.tg\/#organization"},"potentialAction":[{"@type":"SearchAction","target":{"@type":"EntryPoint","urlTemplate":"https:\/\/228news.tg\/?s={search_term_string}"},"query-input":{"@type":"PropertyValueSpecification","valueRequired":true,"valueName":"search_term_string"}}],"inLanguage":"fr-FR"},{"@type":"Organization","@id":"https:\/\/228news.tg\/#organization","name":"228 News","url":"https:\/\/228news.tg\/","logo":{"@type":"ImageObject","inLanguage":"fr-FR","@id":"https:\/\/228news.tg\/#\/schema\/logo\/image\/","url":"https:\/\/228news.tg\/wp-content\/uploads\/2024\/09\/logonew.png","contentUrl":"https:\/\/228news.tg\/wp-content\/uploads\/2024\/09\/logonew.png","width":1640,"height":364,"caption":"228 News"},"image":{"@id":"https:\/\/228news.tg\/#\/schema\/logo\/image\/"}},{"@type":"Person","@id":"https:\/\/228news.tg\/#\/schema\/person\/68d5a6cc0230290e61235c8379523f52","name":"Bienvenu SAVI","image":{"@type":"ImageObject","inLanguage":"fr-FR","@id":"https:\/\/228news.tg\/#\/schema\/person\/image\/","url":"https:\/\/secure.gravatar.com\/avatar\/9db91895c559e510509c33a3e9683998458e9b828fac36d5d1aa23f0f2fd369b?s=96&d=mm&r=g","contentUrl":"https:\/\/secure.gravatar.com\/avatar\/9db91895c559e510509c33a3e9683998458e9b828fac36d5d1aa23f0f2fd369b?s=96&d=mm&r=g","caption":"Bienvenu SAVI"},"url":"https:\/\/228news.tg\/index.php\/author\/bienvenu\/"}]}},"jetpack_featured_media_url":"https:\/\/228news.tg\/wp-content\/uploads\/2025\/06\/image-90.png","_links":{"self":[{"href":"https:\/\/228news.tg\/index.php\/wp-json\/wp\/v2\/posts\/16254","targetHints":{"allow":["GET"]}}],"collection":[{"href":"https:\/\/228news.tg\/index.php\/wp-json\/wp\/v2\/posts"}],"about":[{"href":"https:\/\/228news.tg\/index.php\/wp-json\/wp\/v2\/types\/post"}],"author":[{"embeddable":true,"href":"https:\/\/228news.tg\/index.php\/wp-json\/wp\/v2\/users\/2"}],"replies":[{"embeddable":true,"href":"https:\/\/228news.tg\/index.php\/wp-json\/wp\/v2\/comments?post=16254"}],"version-history":[{"count":1,"href":"https:\/\/228news.tg\/index.php\/wp-json\/wp\/v2\/posts\/16254\/revisions"}],"predecessor-version":[{"id":16256,"href":"https:\/\/228news.tg\/index.php\/wp-json\/wp\/v2\/posts\/16254\/revisions\/16256"}],"wp:featuredmedia":[{"embeddable":true,"href":"https:\/\/228news.tg\/index.php\/wp-json\/wp\/v2\/media\/16255"}],"wp:attachment":[{"href":"https:\/\/228news.tg\/index.php\/wp-json\/wp\/v2\/media?parent=16254"}],"wp:term":[{"taxonomy":"category","embeddable":true,"href":"https:\/\/228news.tg\/index.php\/wp-json\/wp\/v2\/categories?post=16254"},{"taxonomy":"post_tag","embeddable":true,"href":"https:\/\/228news.tg\/index.php\/wp-json\/wp\/v2\/tags?post=16254"}],"curies":[{"name":"wp","href":"https:\/\/api.w.org\/{rel}","templated":true}]}}