{"id":16228,"date":"2025-06-14T22:43:32","date_gmt":"2025-06-14T22:43:32","guid":{"rendered":"https:\/\/228news.tg\/?p=16228"},"modified":"2025-06-14T22:43:32","modified_gmt":"2025-06-14T22:43:32","slug":"togo-3-personnes-dont-un-francais-arretes-pour-troubles-aggraves-a-lordre-public-et-de-complot-contre-la-surete-interieure-de-letat","status":"publish","type":"post","link":"https:\/\/228news.tg\/index.php\/2025\/06\/14\/togo-3-personnes-dont-un-francais-arretes-pour-troubles-aggraves-a-lordre-public-et-de-complot-contre-la-surete-interieure-de-letat\/","title":{"rendered":"Togo : 3 personnes dont un fran\u00e7ais arr\u00eat\u00e9s pour troubles aggrav\u00e9s \u00e0 l\u2019ordre public et de complot contre la s\u00fbret\u00e9 int\u00e9rieure de l\u2019\u00c9tat"},"content":{"rendered":"<p>65 personnes remises en libert\u00e9. 3 autres sont inculp\u00e9es et 15 personnes encore en attente de pr\u00e9sentation par devant le procureur de la R\u00e9publique. C\u2019est le bilan provisoire des actions judiciaires lanc\u00e9es contre des personnes interpell\u00e9s les 5 et 6 juin dernier, lors des manifestations politiques contre la gouvernance de Faure Gnassingb\u00e9 et la r\u00e9forme de la constitution. Des voix continuent de se lever pour demander simplement leur lib\u00e9ration et l\u2019abandon des charges.<\/p>\n<p>Un ressortissant fran\u00e7ais, Steeve Didier ROUYAR, exer\u00e7ant dans le domaine de la communication, Yao Mario Junior ZODZI, un Togolais \u00e9lectro-technicien et Arioh Akewome LITO, un Togolais conducteur de Taxi moto sont inculp\u00e9s dans le cadre des manifestations des 5 et 6 juin 2025 \u00e0 Lom\u00e9. Il leur sont reproch\u00e9s d\u2019\u00eatre les auteurs de \u00ab troubles aggrav\u00e9s \u00e0 l\u2019ordre public \u00bb et de \u00ab complot contre la s\u00fbret\u00e9 int\u00e9rieure de l\u2019\u00c9tat \u00bb.<\/p>\n<p>D\u2019apr\u00e8s les informations, l\u2019un des trois inculp\u00e9s, Arioh Akewome LITO, conducteur de Taxi moto, serait arr\u00eat\u00e9 sur sa moto, alors qu\u2019il \u00e9tait en pleine activit\u00e9 professionnelle de z\u00e9midjan . Il serait actuellement \u00e0 la recherche de sa moto rest\u00e9e sur les lieux de l\u2019arrestation.<\/p>\n<p>Si au total 65 personnes sont lib\u00e9r\u00e9es, 15 doivent \u00eatre encore pr\u00e9sent\u00e9es au procureur ce mercredi avant de conna\u00eetre leur sort.<\/p>\n<p>L\u2019opposition et la soci\u00e9t\u00e9 civile d\u00e9noncent les atteintes \u00e0 leur libert\u00e9 et demandent la lib\u00e9ration pure et simple des personnes arr\u00eat\u00e9es.<\/p>\n<p>&nbsp;<\/p>\n<p>&nbsp;<\/p>\n<p>&nbsp;<\/p>\n<p>&nbsp;<\/p>\n","protected":false},"excerpt":{"rendered":"<p>65 personnes remises en libert\u00e9. 3 autres sont inculp\u00e9es et 15 personnes encore en attente de pr\u00e9sentation par devant le procureur de la R\u00e9publique. C\u2019est le bilan provisoire des actions judiciaires lanc\u00e9es contre des personnes interpell\u00e9s les 5 et 6 juin dernier, lors des manifestations politiques contre la gouvernance de Faure Gnassingb\u00e9 et la r\u00e9forme &#8230; <a title=\"Togo : 3 personnes dont un fran\u00e7ais arr\u00eat\u00e9s pour troubles aggrav\u00e9s \u00e0 l\u2019ordre public et de complot contre la s\u00fbret\u00e9 int\u00e9rieure de l\u2019\u00c9tat\" class=\"read-more\" href=\"https:\/\/228news.tg\/index.php\/2025\/06\/14\/togo-3-personnes-dont-un-francais-arretes-pour-troubles-aggraves-a-lordre-public-et-de-complot-contre-la-surete-interieure-de-letat\/\" aria-label=\"En savoir plus sur Togo : 3 personnes dont un fran\u00e7ais arr\u00eat\u00e9s pour troubles aggrav\u00e9s \u00e0 l\u2019ordre public et de complot contre la s\u00fbret\u00e9 int\u00e9rieure de l\u2019\u00c9tat\">Lire la suite<\/a><\/p>\n","protected":false},"author":2,"featured_media":16229,"comment_status":"open","ping_status":"open","sticky":false,"template":"","format":"standard","meta":{"footnotes":""},"categories":[33,25],"tags":[],"class_list":["post-16228","post","type-post","status-publish","format-standard","has-post-thumbnail","hentry","category-politique","category-togo"],"yoast_head":"<!-- This site is optimized with the Yoast SEO plugin v26.4 - https:\/\/yoast.com\/wordpress\/plugins\/seo\/ -->\n<title>Togo : 3 personnes dont un fran\u00e7ais arr\u00eat\u00e9s pour troubles aggrav\u00e9s \u00e0 l\u2019ordre public et de complot contre la s\u00fbret\u00e9 int\u00e9rieure de l\u2019\u00c9tat - 228 News<\/title>\n<meta name=\"robots\" content=\"index, follow, max-snippet:-1, max-image-preview:large, max-video-preview:-1\" \/>\n<link rel=\"canonical\" href=\"https:\/\/228news.tg\/index.php\/2025\/06\/14\/togo-3-personnes-dont-un-francais-arretes-pour-troubles-aggraves-a-lordre-public-et-de-complot-contre-la-surete-interieure-de-letat\/\" \/>\n<meta property=\"og:locale\" content=\"fr_FR\" \/>\n<meta property=\"og:type\" content=\"article\" \/>\n<meta property=\"og:title\" content=\"Togo : 3 personnes dont un fran\u00e7ais arr\u00eat\u00e9s pour troubles aggrav\u00e9s \u00e0 l\u2019ordre public et de complot contre la s\u00fbret\u00e9 int\u00e9rieure de l\u2019\u00c9tat - 228 News\" \/>\n<meta property=\"og:description\" content=\"65 personnes remises en libert\u00e9. 3 autres sont inculp\u00e9es et 15 personnes encore en attente de pr\u00e9sentation par devant le procureur de la R\u00e9publique. C\u2019est le bilan provisoire des actions judiciaires lanc\u00e9es contre des personnes interpell\u00e9s les 5 et 6 juin dernier, lors des manifestations politiques contre la gouvernance de Faure Gnassingb\u00e9 et la r\u00e9forme ... Lire la suite\" \/>\n<meta property=\"og:url\" content=\"https:\/\/228news.tg\/index.php\/2025\/06\/14\/togo-3-personnes-dont-un-francais-arretes-pour-troubles-aggraves-a-lordre-public-et-de-complot-contre-la-surete-interieure-de-letat\/\" \/>\n<meta property=\"og:site_name\" content=\"228 News\" \/>\n<meta property=\"article:published_time\" content=\"2025-06-14T22:43:32+00:00\" \/>\n<meta property=\"og:image\" content=\"https:\/\/228news.tg\/wp-content\/uploads\/2025\/06\/IMG-20250611-WA0127.jpg\" \/>\n\t<meta property=\"og:image:width\" content=\"1024\" \/>\n\t<meta property=\"og:image:height\" content=\"768\" \/>\n\t<meta property=\"og:image:type\" content=\"image\/jpeg\" \/>\n<meta name=\"author\" content=\"Bienvenu SAVI\" \/>\n<meta name=\"twitter:card\" content=\"summary_large_image\" \/>\n<meta name=\"twitter:label1\" content=\"\u00c9crit par\" \/>\n\t<meta name=\"twitter:data1\" content=\"Bienvenu SAVI\" \/>\n\t<meta name=\"twitter:label2\" content=\"Dur\u00e9e de lecture estim\u00e9e\" \/>\n\t<meta name=\"twitter:data2\" content=\"2 minutes\" \/>\n<script type=\"application\/ld+json\" class=\"yoast-schema-graph\">{\"@context\":\"https:\/\/schema.org\",\"@graph\":[{\"@type\":\"Article\",\"@id\":\"https:\/\/228news.tg\/index.php\/2025\/06\/14\/togo-3-personnes-dont-un-francais-arretes-pour-troubles-aggraves-a-lordre-public-et-de-complot-contre-la-surete-interieure-de-letat\/#article\",\"isPartOf\":{\"@id\":\"https:\/\/228news.tg\/index.php\/2025\/06\/14\/togo-3-personnes-dont-un-francais-arretes-pour-troubles-aggraves-a-lordre-public-et-de-complot-contre-la-surete-interieure-de-letat\/\"},\"author\":{\"name\":\"Bienvenu SAVI\",\"@id\":\"https:\/\/228news.tg\/#\/schema\/person\/68d5a6cc0230290e61235c8379523f52\"},\"headline\":\"Togo : 3 personnes dont un fran\u00e7ais arr\u00eat\u00e9s pour troubles aggrav\u00e9s \u00e0 l\u2019ordre public et de complot contre la s\u00fbret\u00e9 int\u00e9rieure de l\u2019\u00c9tat\",\"datePublished\":\"2025-06-14T22:43:32+00:00\",\"mainEntityOfPage\":{\"@id\":\"https:\/\/228news.tg\/index.php\/2025\/06\/14\/togo-3-personnes-dont-un-francais-arretes-pour-troubles-aggraves-a-lordre-public-et-de-complot-contre-la-surete-interieure-de-letat\/\"},\"wordCount\":282,\"commentCount\":0,\"publisher\":{\"@id\":\"https:\/\/228news.tg\/#organization\"},\"image\":{\"@id\":\"https:\/\/228news.tg\/index.php\/2025\/06\/14\/togo-3-personnes-dont-un-francais-arretes-pour-troubles-aggraves-a-lordre-public-et-de-complot-contre-la-surete-interieure-de-letat\/#primaryimage\"},\"thumbnailUrl\":\"https:\/\/228news.tg\/wp-content\/uploads\/2025\/06\/IMG-20250611-WA0127.jpg\",\"articleSection\":[\"POLITIQUE\",\"TOGO\"],\"inLanguage\":\"fr-FR\",\"potentialAction\":[{\"@type\":\"CommentAction\",\"name\":\"Comment\",\"target\":[\"https:\/\/228news.tg\/index.php\/2025\/06\/14\/togo-3-personnes-dont-un-francais-arretes-pour-troubles-aggraves-a-lordre-public-et-de-complot-contre-la-surete-interieure-de-letat\/#respond\"]}]},{\"@type\":\"WebPage\",\"@id\":\"https:\/\/228news.tg\/index.php\/2025\/06\/14\/togo-3-personnes-dont-un-francais-arretes-pour-troubles-aggraves-a-lordre-public-et-de-complot-contre-la-surete-interieure-de-letat\/\",\"url\":\"https:\/\/228news.tg\/index.php\/2025\/06\/14\/togo-3-personnes-dont-un-francais-arretes-pour-troubles-aggraves-a-lordre-public-et-de-complot-contre-la-surete-interieure-de-letat\/\",\"name\":\"Togo : 3 personnes dont un fran\u00e7ais arr\u00eat\u00e9s pour troubles aggrav\u00e9s \u00e0 l\u2019ordre public et de complot contre la s\u00fbret\u00e9 int\u00e9rieure de l\u2019\u00c9tat - 228 News\",\"isPartOf\":{\"@id\":\"https:\/\/228news.tg\/#website\"},\"primaryImageOfPage\":{\"@id\":\"https:\/\/228news.tg\/index.php\/2025\/06\/14\/togo-3-personnes-dont-un-francais-arretes-pour-troubles-aggraves-a-lordre-public-et-de-complot-contre-la-surete-interieure-de-letat\/#primaryimage\"},\"image\":{\"@id\":\"https:\/\/228news.tg\/index.php\/2025\/06\/14\/togo-3-personnes-dont-un-francais-arretes-pour-troubles-aggraves-a-lordre-public-et-de-complot-contre-la-surete-interieure-de-letat\/#primaryimage\"},\"thumbnailUrl\":\"https:\/\/228news.tg\/wp-content\/uploads\/2025\/06\/IMG-20250611-WA0127.jpg\",\"datePublished\":\"2025-06-14T22:43:32+00:00\",\"breadcrumb\":{\"@id\":\"https:\/\/228news.tg\/index.php\/2025\/06\/14\/togo-3-personnes-dont-un-francais-arretes-pour-troubles-aggraves-a-lordre-public-et-de-complot-contre-la-surete-interieure-de-letat\/#breadcrumb\"},\"inLanguage\":\"fr-FR\",\"potentialAction\":[{\"@type\":\"ReadAction\",\"target\":[\"https:\/\/228news.tg\/index.php\/2025\/06\/14\/togo-3-personnes-dont-un-francais-arretes-pour-troubles-aggraves-a-lordre-public-et-de-complot-contre-la-surete-interieure-de-letat\/\"]}]},{\"@type\":\"ImageObject\",\"inLanguage\":\"fr-FR\",\"@id\":\"https:\/\/228news.tg\/index.php\/2025\/06\/14\/togo-3-personnes-dont-un-francais-arretes-pour-troubles-aggraves-a-lordre-public-et-de-complot-contre-la-surete-interieure-de-letat\/#primaryimage\",\"url\":\"https:\/\/228news.tg\/wp-content\/uploads\/2025\/06\/IMG-20250611-WA0127.jpg\",\"contentUrl\":\"https:\/\/228news.tg\/wp-content\/uploads\/2025\/06\/IMG-20250611-WA0127.jpg\",\"width\":1024,\"height\":768},{\"@type\":\"BreadcrumbList\",\"@id\":\"https:\/\/228news.tg\/index.php\/2025\/06\/14\/togo-3-personnes-dont-un-francais-arretes-pour-troubles-aggraves-a-lordre-public-et-de-complot-contre-la-surete-interieure-de-letat\/#breadcrumb\",\"itemListElement\":[{\"@type\":\"ListItem\",\"position\":1,\"name\":\"Home\",\"item\":\"https:\/\/228news.tg\/\"},{\"@type\":\"ListItem\",\"position\":2,\"name\":\"Togo : 3 personnes dont un fran\u00e7ais arr\u00eat\u00e9s pour troubles aggrav\u00e9s \u00e0 l\u2019ordre public et de complot contre la s\u00fbret\u00e9 int\u00e9rieure de l\u2019\u00c9tat\"}]},{\"@type\":\"WebSite\",\"@id\":\"https:\/\/228news.tg\/#website\",\"url\":\"https:\/\/228news.tg\/\",\"name\":\"228 News\",\"description\":\"Soci\u00e9t\u00e9 de m\u00e9dias et d\u2019actualit\u00e9s\",\"publisher\":{\"@id\":\"https:\/\/228news.tg\/#organization\"},\"potentialAction\":[{\"@type\":\"SearchAction\",\"target\":{\"@type\":\"EntryPoint\",\"urlTemplate\":\"https:\/\/228news.tg\/?s={search_term_string}\"},\"query-input\":{\"@type\":\"PropertyValueSpecification\",\"valueRequired\":true,\"valueName\":\"search_term_string\"}}],\"inLanguage\":\"fr-FR\"},{\"@type\":\"Organization\",\"@id\":\"https:\/\/228news.tg\/#organization\",\"name\":\"228 News\",\"url\":\"https:\/\/228news.tg\/\",\"logo\":{\"@type\":\"ImageObject\",\"inLanguage\":\"fr-FR\",\"@id\":\"https:\/\/228news.tg\/#\/schema\/logo\/image\/\",\"url\":\"https:\/\/228news.tg\/wp-content\/uploads\/2024\/09\/logonew.png\",\"contentUrl\":\"https:\/\/228news.tg\/wp-content\/uploads\/2024\/09\/logonew.png\",\"width\":1640,\"height\":364,\"caption\":\"228 News\"},\"image\":{\"@id\":\"https:\/\/228news.tg\/#\/schema\/logo\/image\/\"}},{\"@type\":\"Person\",\"@id\":\"https:\/\/228news.tg\/#\/schema\/person\/68d5a6cc0230290e61235c8379523f52\",\"name\":\"Bienvenu SAVI\",\"image\":{\"@type\":\"ImageObject\",\"inLanguage\":\"fr-FR\",\"@id\":\"https:\/\/228news.tg\/#\/schema\/person\/image\/\",\"url\":\"https:\/\/secure.gravatar.com\/avatar\/9db91895c559e510509c33a3e9683998458e9b828fac36d5d1aa23f0f2fd369b?s=96&d=mm&r=g\",\"contentUrl\":\"https:\/\/secure.gravatar.com\/avatar\/9db91895c559e510509c33a3e9683998458e9b828fac36d5d1aa23f0f2fd369b?s=96&d=mm&r=g\",\"caption\":\"Bienvenu SAVI\"},\"url\":\"https:\/\/228news.tg\/index.php\/author\/bienvenu\/\"}]}<\/script>\n<!-- \/ Yoast SEO plugin. -->","yoast_head_json":{"title":"Togo : 3 personnes dont un fran\u00e7ais arr\u00eat\u00e9s pour troubles aggrav\u00e9s \u00e0 l\u2019ordre public et de complot contre la s\u00fbret\u00e9 int\u00e9rieure de l\u2019\u00c9tat - 228 News","robots":{"index":"index","follow":"follow","max-snippet":"max-snippet:-1","max-image-preview":"max-image-preview:large","max-video-preview":"max-video-preview:-1"},"canonical":"https:\/\/228news.tg\/index.php\/2025\/06\/14\/togo-3-personnes-dont-un-francais-arretes-pour-troubles-aggraves-a-lordre-public-et-de-complot-contre-la-surete-interieure-de-letat\/","og_locale":"fr_FR","og_type":"article","og_title":"Togo : 3 personnes dont un fran\u00e7ais arr\u00eat\u00e9s pour troubles aggrav\u00e9s \u00e0 l\u2019ordre public et de complot contre la s\u00fbret\u00e9 int\u00e9rieure de l\u2019\u00c9tat - 228 News","og_description":"65 personnes remises en libert\u00e9. 3 autres sont inculp\u00e9es et 15 personnes encore en attente de pr\u00e9sentation par devant le procureur de la R\u00e9publique. C\u2019est le bilan provisoire des actions judiciaires lanc\u00e9es contre des personnes interpell\u00e9s les 5 et 6 juin dernier, lors des manifestations politiques contre la gouvernance de Faure Gnassingb\u00e9 et la r\u00e9forme ... Lire la suite","og_url":"https:\/\/228news.tg\/index.php\/2025\/06\/14\/togo-3-personnes-dont-un-francais-arretes-pour-troubles-aggraves-a-lordre-public-et-de-complot-contre-la-surete-interieure-de-letat\/","og_site_name":"228 News","article_published_time":"2025-06-14T22:43:32+00:00","og_image":[{"width":1024,"height":768,"url":"https:\/\/228news.tg\/wp-content\/uploads\/2025\/06\/IMG-20250611-WA0127.jpg","type":"image\/jpeg"}],"author":"Bienvenu SAVI","twitter_card":"summary_large_image","twitter_misc":{"\u00c9crit par":"Bienvenu SAVI","Dur\u00e9e de lecture estim\u00e9e":"2 minutes"},"schema":{"@context":"https:\/\/schema.org","@graph":[{"@type":"Article","@id":"https:\/\/228news.tg\/index.php\/2025\/06\/14\/togo-3-personnes-dont-un-francais-arretes-pour-troubles-aggraves-a-lordre-public-et-de-complot-contre-la-surete-interieure-de-letat\/#article","isPartOf":{"@id":"https:\/\/228news.tg\/index.php\/2025\/06\/14\/togo-3-personnes-dont-un-francais-arretes-pour-troubles-aggraves-a-lordre-public-et-de-complot-contre-la-surete-interieure-de-letat\/"},"author":{"name":"Bienvenu SAVI","@id":"https:\/\/228news.tg\/#\/schema\/person\/68d5a6cc0230290e61235c8379523f52"},"headline":"Togo : 3 personnes dont un fran\u00e7ais arr\u00eat\u00e9s pour troubles aggrav\u00e9s \u00e0 l\u2019ordre public et de complot contre la s\u00fbret\u00e9 int\u00e9rieure de l\u2019\u00c9tat","datePublished":"2025-06-14T22:43:32+00:00","mainEntityOfPage":{"@id":"https:\/\/228news.tg\/index.php\/2025\/06\/14\/togo-3-personnes-dont-un-francais-arretes-pour-troubles-aggraves-a-lordre-public-et-de-complot-contre-la-surete-interieure-de-letat\/"},"wordCount":282,"commentCount":0,"publisher":{"@id":"https:\/\/228news.tg\/#organization"},"image":{"@id":"https:\/\/228news.tg\/index.php\/2025\/06\/14\/togo-3-personnes-dont-un-francais-arretes-pour-troubles-aggraves-a-lordre-public-et-de-complot-contre-la-surete-interieure-de-letat\/#primaryimage"},"thumbnailUrl":"https:\/\/228news.tg\/wp-content\/uploads\/2025\/06\/IMG-20250611-WA0127.jpg","articleSection":["POLITIQUE","TOGO"],"inLanguage":"fr-FR","potentialAction":[{"@type":"CommentAction","name":"Comment","target":["https:\/\/228news.tg\/index.php\/2025\/06\/14\/togo-3-personnes-dont-un-francais-arretes-pour-troubles-aggraves-a-lordre-public-et-de-complot-contre-la-surete-interieure-de-letat\/#respond"]}]},{"@type":"WebPage","@id":"https:\/\/228news.tg\/index.php\/2025\/06\/14\/togo-3-personnes-dont-un-francais-arretes-pour-troubles-aggraves-a-lordre-public-et-de-complot-contre-la-surete-interieure-de-letat\/","url":"https:\/\/228news.tg\/index.php\/2025\/06\/14\/togo-3-personnes-dont-un-francais-arretes-pour-troubles-aggraves-a-lordre-public-et-de-complot-contre-la-surete-interieure-de-letat\/","name":"Togo : 3 personnes dont un fran\u00e7ais arr\u00eat\u00e9s pour troubles aggrav\u00e9s \u00e0 l\u2019ordre public et de complot contre la s\u00fbret\u00e9 int\u00e9rieure de l\u2019\u00c9tat - 228 News","isPartOf":{"@id":"https:\/\/228news.tg\/#website"},"primaryImageOfPage":{"@id":"https:\/\/228news.tg\/index.php\/2025\/06\/14\/togo-3-personnes-dont-un-francais-arretes-pour-troubles-aggraves-a-lordre-public-et-de-complot-contre-la-surete-interieure-de-letat\/#primaryimage"},"image":{"@id":"https:\/\/228news.tg\/index.php\/2025\/06\/14\/togo-3-personnes-dont-un-francais-arretes-pour-troubles-aggraves-a-lordre-public-et-de-complot-contre-la-surete-interieure-de-letat\/#primaryimage"},"thumbnailUrl":"https:\/\/228news.tg\/wp-content\/uploads\/2025\/06\/IMG-20250611-WA0127.jpg","datePublished":"2025-06-14T22:43:32+00:00","breadcrumb":{"@id":"https:\/\/228news.tg\/index.php\/2025\/06\/14\/togo-3-personnes-dont-un-francais-arretes-pour-troubles-aggraves-a-lordre-public-et-de-complot-contre-la-surete-interieure-de-letat\/#breadcrumb"},"inLanguage":"fr-FR","potentialAction":[{"@type":"ReadAction","target":["https:\/\/228news.tg\/index.php\/2025\/06\/14\/togo-3-personnes-dont-un-francais-arretes-pour-troubles-aggraves-a-lordre-public-et-de-complot-contre-la-surete-interieure-de-letat\/"]}]},{"@type":"ImageObject","inLanguage":"fr-FR","@id":"https:\/\/228news.tg\/index.php\/2025\/06\/14\/togo-3-personnes-dont-un-francais-arretes-pour-troubles-aggraves-a-lordre-public-et-de-complot-contre-la-surete-interieure-de-letat\/#primaryimage","url":"https:\/\/228news.tg\/wp-content\/uploads\/2025\/06\/IMG-20250611-WA0127.jpg","contentUrl":"https:\/\/228news.tg\/wp-content\/uploads\/2025\/06\/IMG-20250611-WA0127.jpg","width":1024,"height":768},{"@type":"BreadcrumbList","@id":"https:\/\/228news.tg\/index.php\/2025\/06\/14\/togo-3-personnes-dont-un-francais-arretes-pour-troubles-aggraves-a-lordre-public-et-de-complot-contre-la-surete-interieure-de-letat\/#breadcrumb","itemListElement":[{"@type":"ListItem","position":1,"name":"Home","item":"https:\/\/228news.tg\/"},{"@type":"ListItem","position":2,"name":"Togo : 3 personnes dont un fran\u00e7ais arr\u00eat\u00e9s pour troubles aggrav\u00e9s \u00e0 l\u2019ordre public et de complot contre la s\u00fbret\u00e9 int\u00e9rieure de l\u2019\u00c9tat"}]},{"@type":"WebSite","@id":"https:\/\/228news.tg\/#website","url":"https:\/\/228news.tg\/","name":"228 News","description":"Soci\u00e9t\u00e9 de m\u00e9dias et d\u2019actualit\u00e9s","publisher":{"@id":"https:\/\/228news.tg\/#organization"},"potentialAction":[{"@type":"SearchAction","target":{"@type":"EntryPoint","urlTemplate":"https:\/\/228news.tg\/?s={search_term_string}"},"query-input":{"@type":"PropertyValueSpecification","valueRequired":true,"valueName":"search_term_string"}}],"inLanguage":"fr-FR"},{"@type":"Organization","@id":"https:\/\/228news.tg\/#organization","name":"228 News","url":"https:\/\/228news.tg\/","logo":{"@type":"ImageObject","inLanguage":"fr-FR","@id":"https:\/\/228news.tg\/#\/schema\/logo\/image\/","url":"https:\/\/228news.tg\/wp-content\/uploads\/2024\/09\/logonew.png","contentUrl":"https:\/\/228news.tg\/wp-content\/uploads\/2024\/09\/logonew.png","width":1640,"height":364,"caption":"228 News"},"image":{"@id":"https:\/\/228news.tg\/#\/schema\/logo\/image\/"}},{"@type":"Person","@id":"https:\/\/228news.tg\/#\/schema\/person\/68d5a6cc0230290e61235c8379523f52","name":"Bienvenu SAVI","image":{"@type":"ImageObject","inLanguage":"fr-FR","@id":"https:\/\/228news.tg\/#\/schema\/person\/image\/","url":"https:\/\/secure.gravatar.com\/avatar\/9db91895c559e510509c33a3e9683998458e9b828fac36d5d1aa23f0f2fd369b?s=96&d=mm&r=g","contentUrl":"https:\/\/secure.gravatar.com\/avatar\/9db91895c559e510509c33a3e9683998458e9b828fac36d5d1aa23f0f2fd369b?s=96&d=mm&r=g","caption":"Bienvenu SAVI"},"url":"https:\/\/228news.tg\/index.php\/author\/bienvenu\/"}]}},"jetpack_featured_media_url":"https:\/\/228news.tg\/wp-content\/uploads\/2025\/06\/IMG-20250611-WA0127.jpg","_links":{"self":[{"href":"https:\/\/228news.tg\/index.php\/wp-json\/wp\/v2\/posts\/16228","targetHints":{"allow":["GET"]}}],"collection":[{"href":"https:\/\/228news.tg\/index.php\/wp-json\/wp\/v2\/posts"}],"about":[{"href":"https:\/\/228news.tg\/index.php\/wp-json\/wp\/v2\/types\/post"}],"author":[{"embeddable":true,"href":"https:\/\/228news.tg\/index.php\/wp-json\/wp\/v2\/users\/2"}],"replies":[{"embeddable":true,"href":"https:\/\/228news.tg\/index.php\/wp-json\/wp\/v2\/comments?post=16228"}],"version-history":[{"count":1,"href":"https:\/\/228news.tg\/index.php\/wp-json\/wp\/v2\/posts\/16228\/revisions"}],"predecessor-version":[{"id":16230,"href":"https:\/\/228news.tg\/index.php\/wp-json\/wp\/v2\/posts\/16228\/revisions\/16230"}],"wp:featuredmedia":[{"embeddable":true,"href":"https:\/\/228news.tg\/index.php\/wp-json\/wp\/v2\/media\/16229"}],"wp:attachment":[{"href":"https:\/\/228news.tg\/index.php\/wp-json\/wp\/v2\/media?parent=16228"}],"wp:term":[{"taxonomy":"category","embeddable":true,"href":"https:\/\/228news.tg\/index.php\/wp-json\/wp\/v2\/categories?post=16228"},{"taxonomy":"post_tag","embeddable":true,"href":"https:\/\/228news.tg\/index.php\/wp-json\/wp\/v2\/tags?post=16228"}],"curies":[{"name":"wp","href":"https:\/\/api.w.org\/{rel}","templated":true}]}}