{"id":16226,"date":"2025-06-14T22:36:19","date_gmt":"2025-06-14T22:36:19","guid":{"rendered":"https:\/\/228news.tg\/?p=16226"},"modified":"2025-06-14T22:36:19","modified_gmt":"2025-06-14T22:36:19","slug":"repression-des-manifestations-des-5-et-6-juin-2020-au-togo-lanc-exige-la-liberation-dactivistes-et-artistes-injustement-arretes","status":"publish","type":"post","link":"https:\/\/228news.tg\/index.php\/2025\/06\/14\/repression-des-manifestations-des-5-et-6-juin-2020-au-togo-lanc-exige-la-liberation-dactivistes-et-artistes-injustement-arretes\/","title":{"rendered":"R\u00e9pression des manifestations des 5 et 6 juin 2020 au Togo : l\u2019ANC exige la lib\u00e9ration d\u2019activistes et artistes injustement arr\u00eat\u00e9s"},"content":{"rendered":"<p>L\u2019Alliance Nationale pour le Changement (ANC) n\u2019appr\u00e9cie pas la r\u00e9pression des manifestations des 5 et 6 juin 2025 par les autorit\u00e9s togolaises. Le parti de Jean-Pierre Fabre d\u00e9nonce avec force, une atteinte \u00e0 la libert\u00e9 de la presse et la volont\u00e9 du pouvoir de b\u00e2illonner les voix libres et d&rsquo;\u00e9touffer la v\u00e9rit\u00e9.<\/p>\n<p>L\u2019ANC, entendu Alliance Nationale pour le Changement a exprim\u00e9, dans un communiqu\u00e9 rendu public ce 11 juin 2025, sa vive indignation et sa condamnation ferme face \u00e0 la r\u00e9pression violente orchestr\u00e9e par les forces de s\u00e9curit\u00e9 togolaises \u00e0 l\u2019encontre des manifestations pacifiques organis\u00e9es les 5 et 6 juin derniers \u00e0 Lom\u00e9, Kara et dans plusieurs autres localit\u00e9s du pays.<br \/>\nSelon la formation politique ch\u00e8re \u00e0 l\u2019opposant Jean-Pierre Fabre, ces manifestations, initi\u00e9es par une jeunesse togolaise exasp\u00e9r\u00e9e, visaient \u00e0 \u00ab d\u00e9noncer les d\u00e9rives autoritaires et la mauvaise gouvernance du r\u00e9gime RPT\/UNIR, ainsi qu\u2019\u00e0 exiger la lib\u00e9ration d\u2019activistes et d\u2019artistes injustement arr\u00eat\u00e9s \u00bb. En effet, Arm\u00e9s de leur seule voix et de leur d\u00e9termination, les jeunes manifestants \u00ab repr\u00e9sentaient une g\u00e9n\u00e9ration en qu\u00eate de justice, de dignit\u00e9 et d\u2019opportunit\u00e9s \u00bb.<br \/>\n\u00ab Malgr\u00e9 leur caract\u00e8re pacifique, ces rassemblements ont \u00e9t\u00e9 violemment dispers\u00e9s par des forces de l\u2019ordre lourdement d\u00e9ploy\u00e9es. Des matraquages, des jets de gaz lacrymog\u00e8nes et de nombreuses arrestations arbitraires ont \u00e9t\u00e9 enregistr\u00e9s \u00bb, d\u00e9nonce le parti. Parmi les victimes de cette r\u00e9pression, plusieurs journalistes ont \u00e9t\u00e9 cibl\u00e9s, dont la correspondante de TV5 Monde au Togo. \u00ab Malgr\u00e9 la pr\u00e9sentation de sa carte de presse et de son accr\u00e9ditation officielle d\u00e9livr\u00e9e par la Haute Autorit\u00e9 de l\u2019Audiovisuel et de la Communication (HAAC), elle a \u00e9t\u00e9 interpell\u00e9e, son mat\u00e9riel saisi, et contrainte d&rsquo;effacer les images de la r\u00e9pression avant de pouvoir r\u00e9cup\u00e9rer ses \u00e9quipements. \u00bb, condamne l\u2019ANC avec force.<br \/>\nLe parti dit condamner fermement ces atteintes graves \u00e0 la libert\u00e9 de la presse, d\u00e9non\u00e7ant une volont\u00e9 manifeste de b\u00e2illonner les voix libres et d&rsquo;\u00e9touffer la v\u00e9rit\u00e9.<br \/>\nDans cette d\u00e9claration, l\u2019ANC salue le courage, la lucidit\u00e9 et la d\u00e9termination de la jeunesse togolaise, qui, par son engagement citoyen, incarne l&rsquo;espoir d\u2019un Togo libre, juste et d\u00e9mocratique. Elle exprime sa pleine solidarit\u00e9 avec les manifestants, les activistes et les artistes qui paient aujourd\u2019hui le prix de leur engagement pour les droits humains et les libert\u00e9s fondamentales.<br \/>\nPrenant acte de la lib\u00e9ration de 56 personnes arr\u00eat\u00e9es lors des manifestations, cette formation \u00ab exige la lib\u00e9ration imm\u00e9diate et inconditionnelle de tous les autres prisonniers d\u2019opinion encore d\u00e9tenus \u00bb.<br \/>\nEnfin, l\u2019ANC r\u00e9affirme son engagement ind\u00e9fectible aux c\u00f4t\u00e9s du peuple togolais dans la lutte pour l\u2019instauration d\u2019un \u00c9tat de droit, d\u2019une gouvernance d\u00e9mocratique et d\u2019un avenir meilleur pour la jeunesse togolaise, dans un pays enfin lib\u00e9r\u00e9 du \u00ab joug de la dictature militaro-clanique du RPT\/UNIR \u00bb.<\/p>\n","protected":false},"excerpt":{"rendered":"<p>L\u2019Alliance Nationale pour le Changement (ANC) n\u2019appr\u00e9cie pas la r\u00e9pression des manifestations des 5 et 6 juin 2025 par les autorit\u00e9s togolaises. Le parti de Jean-Pierre Fabre d\u00e9nonce avec force, une atteinte \u00e0 la libert\u00e9 de la presse et la volont\u00e9 du pouvoir de b\u00e2illonner les voix libres et d&rsquo;\u00e9touffer la v\u00e9rit\u00e9. L\u2019ANC, entendu Alliance &#8230; <a title=\"R\u00e9pression des manifestations des 5 et 6 juin 2020 au Togo : l\u2019ANC exige la lib\u00e9ration d\u2019activistes et artistes injustement arr\u00eat\u00e9s\" class=\"read-more\" href=\"https:\/\/228news.tg\/index.php\/2025\/06\/14\/repression-des-manifestations-des-5-et-6-juin-2020-au-togo-lanc-exige-la-liberation-dactivistes-et-artistes-injustement-arretes\/\" aria-label=\"En savoir plus sur R\u00e9pression des manifestations des 5 et 6 juin 2020 au Togo : l\u2019ANC exige la lib\u00e9ration d\u2019activistes et artistes injustement arr\u00eat\u00e9s\">Lire la suite<\/a><\/p>\n","protected":false},"author":2,"featured_media":16218,"comment_status":"open","ping_status":"open","sticky":false,"template":"","format":"standard","meta":{"footnotes":""},"categories":[33,25],"tags":[],"class_list":["post-16226","post","type-post","status-publish","format-standard","has-post-thumbnail","hentry","category-politique","category-togo"],"yoast_head":"<!-- This site is optimized with the Yoast SEO plugin v26.4 - https:\/\/yoast.com\/wordpress\/plugins\/seo\/ -->\n<title>R\u00e9pression des manifestations des 5 et 6 juin 2020 au Togo : l\u2019ANC exige la lib\u00e9ration d\u2019activistes et artistes injustement arr\u00eat\u00e9s - 228 News<\/title>\n<meta name=\"robots\" content=\"index, follow, max-snippet:-1, max-image-preview:large, max-video-preview:-1\" \/>\n<link rel=\"canonical\" href=\"https:\/\/228news.tg\/index.php\/2025\/06\/14\/repression-des-manifestations-des-5-et-6-juin-2020-au-togo-lanc-exige-la-liberation-dactivistes-et-artistes-injustement-arretes\/\" \/>\n<meta property=\"og:locale\" content=\"fr_FR\" \/>\n<meta property=\"og:type\" content=\"article\" \/>\n<meta property=\"og:title\" content=\"R\u00e9pression des manifestations des 5 et 6 juin 2020 au Togo : l\u2019ANC exige la lib\u00e9ration d\u2019activistes et artistes injustement arr\u00eat\u00e9s - 228 News\" \/>\n<meta property=\"og:description\" content=\"L\u2019Alliance Nationale pour le Changement (ANC) n\u2019appr\u00e9cie pas la r\u00e9pression des manifestations des 5 et 6 juin 2025 par les autorit\u00e9s togolaises. Le parti de Jean-Pierre Fabre d\u00e9nonce avec force, une atteinte \u00e0 la libert\u00e9 de la presse et la volont\u00e9 du pouvoir de b\u00e2illonner les voix libres et d&rsquo;\u00e9touffer la v\u00e9rit\u00e9. L\u2019ANC, entendu Alliance ... Lire la suite\" \/>\n<meta property=\"og:url\" content=\"https:\/\/228news.tg\/index.php\/2025\/06\/14\/repression-des-manifestations-des-5-et-6-juin-2020-au-togo-lanc-exige-la-liberation-dactivistes-et-artistes-injustement-arretes\/\" \/>\n<meta property=\"og:site_name\" content=\"228 News\" \/>\n<meta property=\"article:published_time\" content=\"2025-06-14T22:36:19+00:00\" \/>\n<meta property=\"og:image\" content=\"https:\/\/228news.tg\/wp-content\/uploads\/2025\/06\/IMG-20250610-WA0232.jpg\" \/>\n\t<meta property=\"og:image:width\" content=\"1080\" \/>\n\t<meta property=\"og:image:height\" content=\"607\" \/>\n\t<meta property=\"og:image:type\" content=\"image\/jpeg\" \/>\n<meta name=\"author\" content=\"Bienvenu SAVI\" \/>\n<meta name=\"twitter:card\" content=\"summary_large_image\" \/>\n<meta name=\"twitter:label1\" content=\"\u00c9crit par\" \/>\n\t<meta name=\"twitter:data1\" content=\"Bienvenu SAVI\" \/>\n\t<meta name=\"twitter:label2\" content=\"Dur\u00e9e de lecture estim\u00e9e\" \/>\n\t<meta name=\"twitter:data2\" content=\"3 minutes\" \/>\n<script type=\"application\/ld+json\" class=\"yoast-schema-graph\">{\"@context\":\"https:\/\/schema.org\",\"@graph\":[{\"@type\":\"Article\",\"@id\":\"https:\/\/228news.tg\/index.php\/2025\/06\/14\/repression-des-manifestations-des-5-et-6-juin-2020-au-togo-lanc-exige-la-liberation-dactivistes-et-artistes-injustement-arretes\/#article\",\"isPartOf\":{\"@id\":\"https:\/\/228news.tg\/index.php\/2025\/06\/14\/repression-des-manifestations-des-5-et-6-juin-2020-au-togo-lanc-exige-la-liberation-dactivistes-et-artistes-injustement-arretes\/\"},\"author\":{\"name\":\"Bienvenu SAVI\",\"@id\":\"https:\/\/228news.tg\/#\/schema\/person\/68d5a6cc0230290e61235c8379523f52\"},\"headline\":\"R\u00e9pression des manifestations des 5 et 6 juin 2020 au Togo : l\u2019ANC exige la lib\u00e9ration d\u2019activistes et artistes injustement arr\u00eat\u00e9s\",\"datePublished\":\"2025-06-14T22:36:19+00:00\",\"mainEntityOfPage\":{\"@id\":\"https:\/\/228news.tg\/index.php\/2025\/06\/14\/repression-des-manifestations-des-5-et-6-juin-2020-au-togo-lanc-exige-la-liberation-dactivistes-et-artistes-injustement-arretes\/\"},\"wordCount\":537,\"commentCount\":0,\"publisher\":{\"@id\":\"https:\/\/228news.tg\/#organization\"},\"image\":{\"@id\":\"https:\/\/228news.tg\/index.php\/2025\/06\/14\/repression-des-manifestations-des-5-et-6-juin-2020-au-togo-lanc-exige-la-liberation-dactivistes-et-artistes-injustement-arretes\/#primaryimage\"},\"thumbnailUrl\":\"https:\/\/228news.tg\/wp-content\/uploads\/2025\/06\/IMG-20250610-WA0232.jpg\",\"articleSection\":[\"POLITIQUE\",\"TOGO\"],\"inLanguage\":\"fr-FR\",\"potentialAction\":[{\"@type\":\"CommentAction\",\"name\":\"Comment\",\"target\":[\"https:\/\/228news.tg\/index.php\/2025\/06\/14\/repression-des-manifestations-des-5-et-6-juin-2020-au-togo-lanc-exige-la-liberation-dactivistes-et-artistes-injustement-arretes\/#respond\"]}]},{\"@type\":\"WebPage\",\"@id\":\"https:\/\/228news.tg\/index.php\/2025\/06\/14\/repression-des-manifestations-des-5-et-6-juin-2020-au-togo-lanc-exige-la-liberation-dactivistes-et-artistes-injustement-arretes\/\",\"url\":\"https:\/\/228news.tg\/index.php\/2025\/06\/14\/repression-des-manifestations-des-5-et-6-juin-2020-au-togo-lanc-exige-la-liberation-dactivistes-et-artistes-injustement-arretes\/\",\"name\":\"R\u00e9pression des manifestations des 5 et 6 juin 2020 au Togo : l\u2019ANC exige la lib\u00e9ration d\u2019activistes et artistes injustement arr\u00eat\u00e9s - 228 News\",\"isPartOf\":{\"@id\":\"https:\/\/228news.tg\/#website\"},\"primaryImageOfPage\":{\"@id\":\"https:\/\/228news.tg\/index.php\/2025\/06\/14\/repression-des-manifestations-des-5-et-6-juin-2020-au-togo-lanc-exige-la-liberation-dactivistes-et-artistes-injustement-arretes\/#primaryimage\"},\"image\":{\"@id\":\"https:\/\/228news.tg\/index.php\/2025\/06\/14\/repression-des-manifestations-des-5-et-6-juin-2020-au-togo-lanc-exige-la-liberation-dactivistes-et-artistes-injustement-arretes\/#primaryimage\"},\"thumbnailUrl\":\"https:\/\/228news.tg\/wp-content\/uploads\/2025\/06\/IMG-20250610-WA0232.jpg\",\"datePublished\":\"2025-06-14T22:36:19+00:00\",\"breadcrumb\":{\"@id\":\"https:\/\/228news.tg\/index.php\/2025\/06\/14\/repression-des-manifestations-des-5-et-6-juin-2020-au-togo-lanc-exige-la-liberation-dactivistes-et-artistes-injustement-arretes\/#breadcrumb\"},\"inLanguage\":\"fr-FR\",\"potentialAction\":[{\"@type\":\"ReadAction\",\"target\":[\"https:\/\/228news.tg\/index.php\/2025\/06\/14\/repression-des-manifestations-des-5-et-6-juin-2020-au-togo-lanc-exige-la-liberation-dactivistes-et-artistes-injustement-arretes\/\"]}]},{\"@type\":\"ImageObject\",\"inLanguage\":\"fr-FR\",\"@id\":\"https:\/\/228news.tg\/index.php\/2025\/06\/14\/repression-des-manifestations-des-5-et-6-juin-2020-au-togo-lanc-exige-la-liberation-dactivistes-et-artistes-injustement-arretes\/#primaryimage\",\"url\":\"https:\/\/228news.tg\/wp-content\/uploads\/2025\/06\/IMG-20250610-WA0232.jpg\",\"contentUrl\":\"https:\/\/228news.tg\/wp-content\/uploads\/2025\/06\/IMG-20250610-WA0232.jpg\",\"width\":1080,\"height\":607},{\"@type\":\"BreadcrumbList\",\"@id\":\"https:\/\/228news.tg\/index.php\/2025\/06\/14\/repression-des-manifestations-des-5-et-6-juin-2020-au-togo-lanc-exige-la-liberation-dactivistes-et-artistes-injustement-arretes\/#breadcrumb\",\"itemListElement\":[{\"@type\":\"ListItem\",\"position\":1,\"name\":\"Home\",\"item\":\"https:\/\/228news.tg\/\"},{\"@type\":\"ListItem\",\"position\":2,\"name\":\"R\u00e9pression des manifestations des 5 et 6 juin 2020 au Togo : l\u2019ANC exige la lib\u00e9ration d\u2019activistes et artistes injustement arr\u00eat\u00e9s\"}]},{\"@type\":\"WebSite\",\"@id\":\"https:\/\/228news.tg\/#website\",\"url\":\"https:\/\/228news.tg\/\",\"name\":\"228 News\",\"description\":\"Soci\u00e9t\u00e9 de m\u00e9dias et d\u2019actualit\u00e9s\",\"publisher\":{\"@id\":\"https:\/\/228news.tg\/#organization\"},\"potentialAction\":[{\"@type\":\"SearchAction\",\"target\":{\"@type\":\"EntryPoint\",\"urlTemplate\":\"https:\/\/228news.tg\/?s={search_term_string}\"},\"query-input\":{\"@type\":\"PropertyValueSpecification\",\"valueRequired\":true,\"valueName\":\"search_term_string\"}}],\"inLanguage\":\"fr-FR\"},{\"@type\":\"Organization\",\"@id\":\"https:\/\/228news.tg\/#organization\",\"name\":\"228 News\",\"url\":\"https:\/\/228news.tg\/\",\"logo\":{\"@type\":\"ImageObject\",\"inLanguage\":\"fr-FR\",\"@id\":\"https:\/\/228news.tg\/#\/schema\/logo\/image\/\",\"url\":\"https:\/\/228news.tg\/wp-content\/uploads\/2024\/09\/logonew.png\",\"contentUrl\":\"https:\/\/228news.tg\/wp-content\/uploads\/2024\/09\/logonew.png\",\"width\":1640,\"height\":364,\"caption\":\"228 News\"},\"image\":{\"@id\":\"https:\/\/228news.tg\/#\/schema\/logo\/image\/\"}},{\"@type\":\"Person\",\"@id\":\"https:\/\/228news.tg\/#\/schema\/person\/68d5a6cc0230290e61235c8379523f52\",\"name\":\"Bienvenu SAVI\",\"image\":{\"@type\":\"ImageObject\",\"inLanguage\":\"fr-FR\",\"@id\":\"https:\/\/228news.tg\/#\/schema\/person\/image\/\",\"url\":\"https:\/\/secure.gravatar.com\/avatar\/9db91895c559e510509c33a3e9683998458e9b828fac36d5d1aa23f0f2fd369b?s=96&d=mm&r=g\",\"contentUrl\":\"https:\/\/secure.gravatar.com\/avatar\/9db91895c559e510509c33a3e9683998458e9b828fac36d5d1aa23f0f2fd369b?s=96&d=mm&r=g\",\"caption\":\"Bienvenu SAVI\"},\"url\":\"https:\/\/228news.tg\/index.php\/author\/bienvenu\/\"}]}<\/script>\n<!-- \/ Yoast SEO plugin. -->","yoast_head_json":{"title":"R\u00e9pression des manifestations des 5 et 6 juin 2020 au Togo : l\u2019ANC exige la lib\u00e9ration d\u2019activistes et artistes injustement arr\u00eat\u00e9s - 228 News","robots":{"index":"index","follow":"follow","max-snippet":"max-snippet:-1","max-image-preview":"max-image-preview:large","max-video-preview":"max-video-preview:-1"},"canonical":"https:\/\/228news.tg\/index.php\/2025\/06\/14\/repression-des-manifestations-des-5-et-6-juin-2020-au-togo-lanc-exige-la-liberation-dactivistes-et-artistes-injustement-arretes\/","og_locale":"fr_FR","og_type":"article","og_title":"R\u00e9pression des manifestations des 5 et 6 juin 2020 au Togo : l\u2019ANC exige la lib\u00e9ration d\u2019activistes et artistes injustement arr\u00eat\u00e9s - 228 News","og_description":"L\u2019Alliance Nationale pour le Changement (ANC) n\u2019appr\u00e9cie pas la r\u00e9pression des manifestations des 5 et 6 juin 2025 par les autorit\u00e9s togolaises. Le parti de Jean-Pierre Fabre d\u00e9nonce avec force, une atteinte \u00e0 la libert\u00e9 de la presse et la volont\u00e9 du pouvoir de b\u00e2illonner les voix libres et d&rsquo;\u00e9touffer la v\u00e9rit\u00e9. L\u2019ANC, entendu Alliance ... Lire la suite","og_url":"https:\/\/228news.tg\/index.php\/2025\/06\/14\/repression-des-manifestations-des-5-et-6-juin-2020-au-togo-lanc-exige-la-liberation-dactivistes-et-artistes-injustement-arretes\/","og_site_name":"228 News","article_published_time":"2025-06-14T22:36:19+00:00","og_image":[{"width":1080,"height":607,"url":"https:\/\/228news.tg\/wp-content\/uploads\/2025\/06\/IMG-20250610-WA0232.jpg","type":"image\/jpeg"}],"author":"Bienvenu SAVI","twitter_card":"summary_large_image","twitter_misc":{"\u00c9crit par":"Bienvenu SAVI","Dur\u00e9e de lecture estim\u00e9e":"3 minutes"},"schema":{"@context":"https:\/\/schema.org","@graph":[{"@type":"Article","@id":"https:\/\/228news.tg\/index.php\/2025\/06\/14\/repression-des-manifestations-des-5-et-6-juin-2020-au-togo-lanc-exige-la-liberation-dactivistes-et-artistes-injustement-arretes\/#article","isPartOf":{"@id":"https:\/\/228news.tg\/index.php\/2025\/06\/14\/repression-des-manifestations-des-5-et-6-juin-2020-au-togo-lanc-exige-la-liberation-dactivistes-et-artistes-injustement-arretes\/"},"author":{"name":"Bienvenu SAVI","@id":"https:\/\/228news.tg\/#\/schema\/person\/68d5a6cc0230290e61235c8379523f52"},"headline":"R\u00e9pression des manifestations des 5 et 6 juin 2020 au Togo : l\u2019ANC exige la lib\u00e9ration d\u2019activistes et artistes injustement arr\u00eat\u00e9s","datePublished":"2025-06-14T22:36:19+00:00","mainEntityOfPage":{"@id":"https:\/\/228news.tg\/index.php\/2025\/06\/14\/repression-des-manifestations-des-5-et-6-juin-2020-au-togo-lanc-exige-la-liberation-dactivistes-et-artistes-injustement-arretes\/"},"wordCount":537,"commentCount":0,"publisher":{"@id":"https:\/\/228news.tg\/#organization"},"image":{"@id":"https:\/\/228news.tg\/index.php\/2025\/06\/14\/repression-des-manifestations-des-5-et-6-juin-2020-au-togo-lanc-exige-la-liberation-dactivistes-et-artistes-injustement-arretes\/#primaryimage"},"thumbnailUrl":"https:\/\/228news.tg\/wp-content\/uploads\/2025\/06\/IMG-20250610-WA0232.jpg","articleSection":["POLITIQUE","TOGO"],"inLanguage":"fr-FR","potentialAction":[{"@type":"CommentAction","name":"Comment","target":["https:\/\/228news.tg\/index.php\/2025\/06\/14\/repression-des-manifestations-des-5-et-6-juin-2020-au-togo-lanc-exige-la-liberation-dactivistes-et-artistes-injustement-arretes\/#respond"]}]},{"@type":"WebPage","@id":"https:\/\/228news.tg\/index.php\/2025\/06\/14\/repression-des-manifestations-des-5-et-6-juin-2020-au-togo-lanc-exige-la-liberation-dactivistes-et-artistes-injustement-arretes\/","url":"https:\/\/228news.tg\/index.php\/2025\/06\/14\/repression-des-manifestations-des-5-et-6-juin-2020-au-togo-lanc-exige-la-liberation-dactivistes-et-artistes-injustement-arretes\/","name":"R\u00e9pression des manifestations des 5 et 6 juin 2020 au Togo : l\u2019ANC exige la lib\u00e9ration d\u2019activistes et artistes injustement arr\u00eat\u00e9s - 228 News","isPartOf":{"@id":"https:\/\/228news.tg\/#website"},"primaryImageOfPage":{"@id":"https:\/\/228news.tg\/index.php\/2025\/06\/14\/repression-des-manifestations-des-5-et-6-juin-2020-au-togo-lanc-exige-la-liberation-dactivistes-et-artistes-injustement-arretes\/#primaryimage"},"image":{"@id":"https:\/\/228news.tg\/index.php\/2025\/06\/14\/repression-des-manifestations-des-5-et-6-juin-2020-au-togo-lanc-exige-la-liberation-dactivistes-et-artistes-injustement-arretes\/#primaryimage"},"thumbnailUrl":"https:\/\/228news.tg\/wp-content\/uploads\/2025\/06\/IMG-20250610-WA0232.jpg","datePublished":"2025-06-14T22:36:19+00:00","breadcrumb":{"@id":"https:\/\/228news.tg\/index.php\/2025\/06\/14\/repression-des-manifestations-des-5-et-6-juin-2020-au-togo-lanc-exige-la-liberation-dactivistes-et-artistes-injustement-arretes\/#breadcrumb"},"inLanguage":"fr-FR","potentialAction":[{"@type":"ReadAction","target":["https:\/\/228news.tg\/index.php\/2025\/06\/14\/repression-des-manifestations-des-5-et-6-juin-2020-au-togo-lanc-exige-la-liberation-dactivistes-et-artistes-injustement-arretes\/"]}]},{"@type":"ImageObject","inLanguage":"fr-FR","@id":"https:\/\/228news.tg\/index.php\/2025\/06\/14\/repression-des-manifestations-des-5-et-6-juin-2020-au-togo-lanc-exige-la-liberation-dactivistes-et-artistes-injustement-arretes\/#primaryimage","url":"https:\/\/228news.tg\/wp-content\/uploads\/2025\/06\/IMG-20250610-WA0232.jpg","contentUrl":"https:\/\/228news.tg\/wp-content\/uploads\/2025\/06\/IMG-20250610-WA0232.jpg","width":1080,"height":607},{"@type":"BreadcrumbList","@id":"https:\/\/228news.tg\/index.php\/2025\/06\/14\/repression-des-manifestations-des-5-et-6-juin-2020-au-togo-lanc-exige-la-liberation-dactivistes-et-artistes-injustement-arretes\/#breadcrumb","itemListElement":[{"@type":"ListItem","position":1,"name":"Home","item":"https:\/\/228news.tg\/"},{"@type":"ListItem","position":2,"name":"R\u00e9pression des manifestations des 5 et 6 juin 2020 au Togo : l\u2019ANC exige la lib\u00e9ration d\u2019activistes et artistes injustement arr\u00eat\u00e9s"}]},{"@type":"WebSite","@id":"https:\/\/228news.tg\/#website","url":"https:\/\/228news.tg\/","name":"228 News","description":"Soci\u00e9t\u00e9 de m\u00e9dias et d\u2019actualit\u00e9s","publisher":{"@id":"https:\/\/228news.tg\/#organization"},"potentialAction":[{"@type":"SearchAction","target":{"@type":"EntryPoint","urlTemplate":"https:\/\/228news.tg\/?s={search_term_string}"},"query-input":{"@type":"PropertyValueSpecification","valueRequired":true,"valueName":"search_term_string"}}],"inLanguage":"fr-FR"},{"@type":"Organization","@id":"https:\/\/228news.tg\/#organization","name":"228 News","url":"https:\/\/228news.tg\/","logo":{"@type":"ImageObject","inLanguage":"fr-FR","@id":"https:\/\/228news.tg\/#\/schema\/logo\/image\/","url":"https:\/\/228news.tg\/wp-content\/uploads\/2024\/09\/logonew.png","contentUrl":"https:\/\/228news.tg\/wp-content\/uploads\/2024\/09\/logonew.png","width":1640,"height":364,"caption":"228 News"},"image":{"@id":"https:\/\/228news.tg\/#\/schema\/logo\/image\/"}},{"@type":"Person","@id":"https:\/\/228news.tg\/#\/schema\/person\/68d5a6cc0230290e61235c8379523f52","name":"Bienvenu SAVI","image":{"@type":"ImageObject","inLanguage":"fr-FR","@id":"https:\/\/228news.tg\/#\/schema\/person\/image\/","url":"https:\/\/secure.gravatar.com\/avatar\/9db91895c559e510509c33a3e9683998458e9b828fac36d5d1aa23f0f2fd369b?s=96&d=mm&r=g","contentUrl":"https:\/\/secure.gravatar.com\/avatar\/9db91895c559e510509c33a3e9683998458e9b828fac36d5d1aa23f0f2fd369b?s=96&d=mm&r=g","caption":"Bienvenu SAVI"},"url":"https:\/\/228news.tg\/index.php\/author\/bienvenu\/"}]}},"jetpack_featured_media_url":"https:\/\/228news.tg\/wp-content\/uploads\/2025\/06\/IMG-20250610-WA0232.jpg","_links":{"self":[{"href":"https:\/\/228news.tg\/index.php\/wp-json\/wp\/v2\/posts\/16226","targetHints":{"allow":["GET"]}}],"collection":[{"href":"https:\/\/228news.tg\/index.php\/wp-json\/wp\/v2\/posts"}],"about":[{"href":"https:\/\/228news.tg\/index.php\/wp-json\/wp\/v2\/types\/post"}],"author":[{"embeddable":true,"href":"https:\/\/228news.tg\/index.php\/wp-json\/wp\/v2\/users\/2"}],"replies":[{"embeddable":true,"href":"https:\/\/228news.tg\/index.php\/wp-json\/wp\/v2\/comments?post=16226"}],"version-history":[{"count":1,"href":"https:\/\/228news.tg\/index.php\/wp-json\/wp\/v2\/posts\/16226\/revisions"}],"predecessor-version":[{"id":16227,"href":"https:\/\/228news.tg\/index.php\/wp-json\/wp\/v2\/posts\/16226\/revisions\/16227"}],"wp:featuredmedia":[{"embeddable":true,"href":"https:\/\/228news.tg\/index.php\/wp-json\/wp\/v2\/media\/16218"}],"wp:attachment":[{"href":"https:\/\/228news.tg\/index.php\/wp-json\/wp\/v2\/media?parent=16226"}],"wp:term":[{"taxonomy":"category","embeddable":true,"href":"https:\/\/228news.tg\/index.php\/wp-json\/wp\/v2\/categories?post=16226"},{"taxonomy":"post_tag","embeddable":true,"href":"https:\/\/228news.tg\/index.php\/wp-json\/wp\/v2\/tags?post=16226"}],"curies":[{"name":"wp","href":"https:\/\/api.w.org\/{rel}","templated":true}]}}