{"id":16217,"date":"2025-06-11T07:28:34","date_gmt":"2025-06-11T07:28:34","guid":{"rendered":"https:\/\/228news.tg\/?p=16217"},"modified":"2025-06-11T07:28:34","modified_gmt":"2025-06-11T07:28:34","slug":"togo-les-rues-suffiront-elles-pour-defier-faure-gnassingbe","status":"publish","type":"post","link":"https:\/\/228news.tg\/index.php\/2025\/06\/11\/togo-les-rues-suffiront-elles-pour-defier-faure-gnassingbe\/","title":{"rendered":"Togo : les rues suffiront-elles pour d\u00e9fier Faure Gnassingb\u00e9 ?"},"content":{"rendered":"<p>Les rues togolaises pourraient \u00e0 nouveau vibrer au rythme des manifestations politiques . Alors que le climat politique reste tendu, les opposants \u00e0 Faure Gnassingb\u00e9 ne d\u00e9sarment pas. Apr\u00e8s la mobilisation spontan\u00e9e du 6 juin 2025, organis\u00e9e comme un \u00ab cadeau \u00bb pour les 59 ans du Pr\u00e9sident du Conseil des ministres du Togo, de nouvelles manifestations sont annonc\u00e9es pour les 26, 27 et 28 juin.<\/p>\n<p>Ces trois dates, sur lesquelles planent de nombreuses interrogations, pourraient marquer un tournant dans l\u2019histoire politique du pays. Les initiateurs de ces manifestations entendent exiger, une fois de plus, le d\u00e9part du pr\u00e9sident Faure Gnassingb\u00e9, au pouvoir depuis 2005. La col\u00e8re gronde, et la d\u00e9fiance semble atteindre un chemin de non retour, \u00e0 en croire les organisateurs .<\/p>\n<p><strong>Des coulisses aux rues : un plan en pr\u00e9paration ? <\/strong><\/p>\n<p>Dans un message relay\u00e9 sur les r\u00e9seaux sociaux, Egountchi Behanzin, pr\u00e9sent\u00e9 comme le commandant en chef de la LDNA (Ligue de D\u00e9fense Noire Africaine) et de la BRDP (Brigade de R\u00e9pression du Dictateur Pr\u00e9sidentiel), annonce les couleurs pour ces trois (03) dates.<\/p>\n<p>Sur sa page Facebook, on pouvait lire : \u00abPoutine est d\u2019accord. Cher peuple du Togo, rendez-vous les 26, 27 et 28 juin. Le r\u00e9gime nazi de Faure Gnassingb\u00e9 vit ses derniers moments. Nous allons le faire. Restons concentr\u00e9s et ne nous laissons pas distraire par les bavardages inutiles des plaisantins affam\u00e9s sur les r\u00e9seaux sociaux. Tout se passe en coulisse ; c\u2019est l\u00e0-bas que les grands hommes discutent. Comprendra qui pourra. \u00bb<\/p>\n<p>Ce discours martial, teint\u00e9 de myst\u00e8re, laisse entendre que des tractations de haut niveau seraient en cours, en dehors de la sc\u00e8ne publique. Mais ces appels suffiront-ils \u00e0 r\u00e9veiller la rue togolaise et faire chuter Faure Gnassingb\u00e9 du haut de la fauteuil pr\u00e9sidentielle ?<\/p>\n<p><strong>Du d\u00e9j\u00e0-vu ? <\/strong><\/p>\n<p>L\u2019histoire politique r\u00e9cente du Togo rappelle que ce type de mobilisation n\u2019est pas in\u00e9dit. En 2017, le pays avait d\u00e9j\u00e0 connu une s\u00e9rie de manifestations de grande ampleur, sous la houlette du Parti National Panafricain (PNP) de Tikpi Atchadam. \u00c0 l\u2019\u00e9poque, les revendications \u00e9taient similaires. Il s\u2019agissait du d\u00e9part de Faure Gnassingb\u00e9 et le retour \u00e0 la Constitution de 1992. Si l\u2019\u00e9lan avait \u00e9t\u00e9 fort au d\u00e9part, la r\u00e9pression et l\u2019essoufflement progressif du mouvement avaient finalement conduit \u00e0 un \u00e9chec.<\/p>\n<p>Aujourd\u2019hui, la situation est-elle diff\u00e9rente ? Les r\u00e9seaux sociaux ont boulevers\u00e9 les modes d\u2019organisation et de mobilisation, mais la question de l\u2019impact r\u00e9el sur le terrain reste enti\u00e8re. Une mobilisation virtuelle peut-elle r\u00e9ellement se traduire par une dynamique politique d\u00e9cisive ?<\/p>\n<p><strong>Mais que cachent vraiment les dates du 26, 27 et 28 juin ? <\/strong><\/p>\n<p>\u00c0 ce stade, difficile de dire ce qui rend ces dates si sp\u00e9ciales. Aucun \u00e9v\u00e9nement politique majeur connu n\u2019est historiquement associ\u00e9 \u00e0 cette p\u00e9riode dans le calendrier togolais. S&rsquo;agit-il d\u2019un simple choix strat\u00e9gique ? Ou ces dates ont-elles une signification connue des seuls initi\u00e9s du mouvement ? Le flou entretenu autour de ces journ\u00e9es contribue sans doute \u00e0 maintenir l\u2019attention et \u00e0 nourrir l\u2019attente.<\/p>\n<p>En attendant, les regards sont tourn\u00e9s vers ces trois jours annonc\u00e9s comme d\u00e9cisifs. L\u2019opposition saura-t-elle cr\u00e9er un v\u00e9ritable rapport de force ? Ou assistera-t-on \u00e0 une nouvelle d\u00e9monstration de force r\u00e9prim\u00e9e et oubli\u00e9e comme par le pass\u00e9 ? Mais les rues suffiront-elles pour d\u00e9fier Faure Gnassingb\u00e9 ? Une chose est s\u00fbre : les Togolais retiennent leur souffle.<\/p>\n<p>228news<\/p>\n<p>&nbsp;<\/p>\n<p>&nbsp;<\/p>\n<p>&nbsp;<\/p>\n<p>&nbsp;<\/p>\n<p>&nbsp;<\/p>\n<p>&nbsp;<\/p>\n<p>&nbsp;<\/p>\n<p>&nbsp;<\/p>\n<p>&nbsp;<\/p>\n","protected":false},"excerpt":{"rendered":"<p>Les rues togolaises pourraient \u00e0 nouveau vibrer au rythme des manifestations politiques . Alors que le climat politique reste tendu, les opposants \u00e0 Faure Gnassingb\u00e9 ne d\u00e9sarment pas. Apr\u00e8s la mobilisation spontan\u00e9e du 6 juin 2025, organis\u00e9e comme un \u00ab cadeau \u00bb pour les 59 ans du Pr\u00e9sident du Conseil des ministres du Togo, de &#8230; <a title=\"Togo : les rues suffiront-elles pour d\u00e9fier Faure Gnassingb\u00e9 ?\" class=\"read-more\" href=\"https:\/\/228news.tg\/index.php\/2025\/06\/11\/togo-les-rues-suffiront-elles-pour-defier-faure-gnassingbe\/\" aria-label=\"En savoir plus sur Togo : les rues suffiront-elles pour d\u00e9fier Faure Gnassingb\u00e9 ?\">Lire la suite<\/a><\/p>\n","protected":false},"author":2,"featured_media":16218,"comment_status":"open","ping_status":"open","sticky":false,"template":"","format":"standard","meta":{"footnotes":""},"categories":[33,25],"tags":[],"class_list":["post-16217","post","type-post","status-publish","format-standard","has-post-thumbnail","hentry","category-politique","category-togo"],"yoast_head":"<!-- This site is optimized with the Yoast SEO plugin v26.4 - https:\/\/yoast.com\/wordpress\/plugins\/seo\/ -->\n<title>Togo : les rues suffiront-elles pour d\u00e9fier Faure Gnassingb\u00e9 ? - 228 News<\/title>\n<meta name=\"robots\" content=\"index, follow, max-snippet:-1, max-image-preview:large, max-video-preview:-1\" \/>\n<link rel=\"canonical\" href=\"https:\/\/228news.tg\/index.php\/2025\/06\/11\/togo-les-rues-suffiront-elles-pour-defier-faure-gnassingbe\/\" \/>\n<meta property=\"og:locale\" content=\"fr_FR\" \/>\n<meta property=\"og:type\" content=\"article\" \/>\n<meta property=\"og:title\" content=\"Togo : les rues suffiront-elles pour d\u00e9fier Faure Gnassingb\u00e9 ? - 228 News\" \/>\n<meta property=\"og:description\" content=\"Les rues togolaises pourraient \u00e0 nouveau vibrer au rythme des manifestations politiques . Alors que le climat politique reste tendu, les opposants \u00e0 Faure Gnassingb\u00e9 ne d\u00e9sarment pas. Apr\u00e8s la mobilisation spontan\u00e9e du 6 juin 2025, organis\u00e9e comme un \u00ab cadeau \u00bb pour les 59 ans du Pr\u00e9sident du Conseil des ministres du Togo, de ... Lire la suite\" \/>\n<meta property=\"og:url\" content=\"https:\/\/228news.tg\/index.php\/2025\/06\/11\/togo-les-rues-suffiront-elles-pour-defier-faure-gnassingbe\/\" \/>\n<meta property=\"og:site_name\" content=\"228 News\" \/>\n<meta property=\"article:published_time\" content=\"2025-06-11T07:28:34+00:00\" \/>\n<meta property=\"og:image\" content=\"https:\/\/228news.tg\/wp-content\/uploads\/2025\/06\/IMG-20250610-WA0232.jpg\" \/>\n\t<meta property=\"og:image:width\" content=\"1080\" \/>\n\t<meta property=\"og:image:height\" content=\"607\" \/>\n\t<meta property=\"og:image:type\" content=\"image\/jpeg\" \/>\n<meta name=\"author\" content=\"Bienvenu SAVI\" \/>\n<meta name=\"twitter:card\" content=\"summary_large_image\" \/>\n<meta name=\"twitter:label1\" content=\"\u00c9crit par\" \/>\n\t<meta name=\"twitter:data1\" content=\"Bienvenu SAVI\" \/>\n\t<meta name=\"twitter:label2\" content=\"Dur\u00e9e de lecture estim\u00e9e\" \/>\n\t<meta name=\"twitter:data2\" content=\"3 minutes\" \/>\n<script type=\"application\/ld+json\" class=\"yoast-schema-graph\">{\"@context\":\"https:\/\/schema.org\",\"@graph\":[{\"@type\":\"Article\",\"@id\":\"https:\/\/228news.tg\/index.php\/2025\/06\/11\/togo-les-rues-suffiront-elles-pour-defier-faure-gnassingbe\/#article\",\"isPartOf\":{\"@id\":\"https:\/\/228news.tg\/index.php\/2025\/06\/11\/togo-les-rues-suffiront-elles-pour-defier-faure-gnassingbe\/\"},\"author\":{\"name\":\"Bienvenu SAVI\",\"@id\":\"https:\/\/228news.tg\/#\/schema\/person\/68d5a6cc0230290e61235c8379523f52\"},\"headline\":\"Togo : les rues suffiront-elles pour d\u00e9fier Faure Gnassingb\u00e9 ?\",\"datePublished\":\"2025-06-11T07:28:34+00:00\",\"mainEntityOfPage\":{\"@id\":\"https:\/\/228news.tg\/index.php\/2025\/06\/11\/togo-les-rues-suffiront-elles-pour-defier-faure-gnassingbe\/\"},\"wordCount\":596,\"commentCount\":0,\"publisher\":{\"@id\":\"https:\/\/228news.tg\/#organization\"},\"image\":{\"@id\":\"https:\/\/228news.tg\/index.php\/2025\/06\/11\/togo-les-rues-suffiront-elles-pour-defier-faure-gnassingbe\/#primaryimage\"},\"thumbnailUrl\":\"https:\/\/228news.tg\/wp-content\/uploads\/2025\/06\/IMG-20250610-WA0232.jpg\",\"articleSection\":[\"POLITIQUE\",\"TOGO\"],\"inLanguage\":\"fr-FR\",\"potentialAction\":[{\"@type\":\"CommentAction\",\"name\":\"Comment\",\"target\":[\"https:\/\/228news.tg\/index.php\/2025\/06\/11\/togo-les-rues-suffiront-elles-pour-defier-faure-gnassingbe\/#respond\"]}]},{\"@type\":\"WebPage\",\"@id\":\"https:\/\/228news.tg\/index.php\/2025\/06\/11\/togo-les-rues-suffiront-elles-pour-defier-faure-gnassingbe\/\",\"url\":\"https:\/\/228news.tg\/index.php\/2025\/06\/11\/togo-les-rues-suffiront-elles-pour-defier-faure-gnassingbe\/\",\"name\":\"Togo : les rues suffiront-elles pour d\u00e9fier Faure Gnassingb\u00e9 ? - 228 News\",\"isPartOf\":{\"@id\":\"https:\/\/228news.tg\/#website\"},\"primaryImageOfPage\":{\"@id\":\"https:\/\/228news.tg\/index.php\/2025\/06\/11\/togo-les-rues-suffiront-elles-pour-defier-faure-gnassingbe\/#primaryimage\"},\"image\":{\"@id\":\"https:\/\/228news.tg\/index.php\/2025\/06\/11\/togo-les-rues-suffiront-elles-pour-defier-faure-gnassingbe\/#primaryimage\"},\"thumbnailUrl\":\"https:\/\/228news.tg\/wp-content\/uploads\/2025\/06\/IMG-20250610-WA0232.jpg\",\"datePublished\":\"2025-06-11T07:28:34+00:00\",\"breadcrumb\":{\"@id\":\"https:\/\/228news.tg\/index.php\/2025\/06\/11\/togo-les-rues-suffiront-elles-pour-defier-faure-gnassingbe\/#breadcrumb\"},\"inLanguage\":\"fr-FR\",\"potentialAction\":[{\"@type\":\"ReadAction\",\"target\":[\"https:\/\/228news.tg\/index.php\/2025\/06\/11\/togo-les-rues-suffiront-elles-pour-defier-faure-gnassingbe\/\"]}]},{\"@type\":\"ImageObject\",\"inLanguage\":\"fr-FR\",\"@id\":\"https:\/\/228news.tg\/index.php\/2025\/06\/11\/togo-les-rues-suffiront-elles-pour-defier-faure-gnassingbe\/#primaryimage\",\"url\":\"https:\/\/228news.tg\/wp-content\/uploads\/2025\/06\/IMG-20250610-WA0232.jpg\",\"contentUrl\":\"https:\/\/228news.tg\/wp-content\/uploads\/2025\/06\/IMG-20250610-WA0232.jpg\",\"width\":1080,\"height\":607},{\"@type\":\"BreadcrumbList\",\"@id\":\"https:\/\/228news.tg\/index.php\/2025\/06\/11\/togo-les-rues-suffiront-elles-pour-defier-faure-gnassingbe\/#breadcrumb\",\"itemListElement\":[{\"@type\":\"ListItem\",\"position\":1,\"name\":\"Home\",\"item\":\"https:\/\/228news.tg\/\"},{\"@type\":\"ListItem\",\"position\":2,\"name\":\"Togo : les rues suffiront-elles pour d\u00e9fier Faure Gnassingb\u00e9 ?\"}]},{\"@type\":\"WebSite\",\"@id\":\"https:\/\/228news.tg\/#website\",\"url\":\"https:\/\/228news.tg\/\",\"name\":\"228 News\",\"description\":\"Soci\u00e9t\u00e9 de m\u00e9dias et d\u2019actualit\u00e9s\",\"publisher\":{\"@id\":\"https:\/\/228news.tg\/#organization\"},\"potentialAction\":[{\"@type\":\"SearchAction\",\"target\":{\"@type\":\"EntryPoint\",\"urlTemplate\":\"https:\/\/228news.tg\/?s={search_term_string}\"},\"query-input\":{\"@type\":\"PropertyValueSpecification\",\"valueRequired\":true,\"valueName\":\"search_term_string\"}}],\"inLanguage\":\"fr-FR\"},{\"@type\":\"Organization\",\"@id\":\"https:\/\/228news.tg\/#organization\",\"name\":\"228 News\",\"url\":\"https:\/\/228news.tg\/\",\"logo\":{\"@type\":\"ImageObject\",\"inLanguage\":\"fr-FR\",\"@id\":\"https:\/\/228news.tg\/#\/schema\/logo\/image\/\",\"url\":\"https:\/\/228news.tg\/wp-content\/uploads\/2024\/09\/logonew.png\",\"contentUrl\":\"https:\/\/228news.tg\/wp-content\/uploads\/2024\/09\/logonew.png\",\"width\":1640,\"height\":364,\"caption\":\"228 News\"},\"image\":{\"@id\":\"https:\/\/228news.tg\/#\/schema\/logo\/image\/\"}},{\"@type\":\"Person\",\"@id\":\"https:\/\/228news.tg\/#\/schema\/person\/68d5a6cc0230290e61235c8379523f52\",\"name\":\"Bienvenu SAVI\",\"image\":{\"@type\":\"ImageObject\",\"inLanguage\":\"fr-FR\",\"@id\":\"https:\/\/228news.tg\/#\/schema\/person\/image\/\",\"url\":\"https:\/\/secure.gravatar.com\/avatar\/9db91895c559e510509c33a3e9683998458e9b828fac36d5d1aa23f0f2fd369b?s=96&d=mm&r=g\",\"contentUrl\":\"https:\/\/secure.gravatar.com\/avatar\/9db91895c559e510509c33a3e9683998458e9b828fac36d5d1aa23f0f2fd369b?s=96&d=mm&r=g\",\"caption\":\"Bienvenu SAVI\"},\"url\":\"https:\/\/228news.tg\/index.php\/author\/bienvenu\/\"}]}<\/script>\n<!-- \/ Yoast SEO plugin. -->","yoast_head_json":{"title":"Togo : les rues suffiront-elles pour d\u00e9fier Faure Gnassingb\u00e9 ? - 228 News","robots":{"index":"index","follow":"follow","max-snippet":"max-snippet:-1","max-image-preview":"max-image-preview:large","max-video-preview":"max-video-preview:-1"},"canonical":"https:\/\/228news.tg\/index.php\/2025\/06\/11\/togo-les-rues-suffiront-elles-pour-defier-faure-gnassingbe\/","og_locale":"fr_FR","og_type":"article","og_title":"Togo : les rues suffiront-elles pour d\u00e9fier Faure Gnassingb\u00e9 ? - 228 News","og_description":"Les rues togolaises pourraient \u00e0 nouveau vibrer au rythme des manifestations politiques . Alors que le climat politique reste tendu, les opposants \u00e0 Faure Gnassingb\u00e9 ne d\u00e9sarment pas. Apr\u00e8s la mobilisation spontan\u00e9e du 6 juin 2025, organis\u00e9e comme un \u00ab cadeau \u00bb pour les 59 ans du Pr\u00e9sident du Conseil des ministres du Togo, de ... Lire la suite","og_url":"https:\/\/228news.tg\/index.php\/2025\/06\/11\/togo-les-rues-suffiront-elles-pour-defier-faure-gnassingbe\/","og_site_name":"228 News","article_published_time":"2025-06-11T07:28:34+00:00","og_image":[{"width":1080,"height":607,"url":"https:\/\/228news.tg\/wp-content\/uploads\/2025\/06\/IMG-20250610-WA0232.jpg","type":"image\/jpeg"}],"author":"Bienvenu SAVI","twitter_card":"summary_large_image","twitter_misc":{"\u00c9crit par":"Bienvenu SAVI","Dur\u00e9e de lecture estim\u00e9e":"3 minutes"},"schema":{"@context":"https:\/\/schema.org","@graph":[{"@type":"Article","@id":"https:\/\/228news.tg\/index.php\/2025\/06\/11\/togo-les-rues-suffiront-elles-pour-defier-faure-gnassingbe\/#article","isPartOf":{"@id":"https:\/\/228news.tg\/index.php\/2025\/06\/11\/togo-les-rues-suffiront-elles-pour-defier-faure-gnassingbe\/"},"author":{"name":"Bienvenu SAVI","@id":"https:\/\/228news.tg\/#\/schema\/person\/68d5a6cc0230290e61235c8379523f52"},"headline":"Togo : les rues suffiront-elles pour d\u00e9fier Faure Gnassingb\u00e9 ?","datePublished":"2025-06-11T07:28:34+00:00","mainEntityOfPage":{"@id":"https:\/\/228news.tg\/index.php\/2025\/06\/11\/togo-les-rues-suffiront-elles-pour-defier-faure-gnassingbe\/"},"wordCount":596,"commentCount":0,"publisher":{"@id":"https:\/\/228news.tg\/#organization"},"image":{"@id":"https:\/\/228news.tg\/index.php\/2025\/06\/11\/togo-les-rues-suffiront-elles-pour-defier-faure-gnassingbe\/#primaryimage"},"thumbnailUrl":"https:\/\/228news.tg\/wp-content\/uploads\/2025\/06\/IMG-20250610-WA0232.jpg","articleSection":["POLITIQUE","TOGO"],"inLanguage":"fr-FR","potentialAction":[{"@type":"CommentAction","name":"Comment","target":["https:\/\/228news.tg\/index.php\/2025\/06\/11\/togo-les-rues-suffiront-elles-pour-defier-faure-gnassingbe\/#respond"]}]},{"@type":"WebPage","@id":"https:\/\/228news.tg\/index.php\/2025\/06\/11\/togo-les-rues-suffiront-elles-pour-defier-faure-gnassingbe\/","url":"https:\/\/228news.tg\/index.php\/2025\/06\/11\/togo-les-rues-suffiront-elles-pour-defier-faure-gnassingbe\/","name":"Togo : les rues suffiront-elles pour d\u00e9fier Faure Gnassingb\u00e9 ? - 228 News","isPartOf":{"@id":"https:\/\/228news.tg\/#website"},"primaryImageOfPage":{"@id":"https:\/\/228news.tg\/index.php\/2025\/06\/11\/togo-les-rues-suffiront-elles-pour-defier-faure-gnassingbe\/#primaryimage"},"image":{"@id":"https:\/\/228news.tg\/index.php\/2025\/06\/11\/togo-les-rues-suffiront-elles-pour-defier-faure-gnassingbe\/#primaryimage"},"thumbnailUrl":"https:\/\/228news.tg\/wp-content\/uploads\/2025\/06\/IMG-20250610-WA0232.jpg","datePublished":"2025-06-11T07:28:34+00:00","breadcrumb":{"@id":"https:\/\/228news.tg\/index.php\/2025\/06\/11\/togo-les-rues-suffiront-elles-pour-defier-faure-gnassingbe\/#breadcrumb"},"inLanguage":"fr-FR","potentialAction":[{"@type":"ReadAction","target":["https:\/\/228news.tg\/index.php\/2025\/06\/11\/togo-les-rues-suffiront-elles-pour-defier-faure-gnassingbe\/"]}]},{"@type":"ImageObject","inLanguage":"fr-FR","@id":"https:\/\/228news.tg\/index.php\/2025\/06\/11\/togo-les-rues-suffiront-elles-pour-defier-faure-gnassingbe\/#primaryimage","url":"https:\/\/228news.tg\/wp-content\/uploads\/2025\/06\/IMG-20250610-WA0232.jpg","contentUrl":"https:\/\/228news.tg\/wp-content\/uploads\/2025\/06\/IMG-20250610-WA0232.jpg","width":1080,"height":607},{"@type":"BreadcrumbList","@id":"https:\/\/228news.tg\/index.php\/2025\/06\/11\/togo-les-rues-suffiront-elles-pour-defier-faure-gnassingbe\/#breadcrumb","itemListElement":[{"@type":"ListItem","position":1,"name":"Home","item":"https:\/\/228news.tg\/"},{"@type":"ListItem","position":2,"name":"Togo : les rues suffiront-elles pour d\u00e9fier Faure Gnassingb\u00e9 ?"}]},{"@type":"WebSite","@id":"https:\/\/228news.tg\/#website","url":"https:\/\/228news.tg\/","name":"228 News","description":"Soci\u00e9t\u00e9 de m\u00e9dias et d\u2019actualit\u00e9s","publisher":{"@id":"https:\/\/228news.tg\/#organization"},"potentialAction":[{"@type":"SearchAction","target":{"@type":"EntryPoint","urlTemplate":"https:\/\/228news.tg\/?s={search_term_string}"},"query-input":{"@type":"PropertyValueSpecification","valueRequired":true,"valueName":"search_term_string"}}],"inLanguage":"fr-FR"},{"@type":"Organization","@id":"https:\/\/228news.tg\/#organization","name":"228 News","url":"https:\/\/228news.tg\/","logo":{"@type":"ImageObject","inLanguage":"fr-FR","@id":"https:\/\/228news.tg\/#\/schema\/logo\/image\/","url":"https:\/\/228news.tg\/wp-content\/uploads\/2024\/09\/logonew.png","contentUrl":"https:\/\/228news.tg\/wp-content\/uploads\/2024\/09\/logonew.png","width":1640,"height":364,"caption":"228 News"},"image":{"@id":"https:\/\/228news.tg\/#\/schema\/logo\/image\/"}},{"@type":"Person","@id":"https:\/\/228news.tg\/#\/schema\/person\/68d5a6cc0230290e61235c8379523f52","name":"Bienvenu SAVI","image":{"@type":"ImageObject","inLanguage":"fr-FR","@id":"https:\/\/228news.tg\/#\/schema\/person\/image\/","url":"https:\/\/secure.gravatar.com\/avatar\/9db91895c559e510509c33a3e9683998458e9b828fac36d5d1aa23f0f2fd369b?s=96&d=mm&r=g","contentUrl":"https:\/\/secure.gravatar.com\/avatar\/9db91895c559e510509c33a3e9683998458e9b828fac36d5d1aa23f0f2fd369b?s=96&d=mm&r=g","caption":"Bienvenu SAVI"},"url":"https:\/\/228news.tg\/index.php\/author\/bienvenu\/"}]}},"jetpack_featured_media_url":"https:\/\/228news.tg\/wp-content\/uploads\/2025\/06\/IMG-20250610-WA0232.jpg","_links":{"self":[{"href":"https:\/\/228news.tg\/index.php\/wp-json\/wp\/v2\/posts\/16217","targetHints":{"allow":["GET"]}}],"collection":[{"href":"https:\/\/228news.tg\/index.php\/wp-json\/wp\/v2\/posts"}],"about":[{"href":"https:\/\/228news.tg\/index.php\/wp-json\/wp\/v2\/types\/post"}],"author":[{"embeddable":true,"href":"https:\/\/228news.tg\/index.php\/wp-json\/wp\/v2\/users\/2"}],"replies":[{"embeddable":true,"href":"https:\/\/228news.tg\/index.php\/wp-json\/wp\/v2\/comments?post=16217"}],"version-history":[{"count":1,"href":"https:\/\/228news.tg\/index.php\/wp-json\/wp\/v2\/posts\/16217\/revisions"}],"predecessor-version":[{"id":16219,"href":"https:\/\/228news.tg\/index.php\/wp-json\/wp\/v2\/posts\/16217\/revisions\/16219"}],"wp:featuredmedia":[{"embeddable":true,"href":"https:\/\/228news.tg\/index.php\/wp-json\/wp\/v2\/media\/16218"}],"wp:attachment":[{"href":"https:\/\/228news.tg\/index.php\/wp-json\/wp\/v2\/media?parent=16217"}],"wp:term":[{"taxonomy":"category","embeddable":true,"href":"https:\/\/228news.tg\/index.php\/wp-json\/wp\/v2\/categories?post=16217"},{"taxonomy":"post_tag","embeddable":true,"href":"https:\/\/228news.tg\/index.php\/wp-json\/wp\/v2\/tags?post=16217"}],"curies":[{"name":"wp","href":"https:\/\/api.w.org\/{rel}","templated":true}]}}