{"id":16198,"date":"2025-05-22T10:00:00","date_gmt":"2025-05-22T10:00:00","guid":{"rendered":"https:\/\/228news.tg\/?p=16198"},"modified":"2025-05-25T10:05:39","modified_gmt":"2025-05-25T10:05:39","slug":"statu-quo-politique-en-attendant-de-gerer-les-affaires-courantes","status":"publish","type":"post","link":"https:\/\/228news.tg\/index.php\/2025\/05\/22\/statu-quo-politique-en-attendant-de-gerer-les-affaires-courantes\/","title":{"rendered":"Statu quo politique, en attendant de \u00ab g\u00e9rer les affaires courantes \u00bb"},"content":{"rendered":"<p>Au Togo, l\u2019immobilisme politique semble \u00eatre devenu la norme. Alors que le pays est plong\u00e9 dans une forme d\u2019attente institutionnelle, sous couvert de \u00ab gestion des affaires courantes \u00bb, le quotidien des citoyens ne cesse de se d\u00e9grader. Le pouvoir en place, dirig\u00e9 par la majorit\u00e9 UNIR, semble n\u2019avoir qu\u2019un seul objectif : conserver les r\u00eanes du pouvoir, au d\u00e9triment du bien-\u00eatre de la population.<\/p>\n<p>Depuis des d\u00e9cennies, le Togo vit sous la m\u00eame gouvernance, passant du p\u00e8re au fils dans une continuit\u00e9 dynastique qui a peu profit\u00e9 au d\u00e9veloppement du pays. Le bilan, aussi bien sous Gnassingb\u00e9 p\u00e8re que sous Gnassingb\u00e9 fils, est marqu\u00e9 par des infrastructures inachev\u00e9es, des syst\u00e8mes sociaux en souffrance, une \u00e9ducation en crise et un acc\u00e8s aux soins de sant\u00e9 toujours probl\u00e9matique pour une grande partie de la population. Le contraste est frappant avec les pays voisins o\u00f9, malgr\u00e9 les d\u00e9fis, des r\u00e9formes \u00e9conomiques et sociales s\u2019op\u00e8rent. Ces pays qui connaissent l\u2019alternance au sommet de l\u2019Etat connaissent \u00e9galement un d\u00e9veloppement sur tous les plans. Cependant , le Togo dirig\u00e9 par une seule et m\u00eame famille durant d\u00e9j\u00e0 plus d\u2019un demi-si\u00e8cle, ne montre aucun signe de son progr\u00e8s. La politique prend le dessus sur le d\u00e9veloppement et la souffrance continue pour les populations.<\/p>\n<p>Au Togo, les jeunes entrepreneurs, v\u00e9ritables moteurs d\u2019innovation et d\u2019emploi, subissent une pression fiscale \u00e9touffante. Les taxes se multiplient et viennent freiner toute vell\u00e9it\u00e9 d\u2019initiative, au lieu d\u2019encourager une jeunesse pourtant pleine de potentiel.<\/p>\n<p>Ce blocage est d\u2019autant plus inqui\u00e9tant que l\u2019actualit\u00e9 politique est domin\u00e9e non par un agenda de r\u00e9formes sociales ou \u00e9conomiques, mais par un changement de r\u00e9gime institutionnel qui ne r\u00e9pond pas aux attentes populaires. Ce virage institutionnel semble plus motiv\u00e9 par la volont\u00e9 de consolider le pouvoir que par celle d&rsquo;am\u00e9liorer les conditions de vie des citoyens.<\/p>\n<p>Alors que les populations s\u2019attendaient \u00e0 des solutions concr\u00e8tes face aux difficult\u00e9s quotidiennes, ch\u00f4mage, chert\u00e9 de la vie, d\u00e9gradation des services publics, c\u2019est un statu quo politique qui s\u2019impose, au m\u00e9pris des souffrances populaires.<\/p>\n<p>Le Togo est donc \u00e0 la crois\u00e9e des chemins. Le pays continue sur cette route fig\u00e9e o\u00f9 le pouvoir politique pr\u00e9vaut sur l&rsquo;int\u00e9r\u00eat g\u00e9n\u00e9ral, ou enclencher enfin une dynamique de changement ax\u00e9e sur les priorit\u00e9s sociales et \u00e9conomiques r\u00e9elles. En attendant, c\u2019est la population qui trinque.<\/p>\n<p>228news@<\/p>\n<p>&nbsp;<\/p>\n<p>&nbsp;<\/p>\n","protected":false},"excerpt":{"rendered":"<p>Au Togo, l\u2019immobilisme politique semble \u00eatre devenu la norme. Alors que le pays est plong\u00e9 dans une forme d\u2019attente institutionnelle, sous couvert de \u00ab gestion des affaires courantes \u00bb, le quotidien des citoyens ne cesse de se d\u00e9grader. Le pouvoir en place, dirig\u00e9 par la majorit\u00e9 UNIR, semble n\u2019avoir qu\u2019un seul objectif : conserver les &#8230; <a title=\"Statu quo politique, en attendant de \u00ab g\u00e9rer les affaires courantes \u00bb\" class=\"read-more\" href=\"https:\/\/228news.tg\/index.php\/2025\/05\/22\/statu-quo-politique-en-attendant-de-gerer-les-affaires-courantes\/\" aria-label=\"En savoir plus sur Statu quo politique, en attendant de \u00ab g\u00e9rer les affaires courantes \u00bb\">Lire la suite<\/a><\/p>\n","protected":false},"author":2,"featured_media":15928,"comment_status":"open","ping_status":"open","sticky":false,"template":"","format":"standard","meta":{"footnotes":""},"categories":[33,25],"tags":[],"class_list":["post-16198","post","type-post","status-publish","format-standard","has-post-thumbnail","hentry","category-politique","category-togo"],"yoast_head":"<!-- This site is optimized with the Yoast SEO plugin v26.4 - https:\/\/yoast.com\/wordpress\/plugins\/seo\/ -->\n<title>Statu quo politique, en attendant de \u00ab g\u00e9rer les affaires courantes \u00bb - 228 News<\/title>\n<meta name=\"robots\" content=\"index, follow, max-snippet:-1, max-image-preview:large, max-video-preview:-1\" \/>\n<link rel=\"canonical\" href=\"https:\/\/228news.tg\/index.php\/2025\/05\/22\/statu-quo-politique-en-attendant-de-gerer-les-affaires-courantes\/\" \/>\n<meta property=\"og:locale\" content=\"fr_FR\" \/>\n<meta property=\"og:type\" content=\"article\" \/>\n<meta property=\"og:title\" content=\"Statu quo politique, en attendant de \u00ab g\u00e9rer les affaires courantes \u00bb - 228 News\" \/>\n<meta property=\"og:description\" content=\"Au Togo, l\u2019immobilisme politique semble \u00eatre devenu la norme. Alors que le pays est plong\u00e9 dans une forme d\u2019attente institutionnelle, sous couvert de \u00ab gestion des affaires courantes \u00bb, le quotidien des citoyens ne cesse de se d\u00e9grader. Le pouvoir en place, dirig\u00e9 par la majorit\u00e9 UNIR, semble n\u2019avoir qu\u2019un seul objectif : conserver les ... Lire la suite\" \/>\n<meta property=\"og:url\" content=\"https:\/\/228news.tg\/index.php\/2025\/05\/22\/statu-quo-politique-en-attendant-de-gerer-les-affaires-courantes\/\" \/>\n<meta property=\"og:site_name\" content=\"228 News\" \/>\n<meta property=\"article:published_time\" content=\"2025-05-22T10:00:00+00:00\" \/>\n<meta property=\"article:modified_time\" content=\"2025-05-25T10:05:39+00:00\" \/>\n<meta property=\"og:image\" content=\"https:\/\/228news.tg\/wp-content\/uploads\/2025\/03\/IMG-20250317-WA0023.jpg\" \/>\n\t<meta property=\"og:image:width\" content=\"770\" \/>\n\t<meta property=\"og:image:height\" content=\"433\" \/>\n\t<meta property=\"og:image:type\" content=\"image\/jpeg\" \/>\n<meta name=\"author\" content=\"Bienvenu SAVI\" \/>\n<meta name=\"twitter:card\" content=\"summary_large_image\" \/>\n<meta name=\"twitter:label1\" content=\"\u00c9crit par\" \/>\n\t<meta name=\"twitter:data1\" content=\"Bienvenu SAVI\" \/>\n\t<meta name=\"twitter:label2\" content=\"Dur\u00e9e de lecture estim\u00e9e\" \/>\n\t<meta name=\"twitter:data2\" content=\"3 minutes\" \/>\n<script type=\"application\/ld+json\" class=\"yoast-schema-graph\">{\"@context\":\"https:\/\/schema.org\",\"@graph\":[{\"@type\":\"Article\",\"@id\":\"https:\/\/228news.tg\/index.php\/2025\/05\/22\/statu-quo-politique-en-attendant-de-gerer-les-affaires-courantes\/#article\",\"isPartOf\":{\"@id\":\"https:\/\/228news.tg\/index.php\/2025\/05\/22\/statu-quo-politique-en-attendant-de-gerer-les-affaires-courantes\/\"},\"author\":{\"name\":\"Bienvenu SAVI\",\"@id\":\"https:\/\/228news.tg\/#\/schema\/person\/68d5a6cc0230290e61235c8379523f52\"},\"headline\":\"Statu quo politique, en attendant de \u00ab g\u00e9rer les affaires courantes \u00bb\",\"datePublished\":\"2025-05-22T10:00:00+00:00\",\"dateModified\":\"2025-05-25T10:05:39+00:00\",\"mainEntityOfPage\":{\"@id\":\"https:\/\/228news.tg\/index.php\/2025\/05\/22\/statu-quo-politique-en-attendant-de-gerer-les-affaires-courantes\/\"},\"wordCount\":451,\"commentCount\":0,\"publisher\":{\"@id\":\"https:\/\/228news.tg\/#organization\"},\"image\":{\"@id\":\"https:\/\/228news.tg\/index.php\/2025\/05\/22\/statu-quo-politique-en-attendant-de-gerer-les-affaires-courantes\/#primaryimage\"},\"thumbnailUrl\":\"https:\/\/228news.tg\/wp-content\/uploads\/2025\/03\/IMG-20250317-WA0023.jpg\",\"articleSection\":[\"POLITIQUE\",\"TOGO\"],\"inLanguage\":\"fr-FR\",\"potentialAction\":[{\"@type\":\"CommentAction\",\"name\":\"Comment\",\"target\":[\"https:\/\/228news.tg\/index.php\/2025\/05\/22\/statu-quo-politique-en-attendant-de-gerer-les-affaires-courantes\/#respond\"]}]},{\"@type\":\"WebPage\",\"@id\":\"https:\/\/228news.tg\/index.php\/2025\/05\/22\/statu-quo-politique-en-attendant-de-gerer-les-affaires-courantes\/\",\"url\":\"https:\/\/228news.tg\/index.php\/2025\/05\/22\/statu-quo-politique-en-attendant-de-gerer-les-affaires-courantes\/\",\"name\":\"Statu quo politique, en attendant de \u00ab g\u00e9rer les affaires courantes \u00bb - 228 News\",\"isPartOf\":{\"@id\":\"https:\/\/228news.tg\/#website\"},\"primaryImageOfPage\":{\"@id\":\"https:\/\/228news.tg\/index.php\/2025\/05\/22\/statu-quo-politique-en-attendant-de-gerer-les-affaires-courantes\/#primaryimage\"},\"image\":{\"@id\":\"https:\/\/228news.tg\/index.php\/2025\/05\/22\/statu-quo-politique-en-attendant-de-gerer-les-affaires-courantes\/#primaryimage\"},\"thumbnailUrl\":\"https:\/\/228news.tg\/wp-content\/uploads\/2025\/03\/IMG-20250317-WA0023.jpg\",\"datePublished\":\"2025-05-22T10:00:00+00:00\",\"dateModified\":\"2025-05-25T10:05:39+00:00\",\"breadcrumb\":{\"@id\":\"https:\/\/228news.tg\/index.php\/2025\/05\/22\/statu-quo-politique-en-attendant-de-gerer-les-affaires-courantes\/#breadcrumb\"},\"inLanguage\":\"fr-FR\",\"potentialAction\":[{\"@type\":\"ReadAction\",\"target\":[\"https:\/\/228news.tg\/index.php\/2025\/05\/22\/statu-quo-politique-en-attendant-de-gerer-les-affaires-courantes\/\"]}]},{\"@type\":\"ImageObject\",\"inLanguage\":\"fr-FR\",\"@id\":\"https:\/\/228news.tg\/index.php\/2025\/05\/22\/statu-quo-politique-en-attendant-de-gerer-les-affaires-courantes\/#primaryimage\",\"url\":\"https:\/\/228news.tg\/wp-content\/uploads\/2025\/03\/IMG-20250317-WA0023.jpg\",\"contentUrl\":\"https:\/\/228news.tg\/wp-content\/uploads\/2025\/03\/IMG-20250317-WA0023.jpg\",\"width\":770,\"height\":433},{\"@type\":\"BreadcrumbList\",\"@id\":\"https:\/\/228news.tg\/index.php\/2025\/05\/22\/statu-quo-politique-en-attendant-de-gerer-les-affaires-courantes\/#breadcrumb\",\"itemListElement\":[{\"@type\":\"ListItem\",\"position\":1,\"name\":\"Home\",\"item\":\"https:\/\/228news.tg\/\"},{\"@type\":\"ListItem\",\"position\":2,\"name\":\"Statu quo politique, en attendant de \u00ab g\u00e9rer les affaires courantes \u00bb\"}]},{\"@type\":\"WebSite\",\"@id\":\"https:\/\/228news.tg\/#website\",\"url\":\"https:\/\/228news.tg\/\",\"name\":\"228 News\",\"description\":\"Soci\u00e9t\u00e9 de m\u00e9dias et d\u2019actualit\u00e9s\",\"publisher\":{\"@id\":\"https:\/\/228news.tg\/#organization\"},\"potentialAction\":[{\"@type\":\"SearchAction\",\"target\":{\"@type\":\"EntryPoint\",\"urlTemplate\":\"https:\/\/228news.tg\/?s={search_term_string}\"},\"query-input\":{\"@type\":\"PropertyValueSpecification\",\"valueRequired\":true,\"valueName\":\"search_term_string\"}}],\"inLanguage\":\"fr-FR\"},{\"@type\":\"Organization\",\"@id\":\"https:\/\/228news.tg\/#organization\",\"name\":\"228 News\",\"url\":\"https:\/\/228news.tg\/\",\"logo\":{\"@type\":\"ImageObject\",\"inLanguage\":\"fr-FR\",\"@id\":\"https:\/\/228news.tg\/#\/schema\/logo\/image\/\",\"url\":\"https:\/\/228news.tg\/wp-content\/uploads\/2024\/09\/logonew.png\",\"contentUrl\":\"https:\/\/228news.tg\/wp-content\/uploads\/2024\/09\/logonew.png\",\"width\":1640,\"height\":364,\"caption\":\"228 News\"},\"image\":{\"@id\":\"https:\/\/228news.tg\/#\/schema\/logo\/image\/\"}},{\"@type\":\"Person\",\"@id\":\"https:\/\/228news.tg\/#\/schema\/person\/68d5a6cc0230290e61235c8379523f52\",\"name\":\"Bienvenu SAVI\",\"image\":{\"@type\":\"ImageObject\",\"inLanguage\":\"fr-FR\",\"@id\":\"https:\/\/228news.tg\/#\/schema\/person\/image\/\",\"url\":\"https:\/\/secure.gravatar.com\/avatar\/9db91895c559e510509c33a3e9683998458e9b828fac36d5d1aa23f0f2fd369b?s=96&d=mm&r=g\",\"contentUrl\":\"https:\/\/secure.gravatar.com\/avatar\/9db91895c559e510509c33a3e9683998458e9b828fac36d5d1aa23f0f2fd369b?s=96&d=mm&r=g\",\"caption\":\"Bienvenu SAVI\"},\"url\":\"https:\/\/228news.tg\/index.php\/author\/bienvenu\/\"}]}<\/script>\n<!-- \/ Yoast SEO plugin. -->","yoast_head_json":{"title":"Statu quo politique, en attendant de \u00ab g\u00e9rer les affaires courantes \u00bb - 228 News","robots":{"index":"index","follow":"follow","max-snippet":"max-snippet:-1","max-image-preview":"max-image-preview:large","max-video-preview":"max-video-preview:-1"},"canonical":"https:\/\/228news.tg\/index.php\/2025\/05\/22\/statu-quo-politique-en-attendant-de-gerer-les-affaires-courantes\/","og_locale":"fr_FR","og_type":"article","og_title":"Statu quo politique, en attendant de \u00ab g\u00e9rer les affaires courantes \u00bb - 228 News","og_description":"Au Togo, l\u2019immobilisme politique semble \u00eatre devenu la norme. Alors que le pays est plong\u00e9 dans une forme d\u2019attente institutionnelle, sous couvert de \u00ab gestion des affaires courantes \u00bb, le quotidien des citoyens ne cesse de se d\u00e9grader. Le pouvoir en place, dirig\u00e9 par la majorit\u00e9 UNIR, semble n\u2019avoir qu\u2019un seul objectif : conserver les ... Lire la suite","og_url":"https:\/\/228news.tg\/index.php\/2025\/05\/22\/statu-quo-politique-en-attendant-de-gerer-les-affaires-courantes\/","og_site_name":"228 News","article_published_time":"2025-05-22T10:00:00+00:00","article_modified_time":"2025-05-25T10:05:39+00:00","og_image":[{"width":770,"height":433,"url":"https:\/\/228news.tg\/wp-content\/uploads\/2025\/03\/IMG-20250317-WA0023.jpg","type":"image\/jpeg"}],"author":"Bienvenu SAVI","twitter_card":"summary_large_image","twitter_misc":{"\u00c9crit par":"Bienvenu SAVI","Dur\u00e9e de lecture estim\u00e9e":"3 minutes"},"schema":{"@context":"https:\/\/schema.org","@graph":[{"@type":"Article","@id":"https:\/\/228news.tg\/index.php\/2025\/05\/22\/statu-quo-politique-en-attendant-de-gerer-les-affaires-courantes\/#article","isPartOf":{"@id":"https:\/\/228news.tg\/index.php\/2025\/05\/22\/statu-quo-politique-en-attendant-de-gerer-les-affaires-courantes\/"},"author":{"name":"Bienvenu SAVI","@id":"https:\/\/228news.tg\/#\/schema\/person\/68d5a6cc0230290e61235c8379523f52"},"headline":"Statu quo politique, en attendant de \u00ab g\u00e9rer les affaires courantes \u00bb","datePublished":"2025-05-22T10:00:00+00:00","dateModified":"2025-05-25T10:05:39+00:00","mainEntityOfPage":{"@id":"https:\/\/228news.tg\/index.php\/2025\/05\/22\/statu-quo-politique-en-attendant-de-gerer-les-affaires-courantes\/"},"wordCount":451,"commentCount":0,"publisher":{"@id":"https:\/\/228news.tg\/#organization"},"image":{"@id":"https:\/\/228news.tg\/index.php\/2025\/05\/22\/statu-quo-politique-en-attendant-de-gerer-les-affaires-courantes\/#primaryimage"},"thumbnailUrl":"https:\/\/228news.tg\/wp-content\/uploads\/2025\/03\/IMG-20250317-WA0023.jpg","articleSection":["POLITIQUE","TOGO"],"inLanguage":"fr-FR","potentialAction":[{"@type":"CommentAction","name":"Comment","target":["https:\/\/228news.tg\/index.php\/2025\/05\/22\/statu-quo-politique-en-attendant-de-gerer-les-affaires-courantes\/#respond"]}]},{"@type":"WebPage","@id":"https:\/\/228news.tg\/index.php\/2025\/05\/22\/statu-quo-politique-en-attendant-de-gerer-les-affaires-courantes\/","url":"https:\/\/228news.tg\/index.php\/2025\/05\/22\/statu-quo-politique-en-attendant-de-gerer-les-affaires-courantes\/","name":"Statu quo politique, en attendant de \u00ab g\u00e9rer les affaires courantes \u00bb - 228 News","isPartOf":{"@id":"https:\/\/228news.tg\/#website"},"primaryImageOfPage":{"@id":"https:\/\/228news.tg\/index.php\/2025\/05\/22\/statu-quo-politique-en-attendant-de-gerer-les-affaires-courantes\/#primaryimage"},"image":{"@id":"https:\/\/228news.tg\/index.php\/2025\/05\/22\/statu-quo-politique-en-attendant-de-gerer-les-affaires-courantes\/#primaryimage"},"thumbnailUrl":"https:\/\/228news.tg\/wp-content\/uploads\/2025\/03\/IMG-20250317-WA0023.jpg","datePublished":"2025-05-22T10:00:00+00:00","dateModified":"2025-05-25T10:05:39+00:00","breadcrumb":{"@id":"https:\/\/228news.tg\/index.php\/2025\/05\/22\/statu-quo-politique-en-attendant-de-gerer-les-affaires-courantes\/#breadcrumb"},"inLanguage":"fr-FR","potentialAction":[{"@type":"ReadAction","target":["https:\/\/228news.tg\/index.php\/2025\/05\/22\/statu-quo-politique-en-attendant-de-gerer-les-affaires-courantes\/"]}]},{"@type":"ImageObject","inLanguage":"fr-FR","@id":"https:\/\/228news.tg\/index.php\/2025\/05\/22\/statu-quo-politique-en-attendant-de-gerer-les-affaires-courantes\/#primaryimage","url":"https:\/\/228news.tg\/wp-content\/uploads\/2025\/03\/IMG-20250317-WA0023.jpg","contentUrl":"https:\/\/228news.tg\/wp-content\/uploads\/2025\/03\/IMG-20250317-WA0023.jpg","width":770,"height":433},{"@type":"BreadcrumbList","@id":"https:\/\/228news.tg\/index.php\/2025\/05\/22\/statu-quo-politique-en-attendant-de-gerer-les-affaires-courantes\/#breadcrumb","itemListElement":[{"@type":"ListItem","position":1,"name":"Home","item":"https:\/\/228news.tg\/"},{"@type":"ListItem","position":2,"name":"Statu quo politique, en attendant de \u00ab g\u00e9rer les affaires courantes \u00bb"}]},{"@type":"WebSite","@id":"https:\/\/228news.tg\/#website","url":"https:\/\/228news.tg\/","name":"228 News","description":"Soci\u00e9t\u00e9 de m\u00e9dias et d\u2019actualit\u00e9s","publisher":{"@id":"https:\/\/228news.tg\/#organization"},"potentialAction":[{"@type":"SearchAction","target":{"@type":"EntryPoint","urlTemplate":"https:\/\/228news.tg\/?s={search_term_string}"},"query-input":{"@type":"PropertyValueSpecification","valueRequired":true,"valueName":"search_term_string"}}],"inLanguage":"fr-FR"},{"@type":"Organization","@id":"https:\/\/228news.tg\/#organization","name":"228 News","url":"https:\/\/228news.tg\/","logo":{"@type":"ImageObject","inLanguage":"fr-FR","@id":"https:\/\/228news.tg\/#\/schema\/logo\/image\/","url":"https:\/\/228news.tg\/wp-content\/uploads\/2024\/09\/logonew.png","contentUrl":"https:\/\/228news.tg\/wp-content\/uploads\/2024\/09\/logonew.png","width":1640,"height":364,"caption":"228 News"},"image":{"@id":"https:\/\/228news.tg\/#\/schema\/logo\/image\/"}},{"@type":"Person","@id":"https:\/\/228news.tg\/#\/schema\/person\/68d5a6cc0230290e61235c8379523f52","name":"Bienvenu SAVI","image":{"@type":"ImageObject","inLanguage":"fr-FR","@id":"https:\/\/228news.tg\/#\/schema\/person\/image\/","url":"https:\/\/secure.gravatar.com\/avatar\/9db91895c559e510509c33a3e9683998458e9b828fac36d5d1aa23f0f2fd369b?s=96&d=mm&r=g","contentUrl":"https:\/\/secure.gravatar.com\/avatar\/9db91895c559e510509c33a3e9683998458e9b828fac36d5d1aa23f0f2fd369b?s=96&d=mm&r=g","caption":"Bienvenu SAVI"},"url":"https:\/\/228news.tg\/index.php\/author\/bienvenu\/"}]}},"jetpack_featured_media_url":"https:\/\/228news.tg\/wp-content\/uploads\/2025\/03\/IMG-20250317-WA0023.jpg","_links":{"self":[{"href":"https:\/\/228news.tg\/index.php\/wp-json\/wp\/v2\/posts\/16198","targetHints":{"allow":["GET"]}}],"collection":[{"href":"https:\/\/228news.tg\/index.php\/wp-json\/wp\/v2\/posts"}],"about":[{"href":"https:\/\/228news.tg\/index.php\/wp-json\/wp\/v2\/types\/post"}],"author":[{"embeddable":true,"href":"https:\/\/228news.tg\/index.php\/wp-json\/wp\/v2\/users\/2"}],"replies":[{"embeddable":true,"href":"https:\/\/228news.tg\/index.php\/wp-json\/wp\/v2\/comments?post=16198"}],"version-history":[{"count":1,"href":"https:\/\/228news.tg\/index.php\/wp-json\/wp\/v2\/posts\/16198\/revisions"}],"predecessor-version":[{"id":16199,"href":"https:\/\/228news.tg\/index.php\/wp-json\/wp\/v2\/posts\/16198\/revisions\/16199"}],"wp:featuredmedia":[{"embeddable":true,"href":"https:\/\/228news.tg\/index.php\/wp-json\/wp\/v2\/media\/15928"}],"wp:attachment":[{"href":"https:\/\/228news.tg\/index.php\/wp-json\/wp\/v2\/media?parent=16198"}],"wp:term":[{"taxonomy":"category","embeddable":true,"href":"https:\/\/228news.tg\/index.php\/wp-json\/wp\/v2\/categories?post=16198"},{"taxonomy":"post_tag","embeddable":true,"href":"https:\/\/228news.tg\/index.php\/wp-json\/wp\/v2\/tags?post=16198"}],"curies":[{"name":"wp","href":"https:\/\/api.w.org\/{rel}","templated":true}]}}