{"id":16195,"date":"2025-05-25T09:59:03","date_gmt":"2025-05-25T09:59:03","guid":{"rendered":"https:\/\/228news.tg\/?p=16195"},"modified":"2025-05-25T09:59:03","modified_gmt":"2025-05-25T09:59:03","slug":"elections-municipales-2025-cette-injonction-du-pouvoir-central-aux-maires","status":"publish","type":"post","link":"https:\/\/228news.tg\/index.php\/2025\/05\/25\/elections-municipales-2025-cette-injonction-du-pouvoir-central-aux-maires\/","title":{"rendered":"Elections municipales 2025 : cette injonction du pouvoir central aux Maires"},"content":{"rendered":"<p>Victoire d\u2019\u00e9tape pour l\u2019opposition et geste d\u2019ouverture du pouvoir\u00a0 . A l\u2019approche des \u00e9lections municipales du 10 juillet 2025, un rappel ferme du ministre de l\u2019Administration territoriale, Hodabalo AWATE, vient mettre un coup d\u2019arr\u00eat aux \u00e9ventuels abus dans la d\u00e9livrance des attestations de r\u00e9sidence. Un geste qui constitue pour l\u2019opposition, une victoire d\u2019\u00e9tape et un signe d\u2019ouverture du Pr\u00e9sident du Conseil des Ministres, Faure Gnassingb\u00e9 pour un renforcement de l\u2019\u00e9quit\u00e9 \u00e9lectorale.<\/p>\n<p>Dans une note, le ministre Hodabalo AWATE rappelle que, conform\u00e9ment \u00e0 l\u2019article 250 de l\u2019ordonnance n\u00b02024-003\/PR du 5 novembre 2024 portant code \u00e9lectoral, les attestations de r\u00e9sidence indispensables pour tout candidat aux municipales, doivent \u00eatre d\u00e9livr\u00e9es exclusivement par le maire du lieu de r\u00e9sidence du demandeur. Le prix maximal fix\u00e9 pour cette formalit\u00e9 est de cinq mille (5000) francs CFA.<\/p>\n<p><strong>Les tentatives d\u2019entrave point\u00e9es du doigt <\/strong><\/p>\n<p>Ce rappel intervient dans un climat de suspicion voire m\u00eame de man\u0153uvres , o\u00f9 plusieurs maires \u00e9taient accus\u00e9s de retarder, voire de bloquer, l\u2019\u00e9mission de ces documents \u00e0 certains candidats, notamment ceux de l\u2019opposition. En agissant \u00e0 ce moment strat\u00e9gique, le ministre AWATE coince ces \u00e9lus locaux qui tentent d\u2019introduire des filtres ill\u00e9gitimes dans le processus.<\/p>\n<p>Cette clarification est une r\u00e9ponse de l\u2019Etat central aux formations politiques de l\u2019opposition. Il s\u2019agit d\u2019une petite victoire d\u00e9mocratique de l\u2019opposition et une d\u00e9monstration d\u2019ouverture de la part de l\u2019ex\u00e9cutif.<\/p>\n<p><strong>D\u00e9l\u00e9gation et souplesse administrative <\/strong><\/p>\n<p>Dans les cas o\u00f9 le maire est lui-m\u00eame candidat, l\u2019attestation de r\u00e9sidence le concernant doit \u00eatre sign\u00e9e par un de ses d\u00e9l\u00e9gataires. La note pr\u00e9cise que les adjoints au maire et les secr\u00e9taires g\u00e9n\u00e9raux de commune peuvent \u00e9galement \u00e9mettre ces documents en toute l\u00e9galit\u00e9.<\/p>\n<p>Enfin, la carte d\u2019\u00e9lecteur est d\u00e9sormais accept\u00e9e comme pi\u00e8ce justificative pour obtenir l\u2019attestation, simplifiant ainsi la proc\u00e9dure pour les candidats.<\/p>\n<p><strong>Un enjeu d\u00e9mocratique majeur <\/strong><\/p>\n<p>A travers cette note, le minist\u00e8re entend garantir un traitement \u00e9gal pour tous les citoyens dans le processus \u00e9lectoral. \u00ab J\u2019attache du prix au respect scrupuleux des directives contenues dans la pr\u00e9sente note \u00bb, conclut le ministre Awate, qui semble d\u00e9termin\u00e9 \u00e0 assurer la transparence du scrutin municipal \u00e0 venir.<\/p>\n<p>Reste \u00e0 voir si les autorit\u00e9s locales se conformeront pleinement \u00e0 ces instructions, dans un contexte o\u00f9 chaque d\u00e9tail administratif peut peser sur l\u2019\u00e9quilibre politique.<\/p>\n<p>&nbsp;<\/p>\n<p>&nbsp;<\/p>\n<p>&nbsp;<\/p>\n<p>&nbsp;<\/p>\n<p>&nbsp;<\/p>\n<p>&nbsp;<\/p>\n<p>&nbsp;<\/p>\n<p>&nbsp;<\/p>\n","protected":false},"excerpt":{"rendered":"<p>Victoire d\u2019\u00e9tape pour l\u2019opposition et geste d\u2019ouverture du pouvoir\u00a0 . A l\u2019approche des \u00e9lections municipales du 10 juillet 2025, un rappel ferme du ministre de l\u2019Administration territoriale, Hodabalo AWATE, vient mettre un coup d\u2019arr\u00eat aux \u00e9ventuels abus dans la d\u00e9livrance des attestations de r\u00e9sidence. Un geste qui constitue pour l\u2019opposition, une victoire d\u2019\u00e9tape et un &#8230; <a title=\"Elections municipales 2025 : cette injonction du pouvoir central aux Maires\" class=\"read-more\" href=\"https:\/\/228news.tg\/index.php\/2025\/05\/25\/elections-municipales-2025-cette-injonction-du-pouvoir-central-aux-maires\/\" aria-label=\"En savoir plus sur Elections municipales 2025 : cette injonction du pouvoir central aux Maires\">Lire la suite<\/a><\/p>\n","protected":false},"author":2,"featured_media":15557,"comment_status":"open","ping_status":"open","sticky":false,"template":"","format":"standard","meta":{"footnotes":""},"categories":[33,25],"tags":[],"class_list":["post-16195","post","type-post","status-publish","format-standard","has-post-thumbnail","hentry","category-politique","category-togo"],"yoast_head":"<!-- This site is optimized with the Yoast SEO plugin v26.4 - https:\/\/yoast.com\/wordpress\/plugins\/seo\/ -->\n<title>Elections municipales 2025 : cette injonction du pouvoir central aux Maires - 228 News<\/title>\n<meta name=\"robots\" content=\"index, follow, max-snippet:-1, max-image-preview:large, max-video-preview:-1\" \/>\n<link rel=\"canonical\" href=\"https:\/\/228news.tg\/index.php\/2025\/05\/25\/elections-municipales-2025-cette-injonction-du-pouvoir-central-aux-maires\/\" \/>\n<meta property=\"og:locale\" content=\"fr_FR\" \/>\n<meta property=\"og:type\" content=\"article\" \/>\n<meta property=\"og:title\" content=\"Elections municipales 2025 : cette injonction du pouvoir central aux Maires - 228 News\" \/>\n<meta property=\"og:description\" content=\"Victoire d\u2019\u00e9tape pour l\u2019opposition et geste d\u2019ouverture du pouvoir\u00a0 . A l\u2019approche des \u00e9lections municipales du 10 juillet 2025, un rappel ferme du ministre de l\u2019Administration territoriale, Hodabalo AWATE, vient mettre un coup d\u2019arr\u00eat aux \u00e9ventuels abus dans la d\u00e9livrance des attestations de r\u00e9sidence. Un geste qui constitue pour l\u2019opposition, une victoire d\u2019\u00e9tape et un ... Lire la suite\" \/>\n<meta property=\"og:url\" content=\"https:\/\/228news.tg\/index.php\/2025\/05\/25\/elections-municipales-2025-cette-injonction-du-pouvoir-central-aux-maires\/\" \/>\n<meta property=\"og:site_name\" content=\"228 News\" \/>\n<meta property=\"article:published_time\" content=\"2025-05-25T09:59:03+00:00\" \/>\n<meta property=\"og:image\" content=\"https:\/\/228news.tg\/wp-content\/uploads\/2024\/12\/IMG-20241205-WA0013.jpg\" \/>\n\t<meta property=\"og:image:width\" content=\"600\" \/>\n\t<meta property=\"og:image:height\" content=\"398\" \/>\n\t<meta property=\"og:image:type\" content=\"image\/jpeg\" \/>\n<meta name=\"author\" content=\"Bienvenu SAVI\" \/>\n<meta name=\"twitter:card\" content=\"summary_large_image\" \/>\n<meta name=\"twitter:label1\" content=\"\u00c9crit par\" \/>\n\t<meta name=\"twitter:data1\" content=\"Bienvenu SAVI\" \/>\n\t<meta name=\"twitter:label2\" content=\"Dur\u00e9e de lecture estim\u00e9e\" \/>\n\t<meta name=\"twitter:data2\" content=\"3 minutes\" \/>\n<script type=\"application\/ld+json\" class=\"yoast-schema-graph\">{\"@context\":\"https:\/\/schema.org\",\"@graph\":[{\"@type\":\"Article\",\"@id\":\"https:\/\/228news.tg\/index.php\/2025\/05\/25\/elections-municipales-2025-cette-injonction-du-pouvoir-central-aux-maires\/#article\",\"isPartOf\":{\"@id\":\"https:\/\/228news.tg\/index.php\/2025\/05\/25\/elections-municipales-2025-cette-injonction-du-pouvoir-central-aux-maires\/\"},\"author\":{\"name\":\"Bienvenu SAVI\",\"@id\":\"https:\/\/228news.tg\/#\/schema\/person\/68d5a6cc0230290e61235c8379523f52\"},\"headline\":\"Elections municipales 2025 : cette injonction du pouvoir central aux Maires\",\"datePublished\":\"2025-05-25T09:59:03+00:00\",\"mainEntityOfPage\":{\"@id\":\"https:\/\/228news.tg\/index.php\/2025\/05\/25\/elections-municipales-2025-cette-injonction-du-pouvoir-central-aux-maires\/\"},\"wordCount\":441,\"commentCount\":0,\"publisher\":{\"@id\":\"https:\/\/228news.tg\/#organization\"},\"image\":{\"@id\":\"https:\/\/228news.tg\/index.php\/2025\/05\/25\/elections-municipales-2025-cette-injonction-du-pouvoir-central-aux-maires\/#primaryimage\"},\"thumbnailUrl\":\"https:\/\/228news.tg\/wp-content\/uploads\/2024\/12\/IMG-20241205-WA0013.jpg\",\"articleSection\":[\"POLITIQUE\",\"TOGO\"],\"inLanguage\":\"fr-FR\",\"potentialAction\":[{\"@type\":\"CommentAction\",\"name\":\"Comment\",\"target\":[\"https:\/\/228news.tg\/index.php\/2025\/05\/25\/elections-municipales-2025-cette-injonction-du-pouvoir-central-aux-maires\/#respond\"]}]},{\"@type\":\"WebPage\",\"@id\":\"https:\/\/228news.tg\/index.php\/2025\/05\/25\/elections-municipales-2025-cette-injonction-du-pouvoir-central-aux-maires\/\",\"url\":\"https:\/\/228news.tg\/index.php\/2025\/05\/25\/elections-municipales-2025-cette-injonction-du-pouvoir-central-aux-maires\/\",\"name\":\"Elections municipales 2025 : cette injonction du pouvoir central aux Maires - 228 News\",\"isPartOf\":{\"@id\":\"https:\/\/228news.tg\/#website\"},\"primaryImageOfPage\":{\"@id\":\"https:\/\/228news.tg\/index.php\/2025\/05\/25\/elections-municipales-2025-cette-injonction-du-pouvoir-central-aux-maires\/#primaryimage\"},\"image\":{\"@id\":\"https:\/\/228news.tg\/index.php\/2025\/05\/25\/elections-municipales-2025-cette-injonction-du-pouvoir-central-aux-maires\/#primaryimage\"},\"thumbnailUrl\":\"https:\/\/228news.tg\/wp-content\/uploads\/2024\/12\/IMG-20241205-WA0013.jpg\",\"datePublished\":\"2025-05-25T09:59:03+00:00\",\"breadcrumb\":{\"@id\":\"https:\/\/228news.tg\/index.php\/2025\/05\/25\/elections-municipales-2025-cette-injonction-du-pouvoir-central-aux-maires\/#breadcrumb\"},\"inLanguage\":\"fr-FR\",\"potentialAction\":[{\"@type\":\"ReadAction\",\"target\":[\"https:\/\/228news.tg\/index.php\/2025\/05\/25\/elections-municipales-2025-cette-injonction-du-pouvoir-central-aux-maires\/\"]}]},{\"@type\":\"ImageObject\",\"inLanguage\":\"fr-FR\",\"@id\":\"https:\/\/228news.tg\/index.php\/2025\/05\/25\/elections-municipales-2025-cette-injonction-du-pouvoir-central-aux-maires\/#primaryimage\",\"url\":\"https:\/\/228news.tg\/wp-content\/uploads\/2024\/12\/IMG-20241205-WA0013.jpg\",\"contentUrl\":\"https:\/\/228news.tg\/wp-content\/uploads\/2024\/12\/IMG-20241205-WA0013.jpg\",\"width\":600,\"height\":398},{\"@type\":\"BreadcrumbList\",\"@id\":\"https:\/\/228news.tg\/index.php\/2025\/05\/25\/elections-municipales-2025-cette-injonction-du-pouvoir-central-aux-maires\/#breadcrumb\",\"itemListElement\":[{\"@type\":\"ListItem\",\"position\":1,\"name\":\"Home\",\"item\":\"https:\/\/228news.tg\/\"},{\"@type\":\"ListItem\",\"position\":2,\"name\":\"Elections municipales 2025 : cette injonction du pouvoir central aux Maires\"}]},{\"@type\":\"WebSite\",\"@id\":\"https:\/\/228news.tg\/#website\",\"url\":\"https:\/\/228news.tg\/\",\"name\":\"228 News\",\"description\":\"Soci\u00e9t\u00e9 de m\u00e9dias et d\u2019actualit\u00e9s\",\"publisher\":{\"@id\":\"https:\/\/228news.tg\/#organization\"},\"potentialAction\":[{\"@type\":\"SearchAction\",\"target\":{\"@type\":\"EntryPoint\",\"urlTemplate\":\"https:\/\/228news.tg\/?s={search_term_string}\"},\"query-input\":{\"@type\":\"PropertyValueSpecification\",\"valueRequired\":true,\"valueName\":\"search_term_string\"}}],\"inLanguage\":\"fr-FR\"},{\"@type\":\"Organization\",\"@id\":\"https:\/\/228news.tg\/#organization\",\"name\":\"228 News\",\"url\":\"https:\/\/228news.tg\/\",\"logo\":{\"@type\":\"ImageObject\",\"inLanguage\":\"fr-FR\",\"@id\":\"https:\/\/228news.tg\/#\/schema\/logo\/image\/\",\"url\":\"https:\/\/228news.tg\/wp-content\/uploads\/2024\/09\/logonew.png\",\"contentUrl\":\"https:\/\/228news.tg\/wp-content\/uploads\/2024\/09\/logonew.png\",\"width\":1640,\"height\":364,\"caption\":\"228 News\"},\"image\":{\"@id\":\"https:\/\/228news.tg\/#\/schema\/logo\/image\/\"}},{\"@type\":\"Person\",\"@id\":\"https:\/\/228news.tg\/#\/schema\/person\/68d5a6cc0230290e61235c8379523f52\",\"name\":\"Bienvenu SAVI\",\"image\":{\"@type\":\"ImageObject\",\"inLanguage\":\"fr-FR\",\"@id\":\"https:\/\/228news.tg\/#\/schema\/person\/image\/\",\"url\":\"https:\/\/secure.gravatar.com\/avatar\/9db91895c559e510509c33a3e9683998458e9b828fac36d5d1aa23f0f2fd369b?s=96&d=mm&r=g\",\"contentUrl\":\"https:\/\/secure.gravatar.com\/avatar\/9db91895c559e510509c33a3e9683998458e9b828fac36d5d1aa23f0f2fd369b?s=96&d=mm&r=g\",\"caption\":\"Bienvenu SAVI\"},\"url\":\"https:\/\/228news.tg\/index.php\/author\/bienvenu\/\"}]}<\/script>\n<!-- \/ Yoast SEO plugin. -->","yoast_head_json":{"title":"Elections municipales 2025 : cette injonction du pouvoir central aux Maires - 228 News","robots":{"index":"index","follow":"follow","max-snippet":"max-snippet:-1","max-image-preview":"max-image-preview:large","max-video-preview":"max-video-preview:-1"},"canonical":"https:\/\/228news.tg\/index.php\/2025\/05\/25\/elections-municipales-2025-cette-injonction-du-pouvoir-central-aux-maires\/","og_locale":"fr_FR","og_type":"article","og_title":"Elections municipales 2025 : cette injonction du pouvoir central aux Maires - 228 News","og_description":"Victoire d\u2019\u00e9tape pour l\u2019opposition et geste d\u2019ouverture du pouvoir\u00a0 . A l\u2019approche des \u00e9lections municipales du 10 juillet 2025, un rappel ferme du ministre de l\u2019Administration territoriale, Hodabalo AWATE, vient mettre un coup d\u2019arr\u00eat aux \u00e9ventuels abus dans la d\u00e9livrance des attestations de r\u00e9sidence. Un geste qui constitue pour l\u2019opposition, une victoire d\u2019\u00e9tape et un ... Lire la suite","og_url":"https:\/\/228news.tg\/index.php\/2025\/05\/25\/elections-municipales-2025-cette-injonction-du-pouvoir-central-aux-maires\/","og_site_name":"228 News","article_published_time":"2025-05-25T09:59:03+00:00","og_image":[{"width":600,"height":398,"url":"https:\/\/228news.tg\/wp-content\/uploads\/2024\/12\/IMG-20241205-WA0013.jpg","type":"image\/jpeg"}],"author":"Bienvenu SAVI","twitter_card":"summary_large_image","twitter_misc":{"\u00c9crit par":"Bienvenu SAVI","Dur\u00e9e de lecture estim\u00e9e":"3 minutes"},"schema":{"@context":"https:\/\/schema.org","@graph":[{"@type":"Article","@id":"https:\/\/228news.tg\/index.php\/2025\/05\/25\/elections-municipales-2025-cette-injonction-du-pouvoir-central-aux-maires\/#article","isPartOf":{"@id":"https:\/\/228news.tg\/index.php\/2025\/05\/25\/elections-municipales-2025-cette-injonction-du-pouvoir-central-aux-maires\/"},"author":{"name":"Bienvenu SAVI","@id":"https:\/\/228news.tg\/#\/schema\/person\/68d5a6cc0230290e61235c8379523f52"},"headline":"Elections municipales 2025 : cette injonction du pouvoir central aux Maires","datePublished":"2025-05-25T09:59:03+00:00","mainEntityOfPage":{"@id":"https:\/\/228news.tg\/index.php\/2025\/05\/25\/elections-municipales-2025-cette-injonction-du-pouvoir-central-aux-maires\/"},"wordCount":441,"commentCount":0,"publisher":{"@id":"https:\/\/228news.tg\/#organization"},"image":{"@id":"https:\/\/228news.tg\/index.php\/2025\/05\/25\/elections-municipales-2025-cette-injonction-du-pouvoir-central-aux-maires\/#primaryimage"},"thumbnailUrl":"https:\/\/228news.tg\/wp-content\/uploads\/2024\/12\/IMG-20241205-WA0013.jpg","articleSection":["POLITIQUE","TOGO"],"inLanguage":"fr-FR","potentialAction":[{"@type":"CommentAction","name":"Comment","target":["https:\/\/228news.tg\/index.php\/2025\/05\/25\/elections-municipales-2025-cette-injonction-du-pouvoir-central-aux-maires\/#respond"]}]},{"@type":"WebPage","@id":"https:\/\/228news.tg\/index.php\/2025\/05\/25\/elections-municipales-2025-cette-injonction-du-pouvoir-central-aux-maires\/","url":"https:\/\/228news.tg\/index.php\/2025\/05\/25\/elections-municipales-2025-cette-injonction-du-pouvoir-central-aux-maires\/","name":"Elections municipales 2025 : cette injonction du pouvoir central aux Maires - 228 News","isPartOf":{"@id":"https:\/\/228news.tg\/#website"},"primaryImageOfPage":{"@id":"https:\/\/228news.tg\/index.php\/2025\/05\/25\/elections-municipales-2025-cette-injonction-du-pouvoir-central-aux-maires\/#primaryimage"},"image":{"@id":"https:\/\/228news.tg\/index.php\/2025\/05\/25\/elections-municipales-2025-cette-injonction-du-pouvoir-central-aux-maires\/#primaryimage"},"thumbnailUrl":"https:\/\/228news.tg\/wp-content\/uploads\/2024\/12\/IMG-20241205-WA0013.jpg","datePublished":"2025-05-25T09:59:03+00:00","breadcrumb":{"@id":"https:\/\/228news.tg\/index.php\/2025\/05\/25\/elections-municipales-2025-cette-injonction-du-pouvoir-central-aux-maires\/#breadcrumb"},"inLanguage":"fr-FR","potentialAction":[{"@type":"ReadAction","target":["https:\/\/228news.tg\/index.php\/2025\/05\/25\/elections-municipales-2025-cette-injonction-du-pouvoir-central-aux-maires\/"]}]},{"@type":"ImageObject","inLanguage":"fr-FR","@id":"https:\/\/228news.tg\/index.php\/2025\/05\/25\/elections-municipales-2025-cette-injonction-du-pouvoir-central-aux-maires\/#primaryimage","url":"https:\/\/228news.tg\/wp-content\/uploads\/2024\/12\/IMG-20241205-WA0013.jpg","contentUrl":"https:\/\/228news.tg\/wp-content\/uploads\/2024\/12\/IMG-20241205-WA0013.jpg","width":600,"height":398},{"@type":"BreadcrumbList","@id":"https:\/\/228news.tg\/index.php\/2025\/05\/25\/elections-municipales-2025-cette-injonction-du-pouvoir-central-aux-maires\/#breadcrumb","itemListElement":[{"@type":"ListItem","position":1,"name":"Home","item":"https:\/\/228news.tg\/"},{"@type":"ListItem","position":2,"name":"Elections municipales 2025 : cette injonction du pouvoir central aux Maires"}]},{"@type":"WebSite","@id":"https:\/\/228news.tg\/#website","url":"https:\/\/228news.tg\/","name":"228 News","description":"Soci\u00e9t\u00e9 de m\u00e9dias et d\u2019actualit\u00e9s","publisher":{"@id":"https:\/\/228news.tg\/#organization"},"potentialAction":[{"@type":"SearchAction","target":{"@type":"EntryPoint","urlTemplate":"https:\/\/228news.tg\/?s={search_term_string}"},"query-input":{"@type":"PropertyValueSpecification","valueRequired":true,"valueName":"search_term_string"}}],"inLanguage":"fr-FR"},{"@type":"Organization","@id":"https:\/\/228news.tg\/#organization","name":"228 News","url":"https:\/\/228news.tg\/","logo":{"@type":"ImageObject","inLanguage":"fr-FR","@id":"https:\/\/228news.tg\/#\/schema\/logo\/image\/","url":"https:\/\/228news.tg\/wp-content\/uploads\/2024\/09\/logonew.png","contentUrl":"https:\/\/228news.tg\/wp-content\/uploads\/2024\/09\/logonew.png","width":1640,"height":364,"caption":"228 News"},"image":{"@id":"https:\/\/228news.tg\/#\/schema\/logo\/image\/"}},{"@type":"Person","@id":"https:\/\/228news.tg\/#\/schema\/person\/68d5a6cc0230290e61235c8379523f52","name":"Bienvenu SAVI","image":{"@type":"ImageObject","inLanguage":"fr-FR","@id":"https:\/\/228news.tg\/#\/schema\/person\/image\/","url":"https:\/\/secure.gravatar.com\/avatar\/9db91895c559e510509c33a3e9683998458e9b828fac36d5d1aa23f0f2fd369b?s=96&d=mm&r=g","contentUrl":"https:\/\/secure.gravatar.com\/avatar\/9db91895c559e510509c33a3e9683998458e9b828fac36d5d1aa23f0f2fd369b?s=96&d=mm&r=g","caption":"Bienvenu SAVI"},"url":"https:\/\/228news.tg\/index.php\/author\/bienvenu\/"}]}},"jetpack_featured_media_url":"https:\/\/228news.tg\/wp-content\/uploads\/2024\/12\/IMG-20241205-WA0013.jpg","_links":{"self":[{"href":"https:\/\/228news.tg\/index.php\/wp-json\/wp\/v2\/posts\/16195","targetHints":{"allow":["GET"]}}],"collection":[{"href":"https:\/\/228news.tg\/index.php\/wp-json\/wp\/v2\/posts"}],"about":[{"href":"https:\/\/228news.tg\/index.php\/wp-json\/wp\/v2\/types\/post"}],"author":[{"embeddable":true,"href":"https:\/\/228news.tg\/index.php\/wp-json\/wp\/v2\/users\/2"}],"replies":[{"embeddable":true,"href":"https:\/\/228news.tg\/index.php\/wp-json\/wp\/v2\/comments?post=16195"}],"version-history":[{"count":1,"href":"https:\/\/228news.tg\/index.php\/wp-json\/wp\/v2\/posts\/16195\/revisions"}],"predecessor-version":[{"id":16196,"href":"https:\/\/228news.tg\/index.php\/wp-json\/wp\/v2\/posts\/16195\/revisions\/16196"}],"wp:featuredmedia":[{"embeddable":true,"href":"https:\/\/228news.tg\/index.php\/wp-json\/wp\/v2\/media\/15557"}],"wp:attachment":[{"href":"https:\/\/228news.tg\/index.php\/wp-json\/wp\/v2\/media?parent=16195"}],"wp:term":[{"taxonomy":"category","embeddable":true,"href":"https:\/\/228news.tg\/index.php\/wp-json\/wp\/v2\/categories?post=16195"},{"taxonomy":"post_tag","embeddable":true,"href":"https:\/\/228news.tg\/index.php\/wp-json\/wp\/v2\/tags?post=16195"}],"curies":[{"name":"wp","href":"https:\/\/api.w.org\/{rel}","templated":true}]}}