{"id":16175,"date":"2025-05-16T14:38:43","date_gmt":"2025-05-16T14:38:43","guid":{"rendered":"https:\/\/228news.tg\/?p=16175"},"modified":"2025-05-16T14:38:43","modified_gmt":"2025-05-16T14:38:43","slug":"drame-a-djarkpanga-les-2-policiers-impliques-arretes-et-places-en-garde-a-vue","status":"publish","type":"post","link":"https:\/\/228news.tg\/index.php\/2025\/05\/16\/drame-a-djarkpanga-les-2-policiers-impliques-arretes-et-places-en-garde-a-vue\/","title":{"rendered":"Drame \u00e0 Djarkpanga : les 2 policiers impliqu\u00e9s arr\u00eat\u00e9s et plac\u00e9s en garde-\u00e0-vue"},"content":{"rendered":"<p>Les deux agents polices pr\u00e9sum\u00e9s dans le meurtre et le vol d\u2019une vendeuse boisson locale \u00e0 Djarkpanga, sont mis aux arr\u00eats et sont plac\u00e9s en garde-\u00e0-vue. Il s\u2019agit de Kwami Ernest Adjadja et son bin\u00f4me Amadou-Mande Abdoul Charif. En attendant leur comparution par devant le procureur de la R\u00e9publique, ils sont gard\u00e9s \u00e0 la gendarmerie nationale.<\/p>\n<p><img fetchpriority=\"high\" decoding=\"async\" class=\"alignnone size-medium wp-image-16171\" src=\"https:\/\/228news.tg\/wp-content\/uploads\/2025\/05\/IMG-20250515-WA0088-225x300.jpg\" alt=\"\" width=\"225\" height=\"300\" srcset=\"https:\/\/228news.tg\/wp-content\/uploads\/2025\/05\/IMG-20250515-WA0088-225x300.jpg 225w, https:\/\/228news.tg\/wp-content\/uploads\/2025\/05\/IMG-20250515-WA0088.jpg 765w\" sizes=\"(max-width: 225px) 100vw, 225px\" \/><\/p>\n<p>Impliqu\u00e9s dans l\u2019affaire qui fait grand bruit actuellement sur les r\u00e9seaux sociaux, Kwami Ernest Adjadja et Amadou-Mande Abdoul Charif sont dans les mains de la gendarmerie . Ils ont \u00e9t\u00e9 arr\u00eat\u00e9s dans la nuit de jeudi \u00e0 vendredi 16 mai 2025 et plac\u00e9s en garde-\u00e0-vue \u00e0 la gendarmerie qui confirme leur arrestation gr\u00e2ce aux alertes lanc\u00e9es par les populations.<\/p>\n<p>Les faits tels que r\u00e9v\u00e9l\u00e9s par les sources officielles, il est reproch\u00e9 aux deux (02) agents, le meurtre d\u2019une dame vendeuse de boisson locale dans la localit\u00e9 de Djarkpanga.<\/p>\n<p>D\u2019apr\u00e8s la gendarmerie, le drame s\u2019est produit dans un diff\u00e9rend qui les opposait \u00e0 la victime. Les deux policiers auraient par la suite vol\u00e9 \u00e0 leur victime, une somme de 400.000F CFA.<\/p>\n<p>Pour l\u2019instant, des les investigations sont en cours pour \u00e9lucider les circonstances du drame puis situer les responsabilit\u00e9s.<\/p>\n<p>&nbsp;<\/p>\n<p>&nbsp;<\/p>\n<p>&nbsp;<\/p>\n<p>&nbsp;<\/p>\n<p>&nbsp;<\/p>\n","protected":false},"excerpt":{"rendered":"<p>Les deux agents polices pr\u00e9sum\u00e9s dans le meurtre et le vol d\u2019une vendeuse boisson locale \u00e0 Djarkpanga, sont mis aux arr\u00eats et sont plac\u00e9s en garde-\u00e0-vue. Il s\u2019agit de Kwami Ernest Adjadja et son bin\u00f4me Amadou-Mande Abdoul Charif. En attendant leur comparution par devant le procureur de la R\u00e9publique, ils sont gard\u00e9s \u00e0 la gendarmerie &#8230; <a title=\"Drame \u00e0 Djarkpanga : les 2 policiers impliqu\u00e9s arr\u00eat\u00e9s et plac\u00e9s en garde-\u00e0-vue\" class=\"read-more\" href=\"https:\/\/228news.tg\/index.php\/2025\/05\/16\/drame-a-djarkpanga-les-2-policiers-impliques-arretes-et-places-en-garde-a-vue\/\" aria-label=\"En savoir plus sur Drame \u00e0 Djarkpanga : les 2 policiers impliqu\u00e9s arr\u00eat\u00e9s et plac\u00e9s en garde-\u00e0-vue\">Lire la suite<\/a><\/p>\n","protected":false},"author":2,"featured_media":16172,"comment_status":"open","ping_status":"open","sticky":false,"template":"","format":"standard","meta":{"footnotes":""},"categories":[29,25],"tags":[],"class_list":["post-16175","post","type-post","status-publish","format-standard","has-post-thumbnail","hentry","category-societe","category-togo"],"yoast_head":"<!-- This site is optimized with the Yoast SEO plugin v26.4 - https:\/\/yoast.com\/wordpress\/plugins\/seo\/ -->\n<title>Drame \u00e0 Djarkpanga : les 2 policiers impliqu\u00e9s arr\u00eat\u00e9s et plac\u00e9s en garde-\u00e0-vue - 228 News<\/title>\n<meta name=\"robots\" content=\"index, follow, max-snippet:-1, max-image-preview:large, max-video-preview:-1\" \/>\n<link rel=\"canonical\" href=\"https:\/\/228news.tg\/index.php\/2025\/05\/16\/drame-a-djarkpanga-les-2-policiers-impliques-arretes-et-places-en-garde-a-vue\/\" \/>\n<meta property=\"og:locale\" content=\"fr_FR\" \/>\n<meta property=\"og:type\" content=\"article\" \/>\n<meta property=\"og:title\" content=\"Drame \u00e0 Djarkpanga : les 2 policiers impliqu\u00e9s arr\u00eat\u00e9s et plac\u00e9s en garde-\u00e0-vue - 228 News\" \/>\n<meta property=\"og:description\" content=\"Les deux agents polices pr\u00e9sum\u00e9s dans le meurtre et le vol d\u2019une vendeuse boisson locale \u00e0 Djarkpanga, sont mis aux arr\u00eats et sont plac\u00e9s en garde-\u00e0-vue. Il s\u2019agit de Kwami Ernest Adjadja et son bin\u00f4me Amadou-Mande Abdoul Charif. En attendant leur comparution par devant le procureur de la R\u00e9publique, ils sont gard\u00e9s \u00e0 la gendarmerie ... Lire la suite\" \/>\n<meta property=\"og:url\" content=\"https:\/\/228news.tg\/index.php\/2025\/05\/16\/drame-a-djarkpanga-les-2-policiers-impliques-arretes-et-places-en-garde-a-vue\/\" \/>\n<meta property=\"og:site_name\" content=\"228 News\" \/>\n<meta property=\"article:published_time\" content=\"2025-05-16T14:38:43+00:00\" \/>\n<meta property=\"og:image\" content=\"https:\/\/228news.tg\/wp-content\/uploads\/2025\/05\/IMG-20250515-WA0087.jpg\" \/>\n\t<meta property=\"og:image:width\" content=\"765\" \/>\n\t<meta property=\"og:image:height\" content=\"1020\" \/>\n\t<meta property=\"og:image:type\" content=\"image\/jpeg\" \/>\n<meta name=\"author\" content=\"Bienvenu SAVI\" \/>\n<meta name=\"twitter:card\" content=\"summary_large_image\" \/>\n<meta name=\"twitter:label1\" content=\"\u00c9crit par\" \/>\n\t<meta name=\"twitter:data1\" content=\"Bienvenu SAVI\" \/>\n\t<meta name=\"twitter:label2\" content=\"Dur\u00e9e de lecture estim\u00e9e\" \/>\n\t<meta name=\"twitter:data2\" content=\"2 minutes\" \/>\n<script type=\"application\/ld+json\" class=\"yoast-schema-graph\">{\"@context\":\"https:\/\/schema.org\",\"@graph\":[{\"@type\":\"Article\",\"@id\":\"https:\/\/228news.tg\/index.php\/2025\/05\/16\/drame-a-djarkpanga-les-2-policiers-impliques-arretes-et-places-en-garde-a-vue\/#article\",\"isPartOf\":{\"@id\":\"https:\/\/228news.tg\/index.php\/2025\/05\/16\/drame-a-djarkpanga-les-2-policiers-impliques-arretes-et-places-en-garde-a-vue\/\"},\"author\":{\"name\":\"Bienvenu SAVI\",\"@id\":\"https:\/\/228news.tg\/#\/schema\/person\/68d5a6cc0230290e61235c8379523f52\"},\"headline\":\"Drame \u00e0 Djarkpanga : les 2 policiers impliqu\u00e9s arr\u00eat\u00e9s et plac\u00e9s en garde-\u00e0-vue\",\"datePublished\":\"2025-05-16T14:38:43+00:00\",\"mainEntityOfPage\":{\"@id\":\"https:\/\/228news.tg\/index.php\/2025\/05\/16\/drame-a-djarkpanga-les-2-policiers-impliques-arretes-et-places-en-garde-a-vue\/\"},\"wordCount\":233,\"commentCount\":0,\"publisher\":{\"@id\":\"https:\/\/228news.tg\/#organization\"},\"image\":{\"@id\":\"https:\/\/228news.tg\/index.php\/2025\/05\/16\/drame-a-djarkpanga-les-2-policiers-impliques-arretes-et-places-en-garde-a-vue\/#primaryimage\"},\"thumbnailUrl\":\"https:\/\/228news.tg\/wp-content\/uploads\/2025\/05\/IMG-20250515-WA0087.jpg\",\"articleSection\":[\"SOCIETE\",\"TOGO\"],\"inLanguage\":\"fr-FR\",\"potentialAction\":[{\"@type\":\"CommentAction\",\"name\":\"Comment\",\"target\":[\"https:\/\/228news.tg\/index.php\/2025\/05\/16\/drame-a-djarkpanga-les-2-policiers-impliques-arretes-et-places-en-garde-a-vue\/#respond\"]}]},{\"@type\":\"WebPage\",\"@id\":\"https:\/\/228news.tg\/index.php\/2025\/05\/16\/drame-a-djarkpanga-les-2-policiers-impliques-arretes-et-places-en-garde-a-vue\/\",\"url\":\"https:\/\/228news.tg\/index.php\/2025\/05\/16\/drame-a-djarkpanga-les-2-policiers-impliques-arretes-et-places-en-garde-a-vue\/\",\"name\":\"Drame \u00e0 Djarkpanga : les 2 policiers impliqu\u00e9s arr\u00eat\u00e9s et plac\u00e9s en garde-\u00e0-vue - 228 News\",\"isPartOf\":{\"@id\":\"https:\/\/228news.tg\/#website\"},\"primaryImageOfPage\":{\"@id\":\"https:\/\/228news.tg\/index.php\/2025\/05\/16\/drame-a-djarkpanga-les-2-policiers-impliques-arretes-et-places-en-garde-a-vue\/#primaryimage\"},\"image\":{\"@id\":\"https:\/\/228news.tg\/index.php\/2025\/05\/16\/drame-a-djarkpanga-les-2-policiers-impliques-arretes-et-places-en-garde-a-vue\/#primaryimage\"},\"thumbnailUrl\":\"https:\/\/228news.tg\/wp-content\/uploads\/2025\/05\/IMG-20250515-WA0087.jpg\",\"datePublished\":\"2025-05-16T14:38:43+00:00\",\"breadcrumb\":{\"@id\":\"https:\/\/228news.tg\/index.php\/2025\/05\/16\/drame-a-djarkpanga-les-2-policiers-impliques-arretes-et-places-en-garde-a-vue\/#breadcrumb\"},\"inLanguage\":\"fr-FR\",\"potentialAction\":[{\"@type\":\"ReadAction\",\"target\":[\"https:\/\/228news.tg\/index.php\/2025\/05\/16\/drame-a-djarkpanga-les-2-policiers-impliques-arretes-et-places-en-garde-a-vue\/\"]}]},{\"@type\":\"ImageObject\",\"inLanguage\":\"fr-FR\",\"@id\":\"https:\/\/228news.tg\/index.php\/2025\/05\/16\/drame-a-djarkpanga-les-2-policiers-impliques-arretes-et-places-en-garde-a-vue\/#primaryimage\",\"url\":\"https:\/\/228news.tg\/wp-content\/uploads\/2025\/05\/IMG-20250515-WA0087.jpg\",\"contentUrl\":\"https:\/\/228news.tg\/wp-content\/uploads\/2025\/05\/IMG-20250515-WA0087.jpg\",\"width\":765,\"height\":1020},{\"@type\":\"BreadcrumbList\",\"@id\":\"https:\/\/228news.tg\/index.php\/2025\/05\/16\/drame-a-djarkpanga-les-2-policiers-impliques-arretes-et-places-en-garde-a-vue\/#breadcrumb\",\"itemListElement\":[{\"@type\":\"ListItem\",\"position\":1,\"name\":\"Home\",\"item\":\"https:\/\/228news.tg\/\"},{\"@type\":\"ListItem\",\"position\":2,\"name\":\"Drame \u00e0 Djarkpanga : les 2 policiers impliqu\u00e9s arr\u00eat\u00e9s et plac\u00e9s en garde-\u00e0-vue\"}]},{\"@type\":\"WebSite\",\"@id\":\"https:\/\/228news.tg\/#website\",\"url\":\"https:\/\/228news.tg\/\",\"name\":\"228 News\",\"description\":\"Soci\u00e9t\u00e9 de m\u00e9dias et d\u2019actualit\u00e9s\",\"publisher\":{\"@id\":\"https:\/\/228news.tg\/#organization\"},\"potentialAction\":[{\"@type\":\"SearchAction\",\"target\":{\"@type\":\"EntryPoint\",\"urlTemplate\":\"https:\/\/228news.tg\/?s={search_term_string}\"},\"query-input\":{\"@type\":\"PropertyValueSpecification\",\"valueRequired\":true,\"valueName\":\"search_term_string\"}}],\"inLanguage\":\"fr-FR\"},{\"@type\":\"Organization\",\"@id\":\"https:\/\/228news.tg\/#organization\",\"name\":\"228 News\",\"url\":\"https:\/\/228news.tg\/\",\"logo\":{\"@type\":\"ImageObject\",\"inLanguage\":\"fr-FR\",\"@id\":\"https:\/\/228news.tg\/#\/schema\/logo\/image\/\",\"url\":\"https:\/\/228news.tg\/wp-content\/uploads\/2024\/09\/logonew.png\",\"contentUrl\":\"https:\/\/228news.tg\/wp-content\/uploads\/2024\/09\/logonew.png\",\"width\":1640,\"height\":364,\"caption\":\"228 News\"},\"image\":{\"@id\":\"https:\/\/228news.tg\/#\/schema\/logo\/image\/\"}},{\"@type\":\"Person\",\"@id\":\"https:\/\/228news.tg\/#\/schema\/person\/68d5a6cc0230290e61235c8379523f52\",\"name\":\"Bienvenu SAVI\",\"image\":{\"@type\":\"ImageObject\",\"inLanguage\":\"fr-FR\",\"@id\":\"https:\/\/228news.tg\/#\/schema\/person\/image\/\",\"url\":\"https:\/\/secure.gravatar.com\/avatar\/9db91895c559e510509c33a3e9683998458e9b828fac36d5d1aa23f0f2fd369b?s=96&d=mm&r=g\",\"contentUrl\":\"https:\/\/secure.gravatar.com\/avatar\/9db91895c559e510509c33a3e9683998458e9b828fac36d5d1aa23f0f2fd369b?s=96&d=mm&r=g\",\"caption\":\"Bienvenu SAVI\"},\"url\":\"https:\/\/228news.tg\/index.php\/author\/bienvenu\/\"}]}<\/script>\n<!-- \/ Yoast SEO plugin. -->","yoast_head_json":{"title":"Drame \u00e0 Djarkpanga : les 2 policiers impliqu\u00e9s arr\u00eat\u00e9s et plac\u00e9s en garde-\u00e0-vue - 228 News","robots":{"index":"index","follow":"follow","max-snippet":"max-snippet:-1","max-image-preview":"max-image-preview:large","max-video-preview":"max-video-preview:-1"},"canonical":"https:\/\/228news.tg\/index.php\/2025\/05\/16\/drame-a-djarkpanga-les-2-policiers-impliques-arretes-et-places-en-garde-a-vue\/","og_locale":"fr_FR","og_type":"article","og_title":"Drame \u00e0 Djarkpanga : les 2 policiers impliqu\u00e9s arr\u00eat\u00e9s et plac\u00e9s en garde-\u00e0-vue - 228 News","og_description":"Les deux agents polices pr\u00e9sum\u00e9s dans le meurtre et le vol d\u2019une vendeuse boisson locale \u00e0 Djarkpanga, sont mis aux arr\u00eats et sont plac\u00e9s en garde-\u00e0-vue. Il s\u2019agit de Kwami Ernest Adjadja et son bin\u00f4me Amadou-Mande Abdoul Charif. En attendant leur comparution par devant le procureur de la R\u00e9publique, ils sont gard\u00e9s \u00e0 la gendarmerie ... Lire la suite","og_url":"https:\/\/228news.tg\/index.php\/2025\/05\/16\/drame-a-djarkpanga-les-2-policiers-impliques-arretes-et-places-en-garde-a-vue\/","og_site_name":"228 News","article_published_time":"2025-05-16T14:38:43+00:00","og_image":[{"width":765,"height":1020,"url":"https:\/\/228news.tg\/wp-content\/uploads\/2025\/05\/IMG-20250515-WA0087.jpg","type":"image\/jpeg"}],"author":"Bienvenu SAVI","twitter_card":"summary_large_image","twitter_misc":{"\u00c9crit par":"Bienvenu SAVI","Dur\u00e9e de lecture estim\u00e9e":"2 minutes"},"schema":{"@context":"https:\/\/schema.org","@graph":[{"@type":"Article","@id":"https:\/\/228news.tg\/index.php\/2025\/05\/16\/drame-a-djarkpanga-les-2-policiers-impliques-arretes-et-places-en-garde-a-vue\/#article","isPartOf":{"@id":"https:\/\/228news.tg\/index.php\/2025\/05\/16\/drame-a-djarkpanga-les-2-policiers-impliques-arretes-et-places-en-garde-a-vue\/"},"author":{"name":"Bienvenu SAVI","@id":"https:\/\/228news.tg\/#\/schema\/person\/68d5a6cc0230290e61235c8379523f52"},"headline":"Drame \u00e0 Djarkpanga : les 2 policiers impliqu\u00e9s arr\u00eat\u00e9s et plac\u00e9s en garde-\u00e0-vue","datePublished":"2025-05-16T14:38:43+00:00","mainEntityOfPage":{"@id":"https:\/\/228news.tg\/index.php\/2025\/05\/16\/drame-a-djarkpanga-les-2-policiers-impliques-arretes-et-places-en-garde-a-vue\/"},"wordCount":233,"commentCount":0,"publisher":{"@id":"https:\/\/228news.tg\/#organization"},"image":{"@id":"https:\/\/228news.tg\/index.php\/2025\/05\/16\/drame-a-djarkpanga-les-2-policiers-impliques-arretes-et-places-en-garde-a-vue\/#primaryimage"},"thumbnailUrl":"https:\/\/228news.tg\/wp-content\/uploads\/2025\/05\/IMG-20250515-WA0087.jpg","articleSection":["SOCIETE","TOGO"],"inLanguage":"fr-FR","potentialAction":[{"@type":"CommentAction","name":"Comment","target":["https:\/\/228news.tg\/index.php\/2025\/05\/16\/drame-a-djarkpanga-les-2-policiers-impliques-arretes-et-places-en-garde-a-vue\/#respond"]}]},{"@type":"WebPage","@id":"https:\/\/228news.tg\/index.php\/2025\/05\/16\/drame-a-djarkpanga-les-2-policiers-impliques-arretes-et-places-en-garde-a-vue\/","url":"https:\/\/228news.tg\/index.php\/2025\/05\/16\/drame-a-djarkpanga-les-2-policiers-impliques-arretes-et-places-en-garde-a-vue\/","name":"Drame \u00e0 Djarkpanga : les 2 policiers impliqu\u00e9s arr\u00eat\u00e9s et plac\u00e9s en garde-\u00e0-vue - 228 News","isPartOf":{"@id":"https:\/\/228news.tg\/#website"},"primaryImageOfPage":{"@id":"https:\/\/228news.tg\/index.php\/2025\/05\/16\/drame-a-djarkpanga-les-2-policiers-impliques-arretes-et-places-en-garde-a-vue\/#primaryimage"},"image":{"@id":"https:\/\/228news.tg\/index.php\/2025\/05\/16\/drame-a-djarkpanga-les-2-policiers-impliques-arretes-et-places-en-garde-a-vue\/#primaryimage"},"thumbnailUrl":"https:\/\/228news.tg\/wp-content\/uploads\/2025\/05\/IMG-20250515-WA0087.jpg","datePublished":"2025-05-16T14:38:43+00:00","breadcrumb":{"@id":"https:\/\/228news.tg\/index.php\/2025\/05\/16\/drame-a-djarkpanga-les-2-policiers-impliques-arretes-et-places-en-garde-a-vue\/#breadcrumb"},"inLanguage":"fr-FR","potentialAction":[{"@type":"ReadAction","target":["https:\/\/228news.tg\/index.php\/2025\/05\/16\/drame-a-djarkpanga-les-2-policiers-impliques-arretes-et-places-en-garde-a-vue\/"]}]},{"@type":"ImageObject","inLanguage":"fr-FR","@id":"https:\/\/228news.tg\/index.php\/2025\/05\/16\/drame-a-djarkpanga-les-2-policiers-impliques-arretes-et-places-en-garde-a-vue\/#primaryimage","url":"https:\/\/228news.tg\/wp-content\/uploads\/2025\/05\/IMG-20250515-WA0087.jpg","contentUrl":"https:\/\/228news.tg\/wp-content\/uploads\/2025\/05\/IMG-20250515-WA0087.jpg","width":765,"height":1020},{"@type":"BreadcrumbList","@id":"https:\/\/228news.tg\/index.php\/2025\/05\/16\/drame-a-djarkpanga-les-2-policiers-impliques-arretes-et-places-en-garde-a-vue\/#breadcrumb","itemListElement":[{"@type":"ListItem","position":1,"name":"Home","item":"https:\/\/228news.tg\/"},{"@type":"ListItem","position":2,"name":"Drame \u00e0 Djarkpanga : les 2 policiers impliqu\u00e9s arr\u00eat\u00e9s et plac\u00e9s en garde-\u00e0-vue"}]},{"@type":"WebSite","@id":"https:\/\/228news.tg\/#website","url":"https:\/\/228news.tg\/","name":"228 News","description":"Soci\u00e9t\u00e9 de m\u00e9dias et d\u2019actualit\u00e9s","publisher":{"@id":"https:\/\/228news.tg\/#organization"},"potentialAction":[{"@type":"SearchAction","target":{"@type":"EntryPoint","urlTemplate":"https:\/\/228news.tg\/?s={search_term_string}"},"query-input":{"@type":"PropertyValueSpecification","valueRequired":true,"valueName":"search_term_string"}}],"inLanguage":"fr-FR"},{"@type":"Organization","@id":"https:\/\/228news.tg\/#organization","name":"228 News","url":"https:\/\/228news.tg\/","logo":{"@type":"ImageObject","inLanguage":"fr-FR","@id":"https:\/\/228news.tg\/#\/schema\/logo\/image\/","url":"https:\/\/228news.tg\/wp-content\/uploads\/2024\/09\/logonew.png","contentUrl":"https:\/\/228news.tg\/wp-content\/uploads\/2024\/09\/logonew.png","width":1640,"height":364,"caption":"228 News"},"image":{"@id":"https:\/\/228news.tg\/#\/schema\/logo\/image\/"}},{"@type":"Person","@id":"https:\/\/228news.tg\/#\/schema\/person\/68d5a6cc0230290e61235c8379523f52","name":"Bienvenu SAVI","image":{"@type":"ImageObject","inLanguage":"fr-FR","@id":"https:\/\/228news.tg\/#\/schema\/person\/image\/","url":"https:\/\/secure.gravatar.com\/avatar\/9db91895c559e510509c33a3e9683998458e9b828fac36d5d1aa23f0f2fd369b?s=96&d=mm&r=g","contentUrl":"https:\/\/secure.gravatar.com\/avatar\/9db91895c559e510509c33a3e9683998458e9b828fac36d5d1aa23f0f2fd369b?s=96&d=mm&r=g","caption":"Bienvenu SAVI"},"url":"https:\/\/228news.tg\/index.php\/author\/bienvenu\/"}]}},"jetpack_featured_media_url":"https:\/\/228news.tg\/wp-content\/uploads\/2025\/05\/IMG-20250515-WA0087.jpg","_links":{"self":[{"href":"https:\/\/228news.tg\/index.php\/wp-json\/wp\/v2\/posts\/16175","targetHints":{"allow":["GET"]}}],"collection":[{"href":"https:\/\/228news.tg\/index.php\/wp-json\/wp\/v2\/posts"}],"about":[{"href":"https:\/\/228news.tg\/index.php\/wp-json\/wp\/v2\/types\/post"}],"author":[{"embeddable":true,"href":"https:\/\/228news.tg\/index.php\/wp-json\/wp\/v2\/users\/2"}],"replies":[{"embeddable":true,"href":"https:\/\/228news.tg\/index.php\/wp-json\/wp\/v2\/comments?post=16175"}],"version-history":[{"count":1,"href":"https:\/\/228news.tg\/index.php\/wp-json\/wp\/v2\/posts\/16175\/revisions"}],"predecessor-version":[{"id":16176,"href":"https:\/\/228news.tg\/index.php\/wp-json\/wp\/v2\/posts\/16175\/revisions\/16176"}],"wp:featuredmedia":[{"embeddable":true,"href":"https:\/\/228news.tg\/index.php\/wp-json\/wp\/v2\/media\/16172"}],"wp:attachment":[{"href":"https:\/\/228news.tg\/index.php\/wp-json\/wp\/v2\/media?parent=16175"}],"wp:term":[{"taxonomy":"category","embeddable":true,"href":"https:\/\/228news.tg\/index.php\/wp-json\/wp\/v2\/categories?post=16175"},{"taxonomy":"post_tag","embeddable":true,"href":"https:\/\/228news.tg\/index.php\/wp-json\/wp\/v2\/tags?post=16175"}],"curies":[{"name":"wp","href":"https:\/\/api.w.org\/{rel}","templated":true}]}}