{"id":16165,"date":"2025-05-12T12:36:17","date_gmt":"2025-05-12T12:36:17","guid":{"rendered":"https:\/\/228news.tg\/?p=16165"},"modified":"2025-05-12T12:36:17","modified_gmt":"2025-05-12T12:36:17","slug":"togo-quand-les-sorties-presidentielles-et-de-corteges-officiels-etouffent-leconomie","status":"publish","type":"post","link":"https:\/\/228news.tg\/index.php\/2025\/05\/12\/togo-quand-les-sorties-presidentielles-et-de-corteges-officiels-etouffent-leconomie\/","title":{"rendered":"Togo : quand les sorties pr\u00e9sidentielles et de cort\u00e8ges officiels \u00e9touffent l\u2019\u00e9conomie"},"content":{"rendered":"<p>Alors que s\u2019ouvre ce matin \u00e0 Lom\u00e9 le sommet de l\u2019Union africaine sur la dette, une autre r\u00e9alit\u00e9 se fait sentir sur certains art\u00e8res de la capitale : celle du ralentissement brutal des activit\u00e9s \u00e9conomiques. Boutiques ferm\u00e9es, circulation paralys\u00e9e, commer\u00e7ants \u00e0 cran&#8230; Le passage des cort\u00e8ges officiels devient, pour beaucoup, synonyme de pertes et de frustration.<\/p>\n<p><strong>Le prix de la s\u00e9curit\u00e9 ?<\/strong><\/p>\n<p>Depuis les premi\u00e8res heures de la journ\u00e9e de ce lundi 12 mai 2025, certains axes notamment a\u00e9roport \u00e0 Amina, de la Colombe de la Paix \u00e0 D\u00e9ckon, ou encore de GTA \u00e0 la Colombe en passant par super Taco sont quasiment \u00e0 l\u2019arr\u00eat. Les forces de l\u2019ordre post\u00e9s en nombre sur le long de ces tron\u00e7ons, ont, comme toujours ordonn\u00e9 l\u2019\u00e9vacuation d&rsquo;articles et produits \u00e9tal\u00e9s devant les boutiques, la fermeture de certains des commerces pour favoriser le passage des d\u00e9l\u00e9gations . Une routine bien connue des togolais , qui voient leurs revenus s\u2019envoler \u00e0 chaque d\u00e9placement du chef de l\u2019\u00c9tat ou des cort\u00e8ges officiels lors des sommets dans la capitale togolaise.<\/p>\n<p><strong>Col\u00e8re sourde, pertes r\u00e9elles<\/strong><\/p>\n<p>A D\u00e9ckon, Derman, vendeur de t\u00e9l\u00e9phone portable , a d\u00fb fermer les portes de sa boutique d\u00e8s 7 heures . \u00ab C\u2019est \u00e0 cette heure que les clients commencent \u00e0 arriver. On nous coupe l\u2019herbe sous le pied. Comment peut-on faire prosp\u00e9rer nos affaires dans ces conditions ? \u00bb s\u2019insurge-t-il.<br \/>\nM\u00eame indignation du c\u00f4t\u00e9 de Gaston, m\u00e9canicien install\u00e9 pr\u00e8s de la Colombe de la Paix. \u00ab On ne remet pas en cause la s\u00e9curit\u00e9 du Pr\u00e9sident. Mais emp\u00eacher les citoyens de travailler, c\u2019est \u00e9touffer l\u2019\u00e9conomie de ceux qui peinent d\u00e9j\u00e0 \u00e0 joindre les deux bouts. \u00bb, s\u2019est-il plaint.<\/p>\n<p><strong>Un malaise grandissant<\/strong><\/p>\n<p>Au-del\u00e0 des d\u00e9sagr\u00e9ments, c\u2019est une vraie question de gouvernance qui se pose. Le contraste est saisissant entre la rigueur s\u00e9curitaire d\u00e9ploy\u00e9e \u00e0 chaque passage officiel et la pr\u00e9carit\u00e9 croissante de milliers de petits acteurs \u00e9conomiques. Dans un pays o\u00f9 l\u2019\u00e9conomie informelle repr\u00e9sente une large part du tissu \u00e9conomique, chaque heure d\u2019interruption compte.<\/p>\n<p>Pire encore, l\u2019absence totale de communication sur ces blocages souvent d\u00e9cid\u00e9s \u00e0 la derni\u00e8re minute laisse un go\u00fbt amer. Entre flou organisationnel et manque d\u2019anticipation, la confiance s\u2019effrite. D\u2019aucuns s\u2019interrogent : ces mesures sont-elles toujours justifi\u00e9es ou rel\u00e8vent-elles d\u2019un exc\u00e8s de z\u00e8le des agents de s\u00e9curit\u00e9 surtout policier ?<br \/>\nSans prendre sa d\u00e9fense, la faute ne serait pas totalement imputable au sommet de l\u2019Etat, car des agents z\u00e9l\u00e9s qui profitent de la situation intimident parfois les commer\u00e7ants ou tenanciers de boutiques.<br \/>\nA super Taco par exemple, deux agents de police sont venus emp\u00eacher le service m\u00e9canique de l\u2019agence de la Moto Apsonic de travailler et ont menac\u00e9 de fermeture alors que les officiels sont d\u00e9j\u00e0 tr\u00e8s loin , \u00e0 l\u2019h\u00f4tel 2 f\u00e9vrier.<br \/>\n( Image de deux agents de police mena\u00e7ant de fermeture l\u2019agence Apsonic de Super Taco).<\/p>\n<p><img fetchpriority=\"high\" decoding=\"async\" class=\"alignnone size-medium wp-image-16167\" src=\"https:\/\/228news.tg\/wp-content\/uploads\/2025\/05\/IMG-20250512-WA0126-300x268.jpg\" alt=\"\" width=\"300\" height=\"268\" srcset=\"https:\/\/228news.tg\/wp-content\/uploads\/2025\/05\/IMG-20250512-WA0126-300x268.jpg 300w, https:\/\/228news.tg\/wp-content\/uploads\/2025\/05\/IMG-20250512-WA0126-768x685.jpg 768w, https:\/\/228news.tg\/wp-content\/uploads\/2025\/05\/IMG-20250512-WA0126.jpg 780w\" sizes=\"(max-width: 300px) 100vw, 300px\" \/><\/p>\n<p><strong>Une organisation \u00e0 revoir d\u2019urgence<\/strong><\/p>\n<p>La s\u00e9curit\u00e9 pr\u00e9sidentielle est, certes, non n\u00e9gociable. Mais peut-elle se faire au d\u00e9triment du quotidien des citoyens ? Un \u00e9quilibre est possible et n\u00e9cessaire entre imp\u00e9ratifs protocolaires et dynamique \u00e9conomique. Miser sur la concertation, la planification et la transparence pourrait \u00e9viter que le passage d\u2019un cort\u00e8ge ne rime syst\u00e9matiquement avec paralysie urbaine.<br \/>\nAu c\u0153ur de ces critiques se joue une aspiration profonde : celle d\u2019un \u00c9tat qui prot\u00e8ge, sans asphyxier.<\/p>\n<p>228news.<\/p>\n","protected":false},"excerpt":{"rendered":"<p>Alors que s\u2019ouvre ce matin \u00e0 Lom\u00e9 le sommet de l\u2019Union africaine sur la dette, une autre r\u00e9alit\u00e9 se fait sentir sur certains art\u00e8res de la capitale : celle du ralentissement brutal des activit\u00e9s \u00e9conomiques. Boutiques ferm\u00e9es, circulation paralys\u00e9e, commer\u00e7ants \u00e0 cran&#8230; Le passage des cort\u00e8ges officiels devient, pour beaucoup, synonyme de pertes et de &#8230; <a title=\"Togo : quand les sorties pr\u00e9sidentielles et de cort\u00e8ges officiels \u00e9touffent l\u2019\u00e9conomie\" class=\"read-more\" href=\"https:\/\/228news.tg\/index.php\/2025\/05\/12\/togo-quand-les-sorties-presidentielles-et-de-corteges-officiels-etouffent-leconomie\/\" aria-label=\"En savoir plus sur Togo : quand les sorties pr\u00e9sidentielles et de cort\u00e8ges officiels \u00e9touffent l\u2019\u00e9conomie\">Lire la suite<\/a><\/p>\n","protected":false},"author":2,"featured_media":16166,"comment_status":"open","ping_status":"open","sticky":false,"template":"","format":"standard","meta":{"footnotes":""},"categories":[29],"tags":[],"class_list":["post-16165","post","type-post","status-publish","format-standard","has-post-thumbnail","hentry","category-societe"],"yoast_head":"<!-- This site is optimized with the Yoast SEO plugin v26.4 - https:\/\/yoast.com\/wordpress\/plugins\/seo\/ -->\n<title>Togo : quand les sorties pr\u00e9sidentielles et de cort\u00e8ges officiels \u00e9touffent l\u2019\u00e9conomie - 228 News<\/title>\n<meta name=\"robots\" content=\"index, follow, max-snippet:-1, max-image-preview:large, max-video-preview:-1\" \/>\n<link rel=\"canonical\" href=\"https:\/\/228news.tg\/index.php\/2025\/05\/12\/togo-quand-les-sorties-presidentielles-et-de-corteges-officiels-etouffent-leconomie\/\" \/>\n<meta property=\"og:locale\" content=\"fr_FR\" \/>\n<meta property=\"og:type\" content=\"article\" \/>\n<meta property=\"og:title\" content=\"Togo : quand les sorties pr\u00e9sidentielles et de cort\u00e8ges officiels \u00e9touffent l\u2019\u00e9conomie - 228 News\" \/>\n<meta property=\"og:description\" content=\"Alors que s\u2019ouvre ce matin \u00e0 Lom\u00e9 le sommet de l\u2019Union africaine sur la dette, une autre r\u00e9alit\u00e9 se fait sentir sur certains art\u00e8res de la capitale : celle du ralentissement brutal des activit\u00e9s \u00e9conomiques. Boutiques ferm\u00e9es, circulation paralys\u00e9e, commer\u00e7ants \u00e0 cran&#8230; Le passage des cort\u00e8ges officiels devient, pour beaucoup, synonyme de pertes et de ... Lire la suite\" \/>\n<meta property=\"og:url\" content=\"https:\/\/228news.tg\/index.php\/2025\/05\/12\/togo-quand-les-sorties-presidentielles-et-de-corteges-officiels-etouffent-leconomie\/\" \/>\n<meta property=\"og:site_name\" content=\"228 News\" \/>\n<meta property=\"article:published_time\" content=\"2025-05-12T12:36:17+00:00\" \/>\n<meta property=\"og:image\" content=\"https:\/\/228news.tg\/wp-content\/uploads\/2025\/05\/IMG-20250512-WA0128.jpg\" \/>\n\t<meta property=\"og:image:width\" content=\"780\" \/>\n\t<meta property=\"og:image:height\" content=\"664\" \/>\n\t<meta property=\"og:image:type\" content=\"image\/jpeg\" \/>\n<meta name=\"author\" content=\"Bienvenu SAVI\" \/>\n<meta name=\"twitter:card\" content=\"summary_large_image\" \/>\n<meta name=\"twitter:label1\" content=\"\u00c9crit par\" \/>\n\t<meta name=\"twitter:data1\" content=\"Bienvenu SAVI\" \/>\n\t<meta name=\"twitter:label2\" content=\"Dur\u00e9e de lecture estim\u00e9e\" \/>\n\t<meta name=\"twitter:data2\" content=\"4 minutes\" \/>\n<script type=\"application\/ld+json\" class=\"yoast-schema-graph\">{\"@context\":\"https:\/\/schema.org\",\"@graph\":[{\"@type\":\"Article\",\"@id\":\"https:\/\/228news.tg\/index.php\/2025\/05\/12\/togo-quand-les-sorties-presidentielles-et-de-corteges-officiels-etouffent-leconomie\/#article\",\"isPartOf\":{\"@id\":\"https:\/\/228news.tg\/index.php\/2025\/05\/12\/togo-quand-les-sorties-presidentielles-et-de-corteges-officiels-etouffent-leconomie\/\"},\"author\":{\"name\":\"Bienvenu SAVI\",\"@id\":\"https:\/\/228news.tg\/#\/schema\/person\/68d5a6cc0230290e61235c8379523f52\"},\"headline\":\"Togo : quand les sorties pr\u00e9sidentielles et de cort\u00e8ges officiels \u00e9touffent l\u2019\u00e9conomie\",\"datePublished\":\"2025-05-12T12:36:17+00:00\",\"mainEntityOfPage\":{\"@id\":\"https:\/\/228news.tg\/index.php\/2025\/05\/12\/togo-quand-les-sorties-presidentielles-et-de-corteges-officiels-etouffent-leconomie\/\"},\"wordCount\":624,\"commentCount\":0,\"publisher\":{\"@id\":\"https:\/\/228news.tg\/#organization\"},\"image\":{\"@id\":\"https:\/\/228news.tg\/index.php\/2025\/05\/12\/togo-quand-les-sorties-presidentielles-et-de-corteges-officiels-etouffent-leconomie\/#primaryimage\"},\"thumbnailUrl\":\"https:\/\/228news.tg\/wp-content\/uploads\/2025\/05\/IMG-20250512-WA0128.jpg\",\"articleSection\":[\"SOCIETE\"],\"inLanguage\":\"fr-FR\",\"potentialAction\":[{\"@type\":\"CommentAction\",\"name\":\"Comment\",\"target\":[\"https:\/\/228news.tg\/index.php\/2025\/05\/12\/togo-quand-les-sorties-presidentielles-et-de-corteges-officiels-etouffent-leconomie\/#respond\"]}]},{\"@type\":\"WebPage\",\"@id\":\"https:\/\/228news.tg\/index.php\/2025\/05\/12\/togo-quand-les-sorties-presidentielles-et-de-corteges-officiels-etouffent-leconomie\/\",\"url\":\"https:\/\/228news.tg\/index.php\/2025\/05\/12\/togo-quand-les-sorties-presidentielles-et-de-corteges-officiels-etouffent-leconomie\/\",\"name\":\"Togo : quand les sorties pr\u00e9sidentielles et de cort\u00e8ges officiels \u00e9touffent l\u2019\u00e9conomie - 228 News\",\"isPartOf\":{\"@id\":\"https:\/\/228news.tg\/#website\"},\"primaryImageOfPage\":{\"@id\":\"https:\/\/228news.tg\/index.php\/2025\/05\/12\/togo-quand-les-sorties-presidentielles-et-de-corteges-officiels-etouffent-leconomie\/#primaryimage\"},\"image\":{\"@id\":\"https:\/\/228news.tg\/index.php\/2025\/05\/12\/togo-quand-les-sorties-presidentielles-et-de-corteges-officiels-etouffent-leconomie\/#primaryimage\"},\"thumbnailUrl\":\"https:\/\/228news.tg\/wp-content\/uploads\/2025\/05\/IMG-20250512-WA0128.jpg\",\"datePublished\":\"2025-05-12T12:36:17+00:00\",\"breadcrumb\":{\"@id\":\"https:\/\/228news.tg\/index.php\/2025\/05\/12\/togo-quand-les-sorties-presidentielles-et-de-corteges-officiels-etouffent-leconomie\/#breadcrumb\"},\"inLanguage\":\"fr-FR\",\"potentialAction\":[{\"@type\":\"ReadAction\",\"target\":[\"https:\/\/228news.tg\/index.php\/2025\/05\/12\/togo-quand-les-sorties-presidentielles-et-de-corteges-officiels-etouffent-leconomie\/\"]}]},{\"@type\":\"ImageObject\",\"inLanguage\":\"fr-FR\",\"@id\":\"https:\/\/228news.tg\/index.php\/2025\/05\/12\/togo-quand-les-sorties-presidentielles-et-de-corteges-officiels-etouffent-leconomie\/#primaryimage\",\"url\":\"https:\/\/228news.tg\/wp-content\/uploads\/2025\/05\/IMG-20250512-WA0128.jpg\",\"contentUrl\":\"https:\/\/228news.tg\/wp-content\/uploads\/2025\/05\/IMG-20250512-WA0128.jpg\",\"width\":780,\"height\":664},{\"@type\":\"BreadcrumbList\",\"@id\":\"https:\/\/228news.tg\/index.php\/2025\/05\/12\/togo-quand-les-sorties-presidentielles-et-de-corteges-officiels-etouffent-leconomie\/#breadcrumb\",\"itemListElement\":[{\"@type\":\"ListItem\",\"position\":1,\"name\":\"Home\",\"item\":\"https:\/\/228news.tg\/\"},{\"@type\":\"ListItem\",\"position\":2,\"name\":\"Togo : quand les sorties pr\u00e9sidentielles et de cort\u00e8ges officiels \u00e9touffent l\u2019\u00e9conomie\"}]},{\"@type\":\"WebSite\",\"@id\":\"https:\/\/228news.tg\/#website\",\"url\":\"https:\/\/228news.tg\/\",\"name\":\"228 News\",\"description\":\"Soci\u00e9t\u00e9 de m\u00e9dias et d\u2019actualit\u00e9s\",\"publisher\":{\"@id\":\"https:\/\/228news.tg\/#organization\"},\"potentialAction\":[{\"@type\":\"SearchAction\",\"target\":{\"@type\":\"EntryPoint\",\"urlTemplate\":\"https:\/\/228news.tg\/?s={search_term_string}\"},\"query-input\":{\"@type\":\"PropertyValueSpecification\",\"valueRequired\":true,\"valueName\":\"search_term_string\"}}],\"inLanguage\":\"fr-FR\"},{\"@type\":\"Organization\",\"@id\":\"https:\/\/228news.tg\/#organization\",\"name\":\"228 News\",\"url\":\"https:\/\/228news.tg\/\",\"logo\":{\"@type\":\"ImageObject\",\"inLanguage\":\"fr-FR\",\"@id\":\"https:\/\/228news.tg\/#\/schema\/logo\/image\/\",\"url\":\"https:\/\/228news.tg\/wp-content\/uploads\/2024\/09\/logonew.png\",\"contentUrl\":\"https:\/\/228news.tg\/wp-content\/uploads\/2024\/09\/logonew.png\",\"width\":1640,\"height\":364,\"caption\":\"228 News\"},\"image\":{\"@id\":\"https:\/\/228news.tg\/#\/schema\/logo\/image\/\"}},{\"@type\":\"Person\",\"@id\":\"https:\/\/228news.tg\/#\/schema\/person\/68d5a6cc0230290e61235c8379523f52\",\"name\":\"Bienvenu SAVI\",\"image\":{\"@type\":\"ImageObject\",\"inLanguage\":\"fr-FR\",\"@id\":\"https:\/\/228news.tg\/#\/schema\/person\/image\/\",\"url\":\"https:\/\/secure.gravatar.com\/avatar\/9db91895c559e510509c33a3e9683998458e9b828fac36d5d1aa23f0f2fd369b?s=96&d=mm&r=g\",\"contentUrl\":\"https:\/\/secure.gravatar.com\/avatar\/9db91895c559e510509c33a3e9683998458e9b828fac36d5d1aa23f0f2fd369b?s=96&d=mm&r=g\",\"caption\":\"Bienvenu SAVI\"},\"url\":\"https:\/\/228news.tg\/index.php\/author\/bienvenu\/\"}]}<\/script>\n<!-- \/ Yoast SEO plugin. -->","yoast_head_json":{"title":"Togo : quand les sorties pr\u00e9sidentielles et de cort\u00e8ges officiels \u00e9touffent l\u2019\u00e9conomie - 228 News","robots":{"index":"index","follow":"follow","max-snippet":"max-snippet:-1","max-image-preview":"max-image-preview:large","max-video-preview":"max-video-preview:-1"},"canonical":"https:\/\/228news.tg\/index.php\/2025\/05\/12\/togo-quand-les-sorties-presidentielles-et-de-corteges-officiels-etouffent-leconomie\/","og_locale":"fr_FR","og_type":"article","og_title":"Togo : quand les sorties pr\u00e9sidentielles et de cort\u00e8ges officiels \u00e9touffent l\u2019\u00e9conomie - 228 News","og_description":"Alors que s\u2019ouvre ce matin \u00e0 Lom\u00e9 le sommet de l\u2019Union africaine sur la dette, une autre r\u00e9alit\u00e9 se fait sentir sur certains art\u00e8res de la capitale : celle du ralentissement brutal des activit\u00e9s \u00e9conomiques. Boutiques ferm\u00e9es, circulation paralys\u00e9e, commer\u00e7ants \u00e0 cran&#8230; Le passage des cort\u00e8ges officiels devient, pour beaucoup, synonyme de pertes et de ... Lire la suite","og_url":"https:\/\/228news.tg\/index.php\/2025\/05\/12\/togo-quand-les-sorties-presidentielles-et-de-corteges-officiels-etouffent-leconomie\/","og_site_name":"228 News","article_published_time":"2025-05-12T12:36:17+00:00","og_image":[{"width":780,"height":664,"url":"https:\/\/228news.tg\/wp-content\/uploads\/2025\/05\/IMG-20250512-WA0128.jpg","type":"image\/jpeg"}],"author":"Bienvenu SAVI","twitter_card":"summary_large_image","twitter_misc":{"\u00c9crit par":"Bienvenu SAVI","Dur\u00e9e de lecture estim\u00e9e":"4 minutes"},"schema":{"@context":"https:\/\/schema.org","@graph":[{"@type":"Article","@id":"https:\/\/228news.tg\/index.php\/2025\/05\/12\/togo-quand-les-sorties-presidentielles-et-de-corteges-officiels-etouffent-leconomie\/#article","isPartOf":{"@id":"https:\/\/228news.tg\/index.php\/2025\/05\/12\/togo-quand-les-sorties-presidentielles-et-de-corteges-officiels-etouffent-leconomie\/"},"author":{"name":"Bienvenu SAVI","@id":"https:\/\/228news.tg\/#\/schema\/person\/68d5a6cc0230290e61235c8379523f52"},"headline":"Togo : quand les sorties pr\u00e9sidentielles et de cort\u00e8ges officiels \u00e9touffent l\u2019\u00e9conomie","datePublished":"2025-05-12T12:36:17+00:00","mainEntityOfPage":{"@id":"https:\/\/228news.tg\/index.php\/2025\/05\/12\/togo-quand-les-sorties-presidentielles-et-de-corteges-officiels-etouffent-leconomie\/"},"wordCount":624,"commentCount":0,"publisher":{"@id":"https:\/\/228news.tg\/#organization"},"image":{"@id":"https:\/\/228news.tg\/index.php\/2025\/05\/12\/togo-quand-les-sorties-presidentielles-et-de-corteges-officiels-etouffent-leconomie\/#primaryimage"},"thumbnailUrl":"https:\/\/228news.tg\/wp-content\/uploads\/2025\/05\/IMG-20250512-WA0128.jpg","articleSection":["SOCIETE"],"inLanguage":"fr-FR","potentialAction":[{"@type":"CommentAction","name":"Comment","target":["https:\/\/228news.tg\/index.php\/2025\/05\/12\/togo-quand-les-sorties-presidentielles-et-de-corteges-officiels-etouffent-leconomie\/#respond"]}]},{"@type":"WebPage","@id":"https:\/\/228news.tg\/index.php\/2025\/05\/12\/togo-quand-les-sorties-presidentielles-et-de-corteges-officiels-etouffent-leconomie\/","url":"https:\/\/228news.tg\/index.php\/2025\/05\/12\/togo-quand-les-sorties-presidentielles-et-de-corteges-officiels-etouffent-leconomie\/","name":"Togo : quand les sorties pr\u00e9sidentielles et de cort\u00e8ges officiels \u00e9touffent l\u2019\u00e9conomie - 228 News","isPartOf":{"@id":"https:\/\/228news.tg\/#website"},"primaryImageOfPage":{"@id":"https:\/\/228news.tg\/index.php\/2025\/05\/12\/togo-quand-les-sorties-presidentielles-et-de-corteges-officiels-etouffent-leconomie\/#primaryimage"},"image":{"@id":"https:\/\/228news.tg\/index.php\/2025\/05\/12\/togo-quand-les-sorties-presidentielles-et-de-corteges-officiels-etouffent-leconomie\/#primaryimage"},"thumbnailUrl":"https:\/\/228news.tg\/wp-content\/uploads\/2025\/05\/IMG-20250512-WA0128.jpg","datePublished":"2025-05-12T12:36:17+00:00","breadcrumb":{"@id":"https:\/\/228news.tg\/index.php\/2025\/05\/12\/togo-quand-les-sorties-presidentielles-et-de-corteges-officiels-etouffent-leconomie\/#breadcrumb"},"inLanguage":"fr-FR","potentialAction":[{"@type":"ReadAction","target":["https:\/\/228news.tg\/index.php\/2025\/05\/12\/togo-quand-les-sorties-presidentielles-et-de-corteges-officiels-etouffent-leconomie\/"]}]},{"@type":"ImageObject","inLanguage":"fr-FR","@id":"https:\/\/228news.tg\/index.php\/2025\/05\/12\/togo-quand-les-sorties-presidentielles-et-de-corteges-officiels-etouffent-leconomie\/#primaryimage","url":"https:\/\/228news.tg\/wp-content\/uploads\/2025\/05\/IMG-20250512-WA0128.jpg","contentUrl":"https:\/\/228news.tg\/wp-content\/uploads\/2025\/05\/IMG-20250512-WA0128.jpg","width":780,"height":664},{"@type":"BreadcrumbList","@id":"https:\/\/228news.tg\/index.php\/2025\/05\/12\/togo-quand-les-sorties-presidentielles-et-de-corteges-officiels-etouffent-leconomie\/#breadcrumb","itemListElement":[{"@type":"ListItem","position":1,"name":"Home","item":"https:\/\/228news.tg\/"},{"@type":"ListItem","position":2,"name":"Togo : quand les sorties pr\u00e9sidentielles et de cort\u00e8ges officiels \u00e9touffent l\u2019\u00e9conomie"}]},{"@type":"WebSite","@id":"https:\/\/228news.tg\/#website","url":"https:\/\/228news.tg\/","name":"228 News","description":"Soci\u00e9t\u00e9 de m\u00e9dias et d\u2019actualit\u00e9s","publisher":{"@id":"https:\/\/228news.tg\/#organization"},"potentialAction":[{"@type":"SearchAction","target":{"@type":"EntryPoint","urlTemplate":"https:\/\/228news.tg\/?s={search_term_string}"},"query-input":{"@type":"PropertyValueSpecification","valueRequired":true,"valueName":"search_term_string"}}],"inLanguage":"fr-FR"},{"@type":"Organization","@id":"https:\/\/228news.tg\/#organization","name":"228 News","url":"https:\/\/228news.tg\/","logo":{"@type":"ImageObject","inLanguage":"fr-FR","@id":"https:\/\/228news.tg\/#\/schema\/logo\/image\/","url":"https:\/\/228news.tg\/wp-content\/uploads\/2024\/09\/logonew.png","contentUrl":"https:\/\/228news.tg\/wp-content\/uploads\/2024\/09\/logonew.png","width":1640,"height":364,"caption":"228 News"},"image":{"@id":"https:\/\/228news.tg\/#\/schema\/logo\/image\/"}},{"@type":"Person","@id":"https:\/\/228news.tg\/#\/schema\/person\/68d5a6cc0230290e61235c8379523f52","name":"Bienvenu SAVI","image":{"@type":"ImageObject","inLanguage":"fr-FR","@id":"https:\/\/228news.tg\/#\/schema\/person\/image\/","url":"https:\/\/secure.gravatar.com\/avatar\/9db91895c559e510509c33a3e9683998458e9b828fac36d5d1aa23f0f2fd369b?s=96&d=mm&r=g","contentUrl":"https:\/\/secure.gravatar.com\/avatar\/9db91895c559e510509c33a3e9683998458e9b828fac36d5d1aa23f0f2fd369b?s=96&d=mm&r=g","caption":"Bienvenu SAVI"},"url":"https:\/\/228news.tg\/index.php\/author\/bienvenu\/"}]}},"jetpack_featured_media_url":"https:\/\/228news.tg\/wp-content\/uploads\/2025\/05\/IMG-20250512-WA0128.jpg","_links":{"self":[{"href":"https:\/\/228news.tg\/index.php\/wp-json\/wp\/v2\/posts\/16165","targetHints":{"allow":["GET"]}}],"collection":[{"href":"https:\/\/228news.tg\/index.php\/wp-json\/wp\/v2\/posts"}],"about":[{"href":"https:\/\/228news.tg\/index.php\/wp-json\/wp\/v2\/types\/post"}],"author":[{"embeddable":true,"href":"https:\/\/228news.tg\/index.php\/wp-json\/wp\/v2\/users\/2"}],"replies":[{"embeddable":true,"href":"https:\/\/228news.tg\/index.php\/wp-json\/wp\/v2\/comments?post=16165"}],"version-history":[{"count":1,"href":"https:\/\/228news.tg\/index.php\/wp-json\/wp\/v2\/posts\/16165\/revisions"}],"predecessor-version":[{"id":16168,"href":"https:\/\/228news.tg\/index.php\/wp-json\/wp\/v2\/posts\/16165\/revisions\/16168"}],"wp:featuredmedia":[{"embeddable":true,"href":"https:\/\/228news.tg\/index.php\/wp-json\/wp\/v2\/media\/16166"}],"wp:attachment":[{"href":"https:\/\/228news.tg\/index.php\/wp-json\/wp\/v2\/media?parent=16165"}],"wp:term":[{"taxonomy":"category","embeddable":true,"href":"https:\/\/228news.tg\/index.php\/wp-json\/wp\/v2\/categories?post=16165"},{"taxonomy":"post_tag","embeddable":true,"href":"https:\/\/228news.tg\/index.php\/wp-json\/wp\/v2\/tags?post=16165"}],"curies":[{"name":"wp","href":"https:\/\/api.w.org\/{rel}","templated":true}]}}