{"id":16161,"date":"2025-05-08T19:09:48","date_gmt":"2025-05-08T19:09:48","guid":{"rendered":"https:\/\/228news.tg\/?p=16161"},"modified":"2025-05-08T19:09:48","modified_gmt":"2025-05-08T19:09:48","slug":"politique-aime-gogue-denonce-ce-quil-designe-farce-politique","status":"publish","type":"post","link":"https:\/\/228news.tg\/index.php\/2025\/05\/08\/politique-aime-gogue-denonce-ce-quil-designe-farce-politique\/","title":{"rendered":"Politique : Aim\u00e9 Gogu\u00e9 d\u00e9nonce ce qu\u2019il d\u00e9signe \u00ab farce politique \u00bb\u00a0"},"content":{"rendered":"<p>L\u2019Alliance des D\u00e9mocrates pour le D\u00e9veloppement Int\u00e9gral (ADDI) ne fera pas route avec les participants \u00e0 la mise en place des institutions de la cinqui\u00e8me R\u00e9publique.<\/p>\n<p>Le parti du Professeur Aim\u00e9 Gigu\u00e9 d\u00e9nonce ce qu\u2019il qualifie de \u00ab farce politique \u00bb.<\/p>\n<p>Aim\u00e9 Gogu\u00e9 a fustig\u00e9 le processus de d\u00e9signation des institutions sous le couvert de la cinqui\u00e8me R\u00e9publique. Le r\u00e9cent doyen d\u2019\u00e2ge de l\u2019actuelle assembl\u00e9e nationale d\u00e9nonce la man\u0153uvre du parti Union pour la R\u00e9publique au pouvoir de maintenir le pays dans d\u2019\u00e9ternelle crise politique.<\/p>\n<p>ADDI ne sera pas complice<\/p>\n<p>Pour Gogu\u00e9, sa formation ne sera pas complice de ce qu\u2019il appelle \u00ab forfaiture \u00bb.<\/p>\n<p>\u00ab ADDI ne s\u2019associera pas \u00e0 cette forfaiture, il continuera \u00e0 porter haut et fort son opposition jusqu\u2019\u00e0 l\u2019aboutissement d\u2019un nouveau processus consensuel de restauration de la vraie d\u00e9mocratie \u00bb, a-t-il fait savoir.<\/p>\n<p>Selon lui, la \u00ab d\u00e9signation \u00bb de Faure Gnassingb\u00e9 \u00e0 la t\u00eate du Conseil des ministres confirme la volont\u00e9 manifeste du syst\u00e8me UNIR de \u00ab maintenir \u00bb le Togo dans une \u00e9ternelle crise politique, \u00e9conomique et sociale.<\/p>\n<p>Le 03 mai dernier la cinqui\u00e8me R\u00e9publique est pleinement mise en branle avec la prestation de serment du chef de l\u2019Etat sortant Faure Gnassingb\u00e9 comme Pr\u00e9sident du Conseil des Ministres (PCM) devant la cour Constitutionnelle et l\u2019\u00e9lection de Jean-Lucien Savi de Tov\u00e9 au Pr\u00e9sident de la R\u00e9publique, un poste jug\u00e9 sans pouvoir r\u00e9el par l\u2019opposition.<\/p>\n<p>&nbsp;<\/p>\n<p>&nbsp;<\/p>\n<p>&nbsp;<\/p>\n","protected":false},"excerpt":{"rendered":"<p>L\u2019Alliance des D\u00e9mocrates pour le D\u00e9veloppement Int\u00e9gral (ADDI) ne fera pas route avec les participants \u00e0 la mise en place des institutions de la cinqui\u00e8me R\u00e9publique. Le parti du Professeur Aim\u00e9 Gigu\u00e9 d\u00e9nonce ce qu\u2019il qualifie de \u00ab farce politique \u00bb. Aim\u00e9 Gogu\u00e9 a fustig\u00e9 le processus de d\u00e9signation des institutions sous le couvert de &#8230; <a title=\"Politique : Aim\u00e9 Gogu\u00e9 d\u00e9nonce ce qu\u2019il d\u00e9signe \u00ab farce politique \u00bb\u00a0\" class=\"read-more\" href=\"https:\/\/228news.tg\/index.php\/2025\/05\/08\/politique-aime-gogue-denonce-ce-quil-designe-farce-politique\/\" aria-label=\"En savoir plus sur Politique : Aim\u00e9 Gogu\u00e9 d\u00e9nonce ce qu\u2019il d\u00e9signe \u00ab farce politique \u00bb\u00a0\">Lire la suite<\/a><\/p>\n","protected":false},"author":2,"featured_media":16162,"comment_status":"open","ping_status":"open","sticky":false,"template":"","format":"standard","meta":{"footnotes":""},"categories":[33,25],"tags":[],"class_list":["post-16161","post","type-post","status-publish","format-standard","has-post-thumbnail","hentry","category-politique","category-togo"],"yoast_head":"<!-- This site is optimized with the Yoast SEO plugin v26.4 - https:\/\/yoast.com\/wordpress\/plugins\/seo\/ -->\n<title>Politique : Aim\u00e9 Gogu\u00e9 d\u00e9nonce ce qu\u2019il d\u00e9signe \u00ab farce politique \u00bb\u00a0 - 228 News<\/title>\n<meta name=\"robots\" content=\"index, follow, max-snippet:-1, max-image-preview:large, max-video-preview:-1\" \/>\n<link rel=\"canonical\" href=\"https:\/\/228news.tg\/index.php\/2025\/05\/08\/politique-aime-gogue-denonce-ce-quil-designe-farce-politique\/\" \/>\n<meta property=\"og:locale\" content=\"fr_FR\" \/>\n<meta property=\"og:type\" content=\"article\" \/>\n<meta property=\"og:title\" content=\"Politique : Aim\u00e9 Gogu\u00e9 d\u00e9nonce ce qu\u2019il d\u00e9signe \u00ab farce politique \u00bb\u00a0 - 228 News\" \/>\n<meta property=\"og:description\" content=\"L\u2019Alliance des D\u00e9mocrates pour le D\u00e9veloppement Int\u00e9gral (ADDI) ne fera pas route avec les participants \u00e0 la mise en place des institutions de la cinqui\u00e8me R\u00e9publique. Le parti du Professeur Aim\u00e9 Gigu\u00e9 d\u00e9nonce ce qu\u2019il qualifie de \u00ab farce politique \u00bb. Aim\u00e9 Gogu\u00e9 a fustig\u00e9 le processus de d\u00e9signation des institutions sous le couvert de ... Lire la suite\" \/>\n<meta property=\"og:url\" content=\"https:\/\/228news.tg\/index.php\/2025\/05\/08\/politique-aime-gogue-denonce-ce-quil-designe-farce-politique\/\" \/>\n<meta property=\"og:site_name\" content=\"228 News\" \/>\n<meta property=\"article:published_time\" content=\"2025-05-08T19:09:48+00:00\" \/>\n<meta property=\"og:image\" content=\"https:\/\/228news.tg\/wp-content\/uploads\/2025\/05\/Aime_GogueP24-860x645-1.jpg\" \/>\n\t<meta property=\"og:image:width\" content=\"860\" \/>\n\t<meta property=\"og:image:height\" content=\"645\" \/>\n\t<meta property=\"og:image:type\" content=\"image\/jpeg\" \/>\n<meta name=\"author\" content=\"Bienvenu SAVI\" \/>\n<meta name=\"twitter:card\" content=\"summary_large_image\" \/>\n<meta name=\"twitter:label1\" content=\"\u00c9crit par\" \/>\n\t<meta name=\"twitter:data1\" content=\"Bienvenu SAVI\" \/>\n\t<meta name=\"twitter:label2\" content=\"Dur\u00e9e de lecture estim\u00e9e\" \/>\n\t<meta name=\"twitter:data2\" content=\"2 minutes\" \/>\n<script type=\"application\/ld+json\" class=\"yoast-schema-graph\">{\"@context\":\"https:\/\/schema.org\",\"@graph\":[{\"@type\":\"Article\",\"@id\":\"https:\/\/228news.tg\/index.php\/2025\/05\/08\/politique-aime-gogue-denonce-ce-quil-designe-farce-politique\/#article\",\"isPartOf\":{\"@id\":\"https:\/\/228news.tg\/index.php\/2025\/05\/08\/politique-aime-gogue-denonce-ce-quil-designe-farce-politique\/\"},\"author\":{\"name\":\"Bienvenu SAVI\",\"@id\":\"https:\/\/228news.tg\/#\/schema\/person\/68d5a6cc0230290e61235c8379523f52\"},\"headline\":\"Politique : Aim\u00e9 Gogu\u00e9 d\u00e9nonce ce qu\u2019il d\u00e9signe \u00ab farce politique \u00bb\u00a0\",\"datePublished\":\"2025-05-08T19:09:48+00:00\",\"mainEntityOfPage\":{\"@id\":\"https:\/\/228news.tg\/index.php\/2025\/05\/08\/politique-aime-gogue-denonce-ce-quil-designe-farce-politique\/\"},\"wordCount\":266,\"commentCount\":0,\"publisher\":{\"@id\":\"https:\/\/228news.tg\/#organization\"},\"image\":{\"@id\":\"https:\/\/228news.tg\/index.php\/2025\/05\/08\/politique-aime-gogue-denonce-ce-quil-designe-farce-politique\/#primaryimage\"},\"thumbnailUrl\":\"https:\/\/228news.tg\/wp-content\/uploads\/2025\/05\/Aime_GogueP24-860x645-1.jpg\",\"articleSection\":[\"POLITIQUE\",\"TOGO\"],\"inLanguage\":\"fr-FR\",\"potentialAction\":[{\"@type\":\"CommentAction\",\"name\":\"Comment\",\"target\":[\"https:\/\/228news.tg\/index.php\/2025\/05\/08\/politique-aime-gogue-denonce-ce-quil-designe-farce-politique\/#respond\"]}]},{\"@type\":\"WebPage\",\"@id\":\"https:\/\/228news.tg\/index.php\/2025\/05\/08\/politique-aime-gogue-denonce-ce-quil-designe-farce-politique\/\",\"url\":\"https:\/\/228news.tg\/index.php\/2025\/05\/08\/politique-aime-gogue-denonce-ce-quil-designe-farce-politique\/\",\"name\":\"Politique : Aim\u00e9 Gogu\u00e9 d\u00e9nonce ce qu\u2019il d\u00e9signe \u00ab farce politique \u00bb\u00a0 - 228 News\",\"isPartOf\":{\"@id\":\"https:\/\/228news.tg\/#website\"},\"primaryImageOfPage\":{\"@id\":\"https:\/\/228news.tg\/index.php\/2025\/05\/08\/politique-aime-gogue-denonce-ce-quil-designe-farce-politique\/#primaryimage\"},\"image\":{\"@id\":\"https:\/\/228news.tg\/index.php\/2025\/05\/08\/politique-aime-gogue-denonce-ce-quil-designe-farce-politique\/#primaryimage\"},\"thumbnailUrl\":\"https:\/\/228news.tg\/wp-content\/uploads\/2025\/05\/Aime_GogueP24-860x645-1.jpg\",\"datePublished\":\"2025-05-08T19:09:48+00:00\",\"breadcrumb\":{\"@id\":\"https:\/\/228news.tg\/index.php\/2025\/05\/08\/politique-aime-gogue-denonce-ce-quil-designe-farce-politique\/#breadcrumb\"},\"inLanguage\":\"fr-FR\",\"potentialAction\":[{\"@type\":\"ReadAction\",\"target\":[\"https:\/\/228news.tg\/index.php\/2025\/05\/08\/politique-aime-gogue-denonce-ce-quil-designe-farce-politique\/\"]}]},{\"@type\":\"ImageObject\",\"inLanguage\":\"fr-FR\",\"@id\":\"https:\/\/228news.tg\/index.php\/2025\/05\/08\/politique-aime-gogue-denonce-ce-quil-designe-farce-politique\/#primaryimage\",\"url\":\"https:\/\/228news.tg\/wp-content\/uploads\/2025\/05\/Aime_GogueP24-860x645-1.jpg\",\"contentUrl\":\"https:\/\/228news.tg\/wp-content\/uploads\/2025\/05\/Aime_GogueP24-860x645-1.jpg\",\"width\":860,\"height\":645},{\"@type\":\"BreadcrumbList\",\"@id\":\"https:\/\/228news.tg\/index.php\/2025\/05\/08\/politique-aime-gogue-denonce-ce-quil-designe-farce-politique\/#breadcrumb\",\"itemListElement\":[{\"@type\":\"ListItem\",\"position\":1,\"name\":\"Home\",\"item\":\"https:\/\/228news.tg\/\"},{\"@type\":\"ListItem\",\"position\":2,\"name\":\"Politique : Aim\u00e9 Gogu\u00e9 d\u00e9nonce ce qu\u2019il d\u00e9signe \u00ab farce politique \u00bb\u00a0\"}]},{\"@type\":\"WebSite\",\"@id\":\"https:\/\/228news.tg\/#website\",\"url\":\"https:\/\/228news.tg\/\",\"name\":\"228 News\",\"description\":\"Soci\u00e9t\u00e9 de m\u00e9dias et d\u2019actualit\u00e9s\",\"publisher\":{\"@id\":\"https:\/\/228news.tg\/#organization\"},\"potentialAction\":[{\"@type\":\"SearchAction\",\"target\":{\"@type\":\"EntryPoint\",\"urlTemplate\":\"https:\/\/228news.tg\/?s={search_term_string}\"},\"query-input\":{\"@type\":\"PropertyValueSpecification\",\"valueRequired\":true,\"valueName\":\"search_term_string\"}}],\"inLanguage\":\"fr-FR\"},{\"@type\":\"Organization\",\"@id\":\"https:\/\/228news.tg\/#organization\",\"name\":\"228 News\",\"url\":\"https:\/\/228news.tg\/\",\"logo\":{\"@type\":\"ImageObject\",\"inLanguage\":\"fr-FR\",\"@id\":\"https:\/\/228news.tg\/#\/schema\/logo\/image\/\",\"url\":\"https:\/\/228news.tg\/wp-content\/uploads\/2024\/09\/logonew.png\",\"contentUrl\":\"https:\/\/228news.tg\/wp-content\/uploads\/2024\/09\/logonew.png\",\"width\":1640,\"height\":364,\"caption\":\"228 News\"},\"image\":{\"@id\":\"https:\/\/228news.tg\/#\/schema\/logo\/image\/\"}},{\"@type\":\"Person\",\"@id\":\"https:\/\/228news.tg\/#\/schema\/person\/68d5a6cc0230290e61235c8379523f52\",\"name\":\"Bienvenu SAVI\",\"image\":{\"@type\":\"ImageObject\",\"inLanguage\":\"fr-FR\",\"@id\":\"https:\/\/228news.tg\/#\/schema\/person\/image\/\",\"url\":\"https:\/\/secure.gravatar.com\/avatar\/9db91895c559e510509c33a3e9683998458e9b828fac36d5d1aa23f0f2fd369b?s=96&d=mm&r=g\",\"contentUrl\":\"https:\/\/secure.gravatar.com\/avatar\/9db91895c559e510509c33a3e9683998458e9b828fac36d5d1aa23f0f2fd369b?s=96&d=mm&r=g\",\"caption\":\"Bienvenu SAVI\"},\"url\":\"https:\/\/228news.tg\/index.php\/author\/bienvenu\/\"}]}<\/script>\n<!-- \/ Yoast SEO plugin. -->","yoast_head_json":{"title":"Politique : Aim\u00e9 Gogu\u00e9 d\u00e9nonce ce qu\u2019il d\u00e9signe \u00ab farce politique \u00bb\u00a0 - 228 News","robots":{"index":"index","follow":"follow","max-snippet":"max-snippet:-1","max-image-preview":"max-image-preview:large","max-video-preview":"max-video-preview:-1"},"canonical":"https:\/\/228news.tg\/index.php\/2025\/05\/08\/politique-aime-gogue-denonce-ce-quil-designe-farce-politique\/","og_locale":"fr_FR","og_type":"article","og_title":"Politique : Aim\u00e9 Gogu\u00e9 d\u00e9nonce ce qu\u2019il d\u00e9signe \u00ab farce politique \u00bb\u00a0 - 228 News","og_description":"L\u2019Alliance des D\u00e9mocrates pour le D\u00e9veloppement Int\u00e9gral (ADDI) ne fera pas route avec les participants \u00e0 la mise en place des institutions de la cinqui\u00e8me R\u00e9publique. Le parti du Professeur Aim\u00e9 Gigu\u00e9 d\u00e9nonce ce qu\u2019il qualifie de \u00ab farce politique \u00bb. Aim\u00e9 Gogu\u00e9 a fustig\u00e9 le processus de d\u00e9signation des institutions sous le couvert de ... Lire la suite","og_url":"https:\/\/228news.tg\/index.php\/2025\/05\/08\/politique-aime-gogue-denonce-ce-quil-designe-farce-politique\/","og_site_name":"228 News","article_published_time":"2025-05-08T19:09:48+00:00","og_image":[{"width":860,"height":645,"url":"https:\/\/228news.tg\/wp-content\/uploads\/2025\/05\/Aime_GogueP24-860x645-1.jpg","type":"image\/jpeg"}],"author":"Bienvenu SAVI","twitter_card":"summary_large_image","twitter_misc":{"\u00c9crit par":"Bienvenu SAVI","Dur\u00e9e de lecture estim\u00e9e":"2 minutes"},"schema":{"@context":"https:\/\/schema.org","@graph":[{"@type":"Article","@id":"https:\/\/228news.tg\/index.php\/2025\/05\/08\/politique-aime-gogue-denonce-ce-quil-designe-farce-politique\/#article","isPartOf":{"@id":"https:\/\/228news.tg\/index.php\/2025\/05\/08\/politique-aime-gogue-denonce-ce-quil-designe-farce-politique\/"},"author":{"name":"Bienvenu SAVI","@id":"https:\/\/228news.tg\/#\/schema\/person\/68d5a6cc0230290e61235c8379523f52"},"headline":"Politique : Aim\u00e9 Gogu\u00e9 d\u00e9nonce ce qu\u2019il d\u00e9signe \u00ab farce politique \u00bb\u00a0","datePublished":"2025-05-08T19:09:48+00:00","mainEntityOfPage":{"@id":"https:\/\/228news.tg\/index.php\/2025\/05\/08\/politique-aime-gogue-denonce-ce-quil-designe-farce-politique\/"},"wordCount":266,"commentCount":0,"publisher":{"@id":"https:\/\/228news.tg\/#organization"},"image":{"@id":"https:\/\/228news.tg\/index.php\/2025\/05\/08\/politique-aime-gogue-denonce-ce-quil-designe-farce-politique\/#primaryimage"},"thumbnailUrl":"https:\/\/228news.tg\/wp-content\/uploads\/2025\/05\/Aime_GogueP24-860x645-1.jpg","articleSection":["POLITIQUE","TOGO"],"inLanguage":"fr-FR","potentialAction":[{"@type":"CommentAction","name":"Comment","target":["https:\/\/228news.tg\/index.php\/2025\/05\/08\/politique-aime-gogue-denonce-ce-quil-designe-farce-politique\/#respond"]}]},{"@type":"WebPage","@id":"https:\/\/228news.tg\/index.php\/2025\/05\/08\/politique-aime-gogue-denonce-ce-quil-designe-farce-politique\/","url":"https:\/\/228news.tg\/index.php\/2025\/05\/08\/politique-aime-gogue-denonce-ce-quil-designe-farce-politique\/","name":"Politique : Aim\u00e9 Gogu\u00e9 d\u00e9nonce ce qu\u2019il d\u00e9signe \u00ab farce politique \u00bb\u00a0 - 228 News","isPartOf":{"@id":"https:\/\/228news.tg\/#website"},"primaryImageOfPage":{"@id":"https:\/\/228news.tg\/index.php\/2025\/05\/08\/politique-aime-gogue-denonce-ce-quil-designe-farce-politique\/#primaryimage"},"image":{"@id":"https:\/\/228news.tg\/index.php\/2025\/05\/08\/politique-aime-gogue-denonce-ce-quil-designe-farce-politique\/#primaryimage"},"thumbnailUrl":"https:\/\/228news.tg\/wp-content\/uploads\/2025\/05\/Aime_GogueP24-860x645-1.jpg","datePublished":"2025-05-08T19:09:48+00:00","breadcrumb":{"@id":"https:\/\/228news.tg\/index.php\/2025\/05\/08\/politique-aime-gogue-denonce-ce-quil-designe-farce-politique\/#breadcrumb"},"inLanguage":"fr-FR","potentialAction":[{"@type":"ReadAction","target":["https:\/\/228news.tg\/index.php\/2025\/05\/08\/politique-aime-gogue-denonce-ce-quil-designe-farce-politique\/"]}]},{"@type":"ImageObject","inLanguage":"fr-FR","@id":"https:\/\/228news.tg\/index.php\/2025\/05\/08\/politique-aime-gogue-denonce-ce-quil-designe-farce-politique\/#primaryimage","url":"https:\/\/228news.tg\/wp-content\/uploads\/2025\/05\/Aime_GogueP24-860x645-1.jpg","contentUrl":"https:\/\/228news.tg\/wp-content\/uploads\/2025\/05\/Aime_GogueP24-860x645-1.jpg","width":860,"height":645},{"@type":"BreadcrumbList","@id":"https:\/\/228news.tg\/index.php\/2025\/05\/08\/politique-aime-gogue-denonce-ce-quil-designe-farce-politique\/#breadcrumb","itemListElement":[{"@type":"ListItem","position":1,"name":"Home","item":"https:\/\/228news.tg\/"},{"@type":"ListItem","position":2,"name":"Politique : Aim\u00e9 Gogu\u00e9 d\u00e9nonce ce qu\u2019il d\u00e9signe \u00ab farce politique \u00bb\u00a0"}]},{"@type":"WebSite","@id":"https:\/\/228news.tg\/#website","url":"https:\/\/228news.tg\/","name":"228 News","description":"Soci\u00e9t\u00e9 de m\u00e9dias et d\u2019actualit\u00e9s","publisher":{"@id":"https:\/\/228news.tg\/#organization"},"potentialAction":[{"@type":"SearchAction","target":{"@type":"EntryPoint","urlTemplate":"https:\/\/228news.tg\/?s={search_term_string}"},"query-input":{"@type":"PropertyValueSpecification","valueRequired":true,"valueName":"search_term_string"}}],"inLanguage":"fr-FR"},{"@type":"Organization","@id":"https:\/\/228news.tg\/#organization","name":"228 News","url":"https:\/\/228news.tg\/","logo":{"@type":"ImageObject","inLanguage":"fr-FR","@id":"https:\/\/228news.tg\/#\/schema\/logo\/image\/","url":"https:\/\/228news.tg\/wp-content\/uploads\/2024\/09\/logonew.png","contentUrl":"https:\/\/228news.tg\/wp-content\/uploads\/2024\/09\/logonew.png","width":1640,"height":364,"caption":"228 News"},"image":{"@id":"https:\/\/228news.tg\/#\/schema\/logo\/image\/"}},{"@type":"Person","@id":"https:\/\/228news.tg\/#\/schema\/person\/68d5a6cc0230290e61235c8379523f52","name":"Bienvenu SAVI","image":{"@type":"ImageObject","inLanguage":"fr-FR","@id":"https:\/\/228news.tg\/#\/schema\/person\/image\/","url":"https:\/\/secure.gravatar.com\/avatar\/9db91895c559e510509c33a3e9683998458e9b828fac36d5d1aa23f0f2fd369b?s=96&d=mm&r=g","contentUrl":"https:\/\/secure.gravatar.com\/avatar\/9db91895c559e510509c33a3e9683998458e9b828fac36d5d1aa23f0f2fd369b?s=96&d=mm&r=g","caption":"Bienvenu SAVI"},"url":"https:\/\/228news.tg\/index.php\/author\/bienvenu\/"}]}},"jetpack_featured_media_url":"https:\/\/228news.tg\/wp-content\/uploads\/2025\/05\/Aime_GogueP24-860x645-1.jpg","_links":{"self":[{"href":"https:\/\/228news.tg\/index.php\/wp-json\/wp\/v2\/posts\/16161","targetHints":{"allow":["GET"]}}],"collection":[{"href":"https:\/\/228news.tg\/index.php\/wp-json\/wp\/v2\/posts"}],"about":[{"href":"https:\/\/228news.tg\/index.php\/wp-json\/wp\/v2\/types\/post"}],"author":[{"embeddable":true,"href":"https:\/\/228news.tg\/index.php\/wp-json\/wp\/v2\/users\/2"}],"replies":[{"embeddable":true,"href":"https:\/\/228news.tg\/index.php\/wp-json\/wp\/v2\/comments?post=16161"}],"version-history":[{"count":1,"href":"https:\/\/228news.tg\/index.php\/wp-json\/wp\/v2\/posts\/16161\/revisions"}],"predecessor-version":[{"id":16163,"href":"https:\/\/228news.tg\/index.php\/wp-json\/wp\/v2\/posts\/16161\/revisions\/16163"}],"wp:featuredmedia":[{"embeddable":true,"href":"https:\/\/228news.tg\/index.php\/wp-json\/wp\/v2\/media\/16162"}],"wp:attachment":[{"href":"https:\/\/228news.tg\/index.php\/wp-json\/wp\/v2\/media?parent=16161"}],"wp:term":[{"taxonomy":"category","embeddable":true,"href":"https:\/\/228news.tg\/index.php\/wp-json\/wp\/v2\/categories?post=16161"},{"taxonomy":"post_tag","embeddable":true,"href":"https:\/\/228news.tg\/index.php\/wp-json\/wp\/v2\/tags?post=16161"}],"curies":[{"name":"wp","href":"https:\/\/api.w.org\/{rel}","templated":true}]}}