{"id":1612,"date":"2018-07-26T00:00:00","date_gmt":"2018-07-26T00:00:00","guid":{"rendered":"https:\/\/228news.tg\/index.php\/2018\/07\/26\/la-7-eme-edition-de-la-foire-des-jeunes-entrepreneurs-adjafi-lancee-ce-jeudi\/"},"modified":"2018-07-26T00:00:00","modified_gmt":"2018-07-26T00:00:00","slug":"la-7-eme-edition-de-la-foire-des-jeunes-entrepreneurs-adjafi-lancee-ce-jeudi","status":"publish","type":"post","link":"https:\/\/228news.tg\/index.php\/2018\/07\/26\/la-7-eme-edition-de-la-foire-des-jeunes-entrepreneurs-adjafi-lancee-ce-jeudi\/","title":{"rendered":"La 7 \u00e8me \u00e9dition de la foire des jeunes entrepreneurs Adjafi lanc\u00e9e ce jeudi"},"content":{"rendered":"<p>\u0398228news (Lom\u00e9, le 26 juillet 2018)- La 7eme \u00e9dition de la foire des jeunes entrepreneurs Adjafi \u00e0 \u00e9t\u00e9 lanc\u00e9 ce jeudi 26 juillet \u00e0 la Chambre du Commerce et de l&rsquo;industrie du Togo, par Germain Meba, Pr\u00e9sident de la Chambre.<\/p>\n<p>C&rsquo;etait au cours d&rsquo;une conf\u00e9rence d\u00e9bat plac\u00e9e sous le th\u00e8me \u00a0\u00bb La qualit\u00e9 et l&rsquo;innovation, transformons la culture de nos entreprises pour plus de performance\u00a0\u00bb.<\/p>\n<p>Pour Maxime Minasseh, Manager g\u00e9n\u00e9ral de l&rsquo;agence de communication Maxcom, promotrice de la foire, l&rsquo;introduction des normes qualite dans la qu\u00eate de l&rsquo;innovation ne peut que contribuer \u00e0 l&rsquo;accroissement des activites des jeunes entrepreneurs.<\/p>\n<p>La foire aura lieu cette ann\u00e9e sur l&rsquo;aire du terrain de sport du Lyc\u00e9e d&rsquo;Agoe du 30 ao\u00fbt au 16 septembre.<\/p>\n<p>Plus d&rsquo;info \u00e0 venir.<\/p>\n<p><strong><em>Democrate<\/em><\/strong><\/p>\n<p><strong><em>(00228) 91 85 40 14<\/em><\/strong><\/p>\n<p><strong><em>98 60 67 68<\/em><\/strong><\/p>\n<p><strong><em>democrate2010@gmail.com<\/em><\/strong><\/p>\n<p>&nbsp;<\/p>\n","protected":false},"excerpt":{"rendered":"<p>\u0398228news (Lom\u00e9, le 26 juillet 2018)- La 7eme \u00e9dition de la foire des jeunes entrepreneurs Adjafi \u00e0 \u00e9t\u00e9 lanc\u00e9 ce jeudi 26 juillet \u00e0 la Chambre du Commerce et de l&rsquo;industrie du Togo, par Germain Meba, Pr\u00e9sident de la Chambre. C&rsquo;etait au cours d&rsquo;une conf\u00e9rence d\u00e9bat plac\u00e9e sous le th\u00e8me \u00a0\u00bb La qualit\u00e9 et l&rsquo;innovation, &#8230; <a title=\"La 7 \u00e8me \u00e9dition de la foire des jeunes entrepreneurs Adjafi lanc\u00e9e ce jeudi\" class=\"read-more\" href=\"https:\/\/228news.tg\/index.php\/2018\/07\/26\/la-7-eme-edition-de-la-foire-des-jeunes-entrepreneurs-adjafi-lancee-ce-jeudi\/\" aria-label=\"En savoir plus sur La 7 \u00e8me \u00e9dition de la foire des jeunes entrepreneurs Adjafi lanc\u00e9e ce jeudi\">Lire la suite<\/a><\/p>\n","protected":false},"author":2,"featured_media":1613,"comment_status":"open","ping_status":"open","sticky":false,"template":"","format":"standard","meta":{"footnotes":""},"categories":[31,35,25,34],"tags":[],"class_list":["post-1612","post","type-post","status-publish","format-standard","has-post-thumbnail","hentry","category-developpement","category-flash","category-togo","category-une"],"yoast_head":"<!-- This site is optimized with the Yoast SEO plugin v26.4 - https:\/\/yoast.com\/wordpress\/plugins\/seo\/ -->\n<title>La 7 \u00e8me \u00e9dition de la foire des jeunes entrepreneurs Adjafi lanc\u00e9e ce jeudi - 228 News<\/title>\n<meta name=\"robots\" content=\"index, follow, max-snippet:-1, max-image-preview:large, max-video-preview:-1\" \/>\n<link rel=\"canonical\" href=\"https:\/\/228news.tg\/index.php\/2018\/07\/26\/la-7-eme-edition-de-la-foire-des-jeunes-entrepreneurs-adjafi-lancee-ce-jeudi\/\" \/>\n<meta property=\"og:locale\" content=\"fr_FR\" \/>\n<meta property=\"og:type\" content=\"article\" \/>\n<meta property=\"og:title\" content=\"La 7 \u00e8me \u00e9dition de la foire des jeunes entrepreneurs Adjafi lanc\u00e9e ce jeudi - 228 News\" \/>\n<meta property=\"og:description\" content=\"\u0398228news (Lom\u00e9, le 26 juillet 2018)- La 7eme \u00e9dition de la foire des jeunes entrepreneurs Adjafi \u00e0 \u00e9t\u00e9 lanc\u00e9 ce jeudi 26 juillet \u00e0 la Chambre du Commerce et de l&rsquo;industrie du Togo, par Germain Meba, Pr\u00e9sident de la Chambre. C&rsquo;etait au cours d&rsquo;une conf\u00e9rence d\u00e9bat plac\u00e9e sous le th\u00e8me \u00a0\u00bb La qualit\u00e9 et l&rsquo;innovation, ... Lire la suite\" \/>\n<meta property=\"og:url\" content=\"https:\/\/228news.tg\/index.php\/2018\/07\/26\/la-7-eme-edition-de-la-foire-des-jeunes-entrepreneurs-adjafi-lancee-ce-jeudi\/\" \/>\n<meta property=\"og:site_name\" content=\"228 News\" \/>\n<meta property=\"article:published_time\" content=\"2018-07-26T00:00:00+00:00\" \/>\n<meta property=\"og:image\" content=\"https:\/\/228news.tg\/wp-content\/uploads\/2024\/09\/IMG_20180726_100702.jpg\" \/>\n\t<meta property=\"og:image:width\" content=\"2560\" \/>\n\t<meta property=\"og:image:height\" content=\"1920\" \/>\n\t<meta property=\"og:image:type\" content=\"image\/jpeg\" \/>\n<meta name=\"author\" content=\"Bienvenu SAVI\" \/>\n<meta name=\"twitter:card\" content=\"summary_large_image\" \/>\n<meta name=\"twitter:label1\" content=\"\u00c9crit par\" \/>\n\t<meta name=\"twitter:data1\" content=\"Bienvenu SAVI\" \/>\n\t<meta name=\"twitter:label2\" content=\"Dur\u00e9e de lecture estim\u00e9e\" \/>\n\t<meta name=\"twitter:data2\" content=\"1 minute\" \/>\n<script type=\"application\/ld+json\" class=\"yoast-schema-graph\">{\"@context\":\"https:\/\/schema.org\",\"@graph\":[{\"@type\":\"Article\",\"@id\":\"https:\/\/228news.tg\/index.php\/2018\/07\/26\/la-7-eme-edition-de-la-foire-des-jeunes-entrepreneurs-adjafi-lancee-ce-jeudi\/#article\",\"isPartOf\":{\"@id\":\"https:\/\/228news.tg\/index.php\/2018\/07\/26\/la-7-eme-edition-de-la-foire-des-jeunes-entrepreneurs-adjafi-lancee-ce-jeudi\/\"},\"author\":{\"name\":\"Bienvenu SAVI\",\"@id\":\"https:\/\/228news.tg\/#\/schema\/person\/68d5a6cc0230290e61235c8379523f52\"},\"headline\":\"La 7 \u00e8me \u00e9dition de la foire des jeunes entrepreneurs Adjafi lanc\u00e9e ce jeudi\",\"datePublished\":\"2018-07-26T00:00:00+00:00\",\"mainEntityOfPage\":{\"@id\":\"https:\/\/228news.tg\/index.php\/2018\/07\/26\/la-7-eme-edition-de-la-foire-des-jeunes-entrepreneurs-adjafi-lancee-ce-jeudi\/\"},\"wordCount\":156,\"commentCount\":0,\"publisher\":{\"@id\":\"https:\/\/228news.tg\/#organization\"},\"image\":{\"@id\":\"https:\/\/228news.tg\/index.php\/2018\/07\/26\/la-7-eme-edition-de-la-foire-des-jeunes-entrepreneurs-adjafi-lancee-ce-jeudi\/#primaryimage\"},\"thumbnailUrl\":\"https:\/\/228news.tg\/wp-content\/uploads\/2024\/09\/IMG_20180726_100702.jpg\",\"articleSection\":[\"DEVELOPPEMENT\",\"Flash\",\"TOGO\",\"Une\"],\"inLanguage\":\"fr-FR\",\"potentialAction\":[{\"@type\":\"CommentAction\",\"name\":\"Comment\",\"target\":[\"https:\/\/228news.tg\/index.php\/2018\/07\/26\/la-7-eme-edition-de-la-foire-des-jeunes-entrepreneurs-adjafi-lancee-ce-jeudi\/#respond\"]}]},{\"@type\":\"WebPage\",\"@id\":\"https:\/\/228news.tg\/index.php\/2018\/07\/26\/la-7-eme-edition-de-la-foire-des-jeunes-entrepreneurs-adjafi-lancee-ce-jeudi\/\",\"url\":\"https:\/\/228news.tg\/index.php\/2018\/07\/26\/la-7-eme-edition-de-la-foire-des-jeunes-entrepreneurs-adjafi-lancee-ce-jeudi\/\",\"name\":\"La 7 \u00e8me \u00e9dition de la foire des jeunes entrepreneurs Adjafi lanc\u00e9e ce jeudi - 228 News\",\"isPartOf\":{\"@id\":\"https:\/\/228news.tg\/#website\"},\"primaryImageOfPage\":{\"@id\":\"https:\/\/228news.tg\/index.php\/2018\/07\/26\/la-7-eme-edition-de-la-foire-des-jeunes-entrepreneurs-adjafi-lancee-ce-jeudi\/#primaryimage\"},\"image\":{\"@id\":\"https:\/\/228news.tg\/index.php\/2018\/07\/26\/la-7-eme-edition-de-la-foire-des-jeunes-entrepreneurs-adjafi-lancee-ce-jeudi\/#primaryimage\"},\"thumbnailUrl\":\"https:\/\/228news.tg\/wp-content\/uploads\/2024\/09\/IMG_20180726_100702.jpg\",\"datePublished\":\"2018-07-26T00:00:00+00:00\",\"breadcrumb\":{\"@id\":\"https:\/\/228news.tg\/index.php\/2018\/07\/26\/la-7-eme-edition-de-la-foire-des-jeunes-entrepreneurs-adjafi-lancee-ce-jeudi\/#breadcrumb\"},\"inLanguage\":\"fr-FR\",\"potentialAction\":[{\"@type\":\"ReadAction\",\"target\":[\"https:\/\/228news.tg\/index.php\/2018\/07\/26\/la-7-eme-edition-de-la-foire-des-jeunes-entrepreneurs-adjafi-lancee-ce-jeudi\/\"]}]},{\"@type\":\"ImageObject\",\"inLanguage\":\"fr-FR\",\"@id\":\"https:\/\/228news.tg\/index.php\/2018\/07\/26\/la-7-eme-edition-de-la-foire-des-jeunes-entrepreneurs-adjafi-lancee-ce-jeudi\/#primaryimage\",\"url\":\"https:\/\/228news.tg\/wp-content\/uploads\/2024\/09\/IMG_20180726_100702.jpg\",\"contentUrl\":\"https:\/\/228news.tg\/wp-content\/uploads\/2024\/09\/IMG_20180726_100702.jpg\",\"width\":2560,\"height\":1920},{\"@type\":\"BreadcrumbList\",\"@id\":\"https:\/\/228news.tg\/index.php\/2018\/07\/26\/la-7-eme-edition-de-la-foire-des-jeunes-entrepreneurs-adjafi-lancee-ce-jeudi\/#breadcrumb\",\"itemListElement\":[{\"@type\":\"ListItem\",\"position\":1,\"name\":\"Home\",\"item\":\"https:\/\/228news.tg\/\"},{\"@type\":\"ListItem\",\"position\":2,\"name\":\"La 7 \u00e8me \u00e9dition de la foire des jeunes entrepreneurs Adjafi lanc\u00e9e ce jeudi\"}]},{\"@type\":\"WebSite\",\"@id\":\"https:\/\/228news.tg\/#website\",\"url\":\"https:\/\/228news.tg\/\",\"name\":\"228 News\",\"description\":\"Soci\u00e9t\u00e9 de m\u00e9dias et d\u2019actualit\u00e9s\",\"publisher\":{\"@id\":\"https:\/\/228news.tg\/#organization\"},\"potentialAction\":[{\"@type\":\"SearchAction\",\"target\":{\"@type\":\"EntryPoint\",\"urlTemplate\":\"https:\/\/228news.tg\/?s={search_term_string}\"},\"query-input\":{\"@type\":\"PropertyValueSpecification\",\"valueRequired\":true,\"valueName\":\"search_term_string\"}}],\"inLanguage\":\"fr-FR\"},{\"@type\":\"Organization\",\"@id\":\"https:\/\/228news.tg\/#organization\",\"name\":\"228 News\",\"url\":\"https:\/\/228news.tg\/\",\"logo\":{\"@type\":\"ImageObject\",\"inLanguage\":\"fr-FR\",\"@id\":\"https:\/\/228news.tg\/#\/schema\/logo\/image\/\",\"url\":\"https:\/\/228news.tg\/wp-content\/uploads\/2024\/09\/logonew.png\",\"contentUrl\":\"https:\/\/228news.tg\/wp-content\/uploads\/2024\/09\/logonew.png\",\"width\":1640,\"height\":364,\"caption\":\"228 News\"},\"image\":{\"@id\":\"https:\/\/228news.tg\/#\/schema\/logo\/image\/\"}},{\"@type\":\"Person\",\"@id\":\"https:\/\/228news.tg\/#\/schema\/person\/68d5a6cc0230290e61235c8379523f52\",\"name\":\"Bienvenu SAVI\",\"image\":{\"@type\":\"ImageObject\",\"inLanguage\":\"fr-FR\",\"@id\":\"https:\/\/228news.tg\/#\/schema\/person\/image\/\",\"url\":\"https:\/\/secure.gravatar.com\/avatar\/9db91895c559e510509c33a3e9683998458e9b828fac36d5d1aa23f0f2fd369b?s=96&d=mm&r=g\",\"contentUrl\":\"https:\/\/secure.gravatar.com\/avatar\/9db91895c559e510509c33a3e9683998458e9b828fac36d5d1aa23f0f2fd369b?s=96&d=mm&r=g\",\"caption\":\"Bienvenu SAVI\"},\"url\":\"https:\/\/228news.tg\/index.php\/author\/bienvenu\/\"}]}<\/script>\n<!-- \/ Yoast SEO plugin. -->","yoast_head_json":{"title":"La 7 \u00e8me \u00e9dition de la foire des jeunes entrepreneurs Adjafi lanc\u00e9e ce jeudi - 228 News","robots":{"index":"index","follow":"follow","max-snippet":"max-snippet:-1","max-image-preview":"max-image-preview:large","max-video-preview":"max-video-preview:-1"},"canonical":"https:\/\/228news.tg\/index.php\/2018\/07\/26\/la-7-eme-edition-de-la-foire-des-jeunes-entrepreneurs-adjafi-lancee-ce-jeudi\/","og_locale":"fr_FR","og_type":"article","og_title":"La 7 \u00e8me \u00e9dition de la foire des jeunes entrepreneurs Adjafi lanc\u00e9e ce jeudi - 228 News","og_description":"\u0398228news (Lom\u00e9, le 26 juillet 2018)- La 7eme \u00e9dition de la foire des jeunes entrepreneurs Adjafi \u00e0 \u00e9t\u00e9 lanc\u00e9 ce jeudi 26 juillet \u00e0 la Chambre du Commerce et de l&rsquo;industrie du Togo, par Germain Meba, Pr\u00e9sident de la Chambre. C&rsquo;etait au cours d&rsquo;une conf\u00e9rence d\u00e9bat plac\u00e9e sous le th\u00e8me \u00a0\u00bb La qualit\u00e9 et l&rsquo;innovation, ... Lire la suite","og_url":"https:\/\/228news.tg\/index.php\/2018\/07\/26\/la-7-eme-edition-de-la-foire-des-jeunes-entrepreneurs-adjafi-lancee-ce-jeudi\/","og_site_name":"228 News","article_published_time":"2018-07-26T00:00:00+00:00","og_image":[{"width":2560,"height":1920,"url":"https:\/\/228news.tg\/wp-content\/uploads\/2024\/09\/IMG_20180726_100702.jpg","type":"image\/jpeg"}],"author":"Bienvenu SAVI","twitter_card":"summary_large_image","twitter_misc":{"\u00c9crit par":"Bienvenu SAVI","Dur\u00e9e de lecture estim\u00e9e":"1 minute"},"schema":{"@context":"https:\/\/schema.org","@graph":[{"@type":"Article","@id":"https:\/\/228news.tg\/index.php\/2018\/07\/26\/la-7-eme-edition-de-la-foire-des-jeunes-entrepreneurs-adjafi-lancee-ce-jeudi\/#article","isPartOf":{"@id":"https:\/\/228news.tg\/index.php\/2018\/07\/26\/la-7-eme-edition-de-la-foire-des-jeunes-entrepreneurs-adjafi-lancee-ce-jeudi\/"},"author":{"name":"Bienvenu SAVI","@id":"https:\/\/228news.tg\/#\/schema\/person\/68d5a6cc0230290e61235c8379523f52"},"headline":"La 7 \u00e8me \u00e9dition de la foire des jeunes entrepreneurs Adjafi lanc\u00e9e ce jeudi","datePublished":"2018-07-26T00:00:00+00:00","mainEntityOfPage":{"@id":"https:\/\/228news.tg\/index.php\/2018\/07\/26\/la-7-eme-edition-de-la-foire-des-jeunes-entrepreneurs-adjafi-lancee-ce-jeudi\/"},"wordCount":156,"commentCount":0,"publisher":{"@id":"https:\/\/228news.tg\/#organization"},"image":{"@id":"https:\/\/228news.tg\/index.php\/2018\/07\/26\/la-7-eme-edition-de-la-foire-des-jeunes-entrepreneurs-adjafi-lancee-ce-jeudi\/#primaryimage"},"thumbnailUrl":"https:\/\/228news.tg\/wp-content\/uploads\/2024\/09\/IMG_20180726_100702.jpg","articleSection":["DEVELOPPEMENT","Flash","TOGO","Une"],"inLanguage":"fr-FR","potentialAction":[{"@type":"CommentAction","name":"Comment","target":["https:\/\/228news.tg\/index.php\/2018\/07\/26\/la-7-eme-edition-de-la-foire-des-jeunes-entrepreneurs-adjafi-lancee-ce-jeudi\/#respond"]}]},{"@type":"WebPage","@id":"https:\/\/228news.tg\/index.php\/2018\/07\/26\/la-7-eme-edition-de-la-foire-des-jeunes-entrepreneurs-adjafi-lancee-ce-jeudi\/","url":"https:\/\/228news.tg\/index.php\/2018\/07\/26\/la-7-eme-edition-de-la-foire-des-jeunes-entrepreneurs-adjafi-lancee-ce-jeudi\/","name":"La 7 \u00e8me \u00e9dition de la foire des jeunes entrepreneurs Adjafi lanc\u00e9e ce jeudi - 228 News","isPartOf":{"@id":"https:\/\/228news.tg\/#website"},"primaryImageOfPage":{"@id":"https:\/\/228news.tg\/index.php\/2018\/07\/26\/la-7-eme-edition-de-la-foire-des-jeunes-entrepreneurs-adjafi-lancee-ce-jeudi\/#primaryimage"},"image":{"@id":"https:\/\/228news.tg\/index.php\/2018\/07\/26\/la-7-eme-edition-de-la-foire-des-jeunes-entrepreneurs-adjafi-lancee-ce-jeudi\/#primaryimage"},"thumbnailUrl":"https:\/\/228news.tg\/wp-content\/uploads\/2024\/09\/IMG_20180726_100702.jpg","datePublished":"2018-07-26T00:00:00+00:00","breadcrumb":{"@id":"https:\/\/228news.tg\/index.php\/2018\/07\/26\/la-7-eme-edition-de-la-foire-des-jeunes-entrepreneurs-adjafi-lancee-ce-jeudi\/#breadcrumb"},"inLanguage":"fr-FR","potentialAction":[{"@type":"ReadAction","target":["https:\/\/228news.tg\/index.php\/2018\/07\/26\/la-7-eme-edition-de-la-foire-des-jeunes-entrepreneurs-adjafi-lancee-ce-jeudi\/"]}]},{"@type":"ImageObject","inLanguage":"fr-FR","@id":"https:\/\/228news.tg\/index.php\/2018\/07\/26\/la-7-eme-edition-de-la-foire-des-jeunes-entrepreneurs-adjafi-lancee-ce-jeudi\/#primaryimage","url":"https:\/\/228news.tg\/wp-content\/uploads\/2024\/09\/IMG_20180726_100702.jpg","contentUrl":"https:\/\/228news.tg\/wp-content\/uploads\/2024\/09\/IMG_20180726_100702.jpg","width":2560,"height":1920},{"@type":"BreadcrumbList","@id":"https:\/\/228news.tg\/index.php\/2018\/07\/26\/la-7-eme-edition-de-la-foire-des-jeunes-entrepreneurs-adjafi-lancee-ce-jeudi\/#breadcrumb","itemListElement":[{"@type":"ListItem","position":1,"name":"Home","item":"https:\/\/228news.tg\/"},{"@type":"ListItem","position":2,"name":"La 7 \u00e8me \u00e9dition de la foire des jeunes entrepreneurs Adjafi lanc\u00e9e ce jeudi"}]},{"@type":"WebSite","@id":"https:\/\/228news.tg\/#website","url":"https:\/\/228news.tg\/","name":"228 News","description":"Soci\u00e9t\u00e9 de m\u00e9dias et d\u2019actualit\u00e9s","publisher":{"@id":"https:\/\/228news.tg\/#organization"},"potentialAction":[{"@type":"SearchAction","target":{"@type":"EntryPoint","urlTemplate":"https:\/\/228news.tg\/?s={search_term_string}"},"query-input":{"@type":"PropertyValueSpecification","valueRequired":true,"valueName":"search_term_string"}}],"inLanguage":"fr-FR"},{"@type":"Organization","@id":"https:\/\/228news.tg\/#organization","name":"228 News","url":"https:\/\/228news.tg\/","logo":{"@type":"ImageObject","inLanguage":"fr-FR","@id":"https:\/\/228news.tg\/#\/schema\/logo\/image\/","url":"https:\/\/228news.tg\/wp-content\/uploads\/2024\/09\/logonew.png","contentUrl":"https:\/\/228news.tg\/wp-content\/uploads\/2024\/09\/logonew.png","width":1640,"height":364,"caption":"228 News"},"image":{"@id":"https:\/\/228news.tg\/#\/schema\/logo\/image\/"}},{"@type":"Person","@id":"https:\/\/228news.tg\/#\/schema\/person\/68d5a6cc0230290e61235c8379523f52","name":"Bienvenu SAVI","image":{"@type":"ImageObject","inLanguage":"fr-FR","@id":"https:\/\/228news.tg\/#\/schema\/person\/image\/","url":"https:\/\/secure.gravatar.com\/avatar\/9db91895c559e510509c33a3e9683998458e9b828fac36d5d1aa23f0f2fd369b?s=96&d=mm&r=g","contentUrl":"https:\/\/secure.gravatar.com\/avatar\/9db91895c559e510509c33a3e9683998458e9b828fac36d5d1aa23f0f2fd369b?s=96&d=mm&r=g","caption":"Bienvenu SAVI"},"url":"https:\/\/228news.tg\/index.php\/author\/bienvenu\/"}]}},"jetpack_featured_media_url":"https:\/\/228news.tg\/wp-content\/uploads\/2024\/09\/IMG_20180726_100702.jpg","_links":{"self":[{"href":"https:\/\/228news.tg\/index.php\/wp-json\/wp\/v2\/posts\/1612","targetHints":{"allow":["GET"]}}],"collection":[{"href":"https:\/\/228news.tg\/index.php\/wp-json\/wp\/v2\/posts"}],"about":[{"href":"https:\/\/228news.tg\/index.php\/wp-json\/wp\/v2\/types\/post"}],"author":[{"embeddable":true,"href":"https:\/\/228news.tg\/index.php\/wp-json\/wp\/v2\/users\/2"}],"replies":[{"embeddable":true,"href":"https:\/\/228news.tg\/index.php\/wp-json\/wp\/v2\/comments?post=1612"}],"version-history":[{"count":0,"href":"https:\/\/228news.tg\/index.php\/wp-json\/wp\/v2\/posts\/1612\/revisions"}],"wp:featuredmedia":[{"embeddable":true,"href":"https:\/\/228news.tg\/index.php\/wp-json\/wp\/v2\/media\/1613"}],"wp:attachment":[{"href":"https:\/\/228news.tg\/index.php\/wp-json\/wp\/v2\/media?parent=1612"}],"wp:term":[{"taxonomy":"category","embeddable":true,"href":"https:\/\/228news.tg\/index.php\/wp-json\/wp\/v2\/categories?post=1612"},{"taxonomy":"post_tag","embeddable":true,"href":"https:\/\/228news.tg\/index.php\/wp-json\/wp\/v2\/tags?post=1612"}],"curies":[{"name":"wp","href":"https:\/\/api.w.org\/{rel}","templated":true}]}}