{"id":16084,"date":"2025-04-20T05:00:27","date_gmt":"2025-04-20T05:00:27","guid":{"rendered":"https:\/\/228news.tg\/?p=16084"},"modified":"2025-04-20T05:00:27","modified_gmt":"2025-04-20T05:00:27","slug":"lome-aux-couleurs-du-65e-anniv-de-lindependance-moment-dintrospection","status":"publish","type":"post","link":"https:\/\/228news.tg\/index.php\/2025\/04\/20\/lome-aux-couleurs-du-65e-anniv-de-lindependance-moment-dintrospection\/","title":{"rendered":"Lom\u00e9 aux couleurs du 65e anniv de l\u2019ind\u00e9pendance : moment d\u2019introspection ?"},"content":{"rendered":"<p>A l\u2019approche du 65e anniversaire de l\u2019accession du Togo \u00e0 la souverainet\u00e9 internationale, la capitale, Lom\u00e9, se pare de ses plus beaux atours. Drapeaux, enseignes, banderoles et autres ornements tricolores habillent les rues et b\u00e2timents et plongent les citoyens dans l\u2019ambiance fervente de cette comm\u00e9moration historique.<\/p>\n<p>Le pays s\u2019appr\u00eate \u00e0 c\u00e9l\u00e9brer le dimanche 27 avril 2025, son ind\u00e9pendance acquise en 1960.<\/p>\n<p>En pr\u00e9lude, les pr\u00e9paratifs semblent aller bien dans la capitale . Chaque coin avec les d\u00e9corations aux couleurs nationales rappelle aux Togolais l\u2019importance de cette journ\u00e9e m\u00e9morable o\u00f9 leur nation a dit non \u00e0 la tutelle coloniale. Mais si l\u2019esth\u00e9tique est au rendez-vous, une question revient avec insistance dans les d\u00e9bats publics sur la souverainet\u00e9 des pays africains : cette ind\u00e9pendance est-elle r\u00e9elle ?<\/p>\n<p>27 avril, une f\u00eate \u00e0 repenser ?<\/p>\n<p>Comme nombre de pays d\u2019Afrique subsaharienne, le Togo est aujourd\u2019hui confront\u00e9 \u00e0 une remise en question du sens de l\u2019ind\u00e9pendance. De plus en plus de voix, notamment au sein des milieux panafricains, estiment que les festivit\u00e9s traditionnelles manquent de profondeur et occultent une v\u00e9rit\u00e9 qui d\u00e9range : celle d\u2019une d\u00e9pendance persistante sous la forme \u00e9conomique, diplomatique, voire culturelle vis-\u00e0-vis des anciennes puissances colonisatrices.<\/p>\n<p>Ces voix appellent non seulement \u00e0 une r\u00e9vision du format des c\u00e9l\u00e9brations, mais aussi \u00e0 un repositionnement strat\u00e9gique des pays africains sur la sc\u00e8ne internationale. Pour ces panafricanistes d\u2019une vraie Afrique libre, les festivit\u00e9s de l\u2019ind\u00e9pendance devraient \u00eatre l\u2019occasion d\u2019une introspection , d\u2019un bilan critique, mais aussi d\u2019un engagement renouvel\u00e9 en faveur de l\u2019autonomie r\u00e9elle des pays du continent .<\/p>\n<p>Le Togo, entre tradition et engagement panafricain<\/p>\n<p>Porte-\u00e9tendard d\u2019un panafricanisme moderne sur la sc\u00e8ne africaine , le Togo n\u2019a jamais cach\u00e9 sa volont\u00e9 de voir \u00e9merger une Afrique forte et r\u00e9ellement souveraine. Plusieurs fois \u00e0 la tribune des Nations unies et dans les sommets internationaux, son pr\u00e9sident Faure Gnassingb\u00e9 et son ministre des Affaires \u00e9trang\u00e8res, le professeur Robert Dussey, ne cessent d\u2019appeler \u00e0 la refondation des relations entre l\u2019Afrique et le reste du monde, notamment l\u2019Occident.<\/p>\n<p>Ces prises de position, bien que salu\u00e9es, exigent des attentes plus l\u00e9gitimes : des actions et actes concrets qui vont d\u00e9montrer la d\u00e9termination et l\u2019engagement d\u2019un pays pr\u00eat \u00e0 rompre avec ce cordon colonial. Ainsi, le pays traduira-t-il en acte, ses appels \u00e0 une r\u00e9elle souverainet\u00e9 et un traitement \u00e9gal \u00e0 \u00e9gal \u00e0 travers la prochaine f\u00eate de l\u2019ind\u00e9pendance autrement c\u00e9l\u00e9br\u00e9e ? S\u2019orientera-t-il vers une approche nouvelle, plus en phase avec ses discours panafricanistes, ou s\u2019en tiendra-t-il \u00e0 la tradition des parades militaires et des discours officiels ?<\/p>\n<p>Un anniversaire \u00e0 la crois\u00e9e des chemins<\/p>\n<p>Alors que le Togo s\u2019appr\u00eate \u00e0 souffler ses 65 bougies d\u2019ind\u00e9pendance, l\u2019heure est peut-\u00eatre venue pour lui d&rsquo;ouvrir un nouveau chapitre de son histoire. Une c\u00e9l\u00e9bration certes, mais aussi une r\u00e9flexion , un appel \u00e0 l\u2019unit\u00e9 africaine et \u00e0 l\u2019action pour une v\u00e9ritable souverainet\u00e9. Car plus que jamais, les peuples africains aspirent \u00e0 une ind\u00e9pendance concr\u00e8te, v\u00e9cue et assum\u00e9e.<\/p>\n<p>Reste \u00e0 savoir si cette ann\u00e9e, le 27 avril sera une simple comm\u00e9moration ou le point de d\u00e9part d\u2019un tournant historique.<\/p>\n<p>Il sied de pr\u00e9ciser que le logotype de ce 65e anniversaire qui incarne la continuit\u00e9 graphique des \u00e9ditions \u00e9coul\u00e9es et qui sert de l\u2019identit\u00e9 visuelle de la c\u00e9l\u00e9bration, a \u00e9t\u00e9 d\u00e9voil\u00e9e. On retrouve dans ce logo, la silhouette stylis\u00e9e qui caract\u00e9rise le monument de l\u2019ind\u00e9pendance, les chiffres 6 et 5 qui repr\u00e9sentent le nombre d\u2019ann\u00e9es de souverainet\u00e9 et l\u2019\u00e9toile blanche du drapeau national.<\/p>\n<p>&nbsp;<\/p>\n<p>&nbsp;<\/p>\n<p>&nbsp;<\/p>\n<p>&nbsp;<\/p>\n<p>&nbsp;<\/p>\n<p>&nbsp;<\/p>\n<p>&nbsp;<\/p>\n","protected":false},"excerpt":{"rendered":"<p>A l\u2019approche du 65e anniversaire de l\u2019accession du Togo \u00e0 la souverainet\u00e9 internationale, la capitale, Lom\u00e9, se pare de ses plus beaux atours. Drapeaux, enseignes, banderoles et autres ornements tricolores habillent les rues et b\u00e2timents et plongent les citoyens dans l\u2019ambiance fervente de cette comm\u00e9moration historique. Le pays s\u2019appr\u00eate \u00e0 c\u00e9l\u00e9brer le dimanche 27 avril &#8230; <a title=\"Lom\u00e9 aux couleurs du 65e anniv de l\u2019ind\u00e9pendance : moment d\u2019introspection ?\" class=\"read-more\" href=\"https:\/\/228news.tg\/index.php\/2025\/04\/20\/lome-aux-couleurs-du-65e-anniv-de-lindependance-moment-dintrospection\/\" aria-label=\"En savoir plus sur Lom\u00e9 aux couleurs du 65e anniv de l\u2019ind\u00e9pendance : moment d\u2019introspection ?\">Lire la suite<\/a><\/p>\n","protected":false},"author":2,"featured_media":16085,"comment_status":"open","ping_status":"open","sticky":false,"template":"","format":"standard","meta":{"footnotes":""},"categories":[29],"tags":[],"class_list":["post-16084","post","type-post","status-publish","format-standard","has-post-thumbnail","hentry","category-societe"],"yoast_head":"<!-- This site is optimized with the Yoast SEO plugin v26.4 - https:\/\/yoast.com\/wordpress\/plugins\/seo\/ -->\n<title>Lom\u00e9 aux couleurs du 65e anniv de l\u2019ind\u00e9pendance : moment d\u2019introspection ? - 228 News<\/title>\n<meta name=\"robots\" content=\"index, follow, max-snippet:-1, max-image-preview:large, max-video-preview:-1\" \/>\n<link rel=\"canonical\" href=\"https:\/\/228news.tg\/index.php\/2025\/04\/20\/lome-aux-couleurs-du-65e-anniv-de-lindependance-moment-dintrospection\/\" \/>\n<meta property=\"og:locale\" content=\"fr_FR\" \/>\n<meta property=\"og:type\" content=\"article\" \/>\n<meta property=\"og:title\" content=\"Lom\u00e9 aux couleurs du 65e anniv de l\u2019ind\u00e9pendance : moment d\u2019introspection ? - 228 News\" \/>\n<meta property=\"og:description\" content=\"A l\u2019approche du 65e anniversaire de l\u2019accession du Togo \u00e0 la souverainet\u00e9 internationale, la capitale, Lom\u00e9, se pare de ses plus beaux atours. Drapeaux, enseignes, banderoles et autres ornements tricolores habillent les rues et b\u00e2timents et plongent les citoyens dans l\u2019ambiance fervente de cette comm\u00e9moration historique. Le pays s\u2019appr\u00eate \u00e0 c\u00e9l\u00e9brer le dimanche 27 avril ... Lire la suite\" \/>\n<meta property=\"og:url\" content=\"https:\/\/228news.tg\/index.php\/2025\/04\/20\/lome-aux-couleurs-du-65e-anniv-de-lindependance-moment-dintrospection\/\" \/>\n<meta property=\"og:site_name\" content=\"228 News\" \/>\n<meta property=\"article:published_time\" content=\"2025-04-20T05:00:27+00:00\" \/>\n<meta property=\"og:image\" content=\"https:\/\/228news.tg\/wp-content\/uploads\/2025\/04\/IMG-20250418-WA0131.jpg\" \/>\n\t<meta property=\"og:image:width\" content=\"990\" \/>\n\t<meta property=\"og:image:height\" content=\"682\" \/>\n\t<meta property=\"og:image:type\" content=\"image\/jpeg\" \/>\n<meta name=\"author\" content=\"Bienvenu SAVI\" \/>\n<meta name=\"twitter:card\" content=\"summary_large_image\" \/>\n<meta name=\"twitter:label1\" content=\"\u00c9crit par\" \/>\n\t<meta name=\"twitter:data1\" content=\"Bienvenu SAVI\" \/>\n\t<meta name=\"twitter:label2\" content=\"Dur\u00e9e de lecture estim\u00e9e\" \/>\n\t<meta name=\"twitter:data2\" content=\"4 minutes\" \/>\n<script type=\"application\/ld+json\" class=\"yoast-schema-graph\">{\"@context\":\"https:\/\/schema.org\",\"@graph\":[{\"@type\":\"Article\",\"@id\":\"https:\/\/228news.tg\/index.php\/2025\/04\/20\/lome-aux-couleurs-du-65e-anniv-de-lindependance-moment-dintrospection\/#article\",\"isPartOf\":{\"@id\":\"https:\/\/228news.tg\/index.php\/2025\/04\/20\/lome-aux-couleurs-du-65e-anniv-de-lindependance-moment-dintrospection\/\"},\"author\":{\"name\":\"Bienvenu SAVI\",\"@id\":\"https:\/\/228news.tg\/#\/schema\/person\/68d5a6cc0230290e61235c8379523f52\"},\"headline\":\"Lom\u00e9 aux couleurs du 65e anniv de l\u2019ind\u00e9pendance : moment d\u2019introspection ?\",\"datePublished\":\"2025-04-20T05:00:27+00:00\",\"mainEntityOfPage\":{\"@id\":\"https:\/\/228news.tg\/index.php\/2025\/04\/20\/lome-aux-couleurs-du-65e-anniv-de-lindependance-moment-dintrospection\/\"},\"wordCount\":659,\"commentCount\":0,\"publisher\":{\"@id\":\"https:\/\/228news.tg\/#organization\"},\"image\":{\"@id\":\"https:\/\/228news.tg\/index.php\/2025\/04\/20\/lome-aux-couleurs-du-65e-anniv-de-lindependance-moment-dintrospection\/#primaryimage\"},\"thumbnailUrl\":\"https:\/\/228news.tg\/wp-content\/uploads\/2025\/04\/IMG-20250418-WA0131.jpg\",\"articleSection\":[\"SOCIETE\"],\"inLanguage\":\"fr-FR\",\"potentialAction\":[{\"@type\":\"CommentAction\",\"name\":\"Comment\",\"target\":[\"https:\/\/228news.tg\/index.php\/2025\/04\/20\/lome-aux-couleurs-du-65e-anniv-de-lindependance-moment-dintrospection\/#respond\"]}]},{\"@type\":\"WebPage\",\"@id\":\"https:\/\/228news.tg\/index.php\/2025\/04\/20\/lome-aux-couleurs-du-65e-anniv-de-lindependance-moment-dintrospection\/\",\"url\":\"https:\/\/228news.tg\/index.php\/2025\/04\/20\/lome-aux-couleurs-du-65e-anniv-de-lindependance-moment-dintrospection\/\",\"name\":\"Lom\u00e9 aux couleurs du 65e anniv de l\u2019ind\u00e9pendance : moment d\u2019introspection ? - 228 News\",\"isPartOf\":{\"@id\":\"https:\/\/228news.tg\/#website\"},\"primaryImageOfPage\":{\"@id\":\"https:\/\/228news.tg\/index.php\/2025\/04\/20\/lome-aux-couleurs-du-65e-anniv-de-lindependance-moment-dintrospection\/#primaryimage\"},\"image\":{\"@id\":\"https:\/\/228news.tg\/index.php\/2025\/04\/20\/lome-aux-couleurs-du-65e-anniv-de-lindependance-moment-dintrospection\/#primaryimage\"},\"thumbnailUrl\":\"https:\/\/228news.tg\/wp-content\/uploads\/2025\/04\/IMG-20250418-WA0131.jpg\",\"datePublished\":\"2025-04-20T05:00:27+00:00\",\"breadcrumb\":{\"@id\":\"https:\/\/228news.tg\/index.php\/2025\/04\/20\/lome-aux-couleurs-du-65e-anniv-de-lindependance-moment-dintrospection\/#breadcrumb\"},\"inLanguage\":\"fr-FR\",\"potentialAction\":[{\"@type\":\"ReadAction\",\"target\":[\"https:\/\/228news.tg\/index.php\/2025\/04\/20\/lome-aux-couleurs-du-65e-anniv-de-lindependance-moment-dintrospection\/\"]}]},{\"@type\":\"ImageObject\",\"inLanguage\":\"fr-FR\",\"@id\":\"https:\/\/228news.tg\/index.php\/2025\/04\/20\/lome-aux-couleurs-du-65e-anniv-de-lindependance-moment-dintrospection\/#primaryimage\",\"url\":\"https:\/\/228news.tg\/wp-content\/uploads\/2025\/04\/IMG-20250418-WA0131.jpg\",\"contentUrl\":\"https:\/\/228news.tg\/wp-content\/uploads\/2025\/04\/IMG-20250418-WA0131.jpg\",\"width\":990,\"height\":682},{\"@type\":\"BreadcrumbList\",\"@id\":\"https:\/\/228news.tg\/index.php\/2025\/04\/20\/lome-aux-couleurs-du-65e-anniv-de-lindependance-moment-dintrospection\/#breadcrumb\",\"itemListElement\":[{\"@type\":\"ListItem\",\"position\":1,\"name\":\"Home\",\"item\":\"https:\/\/228news.tg\/\"},{\"@type\":\"ListItem\",\"position\":2,\"name\":\"Lom\u00e9 aux couleurs du 65e anniv de l\u2019ind\u00e9pendance : moment d\u2019introspection ?\"}]},{\"@type\":\"WebSite\",\"@id\":\"https:\/\/228news.tg\/#website\",\"url\":\"https:\/\/228news.tg\/\",\"name\":\"228 News\",\"description\":\"Soci\u00e9t\u00e9 de m\u00e9dias et d\u2019actualit\u00e9s\",\"publisher\":{\"@id\":\"https:\/\/228news.tg\/#organization\"},\"potentialAction\":[{\"@type\":\"SearchAction\",\"target\":{\"@type\":\"EntryPoint\",\"urlTemplate\":\"https:\/\/228news.tg\/?s={search_term_string}\"},\"query-input\":{\"@type\":\"PropertyValueSpecification\",\"valueRequired\":true,\"valueName\":\"search_term_string\"}}],\"inLanguage\":\"fr-FR\"},{\"@type\":\"Organization\",\"@id\":\"https:\/\/228news.tg\/#organization\",\"name\":\"228 News\",\"url\":\"https:\/\/228news.tg\/\",\"logo\":{\"@type\":\"ImageObject\",\"inLanguage\":\"fr-FR\",\"@id\":\"https:\/\/228news.tg\/#\/schema\/logo\/image\/\",\"url\":\"https:\/\/228news.tg\/wp-content\/uploads\/2024\/09\/logonew.png\",\"contentUrl\":\"https:\/\/228news.tg\/wp-content\/uploads\/2024\/09\/logonew.png\",\"width\":1640,\"height\":364,\"caption\":\"228 News\"},\"image\":{\"@id\":\"https:\/\/228news.tg\/#\/schema\/logo\/image\/\"}},{\"@type\":\"Person\",\"@id\":\"https:\/\/228news.tg\/#\/schema\/person\/68d5a6cc0230290e61235c8379523f52\",\"name\":\"Bienvenu SAVI\",\"image\":{\"@type\":\"ImageObject\",\"inLanguage\":\"fr-FR\",\"@id\":\"https:\/\/228news.tg\/#\/schema\/person\/image\/\",\"url\":\"https:\/\/secure.gravatar.com\/avatar\/9db91895c559e510509c33a3e9683998458e9b828fac36d5d1aa23f0f2fd369b?s=96&d=mm&r=g\",\"contentUrl\":\"https:\/\/secure.gravatar.com\/avatar\/9db91895c559e510509c33a3e9683998458e9b828fac36d5d1aa23f0f2fd369b?s=96&d=mm&r=g\",\"caption\":\"Bienvenu SAVI\"},\"url\":\"https:\/\/228news.tg\/index.php\/author\/bienvenu\/\"}]}<\/script>\n<!-- \/ Yoast SEO plugin. -->","yoast_head_json":{"title":"Lom\u00e9 aux couleurs du 65e anniv de l\u2019ind\u00e9pendance : moment d\u2019introspection ? - 228 News","robots":{"index":"index","follow":"follow","max-snippet":"max-snippet:-1","max-image-preview":"max-image-preview:large","max-video-preview":"max-video-preview:-1"},"canonical":"https:\/\/228news.tg\/index.php\/2025\/04\/20\/lome-aux-couleurs-du-65e-anniv-de-lindependance-moment-dintrospection\/","og_locale":"fr_FR","og_type":"article","og_title":"Lom\u00e9 aux couleurs du 65e anniv de l\u2019ind\u00e9pendance : moment d\u2019introspection ? - 228 News","og_description":"A l\u2019approche du 65e anniversaire de l\u2019accession du Togo \u00e0 la souverainet\u00e9 internationale, la capitale, Lom\u00e9, se pare de ses plus beaux atours. Drapeaux, enseignes, banderoles et autres ornements tricolores habillent les rues et b\u00e2timents et plongent les citoyens dans l\u2019ambiance fervente de cette comm\u00e9moration historique. Le pays s\u2019appr\u00eate \u00e0 c\u00e9l\u00e9brer le dimanche 27 avril ... Lire la suite","og_url":"https:\/\/228news.tg\/index.php\/2025\/04\/20\/lome-aux-couleurs-du-65e-anniv-de-lindependance-moment-dintrospection\/","og_site_name":"228 News","article_published_time":"2025-04-20T05:00:27+00:00","og_image":[{"width":990,"height":682,"url":"https:\/\/228news.tg\/wp-content\/uploads\/2025\/04\/IMG-20250418-WA0131.jpg","type":"image\/jpeg"}],"author":"Bienvenu SAVI","twitter_card":"summary_large_image","twitter_misc":{"\u00c9crit par":"Bienvenu SAVI","Dur\u00e9e de lecture estim\u00e9e":"4 minutes"},"schema":{"@context":"https:\/\/schema.org","@graph":[{"@type":"Article","@id":"https:\/\/228news.tg\/index.php\/2025\/04\/20\/lome-aux-couleurs-du-65e-anniv-de-lindependance-moment-dintrospection\/#article","isPartOf":{"@id":"https:\/\/228news.tg\/index.php\/2025\/04\/20\/lome-aux-couleurs-du-65e-anniv-de-lindependance-moment-dintrospection\/"},"author":{"name":"Bienvenu SAVI","@id":"https:\/\/228news.tg\/#\/schema\/person\/68d5a6cc0230290e61235c8379523f52"},"headline":"Lom\u00e9 aux couleurs du 65e anniv de l\u2019ind\u00e9pendance : moment d\u2019introspection ?","datePublished":"2025-04-20T05:00:27+00:00","mainEntityOfPage":{"@id":"https:\/\/228news.tg\/index.php\/2025\/04\/20\/lome-aux-couleurs-du-65e-anniv-de-lindependance-moment-dintrospection\/"},"wordCount":659,"commentCount":0,"publisher":{"@id":"https:\/\/228news.tg\/#organization"},"image":{"@id":"https:\/\/228news.tg\/index.php\/2025\/04\/20\/lome-aux-couleurs-du-65e-anniv-de-lindependance-moment-dintrospection\/#primaryimage"},"thumbnailUrl":"https:\/\/228news.tg\/wp-content\/uploads\/2025\/04\/IMG-20250418-WA0131.jpg","articleSection":["SOCIETE"],"inLanguage":"fr-FR","potentialAction":[{"@type":"CommentAction","name":"Comment","target":["https:\/\/228news.tg\/index.php\/2025\/04\/20\/lome-aux-couleurs-du-65e-anniv-de-lindependance-moment-dintrospection\/#respond"]}]},{"@type":"WebPage","@id":"https:\/\/228news.tg\/index.php\/2025\/04\/20\/lome-aux-couleurs-du-65e-anniv-de-lindependance-moment-dintrospection\/","url":"https:\/\/228news.tg\/index.php\/2025\/04\/20\/lome-aux-couleurs-du-65e-anniv-de-lindependance-moment-dintrospection\/","name":"Lom\u00e9 aux couleurs du 65e anniv de l\u2019ind\u00e9pendance : moment d\u2019introspection ? - 228 News","isPartOf":{"@id":"https:\/\/228news.tg\/#website"},"primaryImageOfPage":{"@id":"https:\/\/228news.tg\/index.php\/2025\/04\/20\/lome-aux-couleurs-du-65e-anniv-de-lindependance-moment-dintrospection\/#primaryimage"},"image":{"@id":"https:\/\/228news.tg\/index.php\/2025\/04\/20\/lome-aux-couleurs-du-65e-anniv-de-lindependance-moment-dintrospection\/#primaryimage"},"thumbnailUrl":"https:\/\/228news.tg\/wp-content\/uploads\/2025\/04\/IMG-20250418-WA0131.jpg","datePublished":"2025-04-20T05:00:27+00:00","breadcrumb":{"@id":"https:\/\/228news.tg\/index.php\/2025\/04\/20\/lome-aux-couleurs-du-65e-anniv-de-lindependance-moment-dintrospection\/#breadcrumb"},"inLanguage":"fr-FR","potentialAction":[{"@type":"ReadAction","target":["https:\/\/228news.tg\/index.php\/2025\/04\/20\/lome-aux-couleurs-du-65e-anniv-de-lindependance-moment-dintrospection\/"]}]},{"@type":"ImageObject","inLanguage":"fr-FR","@id":"https:\/\/228news.tg\/index.php\/2025\/04\/20\/lome-aux-couleurs-du-65e-anniv-de-lindependance-moment-dintrospection\/#primaryimage","url":"https:\/\/228news.tg\/wp-content\/uploads\/2025\/04\/IMG-20250418-WA0131.jpg","contentUrl":"https:\/\/228news.tg\/wp-content\/uploads\/2025\/04\/IMG-20250418-WA0131.jpg","width":990,"height":682},{"@type":"BreadcrumbList","@id":"https:\/\/228news.tg\/index.php\/2025\/04\/20\/lome-aux-couleurs-du-65e-anniv-de-lindependance-moment-dintrospection\/#breadcrumb","itemListElement":[{"@type":"ListItem","position":1,"name":"Home","item":"https:\/\/228news.tg\/"},{"@type":"ListItem","position":2,"name":"Lom\u00e9 aux couleurs du 65e anniv de l\u2019ind\u00e9pendance : moment d\u2019introspection ?"}]},{"@type":"WebSite","@id":"https:\/\/228news.tg\/#website","url":"https:\/\/228news.tg\/","name":"228 News","description":"Soci\u00e9t\u00e9 de m\u00e9dias et d\u2019actualit\u00e9s","publisher":{"@id":"https:\/\/228news.tg\/#organization"},"potentialAction":[{"@type":"SearchAction","target":{"@type":"EntryPoint","urlTemplate":"https:\/\/228news.tg\/?s={search_term_string}"},"query-input":{"@type":"PropertyValueSpecification","valueRequired":true,"valueName":"search_term_string"}}],"inLanguage":"fr-FR"},{"@type":"Organization","@id":"https:\/\/228news.tg\/#organization","name":"228 News","url":"https:\/\/228news.tg\/","logo":{"@type":"ImageObject","inLanguage":"fr-FR","@id":"https:\/\/228news.tg\/#\/schema\/logo\/image\/","url":"https:\/\/228news.tg\/wp-content\/uploads\/2024\/09\/logonew.png","contentUrl":"https:\/\/228news.tg\/wp-content\/uploads\/2024\/09\/logonew.png","width":1640,"height":364,"caption":"228 News"},"image":{"@id":"https:\/\/228news.tg\/#\/schema\/logo\/image\/"}},{"@type":"Person","@id":"https:\/\/228news.tg\/#\/schema\/person\/68d5a6cc0230290e61235c8379523f52","name":"Bienvenu SAVI","image":{"@type":"ImageObject","inLanguage":"fr-FR","@id":"https:\/\/228news.tg\/#\/schema\/person\/image\/","url":"https:\/\/secure.gravatar.com\/avatar\/9db91895c559e510509c33a3e9683998458e9b828fac36d5d1aa23f0f2fd369b?s=96&d=mm&r=g","contentUrl":"https:\/\/secure.gravatar.com\/avatar\/9db91895c559e510509c33a3e9683998458e9b828fac36d5d1aa23f0f2fd369b?s=96&d=mm&r=g","caption":"Bienvenu SAVI"},"url":"https:\/\/228news.tg\/index.php\/author\/bienvenu\/"}]}},"jetpack_featured_media_url":"https:\/\/228news.tg\/wp-content\/uploads\/2025\/04\/IMG-20250418-WA0131.jpg","_links":{"self":[{"href":"https:\/\/228news.tg\/index.php\/wp-json\/wp\/v2\/posts\/16084","targetHints":{"allow":["GET"]}}],"collection":[{"href":"https:\/\/228news.tg\/index.php\/wp-json\/wp\/v2\/posts"}],"about":[{"href":"https:\/\/228news.tg\/index.php\/wp-json\/wp\/v2\/types\/post"}],"author":[{"embeddable":true,"href":"https:\/\/228news.tg\/index.php\/wp-json\/wp\/v2\/users\/2"}],"replies":[{"embeddable":true,"href":"https:\/\/228news.tg\/index.php\/wp-json\/wp\/v2\/comments?post=16084"}],"version-history":[{"count":1,"href":"https:\/\/228news.tg\/index.php\/wp-json\/wp\/v2\/posts\/16084\/revisions"}],"predecessor-version":[{"id":16086,"href":"https:\/\/228news.tg\/index.php\/wp-json\/wp\/v2\/posts\/16084\/revisions\/16086"}],"wp:featuredmedia":[{"embeddable":true,"href":"https:\/\/228news.tg\/index.php\/wp-json\/wp\/v2\/media\/16085"}],"wp:attachment":[{"href":"https:\/\/228news.tg\/index.php\/wp-json\/wp\/v2\/media?parent=16084"}],"wp:term":[{"taxonomy":"category","embeddable":true,"href":"https:\/\/228news.tg\/index.php\/wp-json\/wp\/v2\/categories?post=16084"},{"taxonomy":"post_tag","embeddable":true,"href":"https:\/\/228news.tg\/index.php\/wp-json\/wp\/v2\/tags?post=16084"}],"curies":[{"name":"wp","href":"https:\/\/api.w.org\/{rel}","templated":true}]}}