{"id":16073,"date":"2025-04-20T04:54:48","date_gmt":"2025-04-20T04:54:48","guid":{"rendered":"https:\/\/228news.tg\/?p=16073"},"modified":"2025-04-20T04:54:48","modified_gmt":"2025-04-20T04:54:48","slug":"fete-de-lindependance-golfe-2-lance-les-festivites-a-travers-une-course-sportive","status":"publish","type":"post","link":"https:\/\/228news.tg\/index.php\/2025\/04\/20\/fete-de-lindependance-golfe-2-lance-les-festivites-a-travers-une-course-sportive\/","title":{"rendered":"F\u00eate de l\u2019ind\u00e9pendance : Golfe 2 lance les festivit\u00e9s \u00e0 travers une course sportive"},"content":{"rendered":"<p><img fetchpriority=\"high\" decoding=\"async\" class=\"alignnone size-medium wp-image-16079\" src=\"https:\/\/228news.tg\/wp-content\/uploads\/2025\/04\/IMG-20250419-WA0109-300x225.jpg\" alt=\"\" width=\"300\" height=\"225\" srcset=\"https:\/\/228news.tg\/wp-content\/uploads\/2025\/04\/IMG-20250419-WA0109-300x225.jpg 300w, https:\/\/228news.tg\/wp-content\/uploads\/2025\/04\/IMG-20250419-WA0109.jpg 587w\" sizes=\"(max-width: 300px) 100vw, 300px\" \/>Les pr\u00e9paratifs pour la comm\u00e9moration du 65e anniversaire de l\u2019ind\u00e9pendance du Togo se poursuivent dans la commune Golfe 2. Une activit\u00e9 sportive d\u00e9nomm\u00e9e \u00ab Course de l\u2019ind\u00e9pendance \u00bb vient agr\u00e9menter les festivit\u00e9s samedi dans la commune.<\/p>\n<p><em><img decoding=\"async\" class=\"alignnone size-medium wp-image-16080\" src=\"https:\/\/228news.tg\/wp-content\/uploads\/2025\/04\/IMG-20250419-WA0103-300x225.jpg\" alt=\"\" width=\"300\" height=\"225\" srcset=\"https:\/\/228news.tg\/wp-content\/uploads\/2025\/04\/IMG-20250419-WA0103-300x225.jpg 300w, https:\/\/228news.tg\/wp-content\/uploads\/2025\/04\/IMG-20250419-WA0103-1024x768.jpg 1024w, https:\/\/228news.tg\/wp-content\/uploads\/2025\/04\/IMG-20250419-WA0103-768x576.jpg 768w, https:\/\/228news.tg\/wp-content\/uploads\/2025\/04\/IMG-20250419-WA0103.jpg 1040w\" sizes=\"(max-width: 300px) 100vw, 300px\" \/><\/em><\/p>\n<p>&nbsp;<\/p>\n<p>Elle a rassembl\u00e9 plusieurs cat\u00e9gories de personnes dont les autorit\u00e9s administratives et politiques, des d\u00e9l\u00e9gations de f\u00e9d\u00e9rations sportives . Symbole de coh\u00e9sion et de l\u2019harmonie sociale , l\u2019initiative qui est \u00e0 sa premi\u00e8re \u00e9dition s\u2019inscrit dans la dynamique d\u2019un d\u00e9veloppement inclusif port\u00e9 par le Maire Konou Kodjo NOUKAFOU et vise \u00e0 cr\u00e9er une ferveur autour de la f\u00eate nationale .<\/p>\n<p>En outre, selon le repr\u00e9sentant du ministre des Sports, la \u00ab Course de l\u2019ind\u00e9pendance \u00bb magnifie les journ\u00e9es nationales du sport et met en lumi\u00e8re le r\u00f4le essentiel du capital humain, pilier du d\u00e9veloppement \u00e9conomique du pays.<\/p>\n<p>Deux (02) cat\u00e9gories notamment homme et femme ont \u00e9t\u00e9 distingu\u00e9es. Ainsi, chez les hommes, Djouti Oyou s\u2019est impos\u00e9 avec un chrono de 11 min 21 s, suivi de Glokpo Robert 11 min 29 s et Tossoukpe Kossi 11 min 30 s. Chez les femmes, Binguitcha Latifatou a d\u00e9croch\u00e9 la premi\u00e8re place avec un chrono de 13 min 24 s, devan\u00e7ant Djamlan Adjo 13 min 29 s et Gbordzortor Evelyne 14 min 13 s.<\/p>\n<p><img decoding=\"async\" class=\"alignnone size-medium wp-image-16074\" src=\"https:\/\/228news.tg\/wp-content\/uploads\/2025\/04\/IMG-20250419-WA0107-300x225.jpg\" alt=\"\" width=\"300\" height=\"225\" srcset=\"https:\/\/228news.tg\/wp-content\/uploads\/2025\/04\/IMG-20250419-WA0107-300x225.jpg 300w, https:\/\/228news.tg\/wp-content\/uploads\/2025\/04\/IMG-20250419-WA0107-1024x768.jpg 1024w, https:\/\/228news.tg\/wp-content\/uploads\/2025\/04\/IMG-20250419-WA0107-768x576.jpg 768w, https:\/\/228news.tg\/wp-content\/uploads\/2025\/04\/IMG-20250419-WA0107.jpg 1040w\" sizes=\"(max-width: 300px) 100vw, 300px\" \/><\/p>\n<p>Pour le Maire , cette premi\u00e8re \u00e9dition est un succ\u00e8s. \u00ab Nous remercions tous les clubs sportifs qui ont pris part \u00e0 cette course de l\u2019ind\u00e9pendance plac\u00e9e sous le signe de la coh\u00e9sion sociale, de l\u2019unit\u00e9 et surtout de la paix. Cela a \u00e9t\u00e9 un succ\u00e8s avec l\u2019engouement et la convivialit\u00e9 qu\u2019on . \u00bb a-t-il d\u00e9clar\u00e9.<\/p>\n<p>Cette course vient enrichir le programme culturel et sportif entam\u00e9 depuis le 4 janvier 2025 dans ladite commune. Il conna\u00eetra son apoth\u00e9ose le 26 avril prochain, veille de l\u2019ind\u00e9pendance sur le terrain de Forever.<\/p>\n<p>&nbsp;<\/p>\n<p>&nbsp;<\/p>\n","protected":false},"excerpt":{"rendered":"<p>Les pr\u00e9paratifs pour la comm\u00e9moration du 65e anniversaire de l\u2019ind\u00e9pendance du Togo se poursuivent dans la commune Golfe 2. Une activit\u00e9 sportive d\u00e9nomm\u00e9e \u00ab Course de l\u2019ind\u00e9pendance \u00bb vient agr\u00e9menter les festivit\u00e9s samedi dans la commune. &nbsp; Elle a rassembl\u00e9 plusieurs cat\u00e9gories de personnes dont les autorit\u00e9s administratives et politiques, des d\u00e9l\u00e9gations de f\u00e9d\u00e9rations sportives &#8230; <a title=\"F\u00eate de l\u2019ind\u00e9pendance : Golfe 2 lance les festivit\u00e9s \u00e0 travers une course sportive\" class=\"read-more\" href=\"https:\/\/228news.tg\/index.php\/2025\/04\/20\/fete-de-lindependance-golfe-2-lance-les-festivites-a-travers-une-course-sportive\/\" aria-label=\"En savoir plus sur F\u00eate de l\u2019ind\u00e9pendance : Golfe 2 lance les festivit\u00e9s \u00e0 travers une course sportive\">Lire la suite<\/a><\/p>\n","protected":false},"author":2,"featured_media":16081,"comment_status":"open","ping_status":"open","sticky":false,"template":"","format":"standard","meta":{"footnotes":""},"categories":[29],"tags":[],"class_list":["post-16073","post","type-post","status-publish","format-standard","has-post-thumbnail","hentry","category-societe"],"yoast_head":"<!-- This site is optimized with the Yoast SEO plugin v26.4 - https:\/\/yoast.com\/wordpress\/plugins\/seo\/ -->\n<title>F\u00eate de l\u2019ind\u00e9pendance : Golfe 2 lance les festivit\u00e9s \u00e0 travers une course sportive - 228 News<\/title>\n<meta name=\"robots\" content=\"index, follow, max-snippet:-1, max-image-preview:large, max-video-preview:-1\" \/>\n<link rel=\"canonical\" href=\"https:\/\/228news.tg\/index.php\/2025\/04\/20\/fete-de-lindependance-golfe-2-lance-les-festivites-a-travers-une-course-sportive\/\" \/>\n<meta property=\"og:locale\" content=\"fr_FR\" \/>\n<meta property=\"og:type\" content=\"article\" \/>\n<meta property=\"og:title\" content=\"F\u00eate de l\u2019ind\u00e9pendance : Golfe 2 lance les festivit\u00e9s \u00e0 travers une course sportive - 228 News\" \/>\n<meta property=\"og:description\" content=\"Les pr\u00e9paratifs pour la comm\u00e9moration du 65e anniversaire de l\u2019ind\u00e9pendance du Togo se poursuivent dans la commune Golfe 2. Une activit\u00e9 sportive d\u00e9nomm\u00e9e \u00ab Course de l\u2019ind\u00e9pendance \u00bb vient agr\u00e9menter les festivit\u00e9s samedi dans la commune. &nbsp; Elle a rassembl\u00e9 plusieurs cat\u00e9gories de personnes dont les autorit\u00e9s administratives et politiques, des d\u00e9l\u00e9gations de f\u00e9d\u00e9rations sportives ... Lire la suite\" \/>\n<meta property=\"og:url\" content=\"https:\/\/228news.tg\/index.php\/2025\/04\/20\/fete-de-lindependance-golfe-2-lance-les-festivites-a-travers-une-course-sportive\/\" \/>\n<meta property=\"og:site_name\" content=\"228 News\" \/>\n<meta property=\"article:published_time\" content=\"2025-04-20T04:54:48+00:00\" \/>\n<meta property=\"og:image\" content=\"https:\/\/228news.tg\/wp-content\/uploads\/2025\/04\/IMG-20250419-WA0110.jpg\" \/>\n\t<meta property=\"og:image:width\" content=\"587\" \/>\n\t<meta property=\"og:image:height\" content=\"440\" \/>\n\t<meta property=\"og:image:type\" content=\"image\/jpeg\" \/>\n<meta name=\"author\" content=\"Bienvenu SAVI\" \/>\n<meta name=\"twitter:card\" content=\"summary_large_image\" \/>\n<meta name=\"twitter:label1\" content=\"\u00c9crit par\" \/>\n\t<meta name=\"twitter:data1\" content=\"Bienvenu SAVI\" \/>\n\t<meta name=\"twitter:label2\" content=\"Dur\u00e9e de lecture estim\u00e9e\" \/>\n\t<meta name=\"twitter:data2\" content=\"3 minutes\" \/>\n<script type=\"application\/ld+json\" class=\"yoast-schema-graph\">{\"@context\":\"https:\/\/schema.org\",\"@graph\":[{\"@type\":\"Article\",\"@id\":\"https:\/\/228news.tg\/index.php\/2025\/04\/20\/fete-de-lindependance-golfe-2-lance-les-festivites-a-travers-une-course-sportive\/#article\",\"isPartOf\":{\"@id\":\"https:\/\/228news.tg\/index.php\/2025\/04\/20\/fete-de-lindependance-golfe-2-lance-les-festivites-a-travers-une-course-sportive\/\"},\"author\":{\"name\":\"Bienvenu SAVI\",\"@id\":\"https:\/\/228news.tg\/#\/schema\/person\/68d5a6cc0230290e61235c8379523f52\"},\"headline\":\"F\u00eate de l\u2019ind\u00e9pendance : Golfe 2 lance les festivit\u00e9s \u00e0 travers une course sportive\",\"datePublished\":\"2025-04-20T04:54:48+00:00\",\"mainEntityOfPage\":{\"@id\":\"https:\/\/228news.tg\/index.php\/2025\/04\/20\/fete-de-lindependance-golfe-2-lance-les-festivites-a-travers-une-course-sportive\/\"},\"wordCount\":336,\"commentCount\":0,\"publisher\":{\"@id\":\"https:\/\/228news.tg\/#organization\"},\"image\":{\"@id\":\"https:\/\/228news.tg\/index.php\/2025\/04\/20\/fete-de-lindependance-golfe-2-lance-les-festivites-a-travers-une-course-sportive\/#primaryimage\"},\"thumbnailUrl\":\"https:\/\/228news.tg\/wp-content\/uploads\/2025\/04\/IMG-20250419-WA0110.jpg\",\"articleSection\":[\"SOCIETE\"],\"inLanguage\":\"fr-FR\",\"potentialAction\":[{\"@type\":\"CommentAction\",\"name\":\"Comment\",\"target\":[\"https:\/\/228news.tg\/index.php\/2025\/04\/20\/fete-de-lindependance-golfe-2-lance-les-festivites-a-travers-une-course-sportive\/#respond\"]}]},{\"@type\":\"WebPage\",\"@id\":\"https:\/\/228news.tg\/index.php\/2025\/04\/20\/fete-de-lindependance-golfe-2-lance-les-festivites-a-travers-une-course-sportive\/\",\"url\":\"https:\/\/228news.tg\/index.php\/2025\/04\/20\/fete-de-lindependance-golfe-2-lance-les-festivites-a-travers-une-course-sportive\/\",\"name\":\"F\u00eate de l\u2019ind\u00e9pendance : Golfe 2 lance les festivit\u00e9s \u00e0 travers une course sportive - 228 News\",\"isPartOf\":{\"@id\":\"https:\/\/228news.tg\/#website\"},\"primaryImageOfPage\":{\"@id\":\"https:\/\/228news.tg\/index.php\/2025\/04\/20\/fete-de-lindependance-golfe-2-lance-les-festivites-a-travers-une-course-sportive\/#primaryimage\"},\"image\":{\"@id\":\"https:\/\/228news.tg\/index.php\/2025\/04\/20\/fete-de-lindependance-golfe-2-lance-les-festivites-a-travers-une-course-sportive\/#primaryimage\"},\"thumbnailUrl\":\"https:\/\/228news.tg\/wp-content\/uploads\/2025\/04\/IMG-20250419-WA0110.jpg\",\"datePublished\":\"2025-04-20T04:54:48+00:00\",\"breadcrumb\":{\"@id\":\"https:\/\/228news.tg\/index.php\/2025\/04\/20\/fete-de-lindependance-golfe-2-lance-les-festivites-a-travers-une-course-sportive\/#breadcrumb\"},\"inLanguage\":\"fr-FR\",\"potentialAction\":[{\"@type\":\"ReadAction\",\"target\":[\"https:\/\/228news.tg\/index.php\/2025\/04\/20\/fete-de-lindependance-golfe-2-lance-les-festivites-a-travers-une-course-sportive\/\"]}]},{\"@type\":\"ImageObject\",\"inLanguage\":\"fr-FR\",\"@id\":\"https:\/\/228news.tg\/index.php\/2025\/04\/20\/fete-de-lindependance-golfe-2-lance-les-festivites-a-travers-une-course-sportive\/#primaryimage\",\"url\":\"https:\/\/228news.tg\/wp-content\/uploads\/2025\/04\/IMG-20250419-WA0110.jpg\",\"contentUrl\":\"https:\/\/228news.tg\/wp-content\/uploads\/2025\/04\/IMG-20250419-WA0110.jpg\",\"width\":587,\"height\":440},{\"@type\":\"BreadcrumbList\",\"@id\":\"https:\/\/228news.tg\/index.php\/2025\/04\/20\/fete-de-lindependance-golfe-2-lance-les-festivites-a-travers-une-course-sportive\/#breadcrumb\",\"itemListElement\":[{\"@type\":\"ListItem\",\"position\":1,\"name\":\"Home\",\"item\":\"https:\/\/228news.tg\/\"},{\"@type\":\"ListItem\",\"position\":2,\"name\":\"F\u00eate de l\u2019ind\u00e9pendance : Golfe 2 lance les festivit\u00e9s \u00e0 travers une course sportive\"}]},{\"@type\":\"WebSite\",\"@id\":\"https:\/\/228news.tg\/#website\",\"url\":\"https:\/\/228news.tg\/\",\"name\":\"228 News\",\"description\":\"Soci\u00e9t\u00e9 de m\u00e9dias et d\u2019actualit\u00e9s\",\"publisher\":{\"@id\":\"https:\/\/228news.tg\/#organization\"},\"potentialAction\":[{\"@type\":\"SearchAction\",\"target\":{\"@type\":\"EntryPoint\",\"urlTemplate\":\"https:\/\/228news.tg\/?s={search_term_string}\"},\"query-input\":{\"@type\":\"PropertyValueSpecification\",\"valueRequired\":true,\"valueName\":\"search_term_string\"}}],\"inLanguage\":\"fr-FR\"},{\"@type\":\"Organization\",\"@id\":\"https:\/\/228news.tg\/#organization\",\"name\":\"228 News\",\"url\":\"https:\/\/228news.tg\/\",\"logo\":{\"@type\":\"ImageObject\",\"inLanguage\":\"fr-FR\",\"@id\":\"https:\/\/228news.tg\/#\/schema\/logo\/image\/\",\"url\":\"https:\/\/228news.tg\/wp-content\/uploads\/2024\/09\/logonew.png\",\"contentUrl\":\"https:\/\/228news.tg\/wp-content\/uploads\/2024\/09\/logonew.png\",\"width\":1640,\"height\":364,\"caption\":\"228 News\"},\"image\":{\"@id\":\"https:\/\/228news.tg\/#\/schema\/logo\/image\/\"}},{\"@type\":\"Person\",\"@id\":\"https:\/\/228news.tg\/#\/schema\/person\/68d5a6cc0230290e61235c8379523f52\",\"name\":\"Bienvenu SAVI\",\"image\":{\"@type\":\"ImageObject\",\"inLanguage\":\"fr-FR\",\"@id\":\"https:\/\/228news.tg\/#\/schema\/person\/image\/\",\"url\":\"https:\/\/secure.gravatar.com\/avatar\/9db91895c559e510509c33a3e9683998458e9b828fac36d5d1aa23f0f2fd369b?s=96&d=mm&r=g\",\"contentUrl\":\"https:\/\/secure.gravatar.com\/avatar\/9db91895c559e510509c33a3e9683998458e9b828fac36d5d1aa23f0f2fd369b?s=96&d=mm&r=g\",\"caption\":\"Bienvenu SAVI\"},\"url\":\"https:\/\/228news.tg\/index.php\/author\/bienvenu\/\"}]}<\/script>\n<!-- \/ Yoast SEO plugin. -->","yoast_head_json":{"title":"F\u00eate de l\u2019ind\u00e9pendance : Golfe 2 lance les festivit\u00e9s \u00e0 travers une course sportive - 228 News","robots":{"index":"index","follow":"follow","max-snippet":"max-snippet:-1","max-image-preview":"max-image-preview:large","max-video-preview":"max-video-preview:-1"},"canonical":"https:\/\/228news.tg\/index.php\/2025\/04\/20\/fete-de-lindependance-golfe-2-lance-les-festivites-a-travers-une-course-sportive\/","og_locale":"fr_FR","og_type":"article","og_title":"F\u00eate de l\u2019ind\u00e9pendance : Golfe 2 lance les festivit\u00e9s \u00e0 travers une course sportive - 228 News","og_description":"Les pr\u00e9paratifs pour la comm\u00e9moration du 65e anniversaire de l\u2019ind\u00e9pendance du Togo se poursuivent dans la commune Golfe 2. Une activit\u00e9 sportive d\u00e9nomm\u00e9e \u00ab Course de l\u2019ind\u00e9pendance \u00bb vient agr\u00e9menter les festivit\u00e9s samedi dans la commune. &nbsp; Elle a rassembl\u00e9 plusieurs cat\u00e9gories de personnes dont les autorit\u00e9s administratives et politiques, des d\u00e9l\u00e9gations de f\u00e9d\u00e9rations sportives ... Lire la suite","og_url":"https:\/\/228news.tg\/index.php\/2025\/04\/20\/fete-de-lindependance-golfe-2-lance-les-festivites-a-travers-une-course-sportive\/","og_site_name":"228 News","article_published_time":"2025-04-20T04:54:48+00:00","og_image":[{"width":587,"height":440,"url":"https:\/\/228news.tg\/wp-content\/uploads\/2025\/04\/IMG-20250419-WA0110.jpg","type":"image\/jpeg"}],"author":"Bienvenu SAVI","twitter_card":"summary_large_image","twitter_misc":{"\u00c9crit par":"Bienvenu SAVI","Dur\u00e9e de lecture estim\u00e9e":"3 minutes"},"schema":{"@context":"https:\/\/schema.org","@graph":[{"@type":"Article","@id":"https:\/\/228news.tg\/index.php\/2025\/04\/20\/fete-de-lindependance-golfe-2-lance-les-festivites-a-travers-une-course-sportive\/#article","isPartOf":{"@id":"https:\/\/228news.tg\/index.php\/2025\/04\/20\/fete-de-lindependance-golfe-2-lance-les-festivites-a-travers-une-course-sportive\/"},"author":{"name":"Bienvenu SAVI","@id":"https:\/\/228news.tg\/#\/schema\/person\/68d5a6cc0230290e61235c8379523f52"},"headline":"F\u00eate de l\u2019ind\u00e9pendance : Golfe 2 lance les festivit\u00e9s \u00e0 travers une course sportive","datePublished":"2025-04-20T04:54:48+00:00","mainEntityOfPage":{"@id":"https:\/\/228news.tg\/index.php\/2025\/04\/20\/fete-de-lindependance-golfe-2-lance-les-festivites-a-travers-une-course-sportive\/"},"wordCount":336,"commentCount":0,"publisher":{"@id":"https:\/\/228news.tg\/#organization"},"image":{"@id":"https:\/\/228news.tg\/index.php\/2025\/04\/20\/fete-de-lindependance-golfe-2-lance-les-festivites-a-travers-une-course-sportive\/#primaryimage"},"thumbnailUrl":"https:\/\/228news.tg\/wp-content\/uploads\/2025\/04\/IMG-20250419-WA0110.jpg","articleSection":["SOCIETE"],"inLanguage":"fr-FR","potentialAction":[{"@type":"CommentAction","name":"Comment","target":["https:\/\/228news.tg\/index.php\/2025\/04\/20\/fete-de-lindependance-golfe-2-lance-les-festivites-a-travers-une-course-sportive\/#respond"]}]},{"@type":"WebPage","@id":"https:\/\/228news.tg\/index.php\/2025\/04\/20\/fete-de-lindependance-golfe-2-lance-les-festivites-a-travers-une-course-sportive\/","url":"https:\/\/228news.tg\/index.php\/2025\/04\/20\/fete-de-lindependance-golfe-2-lance-les-festivites-a-travers-une-course-sportive\/","name":"F\u00eate de l\u2019ind\u00e9pendance : Golfe 2 lance les festivit\u00e9s \u00e0 travers une course sportive - 228 News","isPartOf":{"@id":"https:\/\/228news.tg\/#website"},"primaryImageOfPage":{"@id":"https:\/\/228news.tg\/index.php\/2025\/04\/20\/fete-de-lindependance-golfe-2-lance-les-festivites-a-travers-une-course-sportive\/#primaryimage"},"image":{"@id":"https:\/\/228news.tg\/index.php\/2025\/04\/20\/fete-de-lindependance-golfe-2-lance-les-festivites-a-travers-une-course-sportive\/#primaryimage"},"thumbnailUrl":"https:\/\/228news.tg\/wp-content\/uploads\/2025\/04\/IMG-20250419-WA0110.jpg","datePublished":"2025-04-20T04:54:48+00:00","breadcrumb":{"@id":"https:\/\/228news.tg\/index.php\/2025\/04\/20\/fete-de-lindependance-golfe-2-lance-les-festivites-a-travers-une-course-sportive\/#breadcrumb"},"inLanguage":"fr-FR","potentialAction":[{"@type":"ReadAction","target":["https:\/\/228news.tg\/index.php\/2025\/04\/20\/fete-de-lindependance-golfe-2-lance-les-festivites-a-travers-une-course-sportive\/"]}]},{"@type":"ImageObject","inLanguage":"fr-FR","@id":"https:\/\/228news.tg\/index.php\/2025\/04\/20\/fete-de-lindependance-golfe-2-lance-les-festivites-a-travers-une-course-sportive\/#primaryimage","url":"https:\/\/228news.tg\/wp-content\/uploads\/2025\/04\/IMG-20250419-WA0110.jpg","contentUrl":"https:\/\/228news.tg\/wp-content\/uploads\/2025\/04\/IMG-20250419-WA0110.jpg","width":587,"height":440},{"@type":"BreadcrumbList","@id":"https:\/\/228news.tg\/index.php\/2025\/04\/20\/fete-de-lindependance-golfe-2-lance-les-festivites-a-travers-une-course-sportive\/#breadcrumb","itemListElement":[{"@type":"ListItem","position":1,"name":"Home","item":"https:\/\/228news.tg\/"},{"@type":"ListItem","position":2,"name":"F\u00eate de l\u2019ind\u00e9pendance : Golfe 2 lance les festivit\u00e9s \u00e0 travers une course sportive"}]},{"@type":"WebSite","@id":"https:\/\/228news.tg\/#website","url":"https:\/\/228news.tg\/","name":"228 News","description":"Soci\u00e9t\u00e9 de m\u00e9dias et d\u2019actualit\u00e9s","publisher":{"@id":"https:\/\/228news.tg\/#organization"},"potentialAction":[{"@type":"SearchAction","target":{"@type":"EntryPoint","urlTemplate":"https:\/\/228news.tg\/?s={search_term_string}"},"query-input":{"@type":"PropertyValueSpecification","valueRequired":true,"valueName":"search_term_string"}}],"inLanguage":"fr-FR"},{"@type":"Organization","@id":"https:\/\/228news.tg\/#organization","name":"228 News","url":"https:\/\/228news.tg\/","logo":{"@type":"ImageObject","inLanguage":"fr-FR","@id":"https:\/\/228news.tg\/#\/schema\/logo\/image\/","url":"https:\/\/228news.tg\/wp-content\/uploads\/2024\/09\/logonew.png","contentUrl":"https:\/\/228news.tg\/wp-content\/uploads\/2024\/09\/logonew.png","width":1640,"height":364,"caption":"228 News"},"image":{"@id":"https:\/\/228news.tg\/#\/schema\/logo\/image\/"}},{"@type":"Person","@id":"https:\/\/228news.tg\/#\/schema\/person\/68d5a6cc0230290e61235c8379523f52","name":"Bienvenu SAVI","image":{"@type":"ImageObject","inLanguage":"fr-FR","@id":"https:\/\/228news.tg\/#\/schema\/person\/image\/","url":"https:\/\/secure.gravatar.com\/avatar\/9db91895c559e510509c33a3e9683998458e9b828fac36d5d1aa23f0f2fd369b?s=96&d=mm&r=g","contentUrl":"https:\/\/secure.gravatar.com\/avatar\/9db91895c559e510509c33a3e9683998458e9b828fac36d5d1aa23f0f2fd369b?s=96&d=mm&r=g","caption":"Bienvenu SAVI"},"url":"https:\/\/228news.tg\/index.php\/author\/bienvenu\/"}]}},"jetpack_featured_media_url":"https:\/\/228news.tg\/wp-content\/uploads\/2025\/04\/IMG-20250419-WA0110.jpg","_links":{"self":[{"href":"https:\/\/228news.tg\/index.php\/wp-json\/wp\/v2\/posts\/16073","targetHints":{"allow":["GET"]}}],"collection":[{"href":"https:\/\/228news.tg\/index.php\/wp-json\/wp\/v2\/posts"}],"about":[{"href":"https:\/\/228news.tg\/index.php\/wp-json\/wp\/v2\/types\/post"}],"author":[{"embeddable":true,"href":"https:\/\/228news.tg\/index.php\/wp-json\/wp\/v2\/users\/2"}],"replies":[{"embeddable":true,"href":"https:\/\/228news.tg\/index.php\/wp-json\/wp\/v2\/comments?post=16073"}],"version-history":[{"count":1,"href":"https:\/\/228news.tg\/index.php\/wp-json\/wp\/v2\/posts\/16073\/revisions"}],"predecessor-version":[{"id":16082,"href":"https:\/\/228news.tg\/index.php\/wp-json\/wp\/v2\/posts\/16073\/revisions\/16082"}],"wp:featuredmedia":[{"embeddable":true,"href":"https:\/\/228news.tg\/index.php\/wp-json\/wp\/v2\/media\/16081"}],"wp:attachment":[{"href":"https:\/\/228news.tg\/index.php\/wp-json\/wp\/v2\/media?parent=16073"}],"wp:term":[{"taxonomy":"category","embeddable":true,"href":"https:\/\/228news.tg\/index.php\/wp-json\/wp\/v2\/categories?post=16073"},{"taxonomy":"post_tag","embeddable":true,"href":"https:\/\/228news.tg\/index.php\/wp-json\/wp\/v2\/tags?post=16073"}],"curies":[{"name":"wp","href":"https:\/\/api.w.org\/{rel}","templated":true}]}}