{"id":16026,"date":"2025-04-05T06:02:11","date_gmt":"2025-04-05T06:02:11","guid":{"rendered":"https:\/\/228news.tg\/?p=16026"},"modified":"2025-04-05T06:03:09","modified_gmt":"2025-04-05T06:03:09","slug":"elections-municipales-addi-lanc-et-unir-annoncent-les-couleurs-avec-de-nouveaux-representants-dans-les-celi","status":"publish","type":"post","link":"https:\/\/228news.tg\/index.php\/2025\/04\/05\/elections-municipales-addi-lanc-et-unir-annoncent-les-couleurs-avec-de-nouveaux-representants-dans-les-celi\/","title":{"rendered":"Elections municipales : ADDI, l\u2019ANC et UNIR annoncent les couleurs avec de nouveaux repr\u00e9sentants dans les CELI"},"content":{"rendered":"<p>Trois partis politiques, dont deux (02) de l\u2019opposition , annoncent d\u00e9j\u00e0 les couleurs pour les prochaines \u00e9lections municipales. L&rsquo;Alliance Nationale pour le Changement (ANC), l&rsquo;Union pour la R\u00e9publique (UNIR) et l&rsquo;Alliance des D\u00e9mocrates pour le D\u00e9veloppement Int\u00e9gral (ADDI) ont proc\u00e9d\u00e9 au renouvellement de leurs repr\u00e9sentants dans plusieurs Commissions \u00c9lectorales Locales Ind\u00e9pendantes (CELI).<\/p>\n<p>La liste des nouveaux repr\u00e9sentants a \u00e9t\u00e9 communiqu\u00e9e le mardi 1er avril 2025 par la Commission \u00c9lectorale Nationale Ind\u00e9pendante (CENI). Dago YABR\u00c9, pr\u00e9sident de la CENI a d\u00e9voil\u00e9 les noms des nouvelles figures.<\/p>\n<p>Voici la liste des nouveaux repr\u00e9sentants des CELI par parti :<\/p>\n<p>Union pour la R\u00e9publique (UNIR)<\/p>\n<p>Kouma\u00ef ZIGBEZIA : Rapporteur de la CELI de Kozah 3 et 4, en remplacement d&rsquo;Abid\u00e9 D\u00e9ougoma WALLAR.<\/p>\n<p>Massabalo BOKONAKE : Membre de la CELI de Tchaoudjo 1-2, en remplacement de Joseph ESSOLAKINA.<\/p>\n<p>Tewf\u00e9ma TCHANGAI : Membre de la CELI de Golfe 2, en remplacement de Hezouwe KADITCHE.<\/p>\n<p>Badabiz M. ESSOKASSI : Membre de la CELI de Golfe 6, en remplacement de Kokou AMENYINOU.<\/p>\n<p>Messan Yawovi AKAKPO : Membre de la CELI de Golfe 6, en remplacement de Kodjo ASSIGNON.<\/p>\n<p>Massamaesso KABISSA : Membre de la CELI de Golfe 7, en remplacement de Y\u00e9l\u00e9modom BOYODA.<\/p>\n<p>Alliance Nationale pour le Changement (ANC)<\/p>\n<p>Nadandja NATCHEBATE : Membre de la CELI de Kpendjal, en remplacement de Kanlanfei SANWOGOU.<\/p>\n<p>Sahidou KERIM : Membre de la CELI de Tchaoudjo 1-2.<\/p>\n<p>Yao FAMBO : Membre de la CELI d&rsquo;Ogou 1-4.<\/p>\n<p>Mawoule Jean GAVO : Membre de la CELI de Haho 1-2.<\/p>\n<p>Komla DJOSSOU : Membre de la CELI de Kloto.<\/p>\n<p>Koffi Fofo AGBEMEFOULE : Membre de la CELI d&rsquo;Ak\u00e9bou, en remplacement de Kodjovi MENOU.<\/p>\n<p>Teko David ANOUMOU : Membre de la CELI de Lacs 1-3, en remplacement de H. Val\u00e8re ADJIGNON.<\/p>\n<p>Kodjo AFOUTOU : Membre de la CELI de Bas-Mono, en remplacement de Koffi ABALO.<\/p>\n<p>Koffivi Sopenou ADAKANOU : Membre de la CELI de Vo 1-3.<\/p>\n<p>Messan Kodjo MONDJI : Membre de la CELI d&rsquo;Ago\u00e9-Nyiv\u00e9 1.<\/p>\n<p>Amewouga KOUTREMON : Membre de la CELI de Golfe 1.<\/p>\n<p>Ayikoe TCHEKOUVI : Membre de la CELI de Golfe 2, en remplacement de Koffi Dola SASSOU.<\/p>\n<p>Kodzo Sename APENYOWOU : Membre de la CELI de Golfe 5, en remplacement de Yaovi MAWUENA.<\/p>\n<p>Kodjo AMEGBLENKE : Membre de la CELI de Golfe 6, en remplacement de Koku Dodzi EDOH.<\/p>\n<p>Alliance des D\u00e9mocrates pour le D\u00e9veloppement Int\u00e9gral (ADDI)<\/p>\n<p>Morou GNANDI : Membre de la CELI de Bassar 2-3-4, en remplacement de Magnim KARABOUA.<\/p>\n<p>Kouyoli DJERI : Membre de la CELI de Bassar 1, en remplacement de Kanl\u00e9k\u00e9 WADJA.<\/p>\n<p>Ce renouvellement des repr\u00e9sentants marque le d\u00e9but des pr\u00e9paratifs pour les prochaines \u00e9lections municipales, qui seront les deuxi\u00e8mes du genre au Togo apr\u00e8s celles de 2019.<\/p>\n<p>El bicho<\/p>\n<p>&nbsp;<\/p>\n<p>&nbsp;<\/p>\n<p>&nbsp;<\/p>\n<p>&nbsp;<\/p>\n<p>&nbsp;<\/p>\n<p>&nbsp;<\/p>\n<p>&nbsp;<\/p>\n<p>&nbsp;<\/p>\n<p>&nbsp;<\/p>\n<p>&nbsp;<\/p>\n<p>&nbsp;<\/p>\n<p>&nbsp;<\/p>\n<p>&nbsp;<\/p>\n<p>&nbsp;<\/p>\n<p>&nbsp;<\/p>\n<p>&nbsp;<\/p>\n<p>&nbsp;<\/p>\n<p>&nbsp;<\/p>\n<p>&nbsp;<\/p>\n<p>&nbsp;<\/p>\n<p>&nbsp;<\/p>\n<p>&nbsp;<\/p>\n<p>&nbsp;<\/p>\n<p>&nbsp;<\/p>\n<p>&nbsp;<\/p>\n<p>&nbsp;<\/p>\n<p>&nbsp;<\/p>\n<p>&nbsp;<\/p>\n<p>&nbsp;<\/p>\n<p>&nbsp;<\/p>\n<p>&nbsp;<\/p>\n<p>&nbsp;<\/p>\n<p>&nbsp;<\/p>\n<p>&nbsp;<\/p>\n<p>&nbsp;<\/p>\n<p>&nbsp;<\/p>\n","protected":false},"excerpt":{"rendered":"<p>Trois partis politiques, dont deux (02) de l\u2019opposition , annoncent d\u00e9j\u00e0 les couleurs pour les prochaines \u00e9lections municipales. L&rsquo;Alliance Nationale pour le Changement (ANC), l&rsquo;Union pour la R\u00e9publique (UNIR) et l&rsquo;Alliance des D\u00e9mocrates pour le D\u00e9veloppement Int\u00e9gral (ADDI) ont proc\u00e9d\u00e9 au renouvellement de leurs repr\u00e9sentants dans plusieurs Commissions \u00c9lectorales Locales Ind\u00e9pendantes (CELI). La liste des &#8230; <a title=\"Elections municipales : ADDI, l\u2019ANC et UNIR annoncent les couleurs avec de nouveaux repr\u00e9sentants dans les CELI\" class=\"read-more\" href=\"https:\/\/228news.tg\/index.php\/2025\/04\/05\/elections-municipales-addi-lanc-et-unir-annoncent-les-couleurs-avec-de-nouveaux-representants-dans-les-celi\/\" aria-label=\"En savoir plus sur Elections municipales : ADDI, l\u2019ANC et UNIR annoncent les couleurs avec de nouveaux repr\u00e9sentants dans les CELI\">Lire la suite<\/a><\/p>\n","protected":false},"author":2,"featured_media":16027,"comment_status":"open","ping_status":"open","sticky":false,"template":"","format":"standard","meta":{"footnotes":""},"categories":[33,25],"tags":[],"class_list":["post-16026","post","type-post","status-publish","format-standard","has-post-thumbnail","hentry","category-politique","category-togo"],"yoast_head":"<!-- This site is optimized with the Yoast SEO plugin v26.4 - https:\/\/yoast.com\/wordpress\/plugins\/seo\/ -->\n<title>Elections municipales : ADDI, l\u2019ANC et UNIR annoncent les couleurs avec de nouveaux repr\u00e9sentants dans les CELI - 228 News<\/title>\n<meta name=\"robots\" content=\"index, follow, max-snippet:-1, max-image-preview:large, max-video-preview:-1\" \/>\n<link rel=\"canonical\" href=\"https:\/\/228news.tg\/index.php\/2025\/04\/05\/elections-municipales-addi-lanc-et-unir-annoncent-les-couleurs-avec-de-nouveaux-representants-dans-les-celi\/\" \/>\n<meta property=\"og:locale\" content=\"fr_FR\" \/>\n<meta property=\"og:type\" content=\"article\" \/>\n<meta property=\"og:title\" content=\"Elections municipales : ADDI, l\u2019ANC et UNIR annoncent les couleurs avec de nouveaux repr\u00e9sentants dans les CELI - 228 News\" \/>\n<meta property=\"og:description\" content=\"Trois partis politiques, dont deux (02) de l\u2019opposition , annoncent d\u00e9j\u00e0 les couleurs pour les prochaines \u00e9lections municipales. L&rsquo;Alliance Nationale pour le Changement (ANC), l&rsquo;Union pour la R\u00e9publique (UNIR) et l&rsquo;Alliance des D\u00e9mocrates pour le D\u00e9veloppement Int\u00e9gral (ADDI) ont proc\u00e9d\u00e9 au renouvellement de leurs repr\u00e9sentants dans plusieurs Commissions \u00c9lectorales Locales Ind\u00e9pendantes (CELI). La liste des ... Lire la suite\" \/>\n<meta property=\"og:url\" content=\"https:\/\/228news.tg\/index.php\/2025\/04\/05\/elections-municipales-addi-lanc-et-unir-annoncent-les-couleurs-avec-de-nouveaux-representants-dans-les-celi\/\" \/>\n<meta property=\"og:site_name\" content=\"228 News\" \/>\n<meta property=\"article:published_time\" content=\"2025-04-05T06:02:11+00:00\" \/>\n<meta property=\"article:modified_time\" content=\"2025-04-05T06:03:09+00:00\" \/>\n<meta property=\"og:image\" content=\"https:\/\/228news.tg\/wp-content\/uploads\/2025\/04\/IMG-20250403-WA0165.jpg\" \/>\n\t<meta property=\"og:image:width\" content=\"1500\" \/>\n\t<meta property=\"og:image:height\" content=\"700\" \/>\n\t<meta property=\"og:image:type\" content=\"image\/jpeg\" \/>\n<meta name=\"author\" content=\"Bienvenu SAVI\" \/>\n<meta name=\"twitter:card\" content=\"summary_large_image\" \/>\n<meta name=\"twitter:label1\" content=\"\u00c9crit par\" \/>\n\t<meta name=\"twitter:data1\" content=\"Bienvenu SAVI\" \/>\n\t<meta name=\"twitter:label2\" content=\"Dur\u00e9e de lecture estim\u00e9e\" \/>\n\t<meta name=\"twitter:data2\" content=\"3 minutes\" \/>\n<script type=\"application\/ld+json\" class=\"yoast-schema-graph\">{\"@context\":\"https:\/\/schema.org\",\"@graph\":[{\"@type\":\"Article\",\"@id\":\"https:\/\/228news.tg\/index.php\/2025\/04\/05\/elections-municipales-addi-lanc-et-unir-annoncent-les-couleurs-avec-de-nouveaux-representants-dans-les-celi\/#article\",\"isPartOf\":{\"@id\":\"https:\/\/228news.tg\/index.php\/2025\/04\/05\/elections-municipales-addi-lanc-et-unir-annoncent-les-couleurs-avec-de-nouveaux-representants-dans-les-celi\/\"},\"author\":{\"name\":\"Bienvenu SAVI\",\"@id\":\"https:\/\/228news.tg\/#\/schema\/person\/68d5a6cc0230290e61235c8379523f52\"},\"headline\":\"Elections municipales : ADDI, l\u2019ANC et UNIR annoncent les couleurs avec de nouveaux repr\u00e9sentants dans les CELI\",\"datePublished\":\"2025-04-05T06:02:11+00:00\",\"dateModified\":\"2025-04-05T06:03:09+00:00\",\"mainEntityOfPage\":{\"@id\":\"https:\/\/228news.tg\/index.php\/2025\/04\/05\/elections-municipales-addi-lanc-et-unir-annoncent-les-couleurs-avec-de-nouveaux-representants-dans-les-celi\/\"},\"wordCount\":499,\"commentCount\":0,\"publisher\":{\"@id\":\"https:\/\/228news.tg\/#organization\"},\"image\":{\"@id\":\"https:\/\/228news.tg\/index.php\/2025\/04\/05\/elections-municipales-addi-lanc-et-unir-annoncent-les-couleurs-avec-de-nouveaux-representants-dans-les-celi\/#primaryimage\"},\"thumbnailUrl\":\"https:\/\/228news.tg\/wp-content\/uploads\/2025\/04\/IMG-20250403-WA0165.jpg\",\"articleSection\":[\"POLITIQUE\",\"TOGO\"],\"inLanguage\":\"fr-FR\",\"potentialAction\":[{\"@type\":\"CommentAction\",\"name\":\"Comment\",\"target\":[\"https:\/\/228news.tg\/index.php\/2025\/04\/05\/elections-municipales-addi-lanc-et-unir-annoncent-les-couleurs-avec-de-nouveaux-representants-dans-les-celi\/#respond\"]}]},{\"@type\":\"WebPage\",\"@id\":\"https:\/\/228news.tg\/index.php\/2025\/04\/05\/elections-municipales-addi-lanc-et-unir-annoncent-les-couleurs-avec-de-nouveaux-representants-dans-les-celi\/\",\"url\":\"https:\/\/228news.tg\/index.php\/2025\/04\/05\/elections-municipales-addi-lanc-et-unir-annoncent-les-couleurs-avec-de-nouveaux-representants-dans-les-celi\/\",\"name\":\"Elections municipales : ADDI, l\u2019ANC et UNIR annoncent les couleurs avec de nouveaux repr\u00e9sentants dans les CELI - 228 News\",\"isPartOf\":{\"@id\":\"https:\/\/228news.tg\/#website\"},\"primaryImageOfPage\":{\"@id\":\"https:\/\/228news.tg\/index.php\/2025\/04\/05\/elections-municipales-addi-lanc-et-unir-annoncent-les-couleurs-avec-de-nouveaux-representants-dans-les-celi\/#primaryimage\"},\"image\":{\"@id\":\"https:\/\/228news.tg\/index.php\/2025\/04\/05\/elections-municipales-addi-lanc-et-unir-annoncent-les-couleurs-avec-de-nouveaux-representants-dans-les-celi\/#primaryimage\"},\"thumbnailUrl\":\"https:\/\/228news.tg\/wp-content\/uploads\/2025\/04\/IMG-20250403-WA0165.jpg\",\"datePublished\":\"2025-04-05T06:02:11+00:00\",\"dateModified\":\"2025-04-05T06:03:09+00:00\",\"breadcrumb\":{\"@id\":\"https:\/\/228news.tg\/index.php\/2025\/04\/05\/elections-municipales-addi-lanc-et-unir-annoncent-les-couleurs-avec-de-nouveaux-representants-dans-les-celi\/#breadcrumb\"},\"inLanguage\":\"fr-FR\",\"potentialAction\":[{\"@type\":\"ReadAction\",\"target\":[\"https:\/\/228news.tg\/index.php\/2025\/04\/05\/elections-municipales-addi-lanc-et-unir-annoncent-les-couleurs-avec-de-nouveaux-representants-dans-les-celi\/\"]}]},{\"@type\":\"ImageObject\",\"inLanguage\":\"fr-FR\",\"@id\":\"https:\/\/228news.tg\/index.php\/2025\/04\/05\/elections-municipales-addi-lanc-et-unir-annoncent-les-couleurs-avec-de-nouveaux-representants-dans-les-celi\/#primaryimage\",\"url\":\"https:\/\/228news.tg\/wp-content\/uploads\/2025\/04\/IMG-20250403-WA0165.jpg\",\"contentUrl\":\"https:\/\/228news.tg\/wp-content\/uploads\/2025\/04\/IMG-20250403-WA0165.jpg\",\"width\":1500,\"height\":700},{\"@type\":\"BreadcrumbList\",\"@id\":\"https:\/\/228news.tg\/index.php\/2025\/04\/05\/elections-municipales-addi-lanc-et-unir-annoncent-les-couleurs-avec-de-nouveaux-representants-dans-les-celi\/#breadcrumb\",\"itemListElement\":[{\"@type\":\"ListItem\",\"position\":1,\"name\":\"Home\",\"item\":\"https:\/\/228news.tg\/\"},{\"@type\":\"ListItem\",\"position\":2,\"name\":\"Elections municipales : ADDI, l\u2019ANC et UNIR annoncent les couleurs avec de nouveaux repr\u00e9sentants dans les CELI\"}]},{\"@type\":\"WebSite\",\"@id\":\"https:\/\/228news.tg\/#website\",\"url\":\"https:\/\/228news.tg\/\",\"name\":\"228 News\",\"description\":\"Soci\u00e9t\u00e9 de m\u00e9dias et d\u2019actualit\u00e9s\",\"publisher\":{\"@id\":\"https:\/\/228news.tg\/#organization\"},\"potentialAction\":[{\"@type\":\"SearchAction\",\"target\":{\"@type\":\"EntryPoint\",\"urlTemplate\":\"https:\/\/228news.tg\/?s={search_term_string}\"},\"query-input\":{\"@type\":\"PropertyValueSpecification\",\"valueRequired\":true,\"valueName\":\"search_term_string\"}}],\"inLanguage\":\"fr-FR\"},{\"@type\":\"Organization\",\"@id\":\"https:\/\/228news.tg\/#organization\",\"name\":\"228 News\",\"url\":\"https:\/\/228news.tg\/\",\"logo\":{\"@type\":\"ImageObject\",\"inLanguage\":\"fr-FR\",\"@id\":\"https:\/\/228news.tg\/#\/schema\/logo\/image\/\",\"url\":\"https:\/\/228news.tg\/wp-content\/uploads\/2024\/09\/logonew.png\",\"contentUrl\":\"https:\/\/228news.tg\/wp-content\/uploads\/2024\/09\/logonew.png\",\"width\":1640,\"height\":364,\"caption\":\"228 News\"},\"image\":{\"@id\":\"https:\/\/228news.tg\/#\/schema\/logo\/image\/\"}},{\"@type\":\"Person\",\"@id\":\"https:\/\/228news.tg\/#\/schema\/person\/68d5a6cc0230290e61235c8379523f52\",\"name\":\"Bienvenu SAVI\",\"image\":{\"@type\":\"ImageObject\",\"inLanguage\":\"fr-FR\",\"@id\":\"https:\/\/228news.tg\/#\/schema\/person\/image\/\",\"url\":\"https:\/\/secure.gravatar.com\/avatar\/9db91895c559e510509c33a3e9683998458e9b828fac36d5d1aa23f0f2fd369b?s=96&d=mm&r=g\",\"contentUrl\":\"https:\/\/secure.gravatar.com\/avatar\/9db91895c559e510509c33a3e9683998458e9b828fac36d5d1aa23f0f2fd369b?s=96&d=mm&r=g\",\"caption\":\"Bienvenu SAVI\"},\"url\":\"https:\/\/228news.tg\/index.php\/author\/bienvenu\/\"}]}<\/script>\n<!-- \/ Yoast SEO plugin. -->","yoast_head_json":{"title":"Elections municipales : ADDI, l\u2019ANC et UNIR annoncent les couleurs avec de nouveaux repr\u00e9sentants dans les CELI - 228 News","robots":{"index":"index","follow":"follow","max-snippet":"max-snippet:-1","max-image-preview":"max-image-preview:large","max-video-preview":"max-video-preview:-1"},"canonical":"https:\/\/228news.tg\/index.php\/2025\/04\/05\/elections-municipales-addi-lanc-et-unir-annoncent-les-couleurs-avec-de-nouveaux-representants-dans-les-celi\/","og_locale":"fr_FR","og_type":"article","og_title":"Elections municipales : ADDI, l\u2019ANC et UNIR annoncent les couleurs avec de nouveaux repr\u00e9sentants dans les CELI - 228 News","og_description":"Trois partis politiques, dont deux (02) de l\u2019opposition , annoncent d\u00e9j\u00e0 les couleurs pour les prochaines \u00e9lections municipales. L&rsquo;Alliance Nationale pour le Changement (ANC), l&rsquo;Union pour la R\u00e9publique (UNIR) et l&rsquo;Alliance des D\u00e9mocrates pour le D\u00e9veloppement Int\u00e9gral (ADDI) ont proc\u00e9d\u00e9 au renouvellement de leurs repr\u00e9sentants dans plusieurs Commissions \u00c9lectorales Locales Ind\u00e9pendantes (CELI). La liste des ... Lire la suite","og_url":"https:\/\/228news.tg\/index.php\/2025\/04\/05\/elections-municipales-addi-lanc-et-unir-annoncent-les-couleurs-avec-de-nouveaux-representants-dans-les-celi\/","og_site_name":"228 News","article_published_time":"2025-04-05T06:02:11+00:00","article_modified_time":"2025-04-05T06:03:09+00:00","og_image":[{"width":1500,"height":700,"url":"https:\/\/228news.tg\/wp-content\/uploads\/2025\/04\/IMG-20250403-WA0165.jpg","type":"image\/jpeg"}],"author":"Bienvenu SAVI","twitter_card":"summary_large_image","twitter_misc":{"\u00c9crit par":"Bienvenu SAVI","Dur\u00e9e de lecture estim\u00e9e":"3 minutes"},"schema":{"@context":"https:\/\/schema.org","@graph":[{"@type":"Article","@id":"https:\/\/228news.tg\/index.php\/2025\/04\/05\/elections-municipales-addi-lanc-et-unir-annoncent-les-couleurs-avec-de-nouveaux-representants-dans-les-celi\/#article","isPartOf":{"@id":"https:\/\/228news.tg\/index.php\/2025\/04\/05\/elections-municipales-addi-lanc-et-unir-annoncent-les-couleurs-avec-de-nouveaux-representants-dans-les-celi\/"},"author":{"name":"Bienvenu SAVI","@id":"https:\/\/228news.tg\/#\/schema\/person\/68d5a6cc0230290e61235c8379523f52"},"headline":"Elections municipales : ADDI, l\u2019ANC et UNIR annoncent les couleurs avec de nouveaux repr\u00e9sentants dans les CELI","datePublished":"2025-04-05T06:02:11+00:00","dateModified":"2025-04-05T06:03:09+00:00","mainEntityOfPage":{"@id":"https:\/\/228news.tg\/index.php\/2025\/04\/05\/elections-municipales-addi-lanc-et-unir-annoncent-les-couleurs-avec-de-nouveaux-representants-dans-les-celi\/"},"wordCount":499,"commentCount":0,"publisher":{"@id":"https:\/\/228news.tg\/#organization"},"image":{"@id":"https:\/\/228news.tg\/index.php\/2025\/04\/05\/elections-municipales-addi-lanc-et-unir-annoncent-les-couleurs-avec-de-nouveaux-representants-dans-les-celi\/#primaryimage"},"thumbnailUrl":"https:\/\/228news.tg\/wp-content\/uploads\/2025\/04\/IMG-20250403-WA0165.jpg","articleSection":["POLITIQUE","TOGO"],"inLanguage":"fr-FR","potentialAction":[{"@type":"CommentAction","name":"Comment","target":["https:\/\/228news.tg\/index.php\/2025\/04\/05\/elections-municipales-addi-lanc-et-unir-annoncent-les-couleurs-avec-de-nouveaux-representants-dans-les-celi\/#respond"]}]},{"@type":"WebPage","@id":"https:\/\/228news.tg\/index.php\/2025\/04\/05\/elections-municipales-addi-lanc-et-unir-annoncent-les-couleurs-avec-de-nouveaux-representants-dans-les-celi\/","url":"https:\/\/228news.tg\/index.php\/2025\/04\/05\/elections-municipales-addi-lanc-et-unir-annoncent-les-couleurs-avec-de-nouveaux-representants-dans-les-celi\/","name":"Elections municipales : ADDI, l\u2019ANC et UNIR annoncent les couleurs avec de nouveaux repr\u00e9sentants dans les CELI - 228 News","isPartOf":{"@id":"https:\/\/228news.tg\/#website"},"primaryImageOfPage":{"@id":"https:\/\/228news.tg\/index.php\/2025\/04\/05\/elections-municipales-addi-lanc-et-unir-annoncent-les-couleurs-avec-de-nouveaux-representants-dans-les-celi\/#primaryimage"},"image":{"@id":"https:\/\/228news.tg\/index.php\/2025\/04\/05\/elections-municipales-addi-lanc-et-unir-annoncent-les-couleurs-avec-de-nouveaux-representants-dans-les-celi\/#primaryimage"},"thumbnailUrl":"https:\/\/228news.tg\/wp-content\/uploads\/2025\/04\/IMG-20250403-WA0165.jpg","datePublished":"2025-04-05T06:02:11+00:00","dateModified":"2025-04-05T06:03:09+00:00","breadcrumb":{"@id":"https:\/\/228news.tg\/index.php\/2025\/04\/05\/elections-municipales-addi-lanc-et-unir-annoncent-les-couleurs-avec-de-nouveaux-representants-dans-les-celi\/#breadcrumb"},"inLanguage":"fr-FR","potentialAction":[{"@type":"ReadAction","target":["https:\/\/228news.tg\/index.php\/2025\/04\/05\/elections-municipales-addi-lanc-et-unir-annoncent-les-couleurs-avec-de-nouveaux-representants-dans-les-celi\/"]}]},{"@type":"ImageObject","inLanguage":"fr-FR","@id":"https:\/\/228news.tg\/index.php\/2025\/04\/05\/elections-municipales-addi-lanc-et-unir-annoncent-les-couleurs-avec-de-nouveaux-representants-dans-les-celi\/#primaryimage","url":"https:\/\/228news.tg\/wp-content\/uploads\/2025\/04\/IMG-20250403-WA0165.jpg","contentUrl":"https:\/\/228news.tg\/wp-content\/uploads\/2025\/04\/IMG-20250403-WA0165.jpg","width":1500,"height":700},{"@type":"BreadcrumbList","@id":"https:\/\/228news.tg\/index.php\/2025\/04\/05\/elections-municipales-addi-lanc-et-unir-annoncent-les-couleurs-avec-de-nouveaux-representants-dans-les-celi\/#breadcrumb","itemListElement":[{"@type":"ListItem","position":1,"name":"Home","item":"https:\/\/228news.tg\/"},{"@type":"ListItem","position":2,"name":"Elections municipales : ADDI, l\u2019ANC et UNIR annoncent les couleurs avec de nouveaux repr\u00e9sentants dans les CELI"}]},{"@type":"WebSite","@id":"https:\/\/228news.tg\/#website","url":"https:\/\/228news.tg\/","name":"228 News","description":"Soci\u00e9t\u00e9 de m\u00e9dias et d\u2019actualit\u00e9s","publisher":{"@id":"https:\/\/228news.tg\/#organization"},"potentialAction":[{"@type":"SearchAction","target":{"@type":"EntryPoint","urlTemplate":"https:\/\/228news.tg\/?s={search_term_string}"},"query-input":{"@type":"PropertyValueSpecification","valueRequired":true,"valueName":"search_term_string"}}],"inLanguage":"fr-FR"},{"@type":"Organization","@id":"https:\/\/228news.tg\/#organization","name":"228 News","url":"https:\/\/228news.tg\/","logo":{"@type":"ImageObject","inLanguage":"fr-FR","@id":"https:\/\/228news.tg\/#\/schema\/logo\/image\/","url":"https:\/\/228news.tg\/wp-content\/uploads\/2024\/09\/logonew.png","contentUrl":"https:\/\/228news.tg\/wp-content\/uploads\/2024\/09\/logonew.png","width":1640,"height":364,"caption":"228 News"},"image":{"@id":"https:\/\/228news.tg\/#\/schema\/logo\/image\/"}},{"@type":"Person","@id":"https:\/\/228news.tg\/#\/schema\/person\/68d5a6cc0230290e61235c8379523f52","name":"Bienvenu SAVI","image":{"@type":"ImageObject","inLanguage":"fr-FR","@id":"https:\/\/228news.tg\/#\/schema\/person\/image\/","url":"https:\/\/secure.gravatar.com\/avatar\/9db91895c559e510509c33a3e9683998458e9b828fac36d5d1aa23f0f2fd369b?s=96&d=mm&r=g","contentUrl":"https:\/\/secure.gravatar.com\/avatar\/9db91895c559e510509c33a3e9683998458e9b828fac36d5d1aa23f0f2fd369b?s=96&d=mm&r=g","caption":"Bienvenu SAVI"},"url":"https:\/\/228news.tg\/index.php\/author\/bienvenu\/"}]}},"jetpack_featured_media_url":"https:\/\/228news.tg\/wp-content\/uploads\/2025\/04\/IMG-20250403-WA0165.jpg","_links":{"self":[{"href":"https:\/\/228news.tg\/index.php\/wp-json\/wp\/v2\/posts\/16026","targetHints":{"allow":["GET"]}}],"collection":[{"href":"https:\/\/228news.tg\/index.php\/wp-json\/wp\/v2\/posts"}],"about":[{"href":"https:\/\/228news.tg\/index.php\/wp-json\/wp\/v2\/types\/post"}],"author":[{"embeddable":true,"href":"https:\/\/228news.tg\/index.php\/wp-json\/wp\/v2\/users\/2"}],"replies":[{"embeddable":true,"href":"https:\/\/228news.tg\/index.php\/wp-json\/wp\/v2\/comments?post=16026"}],"version-history":[{"count":1,"href":"https:\/\/228news.tg\/index.php\/wp-json\/wp\/v2\/posts\/16026\/revisions"}],"predecessor-version":[{"id":16028,"href":"https:\/\/228news.tg\/index.php\/wp-json\/wp\/v2\/posts\/16026\/revisions\/16028"}],"wp:featuredmedia":[{"embeddable":true,"href":"https:\/\/228news.tg\/index.php\/wp-json\/wp\/v2\/media\/16027"}],"wp:attachment":[{"href":"https:\/\/228news.tg\/index.php\/wp-json\/wp\/v2\/media?parent=16026"}],"wp:term":[{"taxonomy":"category","embeddable":true,"href":"https:\/\/228news.tg\/index.php\/wp-json\/wp\/v2\/categories?post=16026"},{"taxonomy":"post_tag","embeddable":true,"href":"https:\/\/228news.tg\/index.php\/wp-json\/wp\/v2\/tags?post=16026"}],"curies":[{"name":"wp","href":"https:\/\/api.w.org\/{rel}","templated":true}]}}