{"id":15981,"date":"2025-03-26T21:12:47","date_gmt":"2025-03-26T21:12:47","guid":{"rendered":"https:\/\/228news.tg\/?p=15981"},"modified":"2025-03-26T21:12:47","modified_gmt":"2025-03-26T21:12:47","slug":"defaits-au-senegal-les-eperviers-definitivement-hors-course","status":"publish","type":"post","link":"https:\/\/228news.tg\/index.php\/2025\/03\/26\/defaits-au-senegal-les-eperviers-definitivement-hors-course\/","title":{"rendered":"D\u00e9faits au S\u00e9n\u00e9gal, les Eperviers d\u00e9finitivement hors course"},"content":{"rendered":"<p>Les espoirs du Togo de participer \u00e0 la phase finale de la Coupe du Monde 2026 se sont\u00a0 volatilis\u00e9s apr\u00e8s une nouvelle d\u00e9faite face au S\u00e9n\u00e9gal (2-0) mardi soir au stade Abdoulaye Wade. Domin\u00e9s dans tous les compartiments du jeu, les hommes de Dar\u00e9 ont \u00e9t\u00e9 impuissants face \u00e0 des Lions de la Teranga pourtant loin de leur meilleur niveau.<\/p>\n<p>D\u00e8s l\u2019entame du match, le S\u00e9n\u00e9gal a pris le contr\u00f4le des d\u00e9bats en multipliant les assauts sur une d\u00e9fense togolaise d\u00e9j\u00e0 f\u00e9brile. La sanction est tomb\u00e9e \u00e0 la 35\u1d49 minute, Pape Matar Sarr, qui a profit\u00e9 du laxisme de la d\u00e9fense togolaise ouvre le score : 1-0 pour les locaux. Malgr\u00e9 quelques tentatives timides, le Togo n\u2019a jamais r\u00e9ellement inqui\u00e9t\u00e9 la d\u00e9fense s\u00e9n\u00e9galaise.<\/p>\n<p>En seconde p\u00e9riode, les S\u00e9n\u00e9galais ont confort\u00e9 leur domination avec un deuxi\u00e8me but. Sur un coup franc de Lamine Camara, Boma, un d\u00e9fenseur togolais, a envoy\u00e9 le ballon au fond de ses propres filets : 2-0 en faveur du S\u00e9n\u00e9gal.<\/p>\n<p>Avec cette d\u00e9faite, le Togo reste solidement 4\u1d49 avec 4 points apr\u00e8s six journ\u00e9es et voit s\u2019\u00e9loigner ses chances de qualification : 4 points sur 18 possibles. Au classement, le Congo profite du faux pas du Soudan pour se hisser \u00e0 la premi\u00e8re place avec 13 points, suivi de pr\u00e8s par le S\u00e9n\u00e9gal et le Soudan, qui comptent chacun 12 points. Le Soudan du Sud (3 points) et la Mauritanie (2 points) ferment la marche.<\/p>\n<p>Sauf miracle, les \u00c9perviers du Togo s\u2019\u00e9loignent de leur r\u00eave de prendre part \u00e0 la phase finale de la prochaine Coupe du Monde, qui se d\u00e9roulera au Maroc, au Portugal et en Espagne.<\/p>\n<p>El bicho<\/p>\n<p>&nbsp;<\/p>\n<p>&nbsp;<\/p>\n<p>&nbsp;<\/p>\n<p>&nbsp;<\/p>\n<p>&nbsp;<\/p>\n<p>&nbsp;<\/p>\n<p>&nbsp;<\/p>\n<p>&nbsp;<\/p>\n","protected":false},"excerpt":{"rendered":"<p>Les espoirs du Togo de participer \u00e0 la phase finale de la Coupe du Monde 2026 se sont\u00a0 volatilis\u00e9s apr\u00e8s une nouvelle d\u00e9faite face au S\u00e9n\u00e9gal (2-0) mardi soir au stade Abdoulaye Wade. Domin\u00e9s dans tous les compartiments du jeu, les hommes de Dar\u00e9 ont \u00e9t\u00e9 impuissants face \u00e0 des Lions de la Teranga pourtant &#8230; <a title=\"D\u00e9faits au S\u00e9n\u00e9gal, les Eperviers d\u00e9finitivement hors course\" class=\"read-more\" href=\"https:\/\/228news.tg\/index.php\/2025\/03\/26\/defaits-au-senegal-les-eperviers-definitivement-hors-course\/\" aria-label=\"En savoir plus sur D\u00e9faits au S\u00e9n\u00e9gal, les Eperviers d\u00e9finitivement hors course\">Lire la suite<\/a><\/p>\n","protected":false},"author":2,"featured_media":15982,"comment_status":"open","ping_status":"open","sticky":false,"template":"","format":"standard","meta":{"footnotes":""},"categories":[23,24],"tags":[],"class_list":["post-15981","post","type-post","status-publish","format-standard","has-post-thumbnail","hentry","category-monde","category-sports"],"yoast_head":"<!-- This site is optimized with the Yoast SEO plugin v26.4 - https:\/\/yoast.com\/wordpress\/plugins\/seo\/ -->\n<title>D\u00e9faits au S\u00e9n\u00e9gal, les Eperviers d\u00e9finitivement hors course - 228 News<\/title>\n<meta name=\"robots\" content=\"index, follow, max-snippet:-1, max-image-preview:large, max-video-preview:-1\" \/>\n<link rel=\"canonical\" href=\"https:\/\/228news.tg\/index.php\/2025\/03\/26\/defaits-au-senegal-les-eperviers-definitivement-hors-course\/\" \/>\n<meta property=\"og:locale\" content=\"fr_FR\" \/>\n<meta property=\"og:type\" content=\"article\" \/>\n<meta property=\"og:title\" content=\"D\u00e9faits au S\u00e9n\u00e9gal, les Eperviers d\u00e9finitivement hors course - 228 News\" \/>\n<meta property=\"og:description\" content=\"Les espoirs du Togo de participer \u00e0 la phase finale de la Coupe du Monde 2026 se sont\u00a0 volatilis\u00e9s apr\u00e8s une nouvelle d\u00e9faite face au S\u00e9n\u00e9gal (2-0) mardi soir au stade Abdoulaye Wade. Domin\u00e9s dans tous les compartiments du jeu, les hommes de Dar\u00e9 ont \u00e9t\u00e9 impuissants face \u00e0 des Lions de la Teranga pourtant ... Lire la suite\" \/>\n<meta property=\"og:url\" content=\"https:\/\/228news.tg\/index.php\/2025\/03\/26\/defaits-au-senegal-les-eperviers-definitivement-hors-course\/\" \/>\n<meta property=\"og:site_name\" content=\"228 News\" \/>\n<meta property=\"article:published_time\" content=\"2025-03-26T21:12:47+00:00\" \/>\n<meta property=\"og:image\" content=\"https:\/\/228news.tg\/wp-content\/uploads\/2025\/03\/IMG-20250326-WA0051.jpg\" \/>\n\t<meta property=\"og:image:width\" content=\"612\" \/>\n\t<meta property=\"og:image:height\" content=\"298\" \/>\n\t<meta property=\"og:image:type\" content=\"image\/jpeg\" \/>\n<meta name=\"author\" content=\"Bienvenu SAVI\" \/>\n<meta name=\"twitter:card\" content=\"summary_large_image\" \/>\n<meta name=\"twitter:label1\" content=\"\u00c9crit par\" \/>\n\t<meta name=\"twitter:data1\" content=\"Bienvenu SAVI\" \/>\n\t<meta name=\"twitter:label2\" content=\"Dur\u00e9e de lecture estim\u00e9e\" \/>\n\t<meta name=\"twitter:data2\" content=\"2 minutes\" \/>\n<script type=\"application\/ld+json\" class=\"yoast-schema-graph\">{\"@context\":\"https:\/\/schema.org\",\"@graph\":[{\"@type\":\"Article\",\"@id\":\"https:\/\/228news.tg\/index.php\/2025\/03\/26\/defaits-au-senegal-les-eperviers-definitivement-hors-course\/#article\",\"isPartOf\":{\"@id\":\"https:\/\/228news.tg\/index.php\/2025\/03\/26\/defaits-au-senegal-les-eperviers-definitivement-hors-course\/\"},\"author\":{\"name\":\"Bienvenu SAVI\",\"@id\":\"https:\/\/228news.tg\/#\/schema\/person\/68d5a6cc0230290e61235c8379523f52\"},\"headline\":\"D\u00e9faits au S\u00e9n\u00e9gal, les Eperviers d\u00e9finitivement hors course\",\"datePublished\":\"2025-03-26T21:12:47+00:00\",\"mainEntityOfPage\":{\"@id\":\"https:\/\/228news.tg\/index.php\/2025\/03\/26\/defaits-au-senegal-les-eperviers-definitivement-hors-course\/\"},\"wordCount\":316,\"commentCount\":0,\"publisher\":{\"@id\":\"https:\/\/228news.tg\/#organization\"},\"image\":{\"@id\":\"https:\/\/228news.tg\/index.php\/2025\/03\/26\/defaits-au-senegal-les-eperviers-definitivement-hors-course\/#primaryimage\"},\"thumbnailUrl\":\"https:\/\/228news.tg\/wp-content\/uploads\/2025\/03\/IMG-20250326-WA0051.jpg\",\"articleSection\":[\"MONDE\",\"SPORTS\"],\"inLanguage\":\"fr-FR\",\"potentialAction\":[{\"@type\":\"CommentAction\",\"name\":\"Comment\",\"target\":[\"https:\/\/228news.tg\/index.php\/2025\/03\/26\/defaits-au-senegal-les-eperviers-definitivement-hors-course\/#respond\"]}]},{\"@type\":\"WebPage\",\"@id\":\"https:\/\/228news.tg\/index.php\/2025\/03\/26\/defaits-au-senegal-les-eperviers-definitivement-hors-course\/\",\"url\":\"https:\/\/228news.tg\/index.php\/2025\/03\/26\/defaits-au-senegal-les-eperviers-definitivement-hors-course\/\",\"name\":\"D\u00e9faits au S\u00e9n\u00e9gal, les Eperviers d\u00e9finitivement hors course - 228 News\",\"isPartOf\":{\"@id\":\"https:\/\/228news.tg\/#website\"},\"primaryImageOfPage\":{\"@id\":\"https:\/\/228news.tg\/index.php\/2025\/03\/26\/defaits-au-senegal-les-eperviers-definitivement-hors-course\/#primaryimage\"},\"image\":{\"@id\":\"https:\/\/228news.tg\/index.php\/2025\/03\/26\/defaits-au-senegal-les-eperviers-definitivement-hors-course\/#primaryimage\"},\"thumbnailUrl\":\"https:\/\/228news.tg\/wp-content\/uploads\/2025\/03\/IMG-20250326-WA0051.jpg\",\"datePublished\":\"2025-03-26T21:12:47+00:00\",\"breadcrumb\":{\"@id\":\"https:\/\/228news.tg\/index.php\/2025\/03\/26\/defaits-au-senegal-les-eperviers-definitivement-hors-course\/#breadcrumb\"},\"inLanguage\":\"fr-FR\",\"potentialAction\":[{\"@type\":\"ReadAction\",\"target\":[\"https:\/\/228news.tg\/index.php\/2025\/03\/26\/defaits-au-senegal-les-eperviers-definitivement-hors-course\/\"]}]},{\"@type\":\"ImageObject\",\"inLanguage\":\"fr-FR\",\"@id\":\"https:\/\/228news.tg\/index.php\/2025\/03\/26\/defaits-au-senegal-les-eperviers-definitivement-hors-course\/#primaryimage\",\"url\":\"https:\/\/228news.tg\/wp-content\/uploads\/2025\/03\/IMG-20250326-WA0051.jpg\",\"contentUrl\":\"https:\/\/228news.tg\/wp-content\/uploads\/2025\/03\/IMG-20250326-WA0051.jpg\",\"width\":612,\"height\":298},{\"@type\":\"BreadcrumbList\",\"@id\":\"https:\/\/228news.tg\/index.php\/2025\/03\/26\/defaits-au-senegal-les-eperviers-definitivement-hors-course\/#breadcrumb\",\"itemListElement\":[{\"@type\":\"ListItem\",\"position\":1,\"name\":\"Home\",\"item\":\"https:\/\/228news.tg\/\"},{\"@type\":\"ListItem\",\"position\":2,\"name\":\"D\u00e9faits au S\u00e9n\u00e9gal, les Eperviers d\u00e9finitivement hors course\"}]},{\"@type\":\"WebSite\",\"@id\":\"https:\/\/228news.tg\/#website\",\"url\":\"https:\/\/228news.tg\/\",\"name\":\"228 News\",\"description\":\"Soci\u00e9t\u00e9 de m\u00e9dias et d\u2019actualit\u00e9s\",\"publisher\":{\"@id\":\"https:\/\/228news.tg\/#organization\"},\"potentialAction\":[{\"@type\":\"SearchAction\",\"target\":{\"@type\":\"EntryPoint\",\"urlTemplate\":\"https:\/\/228news.tg\/?s={search_term_string}\"},\"query-input\":{\"@type\":\"PropertyValueSpecification\",\"valueRequired\":true,\"valueName\":\"search_term_string\"}}],\"inLanguage\":\"fr-FR\"},{\"@type\":\"Organization\",\"@id\":\"https:\/\/228news.tg\/#organization\",\"name\":\"228 News\",\"url\":\"https:\/\/228news.tg\/\",\"logo\":{\"@type\":\"ImageObject\",\"inLanguage\":\"fr-FR\",\"@id\":\"https:\/\/228news.tg\/#\/schema\/logo\/image\/\",\"url\":\"https:\/\/228news.tg\/wp-content\/uploads\/2024\/09\/logonew.png\",\"contentUrl\":\"https:\/\/228news.tg\/wp-content\/uploads\/2024\/09\/logonew.png\",\"width\":1640,\"height\":364,\"caption\":\"228 News\"},\"image\":{\"@id\":\"https:\/\/228news.tg\/#\/schema\/logo\/image\/\"}},{\"@type\":\"Person\",\"@id\":\"https:\/\/228news.tg\/#\/schema\/person\/68d5a6cc0230290e61235c8379523f52\",\"name\":\"Bienvenu SAVI\",\"image\":{\"@type\":\"ImageObject\",\"inLanguage\":\"fr-FR\",\"@id\":\"https:\/\/228news.tg\/#\/schema\/person\/image\/\",\"url\":\"https:\/\/secure.gravatar.com\/avatar\/9db91895c559e510509c33a3e9683998458e9b828fac36d5d1aa23f0f2fd369b?s=96&d=mm&r=g\",\"contentUrl\":\"https:\/\/secure.gravatar.com\/avatar\/9db91895c559e510509c33a3e9683998458e9b828fac36d5d1aa23f0f2fd369b?s=96&d=mm&r=g\",\"caption\":\"Bienvenu SAVI\"},\"url\":\"https:\/\/228news.tg\/index.php\/author\/bienvenu\/\"}]}<\/script>\n<!-- \/ Yoast SEO plugin. -->","yoast_head_json":{"title":"D\u00e9faits au S\u00e9n\u00e9gal, les Eperviers d\u00e9finitivement hors course - 228 News","robots":{"index":"index","follow":"follow","max-snippet":"max-snippet:-1","max-image-preview":"max-image-preview:large","max-video-preview":"max-video-preview:-1"},"canonical":"https:\/\/228news.tg\/index.php\/2025\/03\/26\/defaits-au-senegal-les-eperviers-definitivement-hors-course\/","og_locale":"fr_FR","og_type":"article","og_title":"D\u00e9faits au S\u00e9n\u00e9gal, les Eperviers d\u00e9finitivement hors course - 228 News","og_description":"Les espoirs du Togo de participer \u00e0 la phase finale de la Coupe du Monde 2026 se sont\u00a0 volatilis\u00e9s apr\u00e8s une nouvelle d\u00e9faite face au S\u00e9n\u00e9gal (2-0) mardi soir au stade Abdoulaye Wade. Domin\u00e9s dans tous les compartiments du jeu, les hommes de Dar\u00e9 ont \u00e9t\u00e9 impuissants face \u00e0 des Lions de la Teranga pourtant ... Lire la suite","og_url":"https:\/\/228news.tg\/index.php\/2025\/03\/26\/defaits-au-senegal-les-eperviers-definitivement-hors-course\/","og_site_name":"228 News","article_published_time":"2025-03-26T21:12:47+00:00","og_image":[{"width":612,"height":298,"url":"https:\/\/228news.tg\/wp-content\/uploads\/2025\/03\/IMG-20250326-WA0051.jpg","type":"image\/jpeg"}],"author":"Bienvenu SAVI","twitter_card":"summary_large_image","twitter_misc":{"\u00c9crit par":"Bienvenu SAVI","Dur\u00e9e de lecture estim\u00e9e":"2 minutes"},"schema":{"@context":"https:\/\/schema.org","@graph":[{"@type":"Article","@id":"https:\/\/228news.tg\/index.php\/2025\/03\/26\/defaits-au-senegal-les-eperviers-definitivement-hors-course\/#article","isPartOf":{"@id":"https:\/\/228news.tg\/index.php\/2025\/03\/26\/defaits-au-senegal-les-eperviers-definitivement-hors-course\/"},"author":{"name":"Bienvenu SAVI","@id":"https:\/\/228news.tg\/#\/schema\/person\/68d5a6cc0230290e61235c8379523f52"},"headline":"D\u00e9faits au S\u00e9n\u00e9gal, les Eperviers d\u00e9finitivement hors course","datePublished":"2025-03-26T21:12:47+00:00","mainEntityOfPage":{"@id":"https:\/\/228news.tg\/index.php\/2025\/03\/26\/defaits-au-senegal-les-eperviers-definitivement-hors-course\/"},"wordCount":316,"commentCount":0,"publisher":{"@id":"https:\/\/228news.tg\/#organization"},"image":{"@id":"https:\/\/228news.tg\/index.php\/2025\/03\/26\/defaits-au-senegal-les-eperviers-definitivement-hors-course\/#primaryimage"},"thumbnailUrl":"https:\/\/228news.tg\/wp-content\/uploads\/2025\/03\/IMG-20250326-WA0051.jpg","articleSection":["MONDE","SPORTS"],"inLanguage":"fr-FR","potentialAction":[{"@type":"CommentAction","name":"Comment","target":["https:\/\/228news.tg\/index.php\/2025\/03\/26\/defaits-au-senegal-les-eperviers-definitivement-hors-course\/#respond"]}]},{"@type":"WebPage","@id":"https:\/\/228news.tg\/index.php\/2025\/03\/26\/defaits-au-senegal-les-eperviers-definitivement-hors-course\/","url":"https:\/\/228news.tg\/index.php\/2025\/03\/26\/defaits-au-senegal-les-eperviers-definitivement-hors-course\/","name":"D\u00e9faits au S\u00e9n\u00e9gal, les Eperviers d\u00e9finitivement hors course - 228 News","isPartOf":{"@id":"https:\/\/228news.tg\/#website"},"primaryImageOfPage":{"@id":"https:\/\/228news.tg\/index.php\/2025\/03\/26\/defaits-au-senegal-les-eperviers-definitivement-hors-course\/#primaryimage"},"image":{"@id":"https:\/\/228news.tg\/index.php\/2025\/03\/26\/defaits-au-senegal-les-eperviers-definitivement-hors-course\/#primaryimage"},"thumbnailUrl":"https:\/\/228news.tg\/wp-content\/uploads\/2025\/03\/IMG-20250326-WA0051.jpg","datePublished":"2025-03-26T21:12:47+00:00","breadcrumb":{"@id":"https:\/\/228news.tg\/index.php\/2025\/03\/26\/defaits-au-senegal-les-eperviers-definitivement-hors-course\/#breadcrumb"},"inLanguage":"fr-FR","potentialAction":[{"@type":"ReadAction","target":["https:\/\/228news.tg\/index.php\/2025\/03\/26\/defaits-au-senegal-les-eperviers-definitivement-hors-course\/"]}]},{"@type":"ImageObject","inLanguage":"fr-FR","@id":"https:\/\/228news.tg\/index.php\/2025\/03\/26\/defaits-au-senegal-les-eperviers-definitivement-hors-course\/#primaryimage","url":"https:\/\/228news.tg\/wp-content\/uploads\/2025\/03\/IMG-20250326-WA0051.jpg","contentUrl":"https:\/\/228news.tg\/wp-content\/uploads\/2025\/03\/IMG-20250326-WA0051.jpg","width":612,"height":298},{"@type":"BreadcrumbList","@id":"https:\/\/228news.tg\/index.php\/2025\/03\/26\/defaits-au-senegal-les-eperviers-definitivement-hors-course\/#breadcrumb","itemListElement":[{"@type":"ListItem","position":1,"name":"Home","item":"https:\/\/228news.tg\/"},{"@type":"ListItem","position":2,"name":"D\u00e9faits au S\u00e9n\u00e9gal, les Eperviers d\u00e9finitivement hors course"}]},{"@type":"WebSite","@id":"https:\/\/228news.tg\/#website","url":"https:\/\/228news.tg\/","name":"228 News","description":"Soci\u00e9t\u00e9 de m\u00e9dias et d\u2019actualit\u00e9s","publisher":{"@id":"https:\/\/228news.tg\/#organization"},"potentialAction":[{"@type":"SearchAction","target":{"@type":"EntryPoint","urlTemplate":"https:\/\/228news.tg\/?s={search_term_string}"},"query-input":{"@type":"PropertyValueSpecification","valueRequired":true,"valueName":"search_term_string"}}],"inLanguage":"fr-FR"},{"@type":"Organization","@id":"https:\/\/228news.tg\/#organization","name":"228 News","url":"https:\/\/228news.tg\/","logo":{"@type":"ImageObject","inLanguage":"fr-FR","@id":"https:\/\/228news.tg\/#\/schema\/logo\/image\/","url":"https:\/\/228news.tg\/wp-content\/uploads\/2024\/09\/logonew.png","contentUrl":"https:\/\/228news.tg\/wp-content\/uploads\/2024\/09\/logonew.png","width":1640,"height":364,"caption":"228 News"},"image":{"@id":"https:\/\/228news.tg\/#\/schema\/logo\/image\/"}},{"@type":"Person","@id":"https:\/\/228news.tg\/#\/schema\/person\/68d5a6cc0230290e61235c8379523f52","name":"Bienvenu SAVI","image":{"@type":"ImageObject","inLanguage":"fr-FR","@id":"https:\/\/228news.tg\/#\/schema\/person\/image\/","url":"https:\/\/secure.gravatar.com\/avatar\/9db91895c559e510509c33a3e9683998458e9b828fac36d5d1aa23f0f2fd369b?s=96&d=mm&r=g","contentUrl":"https:\/\/secure.gravatar.com\/avatar\/9db91895c559e510509c33a3e9683998458e9b828fac36d5d1aa23f0f2fd369b?s=96&d=mm&r=g","caption":"Bienvenu SAVI"},"url":"https:\/\/228news.tg\/index.php\/author\/bienvenu\/"}]}},"jetpack_featured_media_url":"https:\/\/228news.tg\/wp-content\/uploads\/2025\/03\/IMG-20250326-WA0051.jpg","_links":{"self":[{"href":"https:\/\/228news.tg\/index.php\/wp-json\/wp\/v2\/posts\/15981","targetHints":{"allow":["GET"]}}],"collection":[{"href":"https:\/\/228news.tg\/index.php\/wp-json\/wp\/v2\/posts"}],"about":[{"href":"https:\/\/228news.tg\/index.php\/wp-json\/wp\/v2\/types\/post"}],"author":[{"embeddable":true,"href":"https:\/\/228news.tg\/index.php\/wp-json\/wp\/v2\/users\/2"}],"replies":[{"embeddable":true,"href":"https:\/\/228news.tg\/index.php\/wp-json\/wp\/v2\/comments?post=15981"}],"version-history":[{"count":1,"href":"https:\/\/228news.tg\/index.php\/wp-json\/wp\/v2\/posts\/15981\/revisions"}],"predecessor-version":[{"id":15983,"href":"https:\/\/228news.tg\/index.php\/wp-json\/wp\/v2\/posts\/15981\/revisions\/15983"}],"wp:featuredmedia":[{"embeddable":true,"href":"https:\/\/228news.tg\/index.php\/wp-json\/wp\/v2\/media\/15982"}],"wp:attachment":[{"href":"https:\/\/228news.tg\/index.php\/wp-json\/wp\/v2\/media?parent=15981"}],"wp:term":[{"taxonomy":"category","embeddable":true,"href":"https:\/\/228news.tg\/index.php\/wp-json\/wp\/v2\/categories?post=15981"},{"taxonomy":"post_tag","embeddable":true,"href":"https:\/\/228news.tg\/index.php\/wp-json\/wp\/v2\/tags?post=15981"}],"curies":[{"name":"wp","href":"https:\/\/api.w.org\/{rel}","templated":true}]}}