{"id":1598,"date":"2018-07-22T00:00:00","date_gmt":"2018-07-22T00:00:00","guid":{"rendered":"https:\/\/228news.tg\/index.php\/2018\/07\/22\/m-bagnabana-koffi-porte-a-la-tete-de-lassociation-des-conseillers-membres-fondateurs-de-la-production-commune-au-togo\/"},"modified":"2018-07-22T00:00:00","modified_gmt":"2018-07-22T00:00:00","slug":"m-bagnabana-koffi-porte-a-la-tete-de-lassociation-des-conseillers-membres-fondateurs-de-la-production-commune-au-togo","status":"publish","type":"post","link":"https:\/\/228news.tg\/index.php\/2018\/07\/22\/m-bagnabana-koffi-porte-a-la-tete-de-lassociation-des-conseillers-membres-fondateurs-de-la-production-commune-au-togo\/","title":{"rendered":"M. BAGNABANA Koffi port\u00e9 \u00e0 la t\u00eate de l\u2019Association des Conseillers Membres Fondateurs de la Production Commune au Togo"},"content":{"rendered":"<p>\u0398228news (Lom\u00e9, le 21 juillet 2018)- M. BAGNABANA Koffi a \u00e9t\u00e9 port\u00e9 \u00e0 la t\u00eate de l\u2019Association des Conseillers Membres Fondateurs de la Production Commune au Togo ( ACMFH-PC), \u00e0 l&rsquo;issue de l&rsquo;Assembl\u00e9e g\u00e9n\u00e9rale tenue par cette association de l&rsquo;Entreprise Sociale de March\u00e9 Commun ce samedi 21 juillet 2018 \u00e0 Lom\u00e9.<\/p>\n<p>Avec 62 contre 35 voix, le nouveau Pr\u00e9sident du Conseil d&rsquo;Administration de l&rsquo;ACMFH-PC est venu \u00e0 bout du\u00a0professeur A\u00efdam, l&rsquo;autre pr\u00e9tendant au tr\u00f4ne et pr\u00e9sidera aux destin\u00e9es de l&rsquo;association pour les cinq prochaines ann\u00e9es avec 10 autres membres.<\/p>\n<p>Il aura la lourde t\u00e2che de coordoner les activit\u00e9s des bureaux locaux et des divisions techniques, dont les animateurs seront toujours des CMFH d\u00e9tenteurs de plus de 500 comptes marchands. Le bureau du conseil d\u2019administration fra\u00eechement \u00e9lu signera \u00e9galement un contrat de franchise avec l\u2019ESMC pour son travail.<\/p>\n<p>\u00ab Il faut dire que c\u2019est un sacerdoce. Je ne suis pas content par ce que je suis \u00e9lu. Le poste de la pr\u00e9sidence, est une mission pour laquelle je me suis consacr\u00e9 depuis, et pour qui je sens que je dois continuer\u00a0\u00bb, a confi\u00e9 le nouveau president \u00e9lu.<\/p>\n<p>Cette AG a permis \u00e0 l&rsquo;association de valider ses statuts d\u00e9finitifs, les pr\u00e9rogatives et devoirs des membres et responsables pour le bon fonctionnement de l&rsquo;ESMC.<\/p>\n<p>Le principal r\u00f4le du bureau du conseil d\u2019administration est d\u2019\u0153uvrer \u00e0 ce que cet objectif soit atteint, afin que les promesses qui ont \u00e9t\u00e9 faites et auxquelles adh\u00e8re les membres du bureau soit effectivement r\u00e9alis\u00e9es.<\/p>\n<p>Compos\u00e9e des hommes et femmes qui ont fait des apports aupr\u00e8s de l\u2019ESMC pour soutenir les d\u00e9munis dans le cadre de la r\u00e9alisation des ODD, l&rsquo;ACMFH-PC tient cette AG, pratiquement une ann\u00e9e apr\u00e8s sa mise en place provisoire.<\/p>\n<p><strong><em>D\u00e9mocrate\u00a0<\/em><\/strong><\/p>\n<p><strong><em>(00228) 91 85 40 14<\/em><\/strong><\/p>\n<p><strong><em>98 60 67 68<\/em><\/strong><\/p>\n<p><strong><em>democrate2010@gmail.com<\/em><\/strong><\/p>\n","protected":false},"excerpt":{"rendered":"<p>\u0398228news (Lom\u00e9, le 21 juillet 2018)- M. BAGNABANA Koffi a \u00e9t\u00e9 port\u00e9 \u00e0 la t\u00eate de l\u2019Association des Conseillers Membres Fondateurs de la Production Commune au Togo ( ACMFH-PC), \u00e0 l&rsquo;issue de l&rsquo;Assembl\u00e9e g\u00e9n\u00e9rale tenue par cette association de l&rsquo;Entreprise Sociale de March\u00e9 Commun ce samedi 21 juillet 2018 \u00e0 Lom\u00e9. Avec 62 contre 35 &#8230; <a title=\"M. BAGNABANA Koffi port\u00e9 \u00e0 la t\u00eate de l\u2019Association des Conseillers Membres Fondateurs de la Production Commune au Togo\" class=\"read-more\" href=\"https:\/\/228news.tg\/index.php\/2018\/07\/22\/m-bagnabana-koffi-porte-a-la-tete-de-lassociation-des-conseillers-membres-fondateurs-de-la-production-commune-au-togo\/\" aria-label=\"En savoir plus sur M. BAGNABANA Koffi port\u00e9 \u00e0 la t\u00eate de l\u2019Association des Conseillers Membres Fondateurs de la Production Commune au Togo\">Lire la suite<\/a><\/p>\n","protected":false},"author":2,"featured_media":1599,"comment_status":"open","ping_status":"open","sticky":false,"template":"","format":"standard","meta":{"footnotes":""},"categories":[30,35,25,34],"tags":[],"class_list":["post-1598","post","type-post","status-publish","format-standard","has-post-thumbnail","hentry","category-economie","category-flash","category-togo","category-une"],"yoast_head":"<!-- This site is optimized with the Yoast SEO plugin v26.4 - https:\/\/yoast.com\/wordpress\/plugins\/seo\/ -->\n<title>M. BAGNABANA Koffi port\u00e9 \u00e0 la t\u00eate de l\u2019Association des Conseillers Membres Fondateurs de la Production Commune au Togo - 228 News<\/title>\n<meta name=\"robots\" content=\"index, follow, max-snippet:-1, max-image-preview:large, max-video-preview:-1\" \/>\n<link rel=\"canonical\" href=\"https:\/\/228news.tg\/index.php\/2018\/07\/22\/m-bagnabana-koffi-porte-a-la-tete-de-lassociation-des-conseillers-membres-fondateurs-de-la-production-commune-au-togo\/\" \/>\n<meta property=\"og:locale\" content=\"fr_FR\" \/>\n<meta property=\"og:type\" content=\"article\" \/>\n<meta property=\"og:title\" content=\"M. BAGNABANA Koffi port\u00e9 \u00e0 la t\u00eate de l\u2019Association des Conseillers Membres Fondateurs de la Production Commune au Togo - 228 News\" \/>\n<meta property=\"og:description\" content=\"\u0398228news (Lom\u00e9, le 21 juillet 2018)- M. BAGNABANA Koffi a \u00e9t\u00e9 port\u00e9 \u00e0 la t\u00eate de l\u2019Association des Conseillers Membres Fondateurs de la Production Commune au Togo ( ACMFH-PC), \u00e0 l&rsquo;issue de l&rsquo;Assembl\u00e9e g\u00e9n\u00e9rale tenue par cette association de l&rsquo;Entreprise Sociale de March\u00e9 Commun ce samedi 21 juillet 2018 \u00e0 Lom\u00e9. Avec 62 contre 35 ... Lire la suite\" \/>\n<meta property=\"og:url\" content=\"https:\/\/228news.tg\/index.php\/2018\/07\/22\/m-bagnabana-koffi-porte-a-la-tete-de-lassociation-des-conseillers-membres-fondateurs-de-la-production-commune-au-togo\/\" \/>\n<meta property=\"og:site_name\" content=\"228 News\" \/>\n<meta property=\"article:published_time\" content=\"2018-07-22T00:00:00+00:00\" \/>\n<meta property=\"og:image\" content=\"https:\/\/228news.tg\/wp-content\/uploads\/2024\/09\/IMG_20180721_200018_884-1280x1280-1-696x696-1.jpg\" \/>\n\t<meta property=\"og:image:width\" content=\"696\" \/>\n\t<meta property=\"og:image:height\" content=\"696\" \/>\n\t<meta property=\"og:image:type\" content=\"image\/jpeg\" \/>\n<meta name=\"author\" content=\"Bienvenu SAVI\" \/>\n<meta name=\"twitter:card\" content=\"summary_large_image\" \/>\n<meta name=\"twitter:label1\" content=\"\u00c9crit par\" \/>\n\t<meta name=\"twitter:data1\" content=\"Bienvenu SAVI\" \/>\n\t<meta name=\"twitter:label2\" content=\"Dur\u00e9e de lecture estim\u00e9e\" \/>\n\t<meta name=\"twitter:data2\" content=\"2 minutes\" \/>\n<script type=\"application\/ld+json\" class=\"yoast-schema-graph\">{\"@context\":\"https:\/\/schema.org\",\"@graph\":[{\"@type\":\"Article\",\"@id\":\"https:\/\/228news.tg\/index.php\/2018\/07\/22\/m-bagnabana-koffi-porte-a-la-tete-de-lassociation-des-conseillers-membres-fondateurs-de-la-production-commune-au-togo\/#article\",\"isPartOf\":{\"@id\":\"https:\/\/228news.tg\/index.php\/2018\/07\/22\/m-bagnabana-koffi-porte-a-la-tete-de-lassociation-des-conseillers-membres-fondateurs-de-la-production-commune-au-togo\/\"},\"author\":{\"name\":\"Bienvenu SAVI\",\"@id\":\"https:\/\/228news.tg\/#\/schema\/person\/68d5a6cc0230290e61235c8379523f52\"},\"headline\":\"M. BAGNABANA Koffi port\u00e9 \u00e0 la t\u00eate de l\u2019Association des Conseillers Membres Fondateurs de la Production Commune au Togo\",\"datePublished\":\"2018-07-22T00:00:00+00:00\",\"mainEntityOfPage\":{\"@id\":\"https:\/\/228news.tg\/index.php\/2018\/07\/22\/m-bagnabana-koffi-porte-a-la-tete-de-lassociation-des-conseillers-membres-fondateurs-de-la-production-commune-au-togo\/\"},\"wordCount\":340,\"commentCount\":0,\"publisher\":{\"@id\":\"https:\/\/228news.tg\/#organization\"},\"image\":{\"@id\":\"https:\/\/228news.tg\/index.php\/2018\/07\/22\/m-bagnabana-koffi-porte-a-la-tete-de-lassociation-des-conseillers-membres-fondateurs-de-la-production-commune-au-togo\/#primaryimage\"},\"thumbnailUrl\":\"https:\/\/228news.tg\/wp-content\/uploads\/2024\/09\/IMG_20180721_200018_884-1280x1280-1-696x696-1.jpg\",\"articleSection\":[\"ECONOMIE\",\"Flash\",\"TOGO\",\"Une\"],\"inLanguage\":\"fr-FR\",\"potentialAction\":[{\"@type\":\"CommentAction\",\"name\":\"Comment\",\"target\":[\"https:\/\/228news.tg\/index.php\/2018\/07\/22\/m-bagnabana-koffi-porte-a-la-tete-de-lassociation-des-conseillers-membres-fondateurs-de-la-production-commune-au-togo\/#respond\"]}]},{\"@type\":\"WebPage\",\"@id\":\"https:\/\/228news.tg\/index.php\/2018\/07\/22\/m-bagnabana-koffi-porte-a-la-tete-de-lassociation-des-conseillers-membres-fondateurs-de-la-production-commune-au-togo\/\",\"url\":\"https:\/\/228news.tg\/index.php\/2018\/07\/22\/m-bagnabana-koffi-porte-a-la-tete-de-lassociation-des-conseillers-membres-fondateurs-de-la-production-commune-au-togo\/\",\"name\":\"M. BAGNABANA Koffi port\u00e9 \u00e0 la t\u00eate de l\u2019Association des Conseillers Membres Fondateurs de la Production Commune au Togo - 228 News\",\"isPartOf\":{\"@id\":\"https:\/\/228news.tg\/#website\"},\"primaryImageOfPage\":{\"@id\":\"https:\/\/228news.tg\/index.php\/2018\/07\/22\/m-bagnabana-koffi-porte-a-la-tete-de-lassociation-des-conseillers-membres-fondateurs-de-la-production-commune-au-togo\/#primaryimage\"},\"image\":{\"@id\":\"https:\/\/228news.tg\/index.php\/2018\/07\/22\/m-bagnabana-koffi-porte-a-la-tete-de-lassociation-des-conseillers-membres-fondateurs-de-la-production-commune-au-togo\/#primaryimage\"},\"thumbnailUrl\":\"https:\/\/228news.tg\/wp-content\/uploads\/2024\/09\/IMG_20180721_200018_884-1280x1280-1-696x696-1.jpg\",\"datePublished\":\"2018-07-22T00:00:00+00:00\",\"breadcrumb\":{\"@id\":\"https:\/\/228news.tg\/index.php\/2018\/07\/22\/m-bagnabana-koffi-porte-a-la-tete-de-lassociation-des-conseillers-membres-fondateurs-de-la-production-commune-au-togo\/#breadcrumb\"},\"inLanguage\":\"fr-FR\",\"potentialAction\":[{\"@type\":\"ReadAction\",\"target\":[\"https:\/\/228news.tg\/index.php\/2018\/07\/22\/m-bagnabana-koffi-porte-a-la-tete-de-lassociation-des-conseillers-membres-fondateurs-de-la-production-commune-au-togo\/\"]}]},{\"@type\":\"ImageObject\",\"inLanguage\":\"fr-FR\",\"@id\":\"https:\/\/228news.tg\/index.php\/2018\/07\/22\/m-bagnabana-koffi-porte-a-la-tete-de-lassociation-des-conseillers-membres-fondateurs-de-la-production-commune-au-togo\/#primaryimage\",\"url\":\"https:\/\/228news.tg\/wp-content\/uploads\/2024\/09\/IMG_20180721_200018_884-1280x1280-1-696x696-1.jpg\",\"contentUrl\":\"https:\/\/228news.tg\/wp-content\/uploads\/2024\/09\/IMG_20180721_200018_884-1280x1280-1-696x696-1.jpg\",\"width\":696,\"height\":696},{\"@type\":\"BreadcrumbList\",\"@id\":\"https:\/\/228news.tg\/index.php\/2018\/07\/22\/m-bagnabana-koffi-porte-a-la-tete-de-lassociation-des-conseillers-membres-fondateurs-de-la-production-commune-au-togo\/#breadcrumb\",\"itemListElement\":[{\"@type\":\"ListItem\",\"position\":1,\"name\":\"Home\",\"item\":\"https:\/\/228news.tg\/\"},{\"@type\":\"ListItem\",\"position\":2,\"name\":\"M. BAGNABANA Koffi port\u00e9 \u00e0 la t\u00eate de l\u2019Association des Conseillers Membres Fondateurs de la Production Commune au Togo\"}]},{\"@type\":\"WebSite\",\"@id\":\"https:\/\/228news.tg\/#website\",\"url\":\"https:\/\/228news.tg\/\",\"name\":\"228 News\",\"description\":\"Soci\u00e9t\u00e9 de m\u00e9dias et d\u2019actualit\u00e9s\",\"publisher\":{\"@id\":\"https:\/\/228news.tg\/#organization\"},\"potentialAction\":[{\"@type\":\"SearchAction\",\"target\":{\"@type\":\"EntryPoint\",\"urlTemplate\":\"https:\/\/228news.tg\/?s={search_term_string}\"},\"query-input\":{\"@type\":\"PropertyValueSpecification\",\"valueRequired\":true,\"valueName\":\"search_term_string\"}}],\"inLanguage\":\"fr-FR\"},{\"@type\":\"Organization\",\"@id\":\"https:\/\/228news.tg\/#organization\",\"name\":\"228 News\",\"url\":\"https:\/\/228news.tg\/\",\"logo\":{\"@type\":\"ImageObject\",\"inLanguage\":\"fr-FR\",\"@id\":\"https:\/\/228news.tg\/#\/schema\/logo\/image\/\",\"url\":\"https:\/\/228news.tg\/wp-content\/uploads\/2024\/09\/logonew.png\",\"contentUrl\":\"https:\/\/228news.tg\/wp-content\/uploads\/2024\/09\/logonew.png\",\"width\":1640,\"height\":364,\"caption\":\"228 News\"},\"image\":{\"@id\":\"https:\/\/228news.tg\/#\/schema\/logo\/image\/\"}},{\"@type\":\"Person\",\"@id\":\"https:\/\/228news.tg\/#\/schema\/person\/68d5a6cc0230290e61235c8379523f52\",\"name\":\"Bienvenu SAVI\",\"image\":{\"@type\":\"ImageObject\",\"inLanguage\":\"fr-FR\",\"@id\":\"https:\/\/228news.tg\/#\/schema\/person\/image\/\",\"url\":\"https:\/\/secure.gravatar.com\/avatar\/9db91895c559e510509c33a3e9683998458e9b828fac36d5d1aa23f0f2fd369b?s=96&d=mm&r=g\",\"contentUrl\":\"https:\/\/secure.gravatar.com\/avatar\/9db91895c559e510509c33a3e9683998458e9b828fac36d5d1aa23f0f2fd369b?s=96&d=mm&r=g\",\"caption\":\"Bienvenu SAVI\"},\"url\":\"https:\/\/228news.tg\/index.php\/author\/bienvenu\/\"}]}<\/script>\n<!-- \/ Yoast SEO plugin. -->","yoast_head_json":{"title":"M. BAGNABANA Koffi port\u00e9 \u00e0 la t\u00eate de l\u2019Association des Conseillers Membres Fondateurs de la Production Commune au Togo - 228 News","robots":{"index":"index","follow":"follow","max-snippet":"max-snippet:-1","max-image-preview":"max-image-preview:large","max-video-preview":"max-video-preview:-1"},"canonical":"https:\/\/228news.tg\/index.php\/2018\/07\/22\/m-bagnabana-koffi-porte-a-la-tete-de-lassociation-des-conseillers-membres-fondateurs-de-la-production-commune-au-togo\/","og_locale":"fr_FR","og_type":"article","og_title":"M. BAGNABANA Koffi port\u00e9 \u00e0 la t\u00eate de l\u2019Association des Conseillers Membres Fondateurs de la Production Commune au Togo - 228 News","og_description":"\u0398228news (Lom\u00e9, le 21 juillet 2018)- M. BAGNABANA Koffi a \u00e9t\u00e9 port\u00e9 \u00e0 la t\u00eate de l\u2019Association des Conseillers Membres Fondateurs de la Production Commune au Togo ( ACMFH-PC), \u00e0 l&rsquo;issue de l&rsquo;Assembl\u00e9e g\u00e9n\u00e9rale tenue par cette association de l&rsquo;Entreprise Sociale de March\u00e9 Commun ce samedi 21 juillet 2018 \u00e0 Lom\u00e9. Avec 62 contre 35 ... Lire la suite","og_url":"https:\/\/228news.tg\/index.php\/2018\/07\/22\/m-bagnabana-koffi-porte-a-la-tete-de-lassociation-des-conseillers-membres-fondateurs-de-la-production-commune-au-togo\/","og_site_name":"228 News","article_published_time":"2018-07-22T00:00:00+00:00","og_image":[{"width":696,"height":696,"url":"https:\/\/228news.tg\/wp-content\/uploads\/2024\/09\/IMG_20180721_200018_884-1280x1280-1-696x696-1.jpg","type":"image\/jpeg"}],"author":"Bienvenu SAVI","twitter_card":"summary_large_image","twitter_misc":{"\u00c9crit par":"Bienvenu SAVI","Dur\u00e9e de lecture estim\u00e9e":"2 minutes"},"schema":{"@context":"https:\/\/schema.org","@graph":[{"@type":"Article","@id":"https:\/\/228news.tg\/index.php\/2018\/07\/22\/m-bagnabana-koffi-porte-a-la-tete-de-lassociation-des-conseillers-membres-fondateurs-de-la-production-commune-au-togo\/#article","isPartOf":{"@id":"https:\/\/228news.tg\/index.php\/2018\/07\/22\/m-bagnabana-koffi-porte-a-la-tete-de-lassociation-des-conseillers-membres-fondateurs-de-la-production-commune-au-togo\/"},"author":{"name":"Bienvenu SAVI","@id":"https:\/\/228news.tg\/#\/schema\/person\/68d5a6cc0230290e61235c8379523f52"},"headline":"M. BAGNABANA Koffi port\u00e9 \u00e0 la t\u00eate de l\u2019Association des Conseillers Membres Fondateurs de la Production Commune au Togo","datePublished":"2018-07-22T00:00:00+00:00","mainEntityOfPage":{"@id":"https:\/\/228news.tg\/index.php\/2018\/07\/22\/m-bagnabana-koffi-porte-a-la-tete-de-lassociation-des-conseillers-membres-fondateurs-de-la-production-commune-au-togo\/"},"wordCount":340,"commentCount":0,"publisher":{"@id":"https:\/\/228news.tg\/#organization"},"image":{"@id":"https:\/\/228news.tg\/index.php\/2018\/07\/22\/m-bagnabana-koffi-porte-a-la-tete-de-lassociation-des-conseillers-membres-fondateurs-de-la-production-commune-au-togo\/#primaryimage"},"thumbnailUrl":"https:\/\/228news.tg\/wp-content\/uploads\/2024\/09\/IMG_20180721_200018_884-1280x1280-1-696x696-1.jpg","articleSection":["ECONOMIE","Flash","TOGO","Une"],"inLanguage":"fr-FR","potentialAction":[{"@type":"CommentAction","name":"Comment","target":["https:\/\/228news.tg\/index.php\/2018\/07\/22\/m-bagnabana-koffi-porte-a-la-tete-de-lassociation-des-conseillers-membres-fondateurs-de-la-production-commune-au-togo\/#respond"]}]},{"@type":"WebPage","@id":"https:\/\/228news.tg\/index.php\/2018\/07\/22\/m-bagnabana-koffi-porte-a-la-tete-de-lassociation-des-conseillers-membres-fondateurs-de-la-production-commune-au-togo\/","url":"https:\/\/228news.tg\/index.php\/2018\/07\/22\/m-bagnabana-koffi-porte-a-la-tete-de-lassociation-des-conseillers-membres-fondateurs-de-la-production-commune-au-togo\/","name":"M. BAGNABANA Koffi port\u00e9 \u00e0 la t\u00eate de l\u2019Association des Conseillers Membres Fondateurs de la Production Commune au Togo - 228 News","isPartOf":{"@id":"https:\/\/228news.tg\/#website"},"primaryImageOfPage":{"@id":"https:\/\/228news.tg\/index.php\/2018\/07\/22\/m-bagnabana-koffi-porte-a-la-tete-de-lassociation-des-conseillers-membres-fondateurs-de-la-production-commune-au-togo\/#primaryimage"},"image":{"@id":"https:\/\/228news.tg\/index.php\/2018\/07\/22\/m-bagnabana-koffi-porte-a-la-tete-de-lassociation-des-conseillers-membres-fondateurs-de-la-production-commune-au-togo\/#primaryimage"},"thumbnailUrl":"https:\/\/228news.tg\/wp-content\/uploads\/2024\/09\/IMG_20180721_200018_884-1280x1280-1-696x696-1.jpg","datePublished":"2018-07-22T00:00:00+00:00","breadcrumb":{"@id":"https:\/\/228news.tg\/index.php\/2018\/07\/22\/m-bagnabana-koffi-porte-a-la-tete-de-lassociation-des-conseillers-membres-fondateurs-de-la-production-commune-au-togo\/#breadcrumb"},"inLanguage":"fr-FR","potentialAction":[{"@type":"ReadAction","target":["https:\/\/228news.tg\/index.php\/2018\/07\/22\/m-bagnabana-koffi-porte-a-la-tete-de-lassociation-des-conseillers-membres-fondateurs-de-la-production-commune-au-togo\/"]}]},{"@type":"ImageObject","inLanguage":"fr-FR","@id":"https:\/\/228news.tg\/index.php\/2018\/07\/22\/m-bagnabana-koffi-porte-a-la-tete-de-lassociation-des-conseillers-membres-fondateurs-de-la-production-commune-au-togo\/#primaryimage","url":"https:\/\/228news.tg\/wp-content\/uploads\/2024\/09\/IMG_20180721_200018_884-1280x1280-1-696x696-1.jpg","contentUrl":"https:\/\/228news.tg\/wp-content\/uploads\/2024\/09\/IMG_20180721_200018_884-1280x1280-1-696x696-1.jpg","width":696,"height":696},{"@type":"BreadcrumbList","@id":"https:\/\/228news.tg\/index.php\/2018\/07\/22\/m-bagnabana-koffi-porte-a-la-tete-de-lassociation-des-conseillers-membres-fondateurs-de-la-production-commune-au-togo\/#breadcrumb","itemListElement":[{"@type":"ListItem","position":1,"name":"Home","item":"https:\/\/228news.tg\/"},{"@type":"ListItem","position":2,"name":"M. BAGNABANA Koffi port\u00e9 \u00e0 la t\u00eate de l\u2019Association des Conseillers Membres Fondateurs de la Production Commune au Togo"}]},{"@type":"WebSite","@id":"https:\/\/228news.tg\/#website","url":"https:\/\/228news.tg\/","name":"228 News","description":"Soci\u00e9t\u00e9 de m\u00e9dias et d\u2019actualit\u00e9s","publisher":{"@id":"https:\/\/228news.tg\/#organization"},"potentialAction":[{"@type":"SearchAction","target":{"@type":"EntryPoint","urlTemplate":"https:\/\/228news.tg\/?s={search_term_string}"},"query-input":{"@type":"PropertyValueSpecification","valueRequired":true,"valueName":"search_term_string"}}],"inLanguage":"fr-FR"},{"@type":"Organization","@id":"https:\/\/228news.tg\/#organization","name":"228 News","url":"https:\/\/228news.tg\/","logo":{"@type":"ImageObject","inLanguage":"fr-FR","@id":"https:\/\/228news.tg\/#\/schema\/logo\/image\/","url":"https:\/\/228news.tg\/wp-content\/uploads\/2024\/09\/logonew.png","contentUrl":"https:\/\/228news.tg\/wp-content\/uploads\/2024\/09\/logonew.png","width":1640,"height":364,"caption":"228 News"},"image":{"@id":"https:\/\/228news.tg\/#\/schema\/logo\/image\/"}},{"@type":"Person","@id":"https:\/\/228news.tg\/#\/schema\/person\/68d5a6cc0230290e61235c8379523f52","name":"Bienvenu SAVI","image":{"@type":"ImageObject","inLanguage":"fr-FR","@id":"https:\/\/228news.tg\/#\/schema\/person\/image\/","url":"https:\/\/secure.gravatar.com\/avatar\/9db91895c559e510509c33a3e9683998458e9b828fac36d5d1aa23f0f2fd369b?s=96&d=mm&r=g","contentUrl":"https:\/\/secure.gravatar.com\/avatar\/9db91895c559e510509c33a3e9683998458e9b828fac36d5d1aa23f0f2fd369b?s=96&d=mm&r=g","caption":"Bienvenu SAVI"},"url":"https:\/\/228news.tg\/index.php\/author\/bienvenu\/"}]}},"jetpack_featured_media_url":"https:\/\/228news.tg\/wp-content\/uploads\/2024\/09\/IMG_20180721_200018_884-1280x1280-1-696x696-1.jpg","_links":{"self":[{"href":"https:\/\/228news.tg\/index.php\/wp-json\/wp\/v2\/posts\/1598","targetHints":{"allow":["GET"]}}],"collection":[{"href":"https:\/\/228news.tg\/index.php\/wp-json\/wp\/v2\/posts"}],"about":[{"href":"https:\/\/228news.tg\/index.php\/wp-json\/wp\/v2\/types\/post"}],"author":[{"embeddable":true,"href":"https:\/\/228news.tg\/index.php\/wp-json\/wp\/v2\/users\/2"}],"replies":[{"embeddable":true,"href":"https:\/\/228news.tg\/index.php\/wp-json\/wp\/v2\/comments?post=1598"}],"version-history":[{"count":0,"href":"https:\/\/228news.tg\/index.php\/wp-json\/wp\/v2\/posts\/1598\/revisions"}],"wp:featuredmedia":[{"embeddable":true,"href":"https:\/\/228news.tg\/index.php\/wp-json\/wp\/v2\/media\/1599"}],"wp:attachment":[{"href":"https:\/\/228news.tg\/index.php\/wp-json\/wp\/v2\/media?parent=1598"}],"wp:term":[{"taxonomy":"category","embeddable":true,"href":"https:\/\/228news.tg\/index.php\/wp-json\/wp\/v2\/categories?post=1598"},{"taxonomy":"post_tag","embeddable":true,"href":"https:\/\/228news.tg\/index.php\/wp-json\/wp\/v2\/tags?post=1598"}],"curies":[{"name":"wp","href":"https:\/\/api.w.org\/{rel}","templated":true}]}}