{"id":1571,"date":"2018-07-18T00:00:00","date_gmt":"2018-07-18T00:00:00","guid":{"rendered":"https:\/\/228news.tg\/index.php\/2018\/07\/18\/lanvt-recrute-un-vir-pour-une-mission-a-agen-lot-et-garonne-en-france\/"},"modified":"2018-07-18T00:00:00","modified_gmt":"2018-07-18T00:00:00","slug":"lanvt-recrute-un-vir-pour-une-mission-a-agen-lot-et-garonne-en-france","status":"publish","type":"post","link":"https:\/\/228news.tg\/index.php\/2018\/07\/18\/lanvt-recrute-un-vir-pour-une-mission-a-agen-lot-et-garonne-en-france\/","title":{"rendered":"L\u2019ANVT recrute un VIR pour une mission \u00e0 Agen \u2013 Lot et Garonne en France"},"content":{"rendered":"<div class=\"td-header-wrap td-header-style-1 \">\n<div class=\"td-header-menu-wrap-full td-container-wrap \">\n<div class=\"td-header-menu-wrap td-header-gradient\">\n<div class=\"td-container td-header-row td-header-main-menu\">\n<div class=\"header-search-wrap\">\n<div class=\"td-search-btns-wrap\">\u0398228news (Lom\u00e9, le 18 juillet 2018)- L\u2019Agence Nationale du Volontariat au Togo (ANVT) et l\u2019Association Cool\u2019eurs du Monde, dans le cadre de la mise en \u0153uvre de leur partenariat sur le d\u00e9veloppement du volontariat international de r\u00e9ciprocit\u00e9, lancent un appel \u00e0 recrutement d\u2019un volontaire pour une mission d\u2019\u00e9change et de solidarit\u00e9 en France.<\/div>\n<\/div>\n<\/div>\n<\/div>\n<\/div>\n<\/div>\n<div class=\"td-main-content-wrap td-container-wrap\">\n<div class=\"td-container td-post-template-default \">\n<div class=\"td-pb-row\">\n<div class=\"td-pb-span8 td-main-content\">\n<div class=\"td-ss-main-content\">\n<article id=\"post-1516\" class=\"post-1516 post type-post status-publish format-standard has-post-thumbnail hentry category-actualites category-economie\">\n<div class=\"td-post-content\">\n<p>Intitul\u00e9 de la mission : Ambassadeur de la r\u00e9ciprocit\u00e9 dans les engagements citoyens \u00e0 l\u2019international.<br \/>\nMission : Aider \u00e0 l\u2019apprentissage de la langue fran\u00e7aise et favoriser l\u2019ouverture sur l\u2019ext\u00e9rieur pour les adultes demandeurs d\u2019asile avec l\u2019Association Sauvegarde \u2013 France.<br \/>\nPays : France<br \/>\nLieu de r\u00e9alisation: Agen \u2013 Lot et Garonne \u2013 France (1h30 de Bordeaux)<br \/>\nP\u00e9riode de la mission : Date de d\u00e9marrage : Novembre 2018 \/ Date de fin : Juin 2019<br \/>\nProfil demand\u00e9 :<br \/>\nJeune togolais \u00e2g\u00e9 entre 18 ans et 25 ans (\u00eatre n\u00e9 apr\u00e8s d\u00e9cembre 1992)<br \/>\nEtre autonome, adaptable, curieux et plein d\u2019id\u00e9es<br \/>\nSavoir parler, lire et \u00e9crire tr\u00e8s bien le fran\u00e7ais<br \/>\nAimer aller au contact des gens, \u00eatre tr\u00e8s empathique<br \/>\nEtre un bon animateur (ce) et \u00e0 l\u2019aise devant un public d\u2019enfants<br \/>\nBonne humeur, sens de l\u2019humour, bienveillance, ouverture d\u2019esprit, sociabilit\u00e9.<\/p>\n<p>Date limite des d\u00e9p\u00f4ts de candidatures<\/p>\n<p>Les candidats int\u00e9ress\u00e9s par cet avis sont pri\u00e9s d\u2019envoyer leur dossier de candidature au plus tard le 27 juillet 2018 \u00e0 17 heures GMT aux adresses mobilisation@togoanvt.org en pr\u00e9cisant en objet l\u2019intitul\u00e9 de la mission.<\/p>\n<p>Dossier de candidatures:<\/p>\n<p>Une lettre de motivation adress\u00e9e au DG de l\u2019ANVT ;<br \/>\nUn curriculum vitae \u00e0 jour ;<br \/>\nUne copie de votre passeport en cours de validit\u00e9<\/p>\n<p>NB : Seuls les candidats pr\u00e9s\u00e9lectionn\u00e9s seront contact\u00e9s pour les entretiens.<\/p>\n<p>Pour plus d\u2019informations, veuillez t\u00e9l\u00e9charger la fiche de mission ici.<\/p>\n<p><strong><em>228news<\/em><\/strong><\/p>\n<p>&nbsp;<\/p>\n<\/div>\n<\/article>\n<\/div>\n<\/div>\n<\/div>\n<\/div>\n<\/div>\n","protected":false},"excerpt":{"rendered":"<p>\u0398228news (Lom\u00e9, le 18 juillet 2018)- L\u2019Agence Nationale du Volontariat au Togo (ANVT) et l\u2019Association Cool\u2019eurs du Monde, dans le cadre de la mise en \u0153uvre de leur partenariat sur le d\u00e9veloppement du volontariat international de r\u00e9ciprocit\u00e9, lancent un appel \u00e0 recrutement d\u2019un volontaire pour une mission d\u2019\u00e9change et de solidarit\u00e9 en France. Intitul\u00e9 de &#8230; <a title=\"L\u2019ANVT recrute un VIR pour une mission \u00e0 Agen \u2013 Lot et Garonne en France\" class=\"read-more\" href=\"https:\/\/228news.tg\/index.php\/2018\/07\/18\/lanvt-recrute-un-vir-pour-une-mission-a-agen-lot-et-garonne-en-france\/\" aria-label=\"En savoir plus sur L\u2019ANVT recrute un VIR pour une mission \u00e0 Agen \u2013 Lot et Garonne en France\">Lire la suite<\/a><\/p>\n","protected":false},"author":2,"featured_media":1572,"comment_status":"open","ping_status":"open","sticky":false,"template":"","format":"standard","meta":{"footnotes":""},"categories":[35,29,25,34],"tags":[],"class_list":["post-1571","post","type-post","status-publish","format-standard","has-post-thumbnail","hentry","category-flash","category-societe","category-togo","category-une"],"yoast_head":"<!-- This site is optimized with the Yoast SEO plugin v26.4 - https:\/\/yoast.com\/wordpress\/plugins\/seo\/ -->\n<title>L\u2019ANVT recrute un VIR pour une mission \u00e0 Agen \u2013 Lot et Garonne en France - 228 News<\/title>\n<meta name=\"robots\" content=\"index, follow, max-snippet:-1, max-image-preview:large, max-video-preview:-1\" \/>\n<link rel=\"canonical\" href=\"https:\/\/228news.tg\/index.php\/2018\/07\/18\/lanvt-recrute-un-vir-pour-une-mission-a-agen-lot-et-garonne-en-france\/\" \/>\n<meta property=\"og:locale\" content=\"fr_FR\" \/>\n<meta property=\"og:type\" content=\"article\" \/>\n<meta property=\"og:title\" content=\"L\u2019ANVT recrute un VIR pour une mission \u00e0 Agen \u2013 Lot et Garonne en France - 228 News\" \/>\n<meta property=\"og:description\" content=\"\u0398228news (Lom\u00e9, le 18 juillet 2018)- L\u2019Agence Nationale du Volontariat au Togo (ANVT) et l\u2019Association Cool\u2019eurs du Monde, dans le cadre de la mise en \u0153uvre de leur partenariat sur le d\u00e9veloppement du volontariat international de r\u00e9ciprocit\u00e9, lancent un appel \u00e0 recrutement d\u2019un volontaire pour une mission d\u2019\u00e9change et de solidarit\u00e9 en France. Intitul\u00e9 de ... Lire la suite\" \/>\n<meta property=\"og:url\" content=\"https:\/\/228news.tg\/index.php\/2018\/07\/18\/lanvt-recrute-un-vir-pour-une-mission-a-agen-lot-et-garonne-en-france\/\" \/>\n<meta property=\"og:site_name\" content=\"228 News\" \/>\n<meta property=\"article:published_time\" content=\"2018-07-18T00:00:00+00:00\" \/>\n<meta property=\"og:image\" content=\"https:\/\/228news.tg\/wp-content\/uploads\/2024\/09\/Image-candidature-VIR.jpg\" \/>\n\t<meta property=\"og:image:width\" content=\"400\" \/>\n\t<meta property=\"og:image:height\" content=\"279\" \/>\n\t<meta property=\"og:image:type\" content=\"image\/jpeg\" \/>\n<meta name=\"author\" content=\"Bienvenu SAVI\" \/>\n<meta name=\"twitter:card\" content=\"summary_large_image\" \/>\n<meta name=\"twitter:label1\" content=\"\u00c9crit par\" \/>\n\t<meta name=\"twitter:data1\" content=\"Bienvenu SAVI\" \/>\n\t<meta name=\"twitter:label2\" content=\"Dur\u00e9e de lecture estim\u00e9e\" \/>\n\t<meta name=\"twitter:data2\" content=\"2 minutes\" \/>\n<script type=\"application\/ld+json\" class=\"yoast-schema-graph\">{\"@context\":\"https:\/\/schema.org\",\"@graph\":[{\"@type\":\"Article\",\"@id\":\"https:\/\/228news.tg\/index.php\/2018\/07\/18\/lanvt-recrute-un-vir-pour-une-mission-a-agen-lot-et-garonne-en-france\/#article\",\"isPartOf\":{\"@id\":\"https:\/\/228news.tg\/index.php\/2018\/07\/18\/lanvt-recrute-un-vir-pour-une-mission-a-agen-lot-et-garonne-en-france\/\"},\"author\":{\"name\":\"Bienvenu SAVI\",\"@id\":\"https:\/\/228news.tg\/#\/schema\/person\/68d5a6cc0230290e61235c8379523f52\"},\"headline\":\"L\u2019ANVT recrute un VIR pour une mission \u00e0 Agen \u2013 Lot et Garonne en France\",\"datePublished\":\"2018-07-18T00:00:00+00:00\",\"mainEntityOfPage\":{\"@id\":\"https:\/\/228news.tg\/index.php\/2018\/07\/18\/lanvt-recrute-un-vir-pour-une-mission-a-agen-lot-et-garonne-en-france\/\"},\"wordCount\":315,\"commentCount\":0,\"publisher\":{\"@id\":\"https:\/\/228news.tg\/#organization\"},\"image\":{\"@id\":\"https:\/\/228news.tg\/index.php\/2018\/07\/18\/lanvt-recrute-un-vir-pour-une-mission-a-agen-lot-et-garonne-en-france\/#primaryimage\"},\"thumbnailUrl\":\"https:\/\/228news.tg\/wp-content\/uploads\/2024\/09\/Image-candidature-VIR.jpg\",\"articleSection\":[\"Flash\",\"SOCIETE\",\"TOGO\",\"Une\"],\"inLanguage\":\"fr-FR\",\"potentialAction\":[{\"@type\":\"CommentAction\",\"name\":\"Comment\",\"target\":[\"https:\/\/228news.tg\/index.php\/2018\/07\/18\/lanvt-recrute-un-vir-pour-une-mission-a-agen-lot-et-garonne-en-france\/#respond\"]}]},{\"@type\":\"WebPage\",\"@id\":\"https:\/\/228news.tg\/index.php\/2018\/07\/18\/lanvt-recrute-un-vir-pour-une-mission-a-agen-lot-et-garonne-en-france\/\",\"url\":\"https:\/\/228news.tg\/index.php\/2018\/07\/18\/lanvt-recrute-un-vir-pour-une-mission-a-agen-lot-et-garonne-en-france\/\",\"name\":\"L\u2019ANVT recrute un VIR pour une mission \u00e0 Agen \u2013 Lot et Garonne en France - 228 News\",\"isPartOf\":{\"@id\":\"https:\/\/228news.tg\/#website\"},\"primaryImageOfPage\":{\"@id\":\"https:\/\/228news.tg\/index.php\/2018\/07\/18\/lanvt-recrute-un-vir-pour-une-mission-a-agen-lot-et-garonne-en-france\/#primaryimage\"},\"image\":{\"@id\":\"https:\/\/228news.tg\/index.php\/2018\/07\/18\/lanvt-recrute-un-vir-pour-une-mission-a-agen-lot-et-garonne-en-france\/#primaryimage\"},\"thumbnailUrl\":\"https:\/\/228news.tg\/wp-content\/uploads\/2024\/09\/Image-candidature-VIR.jpg\",\"datePublished\":\"2018-07-18T00:00:00+00:00\",\"breadcrumb\":{\"@id\":\"https:\/\/228news.tg\/index.php\/2018\/07\/18\/lanvt-recrute-un-vir-pour-une-mission-a-agen-lot-et-garonne-en-france\/#breadcrumb\"},\"inLanguage\":\"fr-FR\",\"potentialAction\":[{\"@type\":\"ReadAction\",\"target\":[\"https:\/\/228news.tg\/index.php\/2018\/07\/18\/lanvt-recrute-un-vir-pour-une-mission-a-agen-lot-et-garonne-en-france\/\"]}]},{\"@type\":\"ImageObject\",\"inLanguage\":\"fr-FR\",\"@id\":\"https:\/\/228news.tg\/index.php\/2018\/07\/18\/lanvt-recrute-un-vir-pour-une-mission-a-agen-lot-et-garonne-en-france\/#primaryimage\",\"url\":\"https:\/\/228news.tg\/wp-content\/uploads\/2024\/09\/Image-candidature-VIR.jpg\",\"contentUrl\":\"https:\/\/228news.tg\/wp-content\/uploads\/2024\/09\/Image-candidature-VIR.jpg\",\"width\":400,\"height\":279},{\"@type\":\"BreadcrumbList\",\"@id\":\"https:\/\/228news.tg\/index.php\/2018\/07\/18\/lanvt-recrute-un-vir-pour-une-mission-a-agen-lot-et-garonne-en-france\/#breadcrumb\",\"itemListElement\":[{\"@type\":\"ListItem\",\"position\":1,\"name\":\"Home\",\"item\":\"https:\/\/228news.tg\/\"},{\"@type\":\"ListItem\",\"position\":2,\"name\":\"L\u2019ANVT recrute un VIR pour une mission \u00e0 Agen \u2013 Lot et Garonne en France\"}]},{\"@type\":\"WebSite\",\"@id\":\"https:\/\/228news.tg\/#website\",\"url\":\"https:\/\/228news.tg\/\",\"name\":\"228 News\",\"description\":\"Soci\u00e9t\u00e9 de m\u00e9dias et d\u2019actualit\u00e9s\",\"publisher\":{\"@id\":\"https:\/\/228news.tg\/#organization\"},\"potentialAction\":[{\"@type\":\"SearchAction\",\"target\":{\"@type\":\"EntryPoint\",\"urlTemplate\":\"https:\/\/228news.tg\/?s={search_term_string}\"},\"query-input\":{\"@type\":\"PropertyValueSpecification\",\"valueRequired\":true,\"valueName\":\"search_term_string\"}}],\"inLanguage\":\"fr-FR\"},{\"@type\":\"Organization\",\"@id\":\"https:\/\/228news.tg\/#organization\",\"name\":\"228 News\",\"url\":\"https:\/\/228news.tg\/\",\"logo\":{\"@type\":\"ImageObject\",\"inLanguage\":\"fr-FR\",\"@id\":\"https:\/\/228news.tg\/#\/schema\/logo\/image\/\",\"url\":\"https:\/\/228news.tg\/wp-content\/uploads\/2024\/09\/logonew.png\",\"contentUrl\":\"https:\/\/228news.tg\/wp-content\/uploads\/2024\/09\/logonew.png\",\"width\":1640,\"height\":364,\"caption\":\"228 News\"},\"image\":{\"@id\":\"https:\/\/228news.tg\/#\/schema\/logo\/image\/\"}},{\"@type\":\"Person\",\"@id\":\"https:\/\/228news.tg\/#\/schema\/person\/68d5a6cc0230290e61235c8379523f52\",\"name\":\"Bienvenu SAVI\",\"image\":{\"@type\":\"ImageObject\",\"inLanguage\":\"fr-FR\",\"@id\":\"https:\/\/228news.tg\/#\/schema\/person\/image\/\",\"url\":\"https:\/\/secure.gravatar.com\/avatar\/9db91895c559e510509c33a3e9683998458e9b828fac36d5d1aa23f0f2fd369b?s=96&d=mm&r=g\",\"contentUrl\":\"https:\/\/secure.gravatar.com\/avatar\/9db91895c559e510509c33a3e9683998458e9b828fac36d5d1aa23f0f2fd369b?s=96&d=mm&r=g\",\"caption\":\"Bienvenu SAVI\"},\"url\":\"https:\/\/228news.tg\/index.php\/author\/bienvenu\/\"}]}<\/script>\n<!-- \/ Yoast SEO plugin. -->","yoast_head_json":{"title":"L\u2019ANVT recrute un VIR pour une mission \u00e0 Agen \u2013 Lot et Garonne en France - 228 News","robots":{"index":"index","follow":"follow","max-snippet":"max-snippet:-1","max-image-preview":"max-image-preview:large","max-video-preview":"max-video-preview:-1"},"canonical":"https:\/\/228news.tg\/index.php\/2018\/07\/18\/lanvt-recrute-un-vir-pour-une-mission-a-agen-lot-et-garonne-en-france\/","og_locale":"fr_FR","og_type":"article","og_title":"L\u2019ANVT recrute un VIR pour une mission \u00e0 Agen \u2013 Lot et Garonne en France - 228 News","og_description":"\u0398228news (Lom\u00e9, le 18 juillet 2018)- L\u2019Agence Nationale du Volontariat au Togo (ANVT) et l\u2019Association Cool\u2019eurs du Monde, dans le cadre de la mise en \u0153uvre de leur partenariat sur le d\u00e9veloppement du volontariat international de r\u00e9ciprocit\u00e9, lancent un appel \u00e0 recrutement d\u2019un volontaire pour une mission d\u2019\u00e9change et de solidarit\u00e9 en France. Intitul\u00e9 de ... Lire la suite","og_url":"https:\/\/228news.tg\/index.php\/2018\/07\/18\/lanvt-recrute-un-vir-pour-une-mission-a-agen-lot-et-garonne-en-france\/","og_site_name":"228 News","article_published_time":"2018-07-18T00:00:00+00:00","og_image":[{"width":400,"height":279,"url":"https:\/\/228news.tg\/wp-content\/uploads\/2024\/09\/Image-candidature-VIR.jpg","type":"image\/jpeg"}],"author":"Bienvenu SAVI","twitter_card":"summary_large_image","twitter_misc":{"\u00c9crit par":"Bienvenu SAVI","Dur\u00e9e de lecture estim\u00e9e":"2 minutes"},"schema":{"@context":"https:\/\/schema.org","@graph":[{"@type":"Article","@id":"https:\/\/228news.tg\/index.php\/2018\/07\/18\/lanvt-recrute-un-vir-pour-une-mission-a-agen-lot-et-garonne-en-france\/#article","isPartOf":{"@id":"https:\/\/228news.tg\/index.php\/2018\/07\/18\/lanvt-recrute-un-vir-pour-une-mission-a-agen-lot-et-garonne-en-france\/"},"author":{"name":"Bienvenu SAVI","@id":"https:\/\/228news.tg\/#\/schema\/person\/68d5a6cc0230290e61235c8379523f52"},"headline":"L\u2019ANVT recrute un VIR pour une mission \u00e0 Agen \u2013 Lot et Garonne en France","datePublished":"2018-07-18T00:00:00+00:00","mainEntityOfPage":{"@id":"https:\/\/228news.tg\/index.php\/2018\/07\/18\/lanvt-recrute-un-vir-pour-une-mission-a-agen-lot-et-garonne-en-france\/"},"wordCount":315,"commentCount":0,"publisher":{"@id":"https:\/\/228news.tg\/#organization"},"image":{"@id":"https:\/\/228news.tg\/index.php\/2018\/07\/18\/lanvt-recrute-un-vir-pour-une-mission-a-agen-lot-et-garonne-en-france\/#primaryimage"},"thumbnailUrl":"https:\/\/228news.tg\/wp-content\/uploads\/2024\/09\/Image-candidature-VIR.jpg","articleSection":["Flash","SOCIETE","TOGO","Une"],"inLanguage":"fr-FR","potentialAction":[{"@type":"CommentAction","name":"Comment","target":["https:\/\/228news.tg\/index.php\/2018\/07\/18\/lanvt-recrute-un-vir-pour-une-mission-a-agen-lot-et-garonne-en-france\/#respond"]}]},{"@type":"WebPage","@id":"https:\/\/228news.tg\/index.php\/2018\/07\/18\/lanvt-recrute-un-vir-pour-une-mission-a-agen-lot-et-garonne-en-france\/","url":"https:\/\/228news.tg\/index.php\/2018\/07\/18\/lanvt-recrute-un-vir-pour-une-mission-a-agen-lot-et-garonne-en-france\/","name":"L\u2019ANVT recrute un VIR pour une mission \u00e0 Agen \u2013 Lot et Garonne en France - 228 News","isPartOf":{"@id":"https:\/\/228news.tg\/#website"},"primaryImageOfPage":{"@id":"https:\/\/228news.tg\/index.php\/2018\/07\/18\/lanvt-recrute-un-vir-pour-une-mission-a-agen-lot-et-garonne-en-france\/#primaryimage"},"image":{"@id":"https:\/\/228news.tg\/index.php\/2018\/07\/18\/lanvt-recrute-un-vir-pour-une-mission-a-agen-lot-et-garonne-en-france\/#primaryimage"},"thumbnailUrl":"https:\/\/228news.tg\/wp-content\/uploads\/2024\/09\/Image-candidature-VIR.jpg","datePublished":"2018-07-18T00:00:00+00:00","breadcrumb":{"@id":"https:\/\/228news.tg\/index.php\/2018\/07\/18\/lanvt-recrute-un-vir-pour-une-mission-a-agen-lot-et-garonne-en-france\/#breadcrumb"},"inLanguage":"fr-FR","potentialAction":[{"@type":"ReadAction","target":["https:\/\/228news.tg\/index.php\/2018\/07\/18\/lanvt-recrute-un-vir-pour-une-mission-a-agen-lot-et-garonne-en-france\/"]}]},{"@type":"ImageObject","inLanguage":"fr-FR","@id":"https:\/\/228news.tg\/index.php\/2018\/07\/18\/lanvt-recrute-un-vir-pour-une-mission-a-agen-lot-et-garonne-en-france\/#primaryimage","url":"https:\/\/228news.tg\/wp-content\/uploads\/2024\/09\/Image-candidature-VIR.jpg","contentUrl":"https:\/\/228news.tg\/wp-content\/uploads\/2024\/09\/Image-candidature-VIR.jpg","width":400,"height":279},{"@type":"BreadcrumbList","@id":"https:\/\/228news.tg\/index.php\/2018\/07\/18\/lanvt-recrute-un-vir-pour-une-mission-a-agen-lot-et-garonne-en-france\/#breadcrumb","itemListElement":[{"@type":"ListItem","position":1,"name":"Home","item":"https:\/\/228news.tg\/"},{"@type":"ListItem","position":2,"name":"L\u2019ANVT recrute un VIR pour une mission \u00e0 Agen \u2013 Lot et Garonne en France"}]},{"@type":"WebSite","@id":"https:\/\/228news.tg\/#website","url":"https:\/\/228news.tg\/","name":"228 News","description":"Soci\u00e9t\u00e9 de m\u00e9dias et d\u2019actualit\u00e9s","publisher":{"@id":"https:\/\/228news.tg\/#organization"},"potentialAction":[{"@type":"SearchAction","target":{"@type":"EntryPoint","urlTemplate":"https:\/\/228news.tg\/?s={search_term_string}"},"query-input":{"@type":"PropertyValueSpecification","valueRequired":true,"valueName":"search_term_string"}}],"inLanguage":"fr-FR"},{"@type":"Organization","@id":"https:\/\/228news.tg\/#organization","name":"228 News","url":"https:\/\/228news.tg\/","logo":{"@type":"ImageObject","inLanguage":"fr-FR","@id":"https:\/\/228news.tg\/#\/schema\/logo\/image\/","url":"https:\/\/228news.tg\/wp-content\/uploads\/2024\/09\/logonew.png","contentUrl":"https:\/\/228news.tg\/wp-content\/uploads\/2024\/09\/logonew.png","width":1640,"height":364,"caption":"228 News"},"image":{"@id":"https:\/\/228news.tg\/#\/schema\/logo\/image\/"}},{"@type":"Person","@id":"https:\/\/228news.tg\/#\/schema\/person\/68d5a6cc0230290e61235c8379523f52","name":"Bienvenu SAVI","image":{"@type":"ImageObject","inLanguage":"fr-FR","@id":"https:\/\/228news.tg\/#\/schema\/person\/image\/","url":"https:\/\/secure.gravatar.com\/avatar\/9db91895c559e510509c33a3e9683998458e9b828fac36d5d1aa23f0f2fd369b?s=96&d=mm&r=g","contentUrl":"https:\/\/secure.gravatar.com\/avatar\/9db91895c559e510509c33a3e9683998458e9b828fac36d5d1aa23f0f2fd369b?s=96&d=mm&r=g","caption":"Bienvenu SAVI"},"url":"https:\/\/228news.tg\/index.php\/author\/bienvenu\/"}]}},"jetpack_featured_media_url":"https:\/\/228news.tg\/wp-content\/uploads\/2024\/09\/Image-candidature-VIR.jpg","_links":{"self":[{"href":"https:\/\/228news.tg\/index.php\/wp-json\/wp\/v2\/posts\/1571","targetHints":{"allow":["GET"]}}],"collection":[{"href":"https:\/\/228news.tg\/index.php\/wp-json\/wp\/v2\/posts"}],"about":[{"href":"https:\/\/228news.tg\/index.php\/wp-json\/wp\/v2\/types\/post"}],"author":[{"embeddable":true,"href":"https:\/\/228news.tg\/index.php\/wp-json\/wp\/v2\/users\/2"}],"replies":[{"embeddable":true,"href":"https:\/\/228news.tg\/index.php\/wp-json\/wp\/v2\/comments?post=1571"}],"version-history":[{"count":0,"href":"https:\/\/228news.tg\/index.php\/wp-json\/wp\/v2\/posts\/1571\/revisions"}],"wp:featuredmedia":[{"embeddable":true,"href":"https:\/\/228news.tg\/index.php\/wp-json\/wp\/v2\/media\/1572"}],"wp:attachment":[{"href":"https:\/\/228news.tg\/index.php\/wp-json\/wp\/v2\/media?parent=1571"}],"wp:term":[{"taxonomy":"category","embeddable":true,"href":"https:\/\/228news.tg\/index.php\/wp-json\/wp\/v2\/categories?post=1571"},{"taxonomy":"post_tag","embeddable":true,"href":"https:\/\/228news.tg\/index.php\/wp-json\/wp\/v2\/tags?post=1571"}],"curies":[{"name":"wp","href":"https:\/\/api.w.org\/{rel}","templated":true}]}}