{"id":1559,"date":"2018-07-02T00:00:00","date_gmt":"2018-07-02T00:00:00","guid":{"rendered":"https:\/\/228news.tg\/index.php\/2018\/07\/02\/lonecca-fete-ses-15-ans-une-semaine-pour-mieux-faire-la-profession-de-comptable\/"},"modified":"2018-07-02T00:00:00","modified_gmt":"2018-07-02T00:00:00","slug":"lonecca-fete-ses-15-ans-une-semaine-pour-mieux-faire-la-profession-de-comptable","status":"publish","type":"post","link":"https:\/\/228news.tg\/index.php\/2018\/07\/02\/lonecca-fete-ses-15-ans-une-semaine-pour-mieux-faire-la-profession-de-comptable\/","title":{"rendered":"L&rsquo;ONECCA f\u00eate ses 15 ans: Une semaine pour mieux faire la profession de comptable"},"content":{"rendered":"<p>\u0398228news (Lom\u00e9, le 02 juillet 2018)- L&rsquo;Ordre National des Experts Comptables et Comptables Agr\u00e9\u00e9s au Togo ( ONECCA-Togo) c\u00e9l\u00e8bre ses quinze ans d&rsquo;existence cette ann\u00e9e. \u00c0 cette occasion, cette corporation a initi\u00e9 une semaine de la profession de comptable, lanc\u00e9e ce lundi 02 juillet dans la capitale togolaise.<br \/>\nPour M. Djidotor Yawo, Pr\u00e9sident en exercice de l&rsquo;ONECCA-Togo, il s&rsquo;agira essentiellement au cours de la semaine de porter un coup de projecteur sur les activit\u00e9s de l&rsquo;ordre afin de le faire davantage conna\u00eetre au grand public.<br \/>\n\u00a0\u00bb Nous allons marquer la semaine de profession de compagne par des sensibilisations, des conf\u00e9rences, des \u00e9missions sur les m\u00e9dias dont les cibles seront les \u00e9tudiants, les pouvoirs publics, les op\u00e9rateurs \u00e9conomiques et toute la population. l&rsquo;apoth\u00e9ose sera une conf\u00e9rence d\u00e9bat que nous tiendrons le vendredi prochain \u00e0 l&rsquo;Agora Senghor o\u00f9 nous attendons au moins 500 participants.\u00a0\u00bb, a confi\u00e9 le Pr\u00e9sident avant d&rsquo;exhorter ses coll\u00e8gues \u00e0 \u0153uvrer davantage au d\u00e9veloppement de l&rsquo;ordre.<br \/>\nIl a \u00e9galement dress\u00e9 un bilan satisfaisant de fonctionnement de l&rsquo;ONECCA-Togo pendant 15 ans, marqu\u00e9s par des formations dans la zone UEMOA, des sensibilisations et des orientations des jeunes et \u00e9tudiants \u00e0 la profession de comptable. Pour l&rsquo;occasion il les exhort\u00e9 une fois de plus \u00e0 prendre le pari.<br \/>\n\u00a0\u00bb L&rsquo;expertise comptable est la seule profession qui ne dispose d&rsquo;aucun ch\u00f4meur dipl\u00f4m\u00e9\u00a0\u00bb a t&rsquo;il l\u00e2ch\u00e9.<br \/>\nD&rsquo;une cinquantaine au d\u00e9but, l&rsquo;ONECCA-Togo compte \u00e0 ce jour une centaine de membres, experts comptables et comptables agr\u00e9\u00e9s. L&rsquo;ordre entend s&rsquo;ouvrir davantage \u00e0 cette frange de comptables agr\u00e9\u00e9s afin d\u00e9 grossir ses rangs et assurer la rel\u00e8ve.<br \/>\n<strong>D\u00e9mocrate <\/strong><br \/>\n<strong>(00228) 91 85 40 14<\/strong><br \/>\n<strong>98 60 67 68<\/strong><br \/>\n<strong>democrate2010@gmail.com<\/strong><\/p>\n","protected":false},"excerpt":{"rendered":"<p>\u0398228news (Lom\u00e9, le 02 juillet 2018)- L&rsquo;Ordre National des Experts Comptables et Comptables Agr\u00e9\u00e9s au Togo ( ONECCA-Togo) c\u00e9l\u00e8bre ses quinze ans d&rsquo;existence cette ann\u00e9e. \u00c0 cette occasion, cette corporation a initi\u00e9 une semaine de la profession de comptable, lanc\u00e9e ce lundi 02 juillet dans la capitale togolaise. Pour M. Djidotor Yawo, Pr\u00e9sident en exercice &#8230; <a title=\"L&rsquo;ONECCA f\u00eate ses 15 ans: Une semaine pour mieux faire la profession de comptable\" class=\"read-more\" href=\"https:\/\/228news.tg\/index.php\/2018\/07\/02\/lonecca-fete-ses-15-ans-une-semaine-pour-mieux-faire-la-profession-de-comptable\/\" aria-label=\"En savoir plus sur L&rsquo;ONECCA f\u00eate ses 15 ans: Une semaine pour mieux faire la profession de comptable\">Lire la suite<\/a><\/p>\n","protected":false},"author":2,"featured_media":1560,"comment_status":"open","ping_status":"open","sticky":false,"template":"","format":"standard","meta":{"footnotes":""},"categories":[35,29,25,34],"tags":[],"class_list":["post-1559","post","type-post","status-publish","format-standard","has-post-thumbnail","hentry","category-flash","category-societe","category-togo","category-une"],"yoast_head":"<!-- This site is optimized with the Yoast SEO plugin v26.4 - https:\/\/yoast.com\/wordpress\/plugins\/seo\/ -->\n<title>L&#039;ONECCA f\u00eate ses 15 ans: Une semaine pour mieux faire la profession de comptable - 228 News<\/title>\n<meta name=\"robots\" content=\"index, follow, max-snippet:-1, max-image-preview:large, max-video-preview:-1\" \/>\n<link rel=\"canonical\" href=\"https:\/\/228news.tg\/index.php\/2018\/07\/02\/lonecca-fete-ses-15-ans-une-semaine-pour-mieux-faire-la-profession-de-comptable\/\" \/>\n<meta property=\"og:locale\" content=\"fr_FR\" \/>\n<meta property=\"og:type\" content=\"article\" \/>\n<meta property=\"og:title\" content=\"L&#039;ONECCA f\u00eate ses 15 ans: Une semaine pour mieux faire la profession de comptable - 228 News\" \/>\n<meta property=\"og:description\" content=\"\u0398228news (Lom\u00e9, le 02 juillet 2018)- L&rsquo;Ordre National des Experts Comptables et Comptables Agr\u00e9\u00e9s au Togo ( ONECCA-Togo) c\u00e9l\u00e8bre ses quinze ans d&rsquo;existence cette ann\u00e9e. \u00c0 cette occasion, cette corporation a initi\u00e9 une semaine de la profession de comptable, lanc\u00e9e ce lundi 02 juillet dans la capitale togolaise. Pour M. Djidotor Yawo, Pr\u00e9sident en exercice ... Lire la suite\" \/>\n<meta property=\"og:url\" content=\"https:\/\/228news.tg\/index.php\/2018\/07\/02\/lonecca-fete-ses-15-ans-une-semaine-pour-mieux-faire-la-profession-de-comptable\/\" \/>\n<meta property=\"og:site_name\" content=\"228 News\" \/>\n<meta property=\"article:published_time\" content=\"2018-07-02T00:00:00+00:00\" \/>\n<meta property=\"og:image\" content=\"https:\/\/228news.tg\/wp-content\/uploads\/2024\/09\/IMG_20180702_101727.jpg\" \/>\n\t<meta property=\"og:image:width\" content=\"2560\" \/>\n\t<meta property=\"og:image:height\" content=\"1920\" \/>\n\t<meta property=\"og:image:type\" content=\"image\/jpeg\" \/>\n<meta name=\"author\" content=\"Bienvenu SAVI\" \/>\n<meta name=\"twitter:card\" content=\"summary_large_image\" \/>\n<meta name=\"twitter:label1\" content=\"\u00c9crit par\" \/>\n\t<meta name=\"twitter:data1\" content=\"Bienvenu SAVI\" \/>\n\t<meta name=\"twitter:label2\" content=\"Dur\u00e9e de lecture estim\u00e9e\" \/>\n\t<meta name=\"twitter:data2\" content=\"1 minute\" \/>\n<script type=\"application\/ld+json\" class=\"yoast-schema-graph\">{\"@context\":\"https:\/\/schema.org\",\"@graph\":[{\"@type\":\"Article\",\"@id\":\"https:\/\/228news.tg\/index.php\/2018\/07\/02\/lonecca-fete-ses-15-ans-une-semaine-pour-mieux-faire-la-profession-de-comptable\/#article\",\"isPartOf\":{\"@id\":\"https:\/\/228news.tg\/index.php\/2018\/07\/02\/lonecca-fete-ses-15-ans-une-semaine-pour-mieux-faire-la-profession-de-comptable\/\"},\"author\":{\"name\":\"Bienvenu SAVI\",\"@id\":\"https:\/\/228news.tg\/#\/schema\/person\/68d5a6cc0230290e61235c8379523f52\"},\"headline\":\"L&rsquo;ONECCA f\u00eate ses 15 ans: Une semaine pour mieux faire la profession de comptable\",\"datePublished\":\"2018-07-02T00:00:00+00:00\",\"mainEntityOfPage\":{\"@id\":\"https:\/\/228news.tg\/index.php\/2018\/07\/02\/lonecca-fete-ses-15-ans-une-semaine-pour-mieux-faire-la-profession-de-comptable\/\"},\"wordCount\":308,\"commentCount\":0,\"publisher\":{\"@id\":\"https:\/\/228news.tg\/#organization\"},\"image\":{\"@id\":\"https:\/\/228news.tg\/index.php\/2018\/07\/02\/lonecca-fete-ses-15-ans-une-semaine-pour-mieux-faire-la-profession-de-comptable\/#primaryimage\"},\"thumbnailUrl\":\"https:\/\/228news.tg\/wp-content\/uploads\/2024\/09\/IMG_20180702_101727.jpg\",\"articleSection\":[\"Flash\",\"SOCIETE\",\"TOGO\",\"Une\"],\"inLanguage\":\"fr-FR\",\"potentialAction\":[{\"@type\":\"CommentAction\",\"name\":\"Comment\",\"target\":[\"https:\/\/228news.tg\/index.php\/2018\/07\/02\/lonecca-fete-ses-15-ans-une-semaine-pour-mieux-faire-la-profession-de-comptable\/#respond\"]}]},{\"@type\":\"WebPage\",\"@id\":\"https:\/\/228news.tg\/index.php\/2018\/07\/02\/lonecca-fete-ses-15-ans-une-semaine-pour-mieux-faire-la-profession-de-comptable\/\",\"url\":\"https:\/\/228news.tg\/index.php\/2018\/07\/02\/lonecca-fete-ses-15-ans-une-semaine-pour-mieux-faire-la-profession-de-comptable\/\",\"name\":\"L'ONECCA f\u00eate ses 15 ans: Une semaine pour mieux faire la profession de comptable - 228 News\",\"isPartOf\":{\"@id\":\"https:\/\/228news.tg\/#website\"},\"primaryImageOfPage\":{\"@id\":\"https:\/\/228news.tg\/index.php\/2018\/07\/02\/lonecca-fete-ses-15-ans-une-semaine-pour-mieux-faire-la-profession-de-comptable\/#primaryimage\"},\"image\":{\"@id\":\"https:\/\/228news.tg\/index.php\/2018\/07\/02\/lonecca-fete-ses-15-ans-une-semaine-pour-mieux-faire-la-profession-de-comptable\/#primaryimage\"},\"thumbnailUrl\":\"https:\/\/228news.tg\/wp-content\/uploads\/2024\/09\/IMG_20180702_101727.jpg\",\"datePublished\":\"2018-07-02T00:00:00+00:00\",\"breadcrumb\":{\"@id\":\"https:\/\/228news.tg\/index.php\/2018\/07\/02\/lonecca-fete-ses-15-ans-une-semaine-pour-mieux-faire-la-profession-de-comptable\/#breadcrumb\"},\"inLanguage\":\"fr-FR\",\"potentialAction\":[{\"@type\":\"ReadAction\",\"target\":[\"https:\/\/228news.tg\/index.php\/2018\/07\/02\/lonecca-fete-ses-15-ans-une-semaine-pour-mieux-faire-la-profession-de-comptable\/\"]}]},{\"@type\":\"ImageObject\",\"inLanguage\":\"fr-FR\",\"@id\":\"https:\/\/228news.tg\/index.php\/2018\/07\/02\/lonecca-fete-ses-15-ans-une-semaine-pour-mieux-faire-la-profession-de-comptable\/#primaryimage\",\"url\":\"https:\/\/228news.tg\/wp-content\/uploads\/2024\/09\/IMG_20180702_101727.jpg\",\"contentUrl\":\"https:\/\/228news.tg\/wp-content\/uploads\/2024\/09\/IMG_20180702_101727.jpg\",\"width\":2560,\"height\":1920},{\"@type\":\"BreadcrumbList\",\"@id\":\"https:\/\/228news.tg\/index.php\/2018\/07\/02\/lonecca-fete-ses-15-ans-une-semaine-pour-mieux-faire-la-profession-de-comptable\/#breadcrumb\",\"itemListElement\":[{\"@type\":\"ListItem\",\"position\":1,\"name\":\"Home\",\"item\":\"https:\/\/228news.tg\/\"},{\"@type\":\"ListItem\",\"position\":2,\"name\":\"L&rsquo;ONECCA f\u00eate ses 15 ans: Une semaine pour mieux faire la profession de comptable\"}]},{\"@type\":\"WebSite\",\"@id\":\"https:\/\/228news.tg\/#website\",\"url\":\"https:\/\/228news.tg\/\",\"name\":\"228 News\",\"description\":\"Soci\u00e9t\u00e9 de m\u00e9dias et d\u2019actualit\u00e9s\",\"publisher\":{\"@id\":\"https:\/\/228news.tg\/#organization\"},\"potentialAction\":[{\"@type\":\"SearchAction\",\"target\":{\"@type\":\"EntryPoint\",\"urlTemplate\":\"https:\/\/228news.tg\/?s={search_term_string}\"},\"query-input\":{\"@type\":\"PropertyValueSpecification\",\"valueRequired\":true,\"valueName\":\"search_term_string\"}}],\"inLanguage\":\"fr-FR\"},{\"@type\":\"Organization\",\"@id\":\"https:\/\/228news.tg\/#organization\",\"name\":\"228 News\",\"url\":\"https:\/\/228news.tg\/\",\"logo\":{\"@type\":\"ImageObject\",\"inLanguage\":\"fr-FR\",\"@id\":\"https:\/\/228news.tg\/#\/schema\/logo\/image\/\",\"url\":\"https:\/\/228news.tg\/wp-content\/uploads\/2024\/09\/logonew.png\",\"contentUrl\":\"https:\/\/228news.tg\/wp-content\/uploads\/2024\/09\/logonew.png\",\"width\":1640,\"height\":364,\"caption\":\"228 News\"},\"image\":{\"@id\":\"https:\/\/228news.tg\/#\/schema\/logo\/image\/\"}},{\"@type\":\"Person\",\"@id\":\"https:\/\/228news.tg\/#\/schema\/person\/68d5a6cc0230290e61235c8379523f52\",\"name\":\"Bienvenu SAVI\",\"image\":{\"@type\":\"ImageObject\",\"inLanguage\":\"fr-FR\",\"@id\":\"https:\/\/228news.tg\/#\/schema\/person\/image\/\",\"url\":\"https:\/\/secure.gravatar.com\/avatar\/9db91895c559e510509c33a3e9683998458e9b828fac36d5d1aa23f0f2fd369b?s=96&d=mm&r=g\",\"contentUrl\":\"https:\/\/secure.gravatar.com\/avatar\/9db91895c559e510509c33a3e9683998458e9b828fac36d5d1aa23f0f2fd369b?s=96&d=mm&r=g\",\"caption\":\"Bienvenu SAVI\"},\"url\":\"https:\/\/228news.tg\/index.php\/author\/bienvenu\/\"}]}<\/script>\n<!-- \/ Yoast SEO plugin. -->","yoast_head_json":{"title":"L'ONECCA f\u00eate ses 15 ans: Une semaine pour mieux faire la profession de comptable - 228 News","robots":{"index":"index","follow":"follow","max-snippet":"max-snippet:-1","max-image-preview":"max-image-preview:large","max-video-preview":"max-video-preview:-1"},"canonical":"https:\/\/228news.tg\/index.php\/2018\/07\/02\/lonecca-fete-ses-15-ans-une-semaine-pour-mieux-faire-la-profession-de-comptable\/","og_locale":"fr_FR","og_type":"article","og_title":"L'ONECCA f\u00eate ses 15 ans: Une semaine pour mieux faire la profession de comptable - 228 News","og_description":"\u0398228news (Lom\u00e9, le 02 juillet 2018)- L&rsquo;Ordre National des Experts Comptables et Comptables Agr\u00e9\u00e9s au Togo ( ONECCA-Togo) c\u00e9l\u00e8bre ses quinze ans d&rsquo;existence cette ann\u00e9e. \u00c0 cette occasion, cette corporation a initi\u00e9 une semaine de la profession de comptable, lanc\u00e9e ce lundi 02 juillet dans la capitale togolaise. Pour M. Djidotor Yawo, Pr\u00e9sident en exercice ... Lire la suite","og_url":"https:\/\/228news.tg\/index.php\/2018\/07\/02\/lonecca-fete-ses-15-ans-une-semaine-pour-mieux-faire-la-profession-de-comptable\/","og_site_name":"228 News","article_published_time":"2018-07-02T00:00:00+00:00","og_image":[{"width":2560,"height":1920,"url":"https:\/\/228news.tg\/wp-content\/uploads\/2024\/09\/IMG_20180702_101727.jpg","type":"image\/jpeg"}],"author":"Bienvenu SAVI","twitter_card":"summary_large_image","twitter_misc":{"\u00c9crit par":"Bienvenu SAVI","Dur\u00e9e de lecture estim\u00e9e":"1 minute"},"schema":{"@context":"https:\/\/schema.org","@graph":[{"@type":"Article","@id":"https:\/\/228news.tg\/index.php\/2018\/07\/02\/lonecca-fete-ses-15-ans-une-semaine-pour-mieux-faire-la-profession-de-comptable\/#article","isPartOf":{"@id":"https:\/\/228news.tg\/index.php\/2018\/07\/02\/lonecca-fete-ses-15-ans-une-semaine-pour-mieux-faire-la-profession-de-comptable\/"},"author":{"name":"Bienvenu SAVI","@id":"https:\/\/228news.tg\/#\/schema\/person\/68d5a6cc0230290e61235c8379523f52"},"headline":"L&rsquo;ONECCA f\u00eate ses 15 ans: Une semaine pour mieux faire la profession de comptable","datePublished":"2018-07-02T00:00:00+00:00","mainEntityOfPage":{"@id":"https:\/\/228news.tg\/index.php\/2018\/07\/02\/lonecca-fete-ses-15-ans-une-semaine-pour-mieux-faire-la-profession-de-comptable\/"},"wordCount":308,"commentCount":0,"publisher":{"@id":"https:\/\/228news.tg\/#organization"},"image":{"@id":"https:\/\/228news.tg\/index.php\/2018\/07\/02\/lonecca-fete-ses-15-ans-une-semaine-pour-mieux-faire-la-profession-de-comptable\/#primaryimage"},"thumbnailUrl":"https:\/\/228news.tg\/wp-content\/uploads\/2024\/09\/IMG_20180702_101727.jpg","articleSection":["Flash","SOCIETE","TOGO","Une"],"inLanguage":"fr-FR","potentialAction":[{"@type":"CommentAction","name":"Comment","target":["https:\/\/228news.tg\/index.php\/2018\/07\/02\/lonecca-fete-ses-15-ans-une-semaine-pour-mieux-faire-la-profession-de-comptable\/#respond"]}]},{"@type":"WebPage","@id":"https:\/\/228news.tg\/index.php\/2018\/07\/02\/lonecca-fete-ses-15-ans-une-semaine-pour-mieux-faire-la-profession-de-comptable\/","url":"https:\/\/228news.tg\/index.php\/2018\/07\/02\/lonecca-fete-ses-15-ans-une-semaine-pour-mieux-faire-la-profession-de-comptable\/","name":"L'ONECCA f\u00eate ses 15 ans: Une semaine pour mieux faire la profession de comptable - 228 News","isPartOf":{"@id":"https:\/\/228news.tg\/#website"},"primaryImageOfPage":{"@id":"https:\/\/228news.tg\/index.php\/2018\/07\/02\/lonecca-fete-ses-15-ans-une-semaine-pour-mieux-faire-la-profession-de-comptable\/#primaryimage"},"image":{"@id":"https:\/\/228news.tg\/index.php\/2018\/07\/02\/lonecca-fete-ses-15-ans-une-semaine-pour-mieux-faire-la-profession-de-comptable\/#primaryimage"},"thumbnailUrl":"https:\/\/228news.tg\/wp-content\/uploads\/2024\/09\/IMG_20180702_101727.jpg","datePublished":"2018-07-02T00:00:00+00:00","breadcrumb":{"@id":"https:\/\/228news.tg\/index.php\/2018\/07\/02\/lonecca-fete-ses-15-ans-une-semaine-pour-mieux-faire-la-profession-de-comptable\/#breadcrumb"},"inLanguage":"fr-FR","potentialAction":[{"@type":"ReadAction","target":["https:\/\/228news.tg\/index.php\/2018\/07\/02\/lonecca-fete-ses-15-ans-une-semaine-pour-mieux-faire-la-profession-de-comptable\/"]}]},{"@type":"ImageObject","inLanguage":"fr-FR","@id":"https:\/\/228news.tg\/index.php\/2018\/07\/02\/lonecca-fete-ses-15-ans-une-semaine-pour-mieux-faire-la-profession-de-comptable\/#primaryimage","url":"https:\/\/228news.tg\/wp-content\/uploads\/2024\/09\/IMG_20180702_101727.jpg","contentUrl":"https:\/\/228news.tg\/wp-content\/uploads\/2024\/09\/IMG_20180702_101727.jpg","width":2560,"height":1920},{"@type":"BreadcrumbList","@id":"https:\/\/228news.tg\/index.php\/2018\/07\/02\/lonecca-fete-ses-15-ans-une-semaine-pour-mieux-faire-la-profession-de-comptable\/#breadcrumb","itemListElement":[{"@type":"ListItem","position":1,"name":"Home","item":"https:\/\/228news.tg\/"},{"@type":"ListItem","position":2,"name":"L&rsquo;ONECCA f\u00eate ses 15 ans: Une semaine pour mieux faire la profession de comptable"}]},{"@type":"WebSite","@id":"https:\/\/228news.tg\/#website","url":"https:\/\/228news.tg\/","name":"228 News","description":"Soci\u00e9t\u00e9 de m\u00e9dias et d\u2019actualit\u00e9s","publisher":{"@id":"https:\/\/228news.tg\/#organization"},"potentialAction":[{"@type":"SearchAction","target":{"@type":"EntryPoint","urlTemplate":"https:\/\/228news.tg\/?s={search_term_string}"},"query-input":{"@type":"PropertyValueSpecification","valueRequired":true,"valueName":"search_term_string"}}],"inLanguage":"fr-FR"},{"@type":"Organization","@id":"https:\/\/228news.tg\/#organization","name":"228 News","url":"https:\/\/228news.tg\/","logo":{"@type":"ImageObject","inLanguage":"fr-FR","@id":"https:\/\/228news.tg\/#\/schema\/logo\/image\/","url":"https:\/\/228news.tg\/wp-content\/uploads\/2024\/09\/logonew.png","contentUrl":"https:\/\/228news.tg\/wp-content\/uploads\/2024\/09\/logonew.png","width":1640,"height":364,"caption":"228 News"},"image":{"@id":"https:\/\/228news.tg\/#\/schema\/logo\/image\/"}},{"@type":"Person","@id":"https:\/\/228news.tg\/#\/schema\/person\/68d5a6cc0230290e61235c8379523f52","name":"Bienvenu SAVI","image":{"@type":"ImageObject","inLanguage":"fr-FR","@id":"https:\/\/228news.tg\/#\/schema\/person\/image\/","url":"https:\/\/secure.gravatar.com\/avatar\/9db91895c559e510509c33a3e9683998458e9b828fac36d5d1aa23f0f2fd369b?s=96&d=mm&r=g","contentUrl":"https:\/\/secure.gravatar.com\/avatar\/9db91895c559e510509c33a3e9683998458e9b828fac36d5d1aa23f0f2fd369b?s=96&d=mm&r=g","caption":"Bienvenu SAVI"},"url":"https:\/\/228news.tg\/index.php\/author\/bienvenu\/"}]}},"jetpack_featured_media_url":"https:\/\/228news.tg\/wp-content\/uploads\/2024\/09\/IMG_20180702_101727.jpg","_links":{"self":[{"href":"https:\/\/228news.tg\/index.php\/wp-json\/wp\/v2\/posts\/1559","targetHints":{"allow":["GET"]}}],"collection":[{"href":"https:\/\/228news.tg\/index.php\/wp-json\/wp\/v2\/posts"}],"about":[{"href":"https:\/\/228news.tg\/index.php\/wp-json\/wp\/v2\/types\/post"}],"author":[{"embeddable":true,"href":"https:\/\/228news.tg\/index.php\/wp-json\/wp\/v2\/users\/2"}],"replies":[{"embeddable":true,"href":"https:\/\/228news.tg\/index.php\/wp-json\/wp\/v2\/comments?post=1559"}],"version-history":[{"count":0,"href":"https:\/\/228news.tg\/index.php\/wp-json\/wp\/v2\/posts\/1559\/revisions"}],"wp:featuredmedia":[{"embeddable":true,"href":"https:\/\/228news.tg\/index.php\/wp-json\/wp\/v2\/media\/1560"}],"wp:attachment":[{"href":"https:\/\/228news.tg\/index.php\/wp-json\/wp\/v2\/media?parent=1559"}],"wp:term":[{"taxonomy":"category","embeddable":true,"href":"https:\/\/228news.tg\/index.php\/wp-json\/wp\/v2\/categories?post=1559"},{"taxonomy":"post_tag","embeddable":true,"href":"https:\/\/228news.tg\/index.php\/wp-json\/wp\/v2\/tags?post=1559"}],"curies":[{"name":"wp","href":"https:\/\/api.w.org\/{rel}","templated":true}]}}