{"id":1555,"date":"2018-06-29T00:00:00","date_gmt":"2018-06-29T00:00:00","guid":{"rendered":"https:\/\/228news.tg\/index.php\/2018\/06\/29\/mise-en-oeuvre-de-lodd-16-au-togo-un-rapport-parallele-de-lance-togo-sera-presente-en-juillet-prochain-a-new-york\/"},"modified":"2018-06-29T00:00:00","modified_gmt":"2018-06-29T00:00:00","slug":"mise-en-oeuvre-de-lodd-16-au-togo-un-rapport-parallele-de-lance-togo-sera-presente-en-juillet-prochain-a-new-york","status":"publish","type":"post","link":"https:\/\/228news.tg\/index.php\/2018\/06\/29\/mise-en-oeuvre-de-lodd-16-au-togo-un-rapport-parallele-de-lance-togo-sera-presente-en-juillet-prochain-a-new-york\/","title":{"rendered":"Mise en \u0153uvre de l&rsquo;ODD 16 au Togo: Un rapport parall\u00e8le de l&rsquo;ANCE-TOGO sera pr\u00e9sent\u00e9 en juillet prochain \u00e0 New York"},"content":{"rendered":"<p>( Lom\u00e9, le 29 juin 2018)- Du 09 au 18 juillet prochain, le Togo participera \u00e0 New York \u00e0 un forum politique de haut niveau o\u00f9 il pr\u00e9sentera un rapport sur la mise en \u0153uvre des ODD. Parall\u00e8lement \u00e0 ce forum, Transparency International tiendra une session pour ses chapitres nationaux au nombre desquels l&rsquo;Alliance Nationale des Consommateurs et de l&rsquo;Environnement (ANCE-Togo) qui pr\u00e9sentera \u00e9galement un rapport parall\u00e8le sur l&rsquo;ODD 16 au Togo.<\/p>\n<p>Afin de recueillir les divers contributions des diff\u00e9rents secteurs de la soci\u00e9t\u00e9 togolaise sur cet objectif du d\u00e9veloppement durable qui porte sur la bonne gouvernance \u00e9conomique, l&rsquo;ANCE-Togo a tenu ce jeudi 28 juin un atelier \u00e0 son si\u00e8ge \u00e0 l&rsquo;intention de ces divers acteurs.<br \/>\nPour M. \u00c9beh Fabrice, Directeur Ex\u00e9cutif de l&rsquo;ANCE-Togo, la mise \u00e0 contribution des acteurs locaux est importance dans l&rsquo;\u00e9laboration de ce rapport parall\u00e8le qui permettra de refl\u00e9ter un autre Etat de la mise en \u0153uvre de cet ODD par le Togo, que les organisations internationales n&rsquo;ont pas pu ressortir. Il a donc exhort\u00e9 tous les acteurs r\u00e9unis \u00e0 faire preuve d&rsquo;objectivit\u00e9 dans leurs apports avec des preuves \u00e0 l&rsquo;appui.<br \/>\nM. Dogbe Koffi Edem, analyste repr\u00e9sentant la Cellule Climat des Affaires a salu\u00e9 cette approche participative et rassur\u00e9 l&rsquo;ANCE-Togo de pleine contribution de son institution.<br \/>\nAu cours de la journ\u00e9e, un draft du rapport parall\u00e8le \u00e0 \u00e9t\u00e9 soumis aux diff\u00e9rents acteurs afin de retenir leurs contributions. Intitul\u00e9 \u00a0\u00bb Paix, justice et institutions efficaces\u00a0\u00bb, ce rapport rel\u00e8ve des donn\u00e9es parall\u00e8les de l&rsquo;\u00e9tat de la lutte contre la corruption, le trafic illiciteiet le blanchiement des capitaux au Togo, du suivi des processus gouvernementaux, du cadre l\u00e9gal,&#8230;<br \/>\nIl met \u00e9galement en lumi\u00e8re, \u00e0 en croire M. Gueme Dodji Kodjovi, \u00c9conomiste statisticien \u00e0 l&rsquo;ANCE-Togo, la panoplie d&rsquo;institutions cr\u00e9\u00e9e et \u0153uvrant dans le domaine, le cadre l\u00e9gal foisonnant, ainsi que les nouvelles proc\u00e9dures mise en \u0153uvre comme le budget programme par exemple.<br \/>\n\u00a0\u00bb Jug\u00e9 \u00e9l\u00e8ve passable en mati\u00e8re de mise en \u0153uvre des ODD par les institutions internationales, le Togo a effectu\u00e9 beaucoup de reformes qu&rsquo;il convient de relever dans ce rapport parall\u00e8le afin de susciter une nouvelle \u00e9valuation de notre pays\u00a0\u00bb, a-t-il relev\u00e9.<br \/>\nCe rapport parall\u00e8le, faut il par ailleurs le relever, permettra de renforcer la capacit\u00e9 de l&rsquo;ANCE-Togo en tant que Contact National de Transparency International pour m&rsquo;engager dans la d\u00e9fense des ODD et l&rsquo;adoption des positions en ce qui concerne leur mise en \u0153uvre.<br \/>\n<strong><em>D\u00e9mocrate<\/em><\/strong><br \/>\n<strong><em>(00228) 91 85 40 14<\/em><\/strong><br \/>\n<strong><em>98 60 67 68<\/em><\/strong><br \/>\n<strong><em>democrate2010@gmail.com<\/em><\/strong><\/p>\n","protected":false},"excerpt":{"rendered":"<p>( Lom\u00e9, le 29 juin 2018)- Du 09 au 18 juillet prochain, le Togo participera \u00e0 New York \u00e0 un forum politique de haut niveau o\u00f9 il pr\u00e9sentera un rapport sur la mise en \u0153uvre des ODD. Parall\u00e8lement \u00e0 ce forum, Transparency International tiendra une session pour ses chapitres nationaux au nombre desquels l&rsquo;Alliance Nationale &#8230; <a title=\"Mise en \u0153uvre de l&rsquo;ODD 16 au Togo: Un rapport parall\u00e8le de l&rsquo;ANCE-TOGO sera pr\u00e9sent\u00e9 en juillet prochain \u00e0 New York\" class=\"read-more\" href=\"https:\/\/228news.tg\/index.php\/2018\/06\/29\/mise-en-oeuvre-de-lodd-16-au-togo-un-rapport-parallele-de-lance-togo-sera-presente-en-juillet-prochain-a-new-york\/\" aria-label=\"En savoir plus sur Mise en \u0153uvre de l&rsquo;ODD 16 au Togo: Un rapport parall\u00e8le de l&rsquo;ANCE-TOGO sera pr\u00e9sent\u00e9 en juillet prochain \u00e0 New York\">Lire la suite<\/a><\/p>\n","protected":false},"author":2,"featured_media":1556,"comment_status":"open","ping_status":"open","sticky":false,"template":"","format":"standard","meta":{"footnotes":""},"categories":[31,35,25,34],"tags":[],"class_list":["post-1555","post","type-post","status-publish","format-standard","has-post-thumbnail","hentry","category-developpement","category-flash","category-togo","category-une"],"yoast_head":"<!-- This site is optimized with the Yoast SEO plugin v26.4 - https:\/\/yoast.com\/wordpress\/plugins\/seo\/ -->\n<title>Mise en \u0153uvre de l&#039;ODD 16 au Togo: Un rapport parall\u00e8le de l&#039;ANCE-TOGO sera pr\u00e9sent\u00e9 en juillet prochain \u00e0 New York - 228 News<\/title>\n<meta name=\"robots\" content=\"index, follow, max-snippet:-1, max-image-preview:large, max-video-preview:-1\" \/>\n<link rel=\"canonical\" href=\"https:\/\/228news.tg\/index.php\/2018\/06\/29\/mise-en-oeuvre-de-lodd-16-au-togo-un-rapport-parallele-de-lance-togo-sera-presente-en-juillet-prochain-a-new-york\/\" \/>\n<meta property=\"og:locale\" content=\"fr_FR\" \/>\n<meta property=\"og:type\" content=\"article\" \/>\n<meta property=\"og:title\" content=\"Mise en \u0153uvre de l&#039;ODD 16 au Togo: Un rapport parall\u00e8le de l&#039;ANCE-TOGO sera pr\u00e9sent\u00e9 en juillet prochain \u00e0 New York - 228 News\" \/>\n<meta property=\"og:description\" content=\"( Lom\u00e9, le 29 juin 2018)- Du 09 au 18 juillet prochain, le Togo participera \u00e0 New York \u00e0 un forum politique de haut niveau o\u00f9 il pr\u00e9sentera un rapport sur la mise en \u0153uvre des ODD. Parall\u00e8lement \u00e0 ce forum, Transparency International tiendra une session pour ses chapitres nationaux au nombre desquels l&rsquo;Alliance Nationale ... Lire la suite\" \/>\n<meta property=\"og:url\" content=\"https:\/\/228news.tg\/index.php\/2018\/06\/29\/mise-en-oeuvre-de-lodd-16-au-togo-un-rapport-parallele-de-lance-togo-sera-presente-en-juillet-prochain-a-new-york\/\" \/>\n<meta property=\"og:site_name\" content=\"228 News\" \/>\n<meta property=\"article:published_time\" content=\"2018-06-29T00:00:00+00:00\" \/>\n<meta property=\"og:image\" content=\"https:\/\/228news.tg\/wp-content\/uploads\/2024\/09\/IMG_20180628_091421.jpg\" \/>\n\t<meta property=\"og:image:width\" content=\"2560\" \/>\n\t<meta property=\"og:image:height\" content=\"1920\" \/>\n\t<meta property=\"og:image:type\" content=\"image\/jpeg\" \/>\n<meta name=\"author\" content=\"Bienvenu SAVI\" \/>\n<meta name=\"twitter:card\" content=\"summary_large_image\" \/>\n<meta name=\"twitter:label1\" content=\"\u00c9crit par\" \/>\n\t<meta name=\"twitter:data1\" content=\"Bienvenu SAVI\" \/>\n\t<meta name=\"twitter:label2\" content=\"Dur\u00e9e de lecture estim\u00e9e\" \/>\n\t<meta name=\"twitter:data2\" content=\"2 minutes\" \/>\n<script type=\"application\/ld+json\" class=\"yoast-schema-graph\">{\"@context\":\"https:\/\/schema.org\",\"@graph\":[{\"@type\":\"Article\",\"@id\":\"https:\/\/228news.tg\/index.php\/2018\/06\/29\/mise-en-oeuvre-de-lodd-16-au-togo-un-rapport-parallele-de-lance-togo-sera-presente-en-juillet-prochain-a-new-york\/#article\",\"isPartOf\":{\"@id\":\"https:\/\/228news.tg\/index.php\/2018\/06\/29\/mise-en-oeuvre-de-lodd-16-au-togo-un-rapport-parallele-de-lance-togo-sera-presente-en-juillet-prochain-a-new-york\/\"},\"author\":{\"name\":\"Bienvenu SAVI\",\"@id\":\"https:\/\/228news.tg\/#\/schema\/person\/68d5a6cc0230290e61235c8379523f52\"},\"headline\":\"Mise en \u0153uvre de l&rsquo;ODD 16 au Togo: Un rapport parall\u00e8le de l&rsquo;ANCE-TOGO sera pr\u00e9sent\u00e9 en juillet prochain \u00e0 New York\",\"datePublished\":\"2018-06-29T00:00:00+00:00\",\"mainEntityOfPage\":{\"@id\":\"https:\/\/228news.tg\/index.php\/2018\/06\/29\/mise-en-oeuvre-de-lodd-16-au-togo-un-rapport-parallele-de-lance-togo-sera-presente-en-juillet-prochain-a-new-york\/\"},\"wordCount\":453,\"commentCount\":0,\"publisher\":{\"@id\":\"https:\/\/228news.tg\/#organization\"},\"image\":{\"@id\":\"https:\/\/228news.tg\/index.php\/2018\/06\/29\/mise-en-oeuvre-de-lodd-16-au-togo-un-rapport-parallele-de-lance-togo-sera-presente-en-juillet-prochain-a-new-york\/#primaryimage\"},\"thumbnailUrl\":\"https:\/\/228news.tg\/wp-content\/uploads\/2024\/09\/IMG_20180628_091421.jpg\",\"articleSection\":[\"DEVELOPPEMENT\",\"Flash\",\"TOGO\",\"Une\"],\"inLanguage\":\"fr-FR\",\"potentialAction\":[{\"@type\":\"CommentAction\",\"name\":\"Comment\",\"target\":[\"https:\/\/228news.tg\/index.php\/2018\/06\/29\/mise-en-oeuvre-de-lodd-16-au-togo-un-rapport-parallele-de-lance-togo-sera-presente-en-juillet-prochain-a-new-york\/#respond\"]}]},{\"@type\":\"WebPage\",\"@id\":\"https:\/\/228news.tg\/index.php\/2018\/06\/29\/mise-en-oeuvre-de-lodd-16-au-togo-un-rapport-parallele-de-lance-togo-sera-presente-en-juillet-prochain-a-new-york\/\",\"url\":\"https:\/\/228news.tg\/index.php\/2018\/06\/29\/mise-en-oeuvre-de-lodd-16-au-togo-un-rapport-parallele-de-lance-togo-sera-presente-en-juillet-prochain-a-new-york\/\",\"name\":\"Mise en \u0153uvre de l'ODD 16 au Togo: Un rapport parall\u00e8le de l'ANCE-TOGO sera pr\u00e9sent\u00e9 en juillet prochain \u00e0 New York - 228 News\",\"isPartOf\":{\"@id\":\"https:\/\/228news.tg\/#website\"},\"primaryImageOfPage\":{\"@id\":\"https:\/\/228news.tg\/index.php\/2018\/06\/29\/mise-en-oeuvre-de-lodd-16-au-togo-un-rapport-parallele-de-lance-togo-sera-presente-en-juillet-prochain-a-new-york\/#primaryimage\"},\"image\":{\"@id\":\"https:\/\/228news.tg\/index.php\/2018\/06\/29\/mise-en-oeuvre-de-lodd-16-au-togo-un-rapport-parallele-de-lance-togo-sera-presente-en-juillet-prochain-a-new-york\/#primaryimage\"},\"thumbnailUrl\":\"https:\/\/228news.tg\/wp-content\/uploads\/2024\/09\/IMG_20180628_091421.jpg\",\"datePublished\":\"2018-06-29T00:00:00+00:00\",\"breadcrumb\":{\"@id\":\"https:\/\/228news.tg\/index.php\/2018\/06\/29\/mise-en-oeuvre-de-lodd-16-au-togo-un-rapport-parallele-de-lance-togo-sera-presente-en-juillet-prochain-a-new-york\/#breadcrumb\"},\"inLanguage\":\"fr-FR\",\"potentialAction\":[{\"@type\":\"ReadAction\",\"target\":[\"https:\/\/228news.tg\/index.php\/2018\/06\/29\/mise-en-oeuvre-de-lodd-16-au-togo-un-rapport-parallele-de-lance-togo-sera-presente-en-juillet-prochain-a-new-york\/\"]}]},{\"@type\":\"ImageObject\",\"inLanguage\":\"fr-FR\",\"@id\":\"https:\/\/228news.tg\/index.php\/2018\/06\/29\/mise-en-oeuvre-de-lodd-16-au-togo-un-rapport-parallele-de-lance-togo-sera-presente-en-juillet-prochain-a-new-york\/#primaryimage\",\"url\":\"https:\/\/228news.tg\/wp-content\/uploads\/2024\/09\/IMG_20180628_091421.jpg\",\"contentUrl\":\"https:\/\/228news.tg\/wp-content\/uploads\/2024\/09\/IMG_20180628_091421.jpg\",\"width\":2560,\"height\":1920},{\"@type\":\"BreadcrumbList\",\"@id\":\"https:\/\/228news.tg\/index.php\/2018\/06\/29\/mise-en-oeuvre-de-lodd-16-au-togo-un-rapport-parallele-de-lance-togo-sera-presente-en-juillet-prochain-a-new-york\/#breadcrumb\",\"itemListElement\":[{\"@type\":\"ListItem\",\"position\":1,\"name\":\"Home\",\"item\":\"https:\/\/228news.tg\/\"},{\"@type\":\"ListItem\",\"position\":2,\"name\":\"Mise en \u0153uvre de l&rsquo;ODD 16 au Togo: Un rapport parall\u00e8le de l&rsquo;ANCE-TOGO sera pr\u00e9sent\u00e9 en juillet prochain \u00e0 New York\"}]},{\"@type\":\"WebSite\",\"@id\":\"https:\/\/228news.tg\/#website\",\"url\":\"https:\/\/228news.tg\/\",\"name\":\"228 News\",\"description\":\"Soci\u00e9t\u00e9 de m\u00e9dias et d\u2019actualit\u00e9s\",\"publisher\":{\"@id\":\"https:\/\/228news.tg\/#organization\"},\"potentialAction\":[{\"@type\":\"SearchAction\",\"target\":{\"@type\":\"EntryPoint\",\"urlTemplate\":\"https:\/\/228news.tg\/?s={search_term_string}\"},\"query-input\":{\"@type\":\"PropertyValueSpecification\",\"valueRequired\":true,\"valueName\":\"search_term_string\"}}],\"inLanguage\":\"fr-FR\"},{\"@type\":\"Organization\",\"@id\":\"https:\/\/228news.tg\/#organization\",\"name\":\"228 News\",\"url\":\"https:\/\/228news.tg\/\",\"logo\":{\"@type\":\"ImageObject\",\"inLanguage\":\"fr-FR\",\"@id\":\"https:\/\/228news.tg\/#\/schema\/logo\/image\/\",\"url\":\"https:\/\/228news.tg\/wp-content\/uploads\/2024\/09\/logonew.png\",\"contentUrl\":\"https:\/\/228news.tg\/wp-content\/uploads\/2024\/09\/logonew.png\",\"width\":1640,\"height\":364,\"caption\":\"228 News\"},\"image\":{\"@id\":\"https:\/\/228news.tg\/#\/schema\/logo\/image\/\"}},{\"@type\":\"Person\",\"@id\":\"https:\/\/228news.tg\/#\/schema\/person\/68d5a6cc0230290e61235c8379523f52\",\"name\":\"Bienvenu SAVI\",\"image\":{\"@type\":\"ImageObject\",\"inLanguage\":\"fr-FR\",\"@id\":\"https:\/\/228news.tg\/#\/schema\/person\/image\/\",\"url\":\"https:\/\/secure.gravatar.com\/avatar\/9db91895c559e510509c33a3e9683998458e9b828fac36d5d1aa23f0f2fd369b?s=96&d=mm&r=g\",\"contentUrl\":\"https:\/\/secure.gravatar.com\/avatar\/9db91895c559e510509c33a3e9683998458e9b828fac36d5d1aa23f0f2fd369b?s=96&d=mm&r=g\",\"caption\":\"Bienvenu SAVI\"},\"url\":\"https:\/\/228news.tg\/index.php\/author\/bienvenu\/\"}]}<\/script>\n<!-- \/ Yoast SEO plugin. -->","yoast_head_json":{"title":"Mise en \u0153uvre de l'ODD 16 au Togo: Un rapport parall\u00e8le de l'ANCE-TOGO sera pr\u00e9sent\u00e9 en juillet prochain \u00e0 New York - 228 News","robots":{"index":"index","follow":"follow","max-snippet":"max-snippet:-1","max-image-preview":"max-image-preview:large","max-video-preview":"max-video-preview:-1"},"canonical":"https:\/\/228news.tg\/index.php\/2018\/06\/29\/mise-en-oeuvre-de-lodd-16-au-togo-un-rapport-parallele-de-lance-togo-sera-presente-en-juillet-prochain-a-new-york\/","og_locale":"fr_FR","og_type":"article","og_title":"Mise en \u0153uvre de l'ODD 16 au Togo: Un rapport parall\u00e8le de l'ANCE-TOGO sera pr\u00e9sent\u00e9 en juillet prochain \u00e0 New York - 228 News","og_description":"( Lom\u00e9, le 29 juin 2018)- Du 09 au 18 juillet prochain, le Togo participera \u00e0 New York \u00e0 un forum politique de haut niveau o\u00f9 il pr\u00e9sentera un rapport sur la mise en \u0153uvre des ODD. Parall\u00e8lement \u00e0 ce forum, Transparency International tiendra une session pour ses chapitres nationaux au nombre desquels l&rsquo;Alliance Nationale ... Lire la suite","og_url":"https:\/\/228news.tg\/index.php\/2018\/06\/29\/mise-en-oeuvre-de-lodd-16-au-togo-un-rapport-parallele-de-lance-togo-sera-presente-en-juillet-prochain-a-new-york\/","og_site_name":"228 News","article_published_time":"2018-06-29T00:00:00+00:00","og_image":[{"width":2560,"height":1920,"url":"https:\/\/228news.tg\/wp-content\/uploads\/2024\/09\/IMG_20180628_091421.jpg","type":"image\/jpeg"}],"author":"Bienvenu SAVI","twitter_card":"summary_large_image","twitter_misc":{"\u00c9crit par":"Bienvenu SAVI","Dur\u00e9e de lecture estim\u00e9e":"2 minutes"},"schema":{"@context":"https:\/\/schema.org","@graph":[{"@type":"Article","@id":"https:\/\/228news.tg\/index.php\/2018\/06\/29\/mise-en-oeuvre-de-lodd-16-au-togo-un-rapport-parallele-de-lance-togo-sera-presente-en-juillet-prochain-a-new-york\/#article","isPartOf":{"@id":"https:\/\/228news.tg\/index.php\/2018\/06\/29\/mise-en-oeuvre-de-lodd-16-au-togo-un-rapport-parallele-de-lance-togo-sera-presente-en-juillet-prochain-a-new-york\/"},"author":{"name":"Bienvenu SAVI","@id":"https:\/\/228news.tg\/#\/schema\/person\/68d5a6cc0230290e61235c8379523f52"},"headline":"Mise en \u0153uvre de l&rsquo;ODD 16 au Togo: Un rapport parall\u00e8le de l&rsquo;ANCE-TOGO sera pr\u00e9sent\u00e9 en juillet prochain \u00e0 New York","datePublished":"2018-06-29T00:00:00+00:00","mainEntityOfPage":{"@id":"https:\/\/228news.tg\/index.php\/2018\/06\/29\/mise-en-oeuvre-de-lodd-16-au-togo-un-rapport-parallele-de-lance-togo-sera-presente-en-juillet-prochain-a-new-york\/"},"wordCount":453,"commentCount":0,"publisher":{"@id":"https:\/\/228news.tg\/#organization"},"image":{"@id":"https:\/\/228news.tg\/index.php\/2018\/06\/29\/mise-en-oeuvre-de-lodd-16-au-togo-un-rapport-parallele-de-lance-togo-sera-presente-en-juillet-prochain-a-new-york\/#primaryimage"},"thumbnailUrl":"https:\/\/228news.tg\/wp-content\/uploads\/2024\/09\/IMG_20180628_091421.jpg","articleSection":["DEVELOPPEMENT","Flash","TOGO","Une"],"inLanguage":"fr-FR","potentialAction":[{"@type":"CommentAction","name":"Comment","target":["https:\/\/228news.tg\/index.php\/2018\/06\/29\/mise-en-oeuvre-de-lodd-16-au-togo-un-rapport-parallele-de-lance-togo-sera-presente-en-juillet-prochain-a-new-york\/#respond"]}]},{"@type":"WebPage","@id":"https:\/\/228news.tg\/index.php\/2018\/06\/29\/mise-en-oeuvre-de-lodd-16-au-togo-un-rapport-parallele-de-lance-togo-sera-presente-en-juillet-prochain-a-new-york\/","url":"https:\/\/228news.tg\/index.php\/2018\/06\/29\/mise-en-oeuvre-de-lodd-16-au-togo-un-rapport-parallele-de-lance-togo-sera-presente-en-juillet-prochain-a-new-york\/","name":"Mise en \u0153uvre de l'ODD 16 au Togo: Un rapport parall\u00e8le de l'ANCE-TOGO sera pr\u00e9sent\u00e9 en juillet prochain \u00e0 New York - 228 News","isPartOf":{"@id":"https:\/\/228news.tg\/#website"},"primaryImageOfPage":{"@id":"https:\/\/228news.tg\/index.php\/2018\/06\/29\/mise-en-oeuvre-de-lodd-16-au-togo-un-rapport-parallele-de-lance-togo-sera-presente-en-juillet-prochain-a-new-york\/#primaryimage"},"image":{"@id":"https:\/\/228news.tg\/index.php\/2018\/06\/29\/mise-en-oeuvre-de-lodd-16-au-togo-un-rapport-parallele-de-lance-togo-sera-presente-en-juillet-prochain-a-new-york\/#primaryimage"},"thumbnailUrl":"https:\/\/228news.tg\/wp-content\/uploads\/2024\/09\/IMG_20180628_091421.jpg","datePublished":"2018-06-29T00:00:00+00:00","breadcrumb":{"@id":"https:\/\/228news.tg\/index.php\/2018\/06\/29\/mise-en-oeuvre-de-lodd-16-au-togo-un-rapport-parallele-de-lance-togo-sera-presente-en-juillet-prochain-a-new-york\/#breadcrumb"},"inLanguage":"fr-FR","potentialAction":[{"@type":"ReadAction","target":["https:\/\/228news.tg\/index.php\/2018\/06\/29\/mise-en-oeuvre-de-lodd-16-au-togo-un-rapport-parallele-de-lance-togo-sera-presente-en-juillet-prochain-a-new-york\/"]}]},{"@type":"ImageObject","inLanguage":"fr-FR","@id":"https:\/\/228news.tg\/index.php\/2018\/06\/29\/mise-en-oeuvre-de-lodd-16-au-togo-un-rapport-parallele-de-lance-togo-sera-presente-en-juillet-prochain-a-new-york\/#primaryimage","url":"https:\/\/228news.tg\/wp-content\/uploads\/2024\/09\/IMG_20180628_091421.jpg","contentUrl":"https:\/\/228news.tg\/wp-content\/uploads\/2024\/09\/IMG_20180628_091421.jpg","width":2560,"height":1920},{"@type":"BreadcrumbList","@id":"https:\/\/228news.tg\/index.php\/2018\/06\/29\/mise-en-oeuvre-de-lodd-16-au-togo-un-rapport-parallele-de-lance-togo-sera-presente-en-juillet-prochain-a-new-york\/#breadcrumb","itemListElement":[{"@type":"ListItem","position":1,"name":"Home","item":"https:\/\/228news.tg\/"},{"@type":"ListItem","position":2,"name":"Mise en \u0153uvre de l&rsquo;ODD 16 au Togo: Un rapport parall\u00e8le de l&rsquo;ANCE-TOGO sera pr\u00e9sent\u00e9 en juillet prochain \u00e0 New York"}]},{"@type":"WebSite","@id":"https:\/\/228news.tg\/#website","url":"https:\/\/228news.tg\/","name":"228 News","description":"Soci\u00e9t\u00e9 de m\u00e9dias et d\u2019actualit\u00e9s","publisher":{"@id":"https:\/\/228news.tg\/#organization"},"potentialAction":[{"@type":"SearchAction","target":{"@type":"EntryPoint","urlTemplate":"https:\/\/228news.tg\/?s={search_term_string}"},"query-input":{"@type":"PropertyValueSpecification","valueRequired":true,"valueName":"search_term_string"}}],"inLanguage":"fr-FR"},{"@type":"Organization","@id":"https:\/\/228news.tg\/#organization","name":"228 News","url":"https:\/\/228news.tg\/","logo":{"@type":"ImageObject","inLanguage":"fr-FR","@id":"https:\/\/228news.tg\/#\/schema\/logo\/image\/","url":"https:\/\/228news.tg\/wp-content\/uploads\/2024\/09\/logonew.png","contentUrl":"https:\/\/228news.tg\/wp-content\/uploads\/2024\/09\/logonew.png","width":1640,"height":364,"caption":"228 News"},"image":{"@id":"https:\/\/228news.tg\/#\/schema\/logo\/image\/"}},{"@type":"Person","@id":"https:\/\/228news.tg\/#\/schema\/person\/68d5a6cc0230290e61235c8379523f52","name":"Bienvenu SAVI","image":{"@type":"ImageObject","inLanguage":"fr-FR","@id":"https:\/\/228news.tg\/#\/schema\/person\/image\/","url":"https:\/\/secure.gravatar.com\/avatar\/9db91895c559e510509c33a3e9683998458e9b828fac36d5d1aa23f0f2fd369b?s=96&d=mm&r=g","contentUrl":"https:\/\/secure.gravatar.com\/avatar\/9db91895c559e510509c33a3e9683998458e9b828fac36d5d1aa23f0f2fd369b?s=96&d=mm&r=g","caption":"Bienvenu SAVI"},"url":"https:\/\/228news.tg\/index.php\/author\/bienvenu\/"}]}},"jetpack_featured_media_url":"https:\/\/228news.tg\/wp-content\/uploads\/2024\/09\/IMG_20180628_091421.jpg","_links":{"self":[{"href":"https:\/\/228news.tg\/index.php\/wp-json\/wp\/v2\/posts\/1555","targetHints":{"allow":["GET"]}}],"collection":[{"href":"https:\/\/228news.tg\/index.php\/wp-json\/wp\/v2\/posts"}],"about":[{"href":"https:\/\/228news.tg\/index.php\/wp-json\/wp\/v2\/types\/post"}],"author":[{"embeddable":true,"href":"https:\/\/228news.tg\/index.php\/wp-json\/wp\/v2\/users\/2"}],"replies":[{"embeddable":true,"href":"https:\/\/228news.tg\/index.php\/wp-json\/wp\/v2\/comments?post=1555"}],"version-history":[{"count":0,"href":"https:\/\/228news.tg\/index.php\/wp-json\/wp\/v2\/posts\/1555\/revisions"}],"wp:featuredmedia":[{"embeddable":true,"href":"https:\/\/228news.tg\/index.php\/wp-json\/wp\/v2\/media\/1556"}],"wp:attachment":[{"href":"https:\/\/228news.tg\/index.php\/wp-json\/wp\/v2\/media?parent=1555"}],"wp:term":[{"taxonomy":"category","embeddable":true,"href":"https:\/\/228news.tg\/index.php\/wp-json\/wp\/v2\/categories?post=1555"},{"taxonomy":"post_tag","embeddable":true,"href":"https:\/\/228news.tg\/index.php\/wp-json\/wp\/v2\/tags?post=1555"}],"curies":[{"name":"wp","href":"https:\/\/api.w.org\/{rel}","templated":true}]}}