{"id":15091,"date":"2024-09-23T13:10:25","date_gmt":"2024-09-23T13:10:25","guid":{"rendered":"https:\/\/news.reclogistics.com\/?p=13943"},"modified":"2024-09-23T13:10:25","modified_gmt":"2024-09-23T13:10:25","slug":"iffd-otr-la-promotion-faure-essozimna-gnassingbe-prete-a-relever-les-defis-de-ladministration-publique","status":"publish","type":"post","link":"https:\/\/228news.tg\/index.php\/2024\/09\/23\/iffd-otr-la-promotion-faure-essozimna-gnassingbe-prete-a-relever-les-defis-de-ladministration-publique\/","title":{"rendered":"IFFD-OTR : La promotion Faure Essozimna Gnassingb\u00e9 V pr\u00eate \u00e0 relever les d\u00e9fis de l\u2019administration publique"},"content":{"rendered":"<p>Des attestations de fin de formation pour la cinqui\u00e8me promotion de l\u2019Institut de Formation Fiscale et Douani\u00e8res (IFFD) de l\u2019Office Togolais des Recettes (OTR). Au total, ils sont cent vingt (120) nouveaux dipl\u00f4m\u00e9s pr\u00eats \u00e0 servir le Togo dans plusieurs secteurs de l\u2019administration publique.<\/p>\n<p>Baptis\u00e9e promotion Faure Gnassingb\u00e9, ces nouveaux dipl\u00f4m\u00e9s ont re\u00e7u leurs attestations de fin de formation le vendredi 20 septembre 2024 \u00e0 Lom\u00e9. La c\u00e9r\u00e9monie pour la circonstance a \u00e9t\u00e9 pr\u00e9sid\u00e9e par le Ministre de l\u2019Enseignement Sup\u00e9rieur et de la Recherche, Kanka Malik NATCHABA. L\u2019\u00e9v\u00e9nement marque la fin de deux (02) ans de formation offerte par l\u2019Institut de Formation Fiscale et Douani\u00e8re de la l\u2019Office Togolais des Recettes (IFFD-OTR).<\/p>\n<p><img fetchpriority=\"high\" decoding=\"async\" class=\"alignnone size-medium wp-image-13945\" src=\"https:\/\/228news.tg\/wp-content\/uploads\/2024\/09\/IMG-20240921-WA0092-1-300x200.jpg\" alt=\"\" width=\"300\" height=\"200\" \/><\/p>\n<p><strong>IFFD-OTR : Un centre de r\u00e9f\u00e9rence <\/strong><\/p>\n<p>Convaincu de la qualit\u00e9 de la formation offerte par cet \u00e9tablissement qui accueille \u00e9galement des auditeurs venus des pays du continent, le Ministre de l\u2019Enseignement sup\u00e9rieur et de la Recherche, a exprim\u00e9 la volont\u00e9 du Gouvernement \u00e0 soutenir l\u2019Institut. Selon M. Malik NATCHABA, l\u2019IFFD-OTR est un \u00ab centre de formation de r\u00e9f\u00e9rence \u00bb dans le domaine des finances publiques sur lequel repose le pays . L\u2019officiel a invit\u00e9 les r\u00e9cipiendaires \u00e0 faire valoir leur comp\u00e9tence, \u00e0 faire preuve d\u2019int\u00e9grit\u00e9.<\/p>\n<p>Le Commissaire G\u00e9n\u00e9ral de l\u2019Office Togolais des Recettes (OTR), Philippe Kokou TCHODIE a invit\u00e9 les laur\u00e9ats \u00e0 la culture de l\u2019\u00e9thique et \u00e0 servir le pays en mobilisant beaucoup de richesses. En effet, les auditeurs sortis de cette \u00e9cole vont \u0153uvrer pour non seulement la mobilisation des ressources fiscales, mais aussi vont lutter contre la fraude et l&rsquo;\u00e9vasion fiscale.<\/p>\n<p><img decoding=\"async\" class=\"alignnone size-medium wp-image-13944\" src=\"https:\/\/228news.tg\/wp-content\/uploads\/2024\/09\/IMG-20240921-WA0093-1-300x132.jpg\" alt=\"\" width=\"300\" height=\"132\" \/><\/p>\n<p><strong>Promotion Faure Essozimna Gnassingb\u00e9 <\/strong><\/p>\n<p>Selon les explications du Directeur de l\u2019Institut de Formation Fiscale et Douani\u00e8re de l\u2019OTR, le nom port\u00e9 par cette cinqui\u00e8me promotion traduit le soutien du Pr\u00e9sident de la R\u00e9publique, Faure Gnassingb\u00e9 pour l\u2019institut. Il s\u2019explique aussi par la volont\u00e9 des plus hautes autorit\u00e9s \u00e0 la modernisation de l\u2019administration, l\u2019engagement du pays \u00e0 adh\u00e9rer aux meilleures pratiques internationales et \u00e0 la culture de la bonne gouvernance.<\/p>\n<p>Il faut rappeler que trente-cinq (35) agents venus de quinze pays d\u2019Afrique et de la France, ont aussi re\u00e7u leurs attestations de fin de formation. Ces derniers sont les b\u00e9n\u00e9ficiaires de l\u2019acad\u00e9mie de la francophonie que le Togo \u00e0 abriter.<\/p>\n<p>Rappelons que sur les 122 auditeurs pr\u00e9sent\u00e9s par l\u2019IFFD-OTR, 120 sont admis. Ce qui repr\u00e9sente un taux de 98,6 %.<\/p>\n<p>El bicho<\/p>\n<p>&nbsp;<\/p>\n<p>&nbsp;<\/p>\n<p>&nbsp;<\/p>\n<p>&nbsp;<\/p>\n<p>&nbsp;<\/p>\n<p>&nbsp;<\/p>\n<p>&nbsp;<\/p>\n<p>&nbsp;<\/p>\n<p>&nbsp;<\/p>\n","protected":false},"excerpt":{"rendered":"<p>Des attestations de fin de formation pour la cinqui\u00e8me promotion de l\u2019Institut de Formation Fiscale et Douani\u00e8res (IFFD) de l\u2019Office Togolais des Recettes (OTR). Au total, ils sont cent vingt (120) nouveaux dipl\u00f4m\u00e9s pr\u00eats \u00e0 servir le Togo dans plusieurs secteurs de l\u2019administration publique. Baptis\u00e9e promotion Faure Gnassingb\u00e9, ces nouveaux dipl\u00f4m\u00e9s ont re\u00e7u leurs attestations &#8230; <a title=\"IFFD-OTR : La promotion Faure Essozimna Gnassingb\u00e9 V pr\u00eate \u00e0 relever les d\u00e9fis de l\u2019administration publique\" class=\"read-more\" href=\"https:\/\/228news.tg\/index.php\/2024\/09\/23\/iffd-otr-la-promotion-faure-essozimna-gnassingbe-prete-a-relever-les-defis-de-ladministration-publique\/\" aria-label=\"En savoir plus sur IFFD-OTR : La promotion Faure Essozimna Gnassingb\u00e9 V pr\u00eate \u00e0 relever les d\u00e9fis de l\u2019administration publique\">Lire la suite<\/a><\/p>\n","protected":false},"author":2,"featured_media":15066,"comment_status":"open","ping_status":"open","sticky":false,"template":"","format":"chat","meta":{"footnotes":""},"categories":[30,28],"tags":[],"class_list":["post-15091","post","type-post","status-publish","format-chat","has-post-thumbnail","hentry","category-economie","category-education","post_format-post-format-chat"],"yoast_head":"<!-- This site is optimized with the Yoast SEO plugin v26.4 - https:\/\/yoast.com\/wordpress\/plugins\/seo\/ -->\n<title>IFFD-OTR : La promotion Faure Essozimna Gnassingb\u00e9 V pr\u00eate \u00e0 relever les d\u00e9fis de l\u2019administration publique - 228 News<\/title>\n<meta name=\"robots\" content=\"index, follow, max-snippet:-1, max-image-preview:large, max-video-preview:-1\" \/>\n<link rel=\"canonical\" href=\"https:\/\/228news.tg\/index.php\/2024\/09\/23\/iffd-otr-la-promotion-faure-essozimna-gnassingbe-prete-a-relever-les-defis-de-ladministration-publique\/\" \/>\n<meta property=\"og:locale\" content=\"fr_FR\" \/>\n<meta property=\"og:type\" content=\"article\" \/>\n<meta property=\"og:title\" content=\"IFFD-OTR : La promotion Faure Essozimna Gnassingb\u00e9 V pr\u00eate \u00e0 relever les d\u00e9fis de l\u2019administration publique - 228 News\" \/>\n<meta property=\"og:description\" content=\"Des attestations de fin de formation pour la cinqui\u00e8me promotion de l\u2019Institut de Formation Fiscale et Douani\u00e8res (IFFD) de l\u2019Office Togolais des Recettes (OTR). Au total, ils sont cent vingt (120) nouveaux dipl\u00f4m\u00e9s pr\u00eats \u00e0 servir le Togo dans plusieurs secteurs de l\u2019administration publique. Baptis\u00e9e promotion Faure Gnassingb\u00e9, ces nouveaux dipl\u00f4m\u00e9s ont re\u00e7u leurs attestations ... Lire la suite\" \/>\n<meta property=\"og:url\" content=\"https:\/\/228news.tg\/index.php\/2024\/09\/23\/iffd-otr-la-promotion-faure-essozimna-gnassingbe-prete-a-relever-les-defis-de-ladministration-publique\/\" \/>\n<meta property=\"og:site_name\" content=\"228 News\" \/>\n<meta property=\"article:published_time\" content=\"2024-09-23T13:10:25+00:00\" \/>\n<meta property=\"og:image\" content=\"https:\/\/228news.tg\/wp-content\/uploads\/2024\/09\/IMG-20240921-WA0091-1.jpg\" \/>\n\t<meta property=\"og:image:width\" content=\"768\" \/>\n\t<meta property=\"og:image:height\" content=\"512\" \/>\n\t<meta property=\"og:image:type\" content=\"image\/jpeg\" \/>\n<meta name=\"author\" content=\"Bienvenu SAVI\" \/>\n<meta name=\"twitter:card\" content=\"summary_large_image\" \/>\n<meta name=\"twitter:label1\" content=\"\u00c9crit par\" \/>\n\t<meta name=\"twitter:data1\" content=\"Bienvenu SAVI\" \/>\n\t<meta name=\"twitter:label2\" content=\"Dur\u00e9e de lecture estim\u00e9e\" \/>\n\t<meta name=\"twitter:data2\" content=\"3 minutes\" \/>\n<script type=\"application\/ld+json\" class=\"yoast-schema-graph\">{\"@context\":\"https:\/\/schema.org\",\"@graph\":[{\"@type\":\"Article\",\"@id\":\"https:\/\/228news.tg\/index.php\/2024\/09\/23\/iffd-otr-la-promotion-faure-essozimna-gnassingbe-prete-a-relever-les-defis-de-ladministration-publique\/#article\",\"isPartOf\":{\"@id\":\"https:\/\/228news.tg\/index.php\/2024\/09\/23\/iffd-otr-la-promotion-faure-essozimna-gnassingbe-prete-a-relever-les-defis-de-ladministration-publique\/\"},\"author\":{\"name\":\"Bienvenu SAVI\",\"@id\":\"https:\/\/228news.tg\/#\/schema\/person\/68d5a6cc0230290e61235c8379523f52\"},\"headline\":\"IFFD-OTR : La promotion Faure Essozimna Gnassingb\u00e9 V pr\u00eate \u00e0 relever les d\u00e9fis de l\u2019administration publique\",\"datePublished\":\"2024-09-23T13:10:25+00:00\",\"mainEntityOfPage\":{\"@id\":\"https:\/\/228news.tg\/index.php\/2024\/09\/23\/iffd-otr-la-promotion-faure-essozimna-gnassingbe-prete-a-relever-les-defis-de-ladministration-publique\/\"},\"wordCount\":453,\"commentCount\":0,\"publisher\":{\"@id\":\"https:\/\/228news.tg\/#organization\"},\"image\":{\"@id\":\"https:\/\/228news.tg\/index.php\/2024\/09\/23\/iffd-otr-la-promotion-faure-essozimna-gnassingbe-prete-a-relever-les-defis-de-ladministration-publique\/#primaryimage\"},\"thumbnailUrl\":\"https:\/\/228news.tg\/wp-content\/uploads\/2024\/09\/IMG-20240921-WA0091-1.jpg\",\"articleSection\":[\"ECONOMIE\",\"EDUCATION\"],\"inLanguage\":\"fr-FR\",\"potentialAction\":[{\"@type\":\"CommentAction\",\"name\":\"Comment\",\"target\":[\"https:\/\/228news.tg\/index.php\/2024\/09\/23\/iffd-otr-la-promotion-faure-essozimna-gnassingbe-prete-a-relever-les-defis-de-ladministration-publique\/#respond\"]}]},{\"@type\":\"WebPage\",\"@id\":\"https:\/\/228news.tg\/index.php\/2024\/09\/23\/iffd-otr-la-promotion-faure-essozimna-gnassingbe-prete-a-relever-les-defis-de-ladministration-publique\/\",\"url\":\"https:\/\/228news.tg\/index.php\/2024\/09\/23\/iffd-otr-la-promotion-faure-essozimna-gnassingbe-prete-a-relever-les-defis-de-ladministration-publique\/\",\"name\":\"IFFD-OTR : La promotion Faure Essozimna Gnassingb\u00e9 V pr\u00eate \u00e0 relever les d\u00e9fis de l\u2019administration publique - 228 News\",\"isPartOf\":{\"@id\":\"https:\/\/228news.tg\/#website\"},\"primaryImageOfPage\":{\"@id\":\"https:\/\/228news.tg\/index.php\/2024\/09\/23\/iffd-otr-la-promotion-faure-essozimna-gnassingbe-prete-a-relever-les-defis-de-ladministration-publique\/#primaryimage\"},\"image\":{\"@id\":\"https:\/\/228news.tg\/index.php\/2024\/09\/23\/iffd-otr-la-promotion-faure-essozimna-gnassingbe-prete-a-relever-les-defis-de-ladministration-publique\/#primaryimage\"},\"thumbnailUrl\":\"https:\/\/228news.tg\/wp-content\/uploads\/2024\/09\/IMG-20240921-WA0091-1.jpg\",\"datePublished\":\"2024-09-23T13:10:25+00:00\",\"breadcrumb\":{\"@id\":\"https:\/\/228news.tg\/index.php\/2024\/09\/23\/iffd-otr-la-promotion-faure-essozimna-gnassingbe-prete-a-relever-les-defis-de-ladministration-publique\/#breadcrumb\"},\"inLanguage\":\"fr-FR\",\"potentialAction\":[{\"@type\":\"ReadAction\",\"target\":[\"https:\/\/228news.tg\/index.php\/2024\/09\/23\/iffd-otr-la-promotion-faure-essozimna-gnassingbe-prete-a-relever-les-defis-de-ladministration-publique\/\"]}]},{\"@type\":\"ImageObject\",\"inLanguage\":\"fr-FR\",\"@id\":\"https:\/\/228news.tg\/index.php\/2024\/09\/23\/iffd-otr-la-promotion-faure-essozimna-gnassingbe-prete-a-relever-les-defis-de-ladministration-publique\/#primaryimage\",\"url\":\"https:\/\/228news.tg\/wp-content\/uploads\/2024\/09\/IMG-20240921-WA0091-1.jpg\",\"contentUrl\":\"https:\/\/228news.tg\/wp-content\/uploads\/2024\/09\/IMG-20240921-WA0091-1.jpg\",\"width\":768,\"height\":512},{\"@type\":\"BreadcrumbList\",\"@id\":\"https:\/\/228news.tg\/index.php\/2024\/09\/23\/iffd-otr-la-promotion-faure-essozimna-gnassingbe-prete-a-relever-les-defis-de-ladministration-publique\/#breadcrumb\",\"itemListElement\":[{\"@type\":\"ListItem\",\"position\":1,\"name\":\"Home\",\"item\":\"https:\/\/228news.tg\/\"},{\"@type\":\"ListItem\",\"position\":2,\"name\":\"IFFD-OTR : La promotion Faure Essozimna Gnassingb\u00e9 V pr\u00eate \u00e0 relever les d\u00e9fis de l\u2019administration publique\"}]},{\"@type\":\"WebSite\",\"@id\":\"https:\/\/228news.tg\/#website\",\"url\":\"https:\/\/228news.tg\/\",\"name\":\"228 News\",\"description\":\"Soci\u00e9t\u00e9 de m\u00e9dias et d\u2019actualit\u00e9s\",\"publisher\":{\"@id\":\"https:\/\/228news.tg\/#organization\"},\"potentialAction\":[{\"@type\":\"SearchAction\",\"target\":{\"@type\":\"EntryPoint\",\"urlTemplate\":\"https:\/\/228news.tg\/?s={search_term_string}\"},\"query-input\":{\"@type\":\"PropertyValueSpecification\",\"valueRequired\":true,\"valueName\":\"search_term_string\"}}],\"inLanguage\":\"fr-FR\"},{\"@type\":\"Organization\",\"@id\":\"https:\/\/228news.tg\/#organization\",\"name\":\"228 News\",\"url\":\"https:\/\/228news.tg\/\",\"logo\":{\"@type\":\"ImageObject\",\"inLanguage\":\"fr-FR\",\"@id\":\"https:\/\/228news.tg\/#\/schema\/logo\/image\/\",\"url\":\"https:\/\/228news.tg\/wp-content\/uploads\/2024\/09\/logonew.png\",\"contentUrl\":\"https:\/\/228news.tg\/wp-content\/uploads\/2024\/09\/logonew.png\",\"width\":1640,\"height\":364,\"caption\":\"228 News\"},\"image\":{\"@id\":\"https:\/\/228news.tg\/#\/schema\/logo\/image\/\"}},{\"@type\":\"Person\",\"@id\":\"https:\/\/228news.tg\/#\/schema\/person\/68d5a6cc0230290e61235c8379523f52\",\"name\":\"Bienvenu SAVI\",\"image\":{\"@type\":\"ImageObject\",\"inLanguage\":\"fr-FR\",\"@id\":\"https:\/\/228news.tg\/#\/schema\/person\/image\/\",\"url\":\"https:\/\/secure.gravatar.com\/avatar\/9db91895c559e510509c33a3e9683998458e9b828fac36d5d1aa23f0f2fd369b?s=96&d=mm&r=g\",\"contentUrl\":\"https:\/\/secure.gravatar.com\/avatar\/9db91895c559e510509c33a3e9683998458e9b828fac36d5d1aa23f0f2fd369b?s=96&d=mm&r=g\",\"caption\":\"Bienvenu SAVI\"},\"url\":\"https:\/\/228news.tg\/index.php\/author\/bienvenu\/\"}]}<\/script>\n<!-- \/ Yoast SEO plugin. -->","yoast_head_json":{"title":"IFFD-OTR : La promotion Faure Essozimna Gnassingb\u00e9 V pr\u00eate \u00e0 relever les d\u00e9fis de l\u2019administration publique - 228 News","robots":{"index":"index","follow":"follow","max-snippet":"max-snippet:-1","max-image-preview":"max-image-preview:large","max-video-preview":"max-video-preview:-1"},"canonical":"https:\/\/228news.tg\/index.php\/2024\/09\/23\/iffd-otr-la-promotion-faure-essozimna-gnassingbe-prete-a-relever-les-defis-de-ladministration-publique\/","og_locale":"fr_FR","og_type":"article","og_title":"IFFD-OTR : La promotion Faure Essozimna Gnassingb\u00e9 V pr\u00eate \u00e0 relever les d\u00e9fis de l\u2019administration publique - 228 News","og_description":"Des attestations de fin de formation pour la cinqui\u00e8me promotion de l\u2019Institut de Formation Fiscale et Douani\u00e8res (IFFD) de l\u2019Office Togolais des Recettes (OTR). Au total, ils sont cent vingt (120) nouveaux dipl\u00f4m\u00e9s pr\u00eats \u00e0 servir le Togo dans plusieurs secteurs de l\u2019administration publique. Baptis\u00e9e promotion Faure Gnassingb\u00e9, ces nouveaux dipl\u00f4m\u00e9s ont re\u00e7u leurs attestations ... Lire la suite","og_url":"https:\/\/228news.tg\/index.php\/2024\/09\/23\/iffd-otr-la-promotion-faure-essozimna-gnassingbe-prete-a-relever-les-defis-de-ladministration-publique\/","og_site_name":"228 News","article_published_time":"2024-09-23T13:10:25+00:00","og_image":[{"width":768,"height":512,"url":"https:\/\/228news.tg\/wp-content\/uploads\/2024\/09\/IMG-20240921-WA0091-1.jpg","type":"image\/jpeg"}],"author":"Bienvenu SAVI","twitter_card":"summary_large_image","twitter_misc":{"\u00c9crit par":"Bienvenu SAVI","Dur\u00e9e de lecture estim\u00e9e":"3 minutes"},"schema":{"@context":"https:\/\/schema.org","@graph":[{"@type":"Article","@id":"https:\/\/228news.tg\/index.php\/2024\/09\/23\/iffd-otr-la-promotion-faure-essozimna-gnassingbe-prete-a-relever-les-defis-de-ladministration-publique\/#article","isPartOf":{"@id":"https:\/\/228news.tg\/index.php\/2024\/09\/23\/iffd-otr-la-promotion-faure-essozimna-gnassingbe-prete-a-relever-les-defis-de-ladministration-publique\/"},"author":{"name":"Bienvenu SAVI","@id":"https:\/\/228news.tg\/#\/schema\/person\/68d5a6cc0230290e61235c8379523f52"},"headline":"IFFD-OTR : La promotion Faure Essozimna Gnassingb\u00e9 V pr\u00eate \u00e0 relever les d\u00e9fis de l\u2019administration publique","datePublished":"2024-09-23T13:10:25+00:00","mainEntityOfPage":{"@id":"https:\/\/228news.tg\/index.php\/2024\/09\/23\/iffd-otr-la-promotion-faure-essozimna-gnassingbe-prete-a-relever-les-defis-de-ladministration-publique\/"},"wordCount":453,"commentCount":0,"publisher":{"@id":"https:\/\/228news.tg\/#organization"},"image":{"@id":"https:\/\/228news.tg\/index.php\/2024\/09\/23\/iffd-otr-la-promotion-faure-essozimna-gnassingbe-prete-a-relever-les-defis-de-ladministration-publique\/#primaryimage"},"thumbnailUrl":"https:\/\/228news.tg\/wp-content\/uploads\/2024\/09\/IMG-20240921-WA0091-1.jpg","articleSection":["ECONOMIE","EDUCATION"],"inLanguage":"fr-FR","potentialAction":[{"@type":"CommentAction","name":"Comment","target":["https:\/\/228news.tg\/index.php\/2024\/09\/23\/iffd-otr-la-promotion-faure-essozimna-gnassingbe-prete-a-relever-les-defis-de-ladministration-publique\/#respond"]}]},{"@type":"WebPage","@id":"https:\/\/228news.tg\/index.php\/2024\/09\/23\/iffd-otr-la-promotion-faure-essozimna-gnassingbe-prete-a-relever-les-defis-de-ladministration-publique\/","url":"https:\/\/228news.tg\/index.php\/2024\/09\/23\/iffd-otr-la-promotion-faure-essozimna-gnassingbe-prete-a-relever-les-defis-de-ladministration-publique\/","name":"IFFD-OTR : La promotion Faure Essozimna Gnassingb\u00e9 V pr\u00eate \u00e0 relever les d\u00e9fis de l\u2019administration publique - 228 News","isPartOf":{"@id":"https:\/\/228news.tg\/#website"},"primaryImageOfPage":{"@id":"https:\/\/228news.tg\/index.php\/2024\/09\/23\/iffd-otr-la-promotion-faure-essozimna-gnassingbe-prete-a-relever-les-defis-de-ladministration-publique\/#primaryimage"},"image":{"@id":"https:\/\/228news.tg\/index.php\/2024\/09\/23\/iffd-otr-la-promotion-faure-essozimna-gnassingbe-prete-a-relever-les-defis-de-ladministration-publique\/#primaryimage"},"thumbnailUrl":"https:\/\/228news.tg\/wp-content\/uploads\/2024\/09\/IMG-20240921-WA0091-1.jpg","datePublished":"2024-09-23T13:10:25+00:00","breadcrumb":{"@id":"https:\/\/228news.tg\/index.php\/2024\/09\/23\/iffd-otr-la-promotion-faure-essozimna-gnassingbe-prete-a-relever-les-defis-de-ladministration-publique\/#breadcrumb"},"inLanguage":"fr-FR","potentialAction":[{"@type":"ReadAction","target":["https:\/\/228news.tg\/index.php\/2024\/09\/23\/iffd-otr-la-promotion-faure-essozimna-gnassingbe-prete-a-relever-les-defis-de-ladministration-publique\/"]}]},{"@type":"ImageObject","inLanguage":"fr-FR","@id":"https:\/\/228news.tg\/index.php\/2024\/09\/23\/iffd-otr-la-promotion-faure-essozimna-gnassingbe-prete-a-relever-les-defis-de-ladministration-publique\/#primaryimage","url":"https:\/\/228news.tg\/wp-content\/uploads\/2024\/09\/IMG-20240921-WA0091-1.jpg","contentUrl":"https:\/\/228news.tg\/wp-content\/uploads\/2024\/09\/IMG-20240921-WA0091-1.jpg","width":768,"height":512},{"@type":"BreadcrumbList","@id":"https:\/\/228news.tg\/index.php\/2024\/09\/23\/iffd-otr-la-promotion-faure-essozimna-gnassingbe-prete-a-relever-les-defis-de-ladministration-publique\/#breadcrumb","itemListElement":[{"@type":"ListItem","position":1,"name":"Home","item":"https:\/\/228news.tg\/"},{"@type":"ListItem","position":2,"name":"IFFD-OTR : La promotion Faure Essozimna Gnassingb\u00e9 V pr\u00eate \u00e0 relever les d\u00e9fis de l\u2019administration publique"}]},{"@type":"WebSite","@id":"https:\/\/228news.tg\/#website","url":"https:\/\/228news.tg\/","name":"228 News","description":"Soci\u00e9t\u00e9 de m\u00e9dias et d\u2019actualit\u00e9s","publisher":{"@id":"https:\/\/228news.tg\/#organization"},"potentialAction":[{"@type":"SearchAction","target":{"@type":"EntryPoint","urlTemplate":"https:\/\/228news.tg\/?s={search_term_string}"},"query-input":{"@type":"PropertyValueSpecification","valueRequired":true,"valueName":"search_term_string"}}],"inLanguage":"fr-FR"},{"@type":"Organization","@id":"https:\/\/228news.tg\/#organization","name":"228 News","url":"https:\/\/228news.tg\/","logo":{"@type":"ImageObject","inLanguage":"fr-FR","@id":"https:\/\/228news.tg\/#\/schema\/logo\/image\/","url":"https:\/\/228news.tg\/wp-content\/uploads\/2024\/09\/logonew.png","contentUrl":"https:\/\/228news.tg\/wp-content\/uploads\/2024\/09\/logonew.png","width":1640,"height":364,"caption":"228 News"},"image":{"@id":"https:\/\/228news.tg\/#\/schema\/logo\/image\/"}},{"@type":"Person","@id":"https:\/\/228news.tg\/#\/schema\/person\/68d5a6cc0230290e61235c8379523f52","name":"Bienvenu SAVI","image":{"@type":"ImageObject","inLanguage":"fr-FR","@id":"https:\/\/228news.tg\/#\/schema\/person\/image\/","url":"https:\/\/secure.gravatar.com\/avatar\/9db91895c559e510509c33a3e9683998458e9b828fac36d5d1aa23f0f2fd369b?s=96&d=mm&r=g","contentUrl":"https:\/\/secure.gravatar.com\/avatar\/9db91895c559e510509c33a3e9683998458e9b828fac36d5d1aa23f0f2fd369b?s=96&d=mm&r=g","caption":"Bienvenu SAVI"},"url":"https:\/\/228news.tg\/index.php\/author\/bienvenu\/"}]}},"jetpack_featured_media_url":"https:\/\/228news.tg\/wp-content\/uploads\/2024\/09\/IMG-20240921-WA0091-1.jpg","_links":{"self":[{"href":"https:\/\/228news.tg\/index.php\/wp-json\/wp\/v2\/posts\/15091","targetHints":{"allow":["GET"]}}],"collection":[{"href":"https:\/\/228news.tg\/index.php\/wp-json\/wp\/v2\/posts"}],"about":[{"href":"https:\/\/228news.tg\/index.php\/wp-json\/wp\/v2\/types\/post"}],"author":[{"embeddable":true,"href":"https:\/\/228news.tg\/index.php\/wp-json\/wp\/v2\/users\/2"}],"replies":[{"embeddable":true,"href":"https:\/\/228news.tg\/index.php\/wp-json\/wp\/v2\/comments?post=15091"}],"version-history":[{"count":0,"href":"https:\/\/228news.tg\/index.php\/wp-json\/wp\/v2\/posts\/15091\/revisions"}],"wp:featuredmedia":[{"embeddable":true,"href":"https:\/\/228news.tg\/index.php\/wp-json\/wp\/v2\/media\/15066"}],"wp:attachment":[{"href":"https:\/\/228news.tg\/index.php\/wp-json\/wp\/v2\/media?parent=15091"}],"wp:term":[{"taxonomy":"category","embeddable":true,"href":"https:\/\/228news.tg\/index.php\/wp-json\/wp\/v2\/categories?post=15091"},{"taxonomy":"post_tag","embeddable":true,"href":"https:\/\/228news.tg\/index.php\/wp-json\/wp\/v2\/tags?post=15091"}],"curies":[{"name":"wp","href":"https:\/\/api.w.org\/{rel}","templated":true}]}}